{"id":63532,"date":"2025-09-06T11:49:08","date_gmt":"2025-09-06T09:49:08","guid":{"rendered":"https:\/\/schoenstatt.com\/?p=63532"},"modified":"2025-09-06T11:56:32","modified_gmt":"2025-09-06T09:56:32","slug":"eine-ganz-besondere-frage-an-den-heiligen-vater","status":"publish","type":"post","link":"https:\/\/schoenstatt.com\/de\/eine-ganz-besondere-frage-an-den-heiligen-vater\/","title":{"rendered":"Eine ganz besondere Frage an den Heiligen Vater"},"content":{"rendered":"\n<p>Wenn Sie als Theologe die M\u00f6glichkeit h\u00e4tten, den Papst zu treffen, w\u00fcrden Sie die Gelegenheit sicherlich nutzen, um ihm eine tiefgr\u00fcndige theologische Frage zu stellen, oder? \u2013 Oder vielleicht auch nicht!<\/p>\n\n\n\n<p>Frau Pierina Monte Riso, Mitglied des <a href=\"https:\/\/schoenstatt.com\/de\/in-gemeinschaft\/frauen\/saekularinstitut-der-frauen-von-schoenstatt\/\">S\u00e4kularinstituts Frauen von Sch\u00f6nstatt<\/a>, hatte am 20. August diese Gelegenheit. Sie ist Doktorandin der Theologie und entschied sich f\u00fcr eine komplexe, aber \u201emenschliche\u201d, sensible Frage, die gro\u00dfe Verletzlichkeit zum Ausdruck bringt und gleichzeitig von gro\u00dfer Bedeutung ist.<\/p>\n\n\n\n<div style=\"height:28px\" aria-hidden=\"true\" class=\"wp-block-spacer\"><\/div>\n\n\n\n<div class=\"wp-block-buttons is-content-justification-center is-layout-flex wp-container-core-buttons-is-layout-a89b3969 wp-block-buttons-is-layout-flex\">\n<div class=\"wp-block-button\"><a class=\"wp-block-button__link has-white-color has-text-color has-background has-link-color wp-element-button\" href=\"https:\/\/youtu.be\/4AbM7RBtdoI?si=N0i4XIpCaZs_WjjY&amp;t=3780\" style=\"border-style:none;border-width:0px;border-radius:10px;background-color:#e4902a\" target=\"_blank\" rel=\"noreferrer noopener\"><strong>Vollst\u00e4ndiges Video der Begegnung<\/strong><\/a><\/div>\n<\/div>\n\n\n\n<div style=\"height:28px\" aria-hidden=\"true\" class=\"wp-block-spacer\"><\/div>\n\n\n\n<p><strong>Pierina Monte Riso <\/strong>stammt aus San Luis in Argentinien und promoviert derzeit in Dogmatischer Theologie an der P\u00e4pstlichen Universit\u00e4t Gregoriana in Rom. Am 20. August war sie zusammen mit einer Menschenmenge in der Aula Paul VI. und hatte w\u00e4hrend der Generalaudienz die Gelegenheit, Papst Leo XIV. zu begr\u00fc\u00dfen.<\/p>\n\n\n\n<figure class=\"wp-block-image aligncenter size-full\"><img decoding=\"async\" src=\"https:\/\/schoenstatt.com\/wp-content\/uploads\/2025\/09\/Pope-Leo-XIV-Pierina-Monte-Riso-3-scaled.jpg\" alt=\"\" class=\"wp-image-63498\"\/><figcaption class=\"wp-element-caption\">Fotos: @Vatican Media<\/figcaption><\/figure>\n\n\n\n<p>Pierina erz\u00e4hlt: <em>\u201eEs war sehr bewegend. Es war ein Geschenk der Barmherzigkeit Gottes. Ich f\u00fchlte mich ihm kindlich verbunden. Ich war beeindruckt von seinem aufmerksamen und aktiven Zuh\u00f6ren sowie seinem Interesse an dem, was ich sagte. Wir haben uns nicht nur begr\u00fc\u00dft, sondern auch unterhalten.\u201c<\/em><\/p>\n\n\n\n<h3 class=\"wp-block-heading\" id=\"h-darf-ich-ihnen-eine-frage-stellen\">Darf ich Ihnen eine Frage stellen?<\/h3>\n\n\n\n<figure class=\"wp-block-image aligncenter size-full\"><img decoding=\"async\" src=\"https:\/\/schoenstatt.com\/wp-content\/uploads\/2025\/09\/Pope-Leo-XIV-Pierina-Monte-Riso-2.jpg\" alt=\"\" class=\"wp-image-63521\"\/><\/figure>\n\n\n\n<p>Mit dem Bild der Pilgernden Gottesmutter von Sch\u00f6nstatt in den H\u00e4nden traf Pierina den Papst, wie sie selbst erz\u00e4hlt.<\/p>\n\n\n\n<figure class=\"wp-block-pullquote has-medium-font-size\" style=\"border-top-color:var(--wp--preset--color--luminous-vivid-orange);border-top-style:solid;border-top-width:1px;border-bottom-color:var(--wp--preset--color--luminous-vivid-orange);border-bottom-style:solid;border-bottom-width:1px;font-style:italic;font-weight:300\"><blockquote><p>\u201eZuerst stellte ich mich vor, sagte, dass ich eine geweihte Laiin bin und zur Sch\u00f6nstattbewegung geh\u00f6re. Er zeigte auf das Bild und sagte: &#8218;Ah, ja, Sch\u00f6nstatt!&#8216; Da sagte ich: &#8218;Heiliger Vater, darf ich Ihnen eine Frage stellen und Ihnen ein Geschenk machen?&#8216;<br>Ich stellte eine ganz konkrete Frage: &#8218;Wie bereitet man sein Herz darauf vor, seine Eltern in einer schweren Krankheit zu begleiten?&#8216; Ich zeigte ihm ein Foto meiner Mutter und erz\u00e4hlte ihm, dass sie Lungenkrebs mit Metastasen hat und dass mein Vater Dialysepatient ist und eine Nierentransplantation ben\u00f6tigt. Daraufhin sagte er mir, ich solle auf die Gottesmutter schauen, denn in ihr liegen alle Antworten. Er sagte, Maria sei die Frau des Ja, der Hingabe, der Treue und der Annahme. Dann sagte er mir, es sei sehr wichtig, das Unvermeidliche anzunehmen, da wir alle irgendwann krank werden oder sterben w\u00fcrden. Es sei ebenfalls sehr wichtig, an die Ewigkeit zu glauben. Er sagte mir, dass das ewige Leben real sei. Schlie\u00dflich sagte er mir, dass er f\u00fcr mich beten und Gott um Mut und Kraft f\u00fcr diese Lebensphase bitten w\u00fcrde.<br>Dann sagte ich ihm, dass ich ein Geschenk f\u00fcr ihn habe: einen Rosenkranz und eine Karte mit den Geheimnissen der Barmherzigkeit. Diese Geheimnisse haben wir in unserem Kurs im Institut der Frauen von Sch\u00f6nstatt f\u00fcr unsere ewige Weihe erstellt. Er hielt inne, um die Geheimnisse zu betrachten, insbesondere das Wort \u201eBARMHERZIGKEIT\u201c, und l\u00e4chelte.<br>Ich hatte das Bild der Pilgernden Gottesmutter dabei, um in dieser schwierigen Zeit besonders f\u00fcr meine Eltern zu beten. Dann bat ich um den Segen. Er machte das Kreuzzeichen auf meiner Stirn und damit war das Treffen beendet.\u201c<\/p><\/blockquote><\/figure>\n\n\n\n<figure class=\"wp-block-gallery has-nested-images columns-default is-cropped wp-block-gallery-1 is-layout-flex wp-block-gallery-is-layout-flex\">\n<figure class=\"wp-block-image size-large\"><img decoding=\"async\" data-id=\"63504\" src=\"https:\/\/schoenstatt.com\/wp-content\/uploads\/2025\/09\/Pope-Leo-XIV-Pierina-Monte-Riso-4.jpg\" alt=\"\" class=\"wp-image-63504\"\/><\/figure>\n\n\n\n<figure class=\"wp-block-image size-large\"><img decoding=\"async\" data-id=\"63509\" src=\"https:\/\/schoenstatt.com\/wp-content\/uploads\/2025\/09\/Pope-Leo-XIV-Pierina-Monte-Riso-5.jpg\" alt=\"\" class=\"wp-image-63509\"\/><\/figure>\n<\/figure>\n\n\n\n<h3 class=\"wp-block-heading\" id=\"h-ein-zeichen-der-liebevollen-vaterschaft-gottes\">Ein Zeichen der liebevollen Vaterschaft Gottes<\/h3>\n\n\n\n<p>Das Studienthema von Frau Pierina steht im Zusammenhang mit der Kindschaft. Auch wenn sich das Gespr\u00e4ch mit dem Papst nicht um die Forschung drehte, sp\u00fcrte sie bei dieser Begegnung sicherlich, dass die g\u00f6ttliche Vaterschaft Realit\u00e4t ist und ein Hinweis darauf, dass sie weiterhin eine geliebte und bevorzugte Tochter des Vaters ist.<\/p>\n\n\n\n<figure class=\"wp-block-image aligncenter size-full\"><img decoding=\"async\" src=\"https:\/\/schoenstatt.com\/wp-content\/uploads\/2025\/09\/Pope-Leo-XIV-Pierina-Monte-Riso.jpg\" alt=\"\" class=\"wp-image-63516\"\/><\/figure>\n\n\n\n<p><strong>\u00dcbersetzung:<\/strong> Sr. M. Lourdes Mac\u00edas<br><strong>Lektorat: <\/strong>Hildegard Kaiser<\/p>\n","protected":false},"excerpt":{"rendered":"<p>Frau Pierina Monte Riso vom Institut der Frauen von Sch\u00f6nstatt hatte die Gelegenheit, Papst Leo XIV. zu begr\u00fc\u00dfen.<\/p>\n","protected":false},"author":3,"featured_media":63517,"comment_status":"closed","ping_status":"closed","sticky":false,"template":"","format":"standard","meta":{"footnotes":""},"categories":[851,907],"tags":[],"class_list":["post-63532","post","type-post","status-publish","format-standard","has-post-thumbnail","hentry","category-kirche-de","category-schoenstatt-gemeinschaften-de"],"yoast_head":"<!-- This site is optimized with the Yoast SEO Premium plugin v27.4 (Yoast SEO v27.5) - https:\/\/yoast.com\/product\/yoast-seo-premium-wordpress\/ -->\n<title>Eine ganz besondere Frage an den Heiligen Vater - Schoenstatt<\/title>\n<meta name=\"description\" content=\"Frau Pierina Monte Riso vom Institut der Frauen von Sch\u00f6nstatt hatte die Gelegenheit, Papst Leo XIV. zu begr\u00fc\u00dfen.\" \/>\n<meta name=\"robots\" content=\"index, follow, max-snippet:-1, max-image-preview:large, max-video-preview:-1\" \/>\n<link rel=\"canonical\" href=\"https:\/\/schoenstatt.com\/de\/eine-ganz-besondere-frage-an-den-heiligen-vater\/\" \/>\n<meta property=\"og:locale\" content=\"de_DE\" \/>\n<meta property=\"og:type\" content=\"article\" \/>\n<meta property=\"og:title\" content=\"Eine ganz besondere Frage an den Heiligen Vater\" \/>\n<meta property=\"og:description\" content=\"Frau Pierina Monte Riso vom Institut der Frauen von Sch\u00f6nstatt hatte die Gelegenheit, Papst Leo XIV. zu begr\u00fc\u00dfen.\" \/>\n<meta property=\"og:url\" content=\"https:\/\/schoenstatt.com\/de\/eine-ganz-besondere-frage-an-den-heiligen-vater\/\" \/>\n<meta property=\"og:site_name\" content=\"Schoenstatt\" \/>\n<meta property=\"article:published_time\" content=\"2025-09-06T09:49:08+00:00\" \/>\n<meta property=\"article:modified_time\" content=\"2025-09-06T09:56:32+00:00\" \/>\n<meta property=\"og:image\" content=\"https:\/\/schoenstatt.com\/wp-content\/uploads\/2025\/09\/Pope-Leo-XIV-Pierina-Monte-Riso.webp\" \/>\n\t<meta property=\"og:image:width\" content=\"2048\" \/>\n\t<meta property=\"og:image:height\" content=\"1410\" \/>\n\t<meta property=\"og:image:type\" content=\"image\/jpeg\" \/>\n<meta name=\"author\" content=\"Karen Bueno\" \/>\n<meta name=\"twitter:card\" content=\"summary_large_image\" \/>\n<meta name=\"twitter:label1\" content=\"Verfasst von\" \/>\n\t<meta name=\"twitter:data1\" content=\"Karen Bueno\" \/>\n\t<meta name=\"twitter:label2\" content=\"Gesch\u00e4tzte Lesezeit\" \/>\n\t<meta name=\"twitter:data2\" content=\"3\u00a0Minuten\" \/>\n<script type=\"application\/ld+json\" class=\"yoast-schema-graph\">{\"@context\":\"https:\\\/\\\/schema.org\",\"@graph\":[{\"@type\":\"Article\",\"@id\":\"https:\\\/\\\/schoenstatt.com\\\/de\\\/eine-ganz-besondere-frage-an-den-heiligen-vater\\\/#article\",\"isPartOf\":{\"@id\":\"https:\\\/\\\/schoenstatt.com\\\/de\\\/eine-ganz-besondere-frage-an-den-heiligen-vater\\\/\"},\"author\":{\"name\":\"Karen Bueno\",\"@id\":\"https:\\\/\\\/schoenstatt.com\\\/de\\\/#\\\/schema\\\/person\\\/5158877ad4acae98b34daaeef2a1ce6e\"},\"headline\":\"Eine ganz besondere Frage an den Heiligen Vater\",\"datePublished\":\"2025-09-06T09:49:08+00:00\",\"dateModified\":\"2025-09-06T09:56:32+00:00\",\"mainEntityOfPage\":{\"@id\":\"https:\\\/\\\/schoenstatt.com\\\/de\\\/eine-ganz-besondere-frage-an-den-heiligen-vater\\\/\"},\"wordCount\":580,\"publisher\":{\"@id\":\"https:\\\/\\\/schoenstatt.com\\\/de\\\/#organization\"},\"image\":{\"@id\":\"https:\\\/\\\/schoenstatt.com\\\/de\\\/eine-ganz-besondere-frage-an-den-heiligen-vater\\\/#primaryimage\"},\"thumbnailUrl\":\"https:\\\/\\\/schoenstatt.com\\\/wp-content\\\/uploads\\\/2025\\\/09\\\/Pope-Leo-XIV-Pierina-Monte-Riso.webp\",\"articleSection\":[\"Kirche\",\"Schoenstatt Gemeinschaften\"],\"inLanguage\":\"de\"},{\"@type\":\"WebPage\",\"@id\":\"https:\\\/\\\/schoenstatt.com\\\/de\\\/eine-ganz-besondere-frage-an-den-heiligen-vater\\\/\",\"url\":\"https:\\\/\\\/schoenstatt.com\\\/de\\\/eine-ganz-besondere-frage-an-den-heiligen-vater\\\/\",\"name\":\"Eine ganz besondere Frage an den Heiligen Vater - Schoenstatt\",\"isPartOf\":{\"@id\":\"https:\\\/\\\/schoenstatt.com\\\/de\\\/#website\"},\"primaryImageOfPage\":{\"@id\":\"https:\\\/\\\/schoenstatt.com\\\/de\\\/eine-ganz-besondere-frage-an-den-heiligen-vater\\\/#primaryimage\"},\"image\":{\"@id\":\"https:\\\/\\\/schoenstatt.com\\\/de\\\/eine-ganz-besondere-frage-an-den-heiligen-vater\\\/#primaryimage\"},\"thumbnailUrl\":\"https:\\\/\\\/schoenstatt.com\\\/wp-content\\\/uploads\\\/2025\\\/09\\\/Pope-Leo-XIV-Pierina-Monte-Riso.webp\",\"datePublished\":\"2025-09-06T09:49:08+00:00\",\"dateModified\":\"2025-09-06T09:56:32+00:00\",\"description\":\"Frau Pierina Monte Riso vom Institut der Frauen von Sch\u00f6nstatt hatte die Gelegenheit, Papst Leo XIV. zu begr\u00fc\u00dfen.\",\"breadcrumb\":{\"@id\":\"https:\\\/\\\/schoenstatt.com\\\/de\\\/eine-ganz-besondere-frage-an-den-heiligen-vater\\\/#breadcrumb\"},\"inLanguage\":\"de\",\"potentialAction\":[{\"@type\":\"ReadAction\",\"target\":[\"https:\\\/\\\/schoenstatt.com\\\/de\\\/eine-ganz-besondere-frage-an-den-heiligen-vater\\\/\"]}]},{\"@type\":\"ImageObject\",\"inLanguage\":\"de\",\"@id\":\"https:\\\/\\\/schoenstatt.com\\\/de\\\/eine-ganz-besondere-frage-an-den-heiligen-vater\\\/#primaryimage\",\"url\":\"https:\\\/\\\/schoenstatt.com\\\/wp-content\\\/uploads\\\/2025\\\/09\\\/Pope-Leo-XIV-Pierina-Monte-Riso.webp\",\"contentUrl\":\"https:\\\/\\\/schoenstatt.com\\\/wp-content\\\/uploads\\\/2025\\\/09\\\/Pope-Leo-XIV-Pierina-Monte-Riso.webp\",\"width\":2048,\"height\":1410},{\"@type\":\"BreadcrumbList\",\"@id\":\"https:\\\/\\\/schoenstatt.com\\\/de\\\/eine-ganz-besondere-frage-an-den-heiligen-vater\\\/#breadcrumb\",\"itemListElement\":[{\"@type\":\"ListItem\",\"position\":1,\"name\":\"Portada\",\"item\":\"https:\\\/\\\/schoenstatt.com\\\/de\\\/home\\\/\"},{\"@type\":\"ListItem\",\"position\":2,\"name\":\"Eine ganz besondere Frage an den Heiligen Vater\"}]},{\"@type\":\"WebSite\",\"@id\":\"https:\\\/\\\/schoenstatt.com\\\/de\\\/#website\",\"url\":\"https:\\\/\\\/schoenstatt.com\\\/de\\\/\",\"name\":\"Schoenstatt\",\"description\":\"Apostolic Movement\",\"publisher\":{\"@id\":\"https:\\\/\\\/schoenstatt.com\\\/de\\\/#organization\"},\"potentialAction\":[{\"@type\":\"SearchAction\",\"target\":{\"@type\":\"EntryPoint\",\"urlTemplate\":\"https:\\\/\\\/schoenstatt.com\\\/de\\\/?s={search_term_string}\"},\"query-input\":{\"@type\":\"PropertyValueSpecification\",\"valueRequired\":true,\"valueName\":\"search_term_string\"}}],\"inLanguage\":\"de\"},{\"@type\":\"Organization\",\"@id\":\"https:\\\/\\\/schoenstatt.com\\\/de\\\/#organization\",\"name\":\"Schoenstatt\",\"url\":\"https:\\\/\\\/schoenstatt.com\\\/de\\\/\",\"logo\":{\"@type\":\"ImageObject\",\"inLanguage\":\"de\",\"@id\":\"https:\\\/\\\/schoenstatt.com\\\/de\\\/#\\\/schema\\\/logo\\\/image\\\/\",\"url\":\"https:\\\/\\\/schoenstatt.com\\\/wp-content\\\/uploads\\\/2025\\\/04\\\/logo-schoenstatt-white-696x696-1.png\",\"contentUrl\":\"https:\\\/\\\/schoenstatt.com\\\/wp-content\\\/uploads\\\/2025\\\/04\\\/logo-schoenstatt-white-696x696-1.png\",\"width\":696,\"height\":694,\"caption\":\"Schoenstatt\"},\"image\":{\"@id\":\"https:\\\/\\\/schoenstatt.com\\\/de\\\/#\\\/schema\\\/logo\\\/image\\\/\"}},{\"@type\":\"Person\",\"@id\":\"https:\\\/\\\/schoenstatt.com\\\/de\\\/#\\\/schema\\\/person\\\/5158877ad4acae98b34daaeef2a1ce6e\",\"name\":\"Karen Bueno\",\"image\":{\"@type\":\"ImageObject\",\"inLanguage\":\"de\",\"@id\":\"https:\\\/\\\/secure.gravatar.com\\\/avatar\\\/f9f4b823873154269d2b2130f195f6d41037dd0d7fc5f3cacb5c846bae70d66b?s=96&d=mm&r=g\",\"url\":\"https:\\\/\\\/secure.gravatar.com\\\/avatar\\\/f9f4b823873154269d2b2130f195f6d41037dd0d7fc5f3cacb5c846bae70d66b?s=96&d=mm&r=g\",\"contentUrl\":\"https:\\\/\\\/secure.gravatar.com\\\/avatar\\\/f9f4b823873154269d2b2130f195f6d41037dd0d7fc5f3cacb5c846bae70d66b?s=96&d=mm&r=g\",\"caption\":\"Karen Bueno\"},\"url\":\"https:\\\/\\\/schoenstatt.com\\\/de\\\/author\\\/karen-bueno\\\/\"}]}<\/script>\n<!-- \/ Yoast SEO Premium plugin. -->","yoast_head_json":{"title":"Eine ganz besondere Frage an den Heiligen Vater - Schoenstatt","description":"Frau Pierina Monte Riso vom Institut der Frauen von Sch\u00f6nstatt hatte die Gelegenheit, Papst Leo XIV. zu begr\u00fc\u00dfen.","robots":{"index":"index","follow":"follow","max-snippet":"max-snippet:-1","max-image-preview":"max-image-preview:large","max-video-preview":"max-video-preview:-1"},"canonical":"https:\/\/schoenstatt.com\/de\/eine-ganz-besondere-frage-an-den-heiligen-vater\/","og_locale":"de_DE","og_type":"article","og_title":"Eine ganz besondere Frage an den Heiligen Vater","og_description":"Frau Pierina Monte Riso vom Institut der Frauen von Sch\u00f6nstatt hatte die Gelegenheit, Papst Leo XIV. zu begr\u00fc\u00dfen.","og_url":"https:\/\/schoenstatt.com\/de\/eine-ganz-besondere-frage-an-den-heiligen-vater\/","og_site_name":"Schoenstatt","article_published_time":"2025-09-06T09:49:08+00:00","article_modified_time":"2025-09-06T09:56:32+00:00","og_image":[{"width":2048,"height":1410,"url":"https:\/\/schoenstatt.com\/wp-content\/uploads\/2025\/09\/Pope-Leo-XIV-Pierina-Monte-Riso.webp","type":"image\/jpeg"}],"author":"Karen Bueno","twitter_card":"summary_large_image","twitter_misc":{"Verfasst von":"Karen Bueno","Gesch\u00e4tzte Lesezeit":"3\u00a0Minuten"},"schema":{"@context":"https:\/\/schema.org","@graph":[{"@type":"Article","@id":"https:\/\/schoenstatt.com\/de\/eine-ganz-besondere-frage-an-den-heiligen-vater\/#article","isPartOf":{"@id":"https:\/\/schoenstatt.com\/de\/eine-ganz-besondere-frage-an-den-heiligen-vater\/"},"author":{"name":"Karen Bueno","@id":"https:\/\/schoenstatt.com\/de\/#\/schema\/person\/5158877ad4acae98b34daaeef2a1ce6e"},"headline":"Eine ganz besondere Frage an den Heiligen Vater","datePublished":"2025-09-06T09:49:08+00:00","dateModified":"2025-09-06T09:56:32+00:00","mainEntityOfPage":{"@id":"https:\/\/schoenstatt.com\/de\/eine-ganz-besondere-frage-an-den-heiligen-vater\/"},"wordCount":580,"publisher":{"@id":"https:\/\/schoenstatt.com\/de\/#organization"},"image":{"@id":"https:\/\/schoenstatt.com\/de\/eine-ganz-besondere-frage-an-den-heiligen-vater\/#primaryimage"},"thumbnailUrl":"https:\/\/schoenstatt.com\/wp-content\/uploads\/2025\/09\/Pope-Leo-XIV-Pierina-Monte-Riso.webp","articleSection":["Kirche","Schoenstatt Gemeinschaften"],"inLanguage":"de"},{"@type":"WebPage","@id":"https:\/\/schoenstatt.com\/de\/eine-ganz-besondere-frage-an-den-heiligen-vater\/","url":"https:\/\/schoenstatt.com\/de\/eine-ganz-besondere-frage-an-den-heiligen-vater\/","name":"Eine ganz besondere Frage an den Heiligen Vater - Schoenstatt","isPartOf":{"@id":"https:\/\/schoenstatt.com\/de\/#website"},"primaryImageOfPage":{"@id":"https:\/\/schoenstatt.com\/de\/eine-ganz-besondere-frage-an-den-heiligen-vater\/#primaryimage"},"image":{"@id":"https:\/\/schoenstatt.com\/de\/eine-ganz-besondere-frage-an-den-heiligen-vater\/#primaryimage"},"thumbnailUrl":"https:\/\/schoenstatt.com\/wp-content\/uploads\/2025\/09\/Pope-Leo-XIV-Pierina-Monte-Riso.webp","datePublished":"2025-09-06T09:49:08+00:00","dateModified":"2025-09-06T09:56:32+00:00","description":"Frau Pierina Monte Riso vom Institut der Frauen von Sch\u00f6nstatt hatte die Gelegenheit, Papst Leo XIV. zu begr\u00fc\u00dfen.","breadcrumb":{"@id":"https:\/\/schoenstatt.com\/de\/eine-ganz-besondere-frage-an-den-heiligen-vater\/#breadcrumb"},"inLanguage":"de","potentialAction":[{"@type":"ReadAction","target":["https:\/\/schoenstatt.com\/de\/eine-ganz-besondere-frage-an-den-heiligen-vater\/"]}]},{"@type":"ImageObject","inLanguage":"de","@id":"https:\/\/schoenstatt.com\/de\/eine-ganz-besondere-frage-an-den-heiligen-vater\/#primaryimage","url":"https:\/\/schoenstatt.com\/wp-content\/uploads\/2025\/09\/Pope-Leo-XIV-Pierina-Monte-Riso.webp","contentUrl":"https:\/\/schoenstatt.com\/wp-content\/uploads\/2025\/09\/Pope-Leo-XIV-Pierina-Monte-Riso.webp","width":2048,"height":1410},{"@type":"BreadcrumbList","@id":"https:\/\/schoenstatt.com\/de\/eine-ganz-besondere-frage-an-den-heiligen-vater\/#breadcrumb","itemListElement":[{"@type":"ListItem","position":1,"name":"Portada","item":"https:\/\/schoenstatt.com\/de\/home\/"},{"@type":"ListItem","position":2,"name":"Eine ganz besondere Frage an den Heiligen Vater"}]},{"@type":"WebSite","@id":"https:\/\/schoenstatt.com\/de\/#website","url":"https:\/\/schoenstatt.com\/de\/","name":"Schoenstatt","description":"Apostolic Movement","publisher":{"@id":"https:\/\/schoenstatt.com\/de\/#organization"},"potentialAction":[{"@type":"SearchAction","target":{"@type":"EntryPoint","urlTemplate":"https:\/\/schoenstatt.com\/de\/?s={search_term_string}"},"query-input":{"@type":"PropertyValueSpecification","valueRequired":true,"valueName":"search_term_string"}}],"inLanguage":"de"},{"@type":"Organization","@id":"https:\/\/schoenstatt.com\/de\/#organization","name":"Schoenstatt","url":"https:\/\/schoenstatt.com\/de\/","logo":{"@type":"ImageObject","inLanguage":"de","@id":"https:\/\/schoenstatt.com\/de\/#\/schema\/logo\/image\/","url":"https:\/\/schoenstatt.com\/wp-content\/uploads\/2025\/04\/logo-schoenstatt-white-696x696-1.png","contentUrl":"https:\/\/schoenstatt.com\/wp-content\/uploads\/2025\/04\/logo-schoenstatt-white-696x696-1.png","width":696,"height":694,"caption":"Schoenstatt"},"image":{"@id":"https:\/\/schoenstatt.com\/de\/#\/schema\/logo\/image\/"}},{"@type":"Person","@id":"https:\/\/schoenstatt.com\/de\/#\/schema\/person\/5158877ad4acae98b34daaeef2a1ce6e","name":"Karen Bueno","image":{"@type":"ImageObject","inLanguage":"de","@id":"https:\/\/secure.gravatar.com\/avatar\/f9f4b823873154269d2b2130f195f6d41037dd0d7fc5f3cacb5c846bae70d66b?s=96&d=mm&r=g","url":"https:\/\/secure.gravatar.com\/avatar\/f9f4b823873154269d2b2130f195f6d41037dd0d7fc5f3cacb5c846bae70d66b?s=96&d=mm&r=g","contentUrl":"https:\/\/secure.gravatar.com\/avatar\/f9f4b823873154269d2b2130f195f6d41037dd0d7fc5f3cacb5c846bae70d66b?s=96&d=mm&r=g","caption":"Karen Bueno"},"url":"https:\/\/schoenstatt.com\/de\/author\/karen-bueno\/"}]}},"_links":{"self":[{"href":"https:\/\/schoenstatt.com\/de\/wp-json\/wp\/v2\/posts\/63532","targetHints":{"allow":["GET"]}}],"collection":[{"href":"https:\/\/schoenstatt.com\/de\/wp-json\/wp\/v2\/posts"}],"about":[{"href":"https:\/\/schoenstatt.com\/de\/wp-json\/wp\/v2\/types\/post"}],"author":[{"embeddable":true,"href":"https:\/\/schoenstatt.com\/de\/wp-json\/wp\/v2\/users\/3"}],"replies":[{"embeddable":true,"href":"https:\/\/schoenstatt.com\/de\/wp-json\/wp\/v2\/comments?post=63532"}],"version-history":[{"count":3,"href":"https:\/\/schoenstatt.com\/de\/wp-json\/wp\/v2\/posts\/63532\/revisions"}],"predecessor-version":[{"id":63536,"href":"https:\/\/schoenstatt.com\/de\/wp-json\/wp\/v2\/posts\/63532\/revisions\/63536"}],"wp:featuredmedia":[{"embeddable":true,"href":"https:\/\/schoenstatt.com\/de\/wp-json\/wp\/v2\/media\/63517"}],"wp:attachment":[{"href":"https:\/\/schoenstatt.com\/de\/wp-json\/wp\/v2\/media?parent=63532"}],"wp:term":[{"taxonomy":"category","embeddable":true,"href":"https:\/\/schoenstatt.com\/de\/wp-json\/wp\/v2\/categories?post=63532"},{"taxonomy":"post_tag","embeddable":true,"href":"https:\/\/schoenstatt.com\/de\/wp-json\/wp\/v2\/tags?post=63532"}],"curies":[{"name":"wp","href":"https:\/\/api.w.org\/{rel}","templated":true}]}}