{"id":63407,"date":"2025-09-04T03:03:00","date_gmt":"2025-09-04T01:03:00","guid":{"rendered":"https:\/\/schoenstatt.com\/?p=63407"},"modified":"2025-09-04T13:57:57","modified_gmt":"2025-09-04T11:57:57","slug":"die-tagung-lebendige-krone-erneuert-das-engagement-der-ecuadorianischen-maedchenjugend","status":"publish","type":"post","link":"https:\/\/schoenstatt.com\/de\/die-tagung-lebendige-krone-erneuert-das-engagement-der-ecuadorianischen-maedchenjugend\/","title":{"rendered":"Die Tagung \u201eLebendige Krone\u201c erneuert das Engagement der ecuadorianischen M\u00e4dchenjugend"},"content":{"rendered":"\n<p>Am Samstag, dem 16. August, feierte die Sch\u00f6nstatt-M\u00e4dchenjugend Ecuadors im Heiligtum von Himmlische Stadt in Samborond\u00f3n ein historisches Ereignis: das 25-j\u00e4hrige Bestehen der Lebensstr\u00f6mung \u201eLebendige Krone\u201c, die im Jahr 2000 in der internationalen Sch\u00f6nstatt-M\u00e4dchenjugend entstanden ist. Das Motto dieses Treffens ist dasselbe wie das der diesj\u00e4hrigen Gliederung in Ecuador: \u201eLebendige Krone, Verk\u00fcndigung der Hoffnung.\u201c<\/p>\n\n\n\n<p>Ungef\u00e4hr 300 M\u00e4dchen kamen, getrieben von einem einzigen Wunsch: die neue Generation der Lebendigen Krone zu sein. Es versammelten sich: Apostel Mariens, Tr\u00e4gerinnen der K\u00f6nigin, Verb\u00fcndete und Studentinnen sowie einige ehemalige Frauen, die Teil der M\u00e4dchenjugend waren, Marienschwestern und die Verantwortlichen der Jugend (Frauen, die uns bei der Koordination der Jugendleitung und der verschiedenen Jugendaktivit\u00e4ten unterst\u00fctzen).<\/p>\n\n\n\n<figure class=\"wp-block-image aligncenter size-full\"><img decoding=\"async\" src=\"https:\/\/schoenstatt.com\/wp-content\/uploads\/2025\/09\/Living-Crown-Girls-Youth-3.jpg\" alt=\"\" class=\"wp-image-63362\"\/><\/figure>\n\n\n\n<p>Die Erwartungen waren gro\u00df, denn das letzte Treffen der Lebendigen Krone in Ecuador hatte im Jahr 2010 stattgefunden, sodass keines der M\u00e4dchen dieser Generation sie erlebt hatte. Au\u00dferdem waren wir vor ein paar Tagen von der Wallfahrt in Sch\u00f6nstatt und Rom zur\u00fcckgekehrt. Wir hatten das Jubil\u00e4um der Lebendigen Krone mit 600 M\u00e4dchen aus verschiedenen L\u00e4ndern, Kulturen und Sprachen gefeiert, die alle das gleiche Ideal verfolgten. Wir waren voller Freude und hatten den starken Wunsch, eine authentische Lebendige Krone f\u00fcr die K\u00f6nigin zu sein.<\/p>\n\n\n\n<h3 class=\"wp-block-heading\" id=\"h-die-neue-generation-nimmt-die-sendung-auf\">Die neue Generation nimmt die Sendung auf<\/h3>\n\n\n\n<p>Mehrere Wochen lang wurde alles von den R\u00e4ten und dem Team der M\u00e4dchenjugendkoordinatorinnen bis ins Detail vorbereitet. Die Gestaltung des Hauses, innen wie au\u00dfen, war beeindruckend: \u00dcberall gab es bunte Girlanden und Kronen. Wir konnten sogar 1,5 Meter gro\u00dfe, mit Lichtern versehene RTA-Buchstaben mieten, die f\u00fcr die Fotos des Tages unverzichtbar waren.<\/p>\n\n\n\n<p>Einer der am meisten erwarteten Momente war die Nachstellung des ikonischen RTA-Fotos der Krone, da wir selbst eine lebendige Krone waren. Dies taten wir vor unserem Heiligtum, wo das RTA-Zeichen bereits gezeichnet war. Mit viel Ordnung und Freude f\u00fcllte sich das RTA nach und nach mit M\u00e4dchen, die nicht aufh\u00f6rten zu singen, w\u00e4hrend sie auf das offizielle Foto warteten.<\/p>\n\n\n\n<figure class=\"wp-block-image aligncenter size-full\"><img decoding=\"async\" src=\"https:\/\/schoenstatt.com\/wp-content\/uploads\/2025\/09\/Living-Crown-Girls-Youth-2.jpg\" alt=\"\" class=\"wp-image-63367\"\/><\/figure>\n\n\n\n<p>Alle Jugendlichen waren Teil dessen, was einer der denkw\u00fcrdigsten Momente des Nachmittags werden sollte. Inmitten von Gel\u00e4chter, Gesang und viel Freude nahm die Krone Gestalt an, und eine neue Generation wurde geboren. Gemeinsam bildeten die M\u00e4dchen und Betreuerinnen einen Teil der lebendigen Krone der Gottesmutter.<\/p>\n\n\n\n<h3 class=\"wp-block-heading\" id=\"h-diese-zeit-braucht-uns\">Diese Zeit braucht uns!<\/h3>\n\n\n\n<p>Nach dem Bild der Lebendigen Krone gab es einen Austausch bei Hotdog-Wagen, Popcorn und S\u00e4ften. Anschlie\u00dfend fanden Workshops f\u00fcr die Marienapostel, die Tr\u00e4gerinnen, die Verb\u00fcndeten und die Studentinnen statt. Diese waren speziell auf ihre eigene Altersgruppe ausgerichtet. Einige Workshops umfassten Bastelarbeiten, andere Zeugnisse von M\u00e4dchen, die am RTA-Jubil\u00e4um in Sch\u00f6nstatt teilgenommen hatten. Ziel dieser Workshops war es, gemeinsam zu entdecken, wie man im Alltag eine \u201eLebendige Krone\u201c sein kann \u2013 je nach Alter der M\u00e4dchen.<\/p>\n\n\n\n<p>Zum Abschluss gab es eine Anbetungszeit vor dem Heiligtum. Dort erhielten wir eine Medaille mit der RTA, genau wie beim internationalen Jubil\u00e4um in Sch\u00f6nstatt. Wir durften uns auch in das Buch der Lebendigen Krone eintragen und fr\u00f6hlich sangen wir unsere Lieder.<\/p>\n\n\n\n<figure class=\"wp-block-image aligncenter size-full\"><img decoding=\"async\" src=\"https:\/\/schoenstatt.com\/wp-content\/uploads\/2025\/09\/Living-Crown-Girls-Youth-Samborondon-Ecuador.jpg\" alt=\"\" class=\"wp-image-63373\"\/><\/figure>\n\n\n\n<p>Wie einer der Anwesenden sagte, war diese Tagung nicht nur ein Ort der Begegnung und der Bildung, sondern auch ein Moment der Anregung und des Impulses, in die Welt hinauszugehen und zu sagen: \u201eWir wollen kleine Marias sein, die mit Mut und Authentizit\u00e4t die W\u00fcnsche von Gott Vater und dem Gr\u00fcnder widerspiegeln.\u201d<\/p>\n\n\n\n<p>Ein Marienapostel sagte, es sei ein sehr sch\u00f6ner Tag gewesen und sie sei jetzt eine lebendige Krone der Gottesmutter. Eine neue Verb\u00fcndete sagte zu ihrer Familie, dass Sch\u00f6nstatt definitiv ihr Ort sei und sie sich noch nie so willkommen und gl\u00fccklich gef\u00fchlt habe. Und eine weitere junge Frau, die Mitglied der M\u00e4dchenjugend ist, sagte: \u201eUnsere urspr\u00fcngliche Art, Heiligkeit zu leben, ist es, eine Lebendige Krone zu sein \u2026\u201d Diese Zeit braucht uns!<\/p>\n\n\n\n<h3 class=\"wp-block-heading\" id=\"h-eine-mission-die-generationen-ubersteigt\">Eine Mission, die Generationen \u00fcbersteigt<\/h3>\n\n\n\n<p>Viele von uns waren tief ber\u00fchrt von den Worten des Vaters und Gr\u00fcnders, die an der kleinen Krone angebracht sind, welche wir nun neben unserer B\u00fcndnismedaille um den Hals tragen.<\/p>\n\n\n\n<figure class=\"wp-block-pullquote has-medium-font-size\" style=\"border-top-color:var(--wp--preset--color--luminous-vivid-orange);border-top-style:solid;border-top-width:1px;border-bottom-color:var(--wp--preset--color--luminous-vivid-orange);border-bottom-style:solid;border-bottom-width:1px;font-style:italic;font-weight:300\"><blockquote><p>\u201eDie Dreimal Wunderbare Mutter und K\u00f6nigin von Sch\u00f6nstatt m\u00f6chte uns heute in kleine Dreimal Wunderbare K\u00f6niginnen verwandeln. Sie m\u00f6chte uns von heute an als kleine Regina ter Admirabilis sehen. Und vielleicht wird jede ein Kr\u00f6nchen haben, das euch bewusst macht, dass wir kleine, gekr\u00f6nte K\u00f6niginnen sind\u201c<\/p><cite>(P. J. Kentenich an die M\u00e4dchenjugend von M\u00fcnster, 18.08.1945, als er ihnen die RTA-Krone \u00fcberreichte).<\/cite><\/blockquote><\/figure>\n\n\n\n<p><em>Wir sind eure lebendige Krone \u2013 heute, morgen und f\u00fcr immer!<\/em><\/p>\n\n\n\n<p><strong>\u00dcbersetzung: <\/strong>Vanessa Franke<br><strong>Lektorat:<\/strong> Hildegard Kaiser<\/p>\n","protected":false},"excerpt":{"rendered":"<p>In Samborond\u00f3n, Ecuador, kamen 300 junge Frauen zusammen, um sich als lebendige Krone der MTA zu engagieren.<\/p>\n","protected":false},"author":3,"featured_media":63358,"comment_status":"closed","ping_status":"closed","sticky":false,"template":"","format":"standard","meta":{"footnotes":""},"categories":[195,922],"tags":[928,1166],"class_list":["post-63407","post","type-post","status-publish","format-standard","has-post-thumbnail","hentry","category-amerika-de","category-jugend-de","tag-schonstatt-ecuador-de","tag-schoenstatt-maedchen-junge-frauen-mjf-de"],"yoast_head":"<!-- This site is optimized with the Yoast SEO Premium plugin v27.4 (Yoast SEO v27.4) - https:\/\/yoast.com\/product\/yoast-seo-premium-wordpress\/ -->\n<title>Die Tagung \u201eLebendige Krone\u201c erneuert das Engagement der ecuadorianischen M\u00e4dchenjugend<\/title>\n<meta name=\"description\" content=\"In Samborond\u00f3n, Ecuador, kamen 300 junge Frauen zusammen, um sich als lebendige Krone der MTA zu engagieren.\" \/>\n<meta name=\"robots\" content=\"index, follow, max-snippet:-1, max-image-preview:large, max-video-preview:-1\" \/>\n<link rel=\"canonical\" href=\"https:\/\/schoenstatt.com\/de\/die-tagung-lebendige-krone-erneuert-das-engagement-der-ecuadorianischen-maedchenjugend\/\" \/>\n<meta property=\"og:locale\" content=\"de_DE\" \/>\n<meta property=\"og:type\" content=\"article\" \/>\n<meta property=\"og:title\" content=\"Die Tagung \u201eLebendige Krone\u201c erneuert das Engagement der ecuadorianischen M\u00e4dchenjugend\" \/>\n<meta property=\"og:description\" content=\"In Samborond\u00f3n, Ecuador, kamen 300 junge Frauen zusammen, um sich als lebendige Krone der MTA zu engagieren.\" \/>\n<meta property=\"og:url\" content=\"https:\/\/schoenstatt.com\/de\/die-tagung-lebendige-krone-erneuert-das-engagement-der-ecuadorianischen-maedchenjugend\/\" \/>\n<meta property=\"og:site_name\" content=\"Schoenstatt\" \/>\n<meta property=\"article:published_time\" content=\"2025-09-04T01:03:00+00:00\" \/>\n<meta property=\"article:modified_time\" content=\"2025-09-04T11:57:57+00:00\" \/>\n<meta property=\"og:image\" content=\"https:\/\/schoenstatt.com\/wp-content\/uploads\/2025\/09\/Living-Crown-Girls-Youth.webp\" \/>\n\t<meta property=\"og:image:width\" content=\"2048\" \/>\n\t<meta property=\"og:image:height\" content=\"1336\" \/>\n\t<meta property=\"og:image:type\" content=\"image\/jpeg\" \/>\n<meta name=\"author\" content=\"Karen Bueno\" \/>\n<meta name=\"twitter:card\" content=\"summary_large_image\" \/>\n<meta name=\"twitter:label1\" content=\"Verfasst von\" \/>\n\t<meta name=\"twitter:data1\" content=\"Karen Bueno\" \/>\n\t<meta name=\"twitter:label2\" content=\"Gesch\u00e4tzte Lesezeit\" \/>\n\t<meta name=\"twitter:data2\" content=\"5\u00a0Minuten\" \/>\n<script type=\"application\/ld+json\" class=\"yoast-schema-graph\">{\"@context\":\"https:\\\/\\\/schema.org\",\"@graph\":[{\"@type\":\"Article\",\"@id\":\"https:\\\/\\\/schoenstatt.com\\\/de\\\/die-tagung-lebendige-krone-erneuert-das-engagement-der-ecuadorianischen-maedchenjugend\\\/#article\",\"isPartOf\":{\"@id\":\"https:\\\/\\\/schoenstatt.com\\\/de\\\/die-tagung-lebendige-krone-erneuert-das-engagement-der-ecuadorianischen-maedchenjugend\\\/\"},\"author\":{\"name\":\"Karen Bueno\",\"@id\":\"https:\\\/\\\/schoenstatt.com\\\/de\\\/#\\\/schema\\\/person\\\/5158877ad4acae98b34daaeef2a1ce6e\"},\"headline\":\"Die Tagung \u201eLebendige Krone\u201c erneuert das Engagement der ecuadorianischen M\u00e4dchenjugend\",\"datePublished\":\"2025-09-04T01:03:00+00:00\",\"dateModified\":\"2025-09-04T11:57:57+00:00\",\"mainEntityOfPage\":{\"@id\":\"https:\\\/\\\/schoenstatt.com\\\/de\\\/die-tagung-lebendige-krone-erneuert-das-engagement-der-ecuadorianischen-maedchenjugend\\\/\"},\"wordCount\":788,\"publisher\":{\"@id\":\"https:\\\/\\\/schoenstatt.com\\\/de\\\/#organization\"},\"image\":{\"@id\":\"https:\\\/\\\/schoenstatt.com\\\/de\\\/die-tagung-lebendige-krone-erneuert-das-engagement-der-ecuadorianischen-maedchenjugend\\\/#primaryimage\"},\"thumbnailUrl\":\"https:\\\/\\\/schoenstatt.com\\\/wp-content\\\/uploads\\\/2025\\\/09\\\/Living-Crown-Girls-Youth.webp\",\"keywords\":[\"Sch\u00f6nstatt Ecuador\",\"Sch\u00f6nstatt M\u00e4dchen\\\/Junge Frauen - MJF\"],\"articleSection\":[\"Amerika\",\"Jugend\"],\"inLanguage\":\"de\"},{\"@type\":\"WebPage\",\"@id\":\"https:\\\/\\\/schoenstatt.com\\\/de\\\/die-tagung-lebendige-krone-erneuert-das-engagement-der-ecuadorianischen-maedchenjugend\\\/\",\"url\":\"https:\\\/\\\/schoenstatt.com\\\/de\\\/die-tagung-lebendige-krone-erneuert-das-engagement-der-ecuadorianischen-maedchenjugend\\\/\",\"name\":\"Die Tagung \u201eLebendige Krone\u201c erneuert das Engagement der ecuadorianischen M\u00e4dchenjugend\",\"isPartOf\":{\"@id\":\"https:\\\/\\\/schoenstatt.com\\\/de\\\/#website\"},\"primaryImageOfPage\":{\"@id\":\"https:\\\/\\\/schoenstatt.com\\\/de\\\/die-tagung-lebendige-krone-erneuert-das-engagement-der-ecuadorianischen-maedchenjugend\\\/#primaryimage\"},\"image\":{\"@id\":\"https:\\\/\\\/schoenstatt.com\\\/de\\\/die-tagung-lebendige-krone-erneuert-das-engagement-der-ecuadorianischen-maedchenjugend\\\/#primaryimage\"},\"thumbnailUrl\":\"https:\\\/\\\/schoenstatt.com\\\/wp-content\\\/uploads\\\/2025\\\/09\\\/Living-Crown-Girls-Youth.webp\",\"datePublished\":\"2025-09-04T01:03:00+00:00\",\"dateModified\":\"2025-09-04T11:57:57+00:00\",\"description\":\"In Samborond\u00f3n, Ecuador, kamen 300 junge Frauen zusammen, um sich als lebendige Krone der MTA zu engagieren.\",\"breadcrumb\":{\"@id\":\"https:\\\/\\\/schoenstatt.com\\\/de\\\/die-tagung-lebendige-krone-erneuert-das-engagement-der-ecuadorianischen-maedchenjugend\\\/#breadcrumb\"},\"inLanguage\":\"de\",\"potentialAction\":[{\"@type\":\"ReadAction\",\"target\":[\"https:\\\/\\\/schoenstatt.com\\\/de\\\/die-tagung-lebendige-krone-erneuert-das-engagement-der-ecuadorianischen-maedchenjugend\\\/\"]}]},{\"@type\":\"ImageObject\",\"inLanguage\":\"de\",\"@id\":\"https:\\\/\\\/schoenstatt.com\\\/de\\\/die-tagung-lebendige-krone-erneuert-das-engagement-der-ecuadorianischen-maedchenjugend\\\/#primaryimage\",\"url\":\"https:\\\/\\\/schoenstatt.com\\\/wp-content\\\/uploads\\\/2025\\\/09\\\/Living-Crown-Girls-Youth.webp\",\"contentUrl\":\"https:\\\/\\\/schoenstatt.com\\\/wp-content\\\/uploads\\\/2025\\\/09\\\/Living-Crown-Girls-Youth.webp\",\"width\":2048,\"height\":1336},{\"@type\":\"BreadcrumbList\",\"@id\":\"https:\\\/\\\/schoenstatt.com\\\/de\\\/die-tagung-lebendige-krone-erneuert-das-engagement-der-ecuadorianischen-maedchenjugend\\\/#breadcrumb\",\"itemListElement\":[{\"@type\":\"ListItem\",\"position\":1,\"name\":\"Portada\",\"item\":\"https:\\\/\\\/schoenstatt.com\\\/de\\\/home\\\/\"},{\"@type\":\"ListItem\",\"position\":2,\"name\":\"Die Tagung \u201eLebendige Krone\u201c erneuert das Engagement der ecuadorianischen M\u00e4dchenjugend\"}]},{\"@type\":\"WebSite\",\"@id\":\"https:\\\/\\\/schoenstatt.com\\\/de\\\/#website\",\"url\":\"https:\\\/\\\/schoenstatt.com\\\/de\\\/\",\"name\":\"Schoenstatt\",\"description\":\"Apostolic Movement\",\"publisher\":{\"@id\":\"https:\\\/\\\/schoenstatt.com\\\/de\\\/#organization\"},\"potentialAction\":[{\"@type\":\"SearchAction\",\"target\":{\"@type\":\"EntryPoint\",\"urlTemplate\":\"https:\\\/\\\/schoenstatt.com\\\/de\\\/?s={search_term_string}\"},\"query-input\":{\"@type\":\"PropertyValueSpecification\",\"valueRequired\":true,\"valueName\":\"search_term_string\"}}],\"inLanguage\":\"de\"},{\"@type\":\"Organization\",\"@id\":\"https:\\\/\\\/schoenstatt.com\\\/de\\\/#organization\",\"name\":\"Schoenstatt\",\"url\":\"https:\\\/\\\/schoenstatt.com\\\/de\\\/\",\"logo\":{\"@type\":\"ImageObject\",\"inLanguage\":\"de\",\"@id\":\"https:\\\/\\\/schoenstatt.com\\\/de\\\/#\\\/schema\\\/logo\\\/image\\\/\",\"url\":\"https:\\\/\\\/schoenstatt.com\\\/wp-content\\\/uploads\\\/2025\\\/04\\\/logo-schoenstatt-white-696x696-1.png\",\"contentUrl\":\"https:\\\/\\\/schoenstatt.com\\\/wp-content\\\/uploads\\\/2025\\\/04\\\/logo-schoenstatt-white-696x696-1.png\",\"width\":696,\"height\":694,\"caption\":\"Schoenstatt\"},\"image\":{\"@id\":\"https:\\\/\\\/schoenstatt.com\\\/de\\\/#\\\/schema\\\/logo\\\/image\\\/\"}},{\"@type\":\"Person\",\"@id\":\"https:\\\/\\\/schoenstatt.com\\\/de\\\/#\\\/schema\\\/person\\\/5158877ad4acae98b34daaeef2a1ce6e\",\"name\":\"Karen Bueno\",\"image\":{\"@type\":\"ImageObject\",\"inLanguage\":\"de\",\"@id\":\"https:\\\/\\\/secure.gravatar.com\\\/avatar\\\/f9f4b823873154269d2b2130f195f6d41037dd0d7fc5f3cacb5c846bae70d66b?s=96&d=mm&r=g\",\"url\":\"https:\\\/\\\/secure.gravatar.com\\\/avatar\\\/f9f4b823873154269d2b2130f195f6d41037dd0d7fc5f3cacb5c846bae70d66b?s=96&d=mm&r=g\",\"contentUrl\":\"https:\\\/\\\/secure.gravatar.com\\\/avatar\\\/f9f4b823873154269d2b2130f195f6d41037dd0d7fc5f3cacb5c846bae70d66b?s=96&d=mm&r=g\",\"caption\":\"Karen Bueno\"},\"url\":\"https:\\\/\\\/schoenstatt.com\\\/de\\\/author\\\/karen-bueno\\\/\"}]}<\/script>\n<!-- \/ Yoast SEO Premium plugin. -->","yoast_head_json":{"title":"Die Tagung \u201eLebendige Krone\u201c erneuert das Engagement der ecuadorianischen M\u00e4dchenjugend","description":"In Samborond\u00f3n, Ecuador, kamen 300 junge Frauen zusammen, um sich als lebendige Krone der MTA zu engagieren.","robots":{"index":"index","follow":"follow","max-snippet":"max-snippet:-1","max-image-preview":"max-image-preview:large","max-video-preview":"max-video-preview:-1"},"canonical":"https:\/\/schoenstatt.com\/de\/die-tagung-lebendige-krone-erneuert-das-engagement-der-ecuadorianischen-maedchenjugend\/","og_locale":"de_DE","og_type":"article","og_title":"Die Tagung \u201eLebendige Krone\u201c erneuert das Engagement der ecuadorianischen M\u00e4dchenjugend","og_description":"In Samborond\u00f3n, Ecuador, kamen 300 junge Frauen zusammen, um sich als lebendige Krone der MTA zu engagieren.","og_url":"https:\/\/schoenstatt.com\/de\/die-tagung-lebendige-krone-erneuert-das-engagement-der-ecuadorianischen-maedchenjugend\/","og_site_name":"Schoenstatt","article_published_time":"2025-09-04T01:03:00+00:00","article_modified_time":"2025-09-04T11:57:57+00:00","og_image":[{"url":"https:\/\/schoenstatt.com\/wp-content\/uploads\/2025\/09\/Living-Crown-Girls-Youth.webp","width":2048,"height":1336,"type":"image\/jpeg"}],"author":"Karen Bueno","twitter_card":"summary_large_image","twitter_misc":{"Verfasst von":"Karen Bueno","Gesch\u00e4tzte Lesezeit":"5\u00a0Minuten"},"schema":{"@context":"https:\/\/schema.org","@graph":[{"@type":"Article","@id":"https:\/\/schoenstatt.com\/de\/die-tagung-lebendige-krone-erneuert-das-engagement-der-ecuadorianischen-maedchenjugend\/#article","isPartOf":{"@id":"https:\/\/schoenstatt.com\/de\/die-tagung-lebendige-krone-erneuert-das-engagement-der-ecuadorianischen-maedchenjugend\/"},"author":{"name":"Karen Bueno","@id":"https:\/\/schoenstatt.com\/de\/#\/schema\/person\/5158877ad4acae98b34daaeef2a1ce6e"},"headline":"Die Tagung \u201eLebendige Krone\u201c erneuert das Engagement der ecuadorianischen M\u00e4dchenjugend","datePublished":"2025-09-04T01:03:00+00:00","dateModified":"2025-09-04T11:57:57+00:00","mainEntityOfPage":{"@id":"https:\/\/schoenstatt.com\/de\/die-tagung-lebendige-krone-erneuert-das-engagement-der-ecuadorianischen-maedchenjugend\/"},"wordCount":788,"publisher":{"@id":"https:\/\/schoenstatt.com\/de\/#organization"},"image":{"@id":"https:\/\/schoenstatt.com\/de\/die-tagung-lebendige-krone-erneuert-das-engagement-der-ecuadorianischen-maedchenjugend\/#primaryimage"},"thumbnailUrl":"https:\/\/schoenstatt.com\/wp-content\/uploads\/2025\/09\/Living-Crown-Girls-Youth.webp","keywords":["Sch\u00f6nstatt Ecuador","Sch\u00f6nstatt M\u00e4dchen\/Junge Frauen - MJF"],"articleSection":["Amerika","Jugend"],"inLanguage":"de"},{"@type":"WebPage","@id":"https:\/\/schoenstatt.com\/de\/die-tagung-lebendige-krone-erneuert-das-engagement-der-ecuadorianischen-maedchenjugend\/","url":"https:\/\/schoenstatt.com\/de\/die-tagung-lebendige-krone-erneuert-das-engagement-der-ecuadorianischen-maedchenjugend\/","name":"Die Tagung \u201eLebendige Krone\u201c erneuert das Engagement der ecuadorianischen M\u00e4dchenjugend","isPartOf":{"@id":"https:\/\/schoenstatt.com\/de\/#website"},"primaryImageOfPage":{"@id":"https:\/\/schoenstatt.com\/de\/die-tagung-lebendige-krone-erneuert-das-engagement-der-ecuadorianischen-maedchenjugend\/#primaryimage"},"image":{"@id":"https:\/\/schoenstatt.com\/de\/die-tagung-lebendige-krone-erneuert-das-engagement-der-ecuadorianischen-maedchenjugend\/#primaryimage"},"thumbnailUrl":"https:\/\/schoenstatt.com\/wp-content\/uploads\/2025\/09\/Living-Crown-Girls-Youth.webp","datePublished":"2025-09-04T01:03:00+00:00","dateModified":"2025-09-04T11:57:57+00:00","description":"In Samborond\u00f3n, Ecuador, kamen 300 junge Frauen zusammen, um sich als lebendige Krone der MTA zu engagieren.","breadcrumb":{"@id":"https:\/\/schoenstatt.com\/de\/die-tagung-lebendige-krone-erneuert-das-engagement-der-ecuadorianischen-maedchenjugend\/#breadcrumb"},"inLanguage":"de","potentialAction":[{"@type":"ReadAction","target":["https:\/\/schoenstatt.com\/de\/die-tagung-lebendige-krone-erneuert-das-engagement-der-ecuadorianischen-maedchenjugend\/"]}]},{"@type":"ImageObject","inLanguage":"de","@id":"https:\/\/schoenstatt.com\/de\/die-tagung-lebendige-krone-erneuert-das-engagement-der-ecuadorianischen-maedchenjugend\/#primaryimage","url":"https:\/\/schoenstatt.com\/wp-content\/uploads\/2025\/09\/Living-Crown-Girls-Youth.webp","contentUrl":"https:\/\/schoenstatt.com\/wp-content\/uploads\/2025\/09\/Living-Crown-Girls-Youth.webp","width":2048,"height":1336},{"@type":"BreadcrumbList","@id":"https:\/\/schoenstatt.com\/de\/die-tagung-lebendige-krone-erneuert-das-engagement-der-ecuadorianischen-maedchenjugend\/#breadcrumb","itemListElement":[{"@type":"ListItem","position":1,"name":"Portada","item":"https:\/\/schoenstatt.com\/de\/home\/"},{"@type":"ListItem","position":2,"name":"Die Tagung \u201eLebendige Krone\u201c erneuert das Engagement der ecuadorianischen M\u00e4dchenjugend"}]},{"@type":"WebSite","@id":"https:\/\/schoenstatt.com\/de\/#website","url":"https:\/\/schoenstatt.com\/de\/","name":"Schoenstatt","description":"Apostolic Movement","publisher":{"@id":"https:\/\/schoenstatt.com\/de\/#organization"},"potentialAction":[{"@type":"SearchAction","target":{"@type":"EntryPoint","urlTemplate":"https:\/\/schoenstatt.com\/de\/?s={search_term_string}"},"query-input":{"@type":"PropertyValueSpecification","valueRequired":true,"valueName":"search_term_string"}}],"inLanguage":"de"},{"@type":"Organization","@id":"https:\/\/schoenstatt.com\/de\/#organization","name":"Schoenstatt","url":"https:\/\/schoenstatt.com\/de\/","logo":{"@type":"ImageObject","inLanguage":"de","@id":"https:\/\/schoenstatt.com\/de\/#\/schema\/logo\/image\/","url":"https:\/\/schoenstatt.com\/wp-content\/uploads\/2025\/04\/logo-schoenstatt-white-696x696-1.png","contentUrl":"https:\/\/schoenstatt.com\/wp-content\/uploads\/2025\/04\/logo-schoenstatt-white-696x696-1.png","width":696,"height":694,"caption":"Schoenstatt"},"image":{"@id":"https:\/\/schoenstatt.com\/de\/#\/schema\/logo\/image\/"}},{"@type":"Person","@id":"https:\/\/schoenstatt.com\/de\/#\/schema\/person\/5158877ad4acae98b34daaeef2a1ce6e","name":"Karen Bueno","image":{"@type":"ImageObject","inLanguage":"de","@id":"https:\/\/secure.gravatar.com\/avatar\/f9f4b823873154269d2b2130f195f6d41037dd0d7fc5f3cacb5c846bae70d66b?s=96&d=mm&r=g","url":"https:\/\/secure.gravatar.com\/avatar\/f9f4b823873154269d2b2130f195f6d41037dd0d7fc5f3cacb5c846bae70d66b?s=96&d=mm&r=g","contentUrl":"https:\/\/secure.gravatar.com\/avatar\/f9f4b823873154269d2b2130f195f6d41037dd0d7fc5f3cacb5c846bae70d66b?s=96&d=mm&r=g","caption":"Karen Bueno"},"url":"https:\/\/schoenstatt.com\/de\/author\/karen-bueno\/"}]}},"_links":{"self":[{"href":"https:\/\/schoenstatt.com\/de\/wp-json\/wp\/v2\/posts\/63407","targetHints":{"allow":["GET"]}}],"collection":[{"href":"https:\/\/schoenstatt.com\/de\/wp-json\/wp\/v2\/posts"}],"about":[{"href":"https:\/\/schoenstatt.com\/de\/wp-json\/wp\/v2\/types\/post"}],"author":[{"embeddable":true,"href":"https:\/\/schoenstatt.com\/de\/wp-json\/wp\/v2\/users\/3"}],"replies":[{"embeddable":true,"href":"https:\/\/schoenstatt.com\/de\/wp-json\/wp\/v2\/comments?post=63407"}],"version-history":[{"count":2,"href":"https:\/\/schoenstatt.com\/de\/wp-json\/wp\/v2\/posts\/63407\/revisions"}],"predecessor-version":[{"id":63409,"href":"https:\/\/schoenstatt.com\/de\/wp-json\/wp\/v2\/posts\/63407\/revisions\/63409"}],"wp:featuredmedia":[{"embeddable":true,"href":"https:\/\/schoenstatt.com\/de\/wp-json\/wp\/v2\/media\/63358"}],"wp:attachment":[{"href":"https:\/\/schoenstatt.com\/de\/wp-json\/wp\/v2\/media?parent=63407"}],"wp:term":[{"taxonomy":"category","embeddable":true,"href":"https:\/\/schoenstatt.com\/de\/wp-json\/wp\/v2\/categories?post=63407"},{"taxonomy":"post_tag","embeddable":true,"href":"https:\/\/schoenstatt.com\/de\/wp-json\/wp\/v2\/tags?post=63407"}],"curies":[{"name":"wp","href":"https:\/\/api.w.org\/{rel}","templated":true}]}}