{"id":63346,"date":"2025-08-30T03:03:00","date_gmt":"2025-08-30T01:03:00","guid":{"rendered":"https:\/\/schoenstatt.com\/?p=63346"},"modified":"2025-08-29T20:56:44","modified_gmt":"2025-08-29T18:56:44","slug":"baggern-und-beten","status":"publish","type":"post","link":"https:\/\/schoenstatt.com\/de\/baggern-und-beten\/","title":{"rendered":"Baggern und Beten"},"content":{"rendered":"\n<p>Mitte August fanden sich Familien und vor allem Ehepaare verschiedenster Nationalit\u00e4ten und Altersgruppen im Haus der Familie in Sch\u00f6nstatt-Vallendar ein. Bei der Ora-et-labora-Woche halfen sie tageweise, mehrere Tage oder auch eine ganze Woche lang dabei, das Seminarhaus der Familien auf Vordermann zu bringen. Die Aufgaben waren vielf\u00e4ltig: Es wurde unter anderem Fenster geputzt, neue Tischdecken aufgelegt, geh\u00e4mmert und gebaggert.<\/p>\n\n\n\n<h3 class=\"wp-block-heading\" id=\"h-international-und-ausgebucht\">International und ausgebucht<\/h3>\n\n\n\n<p>Das \u201eHaus der Familie\u201c, das sich seit L\u00e4ngerem mit dem Adjektiv \u201einternational\u201c schm\u00fcckt, wurde seinem Namen vom 8. bis 14. August voll gerecht: Slowakische und tschechische Ehepaare f\u00fchrten einen gro\u00dfen Arbeitseinsatz durch, daneben beteiligten sich viele deutsche Paare und Familien sowie polnische, \u00f6sterreichische und argentinische Mithelfende an der Aktion.<\/p>\n\n\n\n<p>Das Interesse an den Ora-et-labora-Tagen war so gro\u00df, dass bereits einige Wochen vor den Arbeitseins\u00e4tzen die Werbung daf\u00fcr eingestellt werden musste, da das Haus zu diesem Zeitpunkt bereits bis auf das letzte Zimmer ausgebucht war.<\/p>\n\n\n\n<figure class=\"wp-block-image aligncenter size-full\"><img decoding=\"async\" src=\"https:\/\/schoenstatt.com\/wp-content\/uploads\/2025\/08\/Construction-work-Ora-et-Labora-1.jpg\" alt=\"\" class=\"wp-image-63327\"\/><\/figure>\n\n\n\n<h3 class=\"wp-block-heading\" id=\"h-ora-et-labora\">Ora-et-labora<\/h3>\n\n\n\n<p>Neben dem ganz praktischen Ziel, das Haus und seine Umgebung \u201eauf Vordermann\u201d zu bringen, gab es ganz im Sinne des benediktinischen Gedankens vom \u201eBeten und Arbeiten\u201d ein spirituelles Rahmenprogramm. Das H\u00e4mmern und Streichen bei der Neugestaltung des Foyers und der Cafeteria, das Schneiden und Herrichten der Wege durch den angrenzenden Wald und das Reinigen unz\u00e4hliger Fensterscheiben waren durch Gottesdienste, Kinderabendgebete, Impulse f\u00fcr Erwachsene gerahmt und durch Mittagsgebete durchbrochen.<\/p>\n\n\n\n<p>Aber auch die Gemeinschaft und die Freude am gemeinsamen Tun kamen nicht zu kurz, wie ein Teilnehmer am Ende res\u00fcmierte: \u201eIch fand es echt gut, dass wir hier gesp\u00fcrt haben, dass wir gemeinsam f\u00fcr Familien unterwegs sind.\u201c<\/p>\n\n\n\n<figure class=\"wp-block-gallery has-nested-images columns-default is-cropped wp-block-gallery-1 is-layout-flex wp-block-gallery-is-layout-flex\">\n<figure class=\"wp-block-image size-large\"><img decoding=\"async\" data-id=\"63332\" src=\"https:\/\/schoenstatt.com\/wp-content\/uploads\/2025\/08\/Construction-work-Ora-et-Labora-2.jpg\" alt=\"\" class=\"wp-image-63332\"\/><\/figure>\n\n\n\n<figure class=\"wp-block-image size-large\"><img decoding=\"async\" data-id=\"63337\" src=\"https:\/\/schoenstatt.com\/wp-content\/uploads\/2025\/08\/Construction-work-Ora-et-Labora-3.jpg\" alt=\"\" class=\"wp-image-63337\"\/><\/figure>\n<\/figure>\n\n\n\n<h3 class=\"wp-block-heading\" id=\"h-familienfreundlich\">Familienfreundlich<\/h3>\n\n\n\n<p>Damit auch Familien an dieser Ehrenamtswoche teilnehmen konnten, bestand selbstverst\u00e4ndlich die M\u00f6glichkeit, Kinder mitzubringen. Viele von ihnen halfen auch gerne mit, vor allem beim Errichten des Spielplatzes. Ein besonderes Highlight war der Rasenm\u00e4hertraktor, mit dem so mancher junge Teilnehmer seinen Berufswunsch als Traktorfahrer ausleben konnte. Daneben gab es einen Schwimmbadbesuch, verschiedene Spiele wie Entenangeln und am Sonntag stand sogar ein Familienausflug zum Abenteuerspielplatz Ehrenbreitstein auf dem Programm. Einige \u00e4ltere Kinder verw\u00f6hnten ihre Eltern mit frisch gebackenem Kuchen, au\u00dferdem nicht nur an einem Abend mit einer alkoholfreien Cocktailbar.<\/p>\n\n\n\n<p><strong>N\u00e4chstes Jahr wieder!<\/strong><\/p>\n\n\n\n<p>Nach der ora-et-labora-Woche ist vor der ora-et-labora-Woche: Und so wird schon nach dem n\u00e4chsten Termin gesucht. Wer sich diesen notieren will, findet ihn in B\u00e4lde auf <a href=\"http:\/\/hausderfamilie.info\" target=\"_blank\" rel=\"noreferrer noopener\">www.hausderfamilie.info.<\/a><\/p>\n\n\n\n<p><strong>Quelle: <\/strong><a href=\"https:\/\/www.schoenstatt.de\/de\/news\/6911\/112\/Baggern-und-Beten.htm\" target=\"_blank\" rel=\"noreferrer noopener\">schoenstatt.de<\/a><\/p>\n","protected":false},"excerpt":{"rendered":"<p>Bei der \u201eOra-et-labora-Woche\u201c kamen Eltern und Kinder zusammen, um das Haus der Familien in Sch\u00f6nstatt zu renovieren und neu zu organisieren.<\/p>\n","protected":false},"author":3,"featured_media":63323,"comment_status":"closed","ping_status":"closed","sticky":false,"template":"","format":"standard","meta":{"footnotes":""},"categories":[874],"tags":[774,1150],"class_list":["post-63346","post","type-post","status-publish","format-standard","has-post-thumbnail","hentry","category-familie-de","tag-familie-de","tag-institut-der-schonstattfamilien-de"],"yoast_head":"<!-- This site is optimized with the Yoast SEO Premium plugin v27.4 (Yoast SEO v27.4) - https:\/\/yoast.com\/product\/yoast-seo-premium-wordpress\/ -->\n<title>Baggern und Beten - Schoenstatt<\/title>\n<meta name=\"description\" content=\"Bei der \u201eOra-et-labora-Woche\u201c kamen Eltern und Kinder zusammen, um das Haus der Familien in Sch\u00f6nstatt zu renovieren und neu zu organisieren.\" \/>\n<meta name=\"robots\" content=\"index, follow, max-snippet:-1, max-image-preview:large, max-video-preview:-1\" \/>\n<link rel=\"canonical\" href=\"https:\/\/schoenstatt.com\/de\/baggern-und-beten\/\" \/>\n<meta property=\"og:locale\" content=\"de_DE\" \/>\n<meta property=\"og:type\" content=\"article\" \/>\n<meta property=\"og:title\" content=\"Baggern und Beten\" \/>\n<meta property=\"og:description\" content=\"Bei der \u201eOra-et-labora-Woche\u201c kamen Eltern und Kinder zusammen, um das Haus der Familien in Sch\u00f6nstatt zu renovieren und neu zu organisieren.\" \/>\n<meta property=\"og:url\" content=\"https:\/\/schoenstatt.com\/de\/baggern-und-beten\/\" \/>\n<meta property=\"og:site_name\" content=\"Schoenstatt\" \/>\n<meta property=\"article:published_time\" content=\"2025-08-30T01:03:00+00:00\" \/>\n<meta property=\"og:image\" content=\"https:\/\/schoenstatt.com\/wp-content\/uploads\/2025\/08\/Construction-work.webp\" \/>\n\t<meta property=\"og:image:width\" content=\"2048\" \/>\n\t<meta property=\"og:image:height\" content=\"1536\" \/>\n\t<meta property=\"og:image:type\" content=\"image\/jpeg\" \/>\n<meta name=\"author\" content=\"Karen Bueno\" \/>\n<meta name=\"twitter:card\" content=\"summary_large_image\" \/>\n<meta name=\"twitter:label1\" content=\"Verfasst von\" \/>\n\t<meta name=\"twitter:data1\" content=\"Karen Bueno\" \/>\n\t<meta name=\"twitter:label2\" content=\"Gesch\u00e4tzte Lesezeit\" \/>\n\t<meta name=\"twitter:data2\" content=\"3\u00a0Minuten\" \/>\n<script type=\"application\/ld+json\" class=\"yoast-schema-graph\">{\"@context\":\"https:\\\/\\\/schema.org\",\"@graph\":[{\"@type\":\"Article\",\"@id\":\"https:\\\/\\\/schoenstatt.com\\\/de\\\/baggern-und-beten\\\/#article\",\"isPartOf\":{\"@id\":\"https:\\\/\\\/schoenstatt.com\\\/de\\\/baggern-und-beten\\\/\"},\"author\":{\"name\":\"Karen Bueno\",\"@id\":\"https:\\\/\\\/schoenstatt.com\\\/de\\\/#\\\/schema\\\/person\\\/5158877ad4acae98b34daaeef2a1ce6e\"},\"headline\":\"Baggern und Beten\",\"datePublished\":\"2025-08-30T01:03:00+00:00\",\"mainEntityOfPage\":{\"@id\":\"https:\\\/\\\/schoenstatt.com\\\/de\\\/baggern-und-beten\\\/\"},\"wordCount\":400,\"publisher\":{\"@id\":\"https:\\\/\\\/schoenstatt.com\\\/de\\\/#organization\"},\"image\":{\"@id\":\"https:\\\/\\\/schoenstatt.com\\\/de\\\/baggern-und-beten\\\/#primaryimage\"},\"thumbnailUrl\":\"https:\\\/\\\/schoenstatt.com\\\/wp-content\\\/uploads\\\/2025\\\/08\\\/Construction-work.webp\",\"keywords\":[\"Familie\",\"Institut der Sch\u00f6nstattfamilien\"],\"articleSection\":[\"Familie\"],\"inLanguage\":\"de\"},{\"@type\":\"WebPage\",\"@id\":\"https:\\\/\\\/schoenstatt.com\\\/de\\\/baggern-und-beten\\\/\",\"url\":\"https:\\\/\\\/schoenstatt.com\\\/de\\\/baggern-und-beten\\\/\",\"name\":\"Baggern und Beten - Schoenstatt\",\"isPartOf\":{\"@id\":\"https:\\\/\\\/schoenstatt.com\\\/de\\\/#website\"},\"primaryImageOfPage\":{\"@id\":\"https:\\\/\\\/schoenstatt.com\\\/de\\\/baggern-und-beten\\\/#primaryimage\"},\"image\":{\"@id\":\"https:\\\/\\\/schoenstatt.com\\\/de\\\/baggern-und-beten\\\/#primaryimage\"},\"thumbnailUrl\":\"https:\\\/\\\/schoenstatt.com\\\/wp-content\\\/uploads\\\/2025\\\/08\\\/Construction-work.webp\",\"datePublished\":\"2025-08-30T01:03:00+00:00\",\"description\":\"Bei der \u201eOra-et-labora-Woche\u201c kamen Eltern und Kinder zusammen, um das Haus der Familien in Sch\u00f6nstatt zu renovieren und neu zu organisieren.\",\"breadcrumb\":{\"@id\":\"https:\\\/\\\/schoenstatt.com\\\/de\\\/baggern-und-beten\\\/#breadcrumb\"},\"inLanguage\":\"de\",\"potentialAction\":[{\"@type\":\"ReadAction\",\"target\":[\"https:\\\/\\\/schoenstatt.com\\\/de\\\/baggern-und-beten\\\/\"]}]},{\"@type\":\"ImageObject\",\"inLanguage\":\"de\",\"@id\":\"https:\\\/\\\/schoenstatt.com\\\/de\\\/baggern-und-beten\\\/#primaryimage\",\"url\":\"https:\\\/\\\/schoenstatt.com\\\/wp-content\\\/uploads\\\/2025\\\/08\\\/Construction-work.webp\",\"contentUrl\":\"https:\\\/\\\/schoenstatt.com\\\/wp-content\\\/uploads\\\/2025\\\/08\\\/Construction-work.webp\",\"width\":2048,\"height\":1536},{\"@type\":\"BreadcrumbList\",\"@id\":\"https:\\\/\\\/schoenstatt.com\\\/de\\\/baggern-und-beten\\\/#breadcrumb\",\"itemListElement\":[{\"@type\":\"ListItem\",\"position\":1,\"name\":\"Portada\",\"item\":\"https:\\\/\\\/schoenstatt.com\\\/de\\\/home\\\/\"},{\"@type\":\"ListItem\",\"position\":2,\"name\":\"Baggern und Beten\"}]},{\"@type\":\"WebSite\",\"@id\":\"https:\\\/\\\/schoenstatt.com\\\/de\\\/#website\",\"url\":\"https:\\\/\\\/schoenstatt.com\\\/de\\\/\",\"name\":\"Schoenstatt\",\"description\":\"Apostolic Movement\",\"publisher\":{\"@id\":\"https:\\\/\\\/schoenstatt.com\\\/de\\\/#organization\"},\"potentialAction\":[{\"@type\":\"SearchAction\",\"target\":{\"@type\":\"EntryPoint\",\"urlTemplate\":\"https:\\\/\\\/schoenstatt.com\\\/de\\\/?s={search_term_string}\"},\"query-input\":{\"@type\":\"PropertyValueSpecification\",\"valueRequired\":true,\"valueName\":\"search_term_string\"}}],\"inLanguage\":\"de\"},{\"@type\":\"Organization\",\"@id\":\"https:\\\/\\\/schoenstatt.com\\\/de\\\/#organization\",\"name\":\"Schoenstatt\",\"url\":\"https:\\\/\\\/schoenstatt.com\\\/de\\\/\",\"logo\":{\"@type\":\"ImageObject\",\"inLanguage\":\"de\",\"@id\":\"https:\\\/\\\/schoenstatt.com\\\/de\\\/#\\\/schema\\\/logo\\\/image\\\/\",\"url\":\"https:\\\/\\\/schoenstatt.com\\\/wp-content\\\/uploads\\\/2025\\\/04\\\/logo-schoenstatt-white-696x696-1.png\",\"contentUrl\":\"https:\\\/\\\/schoenstatt.com\\\/wp-content\\\/uploads\\\/2025\\\/04\\\/logo-schoenstatt-white-696x696-1.png\",\"width\":696,\"height\":694,\"caption\":\"Schoenstatt\"},\"image\":{\"@id\":\"https:\\\/\\\/schoenstatt.com\\\/de\\\/#\\\/schema\\\/logo\\\/image\\\/\"}},{\"@type\":\"Person\",\"@id\":\"https:\\\/\\\/schoenstatt.com\\\/de\\\/#\\\/schema\\\/person\\\/5158877ad4acae98b34daaeef2a1ce6e\",\"name\":\"Karen Bueno\",\"image\":{\"@type\":\"ImageObject\",\"inLanguage\":\"de\",\"@id\":\"https:\\\/\\\/secure.gravatar.com\\\/avatar\\\/f9f4b823873154269d2b2130f195f6d41037dd0d7fc5f3cacb5c846bae70d66b?s=96&d=mm&r=g\",\"url\":\"https:\\\/\\\/secure.gravatar.com\\\/avatar\\\/f9f4b823873154269d2b2130f195f6d41037dd0d7fc5f3cacb5c846bae70d66b?s=96&d=mm&r=g\",\"contentUrl\":\"https:\\\/\\\/secure.gravatar.com\\\/avatar\\\/f9f4b823873154269d2b2130f195f6d41037dd0d7fc5f3cacb5c846bae70d66b?s=96&d=mm&r=g\",\"caption\":\"Karen Bueno\"},\"url\":\"https:\\\/\\\/schoenstatt.com\\\/de\\\/author\\\/karen-bueno\\\/\"}]}<\/script>\n<!-- \/ Yoast SEO Premium plugin. -->","yoast_head_json":{"title":"Baggern und Beten - Schoenstatt","description":"Bei der \u201eOra-et-labora-Woche\u201c kamen Eltern und Kinder zusammen, um das Haus der Familien in Sch\u00f6nstatt zu renovieren und neu zu organisieren.","robots":{"index":"index","follow":"follow","max-snippet":"max-snippet:-1","max-image-preview":"max-image-preview:large","max-video-preview":"max-video-preview:-1"},"canonical":"https:\/\/schoenstatt.com\/de\/baggern-und-beten\/","og_locale":"de_DE","og_type":"article","og_title":"Baggern und Beten","og_description":"Bei der \u201eOra-et-labora-Woche\u201c kamen Eltern und Kinder zusammen, um das Haus der Familien in Sch\u00f6nstatt zu renovieren und neu zu organisieren.","og_url":"https:\/\/schoenstatt.com\/de\/baggern-und-beten\/","og_site_name":"Schoenstatt","article_published_time":"2025-08-30T01:03:00+00:00","og_image":[{"width":2048,"height":1536,"url":"https:\/\/schoenstatt.com\/wp-content\/uploads\/2025\/08\/Construction-work.webp","type":"image\/jpeg"}],"author":"Karen Bueno","twitter_card":"summary_large_image","twitter_misc":{"Verfasst von":"Karen Bueno","Gesch\u00e4tzte Lesezeit":"3\u00a0Minuten"},"schema":{"@context":"https:\/\/schema.org","@graph":[{"@type":"Article","@id":"https:\/\/schoenstatt.com\/de\/baggern-und-beten\/#article","isPartOf":{"@id":"https:\/\/schoenstatt.com\/de\/baggern-und-beten\/"},"author":{"name":"Karen Bueno","@id":"https:\/\/schoenstatt.com\/de\/#\/schema\/person\/5158877ad4acae98b34daaeef2a1ce6e"},"headline":"Baggern und Beten","datePublished":"2025-08-30T01:03:00+00:00","mainEntityOfPage":{"@id":"https:\/\/schoenstatt.com\/de\/baggern-und-beten\/"},"wordCount":400,"publisher":{"@id":"https:\/\/schoenstatt.com\/de\/#organization"},"image":{"@id":"https:\/\/schoenstatt.com\/de\/baggern-und-beten\/#primaryimage"},"thumbnailUrl":"https:\/\/schoenstatt.com\/wp-content\/uploads\/2025\/08\/Construction-work.webp","keywords":["Familie","Institut der Sch\u00f6nstattfamilien"],"articleSection":["Familie"],"inLanguage":"de"},{"@type":"WebPage","@id":"https:\/\/schoenstatt.com\/de\/baggern-und-beten\/","url":"https:\/\/schoenstatt.com\/de\/baggern-und-beten\/","name":"Baggern und Beten - Schoenstatt","isPartOf":{"@id":"https:\/\/schoenstatt.com\/de\/#website"},"primaryImageOfPage":{"@id":"https:\/\/schoenstatt.com\/de\/baggern-und-beten\/#primaryimage"},"image":{"@id":"https:\/\/schoenstatt.com\/de\/baggern-und-beten\/#primaryimage"},"thumbnailUrl":"https:\/\/schoenstatt.com\/wp-content\/uploads\/2025\/08\/Construction-work.webp","datePublished":"2025-08-30T01:03:00+00:00","description":"Bei der \u201eOra-et-labora-Woche\u201c kamen Eltern und Kinder zusammen, um das Haus der Familien in Sch\u00f6nstatt zu renovieren und neu zu organisieren.","breadcrumb":{"@id":"https:\/\/schoenstatt.com\/de\/baggern-und-beten\/#breadcrumb"},"inLanguage":"de","potentialAction":[{"@type":"ReadAction","target":["https:\/\/schoenstatt.com\/de\/baggern-und-beten\/"]}]},{"@type":"ImageObject","inLanguage":"de","@id":"https:\/\/schoenstatt.com\/de\/baggern-und-beten\/#primaryimage","url":"https:\/\/schoenstatt.com\/wp-content\/uploads\/2025\/08\/Construction-work.webp","contentUrl":"https:\/\/schoenstatt.com\/wp-content\/uploads\/2025\/08\/Construction-work.webp","width":2048,"height":1536},{"@type":"BreadcrumbList","@id":"https:\/\/schoenstatt.com\/de\/baggern-und-beten\/#breadcrumb","itemListElement":[{"@type":"ListItem","position":1,"name":"Portada","item":"https:\/\/schoenstatt.com\/de\/home\/"},{"@type":"ListItem","position":2,"name":"Baggern und Beten"}]},{"@type":"WebSite","@id":"https:\/\/schoenstatt.com\/de\/#website","url":"https:\/\/schoenstatt.com\/de\/","name":"Schoenstatt","description":"Apostolic Movement","publisher":{"@id":"https:\/\/schoenstatt.com\/de\/#organization"},"potentialAction":[{"@type":"SearchAction","target":{"@type":"EntryPoint","urlTemplate":"https:\/\/schoenstatt.com\/de\/?s={search_term_string}"},"query-input":{"@type":"PropertyValueSpecification","valueRequired":true,"valueName":"search_term_string"}}],"inLanguage":"de"},{"@type":"Organization","@id":"https:\/\/schoenstatt.com\/de\/#organization","name":"Schoenstatt","url":"https:\/\/schoenstatt.com\/de\/","logo":{"@type":"ImageObject","inLanguage":"de","@id":"https:\/\/schoenstatt.com\/de\/#\/schema\/logo\/image\/","url":"https:\/\/schoenstatt.com\/wp-content\/uploads\/2025\/04\/logo-schoenstatt-white-696x696-1.png","contentUrl":"https:\/\/schoenstatt.com\/wp-content\/uploads\/2025\/04\/logo-schoenstatt-white-696x696-1.png","width":696,"height":694,"caption":"Schoenstatt"},"image":{"@id":"https:\/\/schoenstatt.com\/de\/#\/schema\/logo\/image\/"}},{"@type":"Person","@id":"https:\/\/schoenstatt.com\/de\/#\/schema\/person\/5158877ad4acae98b34daaeef2a1ce6e","name":"Karen Bueno","image":{"@type":"ImageObject","inLanguage":"de","@id":"https:\/\/secure.gravatar.com\/avatar\/f9f4b823873154269d2b2130f195f6d41037dd0d7fc5f3cacb5c846bae70d66b?s=96&d=mm&r=g","url":"https:\/\/secure.gravatar.com\/avatar\/f9f4b823873154269d2b2130f195f6d41037dd0d7fc5f3cacb5c846bae70d66b?s=96&d=mm&r=g","contentUrl":"https:\/\/secure.gravatar.com\/avatar\/f9f4b823873154269d2b2130f195f6d41037dd0d7fc5f3cacb5c846bae70d66b?s=96&d=mm&r=g","caption":"Karen Bueno"},"url":"https:\/\/schoenstatt.com\/de\/author\/karen-bueno\/"}]}},"_links":{"self":[{"href":"https:\/\/schoenstatt.com\/de\/wp-json\/wp\/v2\/posts\/63346","targetHints":{"allow":["GET"]}}],"collection":[{"href":"https:\/\/schoenstatt.com\/de\/wp-json\/wp\/v2\/posts"}],"about":[{"href":"https:\/\/schoenstatt.com\/de\/wp-json\/wp\/v2\/types\/post"}],"author":[{"embeddable":true,"href":"https:\/\/schoenstatt.com\/de\/wp-json\/wp\/v2\/users\/3"}],"replies":[{"embeddable":true,"href":"https:\/\/schoenstatt.com\/de\/wp-json\/wp\/v2\/comments?post=63346"}],"version-history":[{"count":2,"href":"https:\/\/schoenstatt.com\/de\/wp-json\/wp\/v2\/posts\/63346\/revisions"}],"predecessor-version":[{"id":63348,"href":"https:\/\/schoenstatt.com\/de\/wp-json\/wp\/v2\/posts\/63346\/revisions\/63348"}],"wp:featuredmedia":[{"embeddable":true,"href":"https:\/\/schoenstatt.com\/de\/wp-json\/wp\/v2\/media\/63323"}],"wp:attachment":[{"href":"https:\/\/schoenstatt.com\/de\/wp-json\/wp\/v2\/media?parent=63346"}],"wp:term":[{"taxonomy":"category","embeddable":true,"href":"https:\/\/schoenstatt.com\/de\/wp-json\/wp\/v2\/categories?post=63346"},{"taxonomy":"post_tag","embeddable":true,"href":"https:\/\/schoenstatt.com\/de\/wp-json\/wp\/v2\/tags?post=63346"}],"curies":[{"name":"wp","href":"https:\/\/api.w.org\/{rel}","templated":true}]}}