{"id":61531,"date":"2025-08-09T03:03:00","date_gmt":"2025-08-09T01:03:00","guid":{"rendered":"https:\/\/schoenstatt.com\/?p=61531"},"modified":"2025-08-08T19:56:56","modified_gmt":"2025-08-08T17:56:56","slug":"seligsprechungsprozess-von-p-hernan-alessandri-schreitet-voran","status":"publish","type":"post","link":"https:\/\/schoenstatt.com\/de\/seligsprechungsprozess-von-p-hernan-alessandri-schreitet-voran\/","title":{"rendered":"Seligsprechungsprozess von P. Hern\u00e1n Alessandri schreitet voran"},"content":{"rendered":"\n<p>Am Dienstag, dem 6. August, legte in der Erzdi\u00f6zese Santiago de Chile die Historische Kommission ihren Eid ab. Sie wird den Seligsprechungsprozess von <a href=\"https:\/\/schoenstatt.com\/de\/eroeffnung-des-seligsprechungsprozesses-des-dieners-gottes-p-hernan-alessandri\/\">Pater Hern\u00e1n Alessandri Morand\u00e9<\/a> unterst\u00fctzen, einem chilenischen Priester der Sch\u00f6nstattbewegung. Die Historikerinnen <strong>Carolina Cherniavsky, Mar\u00eda Elena Uriarte und Mar\u00eda Rosario Willumsen<\/strong> haben die Aufgabe \u00fcbernommen, die unver\u00f6ffentlichten Schriften und Dokumente von Pater Hern\u00e1n mit Strenge und Vertraulichkeit zu sammeln und zu studieren.<\/p>\n\n\n\n<figure class=\"wp-block-image aligncenter size-full\"><img fetchpriority=\"high\" decoding=\"async\" width=\"557\" height=\"410\" src=\"https:\/\/schoenstatt.com\/wp-content\/uploads\/2025\/08\/cause-of-beatification-Fr-Hernan-Alessandri.webp\" alt=\"\" class=\"wp-image-61511\"\/><\/figure>\n\n\n\n<p><strong>Kardinal Fernando Chomali<\/strong>, der Erzbischof von Santiago, leitete die Zeremonie und betonte die Dringlichkeit heiliger Zeugnisse.<\/p>\n\n\n\n<p><strong><em>\u201eWir brauchen Heilige. Pater Hern\u00e1n ist eine tief aktuelle Gestalt \u2013 mit den F\u00fc\u00dfen auf dem Boden und einer enormen geistigen Tiefe.\u201c<\/em><\/strong><\/p>\n\n\n\n<figure class=\"wp-block-image aligncenter size-full\"><img decoding=\"async\" src=\"https:\/\/schoenstatt.com\/wp-content\/uploads\/2025\/08\/cause-of-beatification-Fr-Hernan-Alessandri-2.png\" alt=\"\" class=\"wp-image-61486\"\/><\/figure>\n\n\n\n<p>F\u00fcr die Sch\u00f6nstattfamilie in Chile ist dieser Schritt ein Grund gro\u00dfer Freude und zugleich eine Herausforderung. In einem ihrer Mitglieder ein konkretes Vorbild f\u00fcr Hingabe an Familien und die Verwundbarsten zu erkennen, ermutigt sie, das Liebesb\u00fcndnis treuer zu leben und das Gebet f\u00fcr diese Sache zu intensivieren.<\/p>\n\n\n\n<h3 class=\"wp-block-heading\" id=\"h-wie-geht-es-weiter\">Wie geht es weiter?<\/h3>\n\n\n\n<blockquote class=\"wp-block-quote is-layout-flow wp-block-quote-is-layout-flow\">\n<p><strong>Dokumentationsarbeit:<br><\/strong>Die Kommission wird alle notwendigen Texte und Zeugnisse f\u00fcr das Dossier zusammentragen, das anschlie\u00dfend nach Rom gesendet wird.<\/p>\n\n\n\n<p><strong>Gebet und Verbreitung:<br><\/strong>Als Bewegung sind wir eingeladen, diesen Prozess im Gebet zu begleiten und das Leben und Werk von Pater Hern\u00e1n bekannt zu machen.<\/p>\n\n\n\n<p><strong>Lebenszeugnis:<br><\/strong>Sein Verm\u00e4chtnis \u2013 die Gr\u00fcndung von Mar\u00eda Ayuda, seine N\u00e4he zu Familien und gef\u00e4hrdeten Kindern sowie seine unerm\u00fcdliche \u201eFahrrad-Mission\u201c \u2013 erinnert uns daran, dass Heiligkeit im Alltag entsteht.<\/p>\n<\/blockquote>\n\n\n\n<figure class=\"wp-block-gallery has-nested-images columns-default is-cropped wp-block-gallery-1 is-layout-flex wp-block-gallery-is-layout-flex\">\n<figure class=\"wp-block-image size-large\"><img decoding=\"async\" data-id=\"61492\" src=\"https:\/\/schoenstatt.com\/wp-content\/uploads\/2025\/08\/cause-of-beatification-Fr-Hernan-Alessandri-b-1.jpg\" alt=\"\" class=\"wp-image-61492\"\/><\/figure>\n\n\n\n<figure class=\"wp-block-image size-large\"><img decoding=\"async\" data-id=\"61494\" src=\"https:\/\/schoenstatt.com\/wp-content\/uploads\/2025\/08\/cause-of-beatification-Fr-Hernan-Alessandri-b-2.jpg\" alt=\"\" class=\"wp-image-61494\"\/><\/figure>\n\n\n\n<figure class=\"wp-block-image size-large\"><img decoding=\"async\" data-id=\"61497\" src=\"https:\/\/schoenstatt.com\/wp-content\/uploads\/2025\/08\/cause-of-beatification-Fr-Hernan-Alessandri-b-3.jpg\" alt=\"\" class=\"wp-image-61497\"\/><\/figure>\n<\/figure>\n\n\n\n<p>In diesem Monat, in dem Chile den \u201eMonat der Solidarit\u00e4t\u201c feiert, begehen wir diesen Meilenstein mit Dankbarkeit und erneuern unser Engagement. Lebe dein Liebesb\u00fcndnis in konkreten Gesten der N\u00e4chstenliebe und des Dienstes \u2013 dem Beispiel von Pater Hern\u00e1n Alessandri folgend!<\/p>\n\n\n\n<p>Weitere Informationen unter: <a href=\"https:\/\/www.padresdeschoenstatt.cl\/proceso-p-alessandri\/\" target=\"_blank\" rel=\"noreferrer noopener\">padresdeschoenstatt.cl\/proceso-p-alessandri<\/a><\/p>\n\n\n\n<p><strong>Mit Informationen von: <\/strong><a href=\"https:\/\/schoenstatt.cl\/con-alegria-y-compromiso-causa-de-beatificacion-del-p-hernan-alessandri\/\" target=\"_blank\" rel=\"noreferrer noopener\">schoenstatt.cl<\/a><\/p>\n\n\n\n<p><strong>\u00dcbersetzung: <\/strong>Sr. M. Lourdes Mac\u00edas<br><strong>Lektorat:<\/strong> Hildegard Kaiser<\/p>\n","protected":false},"excerpt":{"rendered":"<p>Mit Freude und Engagement: In Chile schreitet der Seligsprechungsprozess von Pater Hern\u00e1n Alessandri, Gr\u00fcnder des Werks \u201eMaria hilft\u201c, voran.<\/p>\n","protected":false},"author":3,"featured_media":61512,"comment_status":"closed","ping_status":"closed","sticky":false,"template":"","format":"standard","meta":{"footnotes":""},"categories":[195,886],"tags":[],"class_list":["post-61531","post","type-post","status-publish","format-standard","has-post-thumbnail","hentry","category-amerika-de","category-schoenstatt-helden-de"],"yoast_head":"<!-- This site is optimized with the Yoast SEO Premium plugin v27.4 (Yoast SEO v27.5) - https:\/\/yoast.com\/product\/yoast-seo-premium-wordpress\/ -->\n<title>Seligsprechungsprozess von P. Hern\u00e1n Alessandri schreitet voran - Schoenstatt<\/title>\n<meta name=\"description\" content=\"Mit Freude und Engagement: In Chile schreitet der Seligsprechungsprozess von Pater Hern\u00e1n Alessandri, Gr\u00fcnder des Werks \u201eMaria hilft\u201c, voran.\" \/>\n<meta name=\"robots\" content=\"index, follow, max-snippet:-1, max-image-preview:large, max-video-preview:-1\" \/>\n<link rel=\"canonical\" href=\"https:\/\/schoenstatt.com\/de\/seligsprechungsprozess-von-p-hernan-alessandri-schreitet-voran\/\" \/>\n<meta property=\"og:locale\" content=\"de_DE\" \/>\n<meta property=\"og:type\" content=\"article\" \/>\n<meta property=\"og:title\" content=\"Seligsprechungsprozess von P. Hern\u00e1n Alessandri schreitet voran\" \/>\n<meta property=\"og:description\" content=\"Mit Freude und Engagement: In Chile schreitet der Seligsprechungsprozess von Pater Hern\u00e1n Alessandri, Gr\u00fcnder des Werks \u201eMaria hilft\u201c, voran.\" \/>\n<meta property=\"og:url\" content=\"https:\/\/schoenstatt.com\/de\/seligsprechungsprozess-von-p-hernan-alessandri-schreitet-voran\/\" \/>\n<meta property=\"og:site_name\" content=\"Schoenstatt\" \/>\n<meta property=\"article:published_time\" content=\"2025-08-09T01:03:00+00:00\" \/>\n<meta property=\"og:image\" content=\"https:\/\/schoenstatt.com\/wp-content\/uploads\/2025\/08\/cause-of-beatification-Fr-Hernan-Alessandri.webp\" \/>\n\t<meta property=\"og:image:width\" content=\"557\" \/>\n\t<meta property=\"og:image:height\" content=\"410\" \/>\n\t<meta property=\"og:image:type\" content=\"image\/png\" \/>\n<meta name=\"author\" content=\"Karen Bueno\" \/>\n<meta name=\"twitter:card\" content=\"summary_large_image\" \/>\n<meta name=\"twitter:label1\" content=\"Verfasst von\" \/>\n\t<meta name=\"twitter:data1\" content=\"Karen Bueno\" \/>\n\t<meta name=\"twitter:label2\" content=\"Gesch\u00e4tzte Lesezeit\" \/>\n\t<meta name=\"twitter:data2\" content=\"3\u00a0Minuten\" \/>\n<script type=\"application\/ld+json\" class=\"yoast-schema-graph\">{\"@context\":\"https:\\\/\\\/schema.org\",\"@graph\":[{\"@type\":\"Article\",\"@id\":\"https:\\\/\\\/schoenstatt.com\\\/de\\\/seligsprechungsprozess-von-p-hernan-alessandri-schreitet-voran\\\/#article\",\"isPartOf\":{\"@id\":\"https:\\\/\\\/schoenstatt.com\\\/de\\\/seligsprechungsprozess-von-p-hernan-alessandri-schreitet-voran\\\/\"},\"author\":{\"name\":\"Karen Bueno\",\"@id\":\"https:\\\/\\\/schoenstatt.com\\\/de\\\/#\\\/schema\\\/person\\\/5158877ad4acae98b34daaeef2a1ce6e\"},\"headline\":\"Seligsprechungsprozess von P. Hern\u00e1n Alessandri schreitet voran\",\"datePublished\":\"2025-08-09T01:03:00+00:00\",\"mainEntityOfPage\":{\"@id\":\"https:\\\/\\\/schoenstatt.com\\\/de\\\/seligsprechungsprozess-von-p-hernan-alessandri-schreitet-voran\\\/\"},\"wordCount\":319,\"publisher\":{\"@id\":\"https:\\\/\\\/schoenstatt.com\\\/de\\\/#organization\"},\"image\":{\"@id\":\"https:\\\/\\\/schoenstatt.com\\\/de\\\/seligsprechungsprozess-von-p-hernan-alessandri-schreitet-voran\\\/#primaryimage\"},\"thumbnailUrl\":\"https:\\\/\\\/schoenstatt.com\\\/wp-content\\\/uploads\\\/2025\\\/08\\\/cause-of-beatification-Fr-Hernan-Alessandri.webp\",\"articleSection\":[\"Amerika\",\"Schoenstatt Helden\"],\"inLanguage\":\"de\"},{\"@type\":\"WebPage\",\"@id\":\"https:\\\/\\\/schoenstatt.com\\\/de\\\/seligsprechungsprozess-von-p-hernan-alessandri-schreitet-voran\\\/\",\"url\":\"https:\\\/\\\/schoenstatt.com\\\/de\\\/seligsprechungsprozess-von-p-hernan-alessandri-schreitet-voran\\\/\",\"name\":\"Seligsprechungsprozess von P. Hern\u00e1n Alessandri schreitet voran - Schoenstatt\",\"isPartOf\":{\"@id\":\"https:\\\/\\\/schoenstatt.com\\\/de\\\/#website\"},\"primaryImageOfPage\":{\"@id\":\"https:\\\/\\\/schoenstatt.com\\\/de\\\/seligsprechungsprozess-von-p-hernan-alessandri-schreitet-voran\\\/#primaryimage\"},\"image\":{\"@id\":\"https:\\\/\\\/schoenstatt.com\\\/de\\\/seligsprechungsprozess-von-p-hernan-alessandri-schreitet-voran\\\/#primaryimage\"},\"thumbnailUrl\":\"https:\\\/\\\/schoenstatt.com\\\/wp-content\\\/uploads\\\/2025\\\/08\\\/cause-of-beatification-Fr-Hernan-Alessandri.webp\",\"datePublished\":\"2025-08-09T01:03:00+00:00\",\"description\":\"Mit Freude und Engagement: In Chile schreitet der Seligsprechungsprozess von Pater Hern\u00e1n Alessandri, Gr\u00fcnder des Werks \u201eMaria hilft\u201c, voran.\",\"breadcrumb\":{\"@id\":\"https:\\\/\\\/schoenstatt.com\\\/de\\\/seligsprechungsprozess-von-p-hernan-alessandri-schreitet-voran\\\/#breadcrumb\"},\"inLanguage\":\"de\",\"potentialAction\":[{\"@type\":\"ReadAction\",\"target\":[\"https:\\\/\\\/schoenstatt.com\\\/de\\\/seligsprechungsprozess-von-p-hernan-alessandri-schreitet-voran\\\/\"]}]},{\"@type\":\"ImageObject\",\"inLanguage\":\"de\",\"@id\":\"https:\\\/\\\/schoenstatt.com\\\/de\\\/seligsprechungsprozess-von-p-hernan-alessandri-schreitet-voran\\\/#primaryimage\",\"url\":\"https:\\\/\\\/schoenstatt.com\\\/wp-content\\\/uploads\\\/2025\\\/08\\\/cause-of-beatification-Fr-Hernan-Alessandri.webp\",\"contentUrl\":\"https:\\\/\\\/schoenstatt.com\\\/wp-content\\\/uploads\\\/2025\\\/08\\\/cause-of-beatification-Fr-Hernan-Alessandri.webp\",\"width\":557,\"height\":410},{\"@type\":\"BreadcrumbList\",\"@id\":\"https:\\\/\\\/schoenstatt.com\\\/de\\\/seligsprechungsprozess-von-p-hernan-alessandri-schreitet-voran\\\/#breadcrumb\",\"itemListElement\":[{\"@type\":\"ListItem\",\"position\":1,\"name\":\"Portada\",\"item\":\"https:\\\/\\\/schoenstatt.com\\\/de\\\/home\\\/\"},{\"@type\":\"ListItem\",\"position\":2,\"name\":\"Seligsprechungsprozess von P. Hern\u00e1n Alessandri schreitet voran\"}]},{\"@type\":\"WebSite\",\"@id\":\"https:\\\/\\\/schoenstatt.com\\\/de\\\/#website\",\"url\":\"https:\\\/\\\/schoenstatt.com\\\/de\\\/\",\"name\":\"Schoenstatt\",\"description\":\"Apostolic Movement\",\"publisher\":{\"@id\":\"https:\\\/\\\/schoenstatt.com\\\/de\\\/#organization\"},\"potentialAction\":[{\"@type\":\"SearchAction\",\"target\":{\"@type\":\"EntryPoint\",\"urlTemplate\":\"https:\\\/\\\/schoenstatt.com\\\/de\\\/?s={search_term_string}\"},\"query-input\":{\"@type\":\"PropertyValueSpecification\",\"valueRequired\":true,\"valueName\":\"search_term_string\"}}],\"inLanguage\":\"de\"},{\"@type\":\"Organization\",\"@id\":\"https:\\\/\\\/schoenstatt.com\\\/de\\\/#organization\",\"name\":\"Schoenstatt\",\"url\":\"https:\\\/\\\/schoenstatt.com\\\/de\\\/\",\"logo\":{\"@type\":\"ImageObject\",\"inLanguage\":\"de\",\"@id\":\"https:\\\/\\\/schoenstatt.com\\\/de\\\/#\\\/schema\\\/logo\\\/image\\\/\",\"url\":\"https:\\\/\\\/schoenstatt.com\\\/wp-content\\\/uploads\\\/2025\\\/04\\\/logo-schoenstatt-white-696x696-1.png\",\"contentUrl\":\"https:\\\/\\\/schoenstatt.com\\\/wp-content\\\/uploads\\\/2025\\\/04\\\/logo-schoenstatt-white-696x696-1.png\",\"width\":696,\"height\":694,\"caption\":\"Schoenstatt\"},\"image\":{\"@id\":\"https:\\\/\\\/schoenstatt.com\\\/de\\\/#\\\/schema\\\/logo\\\/image\\\/\"}},{\"@type\":\"Person\",\"@id\":\"https:\\\/\\\/schoenstatt.com\\\/de\\\/#\\\/schema\\\/person\\\/5158877ad4acae98b34daaeef2a1ce6e\",\"name\":\"Karen Bueno\",\"image\":{\"@type\":\"ImageObject\",\"inLanguage\":\"de\",\"@id\":\"https:\\\/\\\/secure.gravatar.com\\\/avatar\\\/f9f4b823873154269d2b2130f195f6d41037dd0d7fc5f3cacb5c846bae70d66b?s=96&d=mm&r=g\",\"url\":\"https:\\\/\\\/secure.gravatar.com\\\/avatar\\\/f9f4b823873154269d2b2130f195f6d41037dd0d7fc5f3cacb5c846bae70d66b?s=96&d=mm&r=g\",\"contentUrl\":\"https:\\\/\\\/secure.gravatar.com\\\/avatar\\\/f9f4b823873154269d2b2130f195f6d41037dd0d7fc5f3cacb5c846bae70d66b?s=96&d=mm&r=g\",\"caption\":\"Karen Bueno\"},\"url\":\"https:\\\/\\\/schoenstatt.com\\\/de\\\/author\\\/karen-bueno\\\/\"}]}<\/script>\n<!-- \/ Yoast SEO Premium plugin. -->","yoast_head_json":{"title":"Seligsprechungsprozess von P. Hern\u00e1n Alessandri schreitet voran - Schoenstatt","description":"Mit Freude und Engagement: In Chile schreitet der Seligsprechungsprozess von Pater Hern\u00e1n Alessandri, Gr\u00fcnder des Werks \u201eMaria hilft\u201c, voran.","robots":{"index":"index","follow":"follow","max-snippet":"max-snippet:-1","max-image-preview":"max-image-preview:large","max-video-preview":"max-video-preview:-1"},"canonical":"https:\/\/schoenstatt.com\/de\/seligsprechungsprozess-von-p-hernan-alessandri-schreitet-voran\/","og_locale":"de_DE","og_type":"article","og_title":"Seligsprechungsprozess von P. Hern\u00e1n Alessandri schreitet voran","og_description":"Mit Freude und Engagement: In Chile schreitet der Seligsprechungsprozess von Pater Hern\u00e1n Alessandri, Gr\u00fcnder des Werks \u201eMaria hilft\u201c, voran.","og_url":"https:\/\/schoenstatt.com\/de\/seligsprechungsprozess-von-p-hernan-alessandri-schreitet-voran\/","og_site_name":"Schoenstatt","article_published_time":"2025-08-09T01:03:00+00:00","og_image":[{"width":557,"height":410,"url":"https:\/\/schoenstatt.com\/wp-content\/uploads\/2025\/08\/cause-of-beatification-Fr-Hernan-Alessandri.webp","type":"image\/png"}],"author":"Karen Bueno","twitter_card":"summary_large_image","twitter_misc":{"Verfasst von":"Karen Bueno","Gesch\u00e4tzte Lesezeit":"3\u00a0Minuten"},"schema":{"@context":"https:\/\/schema.org","@graph":[{"@type":"Article","@id":"https:\/\/schoenstatt.com\/de\/seligsprechungsprozess-von-p-hernan-alessandri-schreitet-voran\/#article","isPartOf":{"@id":"https:\/\/schoenstatt.com\/de\/seligsprechungsprozess-von-p-hernan-alessandri-schreitet-voran\/"},"author":{"name":"Karen Bueno","@id":"https:\/\/schoenstatt.com\/de\/#\/schema\/person\/5158877ad4acae98b34daaeef2a1ce6e"},"headline":"Seligsprechungsprozess von P. Hern\u00e1n Alessandri schreitet voran","datePublished":"2025-08-09T01:03:00+00:00","mainEntityOfPage":{"@id":"https:\/\/schoenstatt.com\/de\/seligsprechungsprozess-von-p-hernan-alessandri-schreitet-voran\/"},"wordCount":319,"publisher":{"@id":"https:\/\/schoenstatt.com\/de\/#organization"},"image":{"@id":"https:\/\/schoenstatt.com\/de\/seligsprechungsprozess-von-p-hernan-alessandri-schreitet-voran\/#primaryimage"},"thumbnailUrl":"https:\/\/schoenstatt.com\/wp-content\/uploads\/2025\/08\/cause-of-beatification-Fr-Hernan-Alessandri.webp","articleSection":["Amerika","Schoenstatt Helden"],"inLanguage":"de"},{"@type":"WebPage","@id":"https:\/\/schoenstatt.com\/de\/seligsprechungsprozess-von-p-hernan-alessandri-schreitet-voran\/","url":"https:\/\/schoenstatt.com\/de\/seligsprechungsprozess-von-p-hernan-alessandri-schreitet-voran\/","name":"Seligsprechungsprozess von P. Hern\u00e1n Alessandri schreitet voran - Schoenstatt","isPartOf":{"@id":"https:\/\/schoenstatt.com\/de\/#website"},"primaryImageOfPage":{"@id":"https:\/\/schoenstatt.com\/de\/seligsprechungsprozess-von-p-hernan-alessandri-schreitet-voran\/#primaryimage"},"image":{"@id":"https:\/\/schoenstatt.com\/de\/seligsprechungsprozess-von-p-hernan-alessandri-schreitet-voran\/#primaryimage"},"thumbnailUrl":"https:\/\/schoenstatt.com\/wp-content\/uploads\/2025\/08\/cause-of-beatification-Fr-Hernan-Alessandri.webp","datePublished":"2025-08-09T01:03:00+00:00","description":"Mit Freude und Engagement: In Chile schreitet der Seligsprechungsprozess von Pater Hern\u00e1n Alessandri, Gr\u00fcnder des Werks \u201eMaria hilft\u201c, voran.","breadcrumb":{"@id":"https:\/\/schoenstatt.com\/de\/seligsprechungsprozess-von-p-hernan-alessandri-schreitet-voran\/#breadcrumb"},"inLanguage":"de","potentialAction":[{"@type":"ReadAction","target":["https:\/\/schoenstatt.com\/de\/seligsprechungsprozess-von-p-hernan-alessandri-schreitet-voran\/"]}]},{"@type":"ImageObject","inLanguage":"de","@id":"https:\/\/schoenstatt.com\/de\/seligsprechungsprozess-von-p-hernan-alessandri-schreitet-voran\/#primaryimage","url":"https:\/\/schoenstatt.com\/wp-content\/uploads\/2025\/08\/cause-of-beatification-Fr-Hernan-Alessandri.webp","contentUrl":"https:\/\/schoenstatt.com\/wp-content\/uploads\/2025\/08\/cause-of-beatification-Fr-Hernan-Alessandri.webp","width":557,"height":410},{"@type":"BreadcrumbList","@id":"https:\/\/schoenstatt.com\/de\/seligsprechungsprozess-von-p-hernan-alessandri-schreitet-voran\/#breadcrumb","itemListElement":[{"@type":"ListItem","position":1,"name":"Portada","item":"https:\/\/schoenstatt.com\/de\/home\/"},{"@type":"ListItem","position":2,"name":"Seligsprechungsprozess von P. Hern\u00e1n Alessandri schreitet voran"}]},{"@type":"WebSite","@id":"https:\/\/schoenstatt.com\/de\/#website","url":"https:\/\/schoenstatt.com\/de\/","name":"Schoenstatt","description":"Apostolic Movement","publisher":{"@id":"https:\/\/schoenstatt.com\/de\/#organization"},"potentialAction":[{"@type":"SearchAction","target":{"@type":"EntryPoint","urlTemplate":"https:\/\/schoenstatt.com\/de\/?s={search_term_string}"},"query-input":{"@type":"PropertyValueSpecification","valueRequired":true,"valueName":"search_term_string"}}],"inLanguage":"de"},{"@type":"Organization","@id":"https:\/\/schoenstatt.com\/de\/#organization","name":"Schoenstatt","url":"https:\/\/schoenstatt.com\/de\/","logo":{"@type":"ImageObject","inLanguage":"de","@id":"https:\/\/schoenstatt.com\/de\/#\/schema\/logo\/image\/","url":"https:\/\/schoenstatt.com\/wp-content\/uploads\/2025\/04\/logo-schoenstatt-white-696x696-1.png","contentUrl":"https:\/\/schoenstatt.com\/wp-content\/uploads\/2025\/04\/logo-schoenstatt-white-696x696-1.png","width":696,"height":694,"caption":"Schoenstatt"},"image":{"@id":"https:\/\/schoenstatt.com\/de\/#\/schema\/logo\/image\/"}},{"@type":"Person","@id":"https:\/\/schoenstatt.com\/de\/#\/schema\/person\/5158877ad4acae98b34daaeef2a1ce6e","name":"Karen Bueno","image":{"@type":"ImageObject","inLanguage":"de","@id":"https:\/\/secure.gravatar.com\/avatar\/f9f4b823873154269d2b2130f195f6d41037dd0d7fc5f3cacb5c846bae70d66b?s=96&d=mm&r=g","url":"https:\/\/secure.gravatar.com\/avatar\/f9f4b823873154269d2b2130f195f6d41037dd0d7fc5f3cacb5c846bae70d66b?s=96&d=mm&r=g","contentUrl":"https:\/\/secure.gravatar.com\/avatar\/f9f4b823873154269d2b2130f195f6d41037dd0d7fc5f3cacb5c846bae70d66b?s=96&d=mm&r=g","caption":"Karen Bueno"},"url":"https:\/\/schoenstatt.com\/de\/author\/karen-bueno\/"}]}},"_links":{"self":[{"href":"https:\/\/schoenstatt.com\/de\/wp-json\/wp\/v2\/posts\/61531","targetHints":{"allow":["GET"]}}],"collection":[{"href":"https:\/\/schoenstatt.com\/de\/wp-json\/wp\/v2\/posts"}],"about":[{"href":"https:\/\/schoenstatt.com\/de\/wp-json\/wp\/v2\/types\/post"}],"author":[{"embeddable":true,"href":"https:\/\/schoenstatt.com\/de\/wp-json\/wp\/v2\/users\/3"}],"replies":[{"embeddable":true,"href":"https:\/\/schoenstatt.com\/de\/wp-json\/wp\/v2\/comments?post=61531"}],"version-history":[{"count":6,"href":"https:\/\/schoenstatt.com\/de\/wp-json\/wp\/v2\/posts\/61531\/revisions"}],"predecessor-version":[{"id":61539,"href":"https:\/\/schoenstatt.com\/de\/wp-json\/wp\/v2\/posts\/61531\/revisions\/61539"}],"wp:featuredmedia":[{"embeddable":true,"href":"https:\/\/schoenstatt.com\/de\/wp-json\/wp\/v2\/media\/61512"}],"wp:attachment":[{"href":"https:\/\/schoenstatt.com\/de\/wp-json\/wp\/v2\/media?parent=61531"}],"wp:term":[{"taxonomy":"category","embeddable":true,"href":"https:\/\/schoenstatt.com\/de\/wp-json\/wp\/v2\/categories?post=61531"},{"taxonomy":"post_tag","embeddable":true,"href":"https:\/\/schoenstatt.com\/de\/wp-json\/wp\/v2\/tags?post=61531"}],"curies":[{"name":"wp","href":"https:\/\/api.w.org\/{rel}","templated":true}]}}