{"id":61221,"date":"2025-07-31T03:03:00","date_gmt":"2025-07-31T01:03:00","guid":{"rendered":"https:\/\/schoenstatt.com\/?p=61221"},"modified":"2025-08-16T04:55:17","modified_gmt":"2025-08-16T02:55:17","slug":"10000-menschen-feiern-die-wallfahrt-der-mutter-und-koenigin-im-nordosten-brasiliens","status":"publish","type":"post","link":"https:\/\/schoenstatt.com\/de\/10000-menschen-feiern-die-wallfahrt-der-mutter-und-koenigin-im-nordosten-brasiliens\/","title":{"rendered":"10.000 Menschen feiern die \u201eWallfahrt der Mutter und K\u00f6nigin\u201c im Nordosten Brasiliens"},"content":{"rendered":"\n<p>Auf dem staubigen Weg der Fr\u00f6mmigkeit pr\u00e4gten stille Schritte und Herzen voller Glauben und Hoffnung eine neue Ausgabe der Wallfahrt zur Mutter und K\u00f6nigin, die in Mauriti im brasilianischen Bundesstaat Cear\u00e1 gefeiert wurde. Seit 25 Jahren hallt die Tradition dieser Wallfahrt zum Pfarrheiligtum Sch\u00f6nstatt auf den Pfaden der Volksfr\u00f6mmigkeit wider. Sie versammelt Pilger, Gl\u00e4ubige und Wallfahrtsg\u00e4ste, die zwischen Ges\u00e4ngen und Gebeten Trost im z\u00e4rtlichen Blick der Dreimal Wunderbaren Mutter, K\u00f6nigin und Siegerin von Sch\u00f6nstatt finden.<\/p>\n\n\n\n<figure class=\"wp-block-image aligncenter size-full is-resized\"><img decoding=\"async\" src=\"https:\/\/schoenstatt.com\/wp-content\/uploads\/2025\/07\/Brazil-Mauriti-Ceara-2025-Schoenstatt-3.webp\" alt=\"\" class=\"wp-image-61208\" style=\"width:762px;height:auto\"\/><figcaption class=\"wp-element-caption\">Die Feierlichkeiten begannen am 8. Juli.<\/figcaption><\/figure>\n\n\n\n<p><em>\u201eDurch dieses kleine Heiligtum hat Gott Wunder im Leben vieler Menschen gewirkt. Diese 25 Jahre Wallfahrt sind auch 25 Jahre Zeugnis des Glaubens und der Beharrlichkeit von Hunderten von Menschen, die ihr Leben durch die Sch\u00f6nstattbewegung Christus anvertraut haben\u201d,<\/em> erz\u00e4hlt Diakon Francisco Alves de Souza, der das Pfarrheiligtum in Mauriti koordiniert. Zusammen mit ihm arbeiten 43 Teams von Freiwilligen an der Organisation der Veranstaltung, sodass insgesamt mehr als dreihundert Personen direkt an der Organisation der Wallfahrt beteiligt sind.<\/p>\n\n\n\n<h3 class=\"wp-block-heading\" id=\"h-pfarrheiligtum-ein-bezugspunkt-und-ort-der-gnade\">Pfarrheiligtum, ein Bezugspunkt und Ort der Gnade<\/h3>\n\n\n\n<figure class=\"wp-block-image aligncenter size-full\"><img decoding=\"async\" src=\"https:\/\/schoenstatt.com\/wp-content\/uploads\/2025\/07\/Schoenstatt-Parish-Shrine-Santuario-Paroquial.webp\" alt=\"\" class=\"wp-image-61188\"\/><\/figure>\n\n\n\n<p>Zu den verschiedenen Arten von Sch\u00f6nstatt-Heiligt\u00fcmern z\u00e4hlen in Brasilien und einigen anderen L\u00e4ndern die sogenannten \u201ePfarrheiligt\u00fcmer\u201c.<\/p>\n\n\n\n<p>Sie werden innerhalb von Pfarreien oder in mit diesen verbundenen Au\u00dfenanlagen errichtet. Aufgrund der Entfernung zu den Filialheiligt\u00fcmern verbinden sich viele Sch\u00f6nst\u00e4tter mit den Pfarrheiligt\u00fcmern. Dort versammeln sie sich, um das Liebesb\u00fcndnis zu erneuern. Normalerweise haben diese Heiligt\u00fcmer ein Bild der MTA und einen Krug f\u00fcr das <a href=\"https:\/\/schoenstatt.com\/de\/spiritualitaet-3\/das-liebesbuendnis\/capital-of-grace\/\">Gnadenkapital<\/a>, der die Briefe, Bitten, Opfergaben aufnimmt.<\/p>\n\n\n\n<p>Sie gelten jedoch nur dann als echte \u201eHeiligt\u00fcmer\u201c, wenn sie mit der urspr\u00fcnglichen Quelle, d. h. dem Filialheiligtum und somit dem Urheiligtum, verbunden bleiben und wenn es Menschen gibt, die sich ernsthaft verpflichten, das <a href=\"https:\/\/schoenstatt.com\/de\/spiritualitaet-3\/das-liebesbuendnis\/\">Liebesb\u00fcndnis<\/a> in ihrer Umgebung zu leben.<\/p>\n\n\n\n<h3 class=\"wp-block-heading\" id=\"h-eine-pilgerfahrt-der-hoffnung\">Eine Pilgerfahrt der Hoffnung<\/h3>\n\n\n\n<p>Am 18. Juli trafen die Pilger in den fr\u00fchen Morgenstunden im Pfarrheiligtum von Mauriti ein. Zuvor hatten sie verschiedene Orte der Gemeinde zu Fu\u00df durchlaufen.<\/p>\n\n\n\n<p>Am Abend versammelten sie sich im Heiligtum und begr\u00fc\u00dften den Di\u00f6zesanbischof Magnus Henrique Lopes, der die Abschlussmesse der 25. Wallfahrt leitete. Nach einem weiteren Festtag voller Dankbarkeit, neuem Glauben und hoffnungsvollen Herzen endete die Feier mit f\u00fcnf heiligen Messen, die im Laufe des Tages gefeiert worden waren, um allen Gl\u00e4ubigen die Teilnahme zu erm\u00f6glichen.<\/p>\n\n\n\n<figure class=\"wp-block-image aligncenter size-full\"><img decoding=\"async\" src=\"https:\/\/schoenstatt.com\/wp-content\/uploads\/2025\/07\/Brazil-Mauriti-Ceara-2025-Schoenstatt-2.webp\" alt=\"\" class=\"wp-image-61198\"\/><\/figure>\n\n\n\n<p>Der Bischof Lopes reflektierte \u00fcber die tiefe Bedeutung dieses Glaubensmoments f\u00fcr die Anwesenden. <em>\u201eDie Wallfahrt ist immer ein Weg, ein Weg zu einem heiligen Ort, einem Ort, der im Herzen der Menschen liegt, ein Ort des Gebets und der Begegnung mit Gott. In diesem Jahr, in dem die Kirche das Jubil\u00e4um der Hoffnung feiert, besteht dieser Weg auch darin, auf Jesus Christus als die Hoffnung unseres Lebens zu schauen. Dies ist die Wallfahrt der Hoffnung, die uns zu Unserer Lieben Frau f\u00fchrt, und sie stellt uns ihrem Sohn vor\u201c<\/em>, sagte er.<\/p>\n\n\n\n<p>Der Bischof hob auch Marias \u201eJa\u201c zu Gott als Beginn der Erl\u00f6sung hervor und betonte ihre m\u00fctterliche Aufgabe, uns ihren Sohn vorzustellen:<em> \u201eWir kommen, um die Mutter und K\u00f6nigin, die Muttergottes, zu feiern, damit sie uns zu ihrem Sohn Jesus f\u00fchrt. Dies ist ein ganz besonderer Tag. Wir sind hierhergekommen, um Gott f\u00fcr diese Mutter und diese K\u00f6nigin zu preisen und ihm zu danken. Wir sind Teil seines Reiches. Mit all unseren Schw\u00e4chen nimmt sie uns auf, liebt uns und stellt uns ihrem Sohn Jesus vor.\u201c<\/em><\/p>\n\n\n\n<figure class=\"wp-block-image aligncenter size-full\"><img decoding=\"async\" src=\"https:\/\/schoenstatt.com\/wp-content\/uploads\/2025\/07\/Mother-of-schoenstatt.webp\" alt=\"\" class=\"wp-image-61203\"\/><\/figure>\n\n\n\n<h3 class=\"wp-block-heading\" id=\"h-die-sichtweise-der-behorden\">Die Sichtweise der Beh\u00f6rden<\/h3>\n\n\n\n<p>Angesichts der Bedeutung, die die Wallfahrt auf staatlicher Ebene erlangt hat, wurden durch parlamentarische \u00c4nderungen Investitionen gesichert, um die Umgebung des Heiligtums f\u00fcr die Aufnahme der Pilger angemessen zu gestalten. In diesem Jahr war es beispielsweise die erste Wallfahrt mit asphaltierter Zufahrt zum Heiligtum. Zwei weitere \u00c4nderungen sind in Vorbereitung: die Asphaltierung des Innenhofs, der die Gebetsbereiche umgibt, sowie weitere Investitionen in die lokale Infrastruktur.<\/p>\n\n\n\n<p>Von Pastoral der Kommunikation<br>Pfarrei Unsere Liebe Frau von der Unbefleckten Empf\u00e4ngnis<br>Mauriti (CE)<br><a href=\"https:\/\/paroquiamauriti.blogspot.com\/2025\/07\/ha-25-anos-um-caminho-de-fe-romaria-da.html\" target=\"_blank\" rel=\"noreferrer noopener\">paroquiamauriti.blogspot.com<\/a><\/p>\n\n\n\n<p><strong>\u00dcbersetzung: <\/strong>Sr. M. Lourdes Mac\u00edas<br><strong>Lektorat:<\/strong> Hildegard Kaiser<\/p>\n","protected":false},"excerpt":{"rendered":"<p>Viele Schritte zu Fu\u00df, viel Glauben und Emotionen bei einem Marsch, der seit 25 Jahren im Nordosten Brasiliens, in Mauriti im Bundesstaat Cear\u00e1, stattfindet.<\/p>\n","protected":false},"author":3,"featured_media":61191,"comment_status":"closed","ping_status":"closed","sticky":false,"template":"","format":"standard","meta":{"footnotes":""},"categories":[195],"tags":[1133],"class_list":["post-61221","post","type-post","status-publish","format-standard","has-post-thumbnail","hentry","category-amerika-de","tag-schonstatt-brasilien-de"],"yoast_head":"<!-- This site is optimized with the Yoast SEO Premium plugin v27.4 (Yoast SEO v27.5) - https:\/\/yoast.com\/product\/yoast-seo-premium-wordpress\/ -->\n<title>10.000 Menschen feiern die \u201eWallfahrt der Mutter und K\u00f6nigin\u201c im Nordosten Brasiliens<\/title>\n<meta name=\"description\" content=\"Viele Schritte zu Fu\u00df, viel Glauben und Emotionen bei einem Marsch, der seit 25 Jahren im Nordosten Brasiliens, in Mauriti im Bundesstaat Cear\u00e1, stattfindet.\" \/>\n<meta name=\"robots\" content=\"index, follow, max-snippet:-1, max-image-preview:large, max-video-preview:-1\" \/>\n<link rel=\"canonical\" href=\"https:\/\/schoenstatt.com\/de\/10000-menschen-feiern-die-wallfahrt-der-mutter-und-koenigin-im-nordosten-brasiliens\/\" \/>\n<meta property=\"og:locale\" content=\"de_DE\" \/>\n<meta property=\"og:type\" content=\"article\" \/>\n<meta property=\"og:title\" content=\"10.000 Menschen feiern die \u201eWallfahrt der Mutter und K\u00f6nigin\u201c im Nordosten Brasiliens\" \/>\n<meta property=\"og:description\" content=\"Viele Schritte zu Fu\u00df, viel Glauben und Emotionen bei einem Marsch, der seit 25 Jahren im Nordosten Brasiliens, in Mauriti im Bundesstaat Cear\u00e1, stattfindet.\" \/>\n<meta property=\"og:url\" content=\"https:\/\/schoenstatt.com\/de\/10000-menschen-feiern-die-wallfahrt-der-mutter-und-koenigin-im-nordosten-brasiliens\/\" \/>\n<meta property=\"og:site_name\" content=\"Schoenstatt\" \/>\n<meta property=\"article:published_time\" content=\"2025-07-31T01:03:00+00:00\" \/>\n<meta property=\"article:modified_time\" content=\"2025-08-16T02:55:17+00:00\" \/>\n<meta property=\"og:image\" content=\"https:\/\/schoenstatt.com\/wp-content\/uploads\/2025\/07\/Brazil-Mauriti-Ceara-2025-Schoenstatt.webp\" \/>\n\t<meta property=\"og:image:width\" content=\"2048\" \/>\n\t<meta property=\"og:image:height\" content=\"1233\" \/>\n\t<meta property=\"og:image:type\" content=\"image\/jpeg\" \/>\n<meta name=\"author\" content=\"Karen Bueno\" \/>\n<meta name=\"twitter:card\" content=\"summary_large_image\" \/>\n<meta name=\"twitter:label1\" content=\"Verfasst von\" \/>\n\t<meta name=\"twitter:data1\" content=\"Karen Bueno\" \/>\n\t<meta name=\"twitter:label2\" content=\"Gesch\u00e4tzte Lesezeit\" \/>\n\t<meta name=\"twitter:data2\" content=\"4\u00a0Minuten\" \/>\n<script type=\"application\/ld+json\" class=\"yoast-schema-graph\">{\"@context\":\"https:\\\/\\\/schema.org\",\"@graph\":[{\"@type\":\"Article\",\"@id\":\"https:\\\/\\\/schoenstatt.com\\\/de\\\/10000-menschen-feiern-die-wallfahrt-der-mutter-und-koenigin-im-nordosten-brasiliens\\\/#article\",\"isPartOf\":{\"@id\":\"https:\\\/\\\/schoenstatt.com\\\/de\\\/10000-menschen-feiern-die-wallfahrt-der-mutter-und-koenigin-im-nordosten-brasiliens\\\/\"},\"author\":{\"name\":\"Karen Bueno\",\"@id\":\"https:\\\/\\\/schoenstatt.com\\\/de\\\/#\\\/schema\\\/person\\\/5158877ad4acae98b34daaeef2a1ce6e\"},\"headline\":\"10.000 Menschen feiern die \u201eWallfahrt der Mutter und K\u00f6nigin\u201c im Nordosten Brasiliens\",\"datePublished\":\"2025-07-31T01:03:00+00:00\",\"dateModified\":\"2025-08-16T02:55:17+00:00\",\"mainEntityOfPage\":{\"@id\":\"https:\\\/\\\/schoenstatt.com\\\/de\\\/10000-menschen-feiern-die-wallfahrt-der-mutter-und-koenigin-im-nordosten-brasiliens\\\/\"},\"wordCount\":682,\"publisher\":{\"@id\":\"https:\\\/\\\/schoenstatt.com\\\/de\\\/#organization\"},\"image\":{\"@id\":\"https:\\\/\\\/schoenstatt.com\\\/de\\\/10000-menschen-feiern-die-wallfahrt-der-mutter-und-koenigin-im-nordosten-brasiliens\\\/#primaryimage\"},\"thumbnailUrl\":\"https:\\\/\\\/schoenstatt.com\\\/wp-content\\\/uploads\\\/2025\\\/07\\\/Brazil-Mauriti-Ceara-2025-Schoenstatt.webp\",\"keywords\":[\"Sch\u00f6nstatt Brasilien\"],\"articleSection\":[\"Amerika\"],\"inLanguage\":\"de\"},{\"@type\":\"WebPage\",\"@id\":\"https:\\\/\\\/schoenstatt.com\\\/de\\\/10000-menschen-feiern-die-wallfahrt-der-mutter-und-koenigin-im-nordosten-brasiliens\\\/\",\"url\":\"https:\\\/\\\/schoenstatt.com\\\/de\\\/10000-menschen-feiern-die-wallfahrt-der-mutter-und-koenigin-im-nordosten-brasiliens\\\/\",\"name\":\"10.000 Menschen feiern die \u201eWallfahrt der Mutter und K\u00f6nigin\u201c im Nordosten Brasiliens\",\"isPartOf\":{\"@id\":\"https:\\\/\\\/schoenstatt.com\\\/de\\\/#website\"},\"primaryImageOfPage\":{\"@id\":\"https:\\\/\\\/schoenstatt.com\\\/de\\\/10000-menschen-feiern-die-wallfahrt-der-mutter-und-koenigin-im-nordosten-brasiliens\\\/#primaryimage\"},\"image\":{\"@id\":\"https:\\\/\\\/schoenstatt.com\\\/de\\\/10000-menschen-feiern-die-wallfahrt-der-mutter-und-koenigin-im-nordosten-brasiliens\\\/#primaryimage\"},\"thumbnailUrl\":\"https:\\\/\\\/schoenstatt.com\\\/wp-content\\\/uploads\\\/2025\\\/07\\\/Brazil-Mauriti-Ceara-2025-Schoenstatt.webp\",\"datePublished\":\"2025-07-31T01:03:00+00:00\",\"dateModified\":\"2025-08-16T02:55:17+00:00\",\"description\":\"Viele Schritte zu Fu\u00df, viel Glauben und Emotionen bei einem Marsch, der seit 25 Jahren im Nordosten Brasiliens, in Mauriti im Bundesstaat Cear\u00e1, stattfindet.\",\"breadcrumb\":{\"@id\":\"https:\\\/\\\/schoenstatt.com\\\/de\\\/10000-menschen-feiern-die-wallfahrt-der-mutter-und-koenigin-im-nordosten-brasiliens\\\/#breadcrumb\"},\"inLanguage\":\"de\",\"potentialAction\":[{\"@type\":\"ReadAction\",\"target\":[\"https:\\\/\\\/schoenstatt.com\\\/de\\\/10000-menschen-feiern-die-wallfahrt-der-mutter-und-koenigin-im-nordosten-brasiliens\\\/\"]}]},{\"@type\":\"ImageObject\",\"inLanguage\":\"de\",\"@id\":\"https:\\\/\\\/schoenstatt.com\\\/de\\\/10000-menschen-feiern-die-wallfahrt-der-mutter-und-koenigin-im-nordosten-brasiliens\\\/#primaryimage\",\"url\":\"https:\\\/\\\/schoenstatt.com\\\/wp-content\\\/uploads\\\/2025\\\/07\\\/Brazil-Mauriti-Ceara-2025-Schoenstatt.webp\",\"contentUrl\":\"https:\\\/\\\/schoenstatt.com\\\/wp-content\\\/uploads\\\/2025\\\/07\\\/Brazil-Mauriti-Ceara-2025-Schoenstatt.webp\",\"width\":2048,\"height\":1233},{\"@type\":\"BreadcrumbList\",\"@id\":\"https:\\\/\\\/schoenstatt.com\\\/de\\\/10000-menschen-feiern-die-wallfahrt-der-mutter-und-koenigin-im-nordosten-brasiliens\\\/#breadcrumb\",\"itemListElement\":[{\"@type\":\"ListItem\",\"position\":1,\"name\":\"Portada\",\"item\":\"https:\\\/\\\/schoenstatt.com\\\/de\\\/home\\\/\"},{\"@type\":\"ListItem\",\"position\":2,\"name\":\"10.000 Menschen feiern die \u201eWallfahrt der Mutter und K\u00f6nigin\u201c im Nordosten Brasiliens\"}]},{\"@type\":\"WebSite\",\"@id\":\"https:\\\/\\\/schoenstatt.com\\\/de\\\/#website\",\"url\":\"https:\\\/\\\/schoenstatt.com\\\/de\\\/\",\"name\":\"Schoenstatt\",\"description\":\"Apostolic Movement\",\"publisher\":{\"@id\":\"https:\\\/\\\/schoenstatt.com\\\/de\\\/#organization\"},\"potentialAction\":[{\"@type\":\"SearchAction\",\"target\":{\"@type\":\"EntryPoint\",\"urlTemplate\":\"https:\\\/\\\/schoenstatt.com\\\/de\\\/?s={search_term_string}\"},\"query-input\":{\"@type\":\"PropertyValueSpecification\",\"valueRequired\":true,\"valueName\":\"search_term_string\"}}],\"inLanguage\":\"de\"},{\"@type\":\"Organization\",\"@id\":\"https:\\\/\\\/schoenstatt.com\\\/de\\\/#organization\",\"name\":\"Schoenstatt\",\"url\":\"https:\\\/\\\/schoenstatt.com\\\/de\\\/\",\"logo\":{\"@type\":\"ImageObject\",\"inLanguage\":\"de\",\"@id\":\"https:\\\/\\\/schoenstatt.com\\\/de\\\/#\\\/schema\\\/logo\\\/image\\\/\",\"url\":\"https:\\\/\\\/schoenstatt.com\\\/wp-content\\\/uploads\\\/2025\\\/04\\\/logo-schoenstatt-white-696x696-1.png\",\"contentUrl\":\"https:\\\/\\\/schoenstatt.com\\\/wp-content\\\/uploads\\\/2025\\\/04\\\/logo-schoenstatt-white-696x696-1.png\",\"width\":696,\"height\":694,\"caption\":\"Schoenstatt\"},\"image\":{\"@id\":\"https:\\\/\\\/schoenstatt.com\\\/de\\\/#\\\/schema\\\/logo\\\/image\\\/\"}},{\"@type\":\"Person\",\"@id\":\"https:\\\/\\\/schoenstatt.com\\\/de\\\/#\\\/schema\\\/person\\\/5158877ad4acae98b34daaeef2a1ce6e\",\"name\":\"Karen Bueno\",\"image\":{\"@type\":\"ImageObject\",\"inLanguage\":\"de\",\"@id\":\"https:\\\/\\\/secure.gravatar.com\\\/avatar\\\/f9f4b823873154269d2b2130f195f6d41037dd0d7fc5f3cacb5c846bae70d66b?s=96&d=mm&r=g\",\"url\":\"https:\\\/\\\/secure.gravatar.com\\\/avatar\\\/f9f4b823873154269d2b2130f195f6d41037dd0d7fc5f3cacb5c846bae70d66b?s=96&d=mm&r=g\",\"contentUrl\":\"https:\\\/\\\/secure.gravatar.com\\\/avatar\\\/f9f4b823873154269d2b2130f195f6d41037dd0d7fc5f3cacb5c846bae70d66b?s=96&d=mm&r=g\",\"caption\":\"Karen Bueno\"},\"url\":\"https:\\\/\\\/schoenstatt.com\\\/de\\\/author\\\/karen-bueno\\\/\"}]}<\/script>\n<!-- \/ Yoast SEO Premium plugin. -->","yoast_head_json":{"title":"10.000 Menschen feiern die \u201eWallfahrt der Mutter und K\u00f6nigin\u201c im Nordosten Brasiliens","description":"Viele Schritte zu Fu\u00df, viel Glauben und Emotionen bei einem Marsch, der seit 25 Jahren im Nordosten Brasiliens, in Mauriti im Bundesstaat Cear\u00e1, stattfindet.","robots":{"index":"index","follow":"follow","max-snippet":"max-snippet:-1","max-image-preview":"max-image-preview:large","max-video-preview":"max-video-preview:-1"},"canonical":"https:\/\/schoenstatt.com\/de\/10000-menschen-feiern-die-wallfahrt-der-mutter-und-koenigin-im-nordosten-brasiliens\/","og_locale":"de_DE","og_type":"article","og_title":"10.000 Menschen feiern die \u201eWallfahrt der Mutter und K\u00f6nigin\u201c im Nordosten Brasiliens","og_description":"Viele Schritte zu Fu\u00df, viel Glauben und Emotionen bei einem Marsch, der seit 25 Jahren im Nordosten Brasiliens, in Mauriti im Bundesstaat Cear\u00e1, stattfindet.","og_url":"https:\/\/schoenstatt.com\/de\/10000-menschen-feiern-die-wallfahrt-der-mutter-und-koenigin-im-nordosten-brasiliens\/","og_site_name":"Schoenstatt","article_published_time":"2025-07-31T01:03:00+00:00","article_modified_time":"2025-08-16T02:55:17+00:00","og_image":[{"width":2048,"height":1233,"url":"https:\/\/schoenstatt.com\/wp-content\/uploads\/2025\/07\/Brazil-Mauriti-Ceara-2025-Schoenstatt.webp","type":"image\/jpeg"}],"author":"Karen Bueno","twitter_card":"summary_large_image","twitter_misc":{"Verfasst von":"Karen Bueno","Gesch\u00e4tzte Lesezeit":"4\u00a0Minuten"},"schema":{"@context":"https:\/\/schema.org","@graph":[{"@type":"Article","@id":"https:\/\/schoenstatt.com\/de\/10000-menschen-feiern-die-wallfahrt-der-mutter-und-koenigin-im-nordosten-brasiliens\/#article","isPartOf":{"@id":"https:\/\/schoenstatt.com\/de\/10000-menschen-feiern-die-wallfahrt-der-mutter-und-koenigin-im-nordosten-brasiliens\/"},"author":{"name":"Karen Bueno","@id":"https:\/\/schoenstatt.com\/de\/#\/schema\/person\/5158877ad4acae98b34daaeef2a1ce6e"},"headline":"10.000 Menschen feiern die \u201eWallfahrt der Mutter und K\u00f6nigin\u201c im Nordosten Brasiliens","datePublished":"2025-07-31T01:03:00+00:00","dateModified":"2025-08-16T02:55:17+00:00","mainEntityOfPage":{"@id":"https:\/\/schoenstatt.com\/de\/10000-menschen-feiern-die-wallfahrt-der-mutter-und-koenigin-im-nordosten-brasiliens\/"},"wordCount":682,"publisher":{"@id":"https:\/\/schoenstatt.com\/de\/#organization"},"image":{"@id":"https:\/\/schoenstatt.com\/de\/10000-menschen-feiern-die-wallfahrt-der-mutter-und-koenigin-im-nordosten-brasiliens\/#primaryimage"},"thumbnailUrl":"https:\/\/schoenstatt.com\/wp-content\/uploads\/2025\/07\/Brazil-Mauriti-Ceara-2025-Schoenstatt.webp","keywords":["Sch\u00f6nstatt Brasilien"],"articleSection":["Amerika"],"inLanguage":"de"},{"@type":"WebPage","@id":"https:\/\/schoenstatt.com\/de\/10000-menschen-feiern-die-wallfahrt-der-mutter-und-koenigin-im-nordosten-brasiliens\/","url":"https:\/\/schoenstatt.com\/de\/10000-menschen-feiern-die-wallfahrt-der-mutter-und-koenigin-im-nordosten-brasiliens\/","name":"10.000 Menschen feiern die \u201eWallfahrt der Mutter und K\u00f6nigin\u201c im Nordosten Brasiliens","isPartOf":{"@id":"https:\/\/schoenstatt.com\/de\/#website"},"primaryImageOfPage":{"@id":"https:\/\/schoenstatt.com\/de\/10000-menschen-feiern-die-wallfahrt-der-mutter-und-koenigin-im-nordosten-brasiliens\/#primaryimage"},"image":{"@id":"https:\/\/schoenstatt.com\/de\/10000-menschen-feiern-die-wallfahrt-der-mutter-und-koenigin-im-nordosten-brasiliens\/#primaryimage"},"thumbnailUrl":"https:\/\/schoenstatt.com\/wp-content\/uploads\/2025\/07\/Brazil-Mauriti-Ceara-2025-Schoenstatt.webp","datePublished":"2025-07-31T01:03:00+00:00","dateModified":"2025-08-16T02:55:17+00:00","description":"Viele Schritte zu Fu\u00df, viel Glauben und Emotionen bei einem Marsch, der seit 25 Jahren im Nordosten Brasiliens, in Mauriti im Bundesstaat Cear\u00e1, stattfindet.","breadcrumb":{"@id":"https:\/\/schoenstatt.com\/de\/10000-menschen-feiern-die-wallfahrt-der-mutter-und-koenigin-im-nordosten-brasiliens\/#breadcrumb"},"inLanguage":"de","potentialAction":[{"@type":"ReadAction","target":["https:\/\/schoenstatt.com\/de\/10000-menschen-feiern-die-wallfahrt-der-mutter-und-koenigin-im-nordosten-brasiliens\/"]}]},{"@type":"ImageObject","inLanguage":"de","@id":"https:\/\/schoenstatt.com\/de\/10000-menschen-feiern-die-wallfahrt-der-mutter-und-koenigin-im-nordosten-brasiliens\/#primaryimage","url":"https:\/\/schoenstatt.com\/wp-content\/uploads\/2025\/07\/Brazil-Mauriti-Ceara-2025-Schoenstatt.webp","contentUrl":"https:\/\/schoenstatt.com\/wp-content\/uploads\/2025\/07\/Brazil-Mauriti-Ceara-2025-Schoenstatt.webp","width":2048,"height":1233},{"@type":"BreadcrumbList","@id":"https:\/\/schoenstatt.com\/de\/10000-menschen-feiern-die-wallfahrt-der-mutter-und-koenigin-im-nordosten-brasiliens\/#breadcrumb","itemListElement":[{"@type":"ListItem","position":1,"name":"Portada","item":"https:\/\/schoenstatt.com\/de\/home\/"},{"@type":"ListItem","position":2,"name":"10.000 Menschen feiern die \u201eWallfahrt der Mutter und K\u00f6nigin\u201c im Nordosten Brasiliens"}]},{"@type":"WebSite","@id":"https:\/\/schoenstatt.com\/de\/#website","url":"https:\/\/schoenstatt.com\/de\/","name":"Schoenstatt","description":"Apostolic Movement","publisher":{"@id":"https:\/\/schoenstatt.com\/de\/#organization"},"potentialAction":[{"@type":"SearchAction","target":{"@type":"EntryPoint","urlTemplate":"https:\/\/schoenstatt.com\/de\/?s={search_term_string}"},"query-input":{"@type":"PropertyValueSpecification","valueRequired":true,"valueName":"search_term_string"}}],"inLanguage":"de"},{"@type":"Organization","@id":"https:\/\/schoenstatt.com\/de\/#organization","name":"Schoenstatt","url":"https:\/\/schoenstatt.com\/de\/","logo":{"@type":"ImageObject","inLanguage":"de","@id":"https:\/\/schoenstatt.com\/de\/#\/schema\/logo\/image\/","url":"https:\/\/schoenstatt.com\/wp-content\/uploads\/2025\/04\/logo-schoenstatt-white-696x696-1.png","contentUrl":"https:\/\/schoenstatt.com\/wp-content\/uploads\/2025\/04\/logo-schoenstatt-white-696x696-1.png","width":696,"height":694,"caption":"Schoenstatt"},"image":{"@id":"https:\/\/schoenstatt.com\/de\/#\/schema\/logo\/image\/"}},{"@type":"Person","@id":"https:\/\/schoenstatt.com\/de\/#\/schema\/person\/5158877ad4acae98b34daaeef2a1ce6e","name":"Karen Bueno","image":{"@type":"ImageObject","inLanguage":"de","@id":"https:\/\/secure.gravatar.com\/avatar\/f9f4b823873154269d2b2130f195f6d41037dd0d7fc5f3cacb5c846bae70d66b?s=96&d=mm&r=g","url":"https:\/\/secure.gravatar.com\/avatar\/f9f4b823873154269d2b2130f195f6d41037dd0d7fc5f3cacb5c846bae70d66b?s=96&d=mm&r=g","contentUrl":"https:\/\/secure.gravatar.com\/avatar\/f9f4b823873154269d2b2130f195f6d41037dd0d7fc5f3cacb5c846bae70d66b?s=96&d=mm&r=g","caption":"Karen Bueno"},"url":"https:\/\/schoenstatt.com\/de\/author\/karen-bueno\/"}]}},"_links":{"self":[{"href":"https:\/\/schoenstatt.com\/de\/wp-json\/wp\/v2\/posts\/61221","targetHints":{"allow":["GET"]}}],"collection":[{"href":"https:\/\/schoenstatt.com\/de\/wp-json\/wp\/v2\/posts"}],"about":[{"href":"https:\/\/schoenstatt.com\/de\/wp-json\/wp\/v2\/types\/post"}],"author":[{"embeddable":true,"href":"https:\/\/schoenstatt.com\/de\/wp-json\/wp\/v2\/users\/3"}],"replies":[{"embeddable":true,"href":"https:\/\/schoenstatt.com\/de\/wp-json\/wp\/v2\/comments?post=61221"}],"version-history":[{"count":6,"href":"https:\/\/schoenstatt.com\/de\/wp-json\/wp\/v2\/posts\/61221\/revisions"}],"predecessor-version":[{"id":62119,"href":"https:\/\/schoenstatt.com\/de\/wp-json\/wp\/v2\/posts\/61221\/revisions\/62119"}],"wp:featuredmedia":[{"embeddable":true,"href":"https:\/\/schoenstatt.com\/de\/wp-json\/wp\/v2\/media\/61191"}],"wp:attachment":[{"href":"https:\/\/schoenstatt.com\/de\/wp-json\/wp\/v2\/media?parent=61221"}],"wp:term":[{"taxonomy":"category","embeddable":true,"href":"https:\/\/schoenstatt.com\/de\/wp-json\/wp\/v2\/categories?post=61221"},{"taxonomy":"post_tag","embeddable":true,"href":"https:\/\/schoenstatt.com\/de\/wp-json\/wp\/v2\/tags?post=61221"}],"curies":[{"name":"wp","href":"https:\/\/api.w.org\/{rel}","templated":true}]}}