{"id":61181,"date":"2025-07-30T03:03:00","date_gmt":"2025-07-30T01:03:00","guid":{"rendered":"https:\/\/schoenstatt.com\/?p=61181"},"modified":"2025-07-30T13:15:34","modified_gmt":"2025-07-30T11:15:34","slug":"cambrai-erlebt-tage-voller-vorfreude-auf-das-jubilaeum-des-heiligtums","status":"publish","type":"post","link":"https:\/\/schoenstatt.com\/de\/cambrai-erlebt-tage-voller-vorfreude-auf-das-jubilaeum-des-heiligtums\/","title":{"rendered":"Cambrai erlebt Tage voller Vorfreude auf das Jubil\u00e4um des Heiligtums"},"content":{"rendered":"\n<p>Am 12. September wird das \u201eSch\u00f6nstatt-Heiligtum der Einheit\u201c nahe der Todesstelle von Josef Engling in Nordfrankreich seinen 60. Geburtstag feiern. Ganz in der N\u00e4he von Cambrai vollendete sich 1918 unter den Granaten des 1. Weltkriegs das Leben des jugendlichen Mitarbeiters Pater Kentenichs, von dem dieser bezeugte, Josef sei \u201cdie gelebte Gr\u00fcndungsurkunde Sch\u00f6nstatts\u201c gewesen.<\/p>\n\n\n\n<p>Die Feier beginnt am 12. September 2025 mit einer Lobpreis-Vigil. Am Samstag, 13. September, schlie\u00dft sich das Jubil\u00e4umsfest an. Programmpunkte werden sein: eine Ausstellung zur Geschichte, ein live-Zeugnis des 90-j\u00e4hrigen Priesters Jaques Bernard, der das Heiligtum selbst mitgebaut hat, ein \u201eRun and Pray\u201c auf dem Josefswegs \u2013 mit Bischof Vincent Dollmann, dem sportlichen Bischof von Cambrai, der sein Mitlaufen zugesagt hat und zum Abschluss um 16.00 Uhr einen Festgottesdienst beim Heiligtum.<\/p>\n\n\n\n<figure class=\"wp-block-gallery has-nested-images columns-default is-cropped wp-block-gallery-1 is-layout-flex wp-block-gallery-is-layout-flex\">\n<figure class=\"wp-block-image size-large\"><img decoding=\"async\" data-id=\"61144\" src=\"https:\/\/schoenstatt.com\/wp-content\/uploads\/2025\/07\/Sr-M-Resia-Kaeppeler.jpg\" alt=\"\" class=\"wp-image-61144\"\/><\/figure>\n\n\n\n<figure class=\"wp-block-image size-full\"><img decoding=\"async\" data-id=\"61145\" src=\"https:\/\/schoenstatt.com\/wp-content\/uploads\/2025\/07\/Sr-M-Luisa-Werner.jpg\" alt=\"\" class=\"wp-image-61145\"\/><\/figure>\n<\/figure>\n\n\n\n<h3 class=\"wp-block-heading\" id=\"h-sanctuaire-de-l-unite\">\u201eSanctuaire de l\u2019unit\u00e9\u201c<\/h3>\n\n\n\n<p>Wer heute eine Zeit lang den Alltag beim Sanctuaire de l\u2019unit\u00e9 teilt, kann mit Freude und Staunen erleben, wie Josef Engling und das Sch\u00f6nstatt-Heiligtum die Herzen bewegen \u2013 nat\u00fcrlich \u201enichts ohne uns\u201c, ohne seine Mitarbeitenden. Seit Oktober 2023 leben und arbeiten wieder Marienschwestern in Cambrai. Sr. M. Resia K\u00e4ppeler ist f\u00fcr die Pastoral am Heiligtum verantwortlich und managt das Bewegungshaus \u201eFoyer de Schoenstatt\u201c. Sr. M. Luisa Werner k\u00fcmmert sich um das leibliche Wohl der G\u00e4ste sowie um Haus und Garten mit Hilfe von Ehrenamtlichen, die oft jede Woche kommen, um bei der Hausreinigung etc. zu unterst\u00fctzen.<\/p>\n\n\n\n<h3 class=\"wp-block-heading\" id=\"h-konigin-der-neuevangelisierung-europas-zu-besuch\">\u201eK\u00f6nigin der Neuevangelisierung Europas\u201c zu Besuch<\/h3>\n\n\n\n<p>In diesem Jahr war das gro\u00dfe Pilgerheiligtum, das durch Europa wandert zu Besuch in Frankreich: die \u201eK\u00f6nigin der Neuevangelisierung Europas\u201c. Da gab es verschiedene Begegnungen mit der Gottesmutter: zum Beispiel einen gut besuchten geistlichen Liederabend: \u201eSingen f\u00fcr Maria, K\u00f6nigin des Friedens, Hoffnung der V\u00f6lker\u201c mit einer befreundeten Musikgruppe. Vor jedem Lied konnte Sr. M. Resia aus Briefen von Josef Engling vorlesen.<\/p>\n\n\n\n<figure class=\"wp-block-gallery has-nested-images columns-default is-cropped wp-block-gallery-2 is-layout-flex wp-block-gallery-is-layout-flex\">\n<figure class=\"wp-block-image size-large\"><img decoding=\"async\" data-id=\"61152\" src=\"https:\/\/schoenstatt.com\/wp-content\/uploads\/2025\/07\/Cambrai-2.jpg\" alt=\"\" class=\"wp-image-61152\"\/><\/figure>\n\n\n\n<figure class=\"wp-block-image size-large\"><img decoding=\"async\" data-id=\"61153\" src=\"https:\/\/schoenstatt.com\/wp-content\/uploads\/2025\/07\/Cambrai-Gedenkstaette-1-Weltkrieg.jpg\" alt=\"\" class=\"wp-image-61153\"\/><\/figure>\n<\/figure>\n\n\n\n<p>Eine Gruppe von Franzosen nutzte den B\u00fcndnistag zu einer Wallfahrt nach Flandern auf den Spuren von Josef Engling. Sie besuchten die Gedenkst\u00e4tte Notre-Dame-de-Lorette, wo \u00fcber eine halbe Millionen Namen von Opfern des 1. Weltkrieges in einem gro\u00dfen Gedenkring festgehalten sind. Auch Josef Engling ist dort verewigt. Dann gingen sie mit dem Bild der \u201eK\u00f6nigin der Neuevangelisierung Europas\u201c den letzten Weg Josef Englings nach: von Eswars hin zum Feld, wo ihn am 4. Obtober 1918 eine Granate traf und t\u00f6tete. Im Gep\u00e4ck hatten sie die gro\u00dfe Bitte um Frieden in der Ukraine und in den vielen Kriegsgebieten der Welt.<\/p>\n\n\n\n<h3 class=\"wp-block-heading\" id=\"h-monatliche-gottesdienste-fur-den-frieden-an-einem-internationalen-ort\">Monatliche Gottesdienste f\u00fcr den Frieden an einem internationalen Ort<\/h3>\n\n\n\n<p>Eine besondere Freude f\u00fcr Josef Engling ist bestimmt die monatliche \u201ehl. Messe f\u00fcr den Frieden\u201c, die seit einem Jahr in \u201eseinem\u201c Heiligtum stattfindet. Eine Initiative von \u201ePax Christi\u201c in Kooperation mit der Di\u00f6zese Cambrai. So wird das Heiligtum immer mehr bekannt. Und das sp\u00fcrt man: Es vergeht kein Tag, ohne Besucher im Heiligtum der Einheit: einzelne, stille Beter oder Gruppen, wie Erstkommunionkinder aus umliegenden Pfarreien, oder die Frauen- und Familiengruppe, die regelm\u00e4\u00dfig zu ihren Treffen kommen. Und Pilger auf den Spuren Josef Englings aus anderen L\u00e4ndern: in den letzten Monaten ein texanisches Ehepaar, junge Frauen aus der Schweiz, das internationale Postulat der Sch\u00f6nst\u00e4tter Marienschwestern, Jugendliche der Sch\u00f6nstatt-Jugend aus der Di\u00f6zese Rottenburg, Sch\u00f6nstatt-Patres aus Burundi. Erwartet werden noch u.a. eine Gruppe aus Polen, Sch\u00f6nstatt-Jugend aus Mexiko und der Di\u00f6zese Freiburg. Cambrai ist mit dem Lebenszeugnis von Josef Engling tats\u00e4chlich ein Ort f\u00fcr die internationale Sch\u00f6nstatt\u00adfamilie.<\/p>\n\n\n\n<figure class=\"wp-block-image aligncenter size-full\"><img decoding=\"async\" src=\"https:\/\/schoenstatt.com\/wp-content\/uploads\/2025\/07\/Cambrai-Gruppenabend.jpg\" alt=\"\" class=\"wp-image-61164\"\/><\/figure>\n\n\n\n<h3 class=\"wp-block-heading\" id=\"h-franzosische-pilger-zum-urheiligtum\">Franz\u00f6sische Pilger zum Urheiligtum<\/h3>\n\n\n\n<p>Zusammen mit dem Generalvikar der Di\u00f6zese Cambrai, Abb\u00e9 Mathieu, nahmen \u00fcber 50 franz\u00f6sische Pilger ihrerseits die Einladung von Sr. M. Resia zur Wallfahrt zum Urheiligtum in Deutschland an. Sie erlebten u.a. die Fronleichnamsprozession auf Berg Sch\u00f6nstatt mit und waren beeindruckt und gl\u00fccklich \u00fcber dieses Glaubensfest, das man in dieser Weise in Frankreich kaum kennt.<\/p>\n\n\n\n<h3 class=\"wp-block-heading\" id=\"h-au-revoir-a-cambrai-12-13-september-2025\">Au revoir \u00e0 Cambrai: 12. + 13. September 2025<\/h3>\n\n\n\n<p>Bei jedem Gottesdienst in ihrer Sch\u00f6nstatt-Kapelle (t\u00e4glich Dienstag bis Freitag) beten die franz\u00f6sischen Sch\u00f6nst\u00e4tter aktuell das Vorbereitungsgebet f\u00fcr das Geburtstagsfest des Heiligtums zu dem sie viele G\u00e4ste von nah und fern erwarten. Die Marienbr\u00fcder Dietger M. Kuller und Klemens M. Holl\u00e4nder sorgen derzeit f\u00fcr die n\u00f6tigen Renovierungen, damit das Heiligtum bald im Jubil\u00e4umsglanz erstrahlen kann.<\/p>\n\n\n\n<p><strong>Programm:<\/strong><\/p>\n\n\n\n<p><strong>Freitag, 12. September:<br><\/strong>Er\u00f6ffnung mit Lobpreis-Vigil am.<\/p>\n\n\n\n<p><strong>Samstag, 13. September:<br><\/strong>Jubil\u00e4umsfest mit Ausstellung zur Geschichte<br>live-Zeugnis des 90-j\u00e4hrigen Priesters Jaques Bernard, der das Heiligtum mitgebaut hat.<br>\u201eRun and Pray\u201c auf dem Josefswegs &#8211; mit Bischof Vincent Dollmann, dem sportlichen Bischof von Cambrai, der sein Mitlaufen zugesagt hat.<br>16.00 Uhr: Festgottesdienst beim Heiligtum<\/p>\n\n\n\n<p><strong>Quelle:<\/strong> <a href=\"https:\/\/www.schoenstatt.de\/de\/news\/6880\/112\/Es-tut-sich-was-in-Cambrai.htm#prettyPhoto\" target=\"_blank\" rel=\"noreferrer noopener\">schoenstatt.de<\/a><\/p>\n","protected":false},"excerpt":{"rendered":"<p>Das Heiligtum der Einheit in Cambrai bereitet sich darauf vor, im September sein 60-j\u00e4hriges Bestehen zu feiern \u2013 erfahren Sie mehr dar\u00fcber.<\/p>\n","protected":false},"author":3,"featured_media":61140,"comment_status":"closed","ping_status":"closed","sticky":false,"template":"","format":"standard","meta":{"footnotes":""},"categories":[870],"tags":[],"class_list":["post-61181","post","type-post","status-publish","format-standard","has-post-thumbnail","hentry","category-europa-de"],"yoast_head":"<!-- This site is optimized with the Yoast SEO Premium plugin v27.4 (Yoast SEO v27.4) - https:\/\/yoast.com\/product\/yoast-seo-premium-wordpress\/ -->\n<title>Cambrai erlebt Tage voller Vorfreude auf das Jubil\u00e4um des Heiligtums<\/title>\n<meta name=\"description\" content=\"Das Heiligtum der Einheit in Cambrai bereitet sich darauf vor, im September sein 60-j\u00e4hriges Bestehen zu feiern \u2013 erfahren Sie mehr dar\u00fcber.\" \/>\n<meta name=\"robots\" content=\"index, follow, max-snippet:-1, max-image-preview:large, max-video-preview:-1\" \/>\n<link rel=\"canonical\" href=\"https:\/\/schoenstatt.com\/de\/cambrai-erlebt-tage-voller-vorfreude-auf-das-jubilaeum-des-heiligtums\/\" \/>\n<meta property=\"og:locale\" content=\"de_DE\" \/>\n<meta property=\"og:type\" content=\"article\" \/>\n<meta property=\"og:title\" content=\"Cambrai erlebt Tage voller Vorfreude auf das Jubil\u00e4um des Heiligtums\" \/>\n<meta property=\"og:description\" content=\"Das Heiligtum der Einheit in Cambrai bereitet sich darauf vor, im September sein 60-j\u00e4hriges Bestehen zu feiern \u2013 erfahren Sie mehr dar\u00fcber.\" \/>\n<meta property=\"og:url\" content=\"https:\/\/schoenstatt.com\/de\/cambrai-erlebt-tage-voller-vorfreude-auf-das-jubilaeum-des-heiligtums\/\" \/>\n<meta property=\"og:site_name\" content=\"Schoenstatt\" \/>\n<meta property=\"article:published_time\" content=\"2025-07-30T01:03:00+00:00\" \/>\n<meta property=\"article:modified_time\" content=\"2025-07-30T11:15:34+00:00\" \/>\n<meta property=\"og:image\" content=\"https:\/\/schoenstatt.com\/wp-content\/uploads\/2025\/07\/cambrai.webp\" \/>\n\t<meta property=\"og:image:width\" content=\"2048\" \/>\n\t<meta property=\"og:image:height\" content=\"1344\" \/>\n\t<meta property=\"og:image:type\" content=\"image\/jpeg\" \/>\n<meta name=\"author\" content=\"Karen Bueno\" \/>\n<meta name=\"twitter:card\" content=\"summary_large_image\" \/>\n<meta name=\"twitter:label1\" content=\"Verfasst von\" \/>\n\t<meta name=\"twitter:data1\" content=\"Karen Bueno\" \/>\n\t<meta name=\"twitter:label2\" content=\"Gesch\u00e4tzte Lesezeit\" \/>\n\t<meta name=\"twitter:data2\" content=\"6\u00a0Minuten\" \/>\n<script type=\"application\/ld+json\" class=\"yoast-schema-graph\">{\"@context\":\"https:\\\/\\\/schema.org\",\"@graph\":[{\"@type\":\"Article\",\"@id\":\"https:\\\/\\\/schoenstatt.com\\\/de\\\/cambrai-erlebt-tage-voller-vorfreude-auf-das-jubilaeum-des-heiligtums\\\/#article\",\"isPartOf\":{\"@id\":\"https:\\\/\\\/schoenstatt.com\\\/de\\\/cambrai-erlebt-tage-voller-vorfreude-auf-das-jubilaeum-des-heiligtums\\\/\"},\"author\":{\"name\":\"Karen Bueno\",\"@id\":\"https:\\\/\\\/schoenstatt.com\\\/de\\\/#\\\/schema\\\/person\\\/5158877ad4acae98b34daaeef2a1ce6e\"},\"headline\":\"Cambrai erlebt Tage voller Vorfreude auf das Jubil\u00e4um des Heiligtums\",\"datePublished\":\"2025-07-30T01:03:00+00:00\",\"dateModified\":\"2025-07-30T11:15:34+00:00\",\"mainEntityOfPage\":{\"@id\":\"https:\\\/\\\/schoenstatt.com\\\/de\\\/cambrai-erlebt-tage-voller-vorfreude-auf-das-jubilaeum-des-heiligtums\\\/\"},\"wordCount\":775,\"publisher\":{\"@id\":\"https:\\\/\\\/schoenstatt.com\\\/de\\\/#organization\"},\"image\":{\"@id\":\"https:\\\/\\\/schoenstatt.com\\\/de\\\/cambrai-erlebt-tage-voller-vorfreude-auf-das-jubilaeum-des-heiligtums\\\/#primaryimage\"},\"thumbnailUrl\":\"https:\\\/\\\/schoenstatt.com\\\/wp-content\\\/uploads\\\/2025\\\/07\\\/cambrai.webp\",\"articleSection\":[\"Europa\"],\"inLanguage\":\"de\"},{\"@type\":\"WebPage\",\"@id\":\"https:\\\/\\\/schoenstatt.com\\\/de\\\/cambrai-erlebt-tage-voller-vorfreude-auf-das-jubilaeum-des-heiligtums\\\/\",\"url\":\"https:\\\/\\\/schoenstatt.com\\\/de\\\/cambrai-erlebt-tage-voller-vorfreude-auf-das-jubilaeum-des-heiligtums\\\/\",\"name\":\"Cambrai erlebt Tage voller Vorfreude auf das Jubil\u00e4um des Heiligtums\",\"isPartOf\":{\"@id\":\"https:\\\/\\\/schoenstatt.com\\\/de\\\/#website\"},\"primaryImageOfPage\":{\"@id\":\"https:\\\/\\\/schoenstatt.com\\\/de\\\/cambrai-erlebt-tage-voller-vorfreude-auf-das-jubilaeum-des-heiligtums\\\/#primaryimage\"},\"image\":{\"@id\":\"https:\\\/\\\/schoenstatt.com\\\/de\\\/cambrai-erlebt-tage-voller-vorfreude-auf-das-jubilaeum-des-heiligtums\\\/#primaryimage\"},\"thumbnailUrl\":\"https:\\\/\\\/schoenstatt.com\\\/wp-content\\\/uploads\\\/2025\\\/07\\\/cambrai.webp\",\"datePublished\":\"2025-07-30T01:03:00+00:00\",\"dateModified\":\"2025-07-30T11:15:34+00:00\",\"description\":\"Das Heiligtum der Einheit in Cambrai bereitet sich darauf vor, im September sein 60-j\u00e4hriges Bestehen zu feiern \u2013 erfahren Sie mehr dar\u00fcber.\",\"breadcrumb\":{\"@id\":\"https:\\\/\\\/schoenstatt.com\\\/de\\\/cambrai-erlebt-tage-voller-vorfreude-auf-das-jubilaeum-des-heiligtums\\\/#breadcrumb\"},\"inLanguage\":\"de\",\"potentialAction\":[{\"@type\":\"ReadAction\",\"target\":[\"https:\\\/\\\/schoenstatt.com\\\/de\\\/cambrai-erlebt-tage-voller-vorfreude-auf-das-jubilaeum-des-heiligtums\\\/\"]}]},{\"@type\":\"ImageObject\",\"inLanguage\":\"de\",\"@id\":\"https:\\\/\\\/schoenstatt.com\\\/de\\\/cambrai-erlebt-tage-voller-vorfreude-auf-das-jubilaeum-des-heiligtums\\\/#primaryimage\",\"url\":\"https:\\\/\\\/schoenstatt.com\\\/wp-content\\\/uploads\\\/2025\\\/07\\\/cambrai.webp\",\"contentUrl\":\"https:\\\/\\\/schoenstatt.com\\\/wp-content\\\/uploads\\\/2025\\\/07\\\/cambrai.webp\",\"width\":2048,\"height\":1344},{\"@type\":\"BreadcrumbList\",\"@id\":\"https:\\\/\\\/schoenstatt.com\\\/de\\\/cambrai-erlebt-tage-voller-vorfreude-auf-das-jubilaeum-des-heiligtums\\\/#breadcrumb\",\"itemListElement\":[{\"@type\":\"ListItem\",\"position\":1,\"name\":\"Portada\",\"item\":\"https:\\\/\\\/schoenstatt.com\\\/de\\\/home\\\/\"},{\"@type\":\"ListItem\",\"position\":2,\"name\":\"Cambrai erlebt Tage voller Vorfreude auf das Jubil\u00e4um des Heiligtums\"}]},{\"@type\":\"WebSite\",\"@id\":\"https:\\\/\\\/schoenstatt.com\\\/de\\\/#website\",\"url\":\"https:\\\/\\\/schoenstatt.com\\\/de\\\/\",\"name\":\"Schoenstatt\",\"description\":\"Apostolic Movement\",\"publisher\":{\"@id\":\"https:\\\/\\\/schoenstatt.com\\\/de\\\/#organization\"},\"potentialAction\":[{\"@type\":\"SearchAction\",\"target\":{\"@type\":\"EntryPoint\",\"urlTemplate\":\"https:\\\/\\\/schoenstatt.com\\\/de\\\/?s={search_term_string}\"},\"query-input\":{\"@type\":\"PropertyValueSpecification\",\"valueRequired\":true,\"valueName\":\"search_term_string\"}}],\"inLanguage\":\"de\"},{\"@type\":\"Organization\",\"@id\":\"https:\\\/\\\/schoenstatt.com\\\/de\\\/#organization\",\"name\":\"Schoenstatt\",\"url\":\"https:\\\/\\\/schoenstatt.com\\\/de\\\/\",\"logo\":{\"@type\":\"ImageObject\",\"inLanguage\":\"de\",\"@id\":\"https:\\\/\\\/schoenstatt.com\\\/de\\\/#\\\/schema\\\/logo\\\/image\\\/\",\"url\":\"https:\\\/\\\/schoenstatt.com\\\/wp-content\\\/uploads\\\/2025\\\/04\\\/logo-schoenstatt-white-696x696-1.png\",\"contentUrl\":\"https:\\\/\\\/schoenstatt.com\\\/wp-content\\\/uploads\\\/2025\\\/04\\\/logo-schoenstatt-white-696x696-1.png\",\"width\":696,\"height\":694,\"caption\":\"Schoenstatt\"},\"image\":{\"@id\":\"https:\\\/\\\/schoenstatt.com\\\/de\\\/#\\\/schema\\\/logo\\\/image\\\/\"}},{\"@type\":\"Person\",\"@id\":\"https:\\\/\\\/schoenstatt.com\\\/de\\\/#\\\/schema\\\/person\\\/5158877ad4acae98b34daaeef2a1ce6e\",\"name\":\"Karen Bueno\",\"image\":{\"@type\":\"ImageObject\",\"inLanguage\":\"de\",\"@id\":\"https:\\\/\\\/secure.gravatar.com\\\/avatar\\\/f9f4b823873154269d2b2130f195f6d41037dd0d7fc5f3cacb5c846bae70d66b?s=96&d=mm&r=g\",\"url\":\"https:\\\/\\\/secure.gravatar.com\\\/avatar\\\/f9f4b823873154269d2b2130f195f6d41037dd0d7fc5f3cacb5c846bae70d66b?s=96&d=mm&r=g\",\"contentUrl\":\"https:\\\/\\\/secure.gravatar.com\\\/avatar\\\/f9f4b823873154269d2b2130f195f6d41037dd0d7fc5f3cacb5c846bae70d66b?s=96&d=mm&r=g\",\"caption\":\"Karen Bueno\"},\"url\":\"https:\\\/\\\/schoenstatt.com\\\/de\\\/author\\\/karen-bueno\\\/\"}]}<\/script>\n<!-- \/ Yoast SEO Premium plugin. -->","yoast_head_json":{"title":"Cambrai erlebt Tage voller Vorfreude auf das Jubil\u00e4um des Heiligtums","description":"Das Heiligtum der Einheit in Cambrai bereitet sich darauf vor, im September sein 60-j\u00e4hriges Bestehen zu feiern \u2013 erfahren Sie mehr dar\u00fcber.","robots":{"index":"index","follow":"follow","max-snippet":"max-snippet:-1","max-image-preview":"max-image-preview:large","max-video-preview":"max-video-preview:-1"},"canonical":"https:\/\/schoenstatt.com\/de\/cambrai-erlebt-tage-voller-vorfreude-auf-das-jubilaeum-des-heiligtums\/","og_locale":"de_DE","og_type":"article","og_title":"Cambrai erlebt Tage voller Vorfreude auf das Jubil\u00e4um des Heiligtums","og_description":"Das Heiligtum der Einheit in Cambrai bereitet sich darauf vor, im September sein 60-j\u00e4hriges Bestehen zu feiern \u2013 erfahren Sie mehr dar\u00fcber.","og_url":"https:\/\/schoenstatt.com\/de\/cambrai-erlebt-tage-voller-vorfreude-auf-das-jubilaeum-des-heiligtums\/","og_site_name":"Schoenstatt","article_published_time":"2025-07-30T01:03:00+00:00","article_modified_time":"2025-07-30T11:15:34+00:00","og_image":[{"width":2048,"height":1344,"url":"https:\/\/schoenstatt.com\/wp-content\/uploads\/2025\/07\/cambrai.webp","type":"image\/jpeg"}],"author":"Karen Bueno","twitter_card":"summary_large_image","twitter_misc":{"Verfasst von":"Karen Bueno","Gesch\u00e4tzte Lesezeit":"6\u00a0Minuten"},"schema":{"@context":"https:\/\/schema.org","@graph":[{"@type":"Article","@id":"https:\/\/schoenstatt.com\/de\/cambrai-erlebt-tage-voller-vorfreude-auf-das-jubilaeum-des-heiligtums\/#article","isPartOf":{"@id":"https:\/\/schoenstatt.com\/de\/cambrai-erlebt-tage-voller-vorfreude-auf-das-jubilaeum-des-heiligtums\/"},"author":{"name":"Karen Bueno","@id":"https:\/\/schoenstatt.com\/de\/#\/schema\/person\/5158877ad4acae98b34daaeef2a1ce6e"},"headline":"Cambrai erlebt Tage voller Vorfreude auf das Jubil\u00e4um des Heiligtums","datePublished":"2025-07-30T01:03:00+00:00","dateModified":"2025-07-30T11:15:34+00:00","mainEntityOfPage":{"@id":"https:\/\/schoenstatt.com\/de\/cambrai-erlebt-tage-voller-vorfreude-auf-das-jubilaeum-des-heiligtums\/"},"wordCount":775,"publisher":{"@id":"https:\/\/schoenstatt.com\/de\/#organization"},"image":{"@id":"https:\/\/schoenstatt.com\/de\/cambrai-erlebt-tage-voller-vorfreude-auf-das-jubilaeum-des-heiligtums\/#primaryimage"},"thumbnailUrl":"https:\/\/schoenstatt.com\/wp-content\/uploads\/2025\/07\/cambrai.webp","articleSection":["Europa"],"inLanguage":"de"},{"@type":"WebPage","@id":"https:\/\/schoenstatt.com\/de\/cambrai-erlebt-tage-voller-vorfreude-auf-das-jubilaeum-des-heiligtums\/","url":"https:\/\/schoenstatt.com\/de\/cambrai-erlebt-tage-voller-vorfreude-auf-das-jubilaeum-des-heiligtums\/","name":"Cambrai erlebt Tage voller Vorfreude auf das Jubil\u00e4um des Heiligtums","isPartOf":{"@id":"https:\/\/schoenstatt.com\/de\/#website"},"primaryImageOfPage":{"@id":"https:\/\/schoenstatt.com\/de\/cambrai-erlebt-tage-voller-vorfreude-auf-das-jubilaeum-des-heiligtums\/#primaryimage"},"image":{"@id":"https:\/\/schoenstatt.com\/de\/cambrai-erlebt-tage-voller-vorfreude-auf-das-jubilaeum-des-heiligtums\/#primaryimage"},"thumbnailUrl":"https:\/\/schoenstatt.com\/wp-content\/uploads\/2025\/07\/cambrai.webp","datePublished":"2025-07-30T01:03:00+00:00","dateModified":"2025-07-30T11:15:34+00:00","description":"Das Heiligtum der Einheit in Cambrai bereitet sich darauf vor, im September sein 60-j\u00e4hriges Bestehen zu feiern \u2013 erfahren Sie mehr dar\u00fcber.","breadcrumb":{"@id":"https:\/\/schoenstatt.com\/de\/cambrai-erlebt-tage-voller-vorfreude-auf-das-jubilaeum-des-heiligtums\/#breadcrumb"},"inLanguage":"de","potentialAction":[{"@type":"ReadAction","target":["https:\/\/schoenstatt.com\/de\/cambrai-erlebt-tage-voller-vorfreude-auf-das-jubilaeum-des-heiligtums\/"]}]},{"@type":"ImageObject","inLanguage":"de","@id":"https:\/\/schoenstatt.com\/de\/cambrai-erlebt-tage-voller-vorfreude-auf-das-jubilaeum-des-heiligtums\/#primaryimage","url":"https:\/\/schoenstatt.com\/wp-content\/uploads\/2025\/07\/cambrai.webp","contentUrl":"https:\/\/schoenstatt.com\/wp-content\/uploads\/2025\/07\/cambrai.webp","width":2048,"height":1344},{"@type":"BreadcrumbList","@id":"https:\/\/schoenstatt.com\/de\/cambrai-erlebt-tage-voller-vorfreude-auf-das-jubilaeum-des-heiligtums\/#breadcrumb","itemListElement":[{"@type":"ListItem","position":1,"name":"Portada","item":"https:\/\/schoenstatt.com\/de\/home\/"},{"@type":"ListItem","position":2,"name":"Cambrai erlebt Tage voller Vorfreude auf das Jubil\u00e4um des Heiligtums"}]},{"@type":"WebSite","@id":"https:\/\/schoenstatt.com\/de\/#website","url":"https:\/\/schoenstatt.com\/de\/","name":"Schoenstatt","description":"Apostolic Movement","publisher":{"@id":"https:\/\/schoenstatt.com\/de\/#organization"},"potentialAction":[{"@type":"SearchAction","target":{"@type":"EntryPoint","urlTemplate":"https:\/\/schoenstatt.com\/de\/?s={search_term_string}"},"query-input":{"@type":"PropertyValueSpecification","valueRequired":true,"valueName":"search_term_string"}}],"inLanguage":"de"},{"@type":"Organization","@id":"https:\/\/schoenstatt.com\/de\/#organization","name":"Schoenstatt","url":"https:\/\/schoenstatt.com\/de\/","logo":{"@type":"ImageObject","inLanguage":"de","@id":"https:\/\/schoenstatt.com\/de\/#\/schema\/logo\/image\/","url":"https:\/\/schoenstatt.com\/wp-content\/uploads\/2025\/04\/logo-schoenstatt-white-696x696-1.png","contentUrl":"https:\/\/schoenstatt.com\/wp-content\/uploads\/2025\/04\/logo-schoenstatt-white-696x696-1.png","width":696,"height":694,"caption":"Schoenstatt"},"image":{"@id":"https:\/\/schoenstatt.com\/de\/#\/schema\/logo\/image\/"}},{"@type":"Person","@id":"https:\/\/schoenstatt.com\/de\/#\/schema\/person\/5158877ad4acae98b34daaeef2a1ce6e","name":"Karen Bueno","image":{"@type":"ImageObject","inLanguage":"de","@id":"https:\/\/secure.gravatar.com\/avatar\/f9f4b823873154269d2b2130f195f6d41037dd0d7fc5f3cacb5c846bae70d66b?s=96&d=mm&r=g","url":"https:\/\/secure.gravatar.com\/avatar\/f9f4b823873154269d2b2130f195f6d41037dd0d7fc5f3cacb5c846bae70d66b?s=96&d=mm&r=g","contentUrl":"https:\/\/secure.gravatar.com\/avatar\/f9f4b823873154269d2b2130f195f6d41037dd0d7fc5f3cacb5c846bae70d66b?s=96&d=mm&r=g","caption":"Karen Bueno"},"url":"https:\/\/schoenstatt.com\/de\/author\/karen-bueno\/"}]}},"_links":{"self":[{"href":"https:\/\/schoenstatt.com\/de\/wp-json\/wp\/v2\/posts\/61181","targetHints":{"allow":["GET"]}}],"collection":[{"href":"https:\/\/schoenstatt.com\/de\/wp-json\/wp\/v2\/posts"}],"about":[{"href":"https:\/\/schoenstatt.com\/de\/wp-json\/wp\/v2\/types\/post"}],"author":[{"embeddable":true,"href":"https:\/\/schoenstatt.com\/de\/wp-json\/wp\/v2\/users\/3"}],"replies":[{"embeddable":true,"href":"https:\/\/schoenstatt.com\/de\/wp-json\/wp\/v2\/comments?post=61181"}],"version-history":[{"count":1,"href":"https:\/\/schoenstatt.com\/de\/wp-json\/wp\/v2\/posts\/61181\/revisions"}],"predecessor-version":[{"id":61182,"href":"https:\/\/schoenstatt.com\/de\/wp-json\/wp\/v2\/posts\/61181\/revisions\/61182"}],"wp:featuredmedia":[{"embeddable":true,"href":"https:\/\/schoenstatt.com\/de\/wp-json\/wp\/v2\/media\/61140"}],"wp:attachment":[{"href":"https:\/\/schoenstatt.com\/de\/wp-json\/wp\/v2\/media?parent=61181"}],"wp:term":[{"taxonomy":"category","embeddable":true,"href":"https:\/\/schoenstatt.com\/de\/wp-json\/wp\/v2\/categories?post=61181"},{"taxonomy":"post_tag","embeddable":true,"href":"https:\/\/schoenstatt.com\/de\/wp-json\/wp\/v2\/tags?post=61181"}],"curies":[{"name":"wp","href":"https:\/\/api.w.org\/{rel}","templated":true}]}}