{"id":61066,"date":"2025-07-26T03:03:00","date_gmt":"2025-07-26T01:03:00","guid":{"rendered":"https:\/\/schoenstatt.com\/?p=61066"},"modified":"2025-08-21T23:42:44","modified_gmt":"2025-08-21T21:42:44","slug":"ein-ort-der-hoffnung-internationaler-begegnungstag-in-berlin","status":"publish","type":"post","link":"https:\/\/schoenstatt.com\/de\/ein-ort-der-hoffnung-internationaler-begegnungstag-in-berlin\/","title":{"rendered":"Ein Ort der Hoffnung \u2013 Internationaler Begegnungstag in Berlin"},"content":{"rendered":"\n<p>Strahlender Sonnenschein, beste Stimmung und bewegende internationale Begegnungen pr\u00e4gten den diesj\u00e4hrigen Internationalen Begegnungstag in Berlin-Frohnau, zu dem sich rund 200 G\u00e4ste aus vielen L\u00e4ndern und Kulturen versammelten. Im Zentrum des Geschehens: das Sch\u00f6nstatt-Heiligtum, das sich in den letzten Jahren zu einem bedeutenden Ort des Glaubens, der Hoffnung und der Begegnung mitten in der Hauptstadt entwickelt hat.<\/p>\n\n\n\n<p>Schon seit Jahren ist das kleine Kapellchen in Frohnau ein spiritueller Anziehungspunkt f\u00fcr Menschen aus verschiedensten kulturellen Hintergr\u00fcnden. Hier verbinden sich Glaube, Gemeinschaft und gelebte Internationalit\u00e4t auf besondere Weise. Der Begegnungstag ist mittlerweile eine wundersch\u00f6ne Tradition, die Br\u00fccken schl\u00e4gt \u2013 zwischen Sprachen, Generationen und Lebenswirklichkeiten.<\/p>\n\n\n\n<figure class=\"wp-block-image aligncenter size-full is-resized\"><img fetchpriority=\"high\" decoding=\"async\" width=\"700\" height=\"467\" src=\"https:\/\/schoenstatt.com\/wp-content\/uploads\/2025\/07\/Schoenstatt-Berlim-2.jpg\" alt=\"\" class=\"wp-image-61042\" style=\"width:700px;height:auto\"\/><figcaption class=\"wp-element-caption\">Fotos: Christian Neumann<\/figcaption><\/figure>\n\n\n\n<h3 class=\"wp-block-heading\" id=\"h-ein-fest-der-vielfalt-getragen-vom-geist-des-heiligen-jahres\">Ein Fest der Vielfalt \u2013 getragen vom Geist des Heiligen Jahres<\/h3>\n\n\n\n<p>Im Jahr 2025, dem Heiligen Jahr der \u201ePilger der Hoffnung\u201c, wurde das Heiligtum zu einem leuchtenden Punkt auf dem Weg der Hoffnung, dem symbolischen Pilgerweg vieler Gl\u00e4ubiger weltweit. Gerade hier \u2013 in einem multikulturellen Viertel Berlins \u2013 wurde sichtbar, was Pater Josef Kentenich meinte, als er sagte, dass unsere Heiligt\u00fcmer \u201eLichtpunkte in der Nacht der Welt\u201c sein sollen.<\/p>\n\n\n\n<p>Nach der feierlichen Begr\u00fc\u00dfung in den Landessprachen der vertretenen Nationen zogen die Delegationen mit ihren Landesfahnen zum festlich geschm\u00fcckten gro\u00dfen Pilgerheiligtum. Ein kraftvolles Zeichen der Einheit in der Vielfalt!<\/p>\n\n\n\n<p>Ein geistlicher H\u00f6hepunkt war die Heilige Messe mit Musikbegleitung durch den Chor der philippinischen Mission. Pater Arkadiusz Sosna, Hauptzelebrant, betonte in seiner Predigt die gemeinsame Berufung aller: Hoffnungstr\u00e4ger in dieser Welt zu sein, getragen von der Liebe Gottes und gest\u00e4rkt durch die Gemeinschaft der Glaubenden. Unterst\u00fctzt wurde er von Pater Klaus Krenz und Pater Jeremy, einem Steyler Missionar.<\/p>\n\n\n\n<figure class=\"wp-block-image aligncenter size-full\"><img decoding=\"async\" width=\"700\" height=\"467\" src=\"https:\/\/schoenstatt.com\/wp-content\/uploads\/2025\/07\/Schoenstatt-Berlim-3.jpg\" alt=\"\" class=\"wp-image-61047\"\/><\/figure>\n\n\n\n<h3 class=\"wp-block-heading\" id=\"h-ehren-fur-maria-mit-musik-tanz-und-lobpreis\">Ehren f\u00fcr Maria \u2013 mit Musik, Tanz und Lobpreis<\/h3>\n\n\n\n<p>Nach der Eucharistie zog eine farbenfrohe Prozession mit dem gro\u00dfen Pilgerheiligtum und den Fahnen zum Kapellchen, wo die Gottesmutter in einem kreativen Lobpreis geehrt wurde:<\/p>\n\n\n\n<p>T\u00e4nze philippinischer Jugendlicher in traditioneller Tracht<br>Ein gef\u00fchlvolles Violinkonzert von H. Maurice Pappe<br>Ein Marienlied der polnischen Gemeinde, gestaltet von der Familie Koperla<br>Ein mitrei\u00dfender Halleluja-Tanz mit internationalen Teilnehmern<br>Und das ber\u00fchrende \u201eStella Maris\u201c des philippinischen Chores<\/p>\n\n\n\n<h3 class=\"wp-block-heading\" id=\"h-gemeinschaft-kulinarik-und-inspiration\">Gemeinschaft, Kulinarik und Inspiration<\/h3>\n\n\n\n<p>Beim anschlie\u00dfenden internationalen Buffet spiegelte sich die Vielfalt auch kulinarisch wider: Jeder brachte etwas aus seiner Heimat mit \u2013 eine Geste, die zeigt: Teilen schafft Gemeinschaft.<\/p>\n\n\n\n<p>Ein besonderer Programmpunkt war der Beitrag von Sr. M. Alena Engelhardt, die eigens aus Sch\u00f6nstatt gekommen war. Sie berichtete lebendig vom Leben und Wirken von Jo\u00e3o Pozzobon, dessen Mission mit der Pilgernden Gottesmutter seit 75 Jahren Menschen weltweit verbindet.<\/p>\n\n\n\n<figure class=\"wp-block-gallery has-nested-images columns-default is-cropped wp-block-gallery-1 is-layout-flex wp-block-gallery-is-layout-flex\">\n<figure class=\"wp-block-image size-large\"><img decoding=\"async\" width=\"700\" height=\"467\" data-id=\"61053\" src=\"https:\/\/schoenstatt.com\/wp-content\/uploads\/2025\/07\/Schoenstatt-Berlim-4.jpg\" alt=\"\" class=\"wp-image-61053\"\/><\/figure>\n\n\n\n<figure class=\"wp-block-image size-large\"><img loading=\"lazy\" decoding=\"async\" width=\"700\" height=\"467\" data-id=\"61052\" src=\"https:\/\/schoenstatt.com\/wp-content\/uploads\/2025\/07\/Schoenstatt-Berlim-5.jpg\" alt=\"\" class=\"wp-image-61052\"\/><\/figure>\n<\/figure>\n\n\n\n<h3 class=\"wp-block-heading\" id=\"h-ein-ort-der-verbindet-ein-tag-der-bleibt\">Ein Ort, der verbindet \u2013 Ein Tag, der bleibt<\/h3>\n\n\n\n<p>Der Internationale Begegnungstag war nicht nur ein Fest der Begegnung \u2013 er war ein lebendiges Zeichen daf\u00fcr, dass das Sch\u00f6nstatt-Heiligtum in Berlin-Frohnau ein Ort der Hoffnung ist. Ein Ort, an dem Kirche konkret wird, ein Zuhause f\u00fcr viele, ein Ausgangspunkt f\u00fcr Sendung.<\/p>\n\n\n\n<p>Der n\u00e4chste Internationale Begegnungstag findet am 4. Juli 2026 statt \u2013 wir freuen uns schon jetzt auf ein Wiedersehen!<\/p>\n\n\n\n<p><em>Do Widzenia \u2013 Nasvidenje \u2013 Au revoir \u2013 Adeus \u2013 T\u1ea1m bi\u1ec7t \u2013 Murabeho \u2013 Adi\u00f3s \u2013 Good Bye!<\/em><\/p>\n\n\n\n<div class=\"wp-block-buttons is-content-justification-center is-layout-flex wp-container-core-buttons-is-layout-a89b3969 wp-block-buttons-is-layout-flex\">\n<div class=\"wp-block-button\"><a class=\"wp-block-button__link has-white-color has-text-color has-background has-link-color wp-element-button\" href=\"https:\/\/flic.kr\/s\/aHBqjCnJM4\" style=\"border-style:none;border-width:0px;border-radius:14px;background-color:#cb6821\" target=\"_blank\" rel=\"noreferrer noopener\"><strong>Weitere Fotos<\/strong><\/a><\/div>\n<\/div>\n\n\n\n<p><strong>Fotos: <\/strong>Christian Neumann<\/p>\n","protected":false},"excerpt":{"rendered":"<p>Das Sch\u00f6nstatt-Heiligtum in Berlin-Frohnau brachte zum Internationaler Begegnungstag 2025 verschiedene Kulturen zusammen.<\/p>\n","protected":false},"author":3,"featured_media":61038,"comment_status":"closed","ping_status":"closed","sticky":false,"template":"","format":"standard","meta":{"footnotes":""},"categories":[870],"tags":[1162],"class_list":["post-61066","post","type-post","status-publish","format-standard","has-post-thumbnail","hentry","category-europa-de","tag-schonstatt-deutschland-de"],"yoast_head":"<!-- This site is optimized with the Yoast SEO Premium plugin v27.4 (Yoast SEO v27.5) - https:\/\/yoast.com\/product\/yoast-seo-premium-wordpress\/ -->\n<title>Ein Ort der Hoffnung \u2013 Internationaler Begegnungstag in Berlin - Schoenstatt<\/title>\n<meta name=\"description\" content=\"Das Sch\u00f6nstatt-Heiligtum in Berlin-Frohnau brachte zum Internationaler Begegnungstag 2025 verschiedene Kulturen zusammen.\" \/>\n<meta name=\"robots\" content=\"index, follow, max-snippet:-1, max-image-preview:large, max-video-preview:-1\" \/>\n<link rel=\"canonical\" href=\"https:\/\/schoenstatt.com\/de\/ein-ort-der-hoffnung-internationaler-begegnungstag-in-berlin\/\" \/>\n<meta property=\"og:locale\" content=\"de_DE\" \/>\n<meta property=\"og:type\" content=\"article\" \/>\n<meta property=\"og:title\" content=\"Ein Ort der Hoffnung \u2013 Internationaler Begegnungstag in Berlin\" \/>\n<meta property=\"og:description\" content=\"Das Sch\u00f6nstatt-Heiligtum in Berlin-Frohnau brachte zum Internationaler Begegnungstag 2025 verschiedene Kulturen zusammen.\" \/>\n<meta property=\"og:url\" content=\"https:\/\/schoenstatt.com\/de\/ein-ort-der-hoffnung-internationaler-begegnungstag-in-berlin\/\" \/>\n<meta property=\"og:site_name\" content=\"Schoenstatt\" \/>\n<meta property=\"article:published_time\" content=\"2025-07-26T01:03:00+00:00\" \/>\n<meta property=\"article:modified_time\" content=\"2025-08-21T21:42:44+00:00\" \/>\n<meta property=\"og:image\" content=\"https:\/\/schoenstatt.com\/wp-content\/uploads\/2025\/07\/Schoenstatt-Berlim.webp\" \/>\n\t<meta property=\"og:image:width\" content=\"1600\" \/>\n\t<meta property=\"og:image:height\" content=\"998\" \/>\n\t<meta property=\"og:image:type\" content=\"image\/jpeg\" \/>\n<meta name=\"author\" content=\"Karen Bueno\" \/>\n<meta name=\"twitter:card\" content=\"summary_large_image\" \/>\n<meta name=\"twitter:label1\" content=\"Verfasst von\" \/>\n\t<meta name=\"twitter:data1\" content=\"Karen Bueno\" \/>\n\t<meta name=\"twitter:label2\" content=\"Gesch\u00e4tzte Lesezeit\" \/>\n\t<meta name=\"twitter:data2\" content=\"4\u00a0Minuten\" \/>\n<script type=\"application\/ld+json\" class=\"yoast-schema-graph\">{\"@context\":\"https:\\\/\\\/schema.org\",\"@graph\":[{\"@type\":\"Article\",\"@id\":\"https:\\\/\\\/schoenstatt.com\\\/de\\\/ein-ort-der-hoffnung-internationaler-begegnungstag-in-berlin\\\/#article\",\"isPartOf\":{\"@id\":\"https:\\\/\\\/schoenstatt.com\\\/de\\\/ein-ort-der-hoffnung-internationaler-begegnungstag-in-berlin\\\/\"},\"author\":{\"name\":\"Karen Bueno\",\"@id\":\"https:\\\/\\\/schoenstatt.com\\\/de\\\/#\\\/schema\\\/person\\\/5158877ad4acae98b34daaeef2a1ce6e\"},\"headline\":\"Ein Ort der Hoffnung \u2013 Internationaler Begegnungstag in Berlin\",\"datePublished\":\"2025-07-26T01:03:00+00:00\",\"dateModified\":\"2025-08-21T21:42:44+00:00\",\"mainEntityOfPage\":{\"@id\":\"https:\\\/\\\/schoenstatt.com\\\/de\\\/ein-ort-der-hoffnung-internationaler-begegnungstag-in-berlin\\\/\"},\"wordCount\":514,\"publisher\":{\"@id\":\"https:\\\/\\\/schoenstatt.com\\\/de\\\/#organization\"},\"image\":{\"@id\":\"https:\\\/\\\/schoenstatt.com\\\/de\\\/ein-ort-der-hoffnung-internationaler-begegnungstag-in-berlin\\\/#primaryimage\"},\"thumbnailUrl\":\"https:\\\/\\\/schoenstatt.com\\\/wp-content\\\/uploads\\\/2025\\\/07\\\/Schoenstatt-Berlim.webp\",\"keywords\":[\"Sch\u00f6nstatt Deutschland\"],\"articleSection\":[\"Europa\"],\"inLanguage\":\"de\"},{\"@type\":\"WebPage\",\"@id\":\"https:\\\/\\\/schoenstatt.com\\\/de\\\/ein-ort-der-hoffnung-internationaler-begegnungstag-in-berlin\\\/\",\"url\":\"https:\\\/\\\/schoenstatt.com\\\/de\\\/ein-ort-der-hoffnung-internationaler-begegnungstag-in-berlin\\\/\",\"name\":\"Ein Ort der Hoffnung \u2013 Internationaler Begegnungstag in Berlin - Schoenstatt\",\"isPartOf\":{\"@id\":\"https:\\\/\\\/schoenstatt.com\\\/de\\\/#website\"},\"primaryImageOfPage\":{\"@id\":\"https:\\\/\\\/schoenstatt.com\\\/de\\\/ein-ort-der-hoffnung-internationaler-begegnungstag-in-berlin\\\/#primaryimage\"},\"image\":{\"@id\":\"https:\\\/\\\/schoenstatt.com\\\/de\\\/ein-ort-der-hoffnung-internationaler-begegnungstag-in-berlin\\\/#primaryimage\"},\"thumbnailUrl\":\"https:\\\/\\\/schoenstatt.com\\\/wp-content\\\/uploads\\\/2025\\\/07\\\/Schoenstatt-Berlim.webp\",\"datePublished\":\"2025-07-26T01:03:00+00:00\",\"dateModified\":\"2025-08-21T21:42:44+00:00\",\"description\":\"Das Sch\u00f6nstatt-Heiligtum in Berlin-Frohnau brachte zum Internationaler Begegnungstag 2025 verschiedene Kulturen zusammen.\",\"breadcrumb\":{\"@id\":\"https:\\\/\\\/schoenstatt.com\\\/de\\\/ein-ort-der-hoffnung-internationaler-begegnungstag-in-berlin\\\/#breadcrumb\"},\"inLanguage\":\"de\",\"potentialAction\":[{\"@type\":\"ReadAction\",\"target\":[\"https:\\\/\\\/schoenstatt.com\\\/de\\\/ein-ort-der-hoffnung-internationaler-begegnungstag-in-berlin\\\/\"]}]},{\"@type\":\"ImageObject\",\"inLanguage\":\"de\",\"@id\":\"https:\\\/\\\/schoenstatt.com\\\/de\\\/ein-ort-der-hoffnung-internationaler-begegnungstag-in-berlin\\\/#primaryimage\",\"url\":\"https:\\\/\\\/schoenstatt.com\\\/wp-content\\\/uploads\\\/2025\\\/07\\\/Schoenstatt-Berlim.webp\",\"contentUrl\":\"https:\\\/\\\/schoenstatt.com\\\/wp-content\\\/uploads\\\/2025\\\/07\\\/Schoenstatt-Berlim.webp\",\"width\":1600,\"height\":998},{\"@type\":\"BreadcrumbList\",\"@id\":\"https:\\\/\\\/schoenstatt.com\\\/de\\\/ein-ort-der-hoffnung-internationaler-begegnungstag-in-berlin\\\/#breadcrumb\",\"itemListElement\":[{\"@type\":\"ListItem\",\"position\":1,\"name\":\"Portada\",\"item\":\"https:\\\/\\\/schoenstatt.com\\\/de\\\/home\\\/\"},{\"@type\":\"ListItem\",\"position\":2,\"name\":\"Ein Ort der Hoffnung \u2013 Internationaler Begegnungstag in Berlin\"}]},{\"@type\":\"WebSite\",\"@id\":\"https:\\\/\\\/schoenstatt.com\\\/de\\\/#website\",\"url\":\"https:\\\/\\\/schoenstatt.com\\\/de\\\/\",\"name\":\"Schoenstatt\",\"description\":\"Apostolic Movement\",\"publisher\":{\"@id\":\"https:\\\/\\\/schoenstatt.com\\\/de\\\/#organization\"},\"potentialAction\":[{\"@type\":\"SearchAction\",\"target\":{\"@type\":\"EntryPoint\",\"urlTemplate\":\"https:\\\/\\\/schoenstatt.com\\\/de\\\/?s={search_term_string}\"},\"query-input\":{\"@type\":\"PropertyValueSpecification\",\"valueRequired\":true,\"valueName\":\"search_term_string\"}}],\"inLanguage\":\"de\"},{\"@type\":\"Organization\",\"@id\":\"https:\\\/\\\/schoenstatt.com\\\/de\\\/#organization\",\"name\":\"Schoenstatt\",\"url\":\"https:\\\/\\\/schoenstatt.com\\\/de\\\/\",\"logo\":{\"@type\":\"ImageObject\",\"inLanguage\":\"de\",\"@id\":\"https:\\\/\\\/schoenstatt.com\\\/de\\\/#\\\/schema\\\/logo\\\/image\\\/\",\"url\":\"https:\\\/\\\/schoenstatt.com\\\/wp-content\\\/uploads\\\/2025\\\/04\\\/logo-schoenstatt-white-696x696-1.png\",\"contentUrl\":\"https:\\\/\\\/schoenstatt.com\\\/wp-content\\\/uploads\\\/2025\\\/04\\\/logo-schoenstatt-white-696x696-1.png\",\"width\":696,\"height\":694,\"caption\":\"Schoenstatt\"},\"image\":{\"@id\":\"https:\\\/\\\/schoenstatt.com\\\/de\\\/#\\\/schema\\\/logo\\\/image\\\/\"}},{\"@type\":\"Person\",\"@id\":\"https:\\\/\\\/schoenstatt.com\\\/de\\\/#\\\/schema\\\/person\\\/5158877ad4acae98b34daaeef2a1ce6e\",\"name\":\"Karen Bueno\",\"image\":{\"@type\":\"ImageObject\",\"inLanguage\":\"de\",\"@id\":\"https:\\\/\\\/secure.gravatar.com\\\/avatar\\\/f9f4b823873154269d2b2130f195f6d41037dd0d7fc5f3cacb5c846bae70d66b?s=96&d=mm&r=g\",\"url\":\"https:\\\/\\\/secure.gravatar.com\\\/avatar\\\/f9f4b823873154269d2b2130f195f6d41037dd0d7fc5f3cacb5c846bae70d66b?s=96&d=mm&r=g\",\"contentUrl\":\"https:\\\/\\\/secure.gravatar.com\\\/avatar\\\/f9f4b823873154269d2b2130f195f6d41037dd0d7fc5f3cacb5c846bae70d66b?s=96&d=mm&r=g\",\"caption\":\"Karen Bueno\"},\"url\":\"https:\\\/\\\/schoenstatt.com\\\/de\\\/author\\\/karen-bueno\\\/\"}]}<\/script>\n<!-- \/ Yoast SEO Premium plugin. -->","yoast_head_json":{"title":"Ein Ort der Hoffnung \u2013 Internationaler Begegnungstag in Berlin - Schoenstatt","description":"Das Sch\u00f6nstatt-Heiligtum in Berlin-Frohnau brachte zum Internationaler Begegnungstag 2025 verschiedene Kulturen zusammen.","robots":{"index":"index","follow":"follow","max-snippet":"max-snippet:-1","max-image-preview":"max-image-preview:large","max-video-preview":"max-video-preview:-1"},"canonical":"https:\/\/schoenstatt.com\/de\/ein-ort-der-hoffnung-internationaler-begegnungstag-in-berlin\/","og_locale":"de_DE","og_type":"article","og_title":"Ein Ort der Hoffnung \u2013 Internationaler Begegnungstag in Berlin","og_description":"Das Sch\u00f6nstatt-Heiligtum in Berlin-Frohnau brachte zum Internationaler Begegnungstag 2025 verschiedene Kulturen zusammen.","og_url":"https:\/\/schoenstatt.com\/de\/ein-ort-der-hoffnung-internationaler-begegnungstag-in-berlin\/","og_site_name":"Schoenstatt","article_published_time":"2025-07-26T01:03:00+00:00","article_modified_time":"2025-08-21T21:42:44+00:00","og_image":[{"width":1600,"height":998,"url":"https:\/\/schoenstatt.com\/wp-content\/uploads\/2025\/07\/Schoenstatt-Berlim.webp","type":"image\/jpeg"}],"author":"Karen Bueno","twitter_card":"summary_large_image","twitter_misc":{"Verfasst von":"Karen Bueno","Gesch\u00e4tzte Lesezeit":"4\u00a0Minuten"},"schema":{"@context":"https:\/\/schema.org","@graph":[{"@type":"Article","@id":"https:\/\/schoenstatt.com\/de\/ein-ort-der-hoffnung-internationaler-begegnungstag-in-berlin\/#article","isPartOf":{"@id":"https:\/\/schoenstatt.com\/de\/ein-ort-der-hoffnung-internationaler-begegnungstag-in-berlin\/"},"author":{"name":"Karen Bueno","@id":"https:\/\/schoenstatt.com\/de\/#\/schema\/person\/5158877ad4acae98b34daaeef2a1ce6e"},"headline":"Ein Ort der Hoffnung \u2013 Internationaler Begegnungstag in Berlin","datePublished":"2025-07-26T01:03:00+00:00","dateModified":"2025-08-21T21:42:44+00:00","mainEntityOfPage":{"@id":"https:\/\/schoenstatt.com\/de\/ein-ort-der-hoffnung-internationaler-begegnungstag-in-berlin\/"},"wordCount":514,"publisher":{"@id":"https:\/\/schoenstatt.com\/de\/#organization"},"image":{"@id":"https:\/\/schoenstatt.com\/de\/ein-ort-der-hoffnung-internationaler-begegnungstag-in-berlin\/#primaryimage"},"thumbnailUrl":"https:\/\/schoenstatt.com\/wp-content\/uploads\/2025\/07\/Schoenstatt-Berlim.webp","keywords":["Sch\u00f6nstatt Deutschland"],"articleSection":["Europa"],"inLanguage":"de"},{"@type":"WebPage","@id":"https:\/\/schoenstatt.com\/de\/ein-ort-der-hoffnung-internationaler-begegnungstag-in-berlin\/","url":"https:\/\/schoenstatt.com\/de\/ein-ort-der-hoffnung-internationaler-begegnungstag-in-berlin\/","name":"Ein Ort der Hoffnung \u2013 Internationaler Begegnungstag in Berlin - Schoenstatt","isPartOf":{"@id":"https:\/\/schoenstatt.com\/de\/#website"},"primaryImageOfPage":{"@id":"https:\/\/schoenstatt.com\/de\/ein-ort-der-hoffnung-internationaler-begegnungstag-in-berlin\/#primaryimage"},"image":{"@id":"https:\/\/schoenstatt.com\/de\/ein-ort-der-hoffnung-internationaler-begegnungstag-in-berlin\/#primaryimage"},"thumbnailUrl":"https:\/\/schoenstatt.com\/wp-content\/uploads\/2025\/07\/Schoenstatt-Berlim.webp","datePublished":"2025-07-26T01:03:00+00:00","dateModified":"2025-08-21T21:42:44+00:00","description":"Das Sch\u00f6nstatt-Heiligtum in Berlin-Frohnau brachte zum Internationaler Begegnungstag 2025 verschiedene Kulturen zusammen.","breadcrumb":{"@id":"https:\/\/schoenstatt.com\/de\/ein-ort-der-hoffnung-internationaler-begegnungstag-in-berlin\/#breadcrumb"},"inLanguage":"de","potentialAction":[{"@type":"ReadAction","target":["https:\/\/schoenstatt.com\/de\/ein-ort-der-hoffnung-internationaler-begegnungstag-in-berlin\/"]}]},{"@type":"ImageObject","inLanguage":"de","@id":"https:\/\/schoenstatt.com\/de\/ein-ort-der-hoffnung-internationaler-begegnungstag-in-berlin\/#primaryimage","url":"https:\/\/schoenstatt.com\/wp-content\/uploads\/2025\/07\/Schoenstatt-Berlim.webp","contentUrl":"https:\/\/schoenstatt.com\/wp-content\/uploads\/2025\/07\/Schoenstatt-Berlim.webp","width":1600,"height":998},{"@type":"BreadcrumbList","@id":"https:\/\/schoenstatt.com\/de\/ein-ort-der-hoffnung-internationaler-begegnungstag-in-berlin\/#breadcrumb","itemListElement":[{"@type":"ListItem","position":1,"name":"Portada","item":"https:\/\/schoenstatt.com\/de\/home\/"},{"@type":"ListItem","position":2,"name":"Ein Ort der Hoffnung \u2013 Internationaler Begegnungstag in Berlin"}]},{"@type":"WebSite","@id":"https:\/\/schoenstatt.com\/de\/#website","url":"https:\/\/schoenstatt.com\/de\/","name":"Schoenstatt","description":"Apostolic Movement","publisher":{"@id":"https:\/\/schoenstatt.com\/de\/#organization"},"potentialAction":[{"@type":"SearchAction","target":{"@type":"EntryPoint","urlTemplate":"https:\/\/schoenstatt.com\/de\/?s={search_term_string}"},"query-input":{"@type":"PropertyValueSpecification","valueRequired":true,"valueName":"search_term_string"}}],"inLanguage":"de"},{"@type":"Organization","@id":"https:\/\/schoenstatt.com\/de\/#organization","name":"Schoenstatt","url":"https:\/\/schoenstatt.com\/de\/","logo":{"@type":"ImageObject","inLanguage":"de","@id":"https:\/\/schoenstatt.com\/de\/#\/schema\/logo\/image\/","url":"https:\/\/schoenstatt.com\/wp-content\/uploads\/2025\/04\/logo-schoenstatt-white-696x696-1.png","contentUrl":"https:\/\/schoenstatt.com\/wp-content\/uploads\/2025\/04\/logo-schoenstatt-white-696x696-1.png","width":696,"height":694,"caption":"Schoenstatt"},"image":{"@id":"https:\/\/schoenstatt.com\/de\/#\/schema\/logo\/image\/"}},{"@type":"Person","@id":"https:\/\/schoenstatt.com\/de\/#\/schema\/person\/5158877ad4acae98b34daaeef2a1ce6e","name":"Karen Bueno","image":{"@type":"ImageObject","inLanguage":"de","@id":"https:\/\/secure.gravatar.com\/avatar\/f9f4b823873154269d2b2130f195f6d41037dd0d7fc5f3cacb5c846bae70d66b?s=96&d=mm&r=g","url":"https:\/\/secure.gravatar.com\/avatar\/f9f4b823873154269d2b2130f195f6d41037dd0d7fc5f3cacb5c846bae70d66b?s=96&d=mm&r=g","contentUrl":"https:\/\/secure.gravatar.com\/avatar\/f9f4b823873154269d2b2130f195f6d41037dd0d7fc5f3cacb5c846bae70d66b?s=96&d=mm&r=g","caption":"Karen Bueno"},"url":"https:\/\/schoenstatt.com\/de\/author\/karen-bueno\/"}]}},"_links":{"self":[{"href":"https:\/\/schoenstatt.com\/de\/wp-json\/wp\/v2\/posts\/61066","targetHints":{"allow":["GET"]}}],"collection":[{"href":"https:\/\/schoenstatt.com\/de\/wp-json\/wp\/v2\/posts"}],"about":[{"href":"https:\/\/schoenstatt.com\/de\/wp-json\/wp\/v2\/types\/post"}],"author":[{"embeddable":true,"href":"https:\/\/schoenstatt.com\/de\/wp-json\/wp\/v2\/users\/3"}],"replies":[{"embeddable":true,"href":"https:\/\/schoenstatt.com\/de\/wp-json\/wp\/v2\/comments?post=61066"}],"version-history":[{"count":1,"href":"https:\/\/schoenstatt.com\/de\/wp-json\/wp\/v2\/posts\/61066\/revisions"}],"predecessor-version":[{"id":61067,"href":"https:\/\/schoenstatt.com\/de\/wp-json\/wp\/v2\/posts\/61066\/revisions\/61067"}],"wp:featuredmedia":[{"embeddable":true,"href":"https:\/\/schoenstatt.com\/de\/wp-json\/wp\/v2\/media\/61038"}],"wp:attachment":[{"href":"https:\/\/schoenstatt.com\/de\/wp-json\/wp\/v2\/media?parent=61066"}],"wp:term":[{"taxonomy":"category","embeddable":true,"href":"https:\/\/schoenstatt.com\/de\/wp-json\/wp\/v2\/categories?post=61066"},{"taxonomy":"post_tag","embeddable":true,"href":"https:\/\/schoenstatt.com\/de\/wp-json\/wp\/v2\/tags?post=61066"}],"curies":[{"name":"wp","href":"https:\/\/api.w.org\/{rel}","templated":true}]}}