{"id":61000,"date":"2025-07-23T14:13:37","date_gmt":"2025-07-23T12:13:37","guid":{"rendered":"https:\/\/schoenstatt.com\/?p=61000"},"modified":"2025-08-21T03:14:46","modified_gmt":"2025-08-21T01:14:46","slug":"die-apostolische-liga-der-schoenstatt-dioezesanpriester-wird-in-den-usa-gegruendet","status":"publish","type":"post","link":"https:\/\/schoenstatt.com\/de\/die-apostolische-liga-der-schoenstatt-dioezesanpriester-wird-in-den-usa-gegruendet\/","title":{"rendered":"Die Apostolische Liga der Sch\u00f6nstatt-Di\u00f6zesanpriester wird in den USA gegr\u00fcndet"},"content":{"rendered":"\n<p>Vom 7. bis 11. Juli 2025 ereignete sich in Waukesha, Wisconsin, ein entscheidender Moment in der Kirchengeschichte \u2013 still und doch von gro\u00dfer Bedeutung. Sieben Di\u00f6zesanpriester aus den Vereinigten Staaten kamen zu einem f\u00fcnft\u00e4gigen Exerzitienkurs zusammen, der nicht nur der Erholung diente, sondern auch den Grundstein f\u00fcr etwas Historisches legte: die Gr\u00fcndung der \u201e<a href=\"https:\/\/schoenstatt.com\/de\/in-gemeinschaft\/priester\/priesterliga\/\">Apostolischen Liga der Sch\u00f6nstatt-Di\u00f6zesanpriester<\/a> in den USA\u201d.<\/p>\n\n\n\n<p>Alle diese Priester hatten bereits das Liebesb\u00fcndnis mit der MTA geschlossen. Doch dieses Retreat wurde mehr als nur eine pers\u00f6nliche Erneuerung. Es war ein mutiger, br\u00fcderlicher Schritt nach vorn, ein Bekenntnis, das Priestertum in tiefer Gemeinschaft mit Maria, miteinander und mit der geistlichen Vision von Pater Josef Kentenich, dem Gr\u00fcnder der Sch\u00f6nstattbewegung, zu leben.<\/p>\n\n\n\n<h3 class=\"wp-block-heading\" id=\"h-mehr-als-diese-exerzitien-der-startschuss-fur-eine-bewegung\">Mehr als diese Exerzitien \u2013 der Startschuss f\u00fcr eine Bewegung<\/h3>\n\n\n\n<p>Diese Exerzitien markierten den offiziellen Beginn einer neuen, landesweiten Bruderschaft von Di\u00f6zesanpriestern, die in der Sch\u00f6nstattspiritualit\u00e4t verwurzelt sind. Es ist ein heiliger Raum, in dem Priester ihre Berufung freudig, treu und mutig leben und aus einer gemeinsamen marianischen Sendung Kraft sch\u00f6pfen.<\/p>\n\n\n\n<p>Die Gr\u00fcndungsgruppe hat sich der Herausforderung gestellt, das Liebesb\u00fcndnis nicht nur pers\u00f6nlich zu leben, sondern es auch in das di\u00f6zesane Priestertum hineinzutragen \u2013 durch gegenseitige Unterst\u00fctzung, apostolischen Eifer und einen starken Gemeinschaftsgeist.<\/p>\n\n\n\n<figure class=\"wp-block-image aligncenter size-full\"><img decoding=\"async\" src=\"https:\/\/schoenstatt.com\/wp-content\/uploads\/2025\/07\/League-of-Schoenstatt-Diocesan-Priests-USA.jpg\" alt=\"\" class=\"wp-image-60975\"\/><\/figure>\n\n\n\n<h3 class=\"wp-block-heading\" id=\"h-die-drei-p-in-englisch-protect-provide-promote-des-heiligen-josef-beschutzen-bereitstellen-fordern\">Die drei P (in Englisch &#8211; Protect, Provide, Promote) des heiligen Josef: Besch\u00fctzen, Bereitstellen, F\u00f6rdern<\/h3>\n\n\n\n<p>Ein starkes Thema zog sich durch die gesamten Exerzitien: das Bild des Di\u00f6zesanpriesters als geistlicher Vater nach dem Vorbild des heiligen Josef. Ausgehend von den Einsichten Pater Kentenichs reflektierten die Priester \u00fcber die \u201edrei P des heiligen Josef\u201c:<\/p>\n\n\n\n<p>&#8211; Besch\u00fctzen der heiligen Beziehung zwischen Christus und Maria &#8211; der \u201ebi-unitas\u201c, die im Zentrum der Sch\u00f6nstattspiritualit\u00e4t steht.<\/p>\n\n\n\n<p>&#8211; Bereitstellen geistlicher Vaterschaft f\u00fcr das Volk Gottes mit Demut, Mut und Liebe.<\/p>\n\n\n\n<p>&#8211; F\u00f6rdern der marianischen Fr\u00f6mmigkeit und der B\u00fcndniskultur in ihren Pfarreien und Di\u00f6zesen.<\/p>\n\n\n\n<p>Wie der heilige Josef sind diese Priester eingeladen, in eine keusche, b\u00fcndnishafte Vereinigung mit Maria einzutreten und sie als Brautmutter in ihr Leben aufzunehmen. Durch diese marianische Bindung werden sie in Reinheit, Sendung und im v\u00e4terlichen Dienst an der Kirche gest\u00e4rkt.<\/p>\n\n\n\n<figure class=\"wp-block-image aligncenter size-full\"><img decoding=\"async\" src=\"https:\/\/schoenstatt.com\/wp-content\/uploads\/2025\/07\/League-of-Schoenstatt-Diocesan-Priests-USA-3.jpg\" alt=\"\" class=\"wp-image-60981\"\/><\/figure>\n\n\n\n<h3 class=\"wp-block-heading\" id=\"h-eine-bruderschaft-entsteht\">Eine Bruderschaft entsteht<\/h3>\n\n\n\n<p>Was diese Exerzitien besonders machte, war der Geist der Br\u00fcderlichkeit, der im Gebet, bei theologischen Impulsen, beim gemeinsamen Essen, in Gespr\u00e4chen, in der heiligen Messe und bei der eucharistischen Anbetung sp\u00fcrbar war. Die Exerzitien endeten am 11. Juli mit einer heiligen Messe, in der die Priester ihre Weihe als Mitglieder der Apostolischen Liga der Priester ablegten oder erneuerten und damit die Liga in den USA offiziell gr\u00fcndeten.<\/p>\n\n\n\n<p>Diese erste Gruppe legte das Fundament f\u00fcr eine wachsende nationale Bewegung und erteilte anderen Di\u00f6zesanpriestern die Einladung, diese br\u00fcderliche Gemeinschaft im Liebesb\u00fcndnis und das geistliche Feuer selbst zu erfahren.<\/p>\n\n\n\n<h3 class=\"wp-block-heading\" id=\"h-eine-einladung-an-diozesanpriester-in-den-usa\">Eine Einladung an Di\u00f6zesanpriester in den USA<\/h3>\n\n\n\n<p>Die Apostolische Liga der Sch\u00f6nstatt-Di\u00f6zesanpriester ist gerade entstanden \u2013 und sie ruft andere dazu auf, sich ihr anzuschlie\u00dfen. Wenn Du Di\u00f6zesanpriester in den Vereinigten Staaten bist und eine tiefere marianische Spiritualit\u00e4t, geistliche Br\u00fcderlichkeit sowie einen erneuerten Sendungsgeist suchst, dann ist dies Deine Einladung. Das Liebesb\u00fcndnis kann Dein Priestertum verwandeln. Maria ist bereit, Dich zu begleiten. Die Bruderschaft der Liga hei\u00dft Dich willkommen.<br>Es gibt einen Platz f\u00fcr Dich \u2013 an der Seite von Pater Kentenich, umgeben von Sch\u00f6nstatt-Di\u00f6zesanpriestern.<\/p>\n\n\n\n<p>Jedes Jahr findet in der Woche nach dem 4. Juli ein f\u00fcnft\u00e4giges Retreat im internationalen Sch\u00f6nstattzentrum in Waukesha, Wisconsin, statt. Das n\u00e4chste Retreat findet vom 6. bis 10. Juli 2026 statt und steht Di\u00f6zesanpriestern aus den USA offen, die das Liebesb\u00fcndnis bereits geschlossen haben oder offen daf\u00fcr sind. Weitere Informationen findest Du unter:<\/p>\n\n\n\n<p>stritareceptionfl@gmail.com<br>frcarlosmission@aol.com<br>mary.schoenstattcenter@gmail.com<\/p>\n\n\n\n<p>F\u00fcrchte Dich nicht, Maria in dein priesterliches Leben aufzunehmen.<\/p>\n\n\n\n<p>Lass sie Dich formen, Dich begleiten und Deine Sendung erneuern, so wie sie es mit dem heiligen Josef, Pater Kentenich und vielen anderen Helden der Sch\u00f6nstattfamilie getan hat. Die Kirche ist bereit. Die Liga w\u00e4chst. Und das Feuer beginnt gerade erst.<\/p>\n\n\n\n<figure class=\"wp-block-image aligncenter size-full\"><img decoding=\"async\" src=\"https:\/\/schoenstatt.com\/wp-content\/uploads\/2025\/07\/League-of-Schoenstatt-Diocesan-Priests-USA-2.jpg\" alt=\"\" class=\"wp-image-60986\"\/><\/figure>\n\n\n\n<p><strong>\u00dcbersetzung:<\/strong> Sr. M. Lourdes Mac\u00edas<br><strong>Lektorat: <\/strong>Hildegard Kaiser<\/p>\n","protected":false},"excerpt":{"rendered":"<p>Ein neues Feuer im Herzen der Kirche: Die Vereinigten Staaten gewinnen einen neuen Zweig der Sch\u00f6nstattbewegung \u2013 die Priesterliga.<\/p>\n","protected":false},"author":3,"featured_media":60987,"comment_status":"closed","ping_status":"closed","sticky":false,"template":"","format":"standard","meta":{"footnotes":""},"categories":[195,907],"tags":[1096,1203],"class_list":["post-61000","post","type-post","status-publish","format-standard","has-post-thumbnail","hentry","category-amerika-de","category-schoenstatt-gemeinschaften-de","tag-priester-de","tag-schonstatt-vereinigte-staaten-usa-de"],"yoast_head":"<!-- This site is optimized with the Yoast SEO Premium plugin v27.4 (Yoast SEO v27.4) - https:\/\/yoast.com\/product\/yoast-seo-premium-wordpress\/ -->\n<title>Die Apostolische Liga der Sch\u00f6nstatt-Di\u00f6zesanpriester wird in den USA gegr\u00fcndet<\/title>\n<meta name=\"description\" content=\"Ein neues Feuer im Herzen der Kirche: Die Vereinigten Staaten gewinnen einen neuen Zweig der Sch\u00f6nstattbewegung \u2013 die Priesterliga.\" \/>\n<meta name=\"robots\" content=\"index, follow, max-snippet:-1, max-image-preview:large, max-video-preview:-1\" \/>\n<link rel=\"canonical\" href=\"https:\/\/schoenstatt.com\/de\/die-apostolische-liga-der-schoenstatt-dioezesanpriester-wird-in-den-usa-gegruendet\/\" \/>\n<meta property=\"og:locale\" content=\"de_DE\" \/>\n<meta property=\"og:type\" content=\"article\" \/>\n<meta property=\"og:title\" content=\"Die Apostolische Liga der Sch\u00f6nstatt-Di\u00f6zesanpriester wird in den USA gegr\u00fcndet\" \/>\n<meta property=\"og:description\" content=\"Ein neues Feuer im Herzen der Kirche: Die Vereinigten Staaten gewinnen einen neuen Zweig der Sch\u00f6nstattbewegung \u2013 die Priesterliga.\" \/>\n<meta property=\"og:url\" content=\"https:\/\/schoenstatt.com\/de\/die-apostolische-liga-der-schoenstatt-dioezesanpriester-wird-in-den-usa-gegruendet\/\" \/>\n<meta property=\"og:site_name\" content=\"Schoenstatt\" \/>\n<meta property=\"article:published_time\" content=\"2025-07-23T12:13:37+00:00\" \/>\n<meta property=\"article:modified_time\" content=\"2025-08-21T01:14:46+00:00\" \/>\n<meta property=\"og:image\" content=\"https:\/\/schoenstatt.com\/wp-content\/uploads\/2025\/07\/League-of-Schoenstatt-Diocesan-Priests-USA-2.webp\" \/>\n\t<meta property=\"og:image:width\" content=\"1555\" \/>\n\t<meta property=\"og:image:height\" content=\"1166\" \/>\n\t<meta property=\"og:image:type\" content=\"image\/jpeg\" \/>\n<meta name=\"author\" content=\"Karen Bueno\" \/>\n<meta name=\"twitter:card\" content=\"summary_large_image\" \/>\n<meta name=\"twitter:label1\" content=\"Verfasst von\" \/>\n\t<meta name=\"twitter:data1\" content=\"Karen Bueno\" \/>\n\t<meta name=\"twitter:label2\" content=\"Gesch\u00e4tzte Lesezeit\" \/>\n\t<meta name=\"twitter:data2\" content=\"4\u00a0Minuten\" \/>\n<script type=\"application\/ld+json\" class=\"yoast-schema-graph\">{\"@context\":\"https:\\\/\\\/schema.org\",\"@graph\":[{\"@type\":\"Article\",\"@id\":\"https:\\\/\\\/schoenstatt.com\\\/de\\\/die-apostolische-liga-der-schoenstatt-dioezesanpriester-wird-in-den-usa-gegruendet\\\/#article\",\"isPartOf\":{\"@id\":\"https:\\\/\\\/schoenstatt.com\\\/de\\\/die-apostolische-liga-der-schoenstatt-dioezesanpriester-wird-in-den-usa-gegruendet\\\/\"},\"author\":{\"name\":\"Karen Bueno\",\"@id\":\"https:\\\/\\\/schoenstatt.com\\\/de\\\/#\\\/schema\\\/person\\\/5158877ad4acae98b34daaeef2a1ce6e\"},\"headline\":\"Die Apostolische Liga der Sch\u00f6nstatt-Di\u00f6zesanpriester wird in den USA gegr\u00fcndet\",\"datePublished\":\"2025-07-23T12:13:37+00:00\",\"dateModified\":\"2025-08-21T01:14:46+00:00\",\"mainEntityOfPage\":{\"@id\":\"https:\\\/\\\/schoenstatt.com\\\/de\\\/die-apostolische-liga-der-schoenstatt-dioezesanpriester-wird-in-den-usa-gegruendet\\\/\"},\"wordCount\":706,\"publisher\":{\"@id\":\"https:\\\/\\\/schoenstatt.com\\\/de\\\/#organization\"},\"image\":{\"@id\":\"https:\\\/\\\/schoenstatt.com\\\/de\\\/die-apostolische-liga-der-schoenstatt-dioezesanpriester-wird-in-den-usa-gegruendet\\\/#primaryimage\"},\"thumbnailUrl\":\"https:\\\/\\\/schoenstatt.com\\\/wp-content\\\/uploads\\\/2025\\\/07\\\/League-of-Schoenstatt-Diocesan-Priests-USA-2.webp\",\"keywords\":[\"Priester\",\"Sch\u00f6nstatt Vereinigte Staaten - USA\"],\"articleSection\":[\"Amerika\",\"Schoenstatt Gemeinschaften\"],\"inLanguage\":\"de\"},{\"@type\":\"WebPage\",\"@id\":\"https:\\\/\\\/schoenstatt.com\\\/de\\\/die-apostolische-liga-der-schoenstatt-dioezesanpriester-wird-in-den-usa-gegruendet\\\/\",\"url\":\"https:\\\/\\\/schoenstatt.com\\\/de\\\/die-apostolische-liga-der-schoenstatt-dioezesanpriester-wird-in-den-usa-gegruendet\\\/\",\"name\":\"Die Apostolische Liga der Sch\u00f6nstatt-Di\u00f6zesanpriester wird in den USA gegr\u00fcndet\",\"isPartOf\":{\"@id\":\"https:\\\/\\\/schoenstatt.com\\\/de\\\/#website\"},\"primaryImageOfPage\":{\"@id\":\"https:\\\/\\\/schoenstatt.com\\\/de\\\/die-apostolische-liga-der-schoenstatt-dioezesanpriester-wird-in-den-usa-gegruendet\\\/#primaryimage\"},\"image\":{\"@id\":\"https:\\\/\\\/schoenstatt.com\\\/de\\\/die-apostolische-liga-der-schoenstatt-dioezesanpriester-wird-in-den-usa-gegruendet\\\/#primaryimage\"},\"thumbnailUrl\":\"https:\\\/\\\/schoenstatt.com\\\/wp-content\\\/uploads\\\/2025\\\/07\\\/League-of-Schoenstatt-Diocesan-Priests-USA-2.webp\",\"datePublished\":\"2025-07-23T12:13:37+00:00\",\"dateModified\":\"2025-08-21T01:14:46+00:00\",\"description\":\"Ein neues Feuer im Herzen der Kirche: Die Vereinigten Staaten gewinnen einen neuen Zweig der Sch\u00f6nstattbewegung \u2013 die Priesterliga.\",\"breadcrumb\":{\"@id\":\"https:\\\/\\\/schoenstatt.com\\\/de\\\/die-apostolische-liga-der-schoenstatt-dioezesanpriester-wird-in-den-usa-gegruendet\\\/#breadcrumb\"},\"inLanguage\":\"de\",\"potentialAction\":[{\"@type\":\"ReadAction\",\"target\":[\"https:\\\/\\\/schoenstatt.com\\\/de\\\/die-apostolische-liga-der-schoenstatt-dioezesanpriester-wird-in-den-usa-gegruendet\\\/\"]}]},{\"@type\":\"ImageObject\",\"inLanguage\":\"de\",\"@id\":\"https:\\\/\\\/schoenstatt.com\\\/de\\\/die-apostolische-liga-der-schoenstatt-dioezesanpriester-wird-in-den-usa-gegruendet\\\/#primaryimage\",\"url\":\"https:\\\/\\\/schoenstatt.com\\\/wp-content\\\/uploads\\\/2025\\\/07\\\/League-of-Schoenstatt-Diocesan-Priests-USA-2.webp\",\"contentUrl\":\"https:\\\/\\\/schoenstatt.com\\\/wp-content\\\/uploads\\\/2025\\\/07\\\/League-of-Schoenstatt-Diocesan-Priests-USA-2.webp\",\"width\":1555,\"height\":1166},{\"@type\":\"BreadcrumbList\",\"@id\":\"https:\\\/\\\/schoenstatt.com\\\/de\\\/die-apostolische-liga-der-schoenstatt-dioezesanpriester-wird-in-den-usa-gegruendet\\\/#breadcrumb\",\"itemListElement\":[{\"@type\":\"ListItem\",\"position\":1,\"name\":\"Portada\",\"item\":\"https:\\\/\\\/schoenstatt.com\\\/de\\\/home\\\/\"},{\"@type\":\"ListItem\",\"position\":2,\"name\":\"Die Apostolische Liga der Sch\u00f6nstatt-Di\u00f6zesanpriester wird in den USA gegr\u00fcndet\"}]},{\"@type\":\"WebSite\",\"@id\":\"https:\\\/\\\/schoenstatt.com\\\/de\\\/#website\",\"url\":\"https:\\\/\\\/schoenstatt.com\\\/de\\\/\",\"name\":\"Schoenstatt\",\"description\":\"Apostolic Movement\",\"publisher\":{\"@id\":\"https:\\\/\\\/schoenstatt.com\\\/de\\\/#organization\"},\"potentialAction\":[{\"@type\":\"SearchAction\",\"target\":{\"@type\":\"EntryPoint\",\"urlTemplate\":\"https:\\\/\\\/schoenstatt.com\\\/de\\\/?s={search_term_string}\"},\"query-input\":{\"@type\":\"PropertyValueSpecification\",\"valueRequired\":true,\"valueName\":\"search_term_string\"}}],\"inLanguage\":\"de\"},{\"@type\":\"Organization\",\"@id\":\"https:\\\/\\\/schoenstatt.com\\\/de\\\/#organization\",\"name\":\"Schoenstatt\",\"url\":\"https:\\\/\\\/schoenstatt.com\\\/de\\\/\",\"logo\":{\"@type\":\"ImageObject\",\"inLanguage\":\"de\",\"@id\":\"https:\\\/\\\/schoenstatt.com\\\/de\\\/#\\\/schema\\\/logo\\\/image\\\/\",\"url\":\"https:\\\/\\\/schoenstatt.com\\\/wp-content\\\/uploads\\\/2025\\\/04\\\/logo-schoenstatt-white-696x696-1.png\",\"contentUrl\":\"https:\\\/\\\/schoenstatt.com\\\/wp-content\\\/uploads\\\/2025\\\/04\\\/logo-schoenstatt-white-696x696-1.png\",\"width\":696,\"height\":694,\"caption\":\"Schoenstatt\"},\"image\":{\"@id\":\"https:\\\/\\\/schoenstatt.com\\\/de\\\/#\\\/schema\\\/logo\\\/image\\\/\"}},{\"@type\":\"Person\",\"@id\":\"https:\\\/\\\/schoenstatt.com\\\/de\\\/#\\\/schema\\\/person\\\/5158877ad4acae98b34daaeef2a1ce6e\",\"name\":\"Karen Bueno\",\"image\":{\"@type\":\"ImageObject\",\"inLanguage\":\"de\",\"@id\":\"https:\\\/\\\/secure.gravatar.com\\\/avatar\\\/f9f4b823873154269d2b2130f195f6d41037dd0d7fc5f3cacb5c846bae70d66b?s=96&d=mm&r=g\",\"url\":\"https:\\\/\\\/secure.gravatar.com\\\/avatar\\\/f9f4b823873154269d2b2130f195f6d41037dd0d7fc5f3cacb5c846bae70d66b?s=96&d=mm&r=g\",\"contentUrl\":\"https:\\\/\\\/secure.gravatar.com\\\/avatar\\\/f9f4b823873154269d2b2130f195f6d41037dd0d7fc5f3cacb5c846bae70d66b?s=96&d=mm&r=g\",\"caption\":\"Karen Bueno\"},\"url\":\"https:\\\/\\\/schoenstatt.com\\\/de\\\/author\\\/karen-bueno\\\/\"}]}<\/script>\n<!-- \/ Yoast SEO Premium plugin. -->","yoast_head_json":{"title":"Die Apostolische Liga der Sch\u00f6nstatt-Di\u00f6zesanpriester wird in den USA gegr\u00fcndet","description":"Ein neues Feuer im Herzen der Kirche: Die Vereinigten Staaten gewinnen einen neuen Zweig der Sch\u00f6nstattbewegung \u2013 die Priesterliga.","robots":{"index":"index","follow":"follow","max-snippet":"max-snippet:-1","max-image-preview":"max-image-preview:large","max-video-preview":"max-video-preview:-1"},"canonical":"https:\/\/schoenstatt.com\/de\/die-apostolische-liga-der-schoenstatt-dioezesanpriester-wird-in-den-usa-gegruendet\/","og_locale":"de_DE","og_type":"article","og_title":"Die Apostolische Liga der Sch\u00f6nstatt-Di\u00f6zesanpriester wird in den USA gegr\u00fcndet","og_description":"Ein neues Feuer im Herzen der Kirche: Die Vereinigten Staaten gewinnen einen neuen Zweig der Sch\u00f6nstattbewegung \u2013 die Priesterliga.","og_url":"https:\/\/schoenstatt.com\/de\/die-apostolische-liga-der-schoenstatt-dioezesanpriester-wird-in-den-usa-gegruendet\/","og_site_name":"Schoenstatt","article_published_time":"2025-07-23T12:13:37+00:00","article_modified_time":"2025-08-21T01:14:46+00:00","og_image":[{"width":1555,"height":1166,"url":"https:\/\/schoenstatt.com\/wp-content\/uploads\/2025\/07\/League-of-Schoenstatt-Diocesan-Priests-USA-2.webp","type":"image\/jpeg"}],"author":"Karen Bueno","twitter_card":"summary_large_image","twitter_misc":{"Verfasst von":"Karen Bueno","Gesch\u00e4tzte Lesezeit":"4\u00a0Minuten"},"schema":{"@context":"https:\/\/schema.org","@graph":[{"@type":"Article","@id":"https:\/\/schoenstatt.com\/de\/die-apostolische-liga-der-schoenstatt-dioezesanpriester-wird-in-den-usa-gegruendet\/#article","isPartOf":{"@id":"https:\/\/schoenstatt.com\/de\/die-apostolische-liga-der-schoenstatt-dioezesanpriester-wird-in-den-usa-gegruendet\/"},"author":{"name":"Karen Bueno","@id":"https:\/\/schoenstatt.com\/de\/#\/schema\/person\/5158877ad4acae98b34daaeef2a1ce6e"},"headline":"Die Apostolische Liga der Sch\u00f6nstatt-Di\u00f6zesanpriester wird in den USA gegr\u00fcndet","datePublished":"2025-07-23T12:13:37+00:00","dateModified":"2025-08-21T01:14:46+00:00","mainEntityOfPage":{"@id":"https:\/\/schoenstatt.com\/de\/die-apostolische-liga-der-schoenstatt-dioezesanpriester-wird-in-den-usa-gegruendet\/"},"wordCount":706,"publisher":{"@id":"https:\/\/schoenstatt.com\/de\/#organization"},"image":{"@id":"https:\/\/schoenstatt.com\/de\/die-apostolische-liga-der-schoenstatt-dioezesanpriester-wird-in-den-usa-gegruendet\/#primaryimage"},"thumbnailUrl":"https:\/\/schoenstatt.com\/wp-content\/uploads\/2025\/07\/League-of-Schoenstatt-Diocesan-Priests-USA-2.webp","keywords":["Priester","Sch\u00f6nstatt Vereinigte Staaten - USA"],"articleSection":["Amerika","Schoenstatt Gemeinschaften"],"inLanguage":"de"},{"@type":"WebPage","@id":"https:\/\/schoenstatt.com\/de\/die-apostolische-liga-der-schoenstatt-dioezesanpriester-wird-in-den-usa-gegruendet\/","url":"https:\/\/schoenstatt.com\/de\/die-apostolische-liga-der-schoenstatt-dioezesanpriester-wird-in-den-usa-gegruendet\/","name":"Die Apostolische Liga der Sch\u00f6nstatt-Di\u00f6zesanpriester wird in den USA gegr\u00fcndet","isPartOf":{"@id":"https:\/\/schoenstatt.com\/de\/#website"},"primaryImageOfPage":{"@id":"https:\/\/schoenstatt.com\/de\/die-apostolische-liga-der-schoenstatt-dioezesanpriester-wird-in-den-usa-gegruendet\/#primaryimage"},"image":{"@id":"https:\/\/schoenstatt.com\/de\/die-apostolische-liga-der-schoenstatt-dioezesanpriester-wird-in-den-usa-gegruendet\/#primaryimage"},"thumbnailUrl":"https:\/\/schoenstatt.com\/wp-content\/uploads\/2025\/07\/League-of-Schoenstatt-Diocesan-Priests-USA-2.webp","datePublished":"2025-07-23T12:13:37+00:00","dateModified":"2025-08-21T01:14:46+00:00","description":"Ein neues Feuer im Herzen der Kirche: Die Vereinigten Staaten gewinnen einen neuen Zweig der Sch\u00f6nstattbewegung \u2013 die Priesterliga.","breadcrumb":{"@id":"https:\/\/schoenstatt.com\/de\/die-apostolische-liga-der-schoenstatt-dioezesanpriester-wird-in-den-usa-gegruendet\/#breadcrumb"},"inLanguage":"de","potentialAction":[{"@type":"ReadAction","target":["https:\/\/schoenstatt.com\/de\/die-apostolische-liga-der-schoenstatt-dioezesanpriester-wird-in-den-usa-gegruendet\/"]}]},{"@type":"ImageObject","inLanguage":"de","@id":"https:\/\/schoenstatt.com\/de\/die-apostolische-liga-der-schoenstatt-dioezesanpriester-wird-in-den-usa-gegruendet\/#primaryimage","url":"https:\/\/schoenstatt.com\/wp-content\/uploads\/2025\/07\/League-of-Schoenstatt-Diocesan-Priests-USA-2.webp","contentUrl":"https:\/\/schoenstatt.com\/wp-content\/uploads\/2025\/07\/League-of-Schoenstatt-Diocesan-Priests-USA-2.webp","width":1555,"height":1166},{"@type":"BreadcrumbList","@id":"https:\/\/schoenstatt.com\/de\/die-apostolische-liga-der-schoenstatt-dioezesanpriester-wird-in-den-usa-gegruendet\/#breadcrumb","itemListElement":[{"@type":"ListItem","position":1,"name":"Portada","item":"https:\/\/schoenstatt.com\/de\/home\/"},{"@type":"ListItem","position":2,"name":"Die Apostolische Liga der Sch\u00f6nstatt-Di\u00f6zesanpriester wird in den USA gegr\u00fcndet"}]},{"@type":"WebSite","@id":"https:\/\/schoenstatt.com\/de\/#website","url":"https:\/\/schoenstatt.com\/de\/","name":"Schoenstatt","description":"Apostolic Movement","publisher":{"@id":"https:\/\/schoenstatt.com\/de\/#organization"},"potentialAction":[{"@type":"SearchAction","target":{"@type":"EntryPoint","urlTemplate":"https:\/\/schoenstatt.com\/de\/?s={search_term_string}"},"query-input":{"@type":"PropertyValueSpecification","valueRequired":true,"valueName":"search_term_string"}}],"inLanguage":"de"},{"@type":"Organization","@id":"https:\/\/schoenstatt.com\/de\/#organization","name":"Schoenstatt","url":"https:\/\/schoenstatt.com\/de\/","logo":{"@type":"ImageObject","inLanguage":"de","@id":"https:\/\/schoenstatt.com\/de\/#\/schema\/logo\/image\/","url":"https:\/\/schoenstatt.com\/wp-content\/uploads\/2025\/04\/logo-schoenstatt-white-696x696-1.png","contentUrl":"https:\/\/schoenstatt.com\/wp-content\/uploads\/2025\/04\/logo-schoenstatt-white-696x696-1.png","width":696,"height":694,"caption":"Schoenstatt"},"image":{"@id":"https:\/\/schoenstatt.com\/de\/#\/schema\/logo\/image\/"}},{"@type":"Person","@id":"https:\/\/schoenstatt.com\/de\/#\/schema\/person\/5158877ad4acae98b34daaeef2a1ce6e","name":"Karen Bueno","image":{"@type":"ImageObject","inLanguage":"de","@id":"https:\/\/secure.gravatar.com\/avatar\/f9f4b823873154269d2b2130f195f6d41037dd0d7fc5f3cacb5c846bae70d66b?s=96&d=mm&r=g","url":"https:\/\/secure.gravatar.com\/avatar\/f9f4b823873154269d2b2130f195f6d41037dd0d7fc5f3cacb5c846bae70d66b?s=96&d=mm&r=g","contentUrl":"https:\/\/secure.gravatar.com\/avatar\/f9f4b823873154269d2b2130f195f6d41037dd0d7fc5f3cacb5c846bae70d66b?s=96&d=mm&r=g","caption":"Karen Bueno"},"url":"https:\/\/schoenstatt.com\/de\/author\/karen-bueno\/"}]}},"_links":{"self":[{"href":"https:\/\/schoenstatt.com\/de\/wp-json\/wp\/v2\/posts\/61000","targetHints":{"allow":["GET"]}}],"collection":[{"href":"https:\/\/schoenstatt.com\/de\/wp-json\/wp\/v2\/posts"}],"about":[{"href":"https:\/\/schoenstatt.com\/de\/wp-json\/wp\/v2\/types\/post"}],"author":[{"embeddable":true,"href":"https:\/\/schoenstatt.com\/de\/wp-json\/wp\/v2\/users\/3"}],"replies":[{"embeddable":true,"href":"https:\/\/schoenstatt.com\/de\/wp-json\/wp\/v2\/comments?post=61000"}],"version-history":[{"count":6,"href":"https:\/\/schoenstatt.com\/de\/wp-json\/wp\/v2\/posts\/61000\/revisions"}],"predecessor-version":[{"id":62961,"href":"https:\/\/schoenstatt.com\/de\/wp-json\/wp\/v2\/posts\/61000\/revisions\/62961"}],"wp:featuredmedia":[{"embeddable":true,"href":"https:\/\/schoenstatt.com\/de\/wp-json\/wp\/v2\/media\/60987"}],"wp:attachment":[{"href":"https:\/\/schoenstatt.com\/de\/wp-json\/wp\/v2\/media?parent=61000"}],"wp:term":[{"taxonomy":"category","embeddable":true,"href":"https:\/\/schoenstatt.com\/de\/wp-json\/wp\/v2\/categories?post=61000"},{"taxonomy":"post_tag","embeddable":true,"href":"https:\/\/schoenstatt.com\/de\/wp-json\/wp\/v2\/tags?post=61000"}],"curies":[{"name":"wp","href":"https:\/\/api.w.org\/{rel}","templated":true}]}}