{"id":60577,"date":"2025-07-11T14:00:11","date_gmt":"2025-07-11T12:00:11","guid":{"rendered":"https:\/\/schoenstatt.com\/?p=60577"},"modified":"2025-08-21T23:42:53","modified_gmt":"2025-08-21T21:42:53","slug":"maria-rast-der-erste-filialheiligtum-europas-feiert-sein-75-jaehriges-bestehen","status":"publish","type":"post","link":"https:\/\/schoenstatt.com\/de\/maria-rast-der-erste-filialheiligtum-europas-feiert-sein-75-jaehriges-bestehen\/","title":{"rendered":"Maria Rast \u2013 Das erste Filialheiligtum Europas feiert sein 75-j\u00e4hriges Bestehen"},"content":{"rendered":"\n<p>Am 29. Juni 2025 wurde in Maria Rast ein besonderes Jubil\u00e4um gefeiert: Vor 75 Jahren, am 2. Juli 1950, hatte Pater Josef Kentenich dort das erste Sch\u00f6nstattheiligtum auf europ\u00e4ischem Boden eingeweiht. Dieses historische Ereignis war Anlass f\u00fcr ein feierliches Jubil\u00e4umsfest im Sch\u00f6nstattzentrum bei Euskirchen. Zahlreiche Gl\u00e4ubige, Helferinnen und Helfer sowie prominente G\u00e4ste wie Erzbischof Kardinal Rainer Maria Woelki kamen zusammen, um dieses Ereignis zu begehen. Das Jubil\u00e4um kennzeichnete eine Erfahrung froher Gemeinschaft, Gebet und geistliche Tiefe sowie ein vielf\u00e4ltiges Programm f\u00fcr alle Generationen.<\/p>\n\n\n\n<p>Dem Festtag ging ein stimmungsvoller Gebetsabend im Jubil\u00e4umsheiligtum voraus, der mit 75 Schl\u00e4gen der neuen Glocke der Kapelle er\u00f6ffnet wurde. Es folgte eine Zeit der eucharistischen Anbetung bis 22.00 Uhr, in deren Verlauf auch eine Stunde mit Texten und Liedern gestaltet war.<\/p>\n\n\n\n<h3 class=\"wp-block-heading\" id=\"h-jubilaumsfeier-mit-vielen-helferinnen-und-helfern\">Jubil\u00e4umsfeier mit vielen Helferinnen und Helfern<\/h3>\n\n\n\n<p>Schon in den fr\u00fchen Morgenstunden des Festtages regten sich im Gel\u00e4nde von Maria Rast viele flei\u00dfige H\u00e4nde. Nahezu 50 ehrenamtliche Helferinnen und Helfer hatten sich im Vorfeld und am Jubil\u00e4umstag aktiv in die Vorbereitung und Durchf\u00fchrung eingebracht.<\/p>\n\n\n\n<h3 class=\"wp-block-heading\" id=\"h-licht-und-leben\">\u201eLicht und Leben\u201c<\/h3>\n\n\n\n<p>Der Festgottesdienst begann um 11.30 Uhr vor dem Heiligtum und stand unter dem Leitwort \u201eLicht und Leben\u201c. Etwa 300 Teilnehmende nahmen daran teil. Die Sch\u00f6nstattfamilie im Erzbistum K\u00f6ln freute sich besonders \u00fcber die Zusage von Erzbischof Kardinal Woelki, dem Festgottesdienst vorzustehen. Gemeinsam mit ihm konzelebrierten sechs weitere Priester und zwei Diakone. Ministranten aus der Sch\u00f6nstattfamilie sowie der Pastoralen Einheit Euskirchen begleiteten die Feier. F\u00fcr die musikalische Gestaltung sorgte der Chor \u201eCantiamo\u201c aus Rheinbach mit schwungvollen Liedern.<\/p>\n\n\n\n<figure class=\"wp-block-image aligncenter size-full\"><img decoding=\"async\" src=\"https:\/\/schoenstatt.com\/wp-content\/uploads\/2025\/07\/Cardinal-Rainer-Maria-Woelki-in-Maria-Rast-2025.jpg\" alt=\"\" class=\"wp-image-60530\"\/><figcaption class=\"wp-element-caption\">(Foto: Andrea Evers)<\/figcaption><\/figure>\n\n\n\n<h3 class=\"wp-block-heading\" id=\"h-geistlichen-tankstelle-und-erfahrungsort-des-glaubens\">Geistlichen Tankstelle und Erfahrungsort des Glaubens<\/h3>\n\n\n\n<p>In seiner Predigt griff Kardinal Woelki das Motiv des Lichtes auf und zeigte, wie vom Sch\u00f6nstattheiligtum in Maria Rast das Licht der Begegnung mit dem Herrn ausstrahlt. Es brauche solche Orte der Vertiefung der Liebe, Orte der Vertrautheit mit dem Herrn, an denen seine Gegenwart unter den Menschen erfahrbar sei und an denen Menschen ihr Leben mit Gott teilen k\u00f6nnen, so der Kardinal. So helfe das Heiligtum, aus dem Einerlei des Alltags herauszutreten und sich neu auf Gott hin auszurichten.<\/p>\n\n\n\n<figure class=\"wp-block-gallery has-nested-images columns-default is-cropped wp-block-gallery-1 is-layout-flex wp-block-gallery-is-layout-flex\">\n<figure class=\"wp-block-image size-large\"><img decoding=\"async\" data-id=\"60537\" src=\"https:\/\/schoenstatt.com\/wp-content\/uploads\/2025\/07\/Cardinal-Rainer-Maria-Woelki-in-Maria-Rast-2025-b.jpg\" alt=\"\" class=\"wp-image-60537\"\/><\/figure>\n\n\n\n<figure class=\"wp-block-image size-large\"><img decoding=\"async\" data-id=\"60536\" src=\"https:\/\/schoenstatt.com\/wp-content\/uploads\/2025\/07\/Cardinal-Rainer-Maria-Woelki-in-Maria-Rast-2025-c.jpg\" alt=\"\" class=\"wp-image-60536\"\/><\/figure>\n<\/figure>\n\n\n\n<p><em>(Fotos: Evers<\/em>)<\/p>\n\n\n\n<p>Besucherinnen und Besucher k\u00f6nnten im Sch\u00f6nstatt-Heiligtum dem Herrn und seiner Mutter Maria begegnen. Dies beschenke sie mit Gl\u00fcck und Zufriedenheit, mit einem L\u00e4cheln im Herzen und auf den Gesichtern und das erm\u00f6gliche schlie\u00dflich eine hoffnungsfrohe R\u00fcckkehr in den Alltag. All dies geschehe hier in Maria Rast auf eine unaufdringliche, gastfreundliche Weise, wodurch dieser Ort zu einer geistlichen Tankstelle, einem Erfahrungsort des Glaubens f\u00fcr viele Menschen, weit \u00fcber den Euskirchener Raum hinaus geworden sei. Der von Herzen kommende Applaus am Ende der Predigt zeigte, dass diese Worte in den Gottesdienstbesucher ein Echo gefunden hatten.<\/p>\n\n\n\n<p>Vor dem Schlussgebet lud Kardinal Woelki die Festgemeinde ein, dem Sch\u00f6nstattheiligtum zu seinem 75. Geburtstag ein St\u00e4ndchen zu singen. Im Anschluss an die Erneuerung des Liebesb\u00fcndnisses segnete Kardinal Woelki einige der 214 Pilgerheiligt\u00fcmer, die in der Erzdi\u00f6zese K\u00f6ln unterwegs sind und sandte sie erneut aus.<\/p>\n\n\n\n<figure class=\"wp-block-gallery has-nested-images columns-default is-cropped wp-block-gallery-2 is-layout-flex wp-block-gallery-is-layout-flex\">\n<figure class=\"wp-block-image size-large\"><img decoding=\"async\" data-id=\"60546\" src=\"https:\/\/schoenstatt.com\/wp-content\/uploads\/2025\/07\/Maria-Rast-3.jpg\" alt=\"\" class=\"wp-image-60546\"\/><\/figure>\n\n\n\n<figure class=\"wp-block-image size-large\"><img decoding=\"async\" data-id=\"60547\" src=\"https:\/\/schoenstatt.com\/wp-content\/uploads\/2025\/07\/Maria-Rast-4.jpg\" alt=\"\" class=\"wp-image-60547\"\/><\/figure>\n<\/figure>\n\n\n\n<p><em>(Fotos: Evers<\/em>)<\/p>\n\n\n\n<h3 class=\"wp-block-heading\" id=\"h-den-krug-im-heiligtum-fullen\">Den Krug im Heiligtum f\u00fcllen<\/h3>\n\n\n\n<p>In ihrem Gru\u00df- und Dankeswort f\u00fchrte Schwester Marisa Spickers, Provinzoberin f\u00fcr die n\u00f6rdlichen Niederlassungen der Sch\u00f6nst\u00e4tter Marienschwestern in Deutschland, unter anderem aus, dass \u201eohne tatkr\u00e4ftige Hilfe von vielen Seiten, viel Glauben und Vertrauen und nicht zuletzt durch Opfer und Gebet das Kapellchen in der Nachkriegszeit nicht h\u00e4tte entstehen k\u00f6nnen. Es braucht auch heute Menschen, die diesen Ort zu einer Rastst\u00e4tte f\u00fcr andere gestalten, damit Maria Rast als solche erfahren wird. Und es braucht heute die stillen Beter, die Pilger und Besucher, die den Krug im Heiligtum f\u00fcllen und gest\u00e4rkt in ihren Alltag zur\u00fcckgehen.\u201c<\/p>\n\n\n\n<h3 class=\"wp-block-heading\" id=\"h-buntes-programm-fur-alle\">Buntes Programm f\u00fcr alle<\/h3>\n\n\n\n<p>Im Anschluss an den Gottesdienst erwartete die Besucherinnen und Besucher ein vielf\u00e4ltiges Nachmittagsprogramm. Neben kulinarischen Angeboten wie Imbiss, Kuchenbuffet, Waffelstand, Eiswagen und Getr\u00e4nkestationen wurden verschiedene Aktivit\u00e4ten f\u00fcr Kinder angeboten, darunter Bastelstationen und kreative Konstruktionsspiele mit Holz. Ein Sch\u00e4tzspiel zum Gewicht der neuen Glocke und eine Tombola erg\u00e4nzten das Programm. Viele nutzen die Mittagszeit f\u00fcr eine Begegnung mit Kardinal Woelki, der noch bis etwa 14.30 Uhr in Maria Rast bleiben konnte. Andere G\u00e4ste nutzten die Zeit f\u00fcr Begegnungen im Park, musikalisch begleitet von einem Akkordeonspieler.<\/p>\n\n\n\n<h3 class=\"wp-block-heading\" id=\"h-eine-gottliche-initiative-fur-jahrhunderte-das-schonstattheiligtum-in-maria-rast\">\u201eEine g\u00f6ttliche Initiative f\u00fcr Jahrhunderte\u201c \u2013 das Sch\u00f6nstattheiligtum in Maria Rast<\/h3>\n\n\n\n<p>Um 15.00 Uhr folgte als weiterer H\u00f6hepunkt des Tages, ein Festvortrag von Prof. Dr. Joachim S\u00f6der. Unter dem Titel \u201eEine Initiative f\u00fcr Jahrhunderte \u2013 das Sch\u00f6nstattheiligtum in Maria Rast\u201c beleuchtete er vor gut 100 G\u00e4sten im Vortragssaal die historische und geistliche Bedeutung des Ortes.<\/p>\n\n\n\n<figure class=\"wp-block-image aligncenter size-full is-resized\"><img decoding=\"async\" src=\"https:\/\/schoenstatt.com\/wp-content\/uploads\/2025\/07\/Dr-Joaquim-Soder.jpg\" alt=\"\" class=\"wp-image-60558\" style=\"width:680px;height:auto\"\/><figcaption class=\"wp-element-caption\">(Foto: Evers)<\/figcaption><\/figure>\n\n\n\n<p>S\u00f6der stellte die politische und kirchliche Zeitlage im Jahr 1950 wie auch Herausforderungen der gegenw\u00e4rtige Zeitsituation dar und konfrontierte sie mit Worten Pater Kentenichs aus dem Jahr 1950 in Maria Rast in diesem Kontext. Es beeindruckte die Zuh\u00f6renden, dass Kentenichs Deutung der Zeit auch heute nichts an Aktualit\u00e4t verloren hat. In der Vision Pater Kentenichs sei Maria Rast weit mehr als ein sch\u00f6ner Ort der Ruhe f\u00fcr Leib und Seele, so S\u00f6der. Pater Kentenich habe 1950 mehrfach betont, dass dieses Heiligtum \u201eeine g\u00f6ttliche Initiative f\u00fcr Jahrhunderte\u201c sei. Von diesem Heiligtum aus schenke Maria die Gnade des Glaubenslichtes, eines Vorsehungsglaubens, der helfen k\u00f6nne, den Sinn der heutigen Weltgeschichte zu verstehen und aus dem Glauben darauf zu antworten. So verbinde sich das Spirituelle mit dem Politischen und werde zu einem Beitrag, dass die Welt zum Frieden findet. \u201eWenn Menschen sich hier von Maria erziehen lassen und als Friedensstifter in die Welt hineinwirken, dann ist das ein Beitrag zum Aufbau des Gottesreiches\u201c, so Professor S\u00f6der. Aus der Kraft des Glaubens sich einzusetzen f\u00fcr Frieden und Vers\u00f6hnung, das mache die weltpolitische Bedeutung des Heiligtums in Maria Rast aus.<\/p>\n\n\n\n<p>Den Abschluss des Jubil\u00e4umsfestes bildete um 17.00 Uhr eine Gebetszeit beim Sch\u00f6nstatt-Heiligtum, in welcher der Dank f\u00fcr das Jubil\u00e4umsfest und die Wirksamkeit der Gottesmutter vom Kapellchen aus in Liedern und Texten, auch in spontanen Echos, noch einmal Raum fand. Mit einem abschlie\u00dfenden Segen endete der Festtag \u2013 verbunden mit dem Wunsch nach weiteren fruchtbaren Jahren im Dienst des Glaubens.<\/p>\n\n\n\n<figure class=\"wp-block-image aligncenter size-full\"><img decoding=\"async\" src=\"https:\/\/schoenstatt.com\/wp-content\/uploads\/2025\/07\/Maria-Rast.jpg\" alt=\"\" class=\"wp-image-60564\"\/><figcaption class=\"wp-element-caption\">(Fotos: Evers \/ Rath)<\/figcaption><\/figure>\n\n\n\n<p><strong>Quelle:<\/strong> <a href=\"https:\/\/www.schoenstatt.de\/de\/news\/6867\/112\/Weltgeschichte-verstehen-und-aus-dem-Glauben-darauf-antworten-75-Jahre-Schoenstattheiligtum-in-Maria-Rast.htm\" target=\"_blank\" rel=\"noreferrer noopener\">schoenstatt.de<\/a><\/p>\n","protected":false},"excerpt":{"rendered":"<p>Kardinal Rainer Maria Woelki leitete die Jubil\u00e4umsmesse zum 75-j\u00e4hrigen Bestehen der Sch\u00f6nstatt-Heiligtums von Maria Rast.<\/p>\n","protected":false},"author":3,"featured_media":60571,"comment_status":"closed","ping_status":"closed","sticky":false,"template":"","format":"standard","meta":{"footnotes":""},"categories":[870],"tags":[1043,1162,1197],"class_list":["post-60577","post","type-post","status-publish","format-standard","has-post-thumbnail","hentry","category-europa-de","tag-jubilaum-de","tag-schonstatt-deutschland-de","tag-schonstatt-heiligtum-de"],"yoast_head":"<!-- This site is optimized with the Yoast SEO Premium plugin v27.4 (Yoast SEO v27.5) - https:\/\/yoast.com\/product\/yoast-seo-premium-wordpress\/ -->\n<title>Maria Rast \u2013 Das erste Filialheiligtum Europas feiert sein 75-j\u00e4hriges Bestehen<\/title>\n<meta name=\"description\" content=\"Kardinal Rainer Maria Woelki leitete die Jubil\u00e4umsmesse zum 75-j\u00e4hrigen Bestehen der Sch\u00f6nstatt-Heiligtums von Maria Rast.\" \/>\n<meta name=\"robots\" content=\"index, follow, max-snippet:-1, max-image-preview:large, max-video-preview:-1\" \/>\n<link rel=\"canonical\" href=\"https:\/\/schoenstatt.com\/de\/maria-rast-der-erste-filialheiligtum-europas-feiert-sein-75-jaehriges-bestehen\/\" \/>\n<meta property=\"og:locale\" content=\"de_DE\" \/>\n<meta property=\"og:type\" content=\"article\" \/>\n<meta property=\"og:title\" content=\"Maria Rast \u2013 Das erste Filialheiligtum Europas feiert sein 75-j\u00e4hriges Bestehen\" \/>\n<meta property=\"og:description\" content=\"Kardinal Rainer Maria Woelki leitete die Jubil\u00e4umsmesse zum 75-j\u00e4hrigen Bestehen der Sch\u00f6nstatt-Heiligtums von Maria Rast.\" \/>\n<meta property=\"og:url\" content=\"https:\/\/schoenstatt.com\/de\/maria-rast-der-erste-filialheiligtum-europas-feiert-sein-75-jaehriges-bestehen\/\" \/>\n<meta property=\"og:site_name\" content=\"Schoenstatt\" \/>\n<meta property=\"article:published_time\" content=\"2025-07-11T12:00:11+00:00\" \/>\n<meta property=\"article:modified_time\" content=\"2025-08-21T21:42:53+00:00\" \/>\n<meta property=\"og:image\" content=\"https:\/\/schoenstatt.com\/wp-content\/uploads\/2025\/07\/Maria-Rast-2.webp\" \/>\n\t<meta property=\"og:image:width\" content=\"2048\" \/>\n\t<meta property=\"og:image:height\" content=\"946\" \/>\n\t<meta property=\"og:image:type\" content=\"image\/jpeg\" \/>\n<meta name=\"author\" content=\"Karen Bueno\" \/>\n<meta name=\"twitter:card\" content=\"summary_large_image\" \/>\n<meta name=\"twitter:label1\" content=\"Verfasst von\" \/>\n\t<meta name=\"twitter:data1\" content=\"Karen Bueno\" \/>\n\t<meta name=\"twitter:label2\" content=\"Gesch\u00e4tzte Lesezeit\" \/>\n\t<meta name=\"twitter:data2\" content=\"7\u00a0Minuten\" \/>\n<script type=\"application\/ld+json\" class=\"yoast-schema-graph\">{\"@context\":\"https:\\\/\\\/schema.org\",\"@graph\":[{\"@type\":\"Article\",\"@id\":\"https:\\\/\\\/schoenstatt.com\\\/de\\\/maria-rast-der-erste-filialheiligtum-europas-feiert-sein-75-jaehriges-bestehen\\\/#article\",\"isPartOf\":{\"@id\":\"https:\\\/\\\/schoenstatt.com\\\/de\\\/maria-rast-der-erste-filialheiligtum-europas-feiert-sein-75-jaehriges-bestehen\\\/\"},\"author\":{\"name\":\"Karen Bueno\",\"@id\":\"https:\\\/\\\/schoenstatt.com\\\/de\\\/#\\\/schema\\\/person\\\/5158877ad4acae98b34daaeef2a1ce6e\"},\"headline\":\"Maria Rast \u2013 Das erste Filialheiligtum Europas feiert sein 75-j\u00e4hriges Bestehen\",\"datePublished\":\"2025-07-11T12:00:11+00:00\",\"dateModified\":\"2025-08-21T21:42:53+00:00\",\"mainEntityOfPage\":{\"@id\":\"https:\\\/\\\/schoenstatt.com\\\/de\\\/maria-rast-der-erste-filialheiligtum-europas-feiert-sein-75-jaehriges-bestehen\\\/\"},\"wordCount\":1051,\"publisher\":{\"@id\":\"https:\\\/\\\/schoenstatt.com\\\/de\\\/#organization\"},\"image\":{\"@id\":\"https:\\\/\\\/schoenstatt.com\\\/de\\\/maria-rast-der-erste-filialheiligtum-europas-feiert-sein-75-jaehriges-bestehen\\\/#primaryimage\"},\"thumbnailUrl\":\"https:\\\/\\\/schoenstatt.com\\\/wp-content\\\/uploads\\\/2025\\\/07\\\/Maria-Rast-2.webp\",\"keywords\":[\"Jubil\u00e4um\",\"Sch\u00f6nstatt Deutschland\",\"Sch\u00f6nstatt-Heiligtum\"],\"articleSection\":[\"Europa\"],\"inLanguage\":\"de\"},{\"@type\":\"WebPage\",\"@id\":\"https:\\\/\\\/schoenstatt.com\\\/de\\\/maria-rast-der-erste-filialheiligtum-europas-feiert-sein-75-jaehriges-bestehen\\\/\",\"url\":\"https:\\\/\\\/schoenstatt.com\\\/de\\\/maria-rast-der-erste-filialheiligtum-europas-feiert-sein-75-jaehriges-bestehen\\\/\",\"name\":\"Maria Rast \u2013 Das erste Filialheiligtum Europas feiert sein 75-j\u00e4hriges Bestehen\",\"isPartOf\":{\"@id\":\"https:\\\/\\\/schoenstatt.com\\\/de\\\/#website\"},\"primaryImageOfPage\":{\"@id\":\"https:\\\/\\\/schoenstatt.com\\\/de\\\/maria-rast-der-erste-filialheiligtum-europas-feiert-sein-75-jaehriges-bestehen\\\/#primaryimage\"},\"image\":{\"@id\":\"https:\\\/\\\/schoenstatt.com\\\/de\\\/maria-rast-der-erste-filialheiligtum-europas-feiert-sein-75-jaehriges-bestehen\\\/#primaryimage\"},\"thumbnailUrl\":\"https:\\\/\\\/schoenstatt.com\\\/wp-content\\\/uploads\\\/2025\\\/07\\\/Maria-Rast-2.webp\",\"datePublished\":\"2025-07-11T12:00:11+00:00\",\"dateModified\":\"2025-08-21T21:42:53+00:00\",\"description\":\"Kardinal Rainer Maria Woelki leitete die Jubil\u00e4umsmesse zum 75-j\u00e4hrigen Bestehen der Sch\u00f6nstatt-Heiligtums von Maria Rast.\",\"breadcrumb\":{\"@id\":\"https:\\\/\\\/schoenstatt.com\\\/de\\\/maria-rast-der-erste-filialheiligtum-europas-feiert-sein-75-jaehriges-bestehen\\\/#breadcrumb\"},\"inLanguage\":\"de\",\"potentialAction\":[{\"@type\":\"ReadAction\",\"target\":[\"https:\\\/\\\/schoenstatt.com\\\/de\\\/maria-rast-der-erste-filialheiligtum-europas-feiert-sein-75-jaehriges-bestehen\\\/\"]}]},{\"@type\":\"ImageObject\",\"inLanguage\":\"de\",\"@id\":\"https:\\\/\\\/schoenstatt.com\\\/de\\\/maria-rast-der-erste-filialheiligtum-europas-feiert-sein-75-jaehriges-bestehen\\\/#primaryimage\",\"url\":\"https:\\\/\\\/schoenstatt.com\\\/wp-content\\\/uploads\\\/2025\\\/07\\\/Maria-Rast-2.webp\",\"contentUrl\":\"https:\\\/\\\/schoenstatt.com\\\/wp-content\\\/uploads\\\/2025\\\/07\\\/Maria-Rast-2.webp\",\"width\":2048,\"height\":946},{\"@type\":\"BreadcrumbList\",\"@id\":\"https:\\\/\\\/schoenstatt.com\\\/de\\\/maria-rast-der-erste-filialheiligtum-europas-feiert-sein-75-jaehriges-bestehen\\\/#breadcrumb\",\"itemListElement\":[{\"@type\":\"ListItem\",\"position\":1,\"name\":\"Portada\",\"item\":\"https:\\\/\\\/schoenstatt.com\\\/de\\\/home\\\/\"},{\"@type\":\"ListItem\",\"position\":2,\"name\":\"Maria Rast \u2013 Das erste Filialheiligtum Europas feiert sein 75-j\u00e4hriges Bestehen\"}]},{\"@type\":\"WebSite\",\"@id\":\"https:\\\/\\\/schoenstatt.com\\\/de\\\/#website\",\"url\":\"https:\\\/\\\/schoenstatt.com\\\/de\\\/\",\"name\":\"Schoenstatt\",\"description\":\"Apostolic Movement\",\"publisher\":{\"@id\":\"https:\\\/\\\/schoenstatt.com\\\/de\\\/#organization\"},\"potentialAction\":[{\"@type\":\"SearchAction\",\"target\":{\"@type\":\"EntryPoint\",\"urlTemplate\":\"https:\\\/\\\/schoenstatt.com\\\/de\\\/?s={search_term_string}\"},\"query-input\":{\"@type\":\"PropertyValueSpecification\",\"valueRequired\":true,\"valueName\":\"search_term_string\"}}],\"inLanguage\":\"de\"},{\"@type\":\"Organization\",\"@id\":\"https:\\\/\\\/schoenstatt.com\\\/de\\\/#organization\",\"name\":\"Schoenstatt\",\"url\":\"https:\\\/\\\/schoenstatt.com\\\/de\\\/\",\"logo\":{\"@type\":\"ImageObject\",\"inLanguage\":\"de\",\"@id\":\"https:\\\/\\\/schoenstatt.com\\\/de\\\/#\\\/schema\\\/logo\\\/image\\\/\",\"url\":\"https:\\\/\\\/schoenstatt.com\\\/wp-content\\\/uploads\\\/2025\\\/04\\\/logo-schoenstatt-white-696x696-1.png\",\"contentUrl\":\"https:\\\/\\\/schoenstatt.com\\\/wp-content\\\/uploads\\\/2025\\\/04\\\/logo-schoenstatt-white-696x696-1.png\",\"width\":696,\"height\":694,\"caption\":\"Schoenstatt\"},\"image\":{\"@id\":\"https:\\\/\\\/schoenstatt.com\\\/de\\\/#\\\/schema\\\/logo\\\/image\\\/\"}},{\"@type\":\"Person\",\"@id\":\"https:\\\/\\\/schoenstatt.com\\\/de\\\/#\\\/schema\\\/person\\\/5158877ad4acae98b34daaeef2a1ce6e\",\"name\":\"Karen Bueno\",\"image\":{\"@type\":\"ImageObject\",\"inLanguage\":\"de\",\"@id\":\"https:\\\/\\\/secure.gravatar.com\\\/avatar\\\/f9f4b823873154269d2b2130f195f6d41037dd0d7fc5f3cacb5c846bae70d66b?s=96&d=mm&r=g\",\"url\":\"https:\\\/\\\/secure.gravatar.com\\\/avatar\\\/f9f4b823873154269d2b2130f195f6d41037dd0d7fc5f3cacb5c846bae70d66b?s=96&d=mm&r=g\",\"contentUrl\":\"https:\\\/\\\/secure.gravatar.com\\\/avatar\\\/f9f4b823873154269d2b2130f195f6d41037dd0d7fc5f3cacb5c846bae70d66b?s=96&d=mm&r=g\",\"caption\":\"Karen Bueno\"},\"url\":\"https:\\\/\\\/schoenstatt.com\\\/de\\\/author\\\/karen-bueno\\\/\"}]}<\/script>\n<!-- \/ Yoast SEO Premium plugin. -->","yoast_head_json":{"title":"Maria Rast \u2013 Das erste Filialheiligtum Europas feiert sein 75-j\u00e4hriges Bestehen","description":"Kardinal Rainer Maria Woelki leitete die Jubil\u00e4umsmesse zum 75-j\u00e4hrigen Bestehen der Sch\u00f6nstatt-Heiligtums von Maria Rast.","robots":{"index":"index","follow":"follow","max-snippet":"max-snippet:-1","max-image-preview":"max-image-preview:large","max-video-preview":"max-video-preview:-1"},"canonical":"https:\/\/schoenstatt.com\/de\/maria-rast-der-erste-filialheiligtum-europas-feiert-sein-75-jaehriges-bestehen\/","og_locale":"de_DE","og_type":"article","og_title":"Maria Rast \u2013 Das erste Filialheiligtum Europas feiert sein 75-j\u00e4hriges Bestehen","og_description":"Kardinal Rainer Maria Woelki leitete die Jubil\u00e4umsmesse zum 75-j\u00e4hrigen Bestehen der Sch\u00f6nstatt-Heiligtums von Maria Rast.","og_url":"https:\/\/schoenstatt.com\/de\/maria-rast-der-erste-filialheiligtum-europas-feiert-sein-75-jaehriges-bestehen\/","og_site_name":"Schoenstatt","article_published_time":"2025-07-11T12:00:11+00:00","article_modified_time":"2025-08-21T21:42:53+00:00","og_image":[{"url":"https:\/\/schoenstatt.com\/wp-content\/uploads\/2025\/07\/Maria-Rast-2.webp","width":2048,"height":946,"type":"image\/jpeg"}],"author":"Karen Bueno","twitter_card":"summary_large_image","twitter_misc":{"Verfasst von":"Karen Bueno","Gesch\u00e4tzte Lesezeit":"7\u00a0Minuten"},"schema":{"@context":"https:\/\/schema.org","@graph":[{"@type":"Article","@id":"https:\/\/schoenstatt.com\/de\/maria-rast-der-erste-filialheiligtum-europas-feiert-sein-75-jaehriges-bestehen\/#article","isPartOf":{"@id":"https:\/\/schoenstatt.com\/de\/maria-rast-der-erste-filialheiligtum-europas-feiert-sein-75-jaehriges-bestehen\/"},"author":{"name":"Karen Bueno","@id":"https:\/\/schoenstatt.com\/de\/#\/schema\/person\/5158877ad4acae98b34daaeef2a1ce6e"},"headline":"Maria Rast \u2013 Das erste Filialheiligtum Europas feiert sein 75-j\u00e4hriges Bestehen","datePublished":"2025-07-11T12:00:11+00:00","dateModified":"2025-08-21T21:42:53+00:00","mainEntityOfPage":{"@id":"https:\/\/schoenstatt.com\/de\/maria-rast-der-erste-filialheiligtum-europas-feiert-sein-75-jaehriges-bestehen\/"},"wordCount":1051,"publisher":{"@id":"https:\/\/schoenstatt.com\/de\/#organization"},"image":{"@id":"https:\/\/schoenstatt.com\/de\/maria-rast-der-erste-filialheiligtum-europas-feiert-sein-75-jaehriges-bestehen\/#primaryimage"},"thumbnailUrl":"https:\/\/schoenstatt.com\/wp-content\/uploads\/2025\/07\/Maria-Rast-2.webp","keywords":["Jubil\u00e4um","Sch\u00f6nstatt Deutschland","Sch\u00f6nstatt-Heiligtum"],"articleSection":["Europa"],"inLanguage":"de"},{"@type":"WebPage","@id":"https:\/\/schoenstatt.com\/de\/maria-rast-der-erste-filialheiligtum-europas-feiert-sein-75-jaehriges-bestehen\/","url":"https:\/\/schoenstatt.com\/de\/maria-rast-der-erste-filialheiligtum-europas-feiert-sein-75-jaehriges-bestehen\/","name":"Maria Rast \u2013 Das erste Filialheiligtum Europas feiert sein 75-j\u00e4hriges Bestehen","isPartOf":{"@id":"https:\/\/schoenstatt.com\/de\/#website"},"primaryImageOfPage":{"@id":"https:\/\/schoenstatt.com\/de\/maria-rast-der-erste-filialheiligtum-europas-feiert-sein-75-jaehriges-bestehen\/#primaryimage"},"image":{"@id":"https:\/\/schoenstatt.com\/de\/maria-rast-der-erste-filialheiligtum-europas-feiert-sein-75-jaehriges-bestehen\/#primaryimage"},"thumbnailUrl":"https:\/\/schoenstatt.com\/wp-content\/uploads\/2025\/07\/Maria-Rast-2.webp","datePublished":"2025-07-11T12:00:11+00:00","dateModified":"2025-08-21T21:42:53+00:00","description":"Kardinal Rainer Maria Woelki leitete die Jubil\u00e4umsmesse zum 75-j\u00e4hrigen Bestehen der Sch\u00f6nstatt-Heiligtums von Maria Rast.","breadcrumb":{"@id":"https:\/\/schoenstatt.com\/de\/maria-rast-der-erste-filialheiligtum-europas-feiert-sein-75-jaehriges-bestehen\/#breadcrumb"},"inLanguage":"de","potentialAction":[{"@type":"ReadAction","target":["https:\/\/schoenstatt.com\/de\/maria-rast-der-erste-filialheiligtum-europas-feiert-sein-75-jaehriges-bestehen\/"]}]},{"@type":"ImageObject","inLanguage":"de","@id":"https:\/\/schoenstatt.com\/de\/maria-rast-der-erste-filialheiligtum-europas-feiert-sein-75-jaehriges-bestehen\/#primaryimage","url":"https:\/\/schoenstatt.com\/wp-content\/uploads\/2025\/07\/Maria-Rast-2.webp","contentUrl":"https:\/\/schoenstatt.com\/wp-content\/uploads\/2025\/07\/Maria-Rast-2.webp","width":2048,"height":946},{"@type":"BreadcrumbList","@id":"https:\/\/schoenstatt.com\/de\/maria-rast-der-erste-filialheiligtum-europas-feiert-sein-75-jaehriges-bestehen\/#breadcrumb","itemListElement":[{"@type":"ListItem","position":1,"name":"Portada","item":"https:\/\/schoenstatt.com\/de\/home\/"},{"@type":"ListItem","position":2,"name":"Maria Rast \u2013 Das erste Filialheiligtum Europas feiert sein 75-j\u00e4hriges Bestehen"}]},{"@type":"WebSite","@id":"https:\/\/schoenstatt.com\/de\/#website","url":"https:\/\/schoenstatt.com\/de\/","name":"Schoenstatt","description":"Apostolic Movement","publisher":{"@id":"https:\/\/schoenstatt.com\/de\/#organization"},"potentialAction":[{"@type":"SearchAction","target":{"@type":"EntryPoint","urlTemplate":"https:\/\/schoenstatt.com\/de\/?s={search_term_string}"},"query-input":{"@type":"PropertyValueSpecification","valueRequired":true,"valueName":"search_term_string"}}],"inLanguage":"de"},{"@type":"Organization","@id":"https:\/\/schoenstatt.com\/de\/#organization","name":"Schoenstatt","url":"https:\/\/schoenstatt.com\/de\/","logo":{"@type":"ImageObject","inLanguage":"de","@id":"https:\/\/schoenstatt.com\/de\/#\/schema\/logo\/image\/","url":"https:\/\/schoenstatt.com\/wp-content\/uploads\/2025\/04\/logo-schoenstatt-white-696x696-1.png","contentUrl":"https:\/\/schoenstatt.com\/wp-content\/uploads\/2025\/04\/logo-schoenstatt-white-696x696-1.png","width":696,"height":694,"caption":"Schoenstatt"},"image":{"@id":"https:\/\/schoenstatt.com\/de\/#\/schema\/logo\/image\/"}},{"@type":"Person","@id":"https:\/\/schoenstatt.com\/de\/#\/schema\/person\/5158877ad4acae98b34daaeef2a1ce6e","name":"Karen Bueno","image":{"@type":"ImageObject","inLanguage":"de","@id":"https:\/\/secure.gravatar.com\/avatar\/f9f4b823873154269d2b2130f195f6d41037dd0d7fc5f3cacb5c846bae70d66b?s=96&d=mm&r=g","url":"https:\/\/secure.gravatar.com\/avatar\/f9f4b823873154269d2b2130f195f6d41037dd0d7fc5f3cacb5c846bae70d66b?s=96&d=mm&r=g","contentUrl":"https:\/\/secure.gravatar.com\/avatar\/f9f4b823873154269d2b2130f195f6d41037dd0d7fc5f3cacb5c846bae70d66b?s=96&d=mm&r=g","caption":"Karen Bueno"},"url":"https:\/\/schoenstatt.com\/de\/author\/karen-bueno\/"}]}},"_links":{"self":[{"href":"https:\/\/schoenstatt.com\/de\/wp-json\/wp\/v2\/posts\/60577","targetHints":{"allow":["GET"]}}],"collection":[{"href":"https:\/\/schoenstatt.com\/de\/wp-json\/wp\/v2\/posts"}],"about":[{"href":"https:\/\/schoenstatt.com\/de\/wp-json\/wp\/v2\/types\/post"}],"author":[{"embeddable":true,"href":"https:\/\/schoenstatt.com\/de\/wp-json\/wp\/v2\/users\/3"}],"replies":[{"embeddable":true,"href":"https:\/\/schoenstatt.com\/de\/wp-json\/wp\/v2\/comments?post=60577"}],"version-history":[{"count":3,"href":"https:\/\/schoenstatt.com\/de\/wp-json\/wp\/v2\/posts\/60577\/revisions"}],"predecessor-version":[{"id":60595,"href":"https:\/\/schoenstatt.com\/de\/wp-json\/wp\/v2\/posts\/60577\/revisions\/60595"}],"wp:featuredmedia":[{"embeddable":true,"href":"https:\/\/schoenstatt.com\/de\/wp-json\/wp\/v2\/media\/60571"}],"wp:attachment":[{"href":"https:\/\/schoenstatt.com\/de\/wp-json\/wp\/v2\/media?parent=60577"}],"wp:term":[{"taxonomy":"category","embeddable":true,"href":"https:\/\/schoenstatt.com\/de\/wp-json\/wp\/v2\/categories?post=60577"},{"taxonomy":"post_tag","embeddable":true,"href":"https:\/\/schoenstatt.com\/de\/wp-json\/wp\/v2\/tags?post=60577"}],"curies":[{"name":"wp","href":"https:\/\/api.w.org\/{rel}","templated":true}]}}