{"id":60437,"date":"2025-07-04T03:03:00","date_gmt":"2025-07-04T01:03:00","guid":{"rendered":"https:\/\/schoenstatt.com\/?p=60437"},"modified":"2025-08-16T04:55:55","modified_gmt":"2025-08-16T02:55:55","slug":"achtzehn-bischoefe-pilgern-zum-heiligtum-in-rio-de-janeiro","status":"publish","type":"post","link":"https:\/\/schoenstatt.com\/de\/achtzehn-bischoefe-pilgern-zum-heiligtum-in-rio-de-janeiro\/","title":{"rendered":"Achtzehn Bisch\u00f6fe pilgern zum Heiligtum in Rio de Janeiro"},"content":{"rendered":"\n<p>Die Dreimal Wunderbare Mutter, K\u00f6nigin und Siegerin von Sch\u00f6nstatt empfing am 30. Juni in ihrem Heiligtum in Rio de Janeiro (Brasilien) ganz besondere Pilger: die Bisch\u00f6fe der Region Ost 1 der CNBB (Nationale Bischofskonferenz Brasiliens), die alle Di\u00f6zesen des Bundesstaates Rio de Janeiro umfassen.<\/p>\n\n\n\n<figure class=\"wp-block-image aligncenter size-full\"><img decoding=\"async\" src=\"https:\/\/schoenstatt.com\/wp-content\/uploads\/2025\/07\/Bispos-Rio-de-Janeiro-Brazil-2.jpg\" alt=\"\" class=\"wp-image-60416\"\/><\/figure>\n\n\n\n<p>An der Jubil\u00e4umswallfahrt der Bisch\u00f6fe im Rahmen des Heiligen Jahres nahmen 18 Bisch\u00f6fe teil, angef\u00fchrt vom Erzbischof von Rio de Janeiro, Kardinal Orani Jo\u00e3o Tempesta, der diesem Heiligtum seit jeher eine besondere Zuneigung entgegenbringt. Auf die Frage, warum gerade dieser Wallfahrtsort f\u00fcr die Jubil\u00e4umswallfahrt ausgew\u00e4hlt wurde, antwortete Kardinal Tempesta spontan: \u201e<em>Weil man sich hier sehr wohlf\u00fchlt und n\u00e4her am Himmel ist.\u201c<\/em><\/p>\n\n\n\n<h3 class=\"wp-block-heading\" id=\"h-die-teilnahme-der-schonstattfamilie\">Die Teilnahme der Sch\u00f6nstattfamilie<\/h3>\n\n\n\n<p>Die Bisch\u00f6fe wurden von Vertretern der Sch\u00f6nstattfamilie freudig empfangen. F\u00fcr die Hirten unserer Kirche hatten sie einen besonderen Kaffee vorbereitet. Anschlie\u00dfend gab es einen Moment der Besinnung im Heiligtum, gefolgt von der Teilnahme an der heiligen Messe, die von Kardinal Tempesta zelebriert wurde.<\/p>\n\n\n\n<figure class=\"wp-block-image aligncenter size-full\"><img decoding=\"async\" src=\"https:\/\/schoenstatt.com\/wp-content\/uploads\/2025\/07\/Schoenstatt-Family-Rio-de-Janeiro-Brazil.jpg\" alt=\"\" class=\"wp-image-60411\"\/><\/figure>\n\n\n\n<p>In seiner Predigt betonte Kardinal Tempesta: <em>\u201eM\u00f6ge diese Pilgerreise unsere Kr\u00e4fte erneuern, unser Engagement wiederbeleben und uns noch offener f\u00fcr das Wirken des Heiligen Geistes machen. Ich w\u00fcnsche mir, dass dieser Moment uns allen und unserer ganzen Region hilft, so zu sein und so zu handeln, dass wir uns verwandeln lassen und diese Erfahrung in unserem eigenen Leben machen. M\u00f6gen wir diejenigen sein, die das Leben und die Hoffnung, die Jesus Christus, unser Herr, uns schenkt, weitergeben.\u201c<\/em><\/p>\n\n\n\n<h3 class=\"wp-block-heading\" id=\"h-im-schatten-des-heiligtums\">Im Schatten des Heiligtums\u2026<\/h3>\n\n\n\n<p>Am Ende der Feier wurde vor dem Heiligtum das offizielle Foto aufgenommen, das diesen einzigartigen Moment der Gnade f\u00fcr immer festh\u00e4lt. Die Bisch\u00f6fe durften den Segen dieses heiligen Ortes erfahren.<\/p>\n\n\n\n<figure class=\"wp-block-gallery has-nested-images columns-default is-cropped wp-block-gallery-1 is-layout-flex wp-block-gallery-is-layout-flex\">\n<figure class=\"wp-block-image size-large\"><img decoding=\"async\" data-id=\"60427\" src=\"https:\/\/schoenstatt.com\/wp-content\/uploads\/2025\/07\/Bispos-Rio-de-Janeiro-Brazil-3.jpg\" alt=\"\" class=\"wp-image-60427\"\/><\/figure>\n\n\n\n<figure class=\"wp-block-image size-large\"><img decoding=\"async\" data-id=\"60422\" src=\"https:\/\/schoenstatt.com\/wp-content\/uploads\/2025\/07\/Bispos-Rio-de-Janeiro-Brazil-4.jpg\" alt=\"\" class=\"wp-image-60422\"\/><\/figure>\n<\/figure>\n\n\n\n<p>Diese Wallfahrt erinnert uns an die Gegenw\u00e4rtigkeit der prophetischen Worte unseres Gr\u00fcnders Pater Josef Kentenich: \u201eIm Schatten des Heiligtums werden sich in den n\u00e4chsten Jahrhunderten in Deutschland, ja dar\u00fcber hinaus, die Schicksale der Kirche wesentlich entscheiden\u201c (1929). Sie verpflichtet uns auch, der Kirche mit Liebe zu dienen \u2013 als \u201edie treueste Herde unserer Bisch\u00f6fe\u201c (1965).<\/p>\n\n\n\n<figure class=\"wp-block-image size-full\"><img fetchpriority=\"high\" decoding=\"async\" width=\"1600\" height=\"899\" src=\"https:\/\/schoenstatt.com\/wp-content\/uploads\/2025\/07\/Bispos-Rio-de-Janeiro-Brazil.jpg\" alt=\"\" class=\"wp-image-60406\" srcset=\"https:\/\/schoenstatt.com\/wp-content\/uploads\/2025\/07\/Bispos-Rio-de-Janeiro-Brazil.jpg 1600w, https:\/\/schoenstatt.com\/wp-content\/uploads\/2025\/07\/Bispos-Rio-de-Janeiro-Brazil-768x432.jpg 768w, https:\/\/schoenstatt.com\/wp-content\/uploads\/2025\/07\/Bispos-Rio-de-Janeiro-Brazil-1536x863.jpg 1536w\" sizes=\"(max-width: 1600px) 100vw, 1600px\" \/><\/figure>\n\n\n\n<p><strong>\u00dcbersetzung:<\/strong> Vanessa Franke<br><strong>Lektorat: <\/strong>Hildegard Kaiser<\/p>\n","protected":false},"excerpt":{"rendered":"<p>An der Jubil\u00e4umswallfahrt nahmen 18 Bisch\u00f6fe unter der F\u00fchrung des Kardinals von Rio de Janeiro, Dom Orani Tempesta, teil.<\/p>\n","protected":false},"author":3,"featured_media":60407,"comment_status":"closed","ping_status":"closed","sticky":false,"template":"","format":"standard","meta":{"footnotes":""},"categories":[195,851],"tags":[1133],"class_list":["post-60437","post","type-post","status-publish","format-standard","has-post-thumbnail","hentry","category-amerika-de","category-kirche-de","tag-schonstatt-brasilien-de"],"yoast_head":"<!-- This site is optimized with the Yoast SEO Premium plugin v27.4 (Yoast SEO v27.4) - https:\/\/yoast.com\/product\/yoast-seo-premium-wordpress\/ -->\n<title>Achtzehn Bisch\u00f6fe pilgern zum Heiligtum in Rio de Janeiro - Schoenstatt<\/title>\n<meta name=\"description\" content=\"An der Jubil\u00e4umswallfahrt nahmen 18 Bisch\u00f6fe unter der F\u00fchrung des Kardinals von Rio de Janeiro, Dom Orani Tempesta, teil.\" \/>\n<meta name=\"robots\" content=\"index, follow, max-snippet:-1, max-image-preview:large, max-video-preview:-1\" \/>\n<link rel=\"canonical\" href=\"https:\/\/schoenstatt.com\/de\/achtzehn-bischoefe-pilgern-zum-heiligtum-in-rio-de-janeiro\/\" \/>\n<meta property=\"og:locale\" content=\"de_DE\" \/>\n<meta property=\"og:type\" content=\"article\" \/>\n<meta property=\"og:title\" content=\"Achtzehn Bisch\u00f6fe pilgern zum Heiligtum in Rio de Janeiro\" \/>\n<meta property=\"og:description\" content=\"An der Jubil\u00e4umswallfahrt nahmen 18 Bisch\u00f6fe unter der F\u00fchrung des Kardinals von Rio de Janeiro, Dom Orani Tempesta, teil.\" \/>\n<meta property=\"og:url\" content=\"https:\/\/schoenstatt.com\/de\/achtzehn-bischoefe-pilgern-zum-heiligtum-in-rio-de-janeiro\/\" \/>\n<meta property=\"og:site_name\" content=\"Schoenstatt\" \/>\n<meta property=\"article:published_time\" content=\"2025-07-04T01:03:00+00:00\" \/>\n<meta property=\"article:modified_time\" content=\"2025-08-16T02:55:55+00:00\" \/>\n<meta property=\"og:image\" content=\"https:\/\/schoenstatt.com\/wp-content\/uploads\/2025\/07\/Bispos-Rio-de-Janeiro-Brazil.jpg\" \/>\n\t<meta property=\"og:image:width\" content=\"1600\" \/>\n\t<meta property=\"og:image:height\" content=\"899\" \/>\n\t<meta property=\"og:image:type\" content=\"image\/jpeg\" \/>\n<meta name=\"author\" content=\"Karen Bueno\" \/>\n<meta name=\"twitter:card\" content=\"summary_large_image\" \/>\n<meta name=\"twitter:label1\" content=\"Verfasst von\" \/>\n\t<meta name=\"twitter:data1\" content=\"Karen Bueno\" \/>\n\t<meta name=\"twitter:label2\" content=\"Gesch\u00e4tzte Lesezeit\" \/>\n\t<meta name=\"twitter:data2\" content=\"3\u00a0Minuten\" \/>\n<script type=\"application\/ld+json\" class=\"yoast-schema-graph\">{\"@context\":\"https:\\\/\\\/schema.org\",\"@graph\":[{\"@type\":\"Article\",\"@id\":\"https:\\\/\\\/schoenstatt.com\\\/de\\\/achtzehn-bischoefe-pilgern-zum-heiligtum-in-rio-de-janeiro\\\/#article\",\"isPartOf\":{\"@id\":\"https:\\\/\\\/schoenstatt.com\\\/de\\\/achtzehn-bischoefe-pilgern-zum-heiligtum-in-rio-de-janeiro\\\/\"},\"author\":{\"name\":\"Karen Bueno\",\"@id\":\"https:\\\/\\\/schoenstatt.com\\\/de\\\/#\\\/schema\\\/person\\\/5158877ad4acae98b34daaeef2a1ce6e\"},\"headline\":\"Achtzehn Bisch\u00f6fe pilgern zum Heiligtum in Rio de Janeiro\",\"datePublished\":\"2025-07-04T01:03:00+00:00\",\"dateModified\":\"2025-08-16T02:55:55+00:00\",\"mainEntityOfPage\":{\"@id\":\"https:\\\/\\\/schoenstatt.com\\\/de\\\/achtzehn-bischoefe-pilgern-zum-heiligtum-in-rio-de-janeiro\\\/\"},\"wordCount\":360,\"publisher\":{\"@id\":\"https:\\\/\\\/schoenstatt.com\\\/de\\\/#organization\"},\"image\":{\"@id\":\"https:\\\/\\\/schoenstatt.com\\\/de\\\/achtzehn-bischoefe-pilgern-zum-heiligtum-in-rio-de-janeiro\\\/#primaryimage\"},\"thumbnailUrl\":\"https:\\\/\\\/schoenstatt.com\\\/wp-content\\\/uploads\\\/2025\\\/07\\\/Bispos-Rio-de-Janeiro-Brazil.jpg\",\"keywords\":[\"Sch\u00f6nstatt Brasilien\"],\"articleSection\":[\"Amerika\",\"Kirche\"],\"inLanguage\":\"de\"},{\"@type\":\"WebPage\",\"@id\":\"https:\\\/\\\/schoenstatt.com\\\/de\\\/achtzehn-bischoefe-pilgern-zum-heiligtum-in-rio-de-janeiro\\\/\",\"url\":\"https:\\\/\\\/schoenstatt.com\\\/de\\\/achtzehn-bischoefe-pilgern-zum-heiligtum-in-rio-de-janeiro\\\/\",\"name\":\"Achtzehn Bisch\u00f6fe pilgern zum Heiligtum in Rio de Janeiro - Schoenstatt\",\"isPartOf\":{\"@id\":\"https:\\\/\\\/schoenstatt.com\\\/de\\\/#website\"},\"primaryImageOfPage\":{\"@id\":\"https:\\\/\\\/schoenstatt.com\\\/de\\\/achtzehn-bischoefe-pilgern-zum-heiligtum-in-rio-de-janeiro\\\/#primaryimage\"},\"image\":{\"@id\":\"https:\\\/\\\/schoenstatt.com\\\/de\\\/achtzehn-bischoefe-pilgern-zum-heiligtum-in-rio-de-janeiro\\\/#primaryimage\"},\"thumbnailUrl\":\"https:\\\/\\\/schoenstatt.com\\\/wp-content\\\/uploads\\\/2025\\\/07\\\/Bispos-Rio-de-Janeiro-Brazil.jpg\",\"datePublished\":\"2025-07-04T01:03:00+00:00\",\"dateModified\":\"2025-08-16T02:55:55+00:00\",\"description\":\"An der Jubil\u00e4umswallfahrt nahmen 18 Bisch\u00f6fe unter der F\u00fchrung des Kardinals von Rio de Janeiro, Dom Orani Tempesta, teil.\",\"breadcrumb\":{\"@id\":\"https:\\\/\\\/schoenstatt.com\\\/de\\\/achtzehn-bischoefe-pilgern-zum-heiligtum-in-rio-de-janeiro\\\/#breadcrumb\"},\"inLanguage\":\"de\",\"potentialAction\":[{\"@type\":\"ReadAction\",\"target\":[\"https:\\\/\\\/schoenstatt.com\\\/de\\\/achtzehn-bischoefe-pilgern-zum-heiligtum-in-rio-de-janeiro\\\/\"]}]},{\"@type\":\"ImageObject\",\"inLanguage\":\"de\",\"@id\":\"https:\\\/\\\/schoenstatt.com\\\/de\\\/achtzehn-bischoefe-pilgern-zum-heiligtum-in-rio-de-janeiro\\\/#primaryimage\",\"url\":\"https:\\\/\\\/schoenstatt.com\\\/wp-content\\\/uploads\\\/2025\\\/07\\\/Bispos-Rio-de-Janeiro-Brazil.jpg\",\"contentUrl\":\"https:\\\/\\\/schoenstatt.com\\\/wp-content\\\/uploads\\\/2025\\\/07\\\/Bispos-Rio-de-Janeiro-Brazil.jpg\",\"width\":1600,\"height\":899},{\"@type\":\"BreadcrumbList\",\"@id\":\"https:\\\/\\\/schoenstatt.com\\\/de\\\/achtzehn-bischoefe-pilgern-zum-heiligtum-in-rio-de-janeiro\\\/#breadcrumb\",\"itemListElement\":[{\"@type\":\"ListItem\",\"position\":1,\"name\":\"Portada\",\"item\":\"https:\\\/\\\/schoenstatt.com\\\/de\\\/home\\\/\"},{\"@type\":\"ListItem\",\"position\":2,\"name\":\"Achtzehn Bisch\u00f6fe pilgern zum Heiligtum in Rio de Janeiro\"}]},{\"@type\":\"WebSite\",\"@id\":\"https:\\\/\\\/schoenstatt.com\\\/de\\\/#website\",\"url\":\"https:\\\/\\\/schoenstatt.com\\\/de\\\/\",\"name\":\"Schoenstatt\",\"description\":\"Apostolic Movement\",\"publisher\":{\"@id\":\"https:\\\/\\\/schoenstatt.com\\\/de\\\/#organization\"},\"potentialAction\":[{\"@type\":\"SearchAction\",\"target\":{\"@type\":\"EntryPoint\",\"urlTemplate\":\"https:\\\/\\\/schoenstatt.com\\\/de\\\/?s={search_term_string}\"},\"query-input\":{\"@type\":\"PropertyValueSpecification\",\"valueRequired\":true,\"valueName\":\"search_term_string\"}}],\"inLanguage\":\"de\"},{\"@type\":\"Organization\",\"@id\":\"https:\\\/\\\/schoenstatt.com\\\/de\\\/#organization\",\"name\":\"Schoenstatt\",\"url\":\"https:\\\/\\\/schoenstatt.com\\\/de\\\/\",\"logo\":{\"@type\":\"ImageObject\",\"inLanguage\":\"de\",\"@id\":\"https:\\\/\\\/schoenstatt.com\\\/de\\\/#\\\/schema\\\/logo\\\/image\\\/\",\"url\":\"https:\\\/\\\/schoenstatt.com\\\/wp-content\\\/uploads\\\/2025\\\/04\\\/logo-schoenstatt-white-696x696-1.png\",\"contentUrl\":\"https:\\\/\\\/schoenstatt.com\\\/wp-content\\\/uploads\\\/2025\\\/04\\\/logo-schoenstatt-white-696x696-1.png\",\"width\":696,\"height\":694,\"caption\":\"Schoenstatt\"},\"image\":{\"@id\":\"https:\\\/\\\/schoenstatt.com\\\/de\\\/#\\\/schema\\\/logo\\\/image\\\/\"}},{\"@type\":\"Person\",\"@id\":\"https:\\\/\\\/schoenstatt.com\\\/de\\\/#\\\/schema\\\/person\\\/5158877ad4acae98b34daaeef2a1ce6e\",\"name\":\"Karen Bueno\",\"image\":{\"@type\":\"ImageObject\",\"inLanguage\":\"de\",\"@id\":\"https:\\\/\\\/secure.gravatar.com\\\/avatar\\\/f9f4b823873154269d2b2130f195f6d41037dd0d7fc5f3cacb5c846bae70d66b?s=96&d=mm&r=g\",\"url\":\"https:\\\/\\\/secure.gravatar.com\\\/avatar\\\/f9f4b823873154269d2b2130f195f6d41037dd0d7fc5f3cacb5c846bae70d66b?s=96&d=mm&r=g\",\"contentUrl\":\"https:\\\/\\\/secure.gravatar.com\\\/avatar\\\/f9f4b823873154269d2b2130f195f6d41037dd0d7fc5f3cacb5c846bae70d66b?s=96&d=mm&r=g\",\"caption\":\"Karen Bueno\"},\"url\":\"https:\\\/\\\/schoenstatt.com\\\/de\\\/author\\\/karen-bueno\\\/\"}]}<\/script>\n<!-- \/ Yoast SEO Premium plugin. -->","yoast_head_json":{"title":"Achtzehn Bisch\u00f6fe pilgern zum Heiligtum in Rio de Janeiro - Schoenstatt","description":"An der Jubil\u00e4umswallfahrt nahmen 18 Bisch\u00f6fe unter der F\u00fchrung des Kardinals von Rio de Janeiro, Dom Orani Tempesta, teil.","robots":{"index":"index","follow":"follow","max-snippet":"max-snippet:-1","max-image-preview":"max-image-preview:large","max-video-preview":"max-video-preview:-1"},"canonical":"https:\/\/schoenstatt.com\/de\/achtzehn-bischoefe-pilgern-zum-heiligtum-in-rio-de-janeiro\/","og_locale":"de_DE","og_type":"article","og_title":"Achtzehn Bisch\u00f6fe pilgern zum Heiligtum in Rio de Janeiro","og_description":"An der Jubil\u00e4umswallfahrt nahmen 18 Bisch\u00f6fe unter der F\u00fchrung des Kardinals von Rio de Janeiro, Dom Orani Tempesta, teil.","og_url":"https:\/\/schoenstatt.com\/de\/achtzehn-bischoefe-pilgern-zum-heiligtum-in-rio-de-janeiro\/","og_site_name":"Schoenstatt","article_published_time":"2025-07-04T01:03:00+00:00","article_modified_time":"2025-08-16T02:55:55+00:00","og_image":[{"width":1600,"height":899,"url":"https:\/\/schoenstatt.com\/wp-content\/uploads\/2025\/07\/Bispos-Rio-de-Janeiro-Brazil.jpg","type":"image\/jpeg"}],"author":"Karen Bueno","twitter_card":"summary_large_image","twitter_misc":{"Verfasst von":"Karen Bueno","Gesch\u00e4tzte Lesezeit":"3\u00a0Minuten"},"schema":{"@context":"https:\/\/schema.org","@graph":[{"@type":"Article","@id":"https:\/\/schoenstatt.com\/de\/achtzehn-bischoefe-pilgern-zum-heiligtum-in-rio-de-janeiro\/#article","isPartOf":{"@id":"https:\/\/schoenstatt.com\/de\/achtzehn-bischoefe-pilgern-zum-heiligtum-in-rio-de-janeiro\/"},"author":{"name":"Karen Bueno","@id":"https:\/\/schoenstatt.com\/de\/#\/schema\/person\/5158877ad4acae98b34daaeef2a1ce6e"},"headline":"Achtzehn Bisch\u00f6fe pilgern zum Heiligtum in Rio de Janeiro","datePublished":"2025-07-04T01:03:00+00:00","dateModified":"2025-08-16T02:55:55+00:00","mainEntityOfPage":{"@id":"https:\/\/schoenstatt.com\/de\/achtzehn-bischoefe-pilgern-zum-heiligtum-in-rio-de-janeiro\/"},"wordCount":360,"publisher":{"@id":"https:\/\/schoenstatt.com\/de\/#organization"},"image":{"@id":"https:\/\/schoenstatt.com\/de\/achtzehn-bischoefe-pilgern-zum-heiligtum-in-rio-de-janeiro\/#primaryimage"},"thumbnailUrl":"https:\/\/schoenstatt.com\/wp-content\/uploads\/2025\/07\/Bispos-Rio-de-Janeiro-Brazil.jpg","keywords":["Sch\u00f6nstatt Brasilien"],"articleSection":["Amerika","Kirche"],"inLanguage":"de"},{"@type":"WebPage","@id":"https:\/\/schoenstatt.com\/de\/achtzehn-bischoefe-pilgern-zum-heiligtum-in-rio-de-janeiro\/","url":"https:\/\/schoenstatt.com\/de\/achtzehn-bischoefe-pilgern-zum-heiligtum-in-rio-de-janeiro\/","name":"Achtzehn Bisch\u00f6fe pilgern zum Heiligtum in Rio de Janeiro - Schoenstatt","isPartOf":{"@id":"https:\/\/schoenstatt.com\/de\/#website"},"primaryImageOfPage":{"@id":"https:\/\/schoenstatt.com\/de\/achtzehn-bischoefe-pilgern-zum-heiligtum-in-rio-de-janeiro\/#primaryimage"},"image":{"@id":"https:\/\/schoenstatt.com\/de\/achtzehn-bischoefe-pilgern-zum-heiligtum-in-rio-de-janeiro\/#primaryimage"},"thumbnailUrl":"https:\/\/schoenstatt.com\/wp-content\/uploads\/2025\/07\/Bispos-Rio-de-Janeiro-Brazil.jpg","datePublished":"2025-07-04T01:03:00+00:00","dateModified":"2025-08-16T02:55:55+00:00","description":"An der Jubil\u00e4umswallfahrt nahmen 18 Bisch\u00f6fe unter der F\u00fchrung des Kardinals von Rio de Janeiro, Dom Orani Tempesta, teil.","breadcrumb":{"@id":"https:\/\/schoenstatt.com\/de\/achtzehn-bischoefe-pilgern-zum-heiligtum-in-rio-de-janeiro\/#breadcrumb"},"inLanguage":"de","potentialAction":[{"@type":"ReadAction","target":["https:\/\/schoenstatt.com\/de\/achtzehn-bischoefe-pilgern-zum-heiligtum-in-rio-de-janeiro\/"]}]},{"@type":"ImageObject","inLanguage":"de","@id":"https:\/\/schoenstatt.com\/de\/achtzehn-bischoefe-pilgern-zum-heiligtum-in-rio-de-janeiro\/#primaryimage","url":"https:\/\/schoenstatt.com\/wp-content\/uploads\/2025\/07\/Bispos-Rio-de-Janeiro-Brazil.jpg","contentUrl":"https:\/\/schoenstatt.com\/wp-content\/uploads\/2025\/07\/Bispos-Rio-de-Janeiro-Brazil.jpg","width":1600,"height":899},{"@type":"BreadcrumbList","@id":"https:\/\/schoenstatt.com\/de\/achtzehn-bischoefe-pilgern-zum-heiligtum-in-rio-de-janeiro\/#breadcrumb","itemListElement":[{"@type":"ListItem","position":1,"name":"Portada","item":"https:\/\/schoenstatt.com\/de\/home\/"},{"@type":"ListItem","position":2,"name":"Achtzehn Bisch\u00f6fe pilgern zum Heiligtum in Rio de Janeiro"}]},{"@type":"WebSite","@id":"https:\/\/schoenstatt.com\/de\/#website","url":"https:\/\/schoenstatt.com\/de\/","name":"Schoenstatt","description":"Apostolic Movement","publisher":{"@id":"https:\/\/schoenstatt.com\/de\/#organization"},"potentialAction":[{"@type":"SearchAction","target":{"@type":"EntryPoint","urlTemplate":"https:\/\/schoenstatt.com\/de\/?s={search_term_string}"},"query-input":{"@type":"PropertyValueSpecification","valueRequired":true,"valueName":"search_term_string"}}],"inLanguage":"de"},{"@type":"Organization","@id":"https:\/\/schoenstatt.com\/de\/#organization","name":"Schoenstatt","url":"https:\/\/schoenstatt.com\/de\/","logo":{"@type":"ImageObject","inLanguage":"de","@id":"https:\/\/schoenstatt.com\/de\/#\/schema\/logo\/image\/","url":"https:\/\/schoenstatt.com\/wp-content\/uploads\/2025\/04\/logo-schoenstatt-white-696x696-1.png","contentUrl":"https:\/\/schoenstatt.com\/wp-content\/uploads\/2025\/04\/logo-schoenstatt-white-696x696-1.png","width":696,"height":694,"caption":"Schoenstatt"},"image":{"@id":"https:\/\/schoenstatt.com\/de\/#\/schema\/logo\/image\/"}},{"@type":"Person","@id":"https:\/\/schoenstatt.com\/de\/#\/schema\/person\/5158877ad4acae98b34daaeef2a1ce6e","name":"Karen Bueno","image":{"@type":"ImageObject","inLanguage":"de","@id":"https:\/\/secure.gravatar.com\/avatar\/f9f4b823873154269d2b2130f195f6d41037dd0d7fc5f3cacb5c846bae70d66b?s=96&d=mm&r=g","url":"https:\/\/secure.gravatar.com\/avatar\/f9f4b823873154269d2b2130f195f6d41037dd0d7fc5f3cacb5c846bae70d66b?s=96&d=mm&r=g","contentUrl":"https:\/\/secure.gravatar.com\/avatar\/f9f4b823873154269d2b2130f195f6d41037dd0d7fc5f3cacb5c846bae70d66b?s=96&d=mm&r=g","caption":"Karen Bueno"},"url":"https:\/\/schoenstatt.com\/de\/author\/karen-bueno\/"}]}},"_links":{"self":[{"href":"https:\/\/schoenstatt.com\/de\/wp-json\/wp\/v2\/posts\/60437","targetHints":{"allow":["GET"]}}],"collection":[{"href":"https:\/\/schoenstatt.com\/de\/wp-json\/wp\/v2\/posts"}],"about":[{"href":"https:\/\/schoenstatt.com\/de\/wp-json\/wp\/v2\/types\/post"}],"author":[{"embeddable":true,"href":"https:\/\/schoenstatt.com\/de\/wp-json\/wp\/v2\/users\/3"}],"replies":[{"embeddable":true,"href":"https:\/\/schoenstatt.com\/de\/wp-json\/wp\/v2\/comments?post=60437"}],"version-history":[{"count":1,"href":"https:\/\/schoenstatt.com\/de\/wp-json\/wp\/v2\/posts\/60437\/revisions"}],"predecessor-version":[{"id":60438,"href":"https:\/\/schoenstatt.com\/de\/wp-json\/wp\/v2\/posts\/60437\/revisions\/60438"}],"wp:featuredmedia":[{"embeddable":true,"href":"https:\/\/schoenstatt.com\/de\/wp-json\/wp\/v2\/media\/60407"}],"wp:attachment":[{"href":"https:\/\/schoenstatt.com\/de\/wp-json\/wp\/v2\/media?parent=60437"}],"wp:term":[{"taxonomy":"category","embeddable":true,"href":"https:\/\/schoenstatt.com\/de\/wp-json\/wp\/v2\/categories?post=60437"},{"taxonomy":"post_tag","embeddable":true,"href":"https:\/\/schoenstatt.com\/de\/wp-json\/wp\/v2\/tags?post=60437"}],"curies":[{"name":"wp","href":"https:\/\/api.w.org\/{rel}","templated":true}]}}