{"id":60123,"date":"2025-06-23T15:48:32","date_gmt":"2025-06-23T13:48:32","guid":{"rendered":"https:\/\/schoenstatt.com\/?p=60123"},"modified":"2025-06-25T13:41:23","modified_gmt":"2025-06-25T11:41:23","slug":"maria-voce-ist-verstorben-die-ehemalige-praesidentin-der-fokolar-bewegung","status":"publish","type":"post","link":"https:\/\/schoenstatt.com\/de\/maria-voce-ist-verstorben-die-ehemalige-praesidentin-der-fokolar-bewegung\/","title":{"rendered":"Maria Voce ist verstorben, die ehemalige Pr\u00e4sidentin der Fokolar-Bewegung"},"content":{"rendered":"\n<p>Am vergangenen Freitag, dem 20. Juni, verstarb Maria Voce, die erste Pr\u00e4sidentin der Fokolar-Bewegung. Sie leitete dieses internationale Werk nach dem Tod der Gr\u00fcnderin Chiara Lubich von 2008 bis 2021. Die Beerdigung findet am Montag, dem 23. Juni, im internationalen Zentrum der Fokolar-Bewegung in Rocca di Papa (Rom) statt.<\/p>\n\n\n\n<h3 class=\"wp-block-heading\" id=\"h-botschaft-an-die-schonstattbewegung\">Botschaft an die Sch\u00f6nstattbewegung<\/h3>\n\n\n\n<p>Die derzeitige Pr\u00e4sidentin der Fokolar-Bewegung, Margaret Karram, sandte der Sch\u00f6nstattfamilie ein Schreiben, in dem sie den Tod von Maria Voce mitteilte. Sie schrieb, dass Maria Voce \u201efriedlich in ihrem Haus in Rocca di Papa (Rom) verstorben ist, nachdem sich ihr Gesundheitszustand verschlechtert hatte\u201c.<\/p>\n\n\n\n<p>Frau Karram f\u00fcgte hinzu: \u201eDie Dankbarkeit f\u00fcr ihr Leben, das bis zum Ende ganz Gott gewidmet war, ist gro\u00df &#8211; besonders f\u00fcr die zw\u00f6lf Jahre an der Spitze der Fokolar-Bewegung. Sie verstand es, mit Intelligenz, Weitblick und Entschlossenheit den schwierigen \u00dcbergang von der Gr\u00fcndungsphase zur Nach-Gr\u00fcndungsphase des Werkes zu gestalten. Zudem gelang es ihr, ihre Treue zum Charisma der Einheit mit dem Mut zu verbinden, zahlreichen Herausforderungen auf menschlicher und institutioneller Ebene zu begegnen.\u201c<\/p>\n\n\n\n<ul class=\"wp-block-list\">\n<li><a href=\"https:\/\/de.wikipedia.org\/wiki\/Maria_Voce\" target=\"_blank\" rel=\"noreferrer noopener\">Mehr \u00fcber Maria Voce lesen<\/a><\/li>\n<\/ul>\n\n\n\n<div style=\"height:35px\" aria-hidden=\"true\" class=\"wp-block-spacer\"><\/div>\n\n\n\n<figure class=\"wp-block-image size-full\"><img fetchpriority=\"high\" decoding=\"async\" width=\"1280\" height=\"711\" src=\"https:\/\/schoenstatt.com\/wp-content\/uploads\/2025\/06\/Maria-Voce-Focolares.webp\" alt=\"\" class=\"wp-image-60092\" srcset=\"https:\/\/schoenstatt.com\/wp-content\/uploads\/2025\/06\/Maria-Voce-Focolares.webp 1280w, https:\/\/schoenstatt.com\/wp-content\/uploads\/2025\/06\/Maria-Voce-Focolares-768x427.webp 768w\" sizes=\"(max-width: 1280px) 100vw, 1280px\" \/><\/figure>\n\n\n\n<h3 class=\"wp-block-heading\" id=\"h-schonstatt-bekundet-seine-solidaritat-mit-der-fokolar-bewegung\">Sch\u00f6nstatt bekundet seine Solidarit\u00e4t mit der Fokolar-Bewegung<\/h3>\n\n\n\n<p>Der Pr\u00e4sident des internationalen Sch\u00f6nstatt-Pr\u00e4sidiums, Pater Alexandre Awi Mello, schickte im Namen der gesamten Bewegung ein Schreiben an die Fokolarfamilie. Darin hei\u00dft es: <em>\u201eMaria Voce hat ein Verm\u00e4chtnis von Liebe, Einheit und Dienst hinterlassen, das kommende Generationen weiterhin inspirieren wird.\u201c<\/em><\/p>\n\n\n\n<p>Pater Alexandre Awi Mello hob einen besonderen Aspekt im Leben von Maria Voce hervor: <em>\u201eIhre tiefe und &#8211; ich w\u00fcrde sagen &#8211; existentielle Verbundenheit mit der Jungfrau Maria ber\u00fchrt besonders unsere Sch\u00f6nstatt-Spiritualit\u00e4t, die uns als \u201avon Maria geformt\u2018 sieht und die uns dazu verpflichtet, Heiligkeit im Alltag im Liebesb\u00fcndnis mit ihr zu leben.\u201c<\/em><\/p>\n\n\n\n<p>Bei der Beerdigung wird die Apostolische Sch\u00f6nstattbewegung durch P. Pablo P\u00e9rez, Direktor der Bewegung in Italien, und P. Andr\u00e9s Rodriguez, Pfarrer der von den Sch\u00f6nstatt-Patres betreuten Pfarrei in Rom, vertreten sein.<\/p>\n\n\n\n<p>Nachfolgend die <a href=\"https:\/\/schoenstatt.com\/wp-content\/uploads\/2025\/06\/DE-Letter-to-the-Focolare-Movement-Maria-Voce-2.pdf\" target=\"_blank\" rel=\"noreferrer noopener\">vollst\u00e4ndige Botschaft<\/a> von P. Alexandre Awi Mello:<\/p>\n\n\n\n<div data-wp-interactive=\"core\/file\" class=\"wp-block-file\"><object data-wp-bind--hidden=\"!state.hasPdfPreview\" hidden class=\"wp-block-file__embed\" data=\"https:\/\/schoenstatt.com\/wp-content\/uploads\/2025\/06\/DE-Letter-to-the-Focolare-Movement-Maria-Voce-2.pdf\" type=\"application\/pdf\" style=\"width:100%;height:1041px\" aria-label=\"PDF-Einbettung\"><\/object><\/div>\n\n\n\n<div class=\"wp-block-buttons is-content-justification-center is-layout-flex wp-container-core-buttons-is-layout-a89b3969 wp-block-buttons-is-layout-flex\">\n<div class=\"wp-block-button\"><a class=\"wp-block-button__link has-white-color has-text-color has-background has-link-color wp-element-button\" href=\"https:\/\/schoenstatt.com\/wp-content\/uploads\/2025\/06\/DE-Letter-to-the-Focolare-Movement-Maria-Voce-2.pdf\" style=\"background-color:#d66f0f\" target=\"_blank\" rel=\"noreferrer noopener\"><strong>Brief an die Fokolar-Bewegung<\/strong><\/a><\/div>\n<\/div>\n","protected":false},"excerpt":{"rendered":"<p>Sch\u00f6nstatt zeigt seine Verbundenheit mit der Fokolar-Bewegung beim Abschied von ihrer ersten Pr\u00e4sidentin.<\/p>\n","protected":false},"author":3,"featured_media":60094,"comment_status":"closed","ping_status":"closed","sticky":false,"template":"","format":"standard","meta":{"footnotes":""},"categories":[851],"tags":[],"class_list":["post-60123","post","type-post","status-publish","format-standard","has-post-thumbnail","hentry","category-kirche-de"],"yoast_head":"<!-- This site is optimized with the Yoast SEO Premium plugin v27.4 (Yoast SEO v27.5) - https:\/\/yoast.com\/product\/yoast-seo-premium-wordpress\/ -->\n<title>Maria Voce ist verstorben, die ehemalige Pr\u00e4sidentin der Fokolar-Bewegung<\/title>\n<meta name=\"description\" content=\"Sch\u00f6nstatt zeigt seine Verbundenheit mit der Fokolar-Bewegung beim Abschied von ihrer ersten Pr\u00e4sidentin.\" \/>\n<meta name=\"robots\" content=\"index, follow, max-snippet:-1, max-image-preview:large, max-video-preview:-1\" \/>\n<link rel=\"canonical\" href=\"https:\/\/schoenstatt.com\/de\/maria-voce-ist-verstorben-die-ehemalige-praesidentin-der-fokolar-bewegung\/\" \/>\n<meta property=\"og:locale\" content=\"de_DE\" \/>\n<meta property=\"og:type\" content=\"article\" \/>\n<meta property=\"og:title\" content=\"Maria Voce ist verstorben, die ehemalige Pr\u00e4sidentin der Fokolar-Bewegung\" \/>\n<meta property=\"og:description\" content=\"Sch\u00f6nstatt zeigt seine Verbundenheit mit der Fokolar-Bewegung beim Abschied von ihrer ersten Pr\u00e4sidentin.\" \/>\n<meta property=\"og:url\" content=\"https:\/\/schoenstatt.com\/de\/maria-voce-ist-verstorben-die-ehemalige-praesidentin-der-fokolar-bewegung\/\" \/>\n<meta property=\"og:site_name\" content=\"Schoenstatt\" \/>\n<meta property=\"article:published_time\" content=\"2025-06-23T13:48:32+00:00\" \/>\n<meta property=\"article:modified_time\" content=\"2025-06-25T11:41:23+00:00\" \/>\n<meta property=\"og:image\" content=\"https:\/\/schoenstatt.com\/wp-content\/uploads\/2025\/06\/Maria-Voce-Focolares.webp\" \/>\n\t<meta property=\"og:image:width\" content=\"1280\" \/>\n\t<meta property=\"og:image:height\" content=\"711\" \/>\n\t<meta property=\"og:image:type\" content=\"image\/jpeg\" \/>\n<meta name=\"author\" content=\"Karen Bueno\" \/>\n<meta name=\"twitter:card\" content=\"summary_large_image\" \/>\n<meta name=\"twitter:label1\" content=\"Verfasst von\" \/>\n\t<meta name=\"twitter:data1\" content=\"Karen Bueno\" \/>\n\t<meta name=\"twitter:label2\" content=\"Gesch\u00e4tzte Lesezeit\" \/>\n\t<meta name=\"twitter:data2\" content=\"3\u00a0Minuten\" \/>\n<script type=\"application\/ld+json\" class=\"yoast-schema-graph\">{\"@context\":\"https:\\\/\\\/schema.org\",\"@graph\":[{\"@type\":\"Article\",\"@id\":\"https:\\\/\\\/schoenstatt.com\\\/de\\\/maria-voce-ist-verstorben-die-ehemalige-praesidentin-der-fokolar-bewegung\\\/#article\",\"isPartOf\":{\"@id\":\"https:\\\/\\\/schoenstatt.com\\\/de\\\/maria-voce-ist-verstorben-die-ehemalige-praesidentin-der-fokolar-bewegung\\\/\"},\"author\":{\"name\":\"Karen Bueno\",\"@id\":\"https:\\\/\\\/schoenstatt.com\\\/de\\\/#\\\/schema\\\/person\\\/5158877ad4acae98b34daaeef2a1ce6e\"},\"headline\":\"Maria Voce ist verstorben, die ehemalige Pr\u00e4sidentin der Fokolar-Bewegung\",\"datePublished\":\"2025-06-23T13:48:32+00:00\",\"dateModified\":\"2025-06-25T11:41:23+00:00\",\"mainEntityOfPage\":{\"@id\":\"https:\\\/\\\/schoenstatt.com\\\/de\\\/maria-voce-ist-verstorben-die-ehemalige-praesidentin-der-fokolar-bewegung\\\/\"},\"wordCount\":353,\"publisher\":{\"@id\":\"https:\\\/\\\/schoenstatt.com\\\/de\\\/#organization\"},\"image\":{\"@id\":\"https:\\\/\\\/schoenstatt.com\\\/de\\\/maria-voce-ist-verstorben-die-ehemalige-praesidentin-der-fokolar-bewegung\\\/#primaryimage\"},\"thumbnailUrl\":\"https:\\\/\\\/schoenstatt.com\\\/wp-content\\\/uploads\\\/2025\\\/06\\\/Maria-Voce-Focolares.webp\",\"articleSection\":[\"Kirche\"],\"inLanguage\":\"de\"},{\"@type\":\"WebPage\",\"@id\":\"https:\\\/\\\/schoenstatt.com\\\/de\\\/maria-voce-ist-verstorben-die-ehemalige-praesidentin-der-fokolar-bewegung\\\/\",\"url\":\"https:\\\/\\\/schoenstatt.com\\\/de\\\/maria-voce-ist-verstorben-die-ehemalige-praesidentin-der-fokolar-bewegung\\\/\",\"name\":\"Maria Voce ist verstorben, die ehemalige Pr\u00e4sidentin der Fokolar-Bewegung\",\"isPartOf\":{\"@id\":\"https:\\\/\\\/schoenstatt.com\\\/de\\\/#website\"},\"primaryImageOfPage\":{\"@id\":\"https:\\\/\\\/schoenstatt.com\\\/de\\\/maria-voce-ist-verstorben-die-ehemalige-praesidentin-der-fokolar-bewegung\\\/#primaryimage\"},\"image\":{\"@id\":\"https:\\\/\\\/schoenstatt.com\\\/de\\\/maria-voce-ist-verstorben-die-ehemalige-praesidentin-der-fokolar-bewegung\\\/#primaryimage\"},\"thumbnailUrl\":\"https:\\\/\\\/schoenstatt.com\\\/wp-content\\\/uploads\\\/2025\\\/06\\\/Maria-Voce-Focolares.webp\",\"datePublished\":\"2025-06-23T13:48:32+00:00\",\"dateModified\":\"2025-06-25T11:41:23+00:00\",\"description\":\"Sch\u00f6nstatt zeigt seine Verbundenheit mit der Fokolar-Bewegung beim Abschied von ihrer ersten Pr\u00e4sidentin.\",\"breadcrumb\":{\"@id\":\"https:\\\/\\\/schoenstatt.com\\\/de\\\/maria-voce-ist-verstorben-die-ehemalige-praesidentin-der-fokolar-bewegung\\\/#breadcrumb\"},\"inLanguage\":\"de\",\"potentialAction\":[{\"@type\":\"ReadAction\",\"target\":[\"https:\\\/\\\/schoenstatt.com\\\/de\\\/maria-voce-ist-verstorben-die-ehemalige-praesidentin-der-fokolar-bewegung\\\/\"]}]},{\"@type\":\"ImageObject\",\"inLanguage\":\"de\",\"@id\":\"https:\\\/\\\/schoenstatt.com\\\/de\\\/maria-voce-ist-verstorben-die-ehemalige-praesidentin-der-fokolar-bewegung\\\/#primaryimage\",\"url\":\"https:\\\/\\\/schoenstatt.com\\\/wp-content\\\/uploads\\\/2025\\\/06\\\/Maria-Voce-Focolares.webp\",\"contentUrl\":\"https:\\\/\\\/schoenstatt.com\\\/wp-content\\\/uploads\\\/2025\\\/06\\\/Maria-Voce-Focolares.webp\",\"width\":1280,\"height\":711},{\"@type\":\"BreadcrumbList\",\"@id\":\"https:\\\/\\\/schoenstatt.com\\\/de\\\/maria-voce-ist-verstorben-die-ehemalige-praesidentin-der-fokolar-bewegung\\\/#breadcrumb\",\"itemListElement\":[{\"@type\":\"ListItem\",\"position\":1,\"name\":\"Portada\",\"item\":\"https:\\\/\\\/schoenstatt.com\\\/de\\\/home\\\/\"},{\"@type\":\"ListItem\",\"position\":2,\"name\":\"Maria Voce ist verstorben, die ehemalige Pr\u00e4sidentin der Fokolar-Bewegung\"}]},{\"@type\":\"WebSite\",\"@id\":\"https:\\\/\\\/schoenstatt.com\\\/de\\\/#website\",\"url\":\"https:\\\/\\\/schoenstatt.com\\\/de\\\/\",\"name\":\"Schoenstatt\",\"description\":\"Apostolic Movement\",\"publisher\":{\"@id\":\"https:\\\/\\\/schoenstatt.com\\\/de\\\/#organization\"},\"potentialAction\":[{\"@type\":\"SearchAction\",\"target\":{\"@type\":\"EntryPoint\",\"urlTemplate\":\"https:\\\/\\\/schoenstatt.com\\\/de\\\/?s={search_term_string}\"},\"query-input\":{\"@type\":\"PropertyValueSpecification\",\"valueRequired\":true,\"valueName\":\"search_term_string\"}}],\"inLanguage\":\"de\"},{\"@type\":\"Organization\",\"@id\":\"https:\\\/\\\/schoenstatt.com\\\/de\\\/#organization\",\"name\":\"Schoenstatt\",\"url\":\"https:\\\/\\\/schoenstatt.com\\\/de\\\/\",\"logo\":{\"@type\":\"ImageObject\",\"inLanguage\":\"de\",\"@id\":\"https:\\\/\\\/schoenstatt.com\\\/de\\\/#\\\/schema\\\/logo\\\/image\\\/\",\"url\":\"https:\\\/\\\/schoenstatt.com\\\/wp-content\\\/uploads\\\/2025\\\/04\\\/logo-schoenstatt-white-696x696-1.png\",\"contentUrl\":\"https:\\\/\\\/schoenstatt.com\\\/wp-content\\\/uploads\\\/2025\\\/04\\\/logo-schoenstatt-white-696x696-1.png\",\"width\":696,\"height\":694,\"caption\":\"Schoenstatt\"},\"image\":{\"@id\":\"https:\\\/\\\/schoenstatt.com\\\/de\\\/#\\\/schema\\\/logo\\\/image\\\/\"}},{\"@type\":\"Person\",\"@id\":\"https:\\\/\\\/schoenstatt.com\\\/de\\\/#\\\/schema\\\/person\\\/5158877ad4acae98b34daaeef2a1ce6e\",\"name\":\"Karen Bueno\",\"image\":{\"@type\":\"ImageObject\",\"inLanguage\":\"de\",\"@id\":\"https:\\\/\\\/secure.gravatar.com\\\/avatar\\\/f9f4b823873154269d2b2130f195f6d41037dd0d7fc5f3cacb5c846bae70d66b?s=96&d=mm&r=g\",\"url\":\"https:\\\/\\\/secure.gravatar.com\\\/avatar\\\/f9f4b823873154269d2b2130f195f6d41037dd0d7fc5f3cacb5c846bae70d66b?s=96&d=mm&r=g\",\"contentUrl\":\"https:\\\/\\\/secure.gravatar.com\\\/avatar\\\/f9f4b823873154269d2b2130f195f6d41037dd0d7fc5f3cacb5c846bae70d66b?s=96&d=mm&r=g\",\"caption\":\"Karen Bueno\"},\"url\":\"https:\\\/\\\/schoenstatt.com\\\/de\\\/author\\\/karen-bueno\\\/\"}]}<\/script>\n<!-- \/ Yoast SEO Premium plugin. -->","yoast_head_json":{"title":"Maria Voce ist verstorben, die ehemalige Pr\u00e4sidentin der Fokolar-Bewegung","description":"Sch\u00f6nstatt zeigt seine Verbundenheit mit der Fokolar-Bewegung beim Abschied von ihrer ersten Pr\u00e4sidentin.","robots":{"index":"index","follow":"follow","max-snippet":"max-snippet:-1","max-image-preview":"max-image-preview:large","max-video-preview":"max-video-preview:-1"},"canonical":"https:\/\/schoenstatt.com\/de\/maria-voce-ist-verstorben-die-ehemalige-praesidentin-der-fokolar-bewegung\/","og_locale":"de_DE","og_type":"article","og_title":"Maria Voce ist verstorben, die ehemalige Pr\u00e4sidentin der Fokolar-Bewegung","og_description":"Sch\u00f6nstatt zeigt seine Verbundenheit mit der Fokolar-Bewegung beim Abschied von ihrer ersten Pr\u00e4sidentin.","og_url":"https:\/\/schoenstatt.com\/de\/maria-voce-ist-verstorben-die-ehemalige-praesidentin-der-fokolar-bewegung\/","og_site_name":"Schoenstatt","article_published_time":"2025-06-23T13:48:32+00:00","article_modified_time":"2025-06-25T11:41:23+00:00","og_image":[{"width":1280,"height":711,"url":"https:\/\/schoenstatt.com\/wp-content\/uploads\/2025\/06\/Maria-Voce-Focolares.webp","type":"image\/jpeg"}],"author":"Karen Bueno","twitter_card":"summary_large_image","twitter_misc":{"Verfasst von":"Karen Bueno","Gesch\u00e4tzte Lesezeit":"3\u00a0Minuten"},"schema":{"@context":"https:\/\/schema.org","@graph":[{"@type":"Article","@id":"https:\/\/schoenstatt.com\/de\/maria-voce-ist-verstorben-die-ehemalige-praesidentin-der-fokolar-bewegung\/#article","isPartOf":{"@id":"https:\/\/schoenstatt.com\/de\/maria-voce-ist-verstorben-die-ehemalige-praesidentin-der-fokolar-bewegung\/"},"author":{"name":"Karen Bueno","@id":"https:\/\/schoenstatt.com\/de\/#\/schema\/person\/5158877ad4acae98b34daaeef2a1ce6e"},"headline":"Maria Voce ist verstorben, die ehemalige Pr\u00e4sidentin der Fokolar-Bewegung","datePublished":"2025-06-23T13:48:32+00:00","dateModified":"2025-06-25T11:41:23+00:00","mainEntityOfPage":{"@id":"https:\/\/schoenstatt.com\/de\/maria-voce-ist-verstorben-die-ehemalige-praesidentin-der-fokolar-bewegung\/"},"wordCount":353,"publisher":{"@id":"https:\/\/schoenstatt.com\/de\/#organization"},"image":{"@id":"https:\/\/schoenstatt.com\/de\/maria-voce-ist-verstorben-die-ehemalige-praesidentin-der-fokolar-bewegung\/#primaryimage"},"thumbnailUrl":"https:\/\/schoenstatt.com\/wp-content\/uploads\/2025\/06\/Maria-Voce-Focolares.webp","articleSection":["Kirche"],"inLanguage":"de"},{"@type":"WebPage","@id":"https:\/\/schoenstatt.com\/de\/maria-voce-ist-verstorben-die-ehemalige-praesidentin-der-fokolar-bewegung\/","url":"https:\/\/schoenstatt.com\/de\/maria-voce-ist-verstorben-die-ehemalige-praesidentin-der-fokolar-bewegung\/","name":"Maria Voce ist verstorben, die ehemalige Pr\u00e4sidentin der Fokolar-Bewegung","isPartOf":{"@id":"https:\/\/schoenstatt.com\/de\/#website"},"primaryImageOfPage":{"@id":"https:\/\/schoenstatt.com\/de\/maria-voce-ist-verstorben-die-ehemalige-praesidentin-der-fokolar-bewegung\/#primaryimage"},"image":{"@id":"https:\/\/schoenstatt.com\/de\/maria-voce-ist-verstorben-die-ehemalige-praesidentin-der-fokolar-bewegung\/#primaryimage"},"thumbnailUrl":"https:\/\/schoenstatt.com\/wp-content\/uploads\/2025\/06\/Maria-Voce-Focolares.webp","datePublished":"2025-06-23T13:48:32+00:00","dateModified":"2025-06-25T11:41:23+00:00","description":"Sch\u00f6nstatt zeigt seine Verbundenheit mit der Fokolar-Bewegung beim Abschied von ihrer ersten Pr\u00e4sidentin.","breadcrumb":{"@id":"https:\/\/schoenstatt.com\/de\/maria-voce-ist-verstorben-die-ehemalige-praesidentin-der-fokolar-bewegung\/#breadcrumb"},"inLanguage":"de","potentialAction":[{"@type":"ReadAction","target":["https:\/\/schoenstatt.com\/de\/maria-voce-ist-verstorben-die-ehemalige-praesidentin-der-fokolar-bewegung\/"]}]},{"@type":"ImageObject","inLanguage":"de","@id":"https:\/\/schoenstatt.com\/de\/maria-voce-ist-verstorben-die-ehemalige-praesidentin-der-fokolar-bewegung\/#primaryimage","url":"https:\/\/schoenstatt.com\/wp-content\/uploads\/2025\/06\/Maria-Voce-Focolares.webp","contentUrl":"https:\/\/schoenstatt.com\/wp-content\/uploads\/2025\/06\/Maria-Voce-Focolares.webp","width":1280,"height":711},{"@type":"BreadcrumbList","@id":"https:\/\/schoenstatt.com\/de\/maria-voce-ist-verstorben-die-ehemalige-praesidentin-der-fokolar-bewegung\/#breadcrumb","itemListElement":[{"@type":"ListItem","position":1,"name":"Portada","item":"https:\/\/schoenstatt.com\/de\/home\/"},{"@type":"ListItem","position":2,"name":"Maria Voce ist verstorben, die ehemalige Pr\u00e4sidentin der Fokolar-Bewegung"}]},{"@type":"WebSite","@id":"https:\/\/schoenstatt.com\/de\/#website","url":"https:\/\/schoenstatt.com\/de\/","name":"Schoenstatt","description":"Apostolic Movement","publisher":{"@id":"https:\/\/schoenstatt.com\/de\/#organization"},"potentialAction":[{"@type":"SearchAction","target":{"@type":"EntryPoint","urlTemplate":"https:\/\/schoenstatt.com\/de\/?s={search_term_string}"},"query-input":{"@type":"PropertyValueSpecification","valueRequired":true,"valueName":"search_term_string"}}],"inLanguage":"de"},{"@type":"Organization","@id":"https:\/\/schoenstatt.com\/de\/#organization","name":"Schoenstatt","url":"https:\/\/schoenstatt.com\/de\/","logo":{"@type":"ImageObject","inLanguage":"de","@id":"https:\/\/schoenstatt.com\/de\/#\/schema\/logo\/image\/","url":"https:\/\/schoenstatt.com\/wp-content\/uploads\/2025\/04\/logo-schoenstatt-white-696x696-1.png","contentUrl":"https:\/\/schoenstatt.com\/wp-content\/uploads\/2025\/04\/logo-schoenstatt-white-696x696-1.png","width":696,"height":694,"caption":"Schoenstatt"},"image":{"@id":"https:\/\/schoenstatt.com\/de\/#\/schema\/logo\/image\/"}},{"@type":"Person","@id":"https:\/\/schoenstatt.com\/de\/#\/schema\/person\/5158877ad4acae98b34daaeef2a1ce6e","name":"Karen Bueno","image":{"@type":"ImageObject","inLanguage":"de","@id":"https:\/\/secure.gravatar.com\/avatar\/f9f4b823873154269d2b2130f195f6d41037dd0d7fc5f3cacb5c846bae70d66b?s=96&d=mm&r=g","url":"https:\/\/secure.gravatar.com\/avatar\/f9f4b823873154269d2b2130f195f6d41037dd0d7fc5f3cacb5c846bae70d66b?s=96&d=mm&r=g","contentUrl":"https:\/\/secure.gravatar.com\/avatar\/f9f4b823873154269d2b2130f195f6d41037dd0d7fc5f3cacb5c846bae70d66b?s=96&d=mm&r=g","caption":"Karen Bueno"},"url":"https:\/\/schoenstatt.com\/de\/author\/karen-bueno\/"}]}},"_links":{"self":[{"href":"https:\/\/schoenstatt.com\/de\/wp-json\/wp\/v2\/posts\/60123","targetHints":{"allow":["GET"]}}],"collection":[{"href":"https:\/\/schoenstatt.com\/de\/wp-json\/wp\/v2\/posts"}],"about":[{"href":"https:\/\/schoenstatt.com\/de\/wp-json\/wp\/v2\/types\/post"}],"author":[{"embeddable":true,"href":"https:\/\/schoenstatt.com\/de\/wp-json\/wp\/v2\/users\/3"}],"replies":[{"embeddable":true,"href":"https:\/\/schoenstatt.com\/de\/wp-json\/wp\/v2\/comments?post=60123"}],"version-history":[{"count":2,"href":"https:\/\/schoenstatt.com\/de\/wp-json\/wp\/v2\/posts\/60123\/revisions"}],"predecessor-version":[{"id":60135,"href":"https:\/\/schoenstatt.com\/de\/wp-json\/wp\/v2\/posts\/60123\/revisions\/60135"}],"wp:featuredmedia":[{"embeddable":true,"href":"https:\/\/schoenstatt.com\/de\/wp-json\/wp\/v2\/media\/60094"}],"wp:attachment":[{"href":"https:\/\/schoenstatt.com\/de\/wp-json\/wp\/v2\/media?parent=60123"}],"wp:term":[{"taxonomy":"category","embeddable":true,"href":"https:\/\/schoenstatt.com\/de\/wp-json\/wp\/v2\/categories?post=60123"},{"taxonomy":"post_tag","embeddable":true,"href":"https:\/\/schoenstatt.com\/de\/wp-json\/wp\/v2\/tags?post=60123"}],"curies":[{"name":"wp","href":"https:\/\/api.w.org\/{rel}","templated":true}]}}