{"id":60038,"date":"2025-06-19T13:12:06","date_gmt":"2025-06-19T11:12:06","guid":{"rendered":"https:\/\/schoenstatt.com\/?p=60038"},"modified":"2025-08-18T19:46:10","modified_gmt":"2025-08-18T17:46:10","slug":"die-pilgernde-gottesmutter-wurde-in-daenemark-zur-koenigin-der-hilfe-fuer-familien-und-der-hoffnung-gekroent","status":"publish","type":"post","link":"https:\/\/schoenstatt.com\/de\/die-pilgernde-gottesmutter-wurde-in-daenemark-zur-koenigin-der-hilfe-fuer-familien-und-der-hoffnung-gekroent\/","title":{"rendered":"Die Pilgernde Gottesmutter wurde in D\u00e4nemark zur \u201eK\u00f6nigin der Hilfe f\u00fcr Familien und der Hoffnung\u201d gekr\u00f6nt"},"content":{"rendered":"\n<p>Die Kr\u00f6nung des <a href=\"https:\/\/schoenstatt.com\/de\/in-mission\/kirche\/kampagne-der-pilgernden-gottesmutter\/\">Pilgernden Bildes<\/a> der Dreimal Wunderbaren Mutter, K\u00f6nigin und Siegerin von Sch\u00f6nstatt als \u201eK\u00f6nigin der Hilfe f\u00fcr Familien und der Hoffnung\u201d ist ein Meilenstein auf dem Glaubensweg unz\u00e4hliger Familien und Gemeinschaften in D\u00e4nemark. Dieses besondere Ereignis wurde am 7. Juni 2025 in der Kapelle des Klosters Unserer Lieben Frau von Aasebakken gefeiert und kr\u00f6nte Jahre des Gebets, der Verehrung und der gemeinschaftlichen Arbeit.<\/p>\n\n\n\n<figure class=\"wp-block-image size-full\"><img decoding=\"async\" src=\"https:\/\/schoenstatt.com\/wp-content\/uploads\/2025\/06\/Denmark-Dinamarca-a-2.jpeg\" alt=\"\" class=\"wp-image-60011\"\/><\/figure>\n\n\n\n<h3 class=\"wp-block-heading\" id=\"h-eine-reise-der-hingabe-und-hoffnung-fur-schonstatt\">Eine Reise der Hingabe und Hoffnung f\u00fcr Sch\u00f6nstatt<\/h3>\n\n\n\n<p>Die Vorbereitung auf diese Kr\u00f6nung war gepr\u00e4gt von 30 aufeinanderfolgenden Monaten des Rosenkranzgebets in der Familie, das am 2. Januar 2022 begann. An den ersten Samstagen jedes Monats wurden diese Gebete zur S\u00fchne f\u00fcr das Unbefleckte Herz Mariens im Kloster Vor Frue gesprochen. Diese Treffen st\u00e4rkten nicht nur die spirituellen Bindungen zwischen den teilnehmenden Familien, sondern schufen auch ein tiefes Gef\u00fchl der Gemeinschaft und Einheit.<\/p>\n\n\n\n<p>Der Tag der Kr\u00f6nung war von Segen und Emotionen gepr\u00e4gt und bot auch die Gelegenheit, zur\u00fcckzublicken und Dank zu sagen. Die Pilgernde Gottesmutter wurde auf Mission geschickt, begleitet von der bedeutenden Pr\u00e4senz des Bildnisses Unserer Lieben Frau von Aparecida, der Patronin Brasiliens \u2013 denn die Gruppe der Familien besteht zum Gro\u00dfteil aus brasilianischen Einwanderern und wird von ihnen koordiniert. Diese Vereinigung der Fr\u00f6mmigkeit st\u00e4rkt die Universalit\u00e4t des Glaubens und die F\u00fcrsprache Mariens in den verschiedenen Kulturen und Traditionen.<\/p>\n\n\n\n<figure class=\"wp-block-gallery has-nested-images columns-default is-cropped wp-block-gallery-1 is-layout-flex wp-block-gallery-is-layout-flex\">\n<figure class=\"wp-block-image size-large\"><img decoding=\"async\" data-id=\"60016\" src=\"https:\/\/schoenstatt.com\/wp-content\/uploads\/2025\/06\/Denmark-Dinamarca-a-1.jpeg\" alt=\"\" class=\"wp-image-60016\"\/><\/figure>\n\n\n\n<figure class=\"wp-block-image size-large\"><img decoding=\"async\" data-id=\"60017\" src=\"https:\/\/schoenstatt.com\/wp-content\/uploads\/2025\/06\/Denmark-Dinamarca-a-3.jpeg\" alt=\"\" class=\"wp-image-60017\"\/><\/figure>\n<\/figure>\n\n\n\n<h3 class=\"wp-block-heading\" id=\"h-die-rolle-der-gemeinschaft\">Die Rolle der Gemeinschaft<\/h3>\n\n\n\n<p>Die Kr\u00f6nung war nicht nur ein religi\u00f6ses Ereignis, sondern auch eine Feier der gemeinschaftlichen Arbeit, die \u00fcber die Jahre hinweg geleistet wurde. Das Teilen, die Gebete f\u00fcreinander und die gemeinsamen Anstrengungen zur Unterst\u00fctzung der Mission der Mutter und K\u00f6nigin zeigten die Kraft des Glaubens, Menschen f\u00fcr ein gemeinsames Ziel zu vereinen.<\/p>\n\n\n\n<h3 class=\"wp-block-heading\" id=\"h-ein-vermachtnis-der-hoffnung\">Ein Verm\u00e4chtnis der Hoffnung<\/h3>\n\n\n\n<p>Die Kr\u00f6nung unserer Mutter und K\u00f6nigin ist eine lebendige Erinnerung daran, dass Glaube, Hingabe und gemeinschaftliche Arbeit das Leben ver\u00e4ndern k\u00f6nnen. F\u00fcr die beteiligten Familien ist dieses Ereignis die Feier einer spirituellen Reise und der Beginn neuer Missionen und Herausforderungen. W\u00e4hrend wir f\u00fcr den weiteren Erfolg dieser Missionen sowie f\u00fcr Mariens F\u00fcrsprache beten, bleibt die Kr\u00f6nung unserer Mutter und K\u00f6nigin ein Symbol der Hoffnung und Inspiration f\u00fcr Gemeinschaften auf der ganzen Welt. M\u00f6ge die \u201eK\u00f6nigin der Hilfe f\u00fcr Familien und der Hoffnung\u201d alle, die sich ihrer Verehrung verschrieben haben, weiterhin leiten und segnen.<\/p>\n\n\n\n<p>Instagram: <a href=\"https:\/\/www.instagram.com\/schoenstatt_dinamarca\/\" target=\"_blank\" rel=\"noreferrer noopener\">@schoenstatt_dinamarca<\/a><\/p>\n\n\n\n<figure class=\"wp-block-image size-full\"><img decoding=\"async\" src=\"https:\/\/schoenstatt.com\/wp-content\/uploads\/2025\/06\/Denmark-Dinamarca.jpg\" alt=\"\" class=\"wp-image-60027\"\/><\/figure>\n\n\n\n<p><strong>\u00dcbersetzung: <\/strong>Sr. M. Lourdes Mac\u00edas<br><strong>Lektorat:<\/strong> Hildegard Kaiser<\/p>\n","protected":false},"excerpt":{"rendered":"<p>Familien und Missionare des Apostolats der Pilgernden Gottesmutter in D\u00e4nemark kr\u00f6nten die MTA.<\/p>\n","protected":false},"author":3,"featured_media":60033,"comment_status":"closed","ping_status":"closed","sticky":false,"template":"","format":"standard","meta":{"footnotes":""},"categories":[870,902],"tags":[1086],"class_list":["post-60038","post","type-post","status-publish","format-standard","has-post-thumbnail","hentry","category-europa-de","category-pilgerheiligtum-de","tag-apostolat-der-pilgernden-gottesmutter-de"],"yoast_head":"<!-- This site is optimized with the Yoast SEO Premium plugin v27.4 (Yoast SEO v27.5) - https:\/\/yoast.com\/product\/yoast-seo-premium-wordpress\/ -->\n<title>Die Pilgernde Gottesmutter wurde in D\u00e4nemark zur \u201eK\u00f6nigin der Hilfe f\u00fcr Familien und der Hoffnung\u201d gekr\u00f6nt<\/title>\n<meta name=\"description\" content=\"Familien und Missionare des Apostolats der Pilgernden Gottesmutter in D\u00e4nemark kr\u00f6nten die MTA.\" \/>\n<meta name=\"robots\" content=\"index, follow, max-snippet:-1, max-image-preview:large, max-video-preview:-1\" \/>\n<link rel=\"canonical\" href=\"https:\/\/schoenstatt.com\/de\/die-pilgernde-gottesmutter-wurde-in-daenemark-zur-koenigin-der-hilfe-fuer-familien-und-der-hoffnung-gekroent\/\" \/>\n<meta property=\"og:locale\" content=\"de_DE\" \/>\n<meta property=\"og:type\" content=\"article\" \/>\n<meta property=\"og:title\" content=\"Die Pilgernde Gottesmutter wurde in D\u00e4nemark zur \u201eK\u00f6nigin der Hilfe f\u00fcr Familien und der Hoffnung\u201d gekr\u00f6nt\" \/>\n<meta property=\"og:description\" content=\"Familien und Missionare des Apostolats der Pilgernden Gottesmutter in D\u00e4nemark kr\u00f6nten die MTA.\" \/>\n<meta property=\"og:url\" content=\"https:\/\/schoenstatt.com\/de\/die-pilgernde-gottesmutter-wurde-in-daenemark-zur-koenigin-der-hilfe-fuer-familien-und-der-hoffnung-gekroent\/\" \/>\n<meta property=\"og:site_name\" content=\"Schoenstatt\" \/>\n<meta property=\"article:published_time\" content=\"2025-06-19T11:12:06+00:00\" \/>\n<meta property=\"article:modified_time\" content=\"2025-08-18T17:46:10+00:00\" \/>\n<meta property=\"og:image\" content=\"https:\/\/schoenstatt.com\/wp-content\/uploads\/2025\/06\/Denmark-Dinamarca-a-4.webp\" \/>\n\t<meta property=\"og:image:width\" content=\"1600\" \/>\n\t<meta property=\"og:image:height\" content=\"1066\" \/>\n\t<meta property=\"og:image:type\" content=\"image\/jpeg\" \/>\n<meta name=\"author\" content=\"Karen Bueno\" \/>\n<meta name=\"twitter:card\" content=\"summary_large_image\" \/>\n<meta name=\"twitter:label1\" content=\"Verfasst von\" \/>\n\t<meta name=\"twitter:data1\" content=\"Karen Bueno\" \/>\n\t<meta name=\"twitter:label2\" content=\"Gesch\u00e4tzte Lesezeit\" \/>\n\t<meta name=\"twitter:data2\" content=\"3\u00a0Minuten\" \/>\n<script type=\"application\/ld+json\" class=\"yoast-schema-graph\">{\"@context\":\"https:\\\/\\\/schema.org\",\"@graph\":[{\"@type\":\"Article\",\"@id\":\"https:\\\/\\\/schoenstatt.com\\\/de\\\/die-pilgernde-gottesmutter-wurde-in-daenemark-zur-koenigin-der-hilfe-fuer-familien-und-der-hoffnung-gekroent\\\/#article\",\"isPartOf\":{\"@id\":\"https:\\\/\\\/schoenstatt.com\\\/de\\\/die-pilgernde-gottesmutter-wurde-in-daenemark-zur-koenigin-der-hilfe-fuer-familien-und-der-hoffnung-gekroent\\\/\"},\"author\":{\"name\":\"Karen Bueno\",\"@id\":\"https:\\\/\\\/schoenstatt.com\\\/de\\\/#\\\/schema\\\/person\\\/5158877ad4acae98b34daaeef2a1ce6e\"},\"headline\":\"Die Pilgernde Gottesmutter wurde in D\u00e4nemark zur \u201eK\u00f6nigin der Hilfe f\u00fcr Familien und der Hoffnung\u201d gekr\u00f6nt\",\"datePublished\":\"2025-06-19T11:12:06+00:00\",\"dateModified\":\"2025-08-18T17:46:10+00:00\",\"mainEntityOfPage\":{\"@id\":\"https:\\\/\\\/schoenstatt.com\\\/de\\\/die-pilgernde-gottesmutter-wurde-in-daenemark-zur-koenigin-der-hilfe-fuer-familien-und-der-hoffnung-gekroent\\\/\"},\"wordCount\":441,\"publisher\":{\"@id\":\"https:\\\/\\\/schoenstatt.com\\\/de\\\/#organization\"},\"image\":{\"@id\":\"https:\\\/\\\/schoenstatt.com\\\/de\\\/die-pilgernde-gottesmutter-wurde-in-daenemark-zur-koenigin-der-hilfe-fuer-familien-und-der-hoffnung-gekroent\\\/#primaryimage\"},\"thumbnailUrl\":\"https:\\\/\\\/schoenstatt.com\\\/wp-content\\\/uploads\\\/2025\\\/06\\\/Denmark-Dinamarca-a-4.webp\",\"keywords\":[\"Apostolat der Pilgernden Gottesmutter\"],\"articleSection\":[\"Europa\",\"Pilgerheiligtum\"],\"inLanguage\":\"de\"},{\"@type\":\"WebPage\",\"@id\":\"https:\\\/\\\/schoenstatt.com\\\/de\\\/die-pilgernde-gottesmutter-wurde-in-daenemark-zur-koenigin-der-hilfe-fuer-familien-und-der-hoffnung-gekroent\\\/\",\"url\":\"https:\\\/\\\/schoenstatt.com\\\/de\\\/die-pilgernde-gottesmutter-wurde-in-daenemark-zur-koenigin-der-hilfe-fuer-familien-und-der-hoffnung-gekroent\\\/\",\"name\":\"Die Pilgernde Gottesmutter wurde in D\u00e4nemark zur \u201eK\u00f6nigin der Hilfe f\u00fcr Familien und der Hoffnung\u201d gekr\u00f6nt\",\"isPartOf\":{\"@id\":\"https:\\\/\\\/schoenstatt.com\\\/de\\\/#website\"},\"primaryImageOfPage\":{\"@id\":\"https:\\\/\\\/schoenstatt.com\\\/de\\\/die-pilgernde-gottesmutter-wurde-in-daenemark-zur-koenigin-der-hilfe-fuer-familien-und-der-hoffnung-gekroent\\\/#primaryimage\"},\"image\":{\"@id\":\"https:\\\/\\\/schoenstatt.com\\\/de\\\/die-pilgernde-gottesmutter-wurde-in-daenemark-zur-koenigin-der-hilfe-fuer-familien-und-der-hoffnung-gekroent\\\/#primaryimage\"},\"thumbnailUrl\":\"https:\\\/\\\/schoenstatt.com\\\/wp-content\\\/uploads\\\/2025\\\/06\\\/Denmark-Dinamarca-a-4.webp\",\"datePublished\":\"2025-06-19T11:12:06+00:00\",\"dateModified\":\"2025-08-18T17:46:10+00:00\",\"description\":\"Familien und Missionare des Apostolats der Pilgernden Gottesmutter in D\u00e4nemark kr\u00f6nten die MTA.\",\"breadcrumb\":{\"@id\":\"https:\\\/\\\/schoenstatt.com\\\/de\\\/die-pilgernde-gottesmutter-wurde-in-daenemark-zur-koenigin-der-hilfe-fuer-familien-und-der-hoffnung-gekroent\\\/#breadcrumb\"},\"inLanguage\":\"de\",\"potentialAction\":[{\"@type\":\"ReadAction\",\"target\":[\"https:\\\/\\\/schoenstatt.com\\\/de\\\/die-pilgernde-gottesmutter-wurde-in-daenemark-zur-koenigin-der-hilfe-fuer-familien-und-der-hoffnung-gekroent\\\/\"]}]},{\"@type\":\"ImageObject\",\"inLanguage\":\"de\",\"@id\":\"https:\\\/\\\/schoenstatt.com\\\/de\\\/die-pilgernde-gottesmutter-wurde-in-daenemark-zur-koenigin-der-hilfe-fuer-familien-und-der-hoffnung-gekroent\\\/#primaryimage\",\"url\":\"https:\\\/\\\/schoenstatt.com\\\/wp-content\\\/uploads\\\/2025\\\/06\\\/Denmark-Dinamarca-a-4.webp\",\"contentUrl\":\"https:\\\/\\\/schoenstatt.com\\\/wp-content\\\/uploads\\\/2025\\\/06\\\/Denmark-Dinamarca-a-4.webp\",\"width\":1600,\"height\":1066},{\"@type\":\"BreadcrumbList\",\"@id\":\"https:\\\/\\\/schoenstatt.com\\\/de\\\/die-pilgernde-gottesmutter-wurde-in-daenemark-zur-koenigin-der-hilfe-fuer-familien-und-der-hoffnung-gekroent\\\/#breadcrumb\",\"itemListElement\":[{\"@type\":\"ListItem\",\"position\":1,\"name\":\"Portada\",\"item\":\"https:\\\/\\\/schoenstatt.com\\\/de\\\/home\\\/\"},{\"@type\":\"ListItem\",\"position\":2,\"name\":\"Die Pilgernde Gottesmutter wurde in D\u00e4nemark zur \u201eK\u00f6nigin der Hilfe f\u00fcr Familien und der Hoffnung\u201d gekr\u00f6nt\"}]},{\"@type\":\"WebSite\",\"@id\":\"https:\\\/\\\/schoenstatt.com\\\/de\\\/#website\",\"url\":\"https:\\\/\\\/schoenstatt.com\\\/de\\\/\",\"name\":\"Schoenstatt\",\"description\":\"Apostolic Movement\",\"publisher\":{\"@id\":\"https:\\\/\\\/schoenstatt.com\\\/de\\\/#organization\"},\"potentialAction\":[{\"@type\":\"SearchAction\",\"target\":{\"@type\":\"EntryPoint\",\"urlTemplate\":\"https:\\\/\\\/schoenstatt.com\\\/de\\\/?s={search_term_string}\"},\"query-input\":{\"@type\":\"PropertyValueSpecification\",\"valueRequired\":true,\"valueName\":\"search_term_string\"}}],\"inLanguage\":\"de\"},{\"@type\":\"Organization\",\"@id\":\"https:\\\/\\\/schoenstatt.com\\\/de\\\/#organization\",\"name\":\"Schoenstatt\",\"url\":\"https:\\\/\\\/schoenstatt.com\\\/de\\\/\",\"logo\":{\"@type\":\"ImageObject\",\"inLanguage\":\"de\",\"@id\":\"https:\\\/\\\/schoenstatt.com\\\/de\\\/#\\\/schema\\\/logo\\\/image\\\/\",\"url\":\"https:\\\/\\\/schoenstatt.com\\\/wp-content\\\/uploads\\\/2025\\\/04\\\/logo-schoenstatt-white-696x696-1.png\",\"contentUrl\":\"https:\\\/\\\/schoenstatt.com\\\/wp-content\\\/uploads\\\/2025\\\/04\\\/logo-schoenstatt-white-696x696-1.png\",\"width\":696,\"height\":694,\"caption\":\"Schoenstatt\"},\"image\":{\"@id\":\"https:\\\/\\\/schoenstatt.com\\\/de\\\/#\\\/schema\\\/logo\\\/image\\\/\"}},{\"@type\":\"Person\",\"@id\":\"https:\\\/\\\/schoenstatt.com\\\/de\\\/#\\\/schema\\\/person\\\/5158877ad4acae98b34daaeef2a1ce6e\",\"name\":\"Karen Bueno\",\"image\":{\"@type\":\"ImageObject\",\"inLanguage\":\"de\",\"@id\":\"https:\\\/\\\/secure.gravatar.com\\\/avatar\\\/f9f4b823873154269d2b2130f195f6d41037dd0d7fc5f3cacb5c846bae70d66b?s=96&d=mm&r=g\",\"url\":\"https:\\\/\\\/secure.gravatar.com\\\/avatar\\\/f9f4b823873154269d2b2130f195f6d41037dd0d7fc5f3cacb5c846bae70d66b?s=96&d=mm&r=g\",\"contentUrl\":\"https:\\\/\\\/secure.gravatar.com\\\/avatar\\\/f9f4b823873154269d2b2130f195f6d41037dd0d7fc5f3cacb5c846bae70d66b?s=96&d=mm&r=g\",\"caption\":\"Karen Bueno\"},\"url\":\"https:\\\/\\\/schoenstatt.com\\\/de\\\/author\\\/karen-bueno\\\/\"}]}<\/script>\n<!-- \/ Yoast SEO Premium plugin. -->","yoast_head_json":{"title":"Die Pilgernde Gottesmutter wurde in D\u00e4nemark zur \u201eK\u00f6nigin der Hilfe f\u00fcr Familien und der Hoffnung\u201d gekr\u00f6nt","description":"Familien und Missionare des Apostolats der Pilgernden Gottesmutter in D\u00e4nemark kr\u00f6nten die MTA.","robots":{"index":"index","follow":"follow","max-snippet":"max-snippet:-1","max-image-preview":"max-image-preview:large","max-video-preview":"max-video-preview:-1"},"canonical":"https:\/\/schoenstatt.com\/de\/die-pilgernde-gottesmutter-wurde-in-daenemark-zur-koenigin-der-hilfe-fuer-familien-und-der-hoffnung-gekroent\/","og_locale":"de_DE","og_type":"article","og_title":"Die Pilgernde Gottesmutter wurde in D\u00e4nemark zur \u201eK\u00f6nigin der Hilfe f\u00fcr Familien und der Hoffnung\u201d gekr\u00f6nt","og_description":"Familien und Missionare des Apostolats der Pilgernden Gottesmutter in D\u00e4nemark kr\u00f6nten die MTA.","og_url":"https:\/\/schoenstatt.com\/de\/die-pilgernde-gottesmutter-wurde-in-daenemark-zur-koenigin-der-hilfe-fuer-familien-und-der-hoffnung-gekroent\/","og_site_name":"Schoenstatt","article_published_time":"2025-06-19T11:12:06+00:00","article_modified_time":"2025-08-18T17:46:10+00:00","og_image":[{"width":1600,"height":1066,"url":"https:\/\/schoenstatt.com\/wp-content\/uploads\/2025\/06\/Denmark-Dinamarca-a-4.webp","type":"image\/jpeg"}],"author":"Karen Bueno","twitter_card":"summary_large_image","twitter_misc":{"Verfasst von":"Karen Bueno","Gesch\u00e4tzte Lesezeit":"3\u00a0Minuten"},"schema":{"@context":"https:\/\/schema.org","@graph":[{"@type":"Article","@id":"https:\/\/schoenstatt.com\/de\/die-pilgernde-gottesmutter-wurde-in-daenemark-zur-koenigin-der-hilfe-fuer-familien-und-der-hoffnung-gekroent\/#article","isPartOf":{"@id":"https:\/\/schoenstatt.com\/de\/die-pilgernde-gottesmutter-wurde-in-daenemark-zur-koenigin-der-hilfe-fuer-familien-und-der-hoffnung-gekroent\/"},"author":{"name":"Karen Bueno","@id":"https:\/\/schoenstatt.com\/de\/#\/schema\/person\/5158877ad4acae98b34daaeef2a1ce6e"},"headline":"Die Pilgernde Gottesmutter wurde in D\u00e4nemark zur \u201eK\u00f6nigin der Hilfe f\u00fcr Familien und der Hoffnung\u201d gekr\u00f6nt","datePublished":"2025-06-19T11:12:06+00:00","dateModified":"2025-08-18T17:46:10+00:00","mainEntityOfPage":{"@id":"https:\/\/schoenstatt.com\/de\/die-pilgernde-gottesmutter-wurde-in-daenemark-zur-koenigin-der-hilfe-fuer-familien-und-der-hoffnung-gekroent\/"},"wordCount":441,"publisher":{"@id":"https:\/\/schoenstatt.com\/de\/#organization"},"image":{"@id":"https:\/\/schoenstatt.com\/de\/die-pilgernde-gottesmutter-wurde-in-daenemark-zur-koenigin-der-hilfe-fuer-familien-und-der-hoffnung-gekroent\/#primaryimage"},"thumbnailUrl":"https:\/\/schoenstatt.com\/wp-content\/uploads\/2025\/06\/Denmark-Dinamarca-a-4.webp","keywords":["Apostolat der Pilgernden Gottesmutter"],"articleSection":["Europa","Pilgerheiligtum"],"inLanguage":"de"},{"@type":"WebPage","@id":"https:\/\/schoenstatt.com\/de\/die-pilgernde-gottesmutter-wurde-in-daenemark-zur-koenigin-der-hilfe-fuer-familien-und-der-hoffnung-gekroent\/","url":"https:\/\/schoenstatt.com\/de\/die-pilgernde-gottesmutter-wurde-in-daenemark-zur-koenigin-der-hilfe-fuer-familien-und-der-hoffnung-gekroent\/","name":"Die Pilgernde Gottesmutter wurde in D\u00e4nemark zur \u201eK\u00f6nigin der Hilfe f\u00fcr Familien und der Hoffnung\u201d gekr\u00f6nt","isPartOf":{"@id":"https:\/\/schoenstatt.com\/de\/#website"},"primaryImageOfPage":{"@id":"https:\/\/schoenstatt.com\/de\/die-pilgernde-gottesmutter-wurde-in-daenemark-zur-koenigin-der-hilfe-fuer-familien-und-der-hoffnung-gekroent\/#primaryimage"},"image":{"@id":"https:\/\/schoenstatt.com\/de\/die-pilgernde-gottesmutter-wurde-in-daenemark-zur-koenigin-der-hilfe-fuer-familien-und-der-hoffnung-gekroent\/#primaryimage"},"thumbnailUrl":"https:\/\/schoenstatt.com\/wp-content\/uploads\/2025\/06\/Denmark-Dinamarca-a-4.webp","datePublished":"2025-06-19T11:12:06+00:00","dateModified":"2025-08-18T17:46:10+00:00","description":"Familien und Missionare des Apostolats der Pilgernden Gottesmutter in D\u00e4nemark kr\u00f6nten die MTA.","breadcrumb":{"@id":"https:\/\/schoenstatt.com\/de\/die-pilgernde-gottesmutter-wurde-in-daenemark-zur-koenigin-der-hilfe-fuer-familien-und-der-hoffnung-gekroent\/#breadcrumb"},"inLanguage":"de","potentialAction":[{"@type":"ReadAction","target":["https:\/\/schoenstatt.com\/de\/die-pilgernde-gottesmutter-wurde-in-daenemark-zur-koenigin-der-hilfe-fuer-familien-und-der-hoffnung-gekroent\/"]}]},{"@type":"ImageObject","inLanguage":"de","@id":"https:\/\/schoenstatt.com\/de\/die-pilgernde-gottesmutter-wurde-in-daenemark-zur-koenigin-der-hilfe-fuer-familien-und-der-hoffnung-gekroent\/#primaryimage","url":"https:\/\/schoenstatt.com\/wp-content\/uploads\/2025\/06\/Denmark-Dinamarca-a-4.webp","contentUrl":"https:\/\/schoenstatt.com\/wp-content\/uploads\/2025\/06\/Denmark-Dinamarca-a-4.webp","width":1600,"height":1066},{"@type":"BreadcrumbList","@id":"https:\/\/schoenstatt.com\/de\/die-pilgernde-gottesmutter-wurde-in-daenemark-zur-koenigin-der-hilfe-fuer-familien-und-der-hoffnung-gekroent\/#breadcrumb","itemListElement":[{"@type":"ListItem","position":1,"name":"Portada","item":"https:\/\/schoenstatt.com\/de\/home\/"},{"@type":"ListItem","position":2,"name":"Die Pilgernde Gottesmutter wurde in D\u00e4nemark zur \u201eK\u00f6nigin der Hilfe f\u00fcr Familien und der Hoffnung\u201d gekr\u00f6nt"}]},{"@type":"WebSite","@id":"https:\/\/schoenstatt.com\/de\/#website","url":"https:\/\/schoenstatt.com\/de\/","name":"Schoenstatt","description":"Apostolic Movement","publisher":{"@id":"https:\/\/schoenstatt.com\/de\/#organization"},"potentialAction":[{"@type":"SearchAction","target":{"@type":"EntryPoint","urlTemplate":"https:\/\/schoenstatt.com\/de\/?s={search_term_string}"},"query-input":{"@type":"PropertyValueSpecification","valueRequired":true,"valueName":"search_term_string"}}],"inLanguage":"de"},{"@type":"Organization","@id":"https:\/\/schoenstatt.com\/de\/#organization","name":"Schoenstatt","url":"https:\/\/schoenstatt.com\/de\/","logo":{"@type":"ImageObject","inLanguage":"de","@id":"https:\/\/schoenstatt.com\/de\/#\/schema\/logo\/image\/","url":"https:\/\/schoenstatt.com\/wp-content\/uploads\/2025\/04\/logo-schoenstatt-white-696x696-1.png","contentUrl":"https:\/\/schoenstatt.com\/wp-content\/uploads\/2025\/04\/logo-schoenstatt-white-696x696-1.png","width":696,"height":694,"caption":"Schoenstatt"},"image":{"@id":"https:\/\/schoenstatt.com\/de\/#\/schema\/logo\/image\/"}},{"@type":"Person","@id":"https:\/\/schoenstatt.com\/de\/#\/schema\/person\/5158877ad4acae98b34daaeef2a1ce6e","name":"Karen Bueno","image":{"@type":"ImageObject","inLanguage":"de","@id":"https:\/\/secure.gravatar.com\/avatar\/f9f4b823873154269d2b2130f195f6d41037dd0d7fc5f3cacb5c846bae70d66b?s=96&d=mm&r=g","url":"https:\/\/secure.gravatar.com\/avatar\/f9f4b823873154269d2b2130f195f6d41037dd0d7fc5f3cacb5c846bae70d66b?s=96&d=mm&r=g","contentUrl":"https:\/\/secure.gravatar.com\/avatar\/f9f4b823873154269d2b2130f195f6d41037dd0d7fc5f3cacb5c846bae70d66b?s=96&d=mm&r=g","caption":"Karen Bueno"},"url":"https:\/\/schoenstatt.com\/de\/author\/karen-bueno\/"}]}},"_links":{"self":[{"href":"https:\/\/schoenstatt.com\/de\/wp-json\/wp\/v2\/posts\/60038","targetHints":{"allow":["GET"]}}],"collection":[{"href":"https:\/\/schoenstatt.com\/de\/wp-json\/wp\/v2\/posts"}],"about":[{"href":"https:\/\/schoenstatt.com\/de\/wp-json\/wp\/v2\/types\/post"}],"author":[{"embeddable":true,"href":"https:\/\/schoenstatt.com\/de\/wp-json\/wp\/v2\/users\/3"}],"replies":[{"embeddable":true,"href":"https:\/\/schoenstatt.com\/de\/wp-json\/wp\/v2\/comments?post=60038"}],"version-history":[{"count":4,"href":"https:\/\/schoenstatt.com\/de\/wp-json\/wp\/v2\/posts\/60038\/revisions"}],"predecessor-version":[{"id":62331,"href":"https:\/\/schoenstatt.com\/de\/wp-json\/wp\/v2\/posts\/60038\/revisions\/62331"}],"wp:featuredmedia":[{"embeddable":true,"href":"https:\/\/schoenstatt.com\/de\/wp-json\/wp\/v2\/media\/60033"}],"wp:attachment":[{"href":"https:\/\/schoenstatt.com\/de\/wp-json\/wp\/v2\/media?parent=60038"}],"wp:term":[{"taxonomy":"category","embeddable":true,"href":"https:\/\/schoenstatt.com\/de\/wp-json\/wp\/v2\/categories?post=60038"},{"taxonomy":"post_tag","embeddable":true,"href":"https:\/\/schoenstatt.com\/de\/wp-json\/wp\/v2\/tags?post=60038"}],"curies":[{"name":"wp","href":"https:\/\/api.w.org\/{rel}","templated":true}]}}