{"id":59995,"date":"2025-06-19T03:03:00","date_gmt":"2025-06-19T01:03:00","guid":{"rendered":"https:\/\/schoenstatt.com\/?p=59995"},"modified":"2025-08-19T21:15:29","modified_gmt":"2025-08-19T19:15:29","slug":"pilger-der-freude-vamos-familia-der-familienbund-feiert-seinen-75-geburtstag","status":"publish","type":"post","link":"https:\/\/schoenstatt.com\/de\/pilger-der-freude-vamos-familia-der-familienbund-feiert-seinen-75-geburtstag\/","title":{"rendered":"Pilger der Freude \u2013 Vamos familia! Der Familienbund feiert seinen 75. Geburtstag"},"content":{"rendered":"\n<p>Der <a href=\"https:\/\/schoenstatt.com\/de\/in-gemeinschaft\/famile\/internationaler-apostolischer-schoenstatt-familienbund\/\">Sch\u00f6nstatt-Familienbund<\/a> hat sich \u00fcber ein Jahr auf sein 75. Jubil\u00e4um vorbereitet. Die Ehepaare und Familien im Familienbund wollen Antwort auf die Fragen der Zeit in Kirche, Sch\u00f6nstatt und Gesellschaft geben. Die Vorbereitung auf das Jubil\u00e4um startete an Ostern 2023 mit dem geistlichen Aufbruch \u201ePilger der Freude\u201c am Heiligtum \u201eMatri Ecclesiae\u201c in Rom und fand seinen H\u00f6hepunkt in der Jubil\u00e4umsfeier in Sch\u00f6nstatt.<\/p>\n\n\n\n<p>Der Sch\u00f6nstatt-Familienbund wurde am Dreifaltigkeitssonntag 1950 als internationale Gemeinschaft gegr\u00fcndet und so trafen am Wochenende vom 13. bis 15. Juni 588 Frauen, M\u00e4nner, Jugendliche und Kinder auf dem Jubilee-Campus in Sch\u00f6nstatt ein. Viele Familien sind bereits an Pfingsten im Rahmen des Heiligen Jahres als Pilger der Hoffnung \u00fcber Rom nach Sch\u00f6nstatt gepilgert. Die Gemeinschaft freut sich, dass das Heilige Jahr und ihr Jubil\u00e4umsjahr zusammenfallen. So sind die Familien als Pilger der Hoffnung und der Freude miteinander unterwegs!<\/p>\n\n\n\n<figure class=\"wp-block-image aligncenter size-full\"><img decoding=\"async\" src=\"https:\/\/schoenstatt.com\/wp-content\/uploads\/2025\/06\/Family-Federation-Jubilee-6.jpg\" alt=\"\" class=\"wp-image-59954\"\/><\/figure>\n\n\n\n<h3 class=\"wp-block-heading\" id=\"h-welcome-herzlich-willkommen-benvenuti-bienvenidos\">Welcome &#8211; Herzlich Willkommen &#8211; Benvenuti &#8211; Bienvenidos<\/h3>\n\n\n\n<p>Am Freitagabend hatten die internationalen Pilger die M\u00f6glichkeit, mit Leib und Seele am Ort Sch\u00f6nstatt anzukommen \u2013 Freude war am ganzen Abend greifbar. Zum \u201eWelcome\u201c herrschte ein fr\u00f6hliches Stimmengewirr mit den Sprachen aus den 17 Teilnehmerl\u00e4ndern. Die Internationalit\u00e4t war st\u00e4ndig pr\u00e4sent und zeigte sich gleich zu Beginn beim Einzug der Kinder mit den jeweiligen Landesflaggen. Die Familien kamen schnell miteinander in den Austausch, als sie sich mit ihren Kursidealen einander vorstellten und miteinander Sch\u00f6nstatt-Bingo spielten.<\/p>\n\n\n\n<p>Den offiziellen Abschluss bildete das Abendgebet mit dem Segen und dem Jubil\u00e4umslied \u201eVamos Familia\u201c, dass bereits hier bei Jung und Alt zum Ohrwurm avancierte. Im lauen Fr\u00fchsommerabend sa\u00dfen die Pilger anschlie\u00dfend noch lange auf den Jubilee-Campus beieinander und teilten die Freude miteinander und aneinander.<\/p>\n\n\n\n<figure class=\"wp-block-image aligncenter size-full\"><img decoding=\"async\" src=\"https:\/\/schoenstatt.com\/wp-content\/uploads\/2025\/06\/Family-Federation-Jubilee.jpg\" alt=\"\" class=\"wp-image-59959\"\/><\/figure>\n\n\n\n<h3 class=\"wp-block-heading\" id=\"h-impulse-der-freude\">Impulse der Freude<\/h3>\n\n\n\n<p>Der Samstag startete mit einer beeindruckenden und inspirierenden Heiligen Messe zum Thema Wunder zu Kana. Ein Kerngedanke von Pater Ludwig G\u00fcthlein ISch, Geistlicher Begleiter des Sch\u00f6nstatt-Familienbundes in Deutschland, war: Von der Tiefe der Dankbarkeit h\u00e4ngt die Kraft f\u00fcr die Zukunft ab. Er ging in seiner Predigt auf die Bitte der Gottesmutter an die Diener ein: Was er euch sagt, das tut. Er deutete dies so, dass Sch\u00f6nstatt nicht als menschliches Werk, sondern als g\u00f6ttlicher Einbruch zu verstehen ist. F\u00fcr die Zukunft gab er dem Familienbund mit: Ohne viele Kana-Wunder wird es nicht gehen. Wir brauchen viele Kana-Wunder f\u00fcr eine wunderbare Reise und dass wir uns mit ganzem Herzen auf den Weg machen. Im Gottesdienst wurde die Internationalit\u00e4t an vielen Stellen deutlich, unter anderem brachten Ehepaare aus allen L\u00e4ndern F\u00fcrbitten und Gaben zum Altar.<\/p>\n\n\n\n<p>Die Jubil\u00e4umsband des Familienbundes umrahmte den Gottesdienst und begeisterte die Besucher mit ihrer Leidenschaft, ihrem K\u00f6nnen, ihren Stimmen und ihren Instrumenten.<\/p>\n\n\n\n<p>Der Gottesdienst war ein von Dankbarkeit gepr\u00e4gtes Fest der Freude. Im Anschluss an die Heilige Messe folgten Zeugnisse und Beitr\u00e4ge von Bundesgeschwistern aus aller Welt und stimmten auf das Motto des Jubil\u00e4ums ein. Besonders motiviert haben die Worte des Leiters der Sch\u00f6nstatt-Bewegung Deutschland, Pater Felix Geyer ISch, der sichtlich erfreut war \u00fcber die Lebendigkeit des Festes und auf das Liebesb\u00fcndnis als unsere gemeinsame Quelle hinwies.<\/p>\n\n\n\n<figure class=\"wp-block-image aligncenter size-full\"><img decoding=\"async\" src=\"https:\/\/schoenstatt.com\/wp-content\/uploads\/2025\/06\/Family-Federation-Jubilee-8.jpg\" alt=\"\" class=\"wp-image-59964\"\/><\/figure>\n\n\n\n<h3 class=\"wp-block-heading\" id=\"h-ursprung-gegenwart-zukunft\">Ursprung, Gegenwart, Zukunft<\/h3>\n\n\n\n<p>Der Samstagnachmittag stand unter dem Motto \u201eUrsprung, Gegenwart und Zukunft\u201c. Ein Workshop am Bundesheim widmete sich den Urspr\u00fcngen des Familienbundes und nahm die erste Bundestagung 1950 in den Fokus mit der Frage: Welche Bedeutung haben die Vortr\u00e4ge von Pater Kentenich f\u00fcr Familien im 21. Jahrhundert?<\/p>\n\n\n\n<p>Einen Einblick vom weltweiten Apostolat des Familienbundes in der Gegenwart bekam man in der Pilgerkirche. Hier wurden Projekte f\u00fcr Ehepaare und Familien verschiedener L\u00e4nder vorgestellt.<\/p>\n\n\n\n<p>Was erhofft sich der Familienbund f\u00fcr die n\u00e4chsten Jahre? Was w\u00fcnscht er sich f\u00fcr die Zukunft? Dar\u00fcber tauschte man sich rund um das Urheiligtum in verschiedenen Gespr\u00e4chsgruppen aus.<\/p>\n\n\n\n<p>Wegen der Ank\u00fcndigung von Sturm und Gewittern wurde die Erneuerung der Bundesweihe vom Urheiligtum in die Pilgerkirche verlegt. Hier kam Pater Kentenich mit Original-Audioaufnahmen selbst zu Wort. Das gemeinsame Sprechen des Weihegebetes in der eigenen Sprache verdeutlichte Bindung untereinander und das gemeinsame Fundament Liebesb\u00fcndnis. Die Liebesb\u00fcndnisfeier war ein tiefes Glaubenserlebnis.<\/p>\n\n\n\n<figure class=\"wp-block-gallery has-nested-images columns-default is-cropped wp-block-gallery-1 is-layout-flex wp-block-gallery-is-layout-flex\">\n<figure class=\"wp-block-image size-large\"><img decoding=\"async\" data-id=\"59969\" src=\"https:\/\/schoenstatt.com\/wp-content\/uploads\/2025\/06\/Family-Federation-Jubilee-2.jpg\" alt=\"\" class=\"wp-image-59969\"\/><\/figure>\n\n\n\n<figure class=\"wp-block-image size-large\"><img decoding=\"async\" data-id=\"59974\" src=\"https:\/\/schoenstatt.com\/wp-content\/uploads\/2025\/06\/Family-Federation-Jubilee-3.jpg\" alt=\"\" class=\"wp-image-59974\"\/><\/figure>\n<\/figure>\n\n\n\n<h3 class=\"wp-block-heading\" id=\"h-night-of-nations-freude-miteinander\">Night of Nations \u2013 Freude miteinander<\/h3>\n\n\n\n<p>Der Jubilee-Campus bot in der \u201eNacht der Nationen\u201c eine faszinierende Mischung weltweiter Kultur. Die verschiedenen L\u00e4nder pr\u00e4sentierten sich originell und spritzig und eroberten die Herzen der Zuschauer. Es wurde viel gemeinsam gelacht, gesungen und getanzt: von Salsa \u00fcber Polka bis zum Wiener Walzer war alles dabei. Freude pur!<\/p>\n\n\n\n<figure class=\"wp-block-image aligncenter size-full\"><img fetchpriority=\"high\" decoding=\"async\" width=\"2048\" height=\"1153\" src=\"https:\/\/schoenstatt.com\/wp-content\/uploads\/2025\/06\/Bishop-Michael-Geber.jpg\" alt=\"\" class=\"wp-image-59979\" srcset=\"https:\/\/schoenstatt.com\/wp-content\/uploads\/2025\/06\/Bishop-Michael-Geber.jpg 2048w, https:\/\/schoenstatt.com\/wp-content\/uploads\/2025\/06\/Bishop-Michael-Geber-768x432.jpg 768w, https:\/\/schoenstatt.com\/wp-content\/uploads\/2025\/06\/Bishop-Michael-Geber-1536x865.jpg 1536w\" sizes=\"(max-width: 2048px) 100vw, 2048px\" \/><\/figure>\n\n\n\n<h3 class=\"wp-block-heading\" id=\"h-familia-libertate-cor-unum-in-patre\">Familia Libertate \u2013 Cor Unum in Patre<\/h3>\n\n\n\n<p>Das Zentrum des Internationalen Familienbundes, der Josef-Kentenich-Hof in Hillscheid, war am Sonntag der Ort der Freude und der Hoffnung. Ein H\u00f6hepunkt des Festes war der Aussendungsgottesdienst. Die Leitungsfamilie des Deutschen Familienbundes Diana und Dr. Lukas Schreiber, sowie die Leitungsfamilie des Internationalen Familienbundes Silvina und Ra\u00fal Vi\u00f1as begr\u00fc\u00dften die Festgemeinde und die Ehreng\u00e4ste aus Sch\u00f6nstatt und von der Deutschen Bischofskonferenz. Bischof Dr. Michael Gerber betonte in seiner Predigt: \u201eDer Familienbund hilft sehr konkret Ehepaaren und Familien, \u201eKirche im Kleinen\u201c zu werden und das zu leben, was die Paare im Ehesakrament versprechen, n\u00e4mlich \u201eMitverantwortung in der Kirche, Sch\u00f6nstatt und in der Welt zu \u00fcbernehmen.\u201c<\/p>\n\n\n\n<p>Weiter bezeichnete er den Josef-Kentenich-Hof als einen Ort der Beheimatung und als \u201eewige\u201c Baustelle. Das \u201eHerumwerkeln\u201c sei Ausdruck, Mittel und Schutz der inneren Baustelle, der permanenten Selbsterziehung als Pers\u00f6nlichkeit, als Paar, als Familie.<\/p>\n\n\n\n<figure class=\"wp-block-image size-full\"><img decoding=\"async\" src=\"https:\/\/schoenstatt.com\/wp-content\/uploads\/2025\/06\/Family-Federation-Jubilee-5.jpg\" alt=\"\" class=\"wp-image-59984\"\/><\/figure>\n\n\n\n<p>Bischof Gerber meinte: \u201eZu den gro\u00dfen Prozessen der Kirche unserer Tage geh\u00f6rt die Synodalit\u00e4t. \u2026 Schaue ich auf den Familienbund, dann habe ich den Eindruck, hier ist sehr viel Erfahrung da, wenn es um das Zueinander des hierarchischen und des synodalen Prinzips in der Kirche geht. Die Hierarchie hat \u2013 wie das Wort schon sagt \u2013 den Auftrag der R\u00fcckbindung an den Ursprung und den Auftrag der Einbindung in die Universalkirche.\u201c<\/p>\n\n\n\n<p>Der feierliche Abschlussgottesdienst war kein Abschluss, sondern Auftrag und Anfang f\u00fcr die Zukunft des Internationalen Familienbundes.<\/p>\n\n\n\n<p>Seinen Ausklang fand der Sonntag mit dem Reisesegen am Urheiligtum, von wo aus die Familien in die ganze Welt gesendet wurden.<\/p>\n\n\n\n<figure class=\"wp-block-image size-full\"><img decoding=\"async\" src=\"https:\/\/schoenstatt.com\/wp-content\/uploads\/2025\/06\/Family-Federation-Jubilee-4.jpg\" alt=\"\" class=\"wp-image-59989\"\/><\/figure>\n\n\n\n<p><strong>Quelle: <\/strong><a href=\"https:\/\/www.schoenstatt.de\/de\/news\/6839\/112\/Pilger-der-Freude-Vamos-familia-Der-Internationale-Schoenstatt-Familienbund-feiert-seinen-75-Geburtstag.htm\" target=\"_blank\" rel=\"noreferrer noopener\">schoenstatt.de<\/a><\/p>\n","protected":false},"excerpt":{"rendered":"<p>Sehen Sie, wie die internationale Feier zum 75-j\u00e4hrigen Bestehen der Sch\u00f6nstatt-Familienbundes, an der 17 Nationen teilnahmen, verlief.<\/p>\n","protected":false},"author":3,"featured_media":59990,"comment_status":"closed","ping_status":"closed","sticky":false,"template":"","format":"standard","meta":{"footnotes":""},"categories":[874,907,660],"tags":[1043,1147],"class_list":["post-59995","post","type-post","status-publish","format-standard","has-post-thumbnail","hentry","category-familie-de","category-schoenstatt-gemeinschaften-de","category-veranstaltungen-de","tag-jubilaum-de","tag-schonstatt-familienbund-de"],"yoast_head":"<!-- This site is optimized with the Yoast SEO Premium plugin v27.4 (Yoast SEO v27.5) - https:\/\/yoast.com\/product\/yoast-seo-premium-wordpress\/ -->\n<title>Pilger der Freude \u2013 Vamos familia! Der Familienbund feiert seinen 75. Geburtstag<\/title>\n<meta name=\"description\" content=\"Sehen Sie, wie die internationale Feier zum 75-j\u00e4hrigen Bestehen der Sch\u00f6nstatt-Familienbundes, an der 17 Nationen teilnahmen, verlief.\" \/>\n<meta name=\"robots\" content=\"index, follow, max-snippet:-1, max-image-preview:large, max-video-preview:-1\" \/>\n<link rel=\"canonical\" href=\"https:\/\/schoenstatt.com\/de\/pilger-der-freude-vamos-familia-der-familienbund-feiert-seinen-75-geburtstag\/\" \/>\n<meta property=\"og:locale\" content=\"de_DE\" \/>\n<meta property=\"og:type\" content=\"article\" \/>\n<meta property=\"og:title\" content=\"Pilger der Freude \u2013 Vamos familia! Der Familienbund feiert seinen 75. Geburtstag\" \/>\n<meta property=\"og:description\" content=\"Sehen Sie, wie die internationale Feier zum 75-j\u00e4hrigen Bestehen der Sch\u00f6nstatt-Familienbundes, an der 17 Nationen teilnahmen, verlief.\" \/>\n<meta property=\"og:url\" content=\"https:\/\/schoenstatt.com\/de\/pilger-der-freude-vamos-familia-der-familienbund-feiert-seinen-75-geburtstag\/\" \/>\n<meta property=\"og:site_name\" content=\"Schoenstatt\" \/>\n<meta property=\"article:published_time\" content=\"2025-06-19T01:03:00+00:00\" \/>\n<meta property=\"article:modified_time\" content=\"2025-08-19T19:15:29+00:00\" \/>\n<meta property=\"og:image\" content=\"https:\/\/schoenstatt.com\/wp-content\/uploads\/2025\/06\/Family-Federation-Jubilee-4.webp\" \/>\n\t<meta property=\"og:image:width\" content=\"2048\" \/>\n\t<meta property=\"og:image:height\" content=\"1153\" \/>\n\t<meta property=\"og:image:type\" content=\"image\/jpeg\" \/>\n<meta name=\"author\" content=\"Karen Bueno\" \/>\n<meta name=\"twitter:card\" content=\"summary_large_image\" \/>\n<meta name=\"twitter:label1\" content=\"Verfasst von\" \/>\n\t<meta name=\"twitter:data1\" content=\"Karen Bueno\" \/>\n\t<meta name=\"twitter:label2\" content=\"Gesch\u00e4tzte Lesezeit\" \/>\n\t<meta name=\"twitter:data2\" content=\"7\u00a0Minuten\" \/>\n<script type=\"application\/ld+json\" class=\"yoast-schema-graph\">{\"@context\":\"https:\\\/\\\/schema.org\",\"@graph\":[{\"@type\":\"Article\",\"@id\":\"https:\\\/\\\/schoenstatt.com\\\/de\\\/pilger-der-freude-vamos-familia-der-familienbund-feiert-seinen-75-geburtstag\\\/#article\",\"isPartOf\":{\"@id\":\"https:\\\/\\\/schoenstatt.com\\\/de\\\/pilger-der-freude-vamos-familia-der-familienbund-feiert-seinen-75-geburtstag\\\/\"},\"author\":{\"name\":\"Karen Bueno\",\"@id\":\"https:\\\/\\\/schoenstatt.com\\\/de\\\/#\\\/schema\\\/person\\\/5158877ad4acae98b34daaeef2a1ce6e\"},\"headline\":\"Pilger der Freude \u2013 Vamos familia! Der Familienbund feiert seinen 75. Geburtstag\",\"datePublished\":\"2025-06-19T01:03:00+00:00\",\"dateModified\":\"2025-08-19T19:15:29+00:00\",\"mainEntityOfPage\":{\"@id\":\"https:\\\/\\\/schoenstatt.com\\\/de\\\/pilger-der-freude-vamos-familia-der-familienbund-feiert-seinen-75-geburtstag\\\/\"},\"wordCount\":1014,\"publisher\":{\"@id\":\"https:\\\/\\\/schoenstatt.com\\\/de\\\/#organization\"},\"image\":{\"@id\":\"https:\\\/\\\/schoenstatt.com\\\/de\\\/pilger-der-freude-vamos-familia-der-familienbund-feiert-seinen-75-geburtstag\\\/#primaryimage\"},\"thumbnailUrl\":\"https:\\\/\\\/schoenstatt.com\\\/wp-content\\\/uploads\\\/2025\\\/06\\\/Family-Federation-Jubilee-4.webp\",\"keywords\":[\"Jubil\u00e4um\",\"Sch\u00f6nstatt-Familienbund\"],\"articleSection\":[\"Familie\",\"Schoenstatt Gemeinschaften\",\"Veranstaltungen\"],\"inLanguage\":\"de\"},{\"@type\":\"WebPage\",\"@id\":\"https:\\\/\\\/schoenstatt.com\\\/de\\\/pilger-der-freude-vamos-familia-der-familienbund-feiert-seinen-75-geburtstag\\\/\",\"url\":\"https:\\\/\\\/schoenstatt.com\\\/de\\\/pilger-der-freude-vamos-familia-der-familienbund-feiert-seinen-75-geburtstag\\\/\",\"name\":\"Pilger der Freude \u2013 Vamos familia! Der Familienbund feiert seinen 75. Geburtstag\",\"isPartOf\":{\"@id\":\"https:\\\/\\\/schoenstatt.com\\\/de\\\/#website\"},\"primaryImageOfPage\":{\"@id\":\"https:\\\/\\\/schoenstatt.com\\\/de\\\/pilger-der-freude-vamos-familia-der-familienbund-feiert-seinen-75-geburtstag\\\/#primaryimage\"},\"image\":{\"@id\":\"https:\\\/\\\/schoenstatt.com\\\/de\\\/pilger-der-freude-vamos-familia-der-familienbund-feiert-seinen-75-geburtstag\\\/#primaryimage\"},\"thumbnailUrl\":\"https:\\\/\\\/schoenstatt.com\\\/wp-content\\\/uploads\\\/2025\\\/06\\\/Family-Federation-Jubilee-4.webp\",\"datePublished\":\"2025-06-19T01:03:00+00:00\",\"dateModified\":\"2025-08-19T19:15:29+00:00\",\"description\":\"Sehen Sie, wie die internationale Feier zum 75-j\u00e4hrigen Bestehen der Sch\u00f6nstatt-Familienbundes, an der 17 Nationen teilnahmen, verlief.\",\"breadcrumb\":{\"@id\":\"https:\\\/\\\/schoenstatt.com\\\/de\\\/pilger-der-freude-vamos-familia-der-familienbund-feiert-seinen-75-geburtstag\\\/#breadcrumb\"},\"inLanguage\":\"de\",\"potentialAction\":[{\"@type\":\"ReadAction\",\"target\":[\"https:\\\/\\\/schoenstatt.com\\\/de\\\/pilger-der-freude-vamos-familia-der-familienbund-feiert-seinen-75-geburtstag\\\/\"]}]},{\"@type\":\"ImageObject\",\"inLanguage\":\"de\",\"@id\":\"https:\\\/\\\/schoenstatt.com\\\/de\\\/pilger-der-freude-vamos-familia-der-familienbund-feiert-seinen-75-geburtstag\\\/#primaryimage\",\"url\":\"https:\\\/\\\/schoenstatt.com\\\/wp-content\\\/uploads\\\/2025\\\/06\\\/Family-Federation-Jubilee-4.webp\",\"contentUrl\":\"https:\\\/\\\/schoenstatt.com\\\/wp-content\\\/uploads\\\/2025\\\/06\\\/Family-Federation-Jubilee-4.webp\",\"width\":2048,\"height\":1153},{\"@type\":\"BreadcrumbList\",\"@id\":\"https:\\\/\\\/schoenstatt.com\\\/de\\\/pilger-der-freude-vamos-familia-der-familienbund-feiert-seinen-75-geburtstag\\\/#breadcrumb\",\"itemListElement\":[{\"@type\":\"ListItem\",\"position\":1,\"name\":\"Portada\",\"item\":\"https:\\\/\\\/schoenstatt.com\\\/de\\\/home\\\/\"},{\"@type\":\"ListItem\",\"position\":2,\"name\":\"Pilger der Freude \u2013 Vamos familia! Der Familienbund feiert seinen 75. Geburtstag\"}]},{\"@type\":\"WebSite\",\"@id\":\"https:\\\/\\\/schoenstatt.com\\\/de\\\/#website\",\"url\":\"https:\\\/\\\/schoenstatt.com\\\/de\\\/\",\"name\":\"Schoenstatt\",\"description\":\"Apostolic Movement\",\"publisher\":{\"@id\":\"https:\\\/\\\/schoenstatt.com\\\/de\\\/#organization\"},\"potentialAction\":[{\"@type\":\"SearchAction\",\"target\":{\"@type\":\"EntryPoint\",\"urlTemplate\":\"https:\\\/\\\/schoenstatt.com\\\/de\\\/?s={search_term_string}\"},\"query-input\":{\"@type\":\"PropertyValueSpecification\",\"valueRequired\":true,\"valueName\":\"search_term_string\"}}],\"inLanguage\":\"de\"},{\"@type\":\"Organization\",\"@id\":\"https:\\\/\\\/schoenstatt.com\\\/de\\\/#organization\",\"name\":\"Schoenstatt\",\"url\":\"https:\\\/\\\/schoenstatt.com\\\/de\\\/\",\"logo\":{\"@type\":\"ImageObject\",\"inLanguage\":\"de\",\"@id\":\"https:\\\/\\\/schoenstatt.com\\\/de\\\/#\\\/schema\\\/logo\\\/image\\\/\",\"url\":\"https:\\\/\\\/schoenstatt.com\\\/wp-content\\\/uploads\\\/2025\\\/04\\\/logo-schoenstatt-white-696x696-1.png\",\"contentUrl\":\"https:\\\/\\\/schoenstatt.com\\\/wp-content\\\/uploads\\\/2025\\\/04\\\/logo-schoenstatt-white-696x696-1.png\",\"width\":696,\"height\":694,\"caption\":\"Schoenstatt\"},\"image\":{\"@id\":\"https:\\\/\\\/schoenstatt.com\\\/de\\\/#\\\/schema\\\/logo\\\/image\\\/\"}},{\"@type\":\"Person\",\"@id\":\"https:\\\/\\\/schoenstatt.com\\\/de\\\/#\\\/schema\\\/person\\\/5158877ad4acae98b34daaeef2a1ce6e\",\"name\":\"Karen Bueno\",\"image\":{\"@type\":\"ImageObject\",\"inLanguage\":\"de\",\"@id\":\"https:\\\/\\\/secure.gravatar.com\\\/avatar\\\/f9f4b823873154269d2b2130f195f6d41037dd0d7fc5f3cacb5c846bae70d66b?s=96&d=mm&r=g\",\"url\":\"https:\\\/\\\/secure.gravatar.com\\\/avatar\\\/f9f4b823873154269d2b2130f195f6d41037dd0d7fc5f3cacb5c846bae70d66b?s=96&d=mm&r=g\",\"contentUrl\":\"https:\\\/\\\/secure.gravatar.com\\\/avatar\\\/f9f4b823873154269d2b2130f195f6d41037dd0d7fc5f3cacb5c846bae70d66b?s=96&d=mm&r=g\",\"caption\":\"Karen Bueno\"},\"url\":\"https:\\\/\\\/schoenstatt.com\\\/de\\\/author\\\/karen-bueno\\\/\"}]}<\/script>\n<!-- \/ Yoast SEO Premium plugin. -->","yoast_head_json":{"title":"Pilger der Freude \u2013 Vamos familia! Der Familienbund feiert seinen 75. Geburtstag","description":"Sehen Sie, wie die internationale Feier zum 75-j\u00e4hrigen Bestehen der Sch\u00f6nstatt-Familienbundes, an der 17 Nationen teilnahmen, verlief.","robots":{"index":"index","follow":"follow","max-snippet":"max-snippet:-1","max-image-preview":"max-image-preview:large","max-video-preview":"max-video-preview:-1"},"canonical":"https:\/\/schoenstatt.com\/de\/pilger-der-freude-vamos-familia-der-familienbund-feiert-seinen-75-geburtstag\/","og_locale":"de_DE","og_type":"article","og_title":"Pilger der Freude \u2013 Vamos familia! Der Familienbund feiert seinen 75. Geburtstag","og_description":"Sehen Sie, wie die internationale Feier zum 75-j\u00e4hrigen Bestehen der Sch\u00f6nstatt-Familienbundes, an der 17 Nationen teilnahmen, verlief.","og_url":"https:\/\/schoenstatt.com\/de\/pilger-der-freude-vamos-familia-der-familienbund-feiert-seinen-75-geburtstag\/","og_site_name":"Schoenstatt","article_published_time":"2025-06-19T01:03:00+00:00","article_modified_time":"2025-08-19T19:15:29+00:00","og_image":[{"width":2048,"height":1153,"url":"https:\/\/schoenstatt.com\/wp-content\/uploads\/2025\/06\/Family-Federation-Jubilee-4.webp","type":"image\/jpeg"}],"author":"Karen Bueno","twitter_card":"summary_large_image","twitter_misc":{"Verfasst von":"Karen Bueno","Gesch\u00e4tzte Lesezeit":"7\u00a0Minuten"},"schema":{"@context":"https:\/\/schema.org","@graph":[{"@type":"Article","@id":"https:\/\/schoenstatt.com\/de\/pilger-der-freude-vamos-familia-der-familienbund-feiert-seinen-75-geburtstag\/#article","isPartOf":{"@id":"https:\/\/schoenstatt.com\/de\/pilger-der-freude-vamos-familia-der-familienbund-feiert-seinen-75-geburtstag\/"},"author":{"name":"Karen Bueno","@id":"https:\/\/schoenstatt.com\/de\/#\/schema\/person\/5158877ad4acae98b34daaeef2a1ce6e"},"headline":"Pilger der Freude \u2013 Vamos familia! Der Familienbund feiert seinen 75. Geburtstag","datePublished":"2025-06-19T01:03:00+00:00","dateModified":"2025-08-19T19:15:29+00:00","mainEntityOfPage":{"@id":"https:\/\/schoenstatt.com\/de\/pilger-der-freude-vamos-familia-der-familienbund-feiert-seinen-75-geburtstag\/"},"wordCount":1014,"publisher":{"@id":"https:\/\/schoenstatt.com\/de\/#organization"},"image":{"@id":"https:\/\/schoenstatt.com\/de\/pilger-der-freude-vamos-familia-der-familienbund-feiert-seinen-75-geburtstag\/#primaryimage"},"thumbnailUrl":"https:\/\/schoenstatt.com\/wp-content\/uploads\/2025\/06\/Family-Federation-Jubilee-4.webp","keywords":["Jubil\u00e4um","Sch\u00f6nstatt-Familienbund"],"articleSection":["Familie","Schoenstatt Gemeinschaften","Veranstaltungen"],"inLanguage":"de"},{"@type":"WebPage","@id":"https:\/\/schoenstatt.com\/de\/pilger-der-freude-vamos-familia-der-familienbund-feiert-seinen-75-geburtstag\/","url":"https:\/\/schoenstatt.com\/de\/pilger-der-freude-vamos-familia-der-familienbund-feiert-seinen-75-geburtstag\/","name":"Pilger der Freude \u2013 Vamos familia! Der Familienbund feiert seinen 75. Geburtstag","isPartOf":{"@id":"https:\/\/schoenstatt.com\/de\/#website"},"primaryImageOfPage":{"@id":"https:\/\/schoenstatt.com\/de\/pilger-der-freude-vamos-familia-der-familienbund-feiert-seinen-75-geburtstag\/#primaryimage"},"image":{"@id":"https:\/\/schoenstatt.com\/de\/pilger-der-freude-vamos-familia-der-familienbund-feiert-seinen-75-geburtstag\/#primaryimage"},"thumbnailUrl":"https:\/\/schoenstatt.com\/wp-content\/uploads\/2025\/06\/Family-Federation-Jubilee-4.webp","datePublished":"2025-06-19T01:03:00+00:00","dateModified":"2025-08-19T19:15:29+00:00","description":"Sehen Sie, wie die internationale Feier zum 75-j\u00e4hrigen Bestehen der Sch\u00f6nstatt-Familienbundes, an der 17 Nationen teilnahmen, verlief.","breadcrumb":{"@id":"https:\/\/schoenstatt.com\/de\/pilger-der-freude-vamos-familia-der-familienbund-feiert-seinen-75-geburtstag\/#breadcrumb"},"inLanguage":"de","potentialAction":[{"@type":"ReadAction","target":["https:\/\/schoenstatt.com\/de\/pilger-der-freude-vamos-familia-der-familienbund-feiert-seinen-75-geburtstag\/"]}]},{"@type":"ImageObject","inLanguage":"de","@id":"https:\/\/schoenstatt.com\/de\/pilger-der-freude-vamos-familia-der-familienbund-feiert-seinen-75-geburtstag\/#primaryimage","url":"https:\/\/schoenstatt.com\/wp-content\/uploads\/2025\/06\/Family-Federation-Jubilee-4.webp","contentUrl":"https:\/\/schoenstatt.com\/wp-content\/uploads\/2025\/06\/Family-Federation-Jubilee-4.webp","width":2048,"height":1153},{"@type":"BreadcrumbList","@id":"https:\/\/schoenstatt.com\/de\/pilger-der-freude-vamos-familia-der-familienbund-feiert-seinen-75-geburtstag\/#breadcrumb","itemListElement":[{"@type":"ListItem","position":1,"name":"Portada","item":"https:\/\/schoenstatt.com\/de\/home\/"},{"@type":"ListItem","position":2,"name":"Pilger der Freude \u2013 Vamos familia! Der Familienbund feiert seinen 75. Geburtstag"}]},{"@type":"WebSite","@id":"https:\/\/schoenstatt.com\/de\/#website","url":"https:\/\/schoenstatt.com\/de\/","name":"Schoenstatt","description":"Apostolic Movement","publisher":{"@id":"https:\/\/schoenstatt.com\/de\/#organization"},"potentialAction":[{"@type":"SearchAction","target":{"@type":"EntryPoint","urlTemplate":"https:\/\/schoenstatt.com\/de\/?s={search_term_string}"},"query-input":{"@type":"PropertyValueSpecification","valueRequired":true,"valueName":"search_term_string"}}],"inLanguage":"de"},{"@type":"Organization","@id":"https:\/\/schoenstatt.com\/de\/#organization","name":"Schoenstatt","url":"https:\/\/schoenstatt.com\/de\/","logo":{"@type":"ImageObject","inLanguage":"de","@id":"https:\/\/schoenstatt.com\/de\/#\/schema\/logo\/image\/","url":"https:\/\/schoenstatt.com\/wp-content\/uploads\/2025\/04\/logo-schoenstatt-white-696x696-1.png","contentUrl":"https:\/\/schoenstatt.com\/wp-content\/uploads\/2025\/04\/logo-schoenstatt-white-696x696-1.png","width":696,"height":694,"caption":"Schoenstatt"},"image":{"@id":"https:\/\/schoenstatt.com\/de\/#\/schema\/logo\/image\/"}},{"@type":"Person","@id":"https:\/\/schoenstatt.com\/de\/#\/schema\/person\/5158877ad4acae98b34daaeef2a1ce6e","name":"Karen Bueno","image":{"@type":"ImageObject","inLanguage":"de","@id":"https:\/\/secure.gravatar.com\/avatar\/f9f4b823873154269d2b2130f195f6d41037dd0d7fc5f3cacb5c846bae70d66b?s=96&d=mm&r=g","url":"https:\/\/secure.gravatar.com\/avatar\/f9f4b823873154269d2b2130f195f6d41037dd0d7fc5f3cacb5c846bae70d66b?s=96&d=mm&r=g","contentUrl":"https:\/\/secure.gravatar.com\/avatar\/f9f4b823873154269d2b2130f195f6d41037dd0d7fc5f3cacb5c846bae70d66b?s=96&d=mm&r=g","caption":"Karen Bueno"},"url":"https:\/\/schoenstatt.com\/de\/author\/karen-bueno\/"}]}},"_links":{"self":[{"href":"https:\/\/schoenstatt.com\/de\/wp-json\/wp\/v2\/posts\/59995","targetHints":{"allow":["GET"]}}],"collection":[{"href":"https:\/\/schoenstatt.com\/de\/wp-json\/wp\/v2\/posts"}],"about":[{"href":"https:\/\/schoenstatt.com\/de\/wp-json\/wp\/v2\/types\/post"}],"author":[{"embeddable":true,"href":"https:\/\/schoenstatt.com\/de\/wp-json\/wp\/v2\/users\/3"}],"replies":[{"embeddable":true,"href":"https:\/\/schoenstatt.com\/de\/wp-json\/wp\/v2\/comments?post=59995"}],"version-history":[{"count":8,"href":"https:\/\/schoenstatt.com\/de\/wp-json\/wp\/v2\/posts\/59995\/revisions"}],"predecessor-version":[{"id":62738,"href":"https:\/\/schoenstatt.com\/de\/wp-json\/wp\/v2\/posts\/59995\/revisions\/62738"}],"wp:featuredmedia":[{"embeddable":true,"href":"https:\/\/schoenstatt.com\/de\/wp-json\/wp\/v2\/media\/59990"}],"wp:attachment":[{"href":"https:\/\/schoenstatt.com\/de\/wp-json\/wp\/v2\/media?parent=59995"}],"wp:term":[{"taxonomy":"category","embeddable":true,"href":"https:\/\/schoenstatt.com\/de\/wp-json\/wp\/v2\/categories?post=59995"},{"taxonomy":"post_tag","embeddable":true,"href":"https:\/\/schoenstatt.com\/de\/wp-json\/wp\/v2\/tags?post=59995"}],"curies":[{"name":"wp","href":"https:\/\/api.w.org\/{rel}","templated":true}]}}