{"id":59831,"date":"2025-06-16T03:03:00","date_gmt":"2025-06-16T01:03:00","guid":{"rendered":"https:\/\/schoenstatt.com\/?p=59831"},"modified":"2025-08-21T23:30:27","modified_gmt":"2025-08-21T21:30:27","slug":"erwartungen-im-seligsprechungsprozess-von-joao-pozzobon","status":"publish","type":"post","link":"https:\/\/schoenstatt.com\/de\/erwartungen-im-seligsprechungsprozess-von-joao-pozzobon\/","title":{"rendered":"Erwartungen im Seligsprechungsprozess von Joao Pozzobon"},"content":{"rendered":"\n<p>Der Seligsprechungsprozess des brasilianischen <a href=\"https:\/\/www.joaoluizpozzobon.com.br\/\" target=\"_blank\" rel=\"noreferrer noopener\">Diakons Joao Luiz Pozzobon<\/a>, Inspirator der Kampagne der Pilgernden Gottesmutter von Sch\u00f6nstatt, ist an einem entscheidenden Punkt angelangt, den wir als Sch\u00f6nstattfamilie begleiten m\u00f6chten.<\/p>\n\n\n\n<p>Am 17. Juni werden einige Kardin\u00e4le und Bisch\u00f6fe, Mitglieder des Dikasteriums f\u00fcr die Selig- und Heiligsprechungsprozesse, zusammenkommen, um die heroische Aus\u00fcbung der christlichen Tugenden im Leben und Apostolat von Don Joao zu analysieren und zu bewerten. F\u00e4llt das Urteil positiv aus, d. h. bringen die Teilnehmer ihre moralische \u00dcberzeugung hinsichtlich der Heiligkeit seines Lebens zum Ausdruck, wird Kardinal Marcello Semeraro, Pr\u00e4fekt des Dikasteriums, dieses Votum dem Heiligen Vater vorlegen, der im Namen der Kirche Jo\u00e3o Luiz Pozzobon als ehrw\u00fcrdigen Diener Gottes anerkennt.<\/p>\n\n\n\n<p>Mit der Feststellung des heroischen Tugendgrades ist die vorletzte Stufe zur Seligsprechung erreicht. Diese erfolgt, wenn die Kirche ein au\u00dfergew\u00f6hnliches Wirken Gottes durch seine F\u00fcrsprache als Wunder anerkennt.<\/p>\n\n\n\n<h3 class=\"wp-block-heading\" id=\"h-eine-originelle-melodie\">Eine originelle Melodie<\/h3>\n\n\n\n<p>Der heilige Augustinus sagt: <em>\u201eMusik vermag zu sprechen, wenn die Worte verstummen\u201c.<\/em> Eine Metapher, die auch auf die Heiligen zutrifft: Sie sind die Stimme Christi in einer Welt, die oft angesichts der Liebe verstummt zu sein scheint.<\/p>\n\n\n\n<p><strong>Die Stimme von Don Joao singt ein Lied auf die Erziehung Marias<\/strong>, auf ihr Wirken vom Heiligtum aus. In seiner schlichten Art dr\u00fcckt er dies aus, indem er sagt, dass sein Leben, seine Berufung, sein Apostolat die Frucht davon sind, \u201esich Maria zur Verf\u00fcgung zu stellen und auf sie zu h\u00f6ren, wenn sie spricht, ihr zu dienen, ein Diener zu sein\u201d.<\/p>\n\n\n\n<h3 class=\"wp-block-heading\" id=\"h-was-macht-das-leben-von-don-joao-vorbildlich\">Was macht das Leben von Don Joao vorbildlich?<\/h3>\n\n\n\n<p>Die Tiefe, mit der er sein Liebesb\u00fcndnis in den konkreten Umst\u00e4nden des Alltags lebt, fasziniert. In seinem Leben als Ehemann und Vater, im Dienst an der Ortskirche als Diakon, im radikalen Engagement f\u00fcr die Evangelisierung durch die Kampagne der Pilgernden Gottesmutter, in seinem konkreten Dienst an den Bed\u00fcrftigsten inspiriert Don Joao unz\u00e4hlige Menschen auf der ganzen Welt.<\/p>\n\n\n\n<figure class=\"wp-block-image aligncenter size-full is-resized\"><img fetchpriority=\"high\" decoding=\"async\" width=\"1365\" height=\"2048\" src=\"https:\/\/schoenstatt.com\/wp-content\/uploads\/2025\/06\/Joao-Luiz-Pozzobon.jpg\" alt=\"\" class=\"wp-image-59821\" style=\"width:500px\" srcset=\"https:\/\/schoenstatt.com\/wp-content\/uploads\/2025\/06\/Joao-Luiz-Pozzobon.jpg 1365w, https:\/\/schoenstatt.com\/wp-content\/uploads\/2025\/06\/Joao-Luiz-Pozzobon-768x1152.jpg 768w, https:\/\/schoenstatt.com\/wp-content\/uploads\/2025\/06\/Joao-Luiz-Pozzobon-1024x1536.jpg 1024w\" sizes=\"(max-width: 1365px) 100vw, 1365px\" \/><\/figure>\n\n\n\n<h3 class=\"wp-block-heading\" id=\"h-weitere-schonstatter-mit-vorbildlichem-leben\">Weitere Sch\u00f6nst\u00e4tter mit vorbildlichem Leben<\/h3>\n\n\n\n<p>Der erste Sohn Sch\u00f6nstatts, der 1996 als M\u00e4rtyrer seliggesprochen wurde, war der Priester Karl Leisner.<\/p>\n\n\n\n<p>Im selben Jahrzehnt wurden einige Seligsprechungsprozesse f\u00fcr verschiedene Mitglieder der Sch\u00f6nstattfamilie eingeleitet: 1997 er\u00f6ffnete die Di\u00f6zese Trier den Prozess f\u00fcr Emilie Engel, eine Marienschwester, die 2013 f\u00fcr verehrungsw\u00fcrdig erkl\u00e4rt wurde.<\/p>\n\n\n\n<p>1998 wurde der Prozess f\u00fcr Mario Hiriart in der Di\u00f6zese Santiago de Chile er\u00f6ffnet. Mario, Mitglied der Sch\u00f6nstatt-Marienbr\u00fcder, wurde 2018 f\u00fcr verehrungsw\u00fcrdig erkl\u00e4rt.<\/p>\n\n\n\n<p>Im Jahr 2023 wurde in Santiago de Chile der Seligsprechungsprozess f\u00fcr Hern\u00e1n Alessandri, Mitglied der Sch\u00f6nstatt-Patres, er\u00f6ffnet.<\/p>\n\n\n\n<p>Die Gemeinschaft der Pallottiner (SAC) betreut die Prozesse zweier ihrer Mitglieder: Josef Engling und Franz Reinisch, deren heiliges Leben durch das Liebesb\u00fcndnis mit der dreimal Wunderbaren Mutter Sch\u00f6nstatts im Schatten des Heiligtums gereift ist.<\/p>\n\n\n\n<p>Der Seligsprechungsprozess f\u00fcr den Gr\u00fcnder Sch\u00f6nstatts, Pater Josef Kentenich, wurde 1975 in Trier er\u00f6ffnet. Derzeit hat der Di\u00f6zesanbischof Stephan Ackermann das Verfahren ausgesetzt, um einige Aspekte seiner P\u00e4dagogik genauer zu untersuchen. Als Familie vertrauen wir darauf, dass die erforderliche Kl\u00e4rung die Fortsetzung des Prozesses erm\u00f6glichen wird.<\/p>\n\n\n\n<h3 class=\"wp-block-heading\" id=\"h-ein-weg-der-heiligkeit-der-allen-offensteht\">Ein Weg der Heiligkeit, der allen offensteht<\/h3>\n\n\n\n<p>F\u00fcr all diese Sch\u00f6nst\u00e4tter, wie auch f\u00fcr viele andere, weckte das Motto \u201eNichts ohne dich, nichts ohne mich\u201c das Bed\u00fcrfnis, der Erziehung Mariens in ihrem Leben Raum zu geben als Inspiration f\u00fcr ihre Worte, ihre Taten, ihre Gef\u00fchle. Die Fr\u00fcchte dieses B\u00fcndnisses zeigten sich manchmal in gro\u00dfen apostolischen Taten, wie denen von Josef Kentenich, Don Joao oder Hern\u00e1n Alessandri, manchmal in einer weniger auff\u00e4lligen, aber nicht weniger mutigen Hingabe, wie im Fall von Emilie Engel, Mario Hiriart oder Josef Engling. Sie alle sangen mit ihrer einzigartigen und originellen Stimme die Melodie des auferstandenen Christus.<\/p>\n\n\n\n<p>Das vorbildliche Leben des Diakons Joao Luiz Pozzobon ist ein Zeugnis des Liebesb\u00fcndnisses, auf das wir stolz sind. Sein Seligsprechungsprozess ist jedoch nicht in erster Linie als eine Ehre f\u00fcr uns zu betrachten. Die Heiligen sind nicht Eigentum ihrer geistlichen Familie, sondern ein Geschenk Gottes an die Kirche, ein Zeugnis daf\u00fcr, dass das Charisma ein Weg der Heiligkeit ist, der allen offensteht. Das ist der tiefste Sinn jedes Heiligsprechungsprozesses in der katholischen Kirche: dass das Leben und die Sendung eines heiligen Menschen ein Licht sein m\u00f6ge, das andere erleuchtet; eine Melodie Christi, die in der Welt widerhallt, wenn das Wort verstummt.<\/p>\n\n\n\n<p><strong>Lektorat: <\/strong>Sr. M. Lioba Ruprecht<\/p>\n","protected":false},"excerpt":{"rendered":"<p>Die Kongregation f\u00fcr die Selig- und Heiligsprechungsprozesse wird das Leben von Jo\u00e3o Luiz Pozzobon untersuchen und bewerten.<\/p>\n","protected":false},"author":3,"featured_media":59817,"comment_status":"closed","ping_status":"closed","sticky":false,"template":"","format":"standard","meta":{"footnotes":""},"categories":[902,886],"tags":[1086,1039,1170],"class_list":["post-59831","post","type-post","status-publish","format-standard","has-post-thumbnail","hentry","category-pilgerheiligtum-de","category-schoenstatt-helden-de","tag-apostolat-der-pilgernden-gottesmutter-de","tag-joao-luiz-pozzobon-de","tag-schonstatt-helden-de"],"yoast_head":"<!-- This site is optimized with the Yoast SEO Premium plugin v27.4 (Yoast SEO v27.4) - https:\/\/yoast.com\/product\/yoast-seo-premium-wordpress\/ -->\n<title>Erwartungen im Seligsprechungsprozess von Joao Pozzobon - Schoenstatt<\/title>\n<meta name=\"description\" content=\"Die Kongregation f\u00fcr die Selig- und Heiligsprechungsprozesse wird das Leben von Jo\u00e3o Luiz Pozzobon untersuchen und bewerten.\" \/>\n<meta name=\"robots\" content=\"index, follow, max-snippet:-1, max-image-preview:large, max-video-preview:-1\" \/>\n<link rel=\"canonical\" href=\"https:\/\/schoenstatt.com\/de\/erwartungen-im-seligsprechungsprozess-von-joao-pozzobon\/\" \/>\n<meta property=\"og:locale\" content=\"de_DE\" \/>\n<meta property=\"og:type\" content=\"article\" \/>\n<meta property=\"og:title\" content=\"Erwartungen im Seligsprechungsprozess von Joao Pozzobon\" \/>\n<meta property=\"og:description\" content=\"Die Kongregation f\u00fcr die Selig- und Heiligsprechungsprozesse wird das Leben von Jo\u00e3o Luiz Pozzobon untersuchen und bewerten.\" \/>\n<meta property=\"og:url\" content=\"https:\/\/schoenstatt.com\/de\/erwartungen-im-seligsprechungsprozess-von-joao-pozzobon\/\" \/>\n<meta property=\"og:site_name\" content=\"Schoenstatt\" \/>\n<meta property=\"article:published_time\" content=\"2025-06-16T01:03:00+00:00\" \/>\n<meta property=\"article:modified_time\" content=\"2025-08-21T21:30:27+00:00\" \/>\n<meta property=\"og:image\" content=\"https:\/\/schoenstatt.com\/wp-content\/uploads\/2025\/06\/Joao-Pozzobon.jpg\" \/>\n\t<meta property=\"og:image:width\" content=\"2048\" \/>\n\t<meta property=\"og:image:height\" content=\"1122\" \/>\n\t<meta property=\"og:image:type\" content=\"image\/jpeg\" \/>\n<meta name=\"author\" content=\"Karen Bueno\" \/>\n<meta name=\"twitter:card\" content=\"summary_large_image\" \/>\n<meta name=\"twitter:label1\" content=\"Verfasst von\" \/>\n\t<meta name=\"twitter:data1\" content=\"Karen Bueno\" \/>\n\t<meta name=\"twitter:label2\" content=\"Gesch\u00e4tzte Lesezeit\" \/>\n\t<meta name=\"twitter:data2\" content=\"4\u00a0Minuten\" \/>\n<script type=\"application\/ld+json\" class=\"yoast-schema-graph\">{\"@context\":\"https:\\\/\\\/schema.org\",\"@graph\":[{\"@type\":\"Article\",\"@id\":\"https:\\\/\\\/schoenstatt.com\\\/de\\\/erwartungen-im-seligsprechungsprozess-von-joao-pozzobon\\\/#article\",\"isPartOf\":{\"@id\":\"https:\\\/\\\/schoenstatt.com\\\/de\\\/erwartungen-im-seligsprechungsprozess-von-joao-pozzobon\\\/\"},\"author\":{\"name\":\"Karen Bueno\",\"@id\":\"https:\\\/\\\/schoenstatt.com\\\/de\\\/#\\\/schema\\\/person\\\/5158877ad4acae98b34daaeef2a1ce6e\"},\"headline\":\"Erwartungen im Seligsprechungsprozess von Joao Pozzobon\",\"datePublished\":\"2025-06-16T01:03:00+00:00\",\"dateModified\":\"2025-08-21T21:30:27+00:00\",\"mainEntityOfPage\":{\"@id\":\"https:\\\/\\\/schoenstatt.com\\\/de\\\/erwartungen-im-seligsprechungsprozess-von-joao-pozzobon\\\/\"},\"wordCount\":751,\"publisher\":{\"@id\":\"https:\\\/\\\/schoenstatt.com\\\/de\\\/#organization\"},\"image\":{\"@id\":\"https:\\\/\\\/schoenstatt.com\\\/de\\\/erwartungen-im-seligsprechungsprozess-von-joao-pozzobon\\\/#primaryimage\"},\"thumbnailUrl\":\"https:\\\/\\\/schoenstatt.com\\\/wp-content\\\/uploads\\\/2025\\\/06\\\/Joao-Pozzobon.jpg\",\"keywords\":[\"Apostolat der Pilgernden Gottesmutter\",\"Jo\u00e3o Luiz Pozzobon\",\"Sch\u00f6nstatt-Helden\"],\"articleSection\":[\"Pilgerheiligtum\",\"Schoenstatt Helden\"],\"inLanguage\":\"de\"},{\"@type\":\"WebPage\",\"@id\":\"https:\\\/\\\/schoenstatt.com\\\/de\\\/erwartungen-im-seligsprechungsprozess-von-joao-pozzobon\\\/\",\"url\":\"https:\\\/\\\/schoenstatt.com\\\/de\\\/erwartungen-im-seligsprechungsprozess-von-joao-pozzobon\\\/\",\"name\":\"Erwartungen im Seligsprechungsprozess von Joao Pozzobon - Schoenstatt\",\"isPartOf\":{\"@id\":\"https:\\\/\\\/schoenstatt.com\\\/de\\\/#website\"},\"primaryImageOfPage\":{\"@id\":\"https:\\\/\\\/schoenstatt.com\\\/de\\\/erwartungen-im-seligsprechungsprozess-von-joao-pozzobon\\\/#primaryimage\"},\"image\":{\"@id\":\"https:\\\/\\\/schoenstatt.com\\\/de\\\/erwartungen-im-seligsprechungsprozess-von-joao-pozzobon\\\/#primaryimage\"},\"thumbnailUrl\":\"https:\\\/\\\/schoenstatt.com\\\/wp-content\\\/uploads\\\/2025\\\/06\\\/Joao-Pozzobon.jpg\",\"datePublished\":\"2025-06-16T01:03:00+00:00\",\"dateModified\":\"2025-08-21T21:30:27+00:00\",\"description\":\"Die Kongregation f\u00fcr die Selig- und Heiligsprechungsprozesse wird das Leben von Jo\u00e3o Luiz Pozzobon untersuchen und bewerten.\",\"breadcrumb\":{\"@id\":\"https:\\\/\\\/schoenstatt.com\\\/de\\\/erwartungen-im-seligsprechungsprozess-von-joao-pozzobon\\\/#breadcrumb\"},\"inLanguage\":\"de\",\"potentialAction\":[{\"@type\":\"ReadAction\",\"target\":[\"https:\\\/\\\/schoenstatt.com\\\/de\\\/erwartungen-im-seligsprechungsprozess-von-joao-pozzobon\\\/\"]}]},{\"@type\":\"ImageObject\",\"inLanguage\":\"de\",\"@id\":\"https:\\\/\\\/schoenstatt.com\\\/de\\\/erwartungen-im-seligsprechungsprozess-von-joao-pozzobon\\\/#primaryimage\",\"url\":\"https:\\\/\\\/schoenstatt.com\\\/wp-content\\\/uploads\\\/2025\\\/06\\\/Joao-Pozzobon.jpg\",\"contentUrl\":\"https:\\\/\\\/schoenstatt.com\\\/wp-content\\\/uploads\\\/2025\\\/06\\\/Joao-Pozzobon.jpg\",\"width\":2048,\"height\":1122},{\"@type\":\"BreadcrumbList\",\"@id\":\"https:\\\/\\\/schoenstatt.com\\\/de\\\/erwartungen-im-seligsprechungsprozess-von-joao-pozzobon\\\/#breadcrumb\",\"itemListElement\":[{\"@type\":\"ListItem\",\"position\":1,\"name\":\"Portada\",\"item\":\"https:\\\/\\\/schoenstatt.com\\\/de\\\/home\\\/\"},{\"@type\":\"ListItem\",\"position\":2,\"name\":\"Erwartungen im Seligsprechungsprozess von Joao Pozzobon\"}]},{\"@type\":\"WebSite\",\"@id\":\"https:\\\/\\\/schoenstatt.com\\\/de\\\/#website\",\"url\":\"https:\\\/\\\/schoenstatt.com\\\/de\\\/\",\"name\":\"Schoenstatt\",\"description\":\"Apostolic Movement\",\"publisher\":{\"@id\":\"https:\\\/\\\/schoenstatt.com\\\/de\\\/#organization\"},\"potentialAction\":[{\"@type\":\"SearchAction\",\"target\":{\"@type\":\"EntryPoint\",\"urlTemplate\":\"https:\\\/\\\/schoenstatt.com\\\/de\\\/?s={search_term_string}\"},\"query-input\":{\"@type\":\"PropertyValueSpecification\",\"valueRequired\":true,\"valueName\":\"search_term_string\"}}],\"inLanguage\":\"de\"},{\"@type\":\"Organization\",\"@id\":\"https:\\\/\\\/schoenstatt.com\\\/de\\\/#organization\",\"name\":\"Schoenstatt\",\"url\":\"https:\\\/\\\/schoenstatt.com\\\/de\\\/\",\"logo\":{\"@type\":\"ImageObject\",\"inLanguage\":\"de\",\"@id\":\"https:\\\/\\\/schoenstatt.com\\\/de\\\/#\\\/schema\\\/logo\\\/image\\\/\",\"url\":\"https:\\\/\\\/schoenstatt.com\\\/wp-content\\\/uploads\\\/2025\\\/04\\\/logo-schoenstatt-white-696x696-1.png\",\"contentUrl\":\"https:\\\/\\\/schoenstatt.com\\\/wp-content\\\/uploads\\\/2025\\\/04\\\/logo-schoenstatt-white-696x696-1.png\",\"width\":696,\"height\":694,\"caption\":\"Schoenstatt\"},\"image\":{\"@id\":\"https:\\\/\\\/schoenstatt.com\\\/de\\\/#\\\/schema\\\/logo\\\/image\\\/\"}},{\"@type\":\"Person\",\"@id\":\"https:\\\/\\\/schoenstatt.com\\\/de\\\/#\\\/schema\\\/person\\\/5158877ad4acae98b34daaeef2a1ce6e\",\"name\":\"Karen Bueno\",\"image\":{\"@type\":\"ImageObject\",\"inLanguage\":\"de\",\"@id\":\"https:\\\/\\\/secure.gravatar.com\\\/avatar\\\/f9f4b823873154269d2b2130f195f6d41037dd0d7fc5f3cacb5c846bae70d66b?s=96&d=mm&r=g\",\"url\":\"https:\\\/\\\/secure.gravatar.com\\\/avatar\\\/f9f4b823873154269d2b2130f195f6d41037dd0d7fc5f3cacb5c846bae70d66b?s=96&d=mm&r=g\",\"contentUrl\":\"https:\\\/\\\/secure.gravatar.com\\\/avatar\\\/f9f4b823873154269d2b2130f195f6d41037dd0d7fc5f3cacb5c846bae70d66b?s=96&d=mm&r=g\",\"caption\":\"Karen Bueno\"},\"url\":\"https:\\\/\\\/schoenstatt.com\\\/de\\\/author\\\/karen-bueno\\\/\"}]}<\/script>\n<!-- \/ Yoast SEO Premium plugin. -->","yoast_head_json":{"title":"Erwartungen im Seligsprechungsprozess von Joao Pozzobon - Schoenstatt","description":"Die Kongregation f\u00fcr die Selig- und Heiligsprechungsprozesse wird das Leben von Jo\u00e3o Luiz Pozzobon untersuchen und bewerten.","robots":{"index":"index","follow":"follow","max-snippet":"max-snippet:-1","max-image-preview":"max-image-preview:large","max-video-preview":"max-video-preview:-1"},"canonical":"https:\/\/schoenstatt.com\/de\/erwartungen-im-seligsprechungsprozess-von-joao-pozzobon\/","og_locale":"de_DE","og_type":"article","og_title":"Erwartungen im Seligsprechungsprozess von Joao Pozzobon","og_description":"Die Kongregation f\u00fcr die Selig- und Heiligsprechungsprozesse wird das Leben von Jo\u00e3o Luiz Pozzobon untersuchen und bewerten.","og_url":"https:\/\/schoenstatt.com\/de\/erwartungen-im-seligsprechungsprozess-von-joao-pozzobon\/","og_site_name":"Schoenstatt","article_published_time":"2025-06-16T01:03:00+00:00","article_modified_time":"2025-08-21T21:30:27+00:00","og_image":[{"width":2048,"height":1122,"url":"https:\/\/schoenstatt.com\/wp-content\/uploads\/2025\/06\/Joao-Pozzobon.jpg","type":"image\/jpeg"}],"author":"Karen Bueno","twitter_card":"summary_large_image","twitter_misc":{"Verfasst von":"Karen Bueno","Gesch\u00e4tzte Lesezeit":"4\u00a0Minuten"},"schema":{"@context":"https:\/\/schema.org","@graph":[{"@type":"Article","@id":"https:\/\/schoenstatt.com\/de\/erwartungen-im-seligsprechungsprozess-von-joao-pozzobon\/#article","isPartOf":{"@id":"https:\/\/schoenstatt.com\/de\/erwartungen-im-seligsprechungsprozess-von-joao-pozzobon\/"},"author":{"name":"Karen Bueno","@id":"https:\/\/schoenstatt.com\/de\/#\/schema\/person\/5158877ad4acae98b34daaeef2a1ce6e"},"headline":"Erwartungen im Seligsprechungsprozess von Joao Pozzobon","datePublished":"2025-06-16T01:03:00+00:00","dateModified":"2025-08-21T21:30:27+00:00","mainEntityOfPage":{"@id":"https:\/\/schoenstatt.com\/de\/erwartungen-im-seligsprechungsprozess-von-joao-pozzobon\/"},"wordCount":751,"publisher":{"@id":"https:\/\/schoenstatt.com\/de\/#organization"},"image":{"@id":"https:\/\/schoenstatt.com\/de\/erwartungen-im-seligsprechungsprozess-von-joao-pozzobon\/#primaryimage"},"thumbnailUrl":"https:\/\/schoenstatt.com\/wp-content\/uploads\/2025\/06\/Joao-Pozzobon.jpg","keywords":["Apostolat der Pilgernden Gottesmutter","Jo\u00e3o Luiz Pozzobon","Sch\u00f6nstatt-Helden"],"articleSection":["Pilgerheiligtum","Schoenstatt Helden"],"inLanguage":"de"},{"@type":"WebPage","@id":"https:\/\/schoenstatt.com\/de\/erwartungen-im-seligsprechungsprozess-von-joao-pozzobon\/","url":"https:\/\/schoenstatt.com\/de\/erwartungen-im-seligsprechungsprozess-von-joao-pozzobon\/","name":"Erwartungen im Seligsprechungsprozess von Joao Pozzobon - Schoenstatt","isPartOf":{"@id":"https:\/\/schoenstatt.com\/de\/#website"},"primaryImageOfPage":{"@id":"https:\/\/schoenstatt.com\/de\/erwartungen-im-seligsprechungsprozess-von-joao-pozzobon\/#primaryimage"},"image":{"@id":"https:\/\/schoenstatt.com\/de\/erwartungen-im-seligsprechungsprozess-von-joao-pozzobon\/#primaryimage"},"thumbnailUrl":"https:\/\/schoenstatt.com\/wp-content\/uploads\/2025\/06\/Joao-Pozzobon.jpg","datePublished":"2025-06-16T01:03:00+00:00","dateModified":"2025-08-21T21:30:27+00:00","description":"Die Kongregation f\u00fcr die Selig- und Heiligsprechungsprozesse wird das Leben von Jo\u00e3o Luiz Pozzobon untersuchen und bewerten.","breadcrumb":{"@id":"https:\/\/schoenstatt.com\/de\/erwartungen-im-seligsprechungsprozess-von-joao-pozzobon\/#breadcrumb"},"inLanguage":"de","potentialAction":[{"@type":"ReadAction","target":["https:\/\/schoenstatt.com\/de\/erwartungen-im-seligsprechungsprozess-von-joao-pozzobon\/"]}]},{"@type":"ImageObject","inLanguage":"de","@id":"https:\/\/schoenstatt.com\/de\/erwartungen-im-seligsprechungsprozess-von-joao-pozzobon\/#primaryimage","url":"https:\/\/schoenstatt.com\/wp-content\/uploads\/2025\/06\/Joao-Pozzobon.jpg","contentUrl":"https:\/\/schoenstatt.com\/wp-content\/uploads\/2025\/06\/Joao-Pozzobon.jpg","width":2048,"height":1122},{"@type":"BreadcrumbList","@id":"https:\/\/schoenstatt.com\/de\/erwartungen-im-seligsprechungsprozess-von-joao-pozzobon\/#breadcrumb","itemListElement":[{"@type":"ListItem","position":1,"name":"Portada","item":"https:\/\/schoenstatt.com\/de\/home\/"},{"@type":"ListItem","position":2,"name":"Erwartungen im Seligsprechungsprozess von Joao Pozzobon"}]},{"@type":"WebSite","@id":"https:\/\/schoenstatt.com\/de\/#website","url":"https:\/\/schoenstatt.com\/de\/","name":"Schoenstatt","description":"Apostolic Movement","publisher":{"@id":"https:\/\/schoenstatt.com\/de\/#organization"},"potentialAction":[{"@type":"SearchAction","target":{"@type":"EntryPoint","urlTemplate":"https:\/\/schoenstatt.com\/de\/?s={search_term_string}"},"query-input":{"@type":"PropertyValueSpecification","valueRequired":true,"valueName":"search_term_string"}}],"inLanguage":"de"},{"@type":"Organization","@id":"https:\/\/schoenstatt.com\/de\/#organization","name":"Schoenstatt","url":"https:\/\/schoenstatt.com\/de\/","logo":{"@type":"ImageObject","inLanguage":"de","@id":"https:\/\/schoenstatt.com\/de\/#\/schema\/logo\/image\/","url":"https:\/\/schoenstatt.com\/wp-content\/uploads\/2025\/04\/logo-schoenstatt-white-696x696-1.png","contentUrl":"https:\/\/schoenstatt.com\/wp-content\/uploads\/2025\/04\/logo-schoenstatt-white-696x696-1.png","width":696,"height":694,"caption":"Schoenstatt"},"image":{"@id":"https:\/\/schoenstatt.com\/de\/#\/schema\/logo\/image\/"}},{"@type":"Person","@id":"https:\/\/schoenstatt.com\/de\/#\/schema\/person\/5158877ad4acae98b34daaeef2a1ce6e","name":"Karen Bueno","image":{"@type":"ImageObject","inLanguage":"de","@id":"https:\/\/secure.gravatar.com\/avatar\/f9f4b823873154269d2b2130f195f6d41037dd0d7fc5f3cacb5c846bae70d66b?s=96&d=mm&r=g","url":"https:\/\/secure.gravatar.com\/avatar\/f9f4b823873154269d2b2130f195f6d41037dd0d7fc5f3cacb5c846bae70d66b?s=96&d=mm&r=g","contentUrl":"https:\/\/secure.gravatar.com\/avatar\/f9f4b823873154269d2b2130f195f6d41037dd0d7fc5f3cacb5c846bae70d66b?s=96&d=mm&r=g","caption":"Karen Bueno"},"url":"https:\/\/schoenstatt.com\/de\/author\/karen-bueno\/"}]}},"_links":{"self":[{"href":"https:\/\/schoenstatt.com\/de\/wp-json\/wp\/v2\/posts\/59831","targetHints":{"allow":["GET"]}}],"collection":[{"href":"https:\/\/schoenstatt.com\/de\/wp-json\/wp\/v2\/posts"}],"about":[{"href":"https:\/\/schoenstatt.com\/de\/wp-json\/wp\/v2\/types\/post"}],"author":[{"embeddable":true,"href":"https:\/\/schoenstatt.com\/de\/wp-json\/wp\/v2\/users\/3"}],"replies":[{"embeddable":true,"href":"https:\/\/schoenstatt.com\/de\/wp-json\/wp\/v2\/comments?post=59831"}],"version-history":[{"count":1,"href":"https:\/\/schoenstatt.com\/de\/wp-json\/wp\/v2\/posts\/59831\/revisions"}],"predecessor-version":[{"id":59832,"href":"https:\/\/schoenstatt.com\/de\/wp-json\/wp\/v2\/posts\/59831\/revisions\/59832"}],"wp:featuredmedia":[{"embeddable":true,"href":"https:\/\/schoenstatt.com\/de\/wp-json\/wp\/v2\/media\/59817"}],"wp:attachment":[{"href":"https:\/\/schoenstatt.com\/de\/wp-json\/wp\/v2\/media?parent=59831"}],"wp:term":[{"taxonomy":"category","embeddable":true,"href":"https:\/\/schoenstatt.com\/de\/wp-json\/wp\/v2\/categories?post=59831"},{"taxonomy":"post_tag","embeddable":true,"href":"https:\/\/schoenstatt.com\/de\/wp-json\/wp\/v2\/tags?post=59831"}],"curies":[{"name":"wp","href":"https:\/\/api.w.org\/{rel}","templated":true}]}}