{"id":59407,"date":"2025-06-04T03:03:00","date_gmt":"2025-06-04T01:03:00","guid":{"rendered":"https:\/\/schoenstatt.com\/?p=59407"},"modified":"2025-06-04T13:42:36","modified_gmt":"2025-06-04T11:42:36","slug":"die-schoenstattbewegung-feierte-ihr-25-jaehriges-bestehen-in-der-dioezese-chiclayo-peru","status":"publish","type":"post","link":"https:\/\/schoenstatt.com\/de\/die-schoenstattbewegung-feierte-ihr-25-jaehriges-bestehen-in-der-dioezese-chiclayo-peru\/","title":{"rendered":"Die Sch\u00f6nstattbewegung feierte ihr 25-j\u00e4hriges Bestehen in der Di\u00f6zese Chiclayo\/Peru"},"content":{"rendered":"\n<p>Vor weniger als einem Monat richteten sich die Augen der ganzen Welt auf diesen Ort auf der Landkarte: <a href=\"https:\/\/maps.app.goo.gl\/BD9fjDvm3eN7oY819\" target=\"_blank\" rel=\"noreferrer noopener\">Chiclayo in Peru<\/a>. Alle wollten wissen, wie und wo der neu gew\u00e4hlte Papst Leo XIV. ankommen w\u00fcrde. Auch die internationale Sch\u00f6nstattfamilie war gespannt und wollte wissen, ob es in diesem Winkel S\u00fcdamerikas Sch\u00f6nst\u00e4tter gibt.<\/p>\n\n\n\n<p>In Chiclayo fanden wir eine lebendige, aktive und missionarische <a href=\"https:\/\/schoenstatt.com\/de\/papst-leo-xiv-und-schoenstatt\/\">Sch\u00f6nstattfamilie<\/a> vor. Zu ihr geh\u00f6ren Mitglieder der Pilgernden Gottesmutter und der M\u00fctterliga sowie mehrere Di\u00f6zesanpriester, die das Liebesb\u00fcndnis geschlossen haben.<\/p>\n\n\n\n<h3 class=\"wp-block-heading\" id=\"h-25-jahre-geschichte\">25 Jahre Geschichte<\/h3>\n\n\n\n<p>Nur wenige Tage nach der Wahl des Papstes versammelte sich die Sch\u00f6nstattfamilie von Chiclayo, um ihre Geschichte zu feiern. Am Sonntag, dem 25. Mai, fand eine feierliche Messe zum 25-j\u00e4hrigen Bestehen der Apostolischen Bewegung Sch\u00f6nstatts in der Di\u00f6zese statt.<\/p>\n\n\n\n<p>Genau an dem Altar, an dem Papst Leo XIV. so oft gefeiert hatte, in der Kathedrale Santa Maria, dem Sitz der Di\u00f6zese, versammelten sich am Abend die Mitglieder der Sch\u00f6nstatt-Bewegung.<\/p>\n\n\n\n<figure class=\"wp-block-image aligncenter size-full\"><img fetchpriority=\"high\" decoding=\"async\" width=\"1600\" height=\"900\" src=\"https:\/\/schoenstatt.com\/wp-content\/uploads\/2025\/06\/chiclayo-peru.jpg\" alt=\"\" class=\"wp-image-59378\" srcset=\"https:\/\/schoenstatt.com\/wp-content\/uploads\/2025\/06\/chiclayo-peru.jpg 1600w, https:\/\/schoenstatt.com\/wp-content\/uploads\/2025\/06\/chiclayo-peru-768x432.jpg 768w, https:\/\/schoenstatt.com\/wp-content\/uploads\/2025\/06\/chiclayo-peru-1536x864.jpg 1536w\" sizes=\"(max-width: 1600px) 100vw, 1600px\" \/><\/figure>\n\n\n\n<p>Die heilige Messe feierte der Di\u00f6zesanvikar Pater Jorge Villegas in Konzelebration mit mehreren Priester, die bereits das Liebesb\u00fcndnis geschlossen haben. Die Predigt hielt der nationale Leiter der Sch\u00f6nstattbewegung in Peru, Pater Eduardo Auza.<\/p>\n\n\n\n<h3 class=\"wp-block-heading\" id=\"h-friedensstifter-sein-wie-papst-leo\">Friedensstifter sein, wie Papst Leo<\/h3>\n\n\n\n<p>In seiner Predigt zeigte sich Pater Auza gl\u00fccklich \u00fcber die Gelegenheit, als erster Sch\u00f6nstatt-Pater in der Kathedrale des Papstes zu feiern.<em> \u201eIch m\u00f6chte diese sch\u00f6ne Gelegenheit nutzen, um euch zu begr\u00fc\u00dfen. Ich bin kein Peruaner, sondern Ecuadorianer und lebe in der Di\u00f6zese Guayaquil. Deshalb m\u00f6chte ich euch gratulieren, dass ihr einen peruanischen Papst habt\u201c<\/em>, sagte er und erntete Applaus von der Gemeinde.<\/p>\n\n\n\n<figure class=\"wp-block-image aligncenter size-full\"><img decoding=\"async\" width=\"1280\" height=\"976\" src=\"https:\/\/schoenstatt.com\/wp-content\/uploads\/2025\/06\/Father-Eduardo-Auza-Chiclayo-Peru.jpg\" alt=\"\" class=\"wp-image-59383\" srcset=\"https:\/\/schoenstatt.com\/wp-content\/uploads\/2025\/06\/Father-Eduardo-Auza-Chiclayo-Peru.jpg 1280w, https:\/\/schoenstatt.com\/wp-content\/uploads\/2025\/06\/Father-Eduardo-Auza-Chiclayo-Peru-768x586.jpg 768w\" sizes=\"(max-width: 1280px) 100vw, 1280px\" \/><\/figure>\n\n\n\n<p>Pater Auza sprach \u00fcber das Jahr der Hoffnung und betonte dabei den Frieden, der auch Thema der Antrittsrede von Papst Leo XIV. war. <em>\u201eF\u00fcr uns Christen bedeutet Frieden nicht nur die Abwesenheit von Kriegen und Problemen. Frieden ist auch kein Leben in v\u00f6lliger Passivit\u00e4t. Frieden bedeutet nicht, in den Urlaub zu fahren und in einer H\u00e4ngematte oder auf einem Liegestuhl zu liegen. Was Jesus uns heute sagt, ist, dass wir Friedensstifter sein m\u00fcssen. Es ist ein Frieden, der, wie Papst Leo XIV. sagte, dazu dient, Br\u00fccken zu bauen. Es ist ein Frieden, der missionarisch sein muss. Es ist ein Frieden, der entwaffnend und unbewaffnet ist. Es ist ein Frieden, der auf Maria schaut.\u201c<\/em><\/p>\n\n\n\n<h3 class=\"wp-block-heading\" id=\"h-diese-diozese-muss-sich-mehr-als-alle-anderen-engagieren\">Diese Di\u00f6zese muss sich mehr als alle anderen engagieren<\/h3>\n\n\n\n<p>Als der Leiter der Sch\u00f6nstattbewegung \u00fcber die drei Gnaden des Sch\u00f6nstatt-Heiligtums sprach, sagte er, dass die Mutter uns apostolische Fruchtbarkeit schenkt, \u201edamit wir nicht einschlafen, denn Hoffnung wartet man nicht ab\u201c. Er erkl\u00e4rte: <em>\u201eManchmal spricht man von Hoffnung, als w\u00fcrde man auf den Bus warten. Hoffnung ist jedoch eine Verpflichtung gegen\u00fcber der Welt. Frieden ist eine Verpflichtung gegen\u00fcber der Welt. Und das wollen wir in der ganzen Kirche, besonders in dieser Di\u00f6zese, sehr f\u00f6rdern. Sie muss sich f\u00fcr den Frieden einsetzen. Sie muss Br\u00fccken bauen. Sie muss missionarisch sein und eine klare Marienfr\u00f6mmigkeit pflegen, die uns immer zur Begegnung mit Christus f\u00fchrt.\u201c<\/em><\/p>\n\n\n\n<figure class=\"wp-block-image aligncenter size-full is-resized\"><img decoding=\"async\" width=\"707\" height=\"1267\" src=\"https:\/\/schoenstatt.com\/wp-content\/uploads\/2025\/06\/chiclayo-peru-2.jpg\" alt=\"\" class=\"wp-image-59388\" style=\"width:503px\"\/><\/figure>\n\n\n\n<p>Pater Auza, der das 25-j\u00e4hrige Bestehen der Sch\u00f6nstatt-Pr\u00e4senz in der Di\u00f6zese feierte, sagte: <em>\u201eMaria kommt jeden Tag zu uns, um uns ihren Sohn Jesus zu bringen. Sie m\u00f6chte mein Herz zu einem sch\u00f6nen Ort machen. Maria, die Jungfrau von Sch\u00f6nstatt, die seit 25 Jahren in dieser Di\u00f6zese pilgert, m\u00f6chte weiterpilgern: in den H\u00e4usern, in den Krankenh\u00e4usern, in den Seminaren, in den Gef\u00e4ngnissen \u2026, um diese so wichtige Botschaft zu bringen, die wir so sehr brauchen. Und so danken wir Gott, dass wir ihn in den kommenden Jahrhunderten preisen k\u00f6nnen. Amen.\u201c<\/em><\/p>\n\n\n\n<p><strong>\u00dcbersetzung: <\/strong>Sr. M. Lourdes Mac\u00edas<br><strong>Lektorat:<\/strong> Hildegard Kaiser<\/p>\n","protected":false},"excerpt":{"rendered":"<p>Sch\u00f6nstatt feierte sein 25-j\u00e4hriges Bestehen in der Di\u00f6zese, aus der der neue Papst stammt, und ein besonderes Fest pr\u00e4gte das Jubil\u00e4um.<\/p>\n","protected":false},"author":3,"featured_media":59374,"comment_status":"closed","ping_status":"closed","sticky":false,"template":"","format":"standard","meta":{"footnotes":""},"categories":[195],"tags":[],"class_list":["post-59407","post","type-post","status-publish","format-standard","has-post-thumbnail","hentry","category-amerika-de"],"yoast_head":"<!-- This site is optimized with the Yoast SEO Premium plugin v27.4 (Yoast SEO v27.4) - https:\/\/yoast.com\/product\/yoast-seo-premium-wordpress\/ -->\n<title>Die Sch\u00f6nstattbewegung feierte ihr 25-j\u00e4hriges Bestehen in der Di\u00f6zese Chiclayo\/Peru<\/title>\n<meta name=\"description\" content=\"Sch\u00f6nstatt feierte sein 25-j\u00e4hriges Bestehen in der Di\u00f6zese, aus der der neue Papst stammt, und ein besonderes Fest pr\u00e4gte das Jubil\u00e4um.\" \/>\n<meta name=\"robots\" content=\"index, follow, max-snippet:-1, max-image-preview:large, max-video-preview:-1\" \/>\n<link rel=\"canonical\" href=\"https:\/\/schoenstatt.com\/de\/die-schoenstattbewegung-feierte-ihr-25-jaehriges-bestehen-in-der-dioezese-chiclayo-peru\/\" \/>\n<meta property=\"og:locale\" content=\"de_DE\" \/>\n<meta property=\"og:type\" content=\"article\" \/>\n<meta property=\"og:title\" content=\"Die Sch\u00f6nstattbewegung feierte ihr 25-j\u00e4hriges Bestehen in der Di\u00f6zese Chiclayo\/Peru\" \/>\n<meta property=\"og:description\" content=\"Sch\u00f6nstatt feierte sein 25-j\u00e4hriges Bestehen in der Di\u00f6zese, aus der der neue Papst stammt, und ein besonderes Fest pr\u00e4gte das Jubil\u00e4um.\" \/>\n<meta property=\"og:url\" content=\"https:\/\/schoenstatt.com\/de\/die-schoenstattbewegung-feierte-ihr-25-jaehriges-bestehen-in-der-dioezese-chiclayo-peru\/\" \/>\n<meta property=\"og:site_name\" content=\"Schoenstatt\" \/>\n<meta property=\"article:published_time\" content=\"2025-06-04T01:03:00+00:00\" \/>\n<meta property=\"article:modified_time\" content=\"2025-06-04T11:42:36+00:00\" \/>\n<meta property=\"og:image\" content=\"https:\/\/schoenstatt.com\/wp-content\/uploads\/2025\/06\/Schoenstatt-Chiclayo-Peru.jpg\" \/>\n\t<meta property=\"og:image:width\" content=\"2048\" \/>\n\t<meta property=\"og:image:height\" content=\"920\" \/>\n\t<meta property=\"og:image:type\" content=\"image\/jpeg\" \/>\n<meta name=\"author\" content=\"Karen Bueno\" \/>\n<meta name=\"twitter:card\" content=\"summary_large_image\" \/>\n<meta name=\"twitter:label1\" content=\"Verfasst von\" \/>\n\t<meta name=\"twitter:data1\" content=\"Karen Bueno\" \/>\n\t<meta name=\"twitter:label2\" content=\"Gesch\u00e4tzte Lesezeit\" \/>\n\t<meta name=\"twitter:data2\" content=\"4\u00a0Minuten\" \/>\n<script type=\"application\/ld+json\" class=\"yoast-schema-graph\">{\"@context\":\"https:\\\/\\\/schema.org\",\"@graph\":[{\"@type\":\"Article\",\"@id\":\"https:\\\/\\\/schoenstatt.com\\\/de\\\/die-schoenstattbewegung-feierte-ihr-25-jaehriges-bestehen-in-der-dioezese-chiclayo-peru\\\/#article\",\"isPartOf\":{\"@id\":\"https:\\\/\\\/schoenstatt.com\\\/de\\\/die-schoenstattbewegung-feierte-ihr-25-jaehriges-bestehen-in-der-dioezese-chiclayo-peru\\\/\"},\"author\":{\"name\":\"Karen Bueno\",\"@id\":\"https:\\\/\\\/schoenstatt.com\\\/de\\\/#\\\/schema\\\/person\\\/5158877ad4acae98b34daaeef2a1ce6e\"},\"headline\":\"Die Sch\u00f6nstattbewegung feierte ihr 25-j\u00e4hriges Bestehen in der Di\u00f6zese Chiclayo\\\/Peru\",\"datePublished\":\"2025-06-04T01:03:00+00:00\",\"dateModified\":\"2025-06-04T11:42:36+00:00\",\"mainEntityOfPage\":{\"@id\":\"https:\\\/\\\/schoenstatt.com\\\/de\\\/die-schoenstattbewegung-feierte-ihr-25-jaehriges-bestehen-in-der-dioezese-chiclayo-peru\\\/\"},\"wordCount\":645,\"publisher\":{\"@id\":\"https:\\\/\\\/schoenstatt.com\\\/de\\\/#organization\"},\"image\":{\"@id\":\"https:\\\/\\\/schoenstatt.com\\\/de\\\/die-schoenstattbewegung-feierte-ihr-25-jaehriges-bestehen-in-der-dioezese-chiclayo-peru\\\/#primaryimage\"},\"thumbnailUrl\":\"https:\\\/\\\/schoenstatt.com\\\/wp-content\\\/uploads\\\/2025\\\/06\\\/Schoenstatt-Chiclayo-Peru.jpg\",\"articleSection\":[\"Amerika\"],\"inLanguage\":\"de\"},{\"@type\":\"WebPage\",\"@id\":\"https:\\\/\\\/schoenstatt.com\\\/de\\\/die-schoenstattbewegung-feierte-ihr-25-jaehriges-bestehen-in-der-dioezese-chiclayo-peru\\\/\",\"url\":\"https:\\\/\\\/schoenstatt.com\\\/de\\\/die-schoenstattbewegung-feierte-ihr-25-jaehriges-bestehen-in-der-dioezese-chiclayo-peru\\\/\",\"name\":\"Die Sch\u00f6nstattbewegung feierte ihr 25-j\u00e4hriges Bestehen in der Di\u00f6zese Chiclayo\\\/Peru\",\"isPartOf\":{\"@id\":\"https:\\\/\\\/schoenstatt.com\\\/de\\\/#website\"},\"primaryImageOfPage\":{\"@id\":\"https:\\\/\\\/schoenstatt.com\\\/de\\\/die-schoenstattbewegung-feierte-ihr-25-jaehriges-bestehen-in-der-dioezese-chiclayo-peru\\\/#primaryimage\"},\"image\":{\"@id\":\"https:\\\/\\\/schoenstatt.com\\\/de\\\/die-schoenstattbewegung-feierte-ihr-25-jaehriges-bestehen-in-der-dioezese-chiclayo-peru\\\/#primaryimage\"},\"thumbnailUrl\":\"https:\\\/\\\/schoenstatt.com\\\/wp-content\\\/uploads\\\/2025\\\/06\\\/Schoenstatt-Chiclayo-Peru.jpg\",\"datePublished\":\"2025-06-04T01:03:00+00:00\",\"dateModified\":\"2025-06-04T11:42:36+00:00\",\"description\":\"Sch\u00f6nstatt feierte sein 25-j\u00e4hriges Bestehen in der Di\u00f6zese, aus der der neue Papst stammt, und ein besonderes Fest pr\u00e4gte das Jubil\u00e4um.\",\"breadcrumb\":{\"@id\":\"https:\\\/\\\/schoenstatt.com\\\/de\\\/die-schoenstattbewegung-feierte-ihr-25-jaehriges-bestehen-in-der-dioezese-chiclayo-peru\\\/#breadcrumb\"},\"inLanguage\":\"de\",\"potentialAction\":[{\"@type\":\"ReadAction\",\"target\":[\"https:\\\/\\\/schoenstatt.com\\\/de\\\/die-schoenstattbewegung-feierte-ihr-25-jaehriges-bestehen-in-der-dioezese-chiclayo-peru\\\/\"]}]},{\"@type\":\"ImageObject\",\"inLanguage\":\"de\",\"@id\":\"https:\\\/\\\/schoenstatt.com\\\/de\\\/die-schoenstattbewegung-feierte-ihr-25-jaehriges-bestehen-in-der-dioezese-chiclayo-peru\\\/#primaryimage\",\"url\":\"https:\\\/\\\/schoenstatt.com\\\/wp-content\\\/uploads\\\/2025\\\/06\\\/Schoenstatt-Chiclayo-Peru.jpg\",\"contentUrl\":\"https:\\\/\\\/schoenstatt.com\\\/wp-content\\\/uploads\\\/2025\\\/06\\\/Schoenstatt-Chiclayo-Peru.jpg\",\"width\":2048,\"height\":920},{\"@type\":\"BreadcrumbList\",\"@id\":\"https:\\\/\\\/schoenstatt.com\\\/de\\\/die-schoenstattbewegung-feierte-ihr-25-jaehriges-bestehen-in-der-dioezese-chiclayo-peru\\\/#breadcrumb\",\"itemListElement\":[{\"@type\":\"ListItem\",\"position\":1,\"name\":\"Portada\",\"item\":\"https:\\\/\\\/schoenstatt.com\\\/de\\\/home\\\/\"},{\"@type\":\"ListItem\",\"position\":2,\"name\":\"Die Sch\u00f6nstattbewegung feierte ihr 25-j\u00e4hriges Bestehen in der Di\u00f6zese Chiclayo\\\/Peru\"}]},{\"@type\":\"WebSite\",\"@id\":\"https:\\\/\\\/schoenstatt.com\\\/de\\\/#website\",\"url\":\"https:\\\/\\\/schoenstatt.com\\\/de\\\/\",\"name\":\"Schoenstatt\",\"description\":\"Apostolic Movement\",\"publisher\":{\"@id\":\"https:\\\/\\\/schoenstatt.com\\\/de\\\/#organization\"},\"potentialAction\":[{\"@type\":\"SearchAction\",\"target\":{\"@type\":\"EntryPoint\",\"urlTemplate\":\"https:\\\/\\\/schoenstatt.com\\\/de\\\/?s={search_term_string}\"},\"query-input\":{\"@type\":\"PropertyValueSpecification\",\"valueRequired\":true,\"valueName\":\"search_term_string\"}}],\"inLanguage\":\"de\"},{\"@type\":\"Organization\",\"@id\":\"https:\\\/\\\/schoenstatt.com\\\/de\\\/#organization\",\"name\":\"Schoenstatt\",\"url\":\"https:\\\/\\\/schoenstatt.com\\\/de\\\/\",\"logo\":{\"@type\":\"ImageObject\",\"inLanguage\":\"de\",\"@id\":\"https:\\\/\\\/schoenstatt.com\\\/de\\\/#\\\/schema\\\/logo\\\/image\\\/\",\"url\":\"https:\\\/\\\/schoenstatt.com\\\/wp-content\\\/uploads\\\/2025\\\/04\\\/logo-schoenstatt-white-696x696-1.png\",\"contentUrl\":\"https:\\\/\\\/schoenstatt.com\\\/wp-content\\\/uploads\\\/2025\\\/04\\\/logo-schoenstatt-white-696x696-1.png\",\"width\":696,\"height\":694,\"caption\":\"Schoenstatt\"},\"image\":{\"@id\":\"https:\\\/\\\/schoenstatt.com\\\/de\\\/#\\\/schema\\\/logo\\\/image\\\/\"}},{\"@type\":\"Person\",\"@id\":\"https:\\\/\\\/schoenstatt.com\\\/de\\\/#\\\/schema\\\/person\\\/5158877ad4acae98b34daaeef2a1ce6e\",\"name\":\"Karen Bueno\",\"image\":{\"@type\":\"ImageObject\",\"inLanguage\":\"de\",\"@id\":\"https:\\\/\\\/secure.gravatar.com\\\/avatar\\\/f9f4b823873154269d2b2130f195f6d41037dd0d7fc5f3cacb5c846bae70d66b?s=96&d=mm&r=g\",\"url\":\"https:\\\/\\\/secure.gravatar.com\\\/avatar\\\/f9f4b823873154269d2b2130f195f6d41037dd0d7fc5f3cacb5c846bae70d66b?s=96&d=mm&r=g\",\"contentUrl\":\"https:\\\/\\\/secure.gravatar.com\\\/avatar\\\/f9f4b823873154269d2b2130f195f6d41037dd0d7fc5f3cacb5c846bae70d66b?s=96&d=mm&r=g\",\"caption\":\"Karen Bueno\"},\"url\":\"https:\\\/\\\/schoenstatt.com\\\/de\\\/author\\\/karen-bueno\\\/\"}]}<\/script>\n<!-- \/ Yoast SEO Premium plugin. -->","yoast_head_json":{"title":"Die Sch\u00f6nstattbewegung feierte ihr 25-j\u00e4hriges Bestehen in der Di\u00f6zese Chiclayo\/Peru","description":"Sch\u00f6nstatt feierte sein 25-j\u00e4hriges Bestehen in der Di\u00f6zese, aus der der neue Papst stammt, und ein besonderes Fest pr\u00e4gte das Jubil\u00e4um.","robots":{"index":"index","follow":"follow","max-snippet":"max-snippet:-1","max-image-preview":"max-image-preview:large","max-video-preview":"max-video-preview:-1"},"canonical":"https:\/\/schoenstatt.com\/de\/die-schoenstattbewegung-feierte-ihr-25-jaehriges-bestehen-in-der-dioezese-chiclayo-peru\/","og_locale":"de_DE","og_type":"article","og_title":"Die Sch\u00f6nstattbewegung feierte ihr 25-j\u00e4hriges Bestehen in der Di\u00f6zese Chiclayo\/Peru","og_description":"Sch\u00f6nstatt feierte sein 25-j\u00e4hriges Bestehen in der Di\u00f6zese, aus der der neue Papst stammt, und ein besonderes Fest pr\u00e4gte das Jubil\u00e4um.","og_url":"https:\/\/schoenstatt.com\/de\/die-schoenstattbewegung-feierte-ihr-25-jaehriges-bestehen-in-der-dioezese-chiclayo-peru\/","og_site_name":"Schoenstatt","article_published_time":"2025-06-04T01:03:00+00:00","article_modified_time":"2025-06-04T11:42:36+00:00","og_image":[{"width":2048,"height":920,"url":"https:\/\/schoenstatt.com\/wp-content\/uploads\/2025\/06\/Schoenstatt-Chiclayo-Peru.jpg","type":"image\/jpeg"}],"author":"Karen Bueno","twitter_card":"summary_large_image","twitter_misc":{"Verfasst von":"Karen Bueno","Gesch\u00e4tzte Lesezeit":"4\u00a0Minuten"},"schema":{"@context":"https:\/\/schema.org","@graph":[{"@type":"Article","@id":"https:\/\/schoenstatt.com\/de\/die-schoenstattbewegung-feierte-ihr-25-jaehriges-bestehen-in-der-dioezese-chiclayo-peru\/#article","isPartOf":{"@id":"https:\/\/schoenstatt.com\/de\/die-schoenstattbewegung-feierte-ihr-25-jaehriges-bestehen-in-der-dioezese-chiclayo-peru\/"},"author":{"name":"Karen Bueno","@id":"https:\/\/schoenstatt.com\/de\/#\/schema\/person\/5158877ad4acae98b34daaeef2a1ce6e"},"headline":"Die Sch\u00f6nstattbewegung feierte ihr 25-j\u00e4hriges Bestehen in der Di\u00f6zese Chiclayo\/Peru","datePublished":"2025-06-04T01:03:00+00:00","dateModified":"2025-06-04T11:42:36+00:00","mainEntityOfPage":{"@id":"https:\/\/schoenstatt.com\/de\/die-schoenstattbewegung-feierte-ihr-25-jaehriges-bestehen-in-der-dioezese-chiclayo-peru\/"},"wordCount":645,"publisher":{"@id":"https:\/\/schoenstatt.com\/de\/#organization"},"image":{"@id":"https:\/\/schoenstatt.com\/de\/die-schoenstattbewegung-feierte-ihr-25-jaehriges-bestehen-in-der-dioezese-chiclayo-peru\/#primaryimage"},"thumbnailUrl":"https:\/\/schoenstatt.com\/wp-content\/uploads\/2025\/06\/Schoenstatt-Chiclayo-Peru.jpg","articleSection":["Amerika"],"inLanguage":"de"},{"@type":"WebPage","@id":"https:\/\/schoenstatt.com\/de\/die-schoenstattbewegung-feierte-ihr-25-jaehriges-bestehen-in-der-dioezese-chiclayo-peru\/","url":"https:\/\/schoenstatt.com\/de\/die-schoenstattbewegung-feierte-ihr-25-jaehriges-bestehen-in-der-dioezese-chiclayo-peru\/","name":"Die Sch\u00f6nstattbewegung feierte ihr 25-j\u00e4hriges Bestehen in der Di\u00f6zese Chiclayo\/Peru","isPartOf":{"@id":"https:\/\/schoenstatt.com\/de\/#website"},"primaryImageOfPage":{"@id":"https:\/\/schoenstatt.com\/de\/die-schoenstattbewegung-feierte-ihr-25-jaehriges-bestehen-in-der-dioezese-chiclayo-peru\/#primaryimage"},"image":{"@id":"https:\/\/schoenstatt.com\/de\/die-schoenstattbewegung-feierte-ihr-25-jaehriges-bestehen-in-der-dioezese-chiclayo-peru\/#primaryimage"},"thumbnailUrl":"https:\/\/schoenstatt.com\/wp-content\/uploads\/2025\/06\/Schoenstatt-Chiclayo-Peru.jpg","datePublished":"2025-06-04T01:03:00+00:00","dateModified":"2025-06-04T11:42:36+00:00","description":"Sch\u00f6nstatt feierte sein 25-j\u00e4hriges Bestehen in der Di\u00f6zese, aus der der neue Papst stammt, und ein besonderes Fest pr\u00e4gte das Jubil\u00e4um.","breadcrumb":{"@id":"https:\/\/schoenstatt.com\/de\/die-schoenstattbewegung-feierte-ihr-25-jaehriges-bestehen-in-der-dioezese-chiclayo-peru\/#breadcrumb"},"inLanguage":"de","potentialAction":[{"@type":"ReadAction","target":["https:\/\/schoenstatt.com\/de\/die-schoenstattbewegung-feierte-ihr-25-jaehriges-bestehen-in-der-dioezese-chiclayo-peru\/"]}]},{"@type":"ImageObject","inLanguage":"de","@id":"https:\/\/schoenstatt.com\/de\/die-schoenstattbewegung-feierte-ihr-25-jaehriges-bestehen-in-der-dioezese-chiclayo-peru\/#primaryimage","url":"https:\/\/schoenstatt.com\/wp-content\/uploads\/2025\/06\/Schoenstatt-Chiclayo-Peru.jpg","contentUrl":"https:\/\/schoenstatt.com\/wp-content\/uploads\/2025\/06\/Schoenstatt-Chiclayo-Peru.jpg","width":2048,"height":920},{"@type":"BreadcrumbList","@id":"https:\/\/schoenstatt.com\/de\/die-schoenstattbewegung-feierte-ihr-25-jaehriges-bestehen-in-der-dioezese-chiclayo-peru\/#breadcrumb","itemListElement":[{"@type":"ListItem","position":1,"name":"Portada","item":"https:\/\/schoenstatt.com\/de\/home\/"},{"@type":"ListItem","position":2,"name":"Die Sch\u00f6nstattbewegung feierte ihr 25-j\u00e4hriges Bestehen in der Di\u00f6zese Chiclayo\/Peru"}]},{"@type":"WebSite","@id":"https:\/\/schoenstatt.com\/de\/#website","url":"https:\/\/schoenstatt.com\/de\/","name":"Schoenstatt","description":"Apostolic Movement","publisher":{"@id":"https:\/\/schoenstatt.com\/de\/#organization"},"potentialAction":[{"@type":"SearchAction","target":{"@type":"EntryPoint","urlTemplate":"https:\/\/schoenstatt.com\/de\/?s={search_term_string}"},"query-input":{"@type":"PropertyValueSpecification","valueRequired":true,"valueName":"search_term_string"}}],"inLanguage":"de"},{"@type":"Organization","@id":"https:\/\/schoenstatt.com\/de\/#organization","name":"Schoenstatt","url":"https:\/\/schoenstatt.com\/de\/","logo":{"@type":"ImageObject","inLanguage":"de","@id":"https:\/\/schoenstatt.com\/de\/#\/schema\/logo\/image\/","url":"https:\/\/schoenstatt.com\/wp-content\/uploads\/2025\/04\/logo-schoenstatt-white-696x696-1.png","contentUrl":"https:\/\/schoenstatt.com\/wp-content\/uploads\/2025\/04\/logo-schoenstatt-white-696x696-1.png","width":696,"height":694,"caption":"Schoenstatt"},"image":{"@id":"https:\/\/schoenstatt.com\/de\/#\/schema\/logo\/image\/"}},{"@type":"Person","@id":"https:\/\/schoenstatt.com\/de\/#\/schema\/person\/5158877ad4acae98b34daaeef2a1ce6e","name":"Karen Bueno","image":{"@type":"ImageObject","inLanguage":"de","@id":"https:\/\/secure.gravatar.com\/avatar\/f9f4b823873154269d2b2130f195f6d41037dd0d7fc5f3cacb5c846bae70d66b?s=96&d=mm&r=g","url":"https:\/\/secure.gravatar.com\/avatar\/f9f4b823873154269d2b2130f195f6d41037dd0d7fc5f3cacb5c846bae70d66b?s=96&d=mm&r=g","contentUrl":"https:\/\/secure.gravatar.com\/avatar\/f9f4b823873154269d2b2130f195f6d41037dd0d7fc5f3cacb5c846bae70d66b?s=96&d=mm&r=g","caption":"Karen Bueno"},"url":"https:\/\/schoenstatt.com\/de\/author\/karen-bueno\/"}]}},"_links":{"self":[{"href":"https:\/\/schoenstatt.com\/de\/wp-json\/wp\/v2\/posts\/59407","targetHints":{"allow":["GET"]}}],"collection":[{"href":"https:\/\/schoenstatt.com\/de\/wp-json\/wp\/v2\/posts"}],"about":[{"href":"https:\/\/schoenstatt.com\/de\/wp-json\/wp\/v2\/types\/post"}],"author":[{"embeddable":true,"href":"https:\/\/schoenstatt.com\/de\/wp-json\/wp\/v2\/users\/3"}],"replies":[{"embeddable":true,"href":"https:\/\/schoenstatt.com\/de\/wp-json\/wp\/v2\/comments?post=59407"}],"version-history":[{"count":4,"href":"https:\/\/schoenstatt.com\/de\/wp-json\/wp\/v2\/posts\/59407\/revisions"}],"predecessor-version":[{"id":59411,"href":"https:\/\/schoenstatt.com\/de\/wp-json\/wp\/v2\/posts\/59407\/revisions\/59411"}],"wp:featuredmedia":[{"embeddable":true,"href":"https:\/\/schoenstatt.com\/de\/wp-json\/wp\/v2\/media\/59374"}],"wp:attachment":[{"href":"https:\/\/schoenstatt.com\/de\/wp-json\/wp\/v2\/media?parent=59407"}],"wp:term":[{"taxonomy":"category","embeddable":true,"href":"https:\/\/schoenstatt.com\/de\/wp-json\/wp\/v2\/categories?post=59407"},{"taxonomy":"post_tag","embeddable":true,"href":"https:\/\/schoenstatt.com\/de\/wp-json\/wp\/v2\/tags?post=59407"}],"curies":[{"name":"wp","href":"https:\/\/api.w.org\/{rel}","templated":true}]}}