{"id":58221,"date":"2025-05-27T14:04:53","date_gmt":"2025-05-27T12:04:53","guid":{"rendered":"https:\/\/schoenstatt.com\/?p=58221"},"modified":"2025-08-19T02:48:47","modified_gmt":"2025-08-19T00:48:47","slug":"die-freiwilligen-von-belmonte-bereiten-sich-auf-die-internationale-kroenung-vor","status":"publish","type":"post","link":"https:\/\/schoenstatt.com\/de\/die-freiwilligen-von-belmonte-bereiten-sich-auf-die-internationale-kroenung-vor\/","title":{"rendered":"Die Freiwilligen von Belmonte bereiten sich auf die internationale Kr\u00f6nung vor"},"content":{"rendered":"\n<p>\u201eWir arbeiten mit aller Kraft f\u00fcr die Kr\u00f6nung\u201c, sagen die Freiwilligen, die derzeit im Belmonte-Heiligtum in Rom mitarbeiten.<\/p>\n\n\n\n<p>Am 9. Juni wird die MTA im Heiligtum Matri Ecclesiae zur \u201eK\u00f6nigin und Mutter der Kirche\u201c gekr\u00f6nt.<\/p>\n\n\n\n<p>Zu diesem Anlass haben bereits mehr als 700 Sch\u00f6nst\u00e4tter aus aller Welt ihre Teilnahme zugesagt, und es werden noch mehr erwartet. Auch Mitglieder des Generalpr\u00e4sidiums werden anwesend sein.<\/p>\n\n\n\n<h3 class=\"wp-block-heading\" id=\"h-vater-mutter-tochter-schwiegersohn-enkel-eine-ganze-brasilianische-familie\"><strong>Vater, Mutter, Tochter, Schwiegersohn, Enkel&#8230; Eine ganze brasilianische Familie<\/strong><\/h3>\n\n\n\n<p>Angesichts der vielen Aufgaben, die bis dahin zu erledigen sind, engagiert sich die Familie Petrocchi aus Bebedouro\/S\u00e3o Paulo, Brasilien, ehrenamtlich bei verschiedenen Aktivit\u00e4ten im Belmonte-Heiligtum.<\/p>\n\n\n\n<p><strong>Luzia Petrocchi<\/strong>, Mitglied der Sch\u00f6nstattbewegung Frauen und M\u00fctter und K\u00fcnstlerin, ist f\u00fcr die Dekoration des \u201eSaal der Kronen\u201c verantwortlich. Dort werden die Kronen ausgestellt, die im Laufe der Jahre in Belmonte der Gottesmutter \u00fcbergeben wurden. Ihr Ehemann <strong>Francisco Petrocchi<\/strong> begleitet Luzia, unterst\u00fctzt sie als Portier und \u00fcbernimmt allgemeine Aufgaben im Heiligtum.<\/p>\n\n\n\n<figure class=\"wp-block-image aligncenter size-full is-resized\"><img fetchpriority=\"high\" decoding=\"async\" width=\"900\" height=\"1416\" src=\"https:\/\/schoenstatt.com\/wp-content\/uploads\/2025\/05\/Volunteers-in-Belmonte.jpg\" alt=\"\" class=\"wp-image-57850\" style=\"width:auto;height:600px\" srcset=\"https:\/\/schoenstatt.com\/wp-content\/uploads\/2025\/05\/Volunteers-in-Belmonte.jpg 900w, https:\/\/schoenstatt.com\/wp-content\/uploads\/2025\/05\/Volunteers-in-Belmonte-768x1208.jpg 768w\" sizes=\"(max-width: 900px) 100vw, 900px\" \/><figcaption class=\"wp-element-caption\">Die bildende K\u00fcnstlerin Luzia Petrocchi ist f\u00fcr die Dekoration des \u201eKronensaal&#8220; verantwortlich.<\/figcaption><\/figure>\n\n\n\n<p>Das junge Ehepaar <strong>Maria Eduarda Petrocchi und F\u00e1bio Teixeira Ribeiro<\/strong> hat verschiedene Aufgaben \u00fcbernommen, darunter die Betreuung der Pilger, die Logistik und die Sicherheit der Veranstaltung. Mit dabei ist auch der kleine Pedro, gerade einmal f\u00fcnf Monate alt, der damit der j\u00fcngste&nbsp;Sch\u00f6nst\u00e4tter ist, der an den Vorbereitungen beteiligt ist.<\/p>\n\n\n\n<p>Maria Eduarda sagt:&nbsp;<em>\u201eEs war eine einzigartige Erfahrung, an diesem besonderen Tag der Kr\u00f6nung und auch in diesem Jubil\u00e4umsjahr im Heiligtum zu sein und bei der Begr\u00fc\u00dfung der Pilger und den Vorbereitungen f\u00fcr den Tag der Kr\u00f6nung mithelfen zu k\u00f6nnen. Belmonte ist auf ganz besondere Weise Teil unseres Lebens. Seit wir 2018 die Gelegenheit hatten, das Heiligtum zu besuchen, f\u00fchlen wir uns dort wie zu Hause. Mein Mann und ich waren damals noch verlobt. Damals kam die Idee auf, in Rom in einer Kirche in der N\u00e4he des Heiligtums zu heiraten, aber die Gottesmutter \u00fcberraschte uns und wir hatten die Gnade, im Heiligtum heiraten zu k\u00f6nnen (weil die Kirche renoviert wurde). Wir geh\u00f6rten bereits zu Sch\u00f6nstatt, aber seitdem ist unsere Verbindung zur Bewegung in unserer Pfarrei noch gewachsen. Heute sind wir Koordinatoren des Apostolats der Pilgernden Gottesmutter.\u201d<\/em><\/p>\n\n\n\n<figure class=\"wp-block-image aligncenter size-full is-resized\"><img decoding=\"async\" width=\"900\" height=\"1426\" src=\"https:\/\/schoenstatt.com\/wp-content\/uploads\/2025\/05\/Volunteers-in-Belmonte-3.jpg\" alt=\"\" class=\"wp-image-57855\" style=\"width:auto;height:600px\" srcset=\"https:\/\/schoenstatt.com\/wp-content\/uploads\/2025\/05\/Volunteers-in-Belmonte-3.jpg 900w, https:\/\/schoenstatt.com\/wp-content\/uploads\/2025\/05\/Volunteers-in-Belmonte-3-768x1217.jpg 768w\" sizes=\"(max-width: 900px) 100vw, 900px\" \/><figcaption class=\"wp-element-caption\">Maria Eduarda, F\u00e1bio und der kleine Pedro<\/figcaption><\/figure>\n\n\n\n<h3 class=\"wp-block-heading\" id=\"h-polen-im-dienste-belmontes\"><strong>Polen im Dienste Belmontes<\/strong><\/h3>\n\n\n\n<p>Die Polen <strong>Margarete und Heinrich Gwozdz<\/strong> leben seit \u00fcber 40 Jahren in Essen (Nordrhein-Westfalen, Deutschland).<\/p>\n\n\n\n<p>Das Ehepaar, das seit 2010 zur Sch\u00f6nstattbewegung geh\u00f6rt und derzeit Mitglied der Familienbewegung ist, erz\u00e4hlt: \u201eWir haben Belmonte vor 10 Jahren w\u00e4hrend einer Pilgerreise nach Rom kennengelernt. Als wir erfuhren, dass es die M\u00f6glichkeit gibt, als Freiwillige zu arbeiten, waren wir interessiert, haben uns beworben und wurden angenommen. Wir haben uns f\u00fcr zwei Monate verpflichtet.\u201c<\/p>\n\n\n\n<p>Das Ehepaar Gwozdz berichtet von seinen Erfahrungen als Freiwillige: \u201eWir wurden sehr herzlich aufgenommen und werden die N\u00e4he zum Heiligtum und zur Gottesmutter vermissen. Wir haben schon viele nette Menschen kennengelernt und f\u00fchlen uns trotz der Sprachbarriere in dieser internationalen Sch\u00f6nstattfamilie wie zu Hause.\u201c<\/p>\n\n\n\n<figure class=\"wp-block-image aligncenter size-full is-resized\"><img decoding=\"async\" width=\"1162\" height=\"1502\" src=\"https:\/\/schoenstatt.com\/wp-content\/uploads\/2025\/05\/Volunteers-in-Belmonte-Margarete-and-Heinrich-Gwozdz.jpg\" alt=\"\" class=\"wp-image-58209\" style=\"width:auto;height:600px\" srcset=\"https:\/\/schoenstatt.com\/wp-content\/uploads\/2025\/05\/Volunteers-in-Belmonte-Margarete-and-Heinrich-Gwozdz.jpg 1162w, https:\/\/schoenstatt.com\/wp-content\/uploads\/2025\/05\/Volunteers-in-Belmonte-Margarete-and-Heinrich-Gwozdz-768x993.jpg 768w\" sizes=\"(max-width: 1162px) 100vw, 1162px\" \/><figcaption class=\"wp-element-caption\">Margarete und Heinrich Gwozdz<\/figcaption><\/figure>\n\n\n\n<p>Die Polen haben geholfen, indem sie sich um die Pilger gek\u00fcmmert, das Heiligtum und seine Umgebung gereinigt und instand gehalten, Wache gestanden, die T\u00fcren ge\u00f6ffnet und geschlossen haben&#8230; \u201eWir tun tats\u00e4chlich alles, was wir k\u00f6nnen und wo wir helfen k\u00f6nnen. Wir erleben wunderbare Momente, sammeln neue Erfahrungen, lernen neue Menschen, Orte und Sehensw\u00fcrdigkeiten hier in Belmonte und auch in Rom kennen. All das werden wir mitnehmen, davon profitieren und an andere weitergeben. Das ist erst der Anfang, es sind erst zwei Wochen vergangen, aber wir haben noch einige vor uns.\u201c<\/p>\n\n\n\n<h3 class=\"wp-block-heading\" id=\"h-warten-auf-den-grossen-tag\"><strong>Warten auf den gro\u00dfen Tag<\/strong><\/h3>\n\n\n\n<p>W\u00e4hrend dieser Tage des Wartens und der Vorbereitungen sagt Maria Eduarda Petrocchi, dass ihr \u201edie Ruhe und die Liebe Gottes, die das Heiligtum und alle Menschen, die dorthin kommen, umgeben\u201c, am meisten auffallen. Sie erkl\u00e4rt: \u201eEs ist, als w\u00fcrde in allen der Wunsch geweckt, der Jungfrau Maria zu dienen und sich von ihr lieben zu lassen. Es gibt viele Freiwillige aus verschiedenen Kulturen und mit unterschiedlichen Sprachen, aber wenn sie im Heiligtum sind, verstehen sie sich alle mit dem gleichen Ziel: f\u00fcr die Mutter ein wenig von dem zu tun, was sie f\u00fcr jeden von uns tut.\u201c<\/p>\n\n\n\n<figure class=\"wp-block-image aligncenter size-full\"><img loading=\"lazy\" decoding=\"async\" width=\"1600\" height=\"1156\" src=\"https:\/\/schoenstatt.com\/wp-content\/uploads\/2025\/05\/Volunteers-in-Belmonte-2.jpg\" alt=\"\" class=\"wp-image-57860\" srcset=\"https:\/\/schoenstatt.com\/wp-content\/uploads\/2025\/05\/Volunteers-in-Belmonte-2.jpg 1600w, https:\/\/schoenstatt.com\/wp-content\/uploads\/2025\/05\/Volunteers-in-Belmonte-2-768x555.jpg 768w, https:\/\/schoenstatt.com\/wp-content\/uploads\/2025\/05\/Volunteers-in-Belmonte-2-1536x1110.jpg 1536w\" sizes=\"(max-width: 1600px) 100vw, 1600px\" \/><\/figure>\n\n\n\n<p>Zu ihren Erwartungen f\u00fcr den 9. Juni sagt sie:&nbsp;<em>\u201eIch bin sehr aufgeregt, diese einzigartige Erfahrung mit vielen Mitgliedern der Bewegung aus aller Welt zu machen. Ich glaube, dass die Kr\u00f6nung der Gottesmutter zur K\u00f6nigin unseres Lebens uns sicherlich einen neuen Sinn und neuen Mut gibt, mit mehr Glauben in unsere H\u00e4user und Gemeinden zur\u00fcckzukehren und so lebendige Zeugen der gro\u00dfen Liebe unserer Mutter zu uns durch die vielen Gnaden zu sein, die wir empfangen haben.\u201c<\/em><\/p>\n\n\n\n<p>Die internationale Kr\u00f6nung wird live auf dem Kanal <strong>Sch\u00f6nstatt TV<\/strong> \u00fcbertragen&nbsp;\u2014<a href=\"https:\/\/www.youtube.com\/channel\/UCTq-GjjxWbSXr_-6d-F6U9A\" target=\"_blank\" rel=\"noreferrer noopener\">klicken Sie hier<\/a>. Weitere Informationen und Neuigkeiten finden Sie unter dem folgenden Link:<\/p>\n\n\n\n<div class=\"wp-block-buttons is-content-justification-center is-layout-flex wp-container-core-buttons-is-layout-a89b3969 wp-block-buttons-is-layout-flex\">\n<div class=\"wp-block-button\"><a class=\"wp-block-button__link has-white-color has-text-color has-background has-link-color wp-element-button\" href=\"https:\/\/schoenstatt.com\/de\/internationale-kroenung-in-belmonte\/\" style=\"background-color:#cd5f04\"><strong>Internationale Kr\u00f6nung<\/strong><\/a><\/div>\n<\/div>\n\n\n\n<p><strong>\u00dcbersetzung<\/strong>: deepl<br><strong>Lektorat<\/strong>: Hildegard Kaiser<\/p>\n","protected":false},"excerpt":{"rendered":"<p>\u201eWir arbeiten mit aller Kraft f\u00fcr die Kr\u00f6nung\u201c, sagen die Freiwilligen, die derzeit in Belmonte mitarbeiten.<\/p>\n","protected":false},"author":3,"featured_media":57861,"comment_status":"closed","ping_status":"closed","sticky":false,"template":"","format":"standard","meta":{"footnotes":""},"categories":[660],"tags":[1290],"class_list":["post-58221","post","type-post","status-publish","format-standard","has-post-thumbnail","hentry","category-veranstaltungen-de","tag-belmonte-rom-de"],"yoast_head":"<!-- This site is optimized with the Yoast SEO Premium plugin v27.4 (Yoast SEO v27.4) - https:\/\/yoast.com\/product\/yoast-seo-premium-wordpress\/ -->\n<title>Die Freiwilligen von Belmonte bereiten sich auf die internationale Kr\u00f6nung vor<\/title>\n<meta name=\"description\" content=\"\u201eWir arbeiten mit aller Kraft f\u00fcr die Kr\u00f6nung\u201c, sagen die Freiwilligen, die derzeit in Belmonte mitarbeiten.\" \/>\n<meta name=\"robots\" content=\"index, follow, max-snippet:-1, max-image-preview:large, max-video-preview:-1\" \/>\n<link rel=\"canonical\" href=\"https:\/\/schoenstatt.com\/de\/die-freiwilligen-von-belmonte-bereiten-sich-auf-die-internationale-kroenung-vor\/\" \/>\n<meta property=\"og:locale\" content=\"de_DE\" \/>\n<meta property=\"og:type\" content=\"article\" \/>\n<meta property=\"og:title\" content=\"Die Freiwilligen von Belmonte bereiten sich auf die internationale Kr\u00f6nung vor\" \/>\n<meta property=\"og:description\" content=\"\u201eWir arbeiten mit aller Kraft f\u00fcr die Kr\u00f6nung\u201c, sagen die Freiwilligen, die derzeit in Belmonte mitarbeiten.\" \/>\n<meta property=\"og:url\" content=\"https:\/\/schoenstatt.com\/de\/die-freiwilligen-von-belmonte-bereiten-sich-auf-die-internationale-kroenung-vor\/\" \/>\n<meta property=\"og:site_name\" content=\"Schoenstatt\" \/>\n<meta property=\"article:published_time\" content=\"2025-05-27T12:04:53+00:00\" \/>\n<meta property=\"article:modified_time\" content=\"2025-08-19T00:48:47+00:00\" \/>\n<meta property=\"og:image\" content=\"https:\/\/schoenstatt.com\/wp-content\/uploads\/2025\/05\/Volunteers-in-Belmonte-2.jpg\" \/>\n\t<meta property=\"og:image:width\" content=\"1600\" \/>\n\t<meta property=\"og:image:height\" content=\"1156\" \/>\n\t<meta property=\"og:image:type\" content=\"image\/jpeg\" \/>\n<meta name=\"author\" content=\"Karen Bueno\" \/>\n<meta name=\"twitter:card\" content=\"summary_large_image\" \/>\n<meta name=\"twitter:label1\" content=\"Verfasst von\" \/>\n\t<meta name=\"twitter:data1\" content=\"Karen Bueno\" \/>\n\t<meta name=\"twitter:label2\" content=\"Gesch\u00e4tzte Lesezeit\" \/>\n\t<meta name=\"twitter:data2\" content=\"5\u00a0Minuten\" \/>\n<script type=\"application\/ld+json\" class=\"yoast-schema-graph\">{\"@context\":\"https:\\\/\\\/schema.org\",\"@graph\":[{\"@type\":\"Article\",\"@id\":\"https:\\\/\\\/schoenstatt.com\\\/de\\\/die-freiwilligen-von-belmonte-bereiten-sich-auf-die-internationale-kroenung-vor\\\/#article\",\"isPartOf\":{\"@id\":\"https:\\\/\\\/schoenstatt.com\\\/de\\\/die-freiwilligen-von-belmonte-bereiten-sich-auf-die-internationale-kroenung-vor\\\/\"},\"author\":{\"name\":\"Karen Bueno\",\"@id\":\"https:\\\/\\\/schoenstatt.com\\\/de\\\/#\\\/schema\\\/person\\\/5158877ad4acae98b34daaeef2a1ce6e\"},\"headline\":\"Die Freiwilligen von Belmonte bereiten sich auf die internationale Kr\u00f6nung vor\",\"datePublished\":\"2025-05-27T12:04:53+00:00\",\"dateModified\":\"2025-08-19T00:48:47+00:00\",\"mainEntityOfPage\":{\"@id\":\"https:\\\/\\\/schoenstatt.com\\\/de\\\/die-freiwilligen-von-belmonte-bereiten-sich-auf-die-internationale-kroenung-vor\\\/\"},\"wordCount\":849,\"publisher\":{\"@id\":\"https:\\\/\\\/schoenstatt.com\\\/de\\\/#organization\"},\"image\":{\"@id\":\"https:\\\/\\\/schoenstatt.com\\\/de\\\/die-freiwilligen-von-belmonte-bereiten-sich-auf-die-internationale-kroenung-vor\\\/#primaryimage\"},\"thumbnailUrl\":\"https:\\\/\\\/schoenstatt.com\\\/wp-content\\\/uploads\\\/2025\\\/05\\\/Volunteers-in-Belmonte-2.jpg\",\"keywords\":[\"Belmonte - Rom\"],\"articleSection\":[\"Veranstaltungen\"],\"inLanguage\":\"de\"},{\"@type\":\"WebPage\",\"@id\":\"https:\\\/\\\/schoenstatt.com\\\/de\\\/die-freiwilligen-von-belmonte-bereiten-sich-auf-die-internationale-kroenung-vor\\\/\",\"url\":\"https:\\\/\\\/schoenstatt.com\\\/de\\\/die-freiwilligen-von-belmonte-bereiten-sich-auf-die-internationale-kroenung-vor\\\/\",\"name\":\"Die Freiwilligen von Belmonte bereiten sich auf die internationale Kr\u00f6nung vor\",\"isPartOf\":{\"@id\":\"https:\\\/\\\/schoenstatt.com\\\/de\\\/#website\"},\"primaryImageOfPage\":{\"@id\":\"https:\\\/\\\/schoenstatt.com\\\/de\\\/die-freiwilligen-von-belmonte-bereiten-sich-auf-die-internationale-kroenung-vor\\\/#primaryimage\"},\"image\":{\"@id\":\"https:\\\/\\\/schoenstatt.com\\\/de\\\/die-freiwilligen-von-belmonte-bereiten-sich-auf-die-internationale-kroenung-vor\\\/#primaryimage\"},\"thumbnailUrl\":\"https:\\\/\\\/schoenstatt.com\\\/wp-content\\\/uploads\\\/2025\\\/05\\\/Volunteers-in-Belmonte-2.jpg\",\"datePublished\":\"2025-05-27T12:04:53+00:00\",\"dateModified\":\"2025-08-19T00:48:47+00:00\",\"description\":\"\u201eWir arbeiten mit aller Kraft f\u00fcr die Kr\u00f6nung\u201c, sagen die Freiwilligen, die derzeit in Belmonte mitarbeiten.\",\"breadcrumb\":{\"@id\":\"https:\\\/\\\/schoenstatt.com\\\/de\\\/die-freiwilligen-von-belmonte-bereiten-sich-auf-die-internationale-kroenung-vor\\\/#breadcrumb\"},\"inLanguage\":\"de\",\"potentialAction\":[{\"@type\":\"ReadAction\",\"target\":[\"https:\\\/\\\/schoenstatt.com\\\/de\\\/die-freiwilligen-von-belmonte-bereiten-sich-auf-die-internationale-kroenung-vor\\\/\"]}]},{\"@type\":\"ImageObject\",\"inLanguage\":\"de\",\"@id\":\"https:\\\/\\\/schoenstatt.com\\\/de\\\/die-freiwilligen-von-belmonte-bereiten-sich-auf-die-internationale-kroenung-vor\\\/#primaryimage\",\"url\":\"https:\\\/\\\/schoenstatt.com\\\/wp-content\\\/uploads\\\/2025\\\/05\\\/Volunteers-in-Belmonte-2.jpg\",\"contentUrl\":\"https:\\\/\\\/schoenstatt.com\\\/wp-content\\\/uploads\\\/2025\\\/05\\\/Volunteers-in-Belmonte-2.jpg\",\"width\":1600,\"height\":1156},{\"@type\":\"BreadcrumbList\",\"@id\":\"https:\\\/\\\/schoenstatt.com\\\/de\\\/die-freiwilligen-von-belmonte-bereiten-sich-auf-die-internationale-kroenung-vor\\\/#breadcrumb\",\"itemListElement\":[{\"@type\":\"ListItem\",\"position\":1,\"name\":\"Portada\",\"item\":\"https:\\\/\\\/schoenstatt.com\\\/de\\\/home\\\/\"},{\"@type\":\"ListItem\",\"position\":2,\"name\":\"Die Freiwilligen von Belmonte bereiten sich auf die internationale Kr\u00f6nung vor\"}]},{\"@type\":\"WebSite\",\"@id\":\"https:\\\/\\\/schoenstatt.com\\\/de\\\/#website\",\"url\":\"https:\\\/\\\/schoenstatt.com\\\/de\\\/\",\"name\":\"Schoenstatt\",\"description\":\"Apostolic Movement\",\"publisher\":{\"@id\":\"https:\\\/\\\/schoenstatt.com\\\/de\\\/#organization\"},\"potentialAction\":[{\"@type\":\"SearchAction\",\"target\":{\"@type\":\"EntryPoint\",\"urlTemplate\":\"https:\\\/\\\/schoenstatt.com\\\/de\\\/?s={search_term_string}\"},\"query-input\":{\"@type\":\"PropertyValueSpecification\",\"valueRequired\":true,\"valueName\":\"search_term_string\"}}],\"inLanguage\":\"de\"},{\"@type\":\"Organization\",\"@id\":\"https:\\\/\\\/schoenstatt.com\\\/de\\\/#organization\",\"name\":\"Schoenstatt\",\"url\":\"https:\\\/\\\/schoenstatt.com\\\/de\\\/\",\"logo\":{\"@type\":\"ImageObject\",\"inLanguage\":\"de\",\"@id\":\"https:\\\/\\\/schoenstatt.com\\\/de\\\/#\\\/schema\\\/logo\\\/image\\\/\",\"url\":\"https:\\\/\\\/schoenstatt.com\\\/wp-content\\\/uploads\\\/2025\\\/04\\\/logo-schoenstatt-white-696x696-1.png\",\"contentUrl\":\"https:\\\/\\\/schoenstatt.com\\\/wp-content\\\/uploads\\\/2025\\\/04\\\/logo-schoenstatt-white-696x696-1.png\",\"width\":696,\"height\":694,\"caption\":\"Schoenstatt\"},\"image\":{\"@id\":\"https:\\\/\\\/schoenstatt.com\\\/de\\\/#\\\/schema\\\/logo\\\/image\\\/\"}},{\"@type\":\"Person\",\"@id\":\"https:\\\/\\\/schoenstatt.com\\\/de\\\/#\\\/schema\\\/person\\\/5158877ad4acae98b34daaeef2a1ce6e\",\"name\":\"Karen Bueno\",\"image\":{\"@type\":\"ImageObject\",\"inLanguage\":\"de\",\"@id\":\"https:\\\/\\\/secure.gravatar.com\\\/avatar\\\/f9f4b823873154269d2b2130f195f6d41037dd0d7fc5f3cacb5c846bae70d66b?s=96&d=mm&r=g\",\"url\":\"https:\\\/\\\/secure.gravatar.com\\\/avatar\\\/f9f4b823873154269d2b2130f195f6d41037dd0d7fc5f3cacb5c846bae70d66b?s=96&d=mm&r=g\",\"contentUrl\":\"https:\\\/\\\/secure.gravatar.com\\\/avatar\\\/f9f4b823873154269d2b2130f195f6d41037dd0d7fc5f3cacb5c846bae70d66b?s=96&d=mm&r=g\",\"caption\":\"Karen Bueno\"},\"url\":\"https:\\\/\\\/schoenstatt.com\\\/de\\\/author\\\/karen-bueno\\\/\"}]}<\/script>\n<!-- \/ Yoast SEO Premium plugin. -->","yoast_head_json":{"title":"Die Freiwilligen von Belmonte bereiten sich auf die internationale Kr\u00f6nung vor","description":"\u201eWir arbeiten mit aller Kraft f\u00fcr die Kr\u00f6nung\u201c, sagen die Freiwilligen, die derzeit in Belmonte mitarbeiten.","robots":{"index":"index","follow":"follow","max-snippet":"max-snippet:-1","max-image-preview":"max-image-preview:large","max-video-preview":"max-video-preview:-1"},"canonical":"https:\/\/schoenstatt.com\/de\/die-freiwilligen-von-belmonte-bereiten-sich-auf-die-internationale-kroenung-vor\/","og_locale":"de_DE","og_type":"article","og_title":"Die Freiwilligen von Belmonte bereiten sich auf die internationale Kr\u00f6nung vor","og_description":"\u201eWir arbeiten mit aller Kraft f\u00fcr die Kr\u00f6nung\u201c, sagen die Freiwilligen, die derzeit in Belmonte mitarbeiten.","og_url":"https:\/\/schoenstatt.com\/de\/die-freiwilligen-von-belmonte-bereiten-sich-auf-die-internationale-kroenung-vor\/","og_site_name":"Schoenstatt","article_published_time":"2025-05-27T12:04:53+00:00","article_modified_time":"2025-08-19T00:48:47+00:00","og_image":[{"width":1600,"height":1156,"url":"https:\/\/schoenstatt.com\/wp-content\/uploads\/2025\/05\/Volunteers-in-Belmonte-2.jpg","type":"image\/jpeg"}],"author":"Karen Bueno","twitter_card":"summary_large_image","twitter_misc":{"Verfasst von":"Karen Bueno","Gesch\u00e4tzte Lesezeit":"5\u00a0Minuten"},"schema":{"@context":"https:\/\/schema.org","@graph":[{"@type":"Article","@id":"https:\/\/schoenstatt.com\/de\/die-freiwilligen-von-belmonte-bereiten-sich-auf-die-internationale-kroenung-vor\/#article","isPartOf":{"@id":"https:\/\/schoenstatt.com\/de\/die-freiwilligen-von-belmonte-bereiten-sich-auf-die-internationale-kroenung-vor\/"},"author":{"name":"Karen Bueno","@id":"https:\/\/schoenstatt.com\/de\/#\/schema\/person\/5158877ad4acae98b34daaeef2a1ce6e"},"headline":"Die Freiwilligen von Belmonte bereiten sich auf die internationale Kr\u00f6nung vor","datePublished":"2025-05-27T12:04:53+00:00","dateModified":"2025-08-19T00:48:47+00:00","mainEntityOfPage":{"@id":"https:\/\/schoenstatt.com\/de\/die-freiwilligen-von-belmonte-bereiten-sich-auf-die-internationale-kroenung-vor\/"},"wordCount":849,"publisher":{"@id":"https:\/\/schoenstatt.com\/de\/#organization"},"image":{"@id":"https:\/\/schoenstatt.com\/de\/die-freiwilligen-von-belmonte-bereiten-sich-auf-die-internationale-kroenung-vor\/#primaryimage"},"thumbnailUrl":"https:\/\/schoenstatt.com\/wp-content\/uploads\/2025\/05\/Volunteers-in-Belmonte-2.jpg","keywords":["Belmonte - Rom"],"articleSection":["Veranstaltungen"],"inLanguage":"de"},{"@type":"WebPage","@id":"https:\/\/schoenstatt.com\/de\/die-freiwilligen-von-belmonte-bereiten-sich-auf-die-internationale-kroenung-vor\/","url":"https:\/\/schoenstatt.com\/de\/die-freiwilligen-von-belmonte-bereiten-sich-auf-die-internationale-kroenung-vor\/","name":"Die Freiwilligen von Belmonte bereiten sich auf die internationale Kr\u00f6nung vor","isPartOf":{"@id":"https:\/\/schoenstatt.com\/de\/#website"},"primaryImageOfPage":{"@id":"https:\/\/schoenstatt.com\/de\/die-freiwilligen-von-belmonte-bereiten-sich-auf-die-internationale-kroenung-vor\/#primaryimage"},"image":{"@id":"https:\/\/schoenstatt.com\/de\/die-freiwilligen-von-belmonte-bereiten-sich-auf-die-internationale-kroenung-vor\/#primaryimage"},"thumbnailUrl":"https:\/\/schoenstatt.com\/wp-content\/uploads\/2025\/05\/Volunteers-in-Belmonte-2.jpg","datePublished":"2025-05-27T12:04:53+00:00","dateModified":"2025-08-19T00:48:47+00:00","description":"\u201eWir arbeiten mit aller Kraft f\u00fcr die Kr\u00f6nung\u201c, sagen die Freiwilligen, die derzeit in Belmonte mitarbeiten.","breadcrumb":{"@id":"https:\/\/schoenstatt.com\/de\/die-freiwilligen-von-belmonte-bereiten-sich-auf-die-internationale-kroenung-vor\/#breadcrumb"},"inLanguage":"de","potentialAction":[{"@type":"ReadAction","target":["https:\/\/schoenstatt.com\/de\/die-freiwilligen-von-belmonte-bereiten-sich-auf-die-internationale-kroenung-vor\/"]}]},{"@type":"ImageObject","inLanguage":"de","@id":"https:\/\/schoenstatt.com\/de\/die-freiwilligen-von-belmonte-bereiten-sich-auf-die-internationale-kroenung-vor\/#primaryimage","url":"https:\/\/schoenstatt.com\/wp-content\/uploads\/2025\/05\/Volunteers-in-Belmonte-2.jpg","contentUrl":"https:\/\/schoenstatt.com\/wp-content\/uploads\/2025\/05\/Volunteers-in-Belmonte-2.jpg","width":1600,"height":1156},{"@type":"BreadcrumbList","@id":"https:\/\/schoenstatt.com\/de\/die-freiwilligen-von-belmonte-bereiten-sich-auf-die-internationale-kroenung-vor\/#breadcrumb","itemListElement":[{"@type":"ListItem","position":1,"name":"Portada","item":"https:\/\/schoenstatt.com\/de\/home\/"},{"@type":"ListItem","position":2,"name":"Die Freiwilligen von Belmonte bereiten sich auf die internationale Kr\u00f6nung vor"}]},{"@type":"WebSite","@id":"https:\/\/schoenstatt.com\/de\/#website","url":"https:\/\/schoenstatt.com\/de\/","name":"Schoenstatt","description":"Apostolic Movement","publisher":{"@id":"https:\/\/schoenstatt.com\/de\/#organization"},"potentialAction":[{"@type":"SearchAction","target":{"@type":"EntryPoint","urlTemplate":"https:\/\/schoenstatt.com\/de\/?s={search_term_string}"},"query-input":{"@type":"PropertyValueSpecification","valueRequired":true,"valueName":"search_term_string"}}],"inLanguage":"de"},{"@type":"Organization","@id":"https:\/\/schoenstatt.com\/de\/#organization","name":"Schoenstatt","url":"https:\/\/schoenstatt.com\/de\/","logo":{"@type":"ImageObject","inLanguage":"de","@id":"https:\/\/schoenstatt.com\/de\/#\/schema\/logo\/image\/","url":"https:\/\/schoenstatt.com\/wp-content\/uploads\/2025\/04\/logo-schoenstatt-white-696x696-1.png","contentUrl":"https:\/\/schoenstatt.com\/wp-content\/uploads\/2025\/04\/logo-schoenstatt-white-696x696-1.png","width":696,"height":694,"caption":"Schoenstatt"},"image":{"@id":"https:\/\/schoenstatt.com\/de\/#\/schema\/logo\/image\/"}},{"@type":"Person","@id":"https:\/\/schoenstatt.com\/de\/#\/schema\/person\/5158877ad4acae98b34daaeef2a1ce6e","name":"Karen Bueno","image":{"@type":"ImageObject","inLanguage":"de","@id":"https:\/\/secure.gravatar.com\/avatar\/f9f4b823873154269d2b2130f195f6d41037dd0d7fc5f3cacb5c846bae70d66b?s=96&d=mm&r=g","url":"https:\/\/secure.gravatar.com\/avatar\/f9f4b823873154269d2b2130f195f6d41037dd0d7fc5f3cacb5c846bae70d66b?s=96&d=mm&r=g","contentUrl":"https:\/\/secure.gravatar.com\/avatar\/f9f4b823873154269d2b2130f195f6d41037dd0d7fc5f3cacb5c846bae70d66b?s=96&d=mm&r=g","caption":"Karen Bueno"},"url":"https:\/\/schoenstatt.com\/de\/author\/karen-bueno\/"}]}},"_links":{"self":[{"href":"https:\/\/schoenstatt.com\/de\/wp-json\/wp\/v2\/posts\/58221","targetHints":{"allow":["GET"]}}],"collection":[{"href":"https:\/\/schoenstatt.com\/de\/wp-json\/wp\/v2\/posts"}],"about":[{"href":"https:\/\/schoenstatt.com\/de\/wp-json\/wp\/v2\/types\/post"}],"author":[{"embeddable":true,"href":"https:\/\/schoenstatt.com\/de\/wp-json\/wp\/v2\/users\/3"}],"replies":[{"embeddable":true,"href":"https:\/\/schoenstatt.com\/de\/wp-json\/wp\/v2\/comments?post=58221"}],"version-history":[{"count":13,"href":"https:\/\/schoenstatt.com\/de\/wp-json\/wp\/v2\/posts\/58221\/revisions"}],"predecessor-version":[{"id":62506,"href":"https:\/\/schoenstatt.com\/de\/wp-json\/wp\/v2\/posts\/58221\/revisions\/62506"}],"wp:featuredmedia":[{"embeddable":true,"href":"https:\/\/schoenstatt.com\/de\/wp-json\/wp\/v2\/media\/57861"}],"wp:attachment":[{"href":"https:\/\/schoenstatt.com\/de\/wp-json\/wp\/v2\/media?parent=58221"}],"wp:term":[{"taxonomy":"category","embeddable":true,"href":"https:\/\/schoenstatt.com\/de\/wp-json\/wp\/v2\/categories?post=58221"},{"taxonomy":"post_tag","embeddable":true,"href":"https:\/\/schoenstatt.com\/de\/wp-json\/wp\/v2\/tags?post=58221"}],"curies":[{"name":"wp","href":"https:\/\/api.w.org\/{rel}","templated":true}]}}