{"id":57600,"date":"2025-05-23T17:44:37","date_gmt":"2025-05-23T15:44:37","guid":{"rendered":"https:\/\/schoenstatt.com\/?p=57600"},"modified":"2025-08-18T17:16:38","modified_gmt":"2025-08-18T15:16:38","slug":"kardinaele-sollen-im-juni-die-seligsprechung-von-joao-luiz-pozzobon-pruefen","status":"publish","type":"post","link":"https:\/\/schoenstatt.com\/de\/kardinaele-sollen-im-juni-die-seligsprechung-von-joao-luiz-pozzobon-pruefen\/","title":{"rendered":"Kardin\u00e4le sollen im Juni die Seligsprechung von Jo\u00e3o Luiz Pozzobon pr\u00fcfen"},"content":{"rendered":"\n<p><strong>Die ordentliche Sitzung der Kommission aus Bisch\u00f6fen und Kardin\u00e4len ist vorl\u00e4ufig f\u00fcr den 17. Juni angesetzt worden.<\/strong><\/p>\n\n\n\n<p>In dieser Sitzung beginnt die Phase der Pr\u00fcfung und Diskussion \u00fcber das Leben, die heroischen Tugenden und den Ruf der Heiligkeit des Dieners Gottes, Diakon <a href=\"https:\/\/www.joaoluizpozzobon.com.br\/\">Jo\u00e3o Luiz Pozzobon<\/a>. <strong>Am Ende dieser Phase, nach Abschluss aller Studien, kann das Verfahren \u2013 sofern das Urteil positiv ausf\u00e4llt \u2013 Papst Leo XIV. vorgelegt werden.<\/strong><\/p>\n\n\n\n<p><em>\u201eDies ist der Beginn einer neuen, sehr wichtigen Phase f\u00fcr die Causa, gem\u00e4\u00df den Kriterien und Zeiten der Kirche, die den Prozess mit Vorsicht und Unterscheidungsverm\u00f6gen f\u00fchrt\u201c<\/em>, erkl\u00e4rt der Vizepostulator des Seligsprechungsprozesses, Pater Vitor Hugo Possetti (ISch).<\/p>\n\n\n\n<p>Auch der <a href=\"https:\/\/schoenstatt.com\/de\/der-erzbischof-von-santa-maria-spricht-ueber-den-prozess-der-seligsprechung-von-joao-pozzobon\/\">Erzbischof von Santa Maria<\/a>, Dom Leomar Brustolin, zeigte sich erfreut \u00fcber den Fortschritt des Verfahrens.<\/p>\n\n\n\n<p><em>\u201eWir haben das positive Votum der Theologischen Kommission des Heiligen Stuhls \u00fcber das Leben und Wirken von Jo\u00e3o Luiz Pozzobon mit gro\u00dfer Freude und Hoffnung erhalten. Nun erwarten wir im Glauben die Entscheidung der Kardin\u00e4le und Bisch\u00f6fe des Dikasteriums f\u00fcr die Selig- und Heiligsprechungsprozesse, die die n\u00e4chsten Schritte bestimmen wird.\u201c<\/em><\/p>\n\n\n\n<p>In diesem Zusammenhang bat <strong>Pater Vitor um verst\u00e4rkte Gebete<\/strong> und stellte klar, dass diese Sitzung nicht die letzte Etappe des Verfahrens ist und es einige Zeit dauern k\u00f6nne, bis alle Studien abgeschlossen seien \u2013 ohne dass es eine festgelegte Frist gebe.<\/p>\n\n\n\n<p><em>\u201eDeshalb laden wir mit gro\u00dfer Freude und Gelassenheit alle ein, sich im Gebet zu vereinen, damit der Heilige Geist die Arbeit der Mitglieder des Dikasteriums in dieser neuen Phase leitet und erleuchtet.\u201c<\/em><\/p>\n\n\n\n<figure class=\"wp-block-image size-full\"><img fetchpriority=\"high\" decoding=\"async\" width=\"2048\" height=\"1127\" src=\"https:\/\/schoenstatt.com\/wp-content\/uploads\/2025\/05\/Joao-Luiz-Pozzobon-Roma.jpg\" alt=\"\" class=\"wp-image-57585\" srcset=\"https:\/\/schoenstatt.com\/wp-content\/uploads\/2025\/05\/Joao-Luiz-Pozzobon-Roma.jpg 2048w, https:\/\/schoenstatt.com\/wp-content\/uploads\/2025\/05\/Joao-Luiz-Pozzobon-Roma-768x423.jpg 768w, https:\/\/schoenstatt.com\/wp-content\/uploads\/2025\/05\/Joao-Luiz-Pozzobon-Roma-1536x845.jpg 1536w\" sizes=\"(max-width: 2048px) 100vw, 2048px\" \/><\/figure>\n\n\n\n<h3 class=\"wp-block-heading\" id=\"h-ein-mit-spannung-erwartetes-datum\">Ein mit Spannung erwartetes Datum<\/h3>\n\n\n\n<p>Am 4. M\u00e4rz erhielt der Seligsprechungsprozess ein positives Gutachten der Theologenkommission, die ihn im Februar gepr\u00fcft hatte. Seitdem warten die Gl\u00e4ubigen des Dieners Gottes auf die Ansetzung der Sitzung der Bisch\u00f6fe und Kardin\u00e4le, die den Prozess in dieser neuen Instanz bewerten werden.<\/p>\n\n\n\n<p>In der n\u00e4chsten Phase, sofern der Prozess weitergeht, liegt das letzte Wort \u00fcber die heroischen Tugenden beim Papst. Wenn er die bisherigen Urteile best\u00e4tigt, kann er das Dekret zur Anerkennung der Heroizit\u00e4t der Tugenden genehmigen und den Diener Gottes zum <strong>\u201eEhrw\u00fcrdigen\u201c<\/strong> erkl\u00e4ren.<\/p>\n\n\n\n<p><strong>Gleichzeitig pr\u00fcft das Dikasterium f\u00fcr die Selig- und Heiligsprechungsprozesse ein m\u00f6gliches Wunder, das durch die F\u00fcrsprache Pozzobons geschehen ist. <\/strong>Das im Februar er\u00f6ffnete Verfahren befindet sich derzeit in der Vorpr\u00fcfung durch Experten.<\/p>\n\n\n\n<p><strong>\u00dcbersetzung:<\/strong> Sr. M. Lourdes Mac\u00edas<br><strong>Lektorat:<\/strong> Hildegard Kaiser<\/p>\n","protected":false},"excerpt":{"rendered":"<p>Der Seligsprechungsprozess von Jo\u00e3o Luiz Pozzobon wird am 17. Juni von den Kardin\u00e4len gepr\u00fcft. Beten wir in dieser Absicht!<\/p>\n","protected":false},"author":3,"featured_media":57587,"comment_status":"closed","ping_status":"closed","sticky":false,"template":"","format":"standard","meta":{"footnotes":""},"categories":[902,886],"tags":[1086,1039,1133,952],"class_list":["post-57600","post","type-post","status-publish","format-standard","has-post-thumbnail","hentry","category-pilgerheiligtum-de","category-schoenstatt-helden-de","tag-apostolat-der-pilgernden-gottesmutter-de","tag-joao-luiz-pozzobon-de","tag-schonstatt-brasilien-de","tag-seligsprechungsprozess-de"],"yoast_head":"<!-- This site is optimized with the Yoast SEO Premium plugin v27.4 (Yoast SEO v27.5) - https:\/\/yoast.com\/product\/yoast-seo-premium-wordpress\/ -->\n<title>Kardin\u00e4le sollen im Juni die Seligsprechung von Jo\u00e3o Luiz Pozzobon pr\u00fcfen<\/title>\n<meta name=\"description\" content=\"Der Seligsprechungsprozess von Jo\u00e3o Luiz Pozzobon wird am 17. Juni von den Kardin\u00e4len gepr\u00fcft. Beten wir in dieser Absicht!\" \/>\n<meta name=\"robots\" content=\"index, follow, max-snippet:-1, max-image-preview:large, max-video-preview:-1\" \/>\n<link rel=\"canonical\" href=\"https:\/\/schoenstatt.com\/de\/kardinaele-sollen-im-juni-die-seligsprechung-von-joao-luiz-pozzobon-pruefen\/\" \/>\n<meta property=\"og:locale\" content=\"de_DE\" \/>\n<meta property=\"og:type\" content=\"article\" \/>\n<meta property=\"og:title\" content=\"Kardin\u00e4le sollen im Juni die Seligsprechung von Jo\u00e3o Luiz Pozzobon pr\u00fcfen\" \/>\n<meta property=\"og:description\" content=\"Der Seligsprechungsprozess von Jo\u00e3o Luiz Pozzobon wird am 17. Juni von den Kardin\u00e4len gepr\u00fcft. Beten wir in dieser Absicht!\" \/>\n<meta property=\"og:url\" content=\"https:\/\/schoenstatt.com\/de\/kardinaele-sollen-im-juni-die-seligsprechung-von-joao-luiz-pozzobon-pruefen\/\" \/>\n<meta property=\"og:site_name\" content=\"Schoenstatt\" \/>\n<meta property=\"article:published_time\" content=\"2025-05-23T15:44:37+00:00\" \/>\n<meta property=\"article:modified_time\" content=\"2025-08-18T15:16:38+00:00\" \/>\n<meta property=\"og:image\" content=\"https:\/\/schoenstatt.com\/wp-content\/uploads\/2025\/05\/Joao-Luiz-Pozzobon-Roma.jpg\" \/>\n\t<meta property=\"og:image:width\" content=\"2048\" \/>\n\t<meta property=\"og:image:height\" content=\"1127\" \/>\n\t<meta property=\"og:image:type\" content=\"image\/jpeg\" \/>\n<meta name=\"author\" content=\"Karen Bueno\" \/>\n<meta name=\"twitter:card\" content=\"summary_large_image\" \/>\n<meta name=\"twitter:label1\" content=\"Verfasst von\" \/>\n\t<meta name=\"twitter:data1\" content=\"Karen Bueno\" \/>\n\t<meta name=\"twitter:label2\" content=\"Gesch\u00e4tzte Lesezeit\" \/>\n\t<meta name=\"twitter:data2\" content=\"3\u00a0Minuten\" \/>\n<script type=\"application\/ld+json\" class=\"yoast-schema-graph\">{\"@context\":\"https:\\\/\\\/schema.org\",\"@graph\":[{\"@type\":\"Article\",\"@id\":\"https:\\\/\\\/schoenstatt.com\\\/de\\\/kardinaele-sollen-im-juni-die-seligsprechung-von-joao-luiz-pozzobon-pruefen\\\/#article\",\"isPartOf\":{\"@id\":\"https:\\\/\\\/schoenstatt.com\\\/de\\\/kardinaele-sollen-im-juni-die-seligsprechung-von-joao-luiz-pozzobon-pruefen\\\/\"},\"author\":{\"name\":\"Karen Bueno\",\"@id\":\"https:\\\/\\\/schoenstatt.com\\\/de\\\/#\\\/schema\\\/person\\\/5158877ad4acae98b34daaeef2a1ce6e\"},\"headline\":\"Kardin\u00e4le sollen im Juni die Seligsprechung von Jo\u00e3o Luiz Pozzobon pr\u00fcfen\",\"datePublished\":\"2025-05-23T15:44:37+00:00\",\"dateModified\":\"2025-08-18T15:16:38+00:00\",\"mainEntityOfPage\":{\"@id\":\"https:\\\/\\\/schoenstatt.com\\\/de\\\/kardinaele-sollen-im-juni-die-seligsprechung-von-joao-luiz-pozzobon-pruefen\\\/\"},\"wordCount\":420,\"publisher\":{\"@id\":\"https:\\\/\\\/schoenstatt.com\\\/de\\\/#organization\"},\"image\":{\"@id\":\"https:\\\/\\\/schoenstatt.com\\\/de\\\/kardinaele-sollen-im-juni-die-seligsprechung-von-joao-luiz-pozzobon-pruefen\\\/#primaryimage\"},\"thumbnailUrl\":\"https:\\\/\\\/schoenstatt.com\\\/wp-content\\\/uploads\\\/2025\\\/05\\\/Joao-Luiz-Pozzobon-Roma.jpg\",\"keywords\":[\"Apostolat der Pilgernden Gottesmutter\",\"Jo\u00e3o Luiz Pozzobon\",\"Sch\u00f6nstatt Brasilien\",\"Seligsprechungsprozess\"],\"articleSection\":[\"Pilgerheiligtum\",\"Schoenstatt Helden\"],\"inLanguage\":\"de\"},{\"@type\":\"WebPage\",\"@id\":\"https:\\\/\\\/schoenstatt.com\\\/de\\\/kardinaele-sollen-im-juni-die-seligsprechung-von-joao-luiz-pozzobon-pruefen\\\/\",\"url\":\"https:\\\/\\\/schoenstatt.com\\\/de\\\/kardinaele-sollen-im-juni-die-seligsprechung-von-joao-luiz-pozzobon-pruefen\\\/\",\"name\":\"Kardin\u00e4le sollen im Juni die Seligsprechung von Jo\u00e3o Luiz Pozzobon pr\u00fcfen\",\"isPartOf\":{\"@id\":\"https:\\\/\\\/schoenstatt.com\\\/de\\\/#website\"},\"primaryImageOfPage\":{\"@id\":\"https:\\\/\\\/schoenstatt.com\\\/de\\\/kardinaele-sollen-im-juni-die-seligsprechung-von-joao-luiz-pozzobon-pruefen\\\/#primaryimage\"},\"image\":{\"@id\":\"https:\\\/\\\/schoenstatt.com\\\/de\\\/kardinaele-sollen-im-juni-die-seligsprechung-von-joao-luiz-pozzobon-pruefen\\\/#primaryimage\"},\"thumbnailUrl\":\"https:\\\/\\\/schoenstatt.com\\\/wp-content\\\/uploads\\\/2025\\\/05\\\/Joao-Luiz-Pozzobon-Roma.jpg\",\"datePublished\":\"2025-05-23T15:44:37+00:00\",\"dateModified\":\"2025-08-18T15:16:38+00:00\",\"description\":\"Der Seligsprechungsprozess von Jo\u00e3o Luiz Pozzobon wird am 17. Juni von den Kardin\u00e4len gepr\u00fcft. Beten wir in dieser Absicht!\",\"breadcrumb\":{\"@id\":\"https:\\\/\\\/schoenstatt.com\\\/de\\\/kardinaele-sollen-im-juni-die-seligsprechung-von-joao-luiz-pozzobon-pruefen\\\/#breadcrumb\"},\"inLanguage\":\"de\",\"potentialAction\":[{\"@type\":\"ReadAction\",\"target\":[\"https:\\\/\\\/schoenstatt.com\\\/de\\\/kardinaele-sollen-im-juni-die-seligsprechung-von-joao-luiz-pozzobon-pruefen\\\/\"]}]},{\"@type\":\"ImageObject\",\"inLanguage\":\"de\",\"@id\":\"https:\\\/\\\/schoenstatt.com\\\/de\\\/kardinaele-sollen-im-juni-die-seligsprechung-von-joao-luiz-pozzobon-pruefen\\\/#primaryimage\",\"url\":\"https:\\\/\\\/schoenstatt.com\\\/wp-content\\\/uploads\\\/2025\\\/05\\\/Joao-Luiz-Pozzobon-Roma.jpg\",\"contentUrl\":\"https:\\\/\\\/schoenstatt.com\\\/wp-content\\\/uploads\\\/2025\\\/05\\\/Joao-Luiz-Pozzobon-Roma.jpg\",\"width\":2048,\"height\":1127},{\"@type\":\"BreadcrumbList\",\"@id\":\"https:\\\/\\\/schoenstatt.com\\\/de\\\/kardinaele-sollen-im-juni-die-seligsprechung-von-joao-luiz-pozzobon-pruefen\\\/#breadcrumb\",\"itemListElement\":[{\"@type\":\"ListItem\",\"position\":1,\"name\":\"Portada\",\"item\":\"https:\\\/\\\/schoenstatt.com\\\/de\\\/home\\\/\"},{\"@type\":\"ListItem\",\"position\":2,\"name\":\"Kardin\u00e4le sollen im Juni die Seligsprechung von Jo\u00e3o Luiz Pozzobon pr\u00fcfen\"}]},{\"@type\":\"WebSite\",\"@id\":\"https:\\\/\\\/schoenstatt.com\\\/de\\\/#website\",\"url\":\"https:\\\/\\\/schoenstatt.com\\\/de\\\/\",\"name\":\"Schoenstatt\",\"description\":\"Apostolic Movement\",\"publisher\":{\"@id\":\"https:\\\/\\\/schoenstatt.com\\\/de\\\/#organization\"},\"potentialAction\":[{\"@type\":\"SearchAction\",\"target\":{\"@type\":\"EntryPoint\",\"urlTemplate\":\"https:\\\/\\\/schoenstatt.com\\\/de\\\/?s={search_term_string}\"},\"query-input\":{\"@type\":\"PropertyValueSpecification\",\"valueRequired\":true,\"valueName\":\"search_term_string\"}}],\"inLanguage\":\"de\"},{\"@type\":\"Organization\",\"@id\":\"https:\\\/\\\/schoenstatt.com\\\/de\\\/#organization\",\"name\":\"Schoenstatt\",\"url\":\"https:\\\/\\\/schoenstatt.com\\\/de\\\/\",\"logo\":{\"@type\":\"ImageObject\",\"inLanguage\":\"de\",\"@id\":\"https:\\\/\\\/schoenstatt.com\\\/de\\\/#\\\/schema\\\/logo\\\/image\\\/\",\"url\":\"https:\\\/\\\/schoenstatt.com\\\/wp-content\\\/uploads\\\/2025\\\/04\\\/logo-schoenstatt-white-696x696-1.png\",\"contentUrl\":\"https:\\\/\\\/schoenstatt.com\\\/wp-content\\\/uploads\\\/2025\\\/04\\\/logo-schoenstatt-white-696x696-1.png\",\"width\":696,\"height\":694,\"caption\":\"Schoenstatt\"},\"image\":{\"@id\":\"https:\\\/\\\/schoenstatt.com\\\/de\\\/#\\\/schema\\\/logo\\\/image\\\/\"}},{\"@type\":\"Person\",\"@id\":\"https:\\\/\\\/schoenstatt.com\\\/de\\\/#\\\/schema\\\/person\\\/5158877ad4acae98b34daaeef2a1ce6e\",\"name\":\"Karen Bueno\",\"image\":{\"@type\":\"ImageObject\",\"inLanguage\":\"de\",\"@id\":\"https:\\\/\\\/secure.gravatar.com\\\/avatar\\\/f9f4b823873154269d2b2130f195f6d41037dd0d7fc5f3cacb5c846bae70d66b?s=96&d=mm&r=g\",\"url\":\"https:\\\/\\\/secure.gravatar.com\\\/avatar\\\/f9f4b823873154269d2b2130f195f6d41037dd0d7fc5f3cacb5c846bae70d66b?s=96&d=mm&r=g\",\"contentUrl\":\"https:\\\/\\\/secure.gravatar.com\\\/avatar\\\/f9f4b823873154269d2b2130f195f6d41037dd0d7fc5f3cacb5c846bae70d66b?s=96&d=mm&r=g\",\"caption\":\"Karen Bueno\"},\"url\":\"https:\\\/\\\/schoenstatt.com\\\/de\\\/author\\\/karen-bueno\\\/\"}]}<\/script>\n<!-- \/ Yoast SEO Premium plugin. -->","yoast_head_json":{"title":"Kardin\u00e4le sollen im Juni die Seligsprechung von Jo\u00e3o Luiz Pozzobon pr\u00fcfen","description":"Der Seligsprechungsprozess von Jo\u00e3o Luiz Pozzobon wird am 17. Juni von den Kardin\u00e4len gepr\u00fcft. Beten wir in dieser Absicht!","robots":{"index":"index","follow":"follow","max-snippet":"max-snippet:-1","max-image-preview":"max-image-preview:large","max-video-preview":"max-video-preview:-1"},"canonical":"https:\/\/schoenstatt.com\/de\/kardinaele-sollen-im-juni-die-seligsprechung-von-joao-luiz-pozzobon-pruefen\/","og_locale":"de_DE","og_type":"article","og_title":"Kardin\u00e4le sollen im Juni die Seligsprechung von Jo\u00e3o Luiz Pozzobon pr\u00fcfen","og_description":"Der Seligsprechungsprozess von Jo\u00e3o Luiz Pozzobon wird am 17. Juni von den Kardin\u00e4len gepr\u00fcft. Beten wir in dieser Absicht!","og_url":"https:\/\/schoenstatt.com\/de\/kardinaele-sollen-im-juni-die-seligsprechung-von-joao-luiz-pozzobon-pruefen\/","og_site_name":"Schoenstatt","article_published_time":"2025-05-23T15:44:37+00:00","article_modified_time":"2025-08-18T15:16:38+00:00","og_image":[{"width":2048,"height":1127,"url":"https:\/\/schoenstatt.com\/wp-content\/uploads\/2025\/05\/Joao-Luiz-Pozzobon-Roma.jpg","type":"image\/jpeg"}],"author":"Karen Bueno","twitter_card":"summary_large_image","twitter_misc":{"Verfasst von":"Karen Bueno","Gesch\u00e4tzte Lesezeit":"3\u00a0Minuten"},"schema":{"@context":"https:\/\/schema.org","@graph":[{"@type":"Article","@id":"https:\/\/schoenstatt.com\/de\/kardinaele-sollen-im-juni-die-seligsprechung-von-joao-luiz-pozzobon-pruefen\/#article","isPartOf":{"@id":"https:\/\/schoenstatt.com\/de\/kardinaele-sollen-im-juni-die-seligsprechung-von-joao-luiz-pozzobon-pruefen\/"},"author":{"name":"Karen Bueno","@id":"https:\/\/schoenstatt.com\/de\/#\/schema\/person\/5158877ad4acae98b34daaeef2a1ce6e"},"headline":"Kardin\u00e4le sollen im Juni die Seligsprechung von Jo\u00e3o Luiz Pozzobon pr\u00fcfen","datePublished":"2025-05-23T15:44:37+00:00","dateModified":"2025-08-18T15:16:38+00:00","mainEntityOfPage":{"@id":"https:\/\/schoenstatt.com\/de\/kardinaele-sollen-im-juni-die-seligsprechung-von-joao-luiz-pozzobon-pruefen\/"},"wordCount":420,"publisher":{"@id":"https:\/\/schoenstatt.com\/de\/#organization"},"image":{"@id":"https:\/\/schoenstatt.com\/de\/kardinaele-sollen-im-juni-die-seligsprechung-von-joao-luiz-pozzobon-pruefen\/#primaryimage"},"thumbnailUrl":"https:\/\/schoenstatt.com\/wp-content\/uploads\/2025\/05\/Joao-Luiz-Pozzobon-Roma.jpg","keywords":["Apostolat der Pilgernden Gottesmutter","Jo\u00e3o Luiz Pozzobon","Sch\u00f6nstatt Brasilien","Seligsprechungsprozess"],"articleSection":["Pilgerheiligtum","Schoenstatt Helden"],"inLanguage":"de"},{"@type":"WebPage","@id":"https:\/\/schoenstatt.com\/de\/kardinaele-sollen-im-juni-die-seligsprechung-von-joao-luiz-pozzobon-pruefen\/","url":"https:\/\/schoenstatt.com\/de\/kardinaele-sollen-im-juni-die-seligsprechung-von-joao-luiz-pozzobon-pruefen\/","name":"Kardin\u00e4le sollen im Juni die Seligsprechung von Jo\u00e3o Luiz Pozzobon pr\u00fcfen","isPartOf":{"@id":"https:\/\/schoenstatt.com\/de\/#website"},"primaryImageOfPage":{"@id":"https:\/\/schoenstatt.com\/de\/kardinaele-sollen-im-juni-die-seligsprechung-von-joao-luiz-pozzobon-pruefen\/#primaryimage"},"image":{"@id":"https:\/\/schoenstatt.com\/de\/kardinaele-sollen-im-juni-die-seligsprechung-von-joao-luiz-pozzobon-pruefen\/#primaryimage"},"thumbnailUrl":"https:\/\/schoenstatt.com\/wp-content\/uploads\/2025\/05\/Joao-Luiz-Pozzobon-Roma.jpg","datePublished":"2025-05-23T15:44:37+00:00","dateModified":"2025-08-18T15:16:38+00:00","description":"Der Seligsprechungsprozess von Jo\u00e3o Luiz Pozzobon wird am 17. Juni von den Kardin\u00e4len gepr\u00fcft. Beten wir in dieser Absicht!","breadcrumb":{"@id":"https:\/\/schoenstatt.com\/de\/kardinaele-sollen-im-juni-die-seligsprechung-von-joao-luiz-pozzobon-pruefen\/#breadcrumb"},"inLanguage":"de","potentialAction":[{"@type":"ReadAction","target":["https:\/\/schoenstatt.com\/de\/kardinaele-sollen-im-juni-die-seligsprechung-von-joao-luiz-pozzobon-pruefen\/"]}]},{"@type":"ImageObject","inLanguage":"de","@id":"https:\/\/schoenstatt.com\/de\/kardinaele-sollen-im-juni-die-seligsprechung-von-joao-luiz-pozzobon-pruefen\/#primaryimage","url":"https:\/\/schoenstatt.com\/wp-content\/uploads\/2025\/05\/Joao-Luiz-Pozzobon-Roma.jpg","contentUrl":"https:\/\/schoenstatt.com\/wp-content\/uploads\/2025\/05\/Joao-Luiz-Pozzobon-Roma.jpg","width":2048,"height":1127},{"@type":"BreadcrumbList","@id":"https:\/\/schoenstatt.com\/de\/kardinaele-sollen-im-juni-die-seligsprechung-von-joao-luiz-pozzobon-pruefen\/#breadcrumb","itemListElement":[{"@type":"ListItem","position":1,"name":"Portada","item":"https:\/\/schoenstatt.com\/de\/home\/"},{"@type":"ListItem","position":2,"name":"Kardin\u00e4le sollen im Juni die Seligsprechung von Jo\u00e3o Luiz Pozzobon pr\u00fcfen"}]},{"@type":"WebSite","@id":"https:\/\/schoenstatt.com\/de\/#website","url":"https:\/\/schoenstatt.com\/de\/","name":"Schoenstatt","description":"Apostolic Movement","publisher":{"@id":"https:\/\/schoenstatt.com\/de\/#organization"},"potentialAction":[{"@type":"SearchAction","target":{"@type":"EntryPoint","urlTemplate":"https:\/\/schoenstatt.com\/de\/?s={search_term_string}"},"query-input":{"@type":"PropertyValueSpecification","valueRequired":true,"valueName":"search_term_string"}}],"inLanguage":"de"},{"@type":"Organization","@id":"https:\/\/schoenstatt.com\/de\/#organization","name":"Schoenstatt","url":"https:\/\/schoenstatt.com\/de\/","logo":{"@type":"ImageObject","inLanguage":"de","@id":"https:\/\/schoenstatt.com\/de\/#\/schema\/logo\/image\/","url":"https:\/\/schoenstatt.com\/wp-content\/uploads\/2025\/04\/logo-schoenstatt-white-696x696-1.png","contentUrl":"https:\/\/schoenstatt.com\/wp-content\/uploads\/2025\/04\/logo-schoenstatt-white-696x696-1.png","width":696,"height":694,"caption":"Schoenstatt"},"image":{"@id":"https:\/\/schoenstatt.com\/de\/#\/schema\/logo\/image\/"}},{"@type":"Person","@id":"https:\/\/schoenstatt.com\/de\/#\/schema\/person\/5158877ad4acae98b34daaeef2a1ce6e","name":"Karen Bueno","image":{"@type":"ImageObject","inLanguage":"de","@id":"https:\/\/secure.gravatar.com\/avatar\/f9f4b823873154269d2b2130f195f6d41037dd0d7fc5f3cacb5c846bae70d66b?s=96&d=mm&r=g","url":"https:\/\/secure.gravatar.com\/avatar\/f9f4b823873154269d2b2130f195f6d41037dd0d7fc5f3cacb5c846bae70d66b?s=96&d=mm&r=g","contentUrl":"https:\/\/secure.gravatar.com\/avatar\/f9f4b823873154269d2b2130f195f6d41037dd0d7fc5f3cacb5c846bae70d66b?s=96&d=mm&r=g","caption":"Karen Bueno"},"url":"https:\/\/schoenstatt.com\/de\/author\/karen-bueno\/"}]}},"_links":{"self":[{"href":"https:\/\/schoenstatt.com\/de\/wp-json\/wp\/v2\/posts\/57600","targetHints":{"allow":["GET"]}}],"collection":[{"href":"https:\/\/schoenstatt.com\/de\/wp-json\/wp\/v2\/posts"}],"about":[{"href":"https:\/\/schoenstatt.com\/de\/wp-json\/wp\/v2\/types\/post"}],"author":[{"embeddable":true,"href":"https:\/\/schoenstatt.com\/de\/wp-json\/wp\/v2\/users\/3"}],"replies":[{"embeddable":true,"href":"https:\/\/schoenstatt.com\/de\/wp-json\/wp\/v2\/comments?post=57600"}],"version-history":[{"count":1,"href":"https:\/\/schoenstatt.com\/de\/wp-json\/wp\/v2\/posts\/57600\/revisions"}],"predecessor-version":[{"id":57601,"href":"https:\/\/schoenstatt.com\/de\/wp-json\/wp\/v2\/posts\/57600\/revisions\/57601"}],"wp:featuredmedia":[{"embeddable":true,"href":"https:\/\/schoenstatt.com\/de\/wp-json\/wp\/v2\/media\/57587"}],"wp:attachment":[{"href":"https:\/\/schoenstatt.com\/de\/wp-json\/wp\/v2\/media?parent=57600"}],"wp:term":[{"taxonomy":"category","embeddable":true,"href":"https:\/\/schoenstatt.com\/de\/wp-json\/wp\/v2\/categories?post=57600"},{"taxonomy":"post_tag","embeddable":true,"href":"https:\/\/schoenstatt.com\/de\/wp-json\/wp\/v2\/tags?post=57600"}],"curies":[{"name":"wp","href":"https:\/\/api.w.org\/{rel}","templated":true}]}}