{"id":53585,"date":"2025-05-08T21:03:18","date_gmt":"2025-05-08T19:03:18","guid":{"rendered":"https:\/\/schoenstatt.com\/?p=53585"},"modified":"2025-05-09T19:13:59","modified_gmt":"2025-05-09T17:13:59","slug":"habemus-papam-robert-francis-prevost-papst-leo-xiv","status":"publish","type":"post","link":"https:\/\/schoenstatt.com\/de\/habemus-papam-robert-francis-prevost-papst-leo-xiv\/","title":{"rendered":"Habemus Papam: Robert Francis Prevost &#8211; Papst Leo XIV."},"content":{"rendered":"\n<p>\u201eIch verk\u00fcnde euch gro\u00dfe Freude: Wir haben einen Papst!\u201c<\/p>\n\n\n\n<p>Leo XIV., der erste in Amerika geborene Papst, wurde am Donnerstag, dem 8. Mai, gew\u00e4hlt.<\/p>\n\n\n\n<p>Sobald der wei\u00dfe Rauch den Himmel f\u00fcllte, str\u00f6mten die Menschenmassen zum Petersdom. Aus allen Ecken Roms warteten Menschen unz\u00e4hliger Nationen auf die Bekanntgabe des neuen Papstes.<\/p>\n\n\n\n<h3 class=\"wp-block-heading\" id=\"h-frieden-und-einheit-zwei-schlusselworte\">Frieden und Einheit: zwei Schl\u00fcsselworte<\/h3>\n\n\n\n<figure class=\"wp-block-image size-full\"><img fetchpriority=\"high\" decoding=\"async\" width=\"2560\" height=\"1440\" src=\"https:\/\/schoenstatt.com\/wp-content\/uploads\/2025\/05\/Pope-Robert-Francis-Prevost-Leon-XIV-1-scaled.jpeg\" alt=\"\" class=\"wp-image-53565\" srcset=\"https:\/\/schoenstatt.com\/wp-content\/uploads\/2025\/05\/Pope-Robert-Francis-Prevost-Leon-XIV-1-scaled.jpeg 2560w, https:\/\/schoenstatt.com\/wp-content\/uploads\/2025\/05\/Pope-Robert-Francis-Prevost-Leon-XIV-1-768x432.jpeg 768w, https:\/\/schoenstatt.com\/wp-content\/uploads\/2025\/05\/Pope-Robert-Francis-Prevost-Leon-XIV-1-1536x864.jpeg 1536w, https:\/\/schoenstatt.com\/wp-content\/uploads\/2025\/05\/Pope-Robert-Francis-Prevost-Leon-XIV-1-2048x1152.jpeg 2048w\" sizes=\"(max-width: 2560px) 100vw, 2560px\" \/><\/figure>\n\n\n\n<p>Als<strong> \u201ePapst Leo XIV.\u201c<\/strong> wurde der in den USA geborene Kardinal Robert Francis Prevost, Bischof von Peru, angek\u00fcndigt.<\/p>\n\n\n\n<p>Seine ersten Worte zeugten vom Frieden,<em> \u201eeinem entwaffnenden, dem\u00fctigen und beharrlichen Frieden, der von Gott kommt, Gott, der uns alle liebt\u201c.<\/em><\/p>\n\n\n\n<p>Der neue Pontifex betonte auch die Einheit:<em> \u201eOhne Angst, vereint, Hand in Hand miteinander und mit Gott gehen wir voran. Er hilft uns, Br\u00fccken zu bauen, uns zu vereinen, um ein Volk des Friedens zu sein.\u201c<\/em><\/p>\n\n\n\n<h3 class=\"wp-block-heading\" id=\"h-freude-in-der-schonstattfamilie-der-usa\">Freude in der Sch\u00f6nstattfamilie der USA<\/h3>\n\n\n\n<p>Die Sch\u00f6nst\u00e4tter Marienschwestern in Waukesha verfolgten die Ank\u00fcndigung mit Freude und Spannung. <em>\u201eDie Schwestern sind sehr gl\u00fccklich, dass er ein amerikanischer Papst ist, auch wenn er viele Jahre au\u00dferhalb der Vereinigten Staaten gelebt hat. Wir glauben, dass die Tatsache, dass er Amerikaner ist, f\u00fcr das Leben der Kirche hier sehr hilfreich sein wird\u201c<\/em>, sagte Schwester M. Lourdes Macias.<\/p>\n\n\n\n<p>Kathleen Colunga aus La Grange, Texas, internationale Leiterin des Sch\u00f6nstatt-M\u00fctterbundes, sagte:<em> \u201eIch war sprachlos, als ich die wunderbare Nachricht von seiner Wahl h\u00f6rte. Ich h\u00e4tte nie gedacht, dass ich diesen Tag erleben w\u00fcrde: der erste amerikanische Papst. Offensichtlich vom Heiligen Geist gef\u00fchrt, ist er nun der Heilige Vater der katholischen Kirche! Wow! Seine sanfte Art und seine Zweisprachigkeit werden die ganze Welt beeindrucken. Er wird die katholische Kirche auf der ganzen Welt erheben. Sein Wahlspruch sagt alles:<strong> \u201aIn Christus sind wir eins\u2018<\/strong>.\u201c<\/em><\/p>\n\n\n\n<h3 class=\"wp-block-heading\" id=\"h-schonstatt-grusst-den-neuen-papst\">Sch\u00f6nstatt gr\u00fc\u00dft den neuen Papst<\/h3>\n\n\n\n<p>Im Geist von Dilexit Ecclesiam begr\u00fc\u00dft die Sch\u00f6nstattfamilie freudig den neuen Papst und erneuert ihre Verpflichtung in Liebe und Treue zur Kirche.<\/p>\n\n\n\n<p><strong>Leon XIV, wir gehen mit dir!<\/strong><\/p>\n\n\n\n<h3 class=\"wp-block-heading\" id=\"h-treffen-sie-den-neuen-papst\">Treffen Sie den neuen Papst<\/h3>\n\n\n\n<p><strong>Geburtsdatum: <\/strong>14. September 1955 (69 Jahre alt)<br><strong>Geburtsort:<\/strong> Chicago, Illinois, USA.<br><strong>Nation:<\/strong> Vereinigte Staaten von Amerika<br><strong>Priesterweihe:<\/strong> 19. Juni 1982<br><strong>Bischofsweihe: <\/strong>12. Dezember 2014<br><strong>Wahl in das Kardinalskollegium:<\/strong> 30. September 2023<\/p>\n\n\n\n<figure class=\"wp-block-image aligncenter size-full\"><img decoding=\"async\" width=\"500\" height=\"534\" src=\"https:\/\/schoenstatt.com\/wp-content\/uploads\/2025\/05\/Pope-Robert-Francis-Prevost-Leon-XIV-1.jpg\" alt=\"\" class=\"wp-image-53570\"\/><\/figure>\n\n\n\n<p>Robert Francis Prevost ist ehemaliger Pr\u00e4fekt des Dikasteriums f\u00fcr die Bisch\u00f6fe. Er trat 1977 in das Noviziat des Augustinerordens ein und legte 1981 die feierlichen Gel\u00fcbde ab.<\/p>\n\n\n\n<p>Seine Ausbildung umfasst einen Bachelor of Science in Mathematik von der Villanova University (1977), einen Master of Theology von der Catholic Theological Union of Chicago und einen Bachelor of Arts und einen Doktortitel in Kirchenrecht von der P\u00e4pstlichen Universit\u00e4t St. Thomas Aquinas in Rom.<\/p>\n\n\n\n<p>Seine kirchliche Laufbahn ist gepr\u00e4gt von wichtigen \u00c4mtern und Erfolgen. Im Jahr 2014 ernannte ihn Papst Franziskus zum Apostolischen Administrator der Di\u00f6zese Chiclayo in Peru. 2015 wurde er zum Di\u00f6zesanbischof ernannt. Von 2018 bis 2023 war er zudem Vizepr\u00e4sident und Mitglied des St\u00e4ndigen Rates der peruanischen Bischofskonferenz.<\/p>\n\n\n\n<p>Der neue Papst war Mitglied von sieben vatikanischen Dikasterien und der Kommission f\u00fcr die Regierung des Vatikanstaates, was das Vertrauen zeigte, das Papst Franziskus in ihn setzte, und wie sehr er seine administrativen F\u00e4higkeiten gesch\u00e4tzt hat.<\/p>\n\n\n\n<p><strong>\u00dcbersetzung:<\/strong> Sr. M. Lourdes Mac\u00edas<br><strong>Lektorat: <\/strong>Hildegard Kaiser<\/p>\n","protected":false},"excerpt":{"rendered":"<p>Wir begr\u00fc\u00dfen den Nachfolger Petri: Leo XIV, der erste in Amerika geborene Papst, wurde am Donnerstag gew\u00e4hlt.<\/p>\n","protected":false},"author":3,"featured_media":53577,"comment_status":"closed","ping_status":"closed","sticky":false,"template":"","format":"standard","meta":{"footnotes":""},"categories":[851],"tags":[853],"class_list":["post-53585","post","type-post","status-publish","format-standard","has-post-thumbnail","hentry","category-kirche-de","tag-kirche-de"],"yoast_head":"<!-- This site is optimized with the Yoast SEO Premium plugin v27.4 (Yoast SEO v27.4) - https:\/\/yoast.com\/product\/yoast-seo-premium-wordpress\/ -->\n<title>Habemus Papam: Robert Francis Prevost - Papst Leo XIV. - Schoenstatt<\/title>\n<meta name=\"description\" content=\"Wir begr\u00fc\u00dfen den Nachfolger Petri: Leo XIV, der erste in Amerika geborene Papst, wurde am Donnerstag gew\u00e4hlt.\" \/>\n<meta name=\"robots\" content=\"index, follow, max-snippet:-1, max-image-preview:large, max-video-preview:-1\" \/>\n<link rel=\"canonical\" href=\"https:\/\/schoenstatt.com\/de\/habemus-papam-robert-francis-prevost-papst-leo-xiv\/\" \/>\n<meta property=\"og:locale\" content=\"de_DE\" \/>\n<meta property=\"og:type\" content=\"article\" \/>\n<meta property=\"og:title\" content=\"Habemus Papam: Robert Francis Prevost - Papst Leo XIV.\" \/>\n<meta property=\"og:description\" content=\"Wir begr\u00fc\u00dfen den Nachfolger Petri: Leo XIV, der erste in Amerika geborene Papst, wurde am Donnerstag gew\u00e4hlt.\" \/>\n<meta property=\"og:url\" content=\"https:\/\/schoenstatt.com\/de\/habemus-papam-robert-francis-prevost-papst-leo-xiv\/\" \/>\n<meta property=\"og:site_name\" content=\"Schoenstatt\" \/>\n<meta property=\"article:published_time\" content=\"2025-05-08T19:03:18+00:00\" \/>\n<meta property=\"article:modified_time\" content=\"2025-05-09T17:13:59+00:00\" \/>\n<meta property=\"og:image\" content=\"https:\/\/schoenstatt.com\/wp-content\/uploads\/2025\/05\/Pope-Robert-Francis-Prevost-Leon-XIV-2.jpeg\" \/>\n\t<meta property=\"og:image:width\" content=\"1400\" \/>\n\t<meta property=\"og:image:height\" content=\"936\" \/>\n\t<meta property=\"og:image:type\" content=\"image\/jpeg\" \/>\n<meta name=\"author\" content=\"Karen Bueno\" \/>\n<meta name=\"twitter:card\" content=\"summary_large_image\" \/>\n<meta name=\"twitter:label1\" content=\"Verfasst von\" \/>\n\t<meta name=\"twitter:data1\" content=\"Karen Bueno\" \/>\n\t<meta name=\"twitter:label2\" content=\"Gesch\u00e4tzte Lesezeit\" \/>\n\t<meta name=\"twitter:data2\" content=\"4\u00a0Minuten\" \/>\n<script type=\"application\/ld+json\" class=\"yoast-schema-graph\">{\"@context\":\"https:\\\/\\\/schema.org\",\"@graph\":[{\"@type\":\"Article\",\"@id\":\"https:\\\/\\\/schoenstatt.com\\\/de\\\/habemus-papam-robert-francis-prevost-papst-leo-xiv\\\/#article\",\"isPartOf\":{\"@id\":\"https:\\\/\\\/schoenstatt.com\\\/de\\\/habemus-papam-robert-francis-prevost-papst-leo-xiv\\\/\"},\"author\":{\"name\":\"Karen Bueno\",\"@id\":\"https:\\\/\\\/schoenstatt.com\\\/de\\\/#\\\/schema\\\/person\\\/5158877ad4acae98b34daaeef2a1ce6e\"},\"headline\":\"Habemus Papam: Robert Francis Prevost &#8211; Papst Leo XIV.\",\"datePublished\":\"2025-05-08T19:03:18+00:00\",\"dateModified\":\"2025-05-09T17:13:59+00:00\",\"mainEntityOfPage\":{\"@id\":\"https:\\\/\\\/schoenstatt.com\\\/de\\\/habemus-papam-robert-francis-prevost-papst-leo-xiv\\\/\"},\"wordCount\":542,\"publisher\":{\"@id\":\"https:\\\/\\\/schoenstatt.com\\\/de\\\/#organization\"},\"image\":{\"@id\":\"https:\\\/\\\/schoenstatt.com\\\/de\\\/habemus-papam-robert-francis-prevost-papst-leo-xiv\\\/#primaryimage\"},\"thumbnailUrl\":\"https:\\\/\\\/schoenstatt.com\\\/wp-content\\\/uploads\\\/2025\\\/05\\\/Pope-Robert-Francis-Prevost-Leon-XIV-2.jpeg\",\"keywords\":[\"Kirche\"],\"articleSection\":[\"Kirche\"],\"inLanguage\":\"de\"},{\"@type\":\"WebPage\",\"@id\":\"https:\\\/\\\/schoenstatt.com\\\/de\\\/habemus-papam-robert-francis-prevost-papst-leo-xiv\\\/\",\"url\":\"https:\\\/\\\/schoenstatt.com\\\/de\\\/habemus-papam-robert-francis-prevost-papst-leo-xiv\\\/\",\"name\":\"Habemus Papam: Robert Francis Prevost - Papst Leo XIV. - Schoenstatt\",\"isPartOf\":{\"@id\":\"https:\\\/\\\/schoenstatt.com\\\/de\\\/#website\"},\"primaryImageOfPage\":{\"@id\":\"https:\\\/\\\/schoenstatt.com\\\/de\\\/habemus-papam-robert-francis-prevost-papst-leo-xiv\\\/#primaryimage\"},\"image\":{\"@id\":\"https:\\\/\\\/schoenstatt.com\\\/de\\\/habemus-papam-robert-francis-prevost-papst-leo-xiv\\\/#primaryimage\"},\"thumbnailUrl\":\"https:\\\/\\\/schoenstatt.com\\\/wp-content\\\/uploads\\\/2025\\\/05\\\/Pope-Robert-Francis-Prevost-Leon-XIV-2.jpeg\",\"datePublished\":\"2025-05-08T19:03:18+00:00\",\"dateModified\":\"2025-05-09T17:13:59+00:00\",\"description\":\"Wir begr\u00fc\u00dfen den Nachfolger Petri: Leo XIV, der erste in Amerika geborene Papst, wurde am Donnerstag gew\u00e4hlt.\",\"breadcrumb\":{\"@id\":\"https:\\\/\\\/schoenstatt.com\\\/de\\\/habemus-papam-robert-francis-prevost-papst-leo-xiv\\\/#breadcrumb\"},\"inLanguage\":\"de\",\"potentialAction\":[{\"@type\":\"ReadAction\",\"target\":[\"https:\\\/\\\/schoenstatt.com\\\/de\\\/habemus-papam-robert-francis-prevost-papst-leo-xiv\\\/\"]}]},{\"@type\":\"ImageObject\",\"inLanguage\":\"de\",\"@id\":\"https:\\\/\\\/schoenstatt.com\\\/de\\\/habemus-papam-robert-francis-prevost-papst-leo-xiv\\\/#primaryimage\",\"url\":\"https:\\\/\\\/schoenstatt.com\\\/wp-content\\\/uploads\\\/2025\\\/05\\\/Pope-Robert-Francis-Prevost-Leon-XIV-2.jpeg\",\"contentUrl\":\"https:\\\/\\\/schoenstatt.com\\\/wp-content\\\/uploads\\\/2025\\\/05\\\/Pope-Robert-Francis-Prevost-Leon-XIV-2.jpeg\",\"width\":1400,\"height\":936},{\"@type\":\"BreadcrumbList\",\"@id\":\"https:\\\/\\\/schoenstatt.com\\\/de\\\/habemus-papam-robert-francis-prevost-papst-leo-xiv\\\/#breadcrumb\",\"itemListElement\":[{\"@type\":\"ListItem\",\"position\":1,\"name\":\"Portada\",\"item\":\"https:\\\/\\\/schoenstatt.com\\\/de\\\/home\\\/\"},{\"@type\":\"ListItem\",\"position\":2,\"name\":\"Habemus Papam: Robert Francis Prevost &#8211; Papst Leo XIV.\"}]},{\"@type\":\"WebSite\",\"@id\":\"https:\\\/\\\/schoenstatt.com\\\/de\\\/#website\",\"url\":\"https:\\\/\\\/schoenstatt.com\\\/de\\\/\",\"name\":\"Schoenstatt\",\"description\":\"Apostolic Movement\",\"publisher\":{\"@id\":\"https:\\\/\\\/schoenstatt.com\\\/de\\\/#organization\"},\"potentialAction\":[{\"@type\":\"SearchAction\",\"target\":{\"@type\":\"EntryPoint\",\"urlTemplate\":\"https:\\\/\\\/schoenstatt.com\\\/de\\\/?s={search_term_string}\"},\"query-input\":{\"@type\":\"PropertyValueSpecification\",\"valueRequired\":true,\"valueName\":\"search_term_string\"}}],\"inLanguage\":\"de\"},{\"@type\":\"Organization\",\"@id\":\"https:\\\/\\\/schoenstatt.com\\\/de\\\/#organization\",\"name\":\"Schoenstatt\",\"url\":\"https:\\\/\\\/schoenstatt.com\\\/de\\\/\",\"logo\":{\"@type\":\"ImageObject\",\"inLanguage\":\"de\",\"@id\":\"https:\\\/\\\/schoenstatt.com\\\/de\\\/#\\\/schema\\\/logo\\\/image\\\/\",\"url\":\"https:\\\/\\\/schoenstatt.com\\\/wp-content\\\/uploads\\\/2025\\\/04\\\/logo-schoenstatt-white-696x696-1.png\",\"contentUrl\":\"https:\\\/\\\/schoenstatt.com\\\/wp-content\\\/uploads\\\/2025\\\/04\\\/logo-schoenstatt-white-696x696-1.png\",\"width\":696,\"height\":694,\"caption\":\"Schoenstatt\"},\"image\":{\"@id\":\"https:\\\/\\\/schoenstatt.com\\\/de\\\/#\\\/schema\\\/logo\\\/image\\\/\"}},{\"@type\":\"Person\",\"@id\":\"https:\\\/\\\/schoenstatt.com\\\/de\\\/#\\\/schema\\\/person\\\/5158877ad4acae98b34daaeef2a1ce6e\",\"name\":\"Karen Bueno\",\"image\":{\"@type\":\"ImageObject\",\"inLanguage\":\"de\",\"@id\":\"https:\\\/\\\/secure.gravatar.com\\\/avatar\\\/f9f4b823873154269d2b2130f195f6d41037dd0d7fc5f3cacb5c846bae70d66b?s=96&d=mm&r=g\",\"url\":\"https:\\\/\\\/secure.gravatar.com\\\/avatar\\\/f9f4b823873154269d2b2130f195f6d41037dd0d7fc5f3cacb5c846bae70d66b?s=96&d=mm&r=g\",\"contentUrl\":\"https:\\\/\\\/secure.gravatar.com\\\/avatar\\\/f9f4b823873154269d2b2130f195f6d41037dd0d7fc5f3cacb5c846bae70d66b?s=96&d=mm&r=g\",\"caption\":\"Karen Bueno\"},\"url\":\"https:\\\/\\\/schoenstatt.com\\\/de\\\/author\\\/karen-bueno\\\/\"}]}<\/script>\n<!-- \/ Yoast SEO Premium plugin. -->","yoast_head_json":{"title":"Habemus Papam: Robert Francis Prevost - Papst Leo XIV. - Schoenstatt","description":"Wir begr\u00fc\u00dfen den Nachfolger Petri: Leo XIV, der erste in Amerika geborene Papst, wurde am Donnerstag gew\u00e4hlt.","robots":{"index":"index","follow":"follow","max-snippet":"max-snippet:-1","max-image-preview":"max-image-preview:large","max-video-preview":"max-video-preview:-1"},"canonical":"https:\/\/schoenstatt.com\/de\/habemus-papam-robert-francis-prevost-papst-leo-xiv\/","og_locale":"de_DE","og_type":"article","og_title":"Habemus Papam: Robert Francis Prevost - Papst Leo XIV.","og_description":"Wir begr\u00fc\u00dfen den Nachfolger Petri: Leo XIV, der erste in Amerika geborene Papst, wurde am Donnerstag gew\u00e4hlt.","og_url":"https:\/\/schoenstatt.com\/de\/habemus-papam-robert-francis-prevost-papst-leo-xiv\/","og_site_name":"Schoenstatt","article_published_time":"2025-05-08T19:03:18+00:00","article_modified_time":"2025-05-09T17:13:59+00:00","og_image":[{"width":1400,"height":936,"url":"https:\/\/schoenstatt.com\/wp-content\/uploads\/2025\/05\/Pope-Robert-Francis-Prevost-Leon-XIV-2.jpeg","type":"image\/jpeg"}],"author":"Karen Bueno","twitter_card":"summary_large_image","twitter_misc":{"Verfasst von":"Karen Bueno","Gesch\u00e4tzte Lesezeit":"4\u00a0Minuten"},"schema":{"@context":"https:\/\/schema.org","@graph":[{"@type":"Article","@id":"https:\/\/schoenstatt.com\/de\/habemus-papam-robert-francis-prevost-papst-leo-xiv\/#article","isPartOf":{"@id":"https:\/\/schoenstatt.com\/de\/habemus-papam-robert-francis-prevost-papst-leo-xiv\/"},"author":{"name":"Karen Bueno","@id":"https:\/\/schoenstatt.com\/de\/#\/schema\/person\/5158877ad4acae98b34daaeef2a1ce6e"},"headline":"Habemus Papam: Robert Francis Prevost &#8211; Papst Leo XIV.","datePublished":"2025-05-08T19:03:18+00:00","dateModified":"2025-05-09T17:13:59+00:00","mainEntityOfPage":{"@id":"https:\/\/schoenstatt.com\/de\/habemus-papam-robert-francis-prevost-papst-leo-xiv\/"},"wordCount":542,"publisher":{"@id":"https:\/\/schoenstatt.com\/de\/#organization"},"image":{"@id":"https:\/\/schoenstatt.com\/de\/habemus-papam-robert-francis-prevost-papst-leo-xiv\/#primaryimage"},"thumbnailUrl":"https:\/\/schoenstatt.com\/wp-content\/uploads\/2025\/05\/Pope-Robert-Francis-Prevost-Leon-XIV-2.jpeg","keywords":["Kirche"],"articleSection":["Kirche"],"inLanguage":"de"},{"@type":"WebPage","@id":"https:\/\/schoenstatt.com\/de\/habemus-papam-robert-francis-prevost-papst-leo-xiv\/","url":"https:\/\/schoenstatt.com\/de\/habemus-papam-robert-francis-prevost-papst-leo-xiv\/","name":"Habemus Papam: Robert Francis Prevost - Papst Leo XIV. - Schoenstatt","isPartOf":{"@id":"https:\/\/schoenstatt.com\/de\/#website"},"primaryImageOfPage":{"@id":"https:\/\/schoenstatt.com\/de\/habemus-papam-robert-francis-prevost-papst-leo-xiv\/#primaryimage"},"image":{"@id":"https:\/\/schoenstatt.com\/de\/habemus-papam-robert-francis-prevost-papst-leo-xiv\/#primaryimage"},"thumbnailUrl":"https:\/\/schoenstatt.com\/wp-content\/uploads\/2025\/05\/Pope-Robert-Francis-Prevost-Leon-XIV-2.jpeg","datePublished":"2025-05-08T19:03:18+00:00","dateModified":"2025-05-09T17:13:59+00:00","description":"Wir begr\u00fc\u00dfen den Nachfolger Petri: Leo XIV, der erste in Amerika geborene Papst, wurde am Donnerstag gew\u00e4hlt.","breadcrumb":{"@id":"https:\/\/schoenstatt.com\/de\/habemus-papam-robert-francis-prevost-papst-leo-xiv\/#breadcrumb"},"inLanguage":"de","potentialAction":[{"@type":"ReadAction","target":["https:\/\/schoenstatt.com\/de\/habemus-papam-robert-francis-prevost-papst-leo-xiv\/"]}]},{"@type":"ImageObject","inLanguage":"de","@id":"https:\/\/schoenstatt.com\/de\/habemus-papam-robert-francis-prevost-papst-leo-xiv\/#primaryimage","url":"https:\/\/schoenstatt.com\/wp-content\/uploads\/2025\/05\/Pope-Robert-Francis-Prevost-Leon-XIV-2.jpeg","contentUrl":"https:\/\/schoenstatt.com\/wp-content\/uploads\/2025\/05\/Pope-Robert-Francis-Prevost-Leon-XIV-2.jpeg","width":1400,"height":936},{"@type":"BreadcrumbList","@id":"https:\/\/schoenstatt.com\/de\/habemus-papam-robert-francis-prevost-papst-leo-xiv\/#breadcrumb","itemListElement":[{"@type":"ListItem","position":1,"name":"Portada","item":"https:\/\/schoenstatt.com\/de\/home\/"},{"@type":"ListItem","position":2,"name":"Habemus Papam: Robert Francis Prevost &#8211; Papst Leo XIV."}]},{"@type":"WebSite","@id":"https:\/\/schoenstatt.com\/de\/#website","url":"https:\/\/schoenstatt.com\/de\/","name":"Schoenstatt","description":"Apostolic Movement","publisher":{"@id":"https:\/\/schoenstatt.com\/de\/#organization"},"potentialAction":[{"@type":"SearchAction","target":{"@type":"EntryPoint","urlTemplate":"https:\/\/schoenstatt.com\/de\/?s={search_term_string}"},"query-input":{"@type":"PropertyValueSpecification","valueRequired":true,"valueName":"search_term_string"}}],"inLanguage":"de"},{"@type":"Organization","@id":"https:\/\/schoenstatt.com\/de\/#organization","name":"Schoenstatt","url":"https:\/\/schoenstatt.com\/de\/","logo":{"@type":"ImageObject","inLanguage":"de","@id":"https:\/\/schoenstatt.com\/de\/#\/schema\/logo\/image\/","url":"https:\/\/schoenstatt.com\/wp-content\/uploads\/2025\/04\/logo-schoenstatt-white-696x696-1.png","contentUrl":"https:\/\/schoenstatt.com\/wp-content\/uploads\/2025\/04\/logo-schoenstatt-white-696x696-1.png","width":696,"height":694,"caption":"Schoenstatt"},"image":{"@id":"https:\/\/schoenstatt.com\/de\/#\/schema\/logo\/image\/"}},{"@type":"Person","@id":"https:\/\/schoenstatt.com\/de\/#\/schema\/person\/5158877ad4acae98b34daaeef2a1ce6e","name":"Karen Bueno","image":{"@type":"ImageObject","inLanguage":"de","@id":"https:\/\/secure.gravatar.com\/avatar\/f9f4b823873154269d2b2130f195f6d41037dd0d7fc5f3cacb5c846bae70d66b?s=96&d=mm&r=g","url":"https:\/\/secure.gravatar.com\/avatar\/f9f4b823873154269d2b2130f195f6d41037dd0d7fc5f3cacb5c846bae70d66b?s=96&d=mm&r=g","contentUrl":"https:\/\/secure.gravatar.com\/avatar\/f9f4b823873154269d2b2130f195f6d41037dd0d7fc5f3cacb5c846bae70d66b?s=96&d=mm&r=g","caption":"Karen Bueno"},"url":"https:\/\/schoenstatt.com\/de\/author\/karen-bueno\/"}]}},"_links":{"self":[{"href":"https:\/\/schoenstatt.com\/de\/wp-json\/wp\/v2\/posts\/53585","targetHints":{"allow":["GET"]}}],"collection":[{"href":"https:\/\/schoenstatt.com\/de\/wp-json\/wp\/v2\/posts"}],"about":[{"href":"https:\/\/schoenstatt.com\/de\/wp-json\/wp\/v2\/types\/post"}],"author":[{"embeddable":true,"href":"https:\/\/schoenstatt.com\/de\/wp-json\/wp\/v2\/users\/3"}],"replies":[{"embeddable":true,"href":"https:\/\/schoenstatt.com\/de\/wp-json\/wp\/v2\/comments?post=53585"}],"version-history":[{"count":2,"href":"https:\/\/schoenstatt.com\/de\/wp-json\/wp\/v2\/posts\/53585\/revisions"}],"predecessor-version":[{"id":53623,"href":"https:\/\/schoenstatt.com\/de\/wp-json\/wp\/v2\/posts\/53585\/revisions\/53623"}],"wp:featuredmedia":[{"embeddable":true,"href":"https:\/\/schoenstatt.com\/de\/wp-json\/wp\/v2\/media\/53577"}],"wp:attachment":[{"href":"https:\/\/schoenstatt.com\/de\/wp-json\/wp\/v2\/media?parent=53585"}],"wp:term":[{"taxonomy":"category","embeddable":true,"href":"https:\/\/schoenstatt.com\/de\/wp-json\/wp\/v2\/categories?post=53585"},{"taxonomy":"post_tag","embeddable":true,"href":"https:\/\/schoenstatt.com\/de\/wp-json\/wp\/v2\/tags?post=53585"}],"curies":[{"name":"wp","href":"https:\/\/api.w.org\/{rel}","templated":true}]}}