{"id":53366,"date":"2025-05-03T03:03:00","date_gmt":"2025-05-03T01:03:00","guid":{"rendered":"https:\/\/schoenstatt.com\/?p=53366"},"modified":"2025-08-16T04:31:00","modified_gmt":"2025-08-16T02:31:00","slug":"von-der-hoffnung-auf-zwei-stuehlen","status":"publish","type":"post","link":"https:\/\/schoenstatt.com\/de\/von-der-hoffnung-auf-zwei-stuehlen\/","title":{"rendered":"Von der Hoffnung auf zwei St\u00fchlen"},"content":{"rendered":"\n<p>Zwei St\u00fchle in einer Kirche. Mehr braucht es manchmal nicht, um Geschichte in Bildern zu schreiben. Zugegeben: Es waren die edlen St\u00fchle im ehrw\u00fcrdigen Petersdom. Aber es war kein offizieller Gipfel, kein diplomatisch inszeniertes Treffen, sondern ein Nebenschauplatz, der pl\u00f6tzlich zum Zentrum der Aufmerksamkeit wurde: <a href=\"https:\/\/www.vaticannews.va\/de\/welt\/news\/2025-04\/vatikan-diplomatie-trump-selenskyj-begraebnis-papst.html\" target=\"_blank\" rel=\"noreferrer noopener\">Donald Trump und Wolodymyr Selenskyj<\/a> schieben zwei St\u00fchle zusammen und sitzen sich gegen\u00fcber. Zwei M\u00e4nner, die zuletzt in aller \u00d6ffentlichkeit aneinandergerieten. Zwei Pr\u00e4sidenten, zwei St\u00fchle, ein Moment, der mehr sagt als viele Reden.<\/p>\n\n\n\n<p>Die beiden sind nicht als Friedensstifter nach Rom gekommen. Nicht als Suchende nach Vers\u00f6hnung. Sie kamen \u2013 wie viele andere \u2013 zur Beerdigung von Papst Franziskus. Ein Tag des Abschieds, der Stille, der R\u00fcckschau. Und doch, mitten zwischen Zeremoniell und Trauer, geschieht etwas Unerwartetes: Die beiden nutzen die Gelegenheit ihres Wiedersehens. Sie r\u00fccken zusammen und sprechen miteinander \u2013 im Schatten des Petrusgrabes.<\/p>\n\n\n\n<p>Vielleicht ist es auch das, was wir von einem Jubil\u00e4umsjahr unter dem Leitwort \u201e<a href=\"https:\/\/schoenstatt.com\/de\/heiliges-jahr-der-kirche-2025\/\">Pilger der Hoffnung<\/a>\u201c erwarten d\u00fcrfen: Dass Gott manchmal Situationen nutzt, die scheinbar nichts mit Hoffnung oder Neubeginn zu tun haben. Dass er uns inmitten von Alltag, L\u00e4rm und Trauer begegnet \u2013 und dort T\u00fcren \u00f6ffnet, wo wir sie l\u00e4ngst verschlossen glaubten. Trump und Selenskyj sind nicht als \u201ePilger der Hoffnung\u201c nach Rom gekommen, doch vielleicht hat die besondere Atmosph\u00e4re, die Kraft der Gemeinschaft, das Gewicht des Ortes oder das Motto dieses Jahres etwas in ihnen ber\u00fchrt. Vielleicht hat der Geist des Friedens, der Vers\u00f6hnung und der Hoffnung, der \u00fcber dieser Feier lag, einen Impuls gesetzt, der weiter reicht als jede politische Agenda. Hoffen wir es!<\/p>\n\n\n\n<p>Und hoffen wir es auch f\u00fcr unser eigenes Leben. Denn auch bei uns braucht es nicht die perfekten Voraussetzungen, um Hoffnung zu wecken. Zwei zusammengeschobene St\u00fchle reichen. Ein ehrliches Gespr\u00e4ch, ein gemeinsames Schweigen, ein Anruf \u2013 mitten im Trubel unserer eigenen Weltgeschichte. Gott nutzt oft das Unscheinbare und Nebens\u00e4chliche f\u00fcr sein Wirken. Das ist f\u00fcr mich eine wichtige Botschaft dieses Bildes: Denn Hoffnung ist kein gro\u00dfer Auftritt, sondern die leise Einladung, immer wieder neu Platz zu nehmen auf den St\u00fchlen, die uns das Leben hinschiebt.<\/p>\n\n\n\n<figure class=\"wp-block-image size-full\"><img fetchpriority=\"high\" decoding=\"async\" width=\"1280\" height=\"844\" src=\"https:\/\/schoenstatt.com\/wp-content\/uploads\/2025\/05\/Donald-Trump-and-Volodymyr-Zelensky-Photo-Vatican-News.jpeg\" alt=\"\" class=\"wp-image-53360\" srcset=\"https:\/\/schoenstatt.com\/wp-content\/uploads\/2025\/05\/Donald-Trump-and-Volodymyr-Zelensky-Photo-Vatican-News.jpeg 1280w, https:\/\/schoenstatt.com\/wp-content\/uploads\/2025\/05\/Donald-Trump-and-Volodymyr-Zelensky-Photo-Vatican-News-768x506.jpeg 768w\" sizes=\"(max-width: 1280px) 100vw, 1280px\" \/><figcaption class=\"wp-element-caption\">Foto: Vatican News<\/figcaption><\/figure>\n\n\n\n<p><strong>Quelle: <\/strong><a href=\"https:\/\/www.basis-online.net\/magdalena-kiess_30-04-2025_hoffnung-auf-zwei-stuehlen\/\" target=\"_blank\" rel=\"noreferrer noopener\">basis-online.net<\/a><\/p>\n","protected":false},"excerpt":{"rendered":"<p>Donald Trump und Wolodymyr Selenskyj: Zwei Pr\u00e4sidenten, zwei St\u00fchle, ein Moment, der mehr sagt als viele Reden.<\/p>\n","protected":false},"author":3,"featured_media":53354,"comment_status":"closed","ping_status":"closed","sticky":false,"template":"","format":"standard","meta":{"footnotes":""},"categories":[195,852],"tags":[854,1203],"class_list":["post-53366","post","type-post","status-publish","format-standard","has-post-thumbnail","hentry","category-amerika-de","category-papst-franziskus-de","tag-papst-franziskus-de","tag-schonstatt-vereinigte-staaten-usa-de"],"yoast_head":"<!-- This site is optimized with the Yoast SEO Premium plugin v27.4 (Yoast SEO v27.4) - https:\/\/yoast.com\/product\/yoast-seo-premium-wordpress\/ -->\n<title>Von der Hoffnung auf zwei St\u00fchlen - Schoenstatt<\/title>\n<meta name=\"description\" content=\"Donald Trump und Wolodymyr Selenskyj: Zwei Pr\u00e4sidenten, zwei St\u00fchle, ein Moment, der mehr sagt als viele Reden.\" \/>\n<meta name=\"robots\" content=\"index, follow, max-snippet:-1, max-image-preview:large, max-video-preview:-1\" \/>\n<link rel=\"canonical\" href=\"https:\/\/schoenstatt.com\/de\/von-der-hoffnung-auf-zwei-stuehlen\/\" \/>\n<meta property=\"og:locale\" content=\"de_DE\" \/>\n<meta property=\"og:type\" content=\"article\" \/>\n<meta property=\"og:title\" content=\"Von der Hoffnung auf zwei St\u00fchlen\" \/>\n<meta property=\"og:description\" content=\"Donald Trump und Wolodymyr Selenskyj: Zwei Pr\u00e4sidenten, zwei St\u00fchle, ein Moment, der mehr sagt als viele Reden.\" \/>\n<meta property=\"og:url\" content=\"https:\/\/schoenstatt.com\/de\/von-der-hoffnung-auf-zwei-stuehlen\/\" \/>\n<meta property=\"og:site_name\" content=\"Schoenstatt\" \/>\n<meta property=\"article:published_time\" content=\"2025-05-03T01:03:00+00:00\" \/>\n<meta property=\"article:modified_time\" content=\"2025-08-16T02:31:00+00:00\" \/>\n<meta property=\"og:image\" content=\"https:\/\/schoenstatt.com\/wp-content\/uploads\/2025\/05\/chairs-photo-Hermann-Wittekopf-unsplash.jpg\" \/>\n\t<meta property=\"og:image:width\" content=\"2048\" \/>\n\t<meta property=\"og:image:height\" content=\"1128\" \/>\n\t<meta property=\"og:image:type\" content=\"image\/jpeg\" \/>\n<meta name=\"author\" content=\"Karen Bueno\" \/>\n<meta name=\"twitter:card\" content=\"summary_large_image\" \/>\n<meta name=\"twitter:label1\" content=\"Verfasst von\" \/>\n\t<meta name=\"twitter:data1\" content=\"Karen Bueno\" \/>\n\t<meta name=\"twitter:label2\" content=\"Gesch\u00e4tzte Lesezeit\" \/>\n\t<meta name=\"twitter:data2\" content=\"2\u00a0Minuten\" \/>\n<script type=\"application\/ld+json\" class=\"yoast-schema-graph\">{\"@context\":\"https:\\\/\\\/schema.org\",\"@graph\":[{\"@type\":\"Article\",\"@id\":\"https:\\\/\\\/schoenstatt.com\\\/de\\\/von-der-hoffnung-auf-zwei-stuehlen\\\/#article\",\"isPartOf\":{\"@id\":\"https:\\\/\\\/schoenstatt.com\\\/de\\\/von-der-hoffnung-auf-zwei-stuehlen\\\/\"},\"author\":{\"name\":\"Karen Bueno\",\"@id\":\"https:\\\/\\\/schoenstatt.com\\\/de\\\/#\\\/schema\\\/person\\\/5158877ad4acae98b34daaeef2a1ce6e\"},\"headline\":\"Von der Hoffnung auf zwei St\u00fchlen\",\"datePublished\":\"2025-05-03T01:03:00+00:00\",\"dateModified\":\"2025-08-16T02:31:00+00:00\",\"mainEntityOfPage\":{\"@id\":\"https:\\\/\\\/schoenstatt.com\\\/de\\\/von-der-hoffnung-auf-zwei-stuehlen\\\/\"},\"wordCount\":379,\"publisher\":{\"@id\":\"https:\\\/\\\/schoenstatt.com\\\/de\\\/#organization\"},\"image\":{\"@id\":\"https:\\\/\\\/schoenstatt.com\\\/de\\\/von-der-hoffnung-auf-zwei-stuehlen\\\/#primaryimage\"},\"thumbnailUrl\":\"https:\\\/\\\/schoenstatt.com\\\/wp-content\\\/uploads\\\/2025\\\/05\\\/chairs-photo-Hermann-Wittekopf-unsplash.jpg\",\"keywords\":[\"Papst Franziskus\",\"Sch\u00f6nstatt Vereinigte Staaten - USA\"],\"articleSection\":[\"Amerika\",\"Papst Franziskus\"],\"inLanguage\":\"de\"},{\"@type\":\"WebPage\",\"@id\":\"https:\\\/\\\/schoenstatt.com\\\/de\\\/von-der-hoffnung-auf-zwei-stuehlen\\\/\",\"url\":\"https:\\\/\\\/schoenstatt.com\\\/de\\\/von-der-hoffnung-auf-zwei-stuehlen\\\/\",\"name\":\"Von der Hoffnung auf zwei St\u00fchlen - Schoenstatt\",\"isPartOf\":{\"@id\":\"https:\\\/\\\/schoenstatt.com\\\/de\\\/#website\"},\"primaryImageOfPage\":{\"@id\":\"https:\\\/\\\/schoenstatt.com\\\/de\\\/von-der-hoffnung-auf-zwei-stuehlen\\\/#primaryimage\"},\"image\":{\"@id\":\"https:\\\/\\\/schoenstatt.com\\\/de\\\/von-der-hoffnung-auf-zwei-stuehlen\\\/#primaryimage\"},\"thumbnailUrl\":\"https:\\\/\\\/schoenstatt.com\\\/wp-content\\\/uploads\\\/2025\\\/05\\\/chairs-photo-Hermann-Wittekopf-unsplash.jpg\",\"datePublished\":\"2025-05-03T01:03:00+00:00\",\"dateModified\":\"2025-08-16T02:31:00+00:00\",\"description\":\"Donald Trump und Wolodymyr Selenskyj: Zwei Pr\u00e4sidenten, zwei St\u00fchle, ein Moment, der mehr sagt als viele Reden.\",\"breadcrumb\":{\"@id\":\"https:\\\/\\\/schoenstatt.com\\\/de\\\/von-der-hoffnung-auf-zwei-stuehlen\\\/#breadcrumb\"},\"inLanguage\":\"de\",\"potentialAction\":[{\"@type\":\"ReadAction\",\"target\":[\"https:\\\/\\\/schoenstatt.com\\\/de\\\/von-der-hoffnung-auf-zwei-stuehlen\\\/\"]}]},{\"@type\":\"ImageObject\",\"inLanguage\":\"de\",\"@id\":\"https:\\\/\\\/schoenstatt.com\\\/de\\\/von-der-hoffnung-auf-zwei-stuehlen\\\/#primaryimage\",\"url\":\"https:\\\/\\\/schoenstatt.com\\\/wp-content\\\/uploads\\\/2025\\\/05\\\/chairs-photo-Hermann-Wittekopf-unsplash.jpg\",\"contentUrl\":\"https:\\\/\\\/schoenstatt.com\\\/wp-content\\\/uploads\\\/2025\\\/05\\\/chairs-photo-Hermann-Wittekopf-unsplash.jpg\",\"width\":2048,\"height\":1128},{\"@type\":\"BreadcrumbList\",\"@id\":\"https:\\\/\\\/schoenstatt.com\\\/de\\\/von-der-hoffnung-auf-zwei-stuehlen\\\/#breadcrumb\",\"itemListElement\":[{\"@type\":\"ListItem\",\"position\":1,\"name\":\"Portada\",\"item\":\"https:\\\/\\\/schoenstatt.com\\\/de\\\/home\\\/\"},{\"@type\":\"ListItem\",\"position\":2,\"name\":\"Von der Hoffnung auf zwei St\u00fchlen\"}]},{\"@type\":\"WebSite\",\"@id\":\"https:\\\/\\\/schoenstatt.com\\\/de\\\/#website\",\"url\":\"https:\\\/\\\/schoenstatt.com\\\/de\\\/\",\"name\":\"Schoenstatt\",\"description\":\"Apostolic Movement\",\"publisher\":{\"@id\":\"https:\\\/\\\/schoenstatt.com\\\/de\\\/#organization\"},\"potentialAction\":[{\"@type\":\"SearchAction\",\"target\":{\"@type\":\"EntryPoint\",\"urlTemplate\":\"https:\\\/\\\/schoenstatt.com\\\/de\\\/?s={search_term_string}\"},\"query-input\":{\"@type\":\"PropertyValueSpecification\",\"valueRequired\":true,\"valueName\":\"search_term_string\"}}],\"inLanguage\":\"de\"},{\"@type\":\"Organization\",\"@id\":\"https:\\\/\\\/schoenstatt.com\\\/de\\\/#organization\",\"name\":\"Schoenstatt\",\"url\":\"https:\\\/\\\/schoenstatt.com\\\/de\\\/\",\"logo\":{\"@type\":\"ImageObject\",\"inLanguage\":\"de\",\"@id\":\"https:\\\/\\\/schoenstatt.com\\\/de\\\/#\\\/schema\\\/logo\\\/image\\\/\",\"url\":\"https:\\\/\\\/schoenstatt.com\\\/wp-content\\\/uploads\\\/2025\\\/04\\\/logo-schoenstatt-white-696x696-1.png\",\"contentUrl\":\"https:\\\/\\\/schoenstatt.com\\\/wp-content\\\/uploads\\\/2025\\\/04\\\/logo-schoenstatt-white-696x696-1.png\",\"width\":696,\"height\":694,\"caption\":\"Schoenstatt\"},\"image\":{\"@id\":\"https:\\\/\\\/schoenstatt.com\\\/de\\\/#\\\/schema\\\/logo\\\/image\\\/\"}},{\"@type\":\"Person\",\"@id\":\"https:\\\/\\\/schoenstatt.com\\\/de\\\/#\\\/schema\\\/person\\\/5158877ad4acae98b34daaeef2a1ce6e\",\"name\":\"Karen Bueno\",\"image\":{\"@type\":\"ImageObject\",\"inLanguage\":\"de\",\"@id\":\"https:\\\/\\\/secure.gravatar.com\\\/avatar\\\/f9f4b823873154269d2b2130f195f6d41037dd0d7fc5f3cacb5c846bae70d66b?s=96&d=mm&r=g\",\"url\":\"https:\\\/\\\/secure.gravatar.com\\\/avatar\\\/f9f4b823873154269d2b2130f195f6d41037dd0d7fc5f3cacb5c846bae70d66b?s=96&d=mm&r=g\",\"contentUrl\":\"https:\\\/\\\/secure.gravatar.com\\\/avatar\\\/f9f4b823873154269d2b2130f195f6d41037dd0d7fc5f3cacb5c846bae70d66b?s=96&d=mm&r=g\",\"caption\":\"Karen Bueno\"},\"url\":\"https:\\\/\\\/schoenstatt.com\\\/de\\\/author\\\/karen-bueno\\\/\"}]}<\/script>\n<!-- \/ Yoast SEO Premium plugin. -->","yoast_head_json":{"title":"Von der Hoffnung auf zwei St\u00fchlen - Schoenstatt","description":"Donald Trump und Wolodymyr Selenskyj: Zwei Pr\u00e4sidenten, zwei St\u00fchle, ein Moment, der mehr sagt als viele Reden.","robots":{"index":"index","follow":"follow","max-snippet":"max-snippet:-1","max-image-preview":"max-image-preview:large","max-video-preview":"max-video-preview:-1"},"canonical":"https:\/\/schoenstatt.com\/de\/von-der-hoffnung-auf-zwei-stuehlen\/","og_locale":"de_DE","og_type":"article","og_title":"Von der Hoffnung auf zwei St\u00fchlen","og_description":"Donald Trump und Wolodymyr Selenskyj: Zwei Pr\u00e4sidenten, zwei St\u00fchle, ein Moment, der mehr sagt als viele Reden.","og_url":"https:\/\/schoenstatt.com\/de\/von-der-hoffnung-auf-zwei-stuehlen\/","og_site_name":"Schoenstatt","article_published_time":"2025-05-03T01:03:00+00:00","article_modified_time":"2025-08-16T02:31:00+00:00","og_image":[{"url":"https:\/\/schoenstatt.com\/wp-content\/uploads\/2025\/05\/chairs-photo-Hermann-Wittekopf-unsplash.jpg","width":2048,"height":1128,"type":"image\/jpeg"}],"author":"Karen Bueno","twitter_card":"summary_large_image","twitter_misc":{"Verfasst von":"Karen Bueno","Gesch\u00e4tzte Lesezeit":"2\u00a0Minuten"},"schema":{"@context":"https:\/\/schema.org","@graph":[{"@type":"Article","@id":"https:\/\/schoenstatt.com\/de\/von-der-hoffnung-auf-zwei-stuehlen\/#article","isPartOf":{"@id":"https:\/\/schoenstatt.com\/de\/von-der-hoffnung-auf-zwei-stuehlen\/"},"author":{"name":"Karen Bueno","@id":"https:\/\/schoenstatt.com\/de\/#\/schema\/person\/5158877ad4acae98b34daaeef2a1ce6e"},"headline":"Von der Hoffnung auf zwei St\u00fchlen","datePublished":"2025-05-03T01:03:00+00:00","dateModified":"2025-08-16T02:31:00+00:00","mainEntityOfPage":{"@id":"https:\/\/schoenstatt.com\/de\/von-der-hoffnung-auf-zwei-stuehlen\/"},"wordCount":379,"publisher":{"@id":"https:\/\/schoenstatt.com\/de\/#organization"},"image":{"@id":"https:\/\/schoenstatt.com\/de\/von-der-hoffnung-auf-zwei-stuehlen\/#primaryimage"},"thumbnailUrl":"https:\/\/schoenstatt.com\/wp-content\/uploads\/2025\/05\/chairs-photo-Hermann-Wittekopf-unsplash.jpg","keywords":["Papst Franziskus","Sch\u00f6nstatt Vereinigte Staaten - USA"],"articleSection":["Amerika","Papst Franziskus"],"inLanguage":"de"},{"@type":"WebPage","@id":"https:\/\/schoenstatt.com\/de\/von-der-hoffnung-auf-zwei-stuehlen\/","url":"https:\/\/schoenstatt.com\/de\/von-der-hoffnung-auf-zwei-stuehlen\/","name":"Von der Hoffnung auf zwei St\u00fchlen - Schoenstatt","isPartOf":{"@id":"https:\/\/schoenstatt.com\/de\/#website"},"primaryImageOfPage":{"@id":"https:\/\/schoenstatt.com\/de\/von-der-hoffnung-auf-zwei-stuehlen\/#primaryimage"},"image":{"@id":"https:\/\/schoenstatt.com\/de\/von-der-hoffnung-auf-zwei-stuehlen\/#primaryimage"},"thumbnailUrl":"https:\/\/schoenstatt.com\/wp-content\/uploads\/2025\/05\/chairs-photo-Hermann-Wittekopf-unsplash.jpg","datePublished":"2025-05-03T01:03:00+00:00","dateModified":"2025-08-16T02:31:00+00:00","description":"Donald Trump und Wolodymyr Selenskyj: Zwei Pr\u00e4sidenten, zwei St\u00fchle, ein Moment, der mehr sagt als viele Reden.","breadcrumb":{"@id":"https:\/\/schoenstatt.com\/de\/von-der-hoffnung-auf-zwei-stuehlen\/#breadcrumb"},"inLanguage":"de","potentialAction":[{"@type":"ReadAction","target":["https:\/\/schoenstatt.com\/de\/von-der-hoffnung-auf-zwei-stuehlen\/"]}]},{"@type":"ImageObject","inLanguage":"de","@id":"https:\/\/schoenstatt.com\/de\/von-der-hoffnung-auf-zwei-stuehlen\/#primaryimage","url":"https:\/\/schoenstatt.com\/wp-content\/uploads\/2025\/05\/chairs-photo-Hermann-Wittekopf-unsplash.jpg","contentUrl":"https:\/\/schoenstatt.com\/wp-content\/uploads\/2025\/05\/chairs-photo-Hermann-Wittekopf-unsplash.jpg","width":2048,"height":1128},{"@type":"BreadcrumbList","@id":"https:\/\/schoenstatt.com\/de\/von-der-hoffnung-auf-zwei-stuehlen\/#breadcrumb","itemListElement":[{"@type":"ListItem","position":1,"name":"Portada","item":"https:\/\/schoenstatt.com\/de\/home\/"},{"@type":"ListItem","position":2,"name":"Von der Hoffnung auf zwei St\u00fchlen"}]},{"@type":"WebSite","@id":"https:\/\/schoenstatt.com\/de\/#website","url":"https:\/\/schoenstatt.com\/de\/","name":"Schoenstatt","description":"Apostolic Movement","publisher":{"@id":"https:\/\/schoenstatt.com\/de\/#organization"},"potentialAction":[{"@type":"SearchAction","target":{"@type":"EntryPoint","urlTemplate":"https:\/\/schoenstatt.com\/de\/?s={search_term_string}"},"query-input":{"@type":"PropertyValueSpecification","valueRequired":true,"valueName":"search_term_string"}}],"inLanguage":"de"},{"@type":"Organization","@id":"https:\/\/schoenstatt.com\/de\/#organization","name":"Schoenstatt","url":"https:\/\/schoenstatt.com\/de\/","logo":{"@type":"ImageObject","inLanguage":"de","@id":"https:\/\/schoenstatt.com\/de\/#\/schema\/logo\/image\/","url":"https:\/\/schoenstatt.com\/wp-content\/uploads\/2025\/04\/logo-schoenstatt-white-696x696-1.png","contentUrl":"https:\/\/schoenstatt.com\/wp-content\/uploads\/2025\/04\/logo-schoenstatt-white-696x696-1.png","width":696,"height":694,"caption":"Schoenstatt"},"image":{"@id":"https:\/\/schoenstatt.com\/de\/#\/schema\/logo\/image\/"}},{"@type":"Person","@id":"https:\/\/schoenstatt.com\/de\/#\/schema\/person\/5158877ad4acae98b34daaeef2a1ce6e","name":"Karen Bueno","image":{"@type":"ImageObject","inLanguage":"de","@id":"https:\/\/secure.gravatar.com\/avatar\/f9f4b823873154269d2b2130f195f6d41037dd0d7fc5f3cacb5c846bae70d66b?s=96&d=mm&r=g","url":"https:\/\/secure.gravatar.com\/avatar\/f9f4b823873154269d2b2130f195f6d41037dd0d7fc5f3cacb5c846bae70d66b?s=96&d=mm&r=g","contentUrl":"https:\/\/secure.gravatar.com\/avatar\/f9f4b823873154269d2b2130f195f6d41037dd0d7fc5f3cacb5c846bae70d66b?s=96&d=mm&r=g","caption":"Karen Bueno"},"url":"https:\/\/schoenstatt.com\/de\/author\/karen-bueno\/"}]}},"_links":{"self":[{"href":"https:\/\/schoenstatt.com\/de\/wp-json\/wp\/v2\/posts\/53366","targetHints":{"allow":["GET"]}}],"collection":[{"href":"https:\/\/schoenstatt.com\/de\/wp-json\/wp\/v2\/posts"}],"about":[{"href":"https:\/\/schoenstatt.com\/de\/wp-json\/wp\/v2\/types\/post"}],"author":[{"embeddable":true,"href":"https:\/\/schoenstatt.com\/de\/wp-json\/wp\/v2\/users\/3"}],"replies":[{"embeddable":true,"href":"https:\/\/schoenstatt.com\/de\/wp-json\/wp\/v2\/comments?post=53366"}],"version-history":[{"count":2,"href":"https:\/\/schoenstatt.com\/de\/wp-json\/wp\/v2\/posts\/53366\/revisions"}],"predecessor-version":[{"id":62103,"href":"https:\/\/schoenstatt.com\/de\/wp-json\/wp\/v2\/posts\/53366\/revisions\/62103"}],"wp:featuredmedia":[{"embeddable":true,"href":"https:\/\/schoenstatt.com\/de\/wp-json\/wp\/v2\/media\/53354"}],"wp:attachment":[{"href":"https:\/\/schoenstatt.com\/de\/wp-json\/wp\/v2\/media?parent=53366"}],"wp:term":[{"taxonomy":"category","embeddable":true,"href":"https:\/\/schoenstatt.com\/de\/wp-json\/wp\/v2\/categories?post=53366"},{"taxonomy":"post_tag","embeddable":true,"href":"https:\/\/schoenstatt.com\/de\/wp-json\/wp\/v2\/tags?post=53366"}],"curies":[{"name":"wp","href":"https:\/\/api.w.org\/{rel}","templated":true}]}}