{"id":53323,"date":"2025-04-30T17:59:31","date_gmt":"2025-04-30T15:59:31","guid":{"rendered":"https:\/\/schoenstatt.com\/?p=53323"},"modified":"2025-08-21T01:18:01","modified_gmt":"2025-08-20T23:18:01","slug":"dank-der-schoenstattfamilie-fuer-papst-franziskus","status":"publish","type":"post","link":"https:\/\/schoenstatt.com\/de\/dank-der-schoenstattfamilie-fuer-papst-franziskus\/","title":{"rendered":"Dank der Sch\u00f6nstattfamilie f\u00fcr Papst Franziskus"},"content":{"rendered":"\n<p>In diesen Tagen trauert die Sch\u00f6nstattfamilie mit der ganzen Kirche um <a href=\"https:\/\/schoenstatt.com\/de\/franziskus-der-papst-der-barmherzigkeit\/\">Papst Franziskus<\/a>. Wir bringen am 28. April 2025 auch am Ort Sch\u00f6nstatt unseren Dank in einem gemeinsamen Gedenkgottesdienst zum Ausdruck. Dass dies allen Sch\u00f6nstattgemeinschaften ein Anliegen ist, zeigt sich an der gro\u00dfen Teilnehmerzahl und nicht zuletzt an den zahlreichen Konzelebranten.<\/p>\n\n\n\n<figure class=\"wp-block-image size-full\"><img fetchpriority=\"high\" decoding=\"async\" width=\"2048\" height=\"1042\" src=\"https:\/\/schoenstatt.com\/wp-content\/uploads\/2025\/04\/Mass-for-Pope-Francis.jpg\" alt=\"\" class=\"wp-image-53286\" srcset=\"https:\/\/schoenstatt.com\/wp-content\/uploads\/2025\/04\/Mass-for-Pope-Francis.jpg 2048w, https:\/\/schoenstatt.com\/wp-content\/uploads\/2025\/04\/Mass-for-Pope-Francis-768x391.jpg 768w, https:\/\/schoenstatt.com\/wp-content\/uploads\/2025\/04\/Mass-for-Pope-Francis-1536x782.jpg 1536w\" sizes=\"(max-width: 2048px) 100vw, 2048px\" \/><\/figure>\n\n\n\n<p>P. Dr. Alexandre Awi Mello, der Vorsitzender des Generalpr\u00e4sidiums des internationalen Sch\u00f6nstatt-Werkes, steht der Hl. Messe vor. Er konnte am Requiem f\u00fcr Papst Franziskus in Rom teilnehmen und sein Grab besuchen. Nun bestellt er einen geistigen Gru\u00df von ihm.<\/p>\n\n\n\n<p>P. Awi Mello dankte, dass heute viele gekommen sind, denn auf diese Weise pflegen wir das Dilexit Ecclesiam P. Kentenichs. Mit P. Awi Mello am Altar sind Dr. Bernd Biberger, Generaldirektor der Sch\u00f6nst\u00e4tter Marienschwestern, und P. Felix Geyer, Bewegungsleiter der Sch\u00f6nstattbewegung in Deutschland sowie P. Angel Strada und P. Federico Piedrabuena aus dem Heimatland von Papst Franziskus.<\/p>\n\n\n\n<figure class=\"wp-block-gallery has-nested-images columns-default is-cropped wp-block-gallery-1 is-layout-flex wp-block-gallery-is-layout-flex\">\n<figure class=\"wp-block-image size-large\"><img decoding=\"async\" width=\"2048\" height=\"1366\" data-id=\"53306\" src=\"https:\/\/schoenstatt.com\/wp-content\/uploads\/2025\/04\/Belmonte-Crown.jpg\" alt=\"\" class=\"wp-image-53306\" srcset=\"https:\/\/schoenstatt.com\/wp-content\/uploads\/2025\/04\/Belmonte-Crown.jpg 2048w, https:\/\/schoenstatt.com\/wp-content\/uploads\/2025\/04\/Belmonte-Crown-768x512.jpg 768w, https:\/\/schoenstatt.com\/wp-content\/uploads\/2025\/04\/Belmonte-Crown-1536x1025.jpg 1536w\" sizes=\"(max-width: 2048px) 100vw, 2048px\" \/><\/figure>\n\n\n\n<figure class=\"wp-block-image size-large\"><img decoding=\"async\" width=\"2048\" height=\"1367\" data-id=\"53301\" src=\"https:\/\/schoenstatt.com\/wp-content\/uploads\/2025\/04\/P-Felix-Geyer.jpg\" alt=\"\" class=\"wp-image-53301\" srcset=\"https:\/\/schoenstatt.com\/wp-content\/uploads\/2025\/04\/P-Felix-Geyer.jpg 2048w, https:\/\/schoenstatt.com\/wp-content\/uploads\/2025\/04\/P-Felix-Geyer-768x513.jpg 768w, https:\/\/schoenstatt.com\/wp-content\/uploads\/2025\/04\/P-Felix-Geyer-1536x1025.jpg 1536w\" sizes=\"(max-width: 2048px) 100vw, 2048px\" \/><\/figure>\n<\/figure>\n\n\n\n<h3 class=\"wp-block-heading\" id=\"h-dilexit-ecclesiam\">Dilexit Ecclesiam<\/h3>\n\n\n\n<p>Ein sprechendes Symbol f\u00fcr die Sendung Sch\u00f6nstatts f\u00fcr die Kirche ist auch die Krone, die einen Ehrenplatz vor dem Altar hat und in den n\u00e4chsten Wochen unter den Gemeinschaften in Sch\u00f6nstatt wandern wird. Mit dieser Krone wird die Gottesmutter im Heiligtum auf Belmonte am Pfingstmontag zur Regina Matri Ecclesiae gekr\u00f6nt werden.<\/p>\n\n\n\n<p>Das Messformular vom Ostermontag erinnert sowohl an den Todestag von Papst Franziskus, als auch an seinen hoffnungsfrohen Auferstehungsglauben, den er noch in seiner Osterbotschaft zum Ausdruck brachte. Entsprechend tr\u00e4gt die musikalische Gestaltung von Schw. M. Tabea Platzer und ihrem Chor \u201eStimmvoll\u201c \u00f6sterlichen Charakter.<\/p>\n\n\n\n<h3 class=\"wp-block-heading\" id=\"h-sprechende-zeichen\">Sprechende Zeichen<\/h3>\n\n\n\n<p>Dr. Biberger geht in seiner Ansprache zun\u00e4chst auf die letzte Botschaft von Papst Franziskus ein, durch die die g\u00f6ttliche Vorsehung gleichsam ihr Siegel auf sein Wirken gesetzt hat. Seine Worte werden zum bleibenden Verm\u00e4chtnis und zum Auftrag an uns. Dass Papst Franziskus w\u00e4hrend des Heiligen Jahres heimgerufen worden ist, k\u00f6nnen wir als weiteres sprechendes Zeichen erkennen.<\/p>\n\n\n\n<figure class=\"wp-block-gallery has-nested-images columns-default is-cropped wp-block-gallery-2 is-layout-flex wp-block-gallery-is-layout-flex\">\n<figure class=\"wp-block-image size-large\"><img loading=\"lazy\" decoding=\"async\" width=\"1960\" height=\"2048\" data-id=\"53291\" src=\"https:\/\/schoenstatt.com\/wp-content\/uploads\/2025\/04\/Mass-for-Pope-Francis-2.jpg\" alt=\"\" class=\"wp-image-53291\" srcset=\"https:\/\/schoenstatt.com\/wp-content\/uploads\/2025\/04\/Mass-for-Pope-Francis-2.jpg 1960w, https:\/\/schoenstatt.com\/wp-content\/uploads\/2025\/04\/Mass-for-Pope-Francis-2-768x802.jpg 768w, https:\/\/schoenstatt.com\/wp-content\/uploads\/2025\/04\/Mass-for-Pope-Francis-2-1470x1536.jpg 1470w\" sizes=\"(max-width: 1960px) 100vw, 1960px\" \/><\/figure>\n\n\n\n<figure class=\"wp-block-image size-large\"><img loading=\"lazy\" decoding=\"async\" width=\"1960\" height=\"2048\" data-id=\"53296\" src=\"https:\/\/schoenstatt.com\/wp-content\/uploads\/2025\/04\/Mass-for-Pope-Francis-3.jpg\" alt=\"\" class=\"wp-image-53296\" srcset=\"https:\/\/schoenstatt.com\/wp-content\/uploads\/2025\/04\/Mass-for-Pope-Francis-3.jpg 1960w, https:\/\/schoenstatt.com\/wp-content\/uploads\/2025\/04\/Mass-for-Pope-Francis-3-768x802.jpg 768w, https:\/\/schoenstatt.com\/wp-content\/uploads\/2025\/04\/Mass-for-Pope-Francis-3-1470x1536.jpg 1470w\" sizes=\"(max-width: 1960px) 100vw, 1960px\" \/><\/figure>\n<\/figure>\n\n\n\n<h3 class=\"wp-block-heading\" id=\"h-blitzlichter-aus-dem-pontifikat-von-papst-franziskus\">Blitzlichter aus dem Pontifikat von Papst Franziskus<\/h3>\n\n\n\n<p>Dann l\u00e4dt Dr. Biberger uns ein, mit <strong>drei Blitzlichtern <\/strong>auf das Pontifikat des verstorbenen Papstes zu schauen:<\/p>\n\n\n\n<p>Ein erstes Blitzlicht ist <strong>der Besuch von Papst Franziskus bei den Fl\u00fcchtlingen auf Lampedusa<\/strong>. Gleich am Beginn seines Pontifikats setzte Papst Franziskus dieses Ausrufezeichen, um auf die Not der Fl\u00fcchtlinge weltweit hinzuweisen. Er wurde nie m\u00fcde, durch Enzykliken oder Ansprachen auf die Armen und Ausgegrenzten hinzuweisen und dazu aufzurufen, sich ihrer N\u00f6te anzunehmen. Deshalb lud er auch 2016 zu einem Au\u00dferordentlichen Heiligen Jahr der Barmherzigkeit ein.<\/p>\n\n\n\n<p>Ein weiteres Blitzlicht ist <strong>der Segen Urbi et Orbi, den Papst Franziskus w\u00e4hrend der Corona-Pandemie spendete<\/strong>. Es war ein eindr\u00fcckliches Bild, wie Papst Franziskus allein zur Altarinsel auf dem Petersplatz schreitet, von dort aus seine Botschaft verk\u00fcndet und dann die Stadt und den ganzen Erdkreis segnet.<\/p>\n\n\n\n<p>Ein letztes Blitzlicht betrifft <strong>den Synodalen Prozess<\/strong>. Damit hat Papst Franziskus einen wesentlichen Impuls f\u00fcr die Weiterentwicklung des Kirchenbildes f\u00fcr die heutige Zeit gegeben. Er m\u00f6chte, dass die Kirche eine h\u00f6rende Kirche ist \u2013 eine Kirche, die h\u00f6rt auf den Heiligen Geist, und eine Kirche von Gl\u00e4ubigen, die aufeinander h\u00f6ren, um die F\u00fchrung des Heiligen Geistes zu erkennen. Dieser synodale Prozess, so hat Papst Franziskus deutlich gemacht, soll sich fortsetzen.<\/p>\n\n\n\n<figure class=\"wp-block-image size-full\"><img loading=\"lazy\" decoding=\"async\" width=\"2048\" height=\"1365\" src=\"https:\/\/schoenstatt.com\/wp-content\/uploads\/2025\/04\/Mass-for-Pope-Francis-4.jpg\" alt=\"\" class=\"wp-image-53317\" srcset=\"https:\/\/schoenstatt.com\/wp-content\/uploads\/2025\/04\/Mass-for-Pope-Francis-4.jpg 2048w, https:\/\/schoenstatt.com\/wp-content\/uploads\/2025\/04\/Mass-for-Pope-Francis-4-768x512.jpg 768w, https:\/\/schoenstatt.com\/wp-content\/uploads\/2025\/04\/Mass-for-Pope-Francis-4-1536x1024.jpg 1536w\" sizes=\"(max-width: 2048px) 100vw, 2048px\" \/><\/figure>\n\n\n\n<p>Wenn wir als Sch\u00f6nstattfamilie auf das Pontifikat von Papst Franziskus zur\u00fcckschauen, dann denken wir auch an die Begegnung mit ihm anl\u00e4sslich der 100-Jahr-Feier Sch\u00f6nstatts am 25. Oktober 2014. Dabei \u00e4u\u00dferte er sich zu Fragen zu den f\u00fcnf Themen Familie, P\u00e4dagogik, Jugend, neue Gesellschaftsordnung und Kirche und betonte u. a., dass Kultur der Begegnung B\u00fcndniskultur ist. Am Schluss verriet er, dass ein MTA-Bild auf seinem Nachttisch steht, das er jeden Morgen ber\u00fchrt. Das zeugt von seiner gro\u00dfen Marienliebe, die auch in seinen Ansprachen und Schriften immer wieder durchschien und besonders sichtbar wird sie in seinem Wunsch, seine letzte Ruhest\u00e4tte in der Kirche Santa Maria Maggiore zu finden.<\/p>\n\n\n\n<p>Unser Dank f\u00fcr das Wirken von Papst Franziskus m\u00fcndet in die Eucharistiefeier ein, und wir vertrauen seine Person im Gebet auf die F\u00fcrsprache der Gottesmutter dem Dreifaltigen Gott an.<\/p>\n\n\n\n<figure class=\"wp-block-image size-full\"><img loading=\"lazy\" decoding=\"async\" width=\"2048\" height=\"1115\" src=\"https:\/\/schoenstatt.com\/wp-content\/uploads\/2025\/04\/Mass-for-Pope-Francis-music.jpg\" alt=\"\" class=\"wp-image-53311\" srcset=\"https:\/\/schoenstatt.com\/wp-content\/uploads\/2025\/04\/Mass-for-Pope-Francis-music.jpg 2048w, https:\/\/schoenstatt.com\/wp-content\/uploads\/2025\/04\/Mass-for-Pope-Francis-music-768x418.jpg 768w, https:\/\/schoenstatt.com\/wp-content\/uploads\/2025\/04\/Mass-for-Pope-Francis-music-1536x836.jpg 1536w\" sizes=\"(max-width: 2048px) 100vw, 2048px\" \/><\/figure>\n\n\n\n<h3 class=\"wp-block-heading\" id=\"h-marianisches-charisma-fur-die-kirche\">Marianisches Charisma f\u00fcr die Kirche<\/h3>\n\n\n\n<p>Vor dem Schlusssegen greift P. Awi Mello noch einmal die ber\u00fchrende Marienliebe von Papst Franziskus auf. Er l\u00e4dt die Anwesenden ein, die Kleine Weihe zu beten und die Bitte einzuschlie\u00dfen, dass auch der k\u00fcnftige Papst marianisch sein wird und wir unser marianisches Charisma in die Kirche einbringen d\u00fcrfen.<\/p>\n\n\n\n<p><\/p>\n","protected":false},"excerpt":{"rendered":"<p>Gedenkgottesdienst f\u00fcr Papst Franziskus in der Anbetungskirche: Ein Ausdruck der Dankbarkeit der gesamten internationalen Sch\u00f6nstattfamilie.<\/p>\n","protected":false},"author":3,"featured_media":53288,"comment_status":"closed","ping_status":"closed","sticky":false,"template":"","format":"standard","meta":{"footnotes":""},"categories":[852],"tags":[854],"class_list":["post-53323","post","type-post","status-publish","format-standard","has-post-thumbnail","hentry","category-papst-franziskus-de","tag-papst-franziskus-de"],"yoast_head":"<!-- This site is optimized with the Yoast SEO Premium plugin v27.4 (Yoast SEO v27.4) - https:\/\/yoast.com\/product\/yoast-seo-premium-wordpress\/ -->\n<title>Dank der Sch\u00f6nstattfamilie f\u00fcr Papst Franziskus - Schoenstatt<\/title>\n<meta name=\"description\" content=\"Gedenkgottesdienst f\u00fcr Papst Franziskus in der Anbetungskirche: Ein Ausdruck der Dankbarkeit der gesamten internationalen Sch\u00f6nstattfamilie.\" \/>\n<meta name=\"robots\" content=\"index, follow, max-snippet:-1, max-image-preview:large, max-video-preview:-1\" \/>\n<link rel=\"canonical\" href=\"https:\/\/schoenstatt.com\/de\/dank-der-schoenstattfamilie-fuer-papst-franziskus\/\" \/>\n<meta property=\"og:locale\" content=\"de_DE\" \/>\n<meta property=\"og:type\" content=\"article\" \/>\n<meta property=\"og:title\" content=\"Dank der Sch\u00f6nstattfamilie f\u00fcr Papst Franziskus\" \/>\n<meta property=\"og:description\" content=\"Gedenkgottesdienst f\u00fcr Papst Franziskus in der Anbetungskirche: Ein Ausdruck der Dankbarkeit der gesamten internationalen Sch\u00f6nstattfamilie.\" \/>\n<meta property=\"og:url\" content=\"https:\/\/schoenstatt.com\/de\/dank-der-schoenstattfamilie-fuer-papst-franziskus\/\" \/>\n<meta property=\"og:site_name\" content=\"Schoenstatt\" \/>\n<meta property=\"article:published_time\" content=\"2025-04-30T15:59:31+00:00\" \/>\n<meta property=\"article:modified_time\" content=\"2025-08-20T23:18:01+00:00\" \/>\n<meta property=\"og:image\" content=\"https:\/\/schoenstatt.com\/wp-content\/uploads\/2025\/04\/Mass-for-Pope-Francis.jpg\" \/>\n\t<meta property=\"og:image:width\" content=\"2048\" \/>\n\t<meta property=\"og:image:height\" content=\"1042\" \/>\n\t<meta property=\"og:image:type\" content=\"image\/jpeg\" \/>\n<meta name=\"author\" content=\"Karen Bueno\" \/>\n<meta name=\"twitter:card\" content=\"summary_large_image\" \/>\n<meta name=\"twitter:label1\" content=\"Verfasst von\" \/>\n\t<meta name=\"twitter:data1\" content=\"Karen Bueno\" \/>\n\t<meta name=\"twitter:label2\" content=\"Gesch\u00e4tzte Lesezeit\" \/>\n\t<meta name=\"twitter:data2\" content=\"5\u00a0Minuten\" \/>\n<script type=\"application\/ld+json\" class=\"yoast-schema-graph\">{\"@context\":\"https:\\\/\\\/schema.org\",\"@graph\":[{\"@type\":\"Article\",\"@id\":\"https:\\\/\\\/schoenstatt.com\\\/de\\\/dank-der-schoenstattfamilie-fuer-papst-franziskus\\\/#article\",\"isPartOf\":{\"@id\":\"https:\\\/\\\/schoenstatt.com\\\/de\\\/dank-der-schoenstattfamilie-fuer-papst-franziskus\\\/\"},\"author\":{\"name\":\"Karen Bueno\",\"@id\":\"https:\\\/\\\/schoenstatt.com\\\/de\\\/#\\\/schema\\\/person\\\/5158877ad4acae98b34daaeef2a1ce6e\"},\"headline\":\"Dank der Sch\u00f6nstattfamilie f\u00fcr Papst Franziskus\",\"datePublished\":\"2025-04-30T15:59:31+00:00\",\"dateModified\":\"2025-08-20T23:18:01+00:00\",\"mainEntityOfPage\":{\"@id\":\"https:\\\/\\\/schoenstatt.com\\\/de\\\/dank-der-schoenstattfamilie-fuer-papst-franziskus\\\/\"},\"wordCount\":756,\"publisher\":{\"@id\":\"https:\\\/\\\/schoenstatt.com\\\/de\\\/#organization\"},\"image\":{\"@id\":\"https:\\\/\\\/schoenstatt.com\\\/de\\\/dank-der-schoenstattfamilie-fuer-papst-franziskus\\\/#primaryimage\"},\"thumbnailUrl\":\"https:\\\/\\\/schoenstatt.com\\\/wp-content\\\/uploads\\\/2025\\\/04\\\/Mass-for-Pope-Francis.jpg\",\"keywords\":[\"Papst Franziskus\"],\"articleSection\":[\"Papst Franziskus\"],\"inLanguage\":\"de\"},{\"@type\":\"WebPage\",\"@id\":\"https:\\\/\\\/schoenstatt.com\\\/de\\\/dank-der-schoenstattfamilie-fuer-papst-franziskus\\\/\",\"url\":\"https:\\\/\\\/schoenstatt.com\\\/de\\\/dank-der-schoenstattfamilie-fuer-papst-franziskus\\\/\",\"name\":\"Dank der Sch\u00f6nstattfamilie f\u00fcr Papst Franziskus - Schoenstatt\",\"isPartOf\":{\"@id\":\"https:\\\/\\\/schoenstatt.com\\\/de\\\/#website\"},\"primaryImageOfPage\":{\"@id\":\"https:\\\/\\\/schoenstatt.com\\\/de\\\/dank-der-schoenstattfamilie-fuer-papst-franziskus\\\/#primaryimage\"},\"image\":{\"@id\":\"https:\\\/\\\/schoenstatt.com\\\/de\\\/dank-der-schoenstattfamilie-fuer-papst-franziskus\\\/#primaryimage\"},\"thumbnailUrl\":\"https:\\\/\\\/schoenstatt.com\\\/wp-content\\\/uploads\\\/2025\\\/04\\\/Mass-for-Pope-Francis.jpg\",\"datePublished\":\"2025-04-30T15:59:31+00:00\",\"dateModified\":\"2025-08-20T23:18:01+00:00\",\"description\":\"Gedenkgottesdienst f\u00fcr Papst Franziskus in der Anbetungskirche: Ein Ausdruck der Dankbarkeit der gesamten internationalen Sch\u00f6nstattfamilie.\",\"breadcrumb\":{\"@id\":\"https:\\\/\\\/schoenstatt.com\\\/de\\\/dank-der-schoenstattfamilie-fuer-papst-franziskus\\\/#breadcrumb\"},\"inLanguage\":\"de\",\"potentialAction\":[{\"@type\":\"ReadAction\",\"target\":[\"https:\\\/\\\/schoenstatt.com\\\/de\\\/dank-der-schoenstattfamilie-fuer-papst-franziskus\\\/\"]}]},{\"@type\":\"ImageObject\",\"inLanguage\":\"de\",\"@id\":\"https:\\\/\\\/schoenstatt.com\\\/de\\\/dank-der-schoenstattfamilie-fuer-papst-franziskus\\\/#primaryimage\",\"url\":\"https:\\\/\\\/schoenstatt.com\\\/wp-content\\\/uploads\\\/2025\\\/04\\\/Mass-for-Pope-Francis.jpg\",\"contentUrl\":\"https:\\\/\\\/schoenstatt.com\\\/wp-content\\\/uploads\\\/2025\\\/04\\\/Mass-for-Pope-Francis.jpg\",\"width\":2048,\"height\":1042},{\"@type\":\"BreadcrumbList\",\"@id\":\"https:\\\/\\\/schoenstatt.com\\\/de\\\/dank-der-schoenstattfamilie-fuer-papst-franziskus\\\/#breadcrumb\",\"itemListElement\":[{\"@type\":\"ListItem\",\"position\":1,\"name\":\"Portada\",\"item\":\"https:\\\/\\\/schoenstatt.com\\\/de\\\/home\\\/\"},{\"@type\":\"ListItem\",\"position\":2,\"name\":\"Dank der Sch\u00f6nstattfamilie f\u00fcr Papst Franziskus\"}]},{\"@type\":\"WebSite\",\"@id\":\"https:\\\/\\\/schoenstatt.com\\\/de\\\/#website\",\"url\":\"https:\\\/\\\/schoenstatt.com\\\/de\\\/\",\"name\":\"Schoenstatt\",\"description\":\"Apostolic Movement\",\"publisher\":{\"@id\":\"https:\\\/\\\/schoenstatt.com\\\/de\\\/#organization\"},\"potentialAction\":[{\"@type\":\"SearchAction\",\"target\":{\"@type\":\"EntryPoint\",\"urlTemplate\":\"https:\\\/\\\/schoenstatt.com\\\/de\\\/?s={search_term_string}\"},\"query-input\":{\"@type\":\"PropertyValueSpecification\",\"valueRequired\":true,\"valueName\":\"search_term_string\"}}],\"inLanguage\":\"de\"},{\"@type\":\"Organization\",\"@id\":\"https:\\\/\\\/schoenstatt.com\\\/de\\\/#organization\",\"name\":\"Schoenstatt\",\"url\":\"https:\\\/\\\/schoenstatt.com\\\/de\\\/\",\"logo\":{\"@type\":\"ImageObject\",\"inLanguage\":\"de\",\"@id\":\"https:\\\/\\\/schoenstatt.com\\\/de\\\/#\\\/schema\\\/logo\\\/image\\\/\",\"url\":\"https:\\\/\\\/schoenstatt.com\\\/wp-content\\\/uploads\\\/2025\\\/04\\\/logo-schoenstatt-white-696x696-1.png\",\"contentUrl\":\"https:\\\/\\\/schoenstatt.com\\\/wp-content\\\/uploads\\\/2025\\\/04\\\/logo-schoenstatt-white-696x696-1.png\",\"width\":696,\"height\":694,\"caption\":\"Schoenstatt\"},\"image\":{\"@id\":\"https:\\\/\\\/schoenstatt.com\\\/de\\\/#\\\/schema\\\/logo\\\/image\\\/\"}},{\"@type\":\"Person\",\"@id\":\"https:\\\/\\\/schoenstatt.com\\\/de\\\/#\\\/schema\\\/person\\\/5158877ad4acae98b34daaeef2a1ce6e\",\"name\":\"Karen Bueno\",\"image\":{\"@type\":\"ImageObject\",\"inLanguage\":\"de\",\"@id\":\"https:\\\/\\\/secure.gravatar.com\\\/avatar\\\/f9f4b823873154269d2b2130f195f6d41037dd0d7fc5f3cacb5c846bae70d66b?s=96&d=mm&r=g\",\"url\":\"https:\\\/\\\/secure.gravatar.com\\\/avatar\\\/f9f4b823873154269d2b2130f195f6d41037dd0d7fc5f3cacb5c846bae70d66b?s=96&d=mm&r=g\",\"contentUrl\":\"https:\\\/\\\/secure.gravatar.com\\\/avatar\\\/f9f4b823873154269d2b2130f195f6d41037dd0d7fc5f3cacb5c846bae70d66b?s=96&d=mm&r=g\",\"caption\":\"Karen Bueno\"},\"url\":\"https:\\\/\\\/schoenstatt.com\\\/de\\\/author\\\/karen-bueno\\\/\"}]}<\/script>\n<!-- \/ Yoast SEO Premium plugin. -->","yoast_head_json":{"title":"Dank der Sch\u00f6nstattfamilie f\u00fcr Papst Franziskus - Schoenstatt","description":"Gedenkgottesdienst f\u00fcr Papst Franziskus in der Anbetungskirche: Ein Ausdruck der Dankbarkeit der gesamten internationalen Sch\u00f6nstattfamilie.","robots":{"index":"index","follow":"follow","max-snippet":"max-snippet:-1","max-image-preview":"max-image-preview:large","max-video-preview":"max-video-preview:-1"},"canonical":"https:\/\/schoenstatt.com\/de\/dank-der-schoenstattfamilie-fuer-papst-franziskus\/","og_locale":"de_DE","og_type":"article","og_title":"Dank der Sch\u00f6nstattfamilie f\u00fcr Papst Franziskus","og_description":"Gedenkgottesdienst f\u00fcr Papst Franziskus in der Anbetungskirche: Ein Ausdruck der Dankbarkeit der gesamten internationalen Sch\u00f6nstattfamilie.","og_url":"https:\/\/schoenstatt.com\/de\/dank-der-schoenstattfamilie-fuer-papst-franziskus\/","og_site_name":"Schoenstatt","article_published_time":"2025-04-30T15:59:31+00:00","article_modified_time":"2025-08-20T23:18:01+00:00","og_image":[{"url":"https:\/\/schoenstatt.com\/wp-content\/uploads\/2025\/04\/Mass-for-Pope-Francis.jpg","width":2048,"height":1042,"type":"image\/jpeg"}],"author":"Karen Bueno","twitter_card":"summary_large_image","twitter_misc":{"Verfasst von":"Karen Bueno","Gesch\u00e4tzte Lesezeit":"5\u00a0Minuten"},"schema":{"@context":"https:\/\/schema.org","@graph":[{"@type":"Article","@id":"https:\/\/schoenstatt.com\/de\/dank-der-schoenstattfamilie-fuer-papst-franziskus\/#article","isPartOf":{"@id":"https:\/\/schoenstatt.com\/de\/dank-der-schoenstattfamilie-fuer-papst-franziskus\/"},"author":{"name":"Karen Bueno","@id":"https:\/\/schoenstatt.com\/de\/#\/schema\/person\/5158877ad4acae98b34daaeef2a1ce6e"},"headline":"Dank der Sch\u00f6nstattfamilie f\u00fcr Papst Franziskus","datePublished":"2025-04-30T15:59:31+00:00","dateModified":"2025-08-20T23:18:01+00:00","mainEntityOfPage":{"@id":"https:\/\/schoenstatt.com\/de\/dank-der-schoenstattfamilie-fuer-papst-franziskus\/"},"wordCount":756,"publisher":{"@id":"https:\/\/schoenstatt.com\/de\/#organization"},"image":{"@id":"https:\/\/schoenstatt.com\/de\/dank-der-schoenstattfamilie-fuer-papst-franziskus\/#primaryimage"},"thumbnailUrl":"https:\/\/schoenstatt.com\/wp-content\/uploads\/2025\/04\/Mass-for-Pope-Francis.jpg","keywords":["Papst Franziskus"],"articleSection":["Papst Franziskus"],"inLanguage":"de"},{"@type":"WebPage","@id":"https:\/\/schoenstatt.com\/de\/dank-der-schoenstattfamilie-fuer-papst-franziskus\/","url":"https:\/\/schoenstatt.com\/de\/dank-der-schoenstattfamilie-fuer-papst-franziskus\/","name":"Dank der Sch\u00f6nstattfamilie f\u00fcr Papst Franziskus - Schoenstatt","isPartOf":{"@id":"https:\/\/schoenstatt.com\/de\/#website"},"primaryImageOfPage":{"@id":"https:\/\/schoenstatt.com\/de\/dank-der-schoenstattfamilie-fuer-papst-franziskus\/#primaryimage"},"image":{"@id":"https:\/\/schoenstatt.com\/de\/dank-der-schoenstattfamilie-fuer-papst-franziskus\/#primaryimage"},"thumbnailUrl":"https:\/\/schoenstatt.com\/wp-content\/uploads\/2025\/04\/Mass-for-Pope-Francis.jpg","datePublished":"2025-04-30T15:59:31+00:00","dateModified":"2025-08-20T23:18:01+00:00","description":"Gedenkgottesdienst f\u00fcr Papst Franziskus in der Anbetungskirche: Ein Ausdruck der Dankbarkeit der gesamten internationalen Sch\u00f6nstattfamilie.","breadcrumb":{"@id":"https:\/\/schoenstatt.com\/de\/dank-der-schoenstattfamilie-fuer-papst-franziskus\/#breadcrumb"},"inLanguage":"de","potentialAction":[{"@type":"ReadAction","target":["https:\/\/schoenstatt.com\/de\/dank-der-schoenstattfamilie-fuer-papst-franziskus\/"]}]},{"@type":"ImageObject","inLanguage":"de","@id":"https:\/\/schoenstatt.com\/de\/dank-der-schoenstattfamilie-fuer-papst-franziskus\/#primaryimage","url":"https:\/\/schoenstatt.com\/wp-content\/uploads\/2025\/04\/Mass-for-Pope-Francis.jpg","contentUrl":"https:\/\/schoenstatt.com\/wp-content\/uploads\/2025\/04\/Mass-for-Pope-Francis.jpg","width":2048,"height":1042},{"@type":"BreadcrumbList","@id":"https:\/\/schoenstatt.com\/de\/dank-der-schoenstattfamilie-fuer-papst-franziskus\/#breadcrumb","itemListElement":[{"@type":"ListItem","position":1,"name":"Portada","item":"https:\/\/schoenstatt.com\/de\/home\/"},{"@type":"ListItem","position":2,"name":"Dank der Sch\u00f6nstattfamilie f\u00fcr Papst Franziskus"}]},{"@type":"WebSite","@id":"https:\/\/schoenstatt.com\/de\/#website","url":"https:\/\/schoenstatt.com\/de\/","name":"Schoenstatt","description":"Apostolic Movement","publisher":{"@id":"https:\/\/schoenstatt.com\/de\/#organization"},"potentialAction":[{"@type":"SearchAction","target":{"@type":"EntryPoint","urlTemplate":"https:\/\/schoenstatt.com\/de\/?s={search_term_string}"},"query-input":{"@type":"PropertyValueSpecification","valueRequired":true,"valueName":"search_term_string"}}],"inLanguage":"de"},{"@type":"Organization","@id":"https:\/\/schoenstatt.com\/de\/#organization","name":"Schoenstatt","url":"https:\/\/schoenstatt.com\/de\/","logo":{"@type":"ImageObject","inLanguage":"de","@id":"https:\/\/schoenstatt.com\/de\/#\/schema\/logo\/image\/","url":"https:\/\/schoenstatt.com\/wp-content\/uploads\/2025\/04\/logo-schoenstatt-white-696x696-1.png","contentUrl":"https:\/\/schoenstatt.com\/wp-content\/uploads\/2025\/04\/logo-schoenstatt-white-696x696-1.png","width":696,"height":694,"caption":"Schoenstatt"},"image":{"@id":"https:\/\/schoenstatt.com\/de\/#\/schema\/logo\/image\/"}},{"@type":"Person","@id":"https:\/\/schoenstatt.com\/de\/#\/schema\/person\/5158877ad4acae98b34daaeef2a1ce6e","name":"Karen Bueno","image":{"@type":"ImageObject","inLanguage":"de","@id":"https:\/\/secure.gravatar.com\/avatar\/f9f4b823873154269d2b2130f195f6d41037dd0d7fc5f3cacb5c846bae70d66b?s=96&d=mm&r=g","url":"https:\/\/secure.gravatar.com\/avatar\/f9f4b823873154269d2b2130f195f6d41037dd0d7fc5f3cacb5c846bae70d66b?s=96&d=mm&r=g","contentUrl":"https:\/\/secure.gravatar.com\/avatar\/f9f4b823873154269d2b2130f195f6d41037dd0d7fc5f3cacb5c846bae70d66b?s=96&d=mm&r=g","caption":"Karen Bueno"},"url":"https:\/\/schoenstatt.com\/de\/author\/karen-bueno\/"}]}},"_links":{"self":[{"href":"https:\/\/schoenstatt.com\/de\/wp-json\/wp\/v2\/posts\/53323","targetHints":{"allow":["GET"]}}],"collection":[{"href":"https:\/\/schoenstatt.com\/de\/wp-json\/wp\/v2\/posts"}],"about":[{"href":"https:\/\/schoenstatt.com\/de\/wp-json\/wp\/v2\/types\/post"}],"author":[{"embeddable":true,"href":"https:\/\/schoenstatt.com\/de\/wp-json\/wp\/v2\/users\/3"}],"replies":[{"embeddable":true,"href":"https:\/\/schoenstatt.com\/de\/wp-json\/wp\/v2\/comments?post=53323"}],"version-history":[{"count":2,"href":"https:\/\/schoenstatt.com\/de\/wp-json\/wp\/v2\/posts\/53323\/revisions"}],"predecessor-version":[{"id":62921,"href":"https:\/\/schoenstatt.com\/de\/wp-json\/wp\/v2\/posts\/53323\/revisions\/62921"}],"wp:featuredmedia":[{"embeddable":true,"href":"https:\/\/schoenstatt.com\/de\/wp-json\/wp\/v2\/media\/53288"}],"wp:attachment":[{"href":"https:\/\/schoenstatt.com\/de\/wp-json\/wp\/v2\/media?parent=53323"}],"wp:term":[{"taxonomy":"category","embeddable":true,"href":"https:\/\/schoenstatt.com\/de\/wp-json\/wp\/v2\/categories?post=53323"},{"taxonomy":"post_tag","embeddable":true,"href":"https:\/\/schoenstatt.com\/de\/wp-json\/wp\/v2\/tags?post=53323"}],"curies":[{"name":"wp","href":"https:\/\/api.w.org\/{rel}","templated":true}]}}