{"id":53134,"date":"2025-04-15T19:58:20","date_gmt":"2025-04-15T17:58:20","guid":{"rendered":"https:\/\/schoenstatt.com\/?p=53134"},"modified":"2025-08-19T21:15:56","modified_gmt":"2025-08-19T19:15:56","slug":"pilger-der-freude-75-jaehriges-jubilaeum-des-familienbundes","status":"publish","type":"post","link":"https:\/\/schoenstatt.com\/de\/pilger-der-freude-75-jaehriges-jubilaeum-des-familienbundes\/","title":{"rendered":"Pilger der Freude: 75-j\u00e4hriges Jubil\u00e4um des Familienbundes"},"content":{"rendered":"\n<p>Im Jahr 2025 wird der <a href=\"https:\/\/schoenstatt.com\/de\/in-gemeinschaft\/famile\/internationaler-apostolischer-schoenstatt-familienbund\/\"><mark style=\"color:#ea7212\" class=\"has-inline-color\">Internationale Apostolische Sch\u00f6nstatt- Familienbund<\/mark><\/a> sein 75-j\u00e4hriges Jubil\u00e4um feiern. Um diese Zeit der Gnade zu betonnen, wird ein internationales Treffen in Sch\u00f6nstatt stattfinden und Familien aus der ganzen Welt werden das Jubil\u00e4um feiern.<\/p>\n\n\n\n<p>Die Gr\u00fcndung des <a href=\"https:\/\/fafis.org\/de\/home-1-deutsch\/\" target=\"_blank\" rel=\"noreferrer noopener\"><mark style=\"color:#ea7212\" class=\"has-inline-color\">Familienbundes<\/mark><\/a> fand am Dreifaltigkeitssonntag, dem 4. Juni 1950, mit der Aufnahme der Familien des Ersten Kurses aus Deutschland zur ersten Weihe durch den Gr\u00fcnder im Urheiligtum statt.<\/p>\n\n\n\n<p>Dieses Ereignis, das bald 75 Jahre alt wird, bedeutete der Beginn einer neuen \u201cpars motrix\u201d Gemeinschaft, die zum Familienwerk der Bewegung geh\u00f6rt. Jahrzehnte sp\u00e4ter w\u00fcrde es zu neue Gr\u00fcndungen in verschiedenen L\u00e4ndern Afrikas, Amerikas und Europas f\u00fchren bis die Anzahl von 20 Territorien erreicht wurde aus denen der Familienbund heute besteht.<\/p>\n\n\n\n<h3 class=\"wp-block-heading\" id=\"h-eine-internationale-begegnung\">Eine internationale Begegnung<\/h3>\n\n\n\n<p>Aus diesem Grund und in Erf\u00fcllung eines gemeinsamen Wunsches, der auf dem letzten Generalkapitel im Jahr 2022 ge\u00e4u\u00dfert wurde, haben wir entschlossen ein internationales Treffen unter dem Motto \u201ePilger der Freude, vamos Familia \u201c durchzuf\u00fchren das vom 13. bis 15. Juni in Sch\u00f6nstatt stattfindet.<\/p>\n\n\n\n<figure class=\"wp-block-image size-full\"><img decoding=\"async\" src=\"https:\/\/schoenstatt.com\/wp-content\/uploads\/2025\/04\/Logo-Schoenstatt-Family-Federation.png\" alt=\"\" class=\"wp-image-44504\" \/><\/figure>\n\n\n\n<p>Im Rahmen dieses Jubil\u00e4umsjahr der Hoffnung, zu dem uns die Kirche aufruft, und ausgehend von der Feier eines historischen Ereignisses, das unsere Identit\u00e4t pr\u00e4gt, hoffen wir, dass dieses Treffen uns erm\u00f6glicht, ein dreifaches Ziel zu erreichen:<\/p>\n\n\n\n<ul class=\"wp-block-list\">\n<li>an unseren Gr\u00fcnder und an die Gr\u00fcndergeneration f\u00fcr ihr Engagement und ihren Mut zu erinnern und uns ihnen daf\u00fcr bedanken,<\/li>\n\n\n\n<li>die Realit\u00e4t der verschiedenen Territorien und die Verbindungen zwischen ihnen zu f\u00f6rdern und bekannt zu machen und<\/li>\n\n\n\n<li>das Sendungsbewusstsein untereinander neu zu entz\u00fcnden und \u00fcber den Aufruf unserer apostolischen Berufung im Dienst der Kirche inmitten der Herausforderungen der Gesellschaft und der Welt nachzudenken.<\/li>\n<\/ul>\n\n\n\n<p><\/p>\n\n\n\n<p>Der Deutsche Familienbund als Gastgeber hat ein Kernteam gebildet, das engen Kontakt mit der Internationalen Leitung hat. Sie haben ein vielf\u00e4ltiges und attraktives Programm vorbereitet und alle logistischen Aspekte das ein solches Treffen mit sich bringt ber\u00fccksichtigt.<\/p>\n\n\n\n<p><strong>Mehr als 400 Personen<\/strong> aus den verschiedenen Territorien werden sich drei Tage in Sch\u00f6nstatt versammeln. Sie werden in den verschiedenen H\u00e4usern der Umgebung unterbringen und die Pilgerkirche, das Urheiligtum, das Bundesheim und andere Einrichtungen besuchen, wo die verschiedenen Aktivit\u00e4ten stattfinden werden.<\/p>\n\n\n\n<p>Das Programm wurde unter dem Leitgedanken \u201eVergangenheit, Gegenwart und Zukunft\u201c des Lebens unseres Familienbundes empfangen. Das Programm der Veranstaltung besteht aus liturgischen Feiern, thematischen Gespr\u00e4chen pers\u00f6hnlicher Zeugnissen, videos, interviews, Ausstellungen, Workshops und zum Schluss, ein Nachtfeuer worum Musik gespielt wird.<\/p>\n\n\n\n<p>Einer der H\u00f6hepunkte wird die Erneuerung der Weihe als Familienbund vor dem Urheiligtum am Samstagnachmittag, den 14. Juni.<\/p>\n\n\n\n<h3 class=\"wp-block-heading\" id=\"h-sendungsgottesdienst\">Sendungsgottesdienst<\/h3>\n\n\n\n<p>Am Sonntag, 15. Juni, besuchen wir den \u201eJosef-Kentenich-Hof\u201c in Hillscheid (Sitz des Deutschen und Internationalen Familienbundes), nicht weit von Sch\u00f6nstatt entfernt, und nehmen nacher teil am Sendungsgottesdienst vor dem Deutschen und Internationalen Heiligtum des Familienbundes \u201eFamilie libertate in Patre\u201c , die von Erzbischof von Fulda Michael Gerber geleitet wird, wer selber Mitglied von Di\u00f6zesanpriester Verband ist.<\/p>\n\n\n\n<p>Mit der Teilnahme aller Familien, die ihre Anwesenheit bereits zugesagt haben, und dank der fleissigen Arbeit des Kernteams, sind wir zuversichtlich, dass es eine sehr erfreuliche und inspirierende gemeinsame Erfahrung sein wird.<\/p>\n\n\n\n<p>Wie bei jeder Pilgerfahrt werden die geistliche Vorbereitung und die Einstellung, mit der wir uns auf den Weg machen, sehr wichtig sein. In diesem Sinne scheint es angebracht, an einen Satz aus dem Vorbereitungsgebet f\u00fcr dieses Jubil\u00e4um zu erinnern:<\/p>\n\n\n\n<blockquote class=\"wp-block-quote is-layout-flow wp-block-quote-is-layout-flow\">\n<p class=\"has-text-color has-link-color wp-elements-94dfa5b0dc40bbcc725dafa7521255b1\" style=\"color:#ea7212;margin-top:0;margin-right:0;margin-bottom:0;margin-left:0\"><em>\u2026 \u201cLiebe Gottesmutter<\/em><\/p>\n\n\n\n<p class=\"has-text-color has-link-color wp-elements-bd7076cbd2d50832a8d3f43b2a52310a\" style=\"color:#ea7212;margin-top:0;margin-right:0;margin-bottom:0;margin-left:0\"><em>Erflehe uns den Heiligen Geist, dass er uns in dieser Zeit der Gnade Erneuerung schenkt, damit wir die Zeitgeister richtig deuten k\u00f6nnen, und mit dem Pilgerstock in der Hand uns mutig auf den Weg machen und uns mit &#8218;brennenden Herzen&#8216; dort einsetzen, wo Du uns als Deine Werkzeuge brauchst.\u201d<\/em><\/p>\n<\/blockquote>\n\n\n\n<p>Wir bleiben true!!!<\/p>\n\n\n\n<p><strong>\u00dcbersetzung:<\/strong> Juan Francisco Vi\u00f1as<\/p>\n","protected":false},"excerpt":{"rendered":"<p>Mehr als 400 Personen  versammeln sich in Sch\u00f6nstatt, um das 75-j\u00e4hrige Jubil\u00e4um des Apostolischen Familienbundes zu feiern. <\/p>\n","protected":false},"author":3,"featured_media":53135,"comment_status":"closed","ping_status":"closed","sticky":false,"template":"","format":"standard","meta":{"footnotes":""},"categories":[874,907],"tags":[941,774,1043,1147],"class_list":["post-53134","post","type-post","status-publish","format-standard","has-post-thumbnail","hentry","category-familie-de","category-schoenstatt-gemeinschaften-de","tag-apostolischer-bund-de","tag-familie-de","tag-jubilaum-de","tag-schonstatt-familienbund-de"],"yoast_head":"<!-- This site is optimized with the Yoast SEO Premium plugin v27.4 (Yoast SEO v27.5) - https:\/\/yoast.com\/product\/yoast-seo-premium-wordpress\/ -->\n<title>Pilger der Freude: 75-j\u00e4hriges Jubil\u00e4um des Familienbundes - Schoenstatt<\/title>\n<meta name=\"description\" content=\"Mehr als 400 Personen versammeln sich in Sch\u00f6nstatt, um das 75-j\u00e4hrige Jubil\u00e4um des Apostolischen Familienbundes zu feiern.\" \/>\n<meta name=\"robots\" content=\"index, follow, max-snippet:-1, max-image-preview:large, max-video-preview:-1\" \/>\n<link rel=\"canonical\" href=\"https:\/\/schoenstatt.com\/de\/pilger-der-freude-75-jaehriges-jubilaeum-des-familienbundes\/\" \/>\n<meta property=\"og:locale\" content=\"de_DE\" \/>\n<meta property=\"og:type\" content=\"article\" \/>\n<meta property=\"og:title\" content=\"Pilger der Freude: 75-j\u00e4hriges Jubil\u00e4um des Familienbundes\" \/>\n<meta property=\"og:description\" content=\"Mehr als 400 Personen versammeln sich in Sch\u00f6nstatt, um das 75-j\u00e4hrige Jubil\u00e4um des Apostolischen Familienbundes zu feiern.\" \/>\n<meta property=\"og:url\" content=\"https:\/\/schoenstatt.com\/de\/pilger-der-freude-75-jaehriges-jubilaeum-des-familienbundes\/\" \/>\n<meta property=\"og:site_name\" content=\"Schoenstatt\" \/>\n<meta property=\"article:published_time\" content=\"2025-04-15T17:58:20+00:00\" \/>\n<meta property=\"article:modified_time\" content=\"2025-08-19T19:15:56+00:00\" \/>\n<meta property=\"og:image\" content=\"https:\/\/schoenstatt.com\/wp-content\/uploads\/2024\/06\/federacion-de-familias-family-federation-1-1.jpg\" \/>\n\t<meta property=\"og:image:width\" content=\"1252\" \/>\n\t<meta property=\"og:image:height\" content=\"960\" \/>\n\t<meta property=\"og:image:type\" content=\"image\/jpeg\" \/>\n<meta name=\"author\" content=\"Karen Bueno\" \/>\n<meta name=\"twitter:card\" content=\"summary_large_image\" \/>\n<meta name=\"twitter:label1\" content=\"Verfasst von\" \/>\n\t<meta name=\"twitter:data1\" content=\"Karen Bueno\" \/>\n\t<meta name=\"twitter:label2\" content=\"Gesch\u00e4tzte Lesezeit\" \/>\n\t<meta name=\"twitter:data2\" content=\"3\u00a0Minuten\" \/>\n<script type=\"application\/ld+json\" class=\"yoast-schema-graph\">{\"@context\":\"https:\\\/\\\/schema.org\",\"@graph\":[{\"@type\":\"Article\",\"@id\":\"https:\\\/\\\/schoenstatt.com\\\/de\\\/pilger-der-freude-75-jaehriges-jubilaeum-des-familienbundes\\\/#article\",\"isPartOf\":{\"@id\":\"https:\\\/\\\/schoenstatt.com\\\/de\\\/pilger-der-freude-75-jaehriges-jubilaeum-des-familienbundes\\\/\"},\"author\":{\"name\":\"Karen Bueno\",\"@id\":\"https:\\\/\\\/schoenstatt.com\\\/de\\\/#\\\/schema\\\/person\\\/5158877ad4acae98b34daaeef2a1ce6e\"},\"headline\":\"Pilger der Freude: 75-j\u00e4hriges Jubil\u00e4um des Familienbundes\",\"datePublished\":\"2025-04-15T17:58:20+00:00\",\"dateModified\":\"2025-08-19T19:15:56+00:00\",\"mainEntityOfPage\":{\"@id\":\"https:\\\/\\\/schoenstatt.com\\\/de\\\/pilger-der-freude-75-jaehriges-jubilaeum-des-familienbundes\\\/\"},\"wordCount\":625,\"publisher\":{\"@id\":\"https:\\\/\\\/schoenstatt.com\\\/de\\\/#organization\"},\"image\":{\"@id\":\"https:\\\/\\\/schoenstatt.com\\\/de\\\/pilger-der-freude-75-jaehriges-jubilaeum-des-familienbundes\\\/#primaryimage\"},\"thumbnailUrl\":\"https:\\\/\\\/schoenstatt.com\\\/wp-content\\\/uploads\\\/2024\\\/06\\\/federacion-de-familias-family-federation-1-1.jpg\",\"keywords\":[\"Apostolischer Bund\",\"Familie\",\"Jubil\u00e4um\",\"Sch\u00f6nstatt-Familienbund\"],\"articleSection\":[\"Familie\",\"Schoenstatt Gemeinschaften\"],\"inLanguage\":\"de\"},{\"@type\":\"WebPage\",\"@id\":\"https:\\\/\\\/schoenstatt.com\\\/de\\\/pilger-der-freude-75-jaehriges-jubilaeum-des-familienbundes\\\/\",\"url\":\"https:\\\/\\\/schoenstatt.com\\\/de\\\/pilger-der-freude-75-jaehriges-jubilaeum-des-familienbundes\\\/\",\"name\":\"Pilger der Freude: 75-j\u00e4hriges Jubil\u00e4um des Familienbundes - Schoenstatt\",\"isPartOf\":{\"@id\":\"https:\\\/\\\/schoenstatt.com\\\/de\\\/#website\"},\"primaryImageOfPage\":{\"@id\":\"https:\\\/\\\/schoenstatt.com\\\/de\\\/pilger-der-freude-75-jaehriges-jubilaeum-des-familienbundes\\\/#primaryimage\"},\"image\":{\"@id\":\"https:\\\/\\\/schoenstatt.com\\\/de\\\/pilger-der-freude-75-jaehriges-jubilaeum-des-familienbundes\\\/#primaryimage\"},\"thumbnailUrl\":\"https:\\\/\\\/schoenstatt.com\\\/wp-content\\\/uploads\\\/2024\\\/06\\\/federacion-de-familias-family-federation-1-1.jpg\",\"datePublished\":\"2025-04-15T17:58:20+00:00\",\"dateModified\":\"2025-08-19T19:15:56+00:00\",\"description\":\"Mehr als 400 Personen versammeln sich in Sch\u00f6nstatt, um das 75-j\u00e4hrige Jubil\u00e4um des Apostolischen Familienbundes zu feiern.\",\"breadcrumb\":{\"@id\":\"https:\\\/\\\/schoenstatt.com\\\/de\\\/pilger-der-freude-75-jaehriges-jubilaeum-des-familienbundes\\\/#breadcrumb\"},\"inLanguage\":\"de\",\"potentialAction\":[{\"@type\":\"ReadAction\",\"target\":[\"https:\\\/\\\/schoenstatt.com\\\/de\\\/pilger-der-freude-75-jaehriges-jubilaeum-des-familienbundes\\\/\"]}]},{\"@type\":\"ImageObject\",\"inLanguage\":\"de\",\"@id\":\"https:\\\/\\\/schoenstatt.com\\\/de\\\/pilger-der-freude-75-jaehriges-jubilaeum-des-familienbundes\\\/#primaryimage\",\"url\":\"https:\\\/\\\/schoenstatt.com\\\/wp-content\\\/uploads\\\/2024\\\/06\\\/federacion-de-familias-family-federation-1-1.jpg\",\"contentUrl\":\"https:\\\/\\\/schoenstatt.com\\\/wp-content\\\/uploads\\\/2024\\\/06\\\/federacion-de-familias-family-federation-1-1.jpg\",\"width\":1252,\"height\":960},{\"@type\":\"BreadcrumbList\",\"@id\":\"https:\\\/\\\/schoenstatt.com\\\/de\\\/pilger-der-freude-75-jaehriges-jubilaeum-des-familienbundes\\\/#breadcrumb\",\"itemListElement\":[{\"@type\":\"ListItem\",\"position\":1,\"name\":\"Portada\",\"item\":\"https:\\\/\\\/schoenstatt.com\\\/de\\\/home\\\/\"},{\"@type\":\"ListItem\",\"position\":2,\"name\":\"Pilger der Freude: 75-j\u00e4hriges Jubil\u00e4um des Familienbundes\"}]},{\"@type\":\"WebSite\",\"@id\":\"https:\\\/\\\/schoenstatt.com\\\/de\\\/#website\",\"url\":\"https:\\\/\\\/schoenstatt.com\\\/de\\\/\",\"name\":\"Schoenstatt\",\"description\":\"Apostolic Movement\",\"publisher\":{\"@id\":\"https:\\\/\\\/schoenstatt.com\\\/de\\\/#organization\"},\"potentialAction\":[{\"@type\":\"SearchAction\",\"target\":{\"@type\":\"EntryPoint\",\"urlTemplate\":\"https:\\\/\\\/schoenstatt.com\\\/de\\\/?s={search_term_string}\"},\"query-input\":{\"@type\":\"PropertyValueSpecification\",\"valueRequired\":true,\"valueName\":\"search_term_string\"}}],\"inLanguage\":\"de\"},{\"@type\":\"Organization\",\"@id\":\"https:\\\/\\\/schoenstatt.com\\\/de\\\/#organization\",\"name\":\"Schoenstatt\",\"url\":\"https:\\\/\\\/schoenstatt.com\\\/de\\\/\",\"logo\":{\"@type\":\"ImageObject\",\"inLanguage\":\"de\",\"@id\":\"https:\\\/\\\/schoenstatt.com\\\/de\\\/#\\\/schema\\\/logo\\\/image\\\/\",\"url\":\"https:\\\/\\\/schoenstatt.com\\\/wp-content\\\/uploads\\\/2025\\\/04\\\/logo-schoenstatt-white-696x696-1.png\",\"contentUrl\":\"https:\\\/\\\/schoenstatt.com\\\/wp-content\\\/uploads\\\/2025\\\/04\\\/logo-schoenstatt-white-696x696-1.png\",\"width\":696,\"height\":694,\"caption\":\"Schoenstatt\"},\"image\":{\"@id\":\"https:\\\/\\\/schoenstatt.com\\\/de\\\/#\\\/schema\\\/logo\\\/image\\\/\"}},{\"@type\":\"Person\",\"@id\":\"https:\\\/\\\/schoenstatt.com\\\/de\\\/#\\\/schema\\\/person\\\/5158877ad4acae98b34daaeef2a1ce6e\",\"name\":\"Karen Bueno\",\"image\":{\"@type\":\"ImageObject\",\"inLanguage\":\"de\",\"@id\":\"https:\\\/\\\/secure.gravatar.com\\\/avatar\\\/f9f4b823873154269d2b2130f195f6d41037dd0d7fc5f3cacb5c846bae70d66b?s=96&d=mm&r=g\",\"url\":\"https:\\\/\\\/secure.gravatar.com\\\/avatar\\\/f9f4b823873154269d2b2130f195f6d41037dd0d7fc5f3cacb5c846bae70d66b?s=96&d=mm&r=g\",\"contentUrl\":\"https:\\\/\\\/secure.gravatar.com\\\/avatar\\\/f9f4b823873154269d2b2130f195f6d41037dd0d7fc5f3cacb5c846bae70d66b?s=96&d=mm&r=g\",\"caption\":\"Karen Bueno\"},\"url\":\"https:\\\/\\\/schoenstatt.com\\\/de\\\/author\\\/karen-bueno\\\/\"}]}<\/script>\n<!-- \/ Yoast SEO Premium plugin. -->","yoast_head_json":{"title":"Pilger der Freude: 75-j\u00e4hriges Jubil\u00e4um des Familienbundes - Schoenstatt","description":"Mehr als 400 Personen versammeln sich in Sch\u00f6nstatt, um das 75-j\u00e4hrige Jubil\u00e4um des Apostolischen Familienbundes zu feiern.","robots":{"index":"index","follow":"follow","max-snippet":"max-snippet:-1","max-image-preview":"max-image-preview:large","max-video-preview":"max-video-preview:-1"},"canonical":"https:\/\/schoenstatt.com\/de\/pilger-der-freude-75-jaehriges-jubilaeum-des-familienbundes\/","og_locale":"de_DE","og_type":"article","og_title":"Pilger der Freude: 75-j\u00e4hriges Jubil\u00e4um des Familienbundes","og_description":"Mehr als 400 Personen versammeln sich in Sch\u00f6nstatt, um das 75-j\u00e4hrige Jubil\u00e4um des Apostolischen Familienbundes zu feiern.","og_url":"https:\/\/schoenstatt.com\/de\/pilger-der-freude-75-jaehriges-jubilaeum-des-familienbundes\/","og_site_name":"Schoenstatt","article_published_time":"2025-04-15T17:58:20+00:00","article_modified_time":"2025-08-19T19:15:56+00:00","og_image":[{"width":1252,"height":960,"url":"https:\/\/schoenstatt.com\/wp-content\/uploads\/2024\/06\/federacion-de-familias-family-federation-1-1.jpg","type":"image\/jpeg"}],"author":"Karen Bueno","twitter_card":"summary_large_image","twitter_misc":{"Verfasst von":"Karen Bueno","Gesch\u00e4tzte Lesezeit":"3\u00a0Minuten"},"schema":{"@context":"https:\/\/schema.org","@graph":[{"@type":"Article","@id":"https:\/\/schoenstatt.com\/de\/pilger-der-freude-75-jaehriges-jubilaeum-des-familienbundes\/#article","isPartOf":{"@id":"https:\/\/schoenstatt.com\/de\/pilger-der-freude-75-jaehriges-jubilaeum-des-familienbundes\/"},"author":{"name":"Karen Bueno","@id":"https:\/\/schoenstatt.com\/de\/#\/schema\/person\/5158877ad4acae98b34daaeef2a1ce6e"},"headline":"Pilger der Freude: 75-j\u00e4hriges Jubil\u00e4um des Familienbundes","datePublished":"2025-04-15T17:58:20+00:00","dateModified":"2025-08-19T19:15:56+00:00","mainEntityOfPage":{"@id":"https:\/\/schoenstatt.com\/de\/pilger-der-freude-75-jaehriges-jubilaeum-des-familienbundes\/"},"wordCount":625,"publisher":{"@id":"https:\/\/schoenstatt.com\/de\/#organization"},"image":{"@id":"https:\/\/schoenstatt.com\/de\/pilger-der-freude-75-jaehriges-jubilaeum-des-familienbundes\/#primaryimage"},"thumbnailUrl":"https:\/\/schoenstatt.com\/wp-content\/uploads\/2024\/06\/federacion-de-familias-family-federation-1-1.jpg","keywords":["Apostolischer Bund","Familie","Jubil\u00e4um","Sch\u00f6nstatt-Familienbund"],"articleSection":["Familie","Schoenstatt Gemeinschaften"],"inLanguage":"de"},{"@type":"WebPage","@id":"https:\/\/schoenstatt.com\/de\/pilger-der-freude-75-jaehriges-jubilaeum-des-familienbundes\/","url":"https:\/\/schoenstatt.com\/de\/pilger-der-freude-75-jaehriges-jubilaeum-des-familienbundes\/","name":"Pilger der Freude: 75-j\u00e4hriges Jubil\u00e4um des Familienbundes - Schoenstatt","isPartOf":{"@id":"https:\/\/schoenstatt.com\/de\/#website"},"primaryImageOfPage":{"@id":"https:\/\/schoenstatt.com\/de\/pilger-der-freude-75-jaehriges-jubilaeum-des-familienbundes\/#primaryimage"},"image":{"@id":"https:\/\/schoenstatt.com\/de\/pilger-der-freude-75-jaehriges-jubilaeum-des-familienbundes\/#primaryimage"},"thumbnailUrl":"https:\/\/schoenstatt.com\/wp-content\/uploads\/2024\/06\/federacion-de-familias-family-federation-1-1.jpg","datePublished":"2025-04-15T17:58:20+00:00","dateModified":"2025-08-19T19:15:56+00:00","description":"Mehr als 400 Personen versammeln sich in Sch\u00f6nstatt, um das 75-j\u00e4hrige Jubil\u00e4um des Apostolischen Familienbundes zu feiern.","breadcrumb":{"@id":"https:\/\/schoenstatt.com\/de\/pilger-der-freude-75-jaehriges-jubilaeum-des-familienbundes\/#breadcrumb"},"inLanguage":"de","potentialAction":[{"@type":"ReadAction","target":["https:\/\/schoenstatt.com\/de\/pilger-der-freude-75-jaehriges-jubilaeum-des-familienbundes\/"]}]},{"@type":"ImageObject","inLanguage":"de","@id":"https:\/\/schoenstatt.com\/de\/pilger-der-freude-75-jaehriges-jubilaeum-des-familienbundes\/#primaryimage","url":"https:\/\/schoenstatt.com\/wp-content\/uploads\/2024\/06\/federacion-de-familias-family-federation-1-1.jpg","contentUrl":"https:\/\/schoenstatt.com\/wp-content\/uploads\/2024\/06\/federacion-de-familias-family-federation-1-1.jpg","width":1252,"height":960},{"@type":"BreadcrumbList","@id":"https:\/\/schoenstatt.com\/de\/pilger-der-freude-75-jaehriges-jubilaeum-des-familienbundes\/#breadcrumb","itemListElement":[{"@type":"ListItem","position":1,"name":"Portada","item":"https:\/\/schoenstatt.com\/de\/home\/"},{"@type":"ListItem","position":2,"name":"Pilger der Freude: 75-j\u00e4hriges Jubil\u00e4um des Familienbundes"}]},{"@type":"WebSite","@id":"https:\/\/schoenstatt.com\/de\/#website","url":"https:\/\/schoenstatt.com\/de\/","name":"Schoenstatt","description":"Apostolic Movement","publisher":{"@id":"https:\/\/schoenstatt.com\/de\/#organization"},"potentialAction":[{"@type":"SearchAction","target":{"@type":"EntryPoint","urlTemplate":"https:\/\/schoenstatt.com\/de\/?s={search_term_string}"},"query-input":{"@type":"PropertyValueSpecification","valueRequired":true,"valueName":"search_term_string"}}],"inLanguage":"de"},{"@type":"Organization","@id":"https:\/\/schoenstatt.com\/de\/#organization","name":"Schoenstatt","url":"https:\/\/schoenstatt.com\/de\/","logo":{"@type":"ImageObject","inLanguage":"de","@id":"https:\/\/schoenstatt.com\/de\/#\/schema\/logo\/image\/","url":"https:\/\/schoenstatt.com\/wp-content\/uploads\/2025\/04\/logo-schoenstatt-white-696x696-1.png","contentUrl":"https:\/\/schoenstatt.com\/wp-content\/uploads\/2025\/04\/logo-schoenstatt-white-696x696-1.png","width":696,"height":694,"caption":"Schoenstatt"},"image":{"@id":"https:\/\/schoenstatt.com\/de\/#\/schema\/logo\/image\/"}},{"@type":"Person","@id":"https:\/\/schoenstatt.com\/de\/#\/schema\/person\/5158877ad4acae98b34daaeef2a1ce6e","name":"Karen Bueno","image":{"@type":"ImageObject","inLanguage":"de","@id":"https:\/\/secure.gravatar.com\/avatar\/f9f4b823873154269d2b2130f195f6d41037dd0d7fc5f3cacb5c846bae70d66b?s=96&d=mm&r=g","url":"https:\/\/secure.gravatar.com\/avatar\/f9f4b823873154269d2b2130f195f6d41037dd0d7fc5f3cacb5c846bae70d66b?s=96&d=mm&r=g","contentUrl":"https:\/\/secure.gravatar.com\/avatar\/f9f4b823873154269d2b2130f195f6d41037dd0d7fc5f3cacb5c846bae70d66b?s=96&d=mm&r=g","caption":"Karen Bueno"},"url":"https:\/\/schoenstatt.com\/de\/author\/karen-bueno\/"}]}},"_links":{"self":[{"href":"https:\/\/schoenstatt.com\/de\/wp-json\/wp\/v2\/posts\/53134","targetHints":{"allow":["GET"]}}],"collection":[{"href":"https:\/\/schoenstatt.com\/de\/wp-json\/wp\/v2\/posts"}],"about":[{"href":"https:\/\/schoenstatt.com\/de\/wp-json\/wp\/v2\/types\/post"}],"author":[{"embeddable":true,"href":"https:\/\/schoenstatt.com\/de\/wp-json\/wp\/v2\/users\/3"}],"replies":[{"embeddable":true,"href":"https:\/\/schoenstatt.com\/de\/wp-json\/wp\/v2\/comments?post=53134"}],"version-history":[{"count":7,"href":"https:\/\/schoenstatt.com\/de\/wp-json\/wp\/v2\/posts\/53134\/revisions"}],"predecessor-version":[{"id":62744,"href":"https:\/\/schoenstatt.com\/de\/wp-json\/wp\/v2\/posts\/53134\/revisions\/62744"}],"wp:featuredmedia":[{"embeddable":true,"href":"https:\/\/schoenstatt.com\/de\/wp-json\/wp\/v2\/media\/53135"}],"wp:attachment":[{"href":"https:\/\/schoenstatt.com\/de\/wp-json\/wp\/v2\/media?parent=53134"}],"wp:term":[{"taxonomy":"category","embeddable":true,"href":"https:\/\/schoenstatt.com\/de\/wp-json\/wp\/v2\/categories?post=53134"},{"taxonomy":"post_tag","embeddable":true,"href":"https:\/\/schoenstatt.com\/de\/wp-json\/wp\/v2\/tags?post=53134"}],"curies":[{"name":"wp","href":"https:\/\/api.w.org\/{rel}","templated":true}]}}