{"id":52697,"date":"2022-01-25T22:01:29","date_gmt":"2022-01-25T21:01:29","guid":{"rendered":"https:\/\/schoenstattdev.wpenginepowered.com\/?p=23506"},"modified":"2025-05-15T22:41:04","modified_gmt":"2025-05-15T20:41:04","slug":"ecuador-himmel-und-erde-vereinigten-sich-zur-feier","status":"publish","type":"post","link":"https:\/\/schoenstatt.com\/de\/ecuador-himmel-und-erde-vereinigten-sich-zur-feier\/","title":{"rendered":"Ecuador: Himmel und Erde vereinigten sich zur Feier"},"content":{"rendered":"<p>Die Sch\u00f6nstattfamilie in Ecuador erlebte einen Tag von gro\u00dfer Bedeutung, als sie am 20. Januar das 50-j\u00e4hrige Bestehen ihres Landesheiligtums in Guayaquil feierte. Die Feierlichkeiten bestanden aus Gemeinschaftsveranstaltungen, die sich \u00fcber drei Tage erstreckten und an denen auch der Apostolische Nuntius von Ecuador und Bisch\u00f6fe aus verschiedenen Di\u00f6zesen teilnahmen. Aus dem Zeugnis der Anwesenden wird deutlich, dass es sich um eine tiefe Erfahrung handelt, die die Mitglieder der Bewegung bewegt, das Erbe des Gr\u00fcnders Pater Josef Kentenich in einer Kirche im Aufbruch treu weiterzuf\u00fchren.<\/p>\n<h3>Freude und Gl\u00fcck im Jubil\u00e4umsjahr<\/h3>\n<p>Viele Beitr\u00e4ge zum Gnadenkapital von unserer ganzen Familie, sowie Beispiele, in denen wir den Geist und das Verst\u00e4ndnis durch Lehrmaterial, Vortr\u00e4ge, Anbetungen und Messen geformt haben; das ganze Jahr \u00fcber haben wir uns darauf vorbereitet, das Jubil\u00e4umsgold dieser 50 Jahre der Gnaden und Segnungen zu entdecken und zu enth\u00fcllen.<\/p>\n<p>Es war ein Jahr der Vorbereitung und der Freude, aber auch der Schwierigkeiten, die vor allem in den letzten Wochen durch die Pandemie auftraten, aber wir fanden Kraft und Schwung in den Worten unseres Gr\u00fcnders Pater Josef Kentenich: \u201eDie erreichte Fruchtbarkeit war nicht die Folge menschlichen Heldentums, sondern die Folge der Erf\u00fcllung der von Gott geforderten Bedingung, der Entdeckung dessen, was Gott verlangt hat&#8220;.<\/p>\n<h3>Besuche und Gr\u00fc\u00dfe<\/h3>\n<p>In der Woche vor dem 20. Januar kamen Sch\u00f6nstatt-Patres und Schwestern aus Chile in Ecuador an, unter ihnen Schwester M. Catrin, die Provinzoberin, die die Hauptst\u00fctzen f\u00fcr die Entwicklung des Lebens in unserer Familie waren und die mit ihrer zahlreichen Anwesenheit unsere Feiern bereicherten. Gr\u00fc\u00dfe kamen auch aus verschiedenen Ecken Amerikas, vor allem von den kontinentalen Sch\u00f6nstatt-Koordinatoren, der Nationalen Leitung der Bewegung in Chile und von verschiedenen Mitgliedern unserer internationalen Familie in den Vereinigten Staaten, Peru, Brasilien und Paraguay.<\/p>\n<h3>Eine gro\u00dfe Hymne der Dankbarkeit<\/h3>\n<p>\u201eAm Vorabend unserer Jubil\u00e4umsfeierlichkeiten singe ich mit Ihnen allen ein gro\u00dfes Dankeslied an Gott, der uns unsere Dreimal Wunderbare Mutter in unserem Landesheiligtum geschenkt hat. Wir blicken auf 50 Jahre reicher Geschichte zur\u00fcck, in denen so viel Segen in die Herzen der Menschen und in die Initiativen geflossen ist, die daraus entstanden sind. Einige kennen wir, andere sieht nur Gott. Die Gottesmutter ist treu und gro\u00dfz\u00fcgig gewesen. Die Einweihung des Heiligtums fand im Geiste des 20. Januar statt. So l\u00e4dt unsere K\u00f6nigin uns ein, unser B\u00fcndnis noch fester zu schlie\u00dfen, n\u00e4mlich auf der Ebene der Blankovollmacht, der gro\u00dfz\u00fcgigen Hingabe an Gottes Pl\u00e4ne und W\u00fcnsche. Sie erinnert uns auch daran, dass wir dies nicht erreichen werden, wenn wir nicht als Familie und mit unserem Vater und Gr\u00fcnder tief verbunden sind. Die Umst\u00e4nde dieser Pandemie erinnern uns daran, dass wir aufgerufen sind, uns in die liebenden H\u00e4nde Gottes und seiner Pl\u00e4ne zu begeben. Lasst uns unsere Stimmen vereinen und mit Freude ein Lied der Dankbarkeit singen&#8220;.\u00a0 Mit diesem Gru\u00df unseres Nationaldirektors, P. Felipe Rios Correa, an die ganze Familie, haben wir das Jubil\u00e4umstriduum er\u00f6ffnet.<\/p>\n<h3><a href=\"https:\/\/schoenstattdev.wpenginepowered.com\/de\/lander\/schoenstatt-in-ecuador-feiert-das-goldene-jubilaeum-seines-ersten-heiligtums\/\">Und der 20. Januar war gekommen!<\/a><\/h3>\n<p>Das Nationalheiligtum war herausgeputzt, die Freude und das Gl\u00fcck \u00fcber die Versch\u00f6nerung des Heiligtums, die fr\u00f6hlichen Gesichter der Anwesenden und die Freude der mehr als tausend Menschen, die die Feier in den sozialen Netzwerken verfolgten, machten diesen ersten Tag des Jubil\u00e4ums-Triduums zu einem unvergesslichen Erlebnis.<\/p>\n<p>Die Melodien des Jugendchors unter der Leitung von Pater Juan Francisco sorgten f\u00fcr eine stimmungsvolle Atmosph\u00e4re f\u00fcr die ganze Familie und versetzten viele in die verschiedenen Stationen rund um das Heiligtum. Die Eingangsprozession wurde von einer Fahnenparade angef\u00fchrt, in der Vertreter unserer Gemeinschaften und der Sch\u00f6nstattfamilie von Quito, Babahoyo und Manta an dieser liturgischen Feier teilnahmen. Gott machte uns auch das gro\u00dfe Geschenk der Anwesenheit von Monsignore Andr\u00e9s Carrascosa, dem Apostolischen Nuntius von Ecuador, der von mehreren Bisch\u00f6fen des Landes begleitet wurde. Wir haben miterlebt, wie sich die Kirche auf so barmherzige und v\u00e4terliche Weise an dieser Feier beteiligte und die Kinder um ihre Mutter versammelte.<\/p>\n<p><img fetchpriority=\"high\" decoding=\"async\" class=\"aligncenter size-large wp-image-23482\" src=\"https:\/\/schoenstattdev.wpenginepowered.com\/wp-content\/uploads\/2022\/01\/3-ene20-1024x684.jpg\" alt=\"Ecuador\" width=\"840\" height=\"561\" \/><\/p>\n<p>Bischof Carrascosa vers\u00e4umte es nicht, uns in seiner Predigt mit seinem Wissen \u00fcber die Geschichte Sch\u00f6nstatts in Ecuador zu beeindrucken und legte in unsere Herzen (eine Herausforderung)\u00a0 die Verantwortung f\u00fcr die n\u00e4chsten 50 Jahre.<\/p>\n<p>Die Gottesmutter verlie\u00df das Heiligtum in den H\u00e4nden von Vertretern unserer Gr\u00fcndergeneration als Zeichen der Mutter, die hinausgeht, um ihren Kindern zu begegnen, und bevor sie in die Pilgerkirche gebracht wurde, wurde unserem geliebten Heiligtum ein Geburtstagsst\u00e4ndchen gesungen.<\/p>\n<h3>Die goldene Nacht<\/h3>\n<p>Am Freitag, dem 21. Januar, wurde von den fr\u00fchen Morgenstunden an den ganzen Tag \u00fcber Anbetung im Heiligtum gehalten (auch in der Nacht). Unsere Br\u00fcder und Schwestern aus Quito waren f\u00fcr die Goldene Nacht verantwortlich, sie leiteten die Anbetung f\u00fcr die gesamte Familie Ecuadors mit einer Liturgie, die Jesus einlud, uns zu begleiten und all unsere Dankbarkeit und Selbsthingabe f\u00fcr diese 50 Jahre Treue in seine H\u00e4nde zu nehmen.<\/p>\n<h3>F\u00fcr mein Heiligtum ist mein Engagement golden<\/h3>\n<p>Am Ende der Anbetung wurde von der Leinwand die Zeitkapsel verlesen, die die Selbst-Verpflichtungen dem Heiligtum gegen\u00fcber von Hunderten von Mitgliedern der Familie f\u00fcr die n\u00e4chsten 25 Jahre enth\u00e4lt. Seit den ersten Januartagen wurden w\u00e4hrend der Sonntagsmessen in unseren vier Heiligt\u00fcmern in Ecuador und am Bildstock in Manta in digitaler Form die Verpflichtungen, die im Jahr 2047 ausgegraben werden sollen, auf goldene B\u00e4nder geschrieben. Wir vertrauen darauf, dass die Gottesmutter f\u00fcr die Treue zu jedem dieser W\u00fcnsche sorgen wird.<\/p>\n<h3>Das Heiligtum: ein Geschenk f\u00fcr die Kirche<\/h3>\n<p>Zum Abschluss dieses un\u00fcbertrefflichen Jubil\u00e4umstriduums begann die Feier am Samstag, den 22. Januar mit der R\u00fcckkehr der Gottesmutter zu ihrem Gnadenthron, getragen von Vertretern der Sch\u00f6nstattjugend.<\/p>\n<p>Unser Pfarrer, Erzbischof Luis Gerardo Cabrera, Erzbischof von Guayaquil, begleitete uns bei der Heiligen Messe. Seine Worte, als er unser Motto \u201eHeiligtum ist Mission&#8220; erw\u00e4hnte, verpflichteten uns noch mehr, dieses Jubil\u00e4umsfeuer f\u00fcr neue und k\u00fcnftige Generationen weiterzutragen und gleichzeitig den Weg unserer synodalen Kirche mit mehr Engagement und Begeisterung zu gehen.<\/p>\n<p>Monsignore erhielt ein kleines Heiligtum als Symbol f\u00fcr ein Geschenk an die Kirche. Er lud uns ein, zur Gottesmutter um mehr Berufungen f\u00fcr das priesterliche, gottgeweihte und eheliche Leben zu beten. Im Anschluss an die Heilige Messe ging er in die renovierte Pilgerkirche, um sie gemeinsam mit den Sch\u00f6nstattpatres zu segnen.<\/p>\n<h3><img decoding=\"async\" class=\"aligncenter wp-image-23486 size-large\" src=\"https:\/\/schoenstattdev.wpenginepowered.com\/wp-content\/uploads\/2022\/01\/4-ene22-1024x684.jpg\" alt=\" Heiligtum Ecuador\" width=\"840\" height=\"561\" \/><\/h3>\n<h3>Feuer f\u00fcr die n\u00e4chsten 50 Jahre<\/h3>\n<p>Zum Abschluss der Feierlichkeiten lud eine Vertreterin der Gr\u00fcndergeneration die Mitglieder der neuen Generationen ein, sich f\u00fcr das Leben unseres Heiligtums in den n\u00e4chsten 50 Jahren zu engagieren.<\/p>\n<p>Nachdem wir drei Tage erlebt haben, in denen sich die Erde mit dem Himmel w\u00e4hrend dieses Jubil\u00e4umstriduums vereinigt hat, bleiben wir mit dem Geschenk gro\u00dfer Freude und Gl\u00fcck in unseren Herzen zur\u00fcck, so viele Projekte und Tr\u00e4ume verwirklicht zu sehen, wie auch all die Gnaden und Segnungen, die die gro\u00dfe Sch\u00f6nstattfamilie in Ecuador erh\u00e4lt.<\/p>\n<p>Heiligtum ist Mission, ein Motto, an das wir uns erinnern und das uns viele Jahre lang in unseren Herzen begleiten wird und das uns jeden Augenblick dieses Jubil\u00e4umstriduums zusammen mit den Worten unseres Vaters und Gr\u00fcnders neu erleben lassen wird:<\/p>\n<p><em><strong>\u201eWas ihr geerbt von euren V\u00e4tern habt, erwerbt es, um es zu besitzen&#8220;.\u00a0<\/strong><\/em><\/p>\n<p>Deshalb treten am Ende dieser gro\u00dfen Jubil\u00e4umsfeier die neuen Generationen die Nachfolge der Gr\u00fcndergeneration an, die diese ersten 50 Jahre mit so viel Engagement und Treue gepr\u00e4gt hat. Unser Auftrag h\u00e4ngt von unserer Treue ab. Wieder einmal werden gro\u00dfe Aufgaben von schwachen Schultern \u00fcbernommen, wenn wir wie Kinder auf die Gnaden unseres Heiligtums und die damit verbundene Sendung vertrauen.<\/p>\n<p>Verschiedene Informationen \u00fcber dieses Jubil\u00e4um k\u00f6nnen \u00fcber den folgenden Link abgerufen werden:\u00a0<a href=\"https:\/\/linktr.ee\/schoenstattjubileo\">https:\/\/linktr.ee\/schoenstattjubileo.<\/a><\/p>\n","protected":false},"excerpt":{"rendered":"<p>Die ecuadorianische Familie feierte drei Tage lang den 50. Jahrestag der Einweihung des Sch\u00f6nstatt-Nationalheiligtums in Guayaquil.<\/p>\n","protected":false},"author":1,"featured_media":23478,"comment_status":"closed","ping_status":"closed","sticky":false,"template":"","format":"standard","meta":{"footnotes":""},"categories":[914,660],"tags":[],"class_list":["post-52697","post","type-post","status-publish","format-standard","has-post-thumbnail","hentry","category-spiritualitat-de","category-veranstaltungen-de"],"yoast_head":"<!-- This site is optimized with the Yoast SEO Premium plugin v27.4 (Yoast SEO v27.5) - https:\/\/yoast.com\/product\/yoast-seo-premium-wordpress\/ -->\n<title>Ecuador: Himmel und Erde vereinigten sich zur Feier - Schoenstatt<\/title>\n<meta name=\"description\" content=\"50. Jahrestag des Nationalheiligtums von Ecuador: Das Heiligtum wurde herausgeputzt, unsere Herzen waren vor Freude und Gl\u00fcck ger\u00fchrt, es so sch\u00f6n zu sehen, die freudigen Gesichter der Anwesenden und die Freude der mehr als tausend Menschen, die die Feier \u00fcber die sozialen Netzwerke verfolgten, machten dieses Jubil\u00e4ums-Triduum zu einem unvergesslichen Erlebnis.\" \/>\n<meta name=\"robots\" content=\"index, follow, max-snippet:-1, max-image-preview:large, max-video-preview:-1\" \/>\n<link rel=\"canonical\" href=\"https:\/\/schoenstatt.com\/de\/ecuador-himmel-und-erde-vereinigten-sich-zur-feier\/\" \/>\n<meta property=\"og:locale\" content=\"de_DE\" \/>\n<meta property=\"og:type\" content=\"article\" \/>\n<meta property=\"og:title\" content=\"Ecuador: Himmel und Erde vereinigten sich zur Feier\" \/>\n<meta property=\"og:description\" content=\"50. Jahrestag des Nationalheiligtums von Ecuador: Das Heiligtum wurde herausgeputzt, unsere Herzen waren vor Freude und Gl\u00fcck ger\u00fchrt, es so sch\u00f6n zu sehen, die freudigen Gesichter der Anwesenden und die Freude der mehr als tausend Menschen, die die Feier \u00fcber die sozialen Netzwerke verfolgten, machten dieses Jubil\u00e4ums-Triduum zu einem unvergesslichen Erlebnis.\" \/>\n<meta property=\"og:url\" content=\"https:\/\/schoenstatt.com\/de\/ecuador-himmel-und-erde-vereinigten-sich-zur-feier\/\" \/>\n<meta property=\"og:site_name\" content=\"Schoenstatt\" \/>\n<meta property=\"article:published_time\" content=\"2022-01-25T21:01:29+00:00\" \/>\n<meta property=\"article:modified_time\" content=\"2025-05-15T20:41:04+00:00\" \/>\n<meta property=\"og:image\" content=\"https:\/\/schoenstatt.com\/wp-content\/uploads\/2022\/01\/5-ene20-scaled-1.jpg\" \/>\n\t<meta property=\"og:image:width\" content=\"2560\" \/>\n\t<meta property=\"og:image:height\" content=\"1709\" \/>\n\t<meta property=\"og:image:type\" content=\"image\/jpeg\" \/>\n<meta name=\"author\" content=\"admin\" \/>\n<meta name=\"twitter:card\" content=\"summary_large_image\" \/>\n<meta name=\"twitter:label1\" content=\"Verfasst von\" \/>\n\t<meta name=\"twitter:data1\" content=\"admin\" \/>\n\t<meta name=\"twitter:label2\" content=\"Gesch\u00e4tzte Lesezeit\" \/>\n\t<meta name=\"twitter:data2\" content=\"7\u00a0Minuten\" \/>\n<script type=\"application\/ld+json\" class=\"yoast-schema-graph\">{\"@context\":\"https:\\\/\\\/schema.org\",\"@graph\":[{\"@type\":\"Article\",\"@id\":\"https:\\\/\\\/schoenstatt.com\\\/de\\\/ecuador-himmel-und-erde-vereinigten-sich-zur-feier\\\/#article\",\"isPartOf\":{\"@id\":\"https:\\\/\\\/schoenstatt.com\\\/de\\\/ecuador-himmel-und-erde-vereinigten-sich-zur-feier\\\/\"},\"author\":{\"name\":\"admin\",\"@id\":\"https:\\\/\\\/schoenstatt.com\\\/de\\\/#\\\/schema\\\/person\\\/489465b1850e7b216fe2c10dfc262551\"},\"headline\":\"Ecuador: Himmel und Erde vereinigten sich zur Feier\",\"datePublished\":\"2022-01-25T21:01:29+00:00\",\"dateModified\":\"2025-05-15T20:41:04+00:00\",\"mainEntityOfPage\":{\"@id\":\"https:\\\/\\\/schoenstatt.com\\\/de\\\/ecuador-himmel-und-erde-vereinigten-sich-zur-feier\\\/\"},\"wordCount\":1318,\"publisher\":{\"@id\":\"https:\\\/\\\/schoenstatt.com\\\/de\\\/#organization\"},\"image\":{\"@id\":\"https:\\\/\\\/schoenstatt.com\\\/de\\\/ecuador-himmel-und-erde-vereinigten-sich-zur-feier\\\/#primaryimage\"},\"thumbnailUrl\":\"https:\\\/\\\/schoenstatt.com\\\/wp-content\\\/uploads\\\/2022\\\/01\\\/5-ene20-scaled-1.jpg\",\"articleSection\":[\"Spiritualit\u00e4t\",\"Veranstaltungen\"],\"inLanguage\":\"de\"},{\"@type\":\"WebPage\",\"@id\":\"https:\\\/\\\/schoenstatt.com\\\/de\\\/ecuador-himmel-und-erde-vereinigten-sich-zur-feier\\\/\",\"url\":\"https:\\\/\\\/schoenstatt.com\\\/de\\\/ecuador-himmel-und-erde-vereinigten-sich-zur-feier\\\/\",\"name\":\"Ecuador: Himmel und Erde vereinigten sich zur Feier - Schoenstatt\",\"isPartOf\":{\"@id\":\"https:\\\/\\\/schoenstatt.com\\\/de\\\/#website\"},\"primaryImageOfPage\":{\"@id\":\"https:\\\/\\\/schoenstatt.com\\\/de\\\/ecuador-himmel-und-erde-vereinigten-sich-zur-feier\\\/#primaryimage\"},\"image\":{\"@id\":\"https:\\\/\\\/schoenstatt.com\\\/de\\\/ecuador-himmel-und-erde-vereinigten-sich-zur-feier\\\/#primaryimage\"},\"thumbnailUrl\":\"https:\\\/\\\/schoenstatt.com\\\/wp-content\\\/uploads\\\/2022\\\/01\\\/5-ene20-scaled-1.jpg\",\"datePublished\":\"2022-01-25T21:01:29+00:00\",\"dateModified\":\"2025-05-15T20:41:04+00:00\",\"description\":\"50. Jahrestag des Nationalheiligtums von Ecuador: Das Heiligtum wurde herausgeputzt, unsere Herzen waren vor Freude und Gl\u00fcck ger\u00fchrt, es so sch\u00f6n zu sehen, die freudigen Gesichter der Anwesenden und die Freude der mehr als tausend Menschen, die die Feier \u00fcber die sozialen Netzwerke verfolgten, machten dieses Jubil\u00e4ums-Triduum zu einem unvergesslichen Erlebnis.\",\"breadcrumb\":{\"@id\":\"https:\\\/\\\/schoenstatt.com\\\/de\\\/ecuador-himmel-und-erde-vereinigten-sich-zur-feier\\\/#breadcrumb\"},\"inLanguage\":\"de\",\"potentialAction\":[{\"@type\":\"ReadAction\",\"target\":[\"https:\\\/\\\/schoenstatt.com\\\/de\\\/ecuador-himmel-und-erde-vereinigten-sich-zur-feier\\\/\"]}]},{\"@type\":\"ImageObject\",\"inLanguage\":\"de\",\"@id\":\"https:\\\/\\\/schoenstatt.com\\\/de\\\/ecuador-himmel-und-erde-vereinigten-sich-zur-feier\\\/#primaryimage\",\"url\":\"https:\\\/\\\/schoenstatt.com\\\/wp-content\\\/uploads\\\/2022\\\/01\\\/5-ene20-scaled-1.jpg\",\"contentUrl\":\"https:\\\/\\\/schoenstatt.com\\\/wp-content\\\/uploads\\\/2022\\\/01\\\/5-ene20-scaled-1.jpg\",\"width\":2560,\"height\":1709,\"caption\":\"Heiligtum Ecuador\"},{\"@type\":\"BreadcrumbList\",\"@id\":\"https:\\\/\\\/schoenstatt.com\\\/de\\\/ecuador-himmel-und-erde-vereinigten-sich-zur-feier\\\/#breadcrumb\",\"itemListElement\":[{\"@type\":\"ListItem\",\"position\":1,\"name\":\"Portada\",\"item\":\"https:\\\/\\\/schoenstatt.com\\\/de\\\/home\\\/\"},{\"@type\":\"ListItem\",\"position\":2,\"name\":\"Ecuador: Himmel und Erde vereinigten sich zur Feier\"}]},{\"@type\":\"WebSite\",\"@id\":\"https:\\\/\\\/schoenstatt.com\\\/de\\\/#website\",\"url\":\"https:\\\/\\\/schoenstatt.com\\\/de\\\/\",\"name\":\"Schoenstatt\",\"description\":\"Apostolic Movement\",\"publisher\":{\"@id\":\"https:\\\/\\\/schoenstatt.com\\\/de\\\/#organization\"},\"potentialAction\":[{\"@type\":\"SearchAction\",\"target\":{\"@type\":\"EntryPoint\",\"urlTemplate\":\"https:\\\/\\\/schoenstatt.com\\\/de\\\/?s={search_term_string}\"},\"query-input\":{\"@type\":\"PropertyValueSpecification\",\"valueRequired\":true,\"valueName\":\"search_term_string\"}}],\"inLanguage\":\"de\"},{\"@type\":\"Organization\",\"@id\":\"https:\\\/\\\/schoenstatt.com\\\/de\\\/#organization\",\"name\":\"Schoenstatt\",\"url\":\"https:\\\/\\\/schoenstatt.com\\\/de\\\/\",\"logo\":{\"@type\":\"ImageObject\",\"inLanguage\":\"de\",\"@id\":\"https:\\\/\\\/schoenstatt.com\\\/de\\\/#\\\/schema\\\/logo\\\/image\\\/\",\"url\":\"https:\\\/\\\/schoenstatt.com\\\/wp-content\\\/uploads\\\/2025\\\/04\\\/logo-schoenstatt-white-696x696-1.png\",\"contentUrl\":\"https:\\\/\\\/schoenstatt.com\\\/wp-content\\\/uploads\\\/2025\\\/04\\\/logo-schoenstatt-white-696x696-1.png\",\"width\":696,\"height\":694,\"caption\":\"Schoenstatt\"},\"image\":{\"@id\":\"https:\\\/\\\/schoenstatt.com\\\/de\\\/#\\\/schema\\\/logo\\\/image\\\/\"}},{\"@type\":\"Person\",\"@id\":\"https:\\\/\\\/schoenstatt.com\\\/de\\\/#\\\/schema\\\/person\\\/489465b1850e7b216fe2c10dfc262551\",\"name\":\"admin\",\"image\":{\"@type\":\"ImageObject\",\"inLanguage\":\"de\",\"@id\":\"https:\\\/\\\/secure.gravatar.com\\\/avatar\\\/02e8345e1ec40ab0e0a2a98fdde64a684bbaf994cddcb778b25b8b024ee9dfe6?s=96&d=mm&r=g\",\"url\":\"https:\\\/\\\/secure.gravatar.com\\\/avatar\\\/02e8345e1ec40ab0e0a2a98fdde64a684bbaf994cddcb778b25b8b024ee9dfe6?s=96&d=mm&r=g\",\"contentUrl\":\"https:\\\/\\\/secure.gravatar.com\\\/avatar\\\/02e8345e1ec40ab0e0a2a98fdde64a684bbaf994cddcb778b25b8b024ee9dfe6?s=96&d=mm&r=g\",\"caption\":\"admin\"},\"sameAs\":[\"https:\\\/\\\/schoenstatt.com\"],\"url\":\"https:\\\/\\\/schoenstatt.com\\\/de\\\/author\\\/admin\\\/\"}]}<\/script>\n<!-- \/ Yoast SEO Premium plugin. -->","yoast_head_json":{"title":"Ecuador: Himmel und Erde vereinigten sich zur Feier - Schoenstatt","description":"50. Jahrestag des Nationalheiligtums von Ecuador: Das Heiligtum wurde herausgeputzt, unsere Herzen waren vor Freude und Gl\u00fcck ger\u00fchrt, es so sch\u00f6n zu sehen, die freudigen Gesichter der Anwesenden und die Freude der mehr als tausend Menschen, die die Feier \u00fcber die sozialen Netzwerke verfolgten, machten dieses Jubil\u00e4ums-Triduum zu einem unvergesslichen Erlebnis.","robots":{"index":"index","follow":"follow","max-snippet":"max-snippet:-1","max-image-preview":"max-image-preview:large","max-video-preview":"max-video-preview:-1"},"canonical":"https:\/\/schoenstatt.com\/de\/ecuador-himmel-und-erde-vereinigten-sich-zur-feier\/","og_locale":"de_DE","og_type":"article","og_title":"Ecuador: Himmel und Erde vereinigten sich zur Feier","og_description":"50. Jahrestag des Nationalheiligtums von Ecuador: Das Heiligtum wurde herausgeputzt, unsere Herzen waren vor Freude und Gl\u00fcck ger\u00fchrt, es so sch\u00f6n zu sehen, die freudigen Gesichter der Anwesenden und die Freude der mehr als tausend Menschen, die die Feier \u00fcber die sozialen Netzwerke verfolgten, machten dieses Jubil\u00e4ums-Triduum zu einem unvergesslichen Erlebnis.","og_url":"https:\/\/schoenstatt.com\/de\/ecuador-himmel-und-erde-vereinigten-sich-zur-feier\/","og_site_name":"Schoenstatt","article_published_time":"2022-01-25T21:01:29+00:00","article_modified_time":"2025-05-15T20:41:04+00:00","og_image":[{"width":2560,"height":1709,"url":"https:\/\/schoenstatt.com\/wp-content\/uploads\/2022\/01\/5-ene20-scaled-1.jpg","type":"image\/jpeg"}],"author":"admin","twitter_card":"summary_large_image","twitter_misc":{"Verfasst von":"admin","Gesch\u00e4tzte Lesezeit":"7\u00a0Minuten"},"schema":{"@context":"https:\/\/schema.org","@graph":[{"@type":"Article","@id":"https:\/\/schoenstatt.com\/de\/ecuador-himmel-und-erde-vereinigten-sich-zur-feier\/#article","isPartOf":{"@id":"https:\/\/schoenstatt.com\/de\/ecuador-himmel-und-erde-vereinigten-sich-zur-feier\/"},"author":{"name":"admin","@id":"https:\/\/schoenstatt.com\/de\/#\/schema\/person\/489465b1850e7b216fe2c10dfc262551"},"headline":"Ecuador: Himmel und Erde vereinigten sich zur Feier","datePublished":"2022-01-25T21:01:29+00:00","dateModified":"2025-05-15T20:41:04+00:00","mainEntityOfPage":{"@id":"https:\/\/schoenstatt.com\/de\/ecuador-himmel-und-erde-vereinigten-sich-zur-feier\/"},"wordCount":1318,"publisher":{"@id":"https:\/\/schoenstatt.com\/de\/#organization"},"image":{"@id":"https:\/\/schoenstatt.com\/de\/ecuador-himmel-und-erde-vereinigten-sich-zur-feier\/#primaryimage"},"thumbnailUrl":"https:\/\/schoenstatt.com\/wp-content\/uploads\/2022\/01\/5-ene20-scaled-1.jpg","articleSection":["Spiritualit\u00e4t","Veranstaltungen"],"inLanguage":"de"},{"@type":"WebPage","@id":"https:\/\/schoenstatt.com\/de\/ecuador-himmel-und-erde-vereinigten-sich-zur-feier\/","url":"https:\/\/schoenstatt.com\/de\/ecuador-himmel-und-erde-vereinigten-sich-zur-feier\/","name":"Ecuador: Himmel und Erde vereinigten sich zur Feier - Schoenstatt","isPartOf":{"@id":"https:\/\/schoenstatt.com\/de\/#website"},"primaryImageOfPage":{"@id":"https:\/\/schoenstatt.com\/de\/ecuador-himmel-und-erde-vereinigten-sich-zur-feier\/#primaryimage"},"image":{"@id":"https:\/\/schoenstatt.com\/de\/ecuador-himmel-und-erde-vereinigten-sich-zur-feier\/#primaryimage"},"thumbnailUrl":"https:\/\/schoenstatt.com\/wp-content\/uploads\/2022\/01\/5-ene20-scaled-1.jpg","datePublished":"2022-01-25T21:01:29+00:00","dateModified":"2025-05-15T20:41:04+00:00","description":"50. Jahrestag des Nationalheiligtums von Ecuador: Das Heiligtum wurde herausgeputzt, unsere Herzen waren vor Freude und Gl\u00fcck ger\u00fchrt, es so sch\u00f6n zu sehen, die freudigen Gesichter der Anwesenden und die Freude der mehr als tausend Menschen, die die Feier \u00fcber die sozialen Netzwerke verfolgten, machten dieses Jubil\u00e4ums-Triduum zu einem unvergesslichen Erlebnis.","breadcrumb":{"@id":"https:\/\/schoenstatt.com\/de\/ecuador-himmel-und-erde-vereinigten-sich-zur-feier\/#breadcrumb"},"inLanguage":"de","potentialAction":[{"@type":"ReadAction","target":["https:\/\/schoenstatt.com\/de\/ecuador-himmel-und-erde-vereinigten-sich-zur-feier\/"]}]},{"@type":"ImageObject","inLanguage":"de","@id":"https:\/\/schoenstatt.com\/de\/ecuador-himmel-und-erde-vereinigten-sich-zur-feier\/#primaryimage","url":"https:\/\/schoenstatt.com\/wp-content\/uploads\/2022\/01\/5-ene20-scaled-1.jpg","contentUrl":"https:\/\/schoenstatt.com\/wp-content\/uploads\/2022\/01\/5-ene20-scaled-1.jpg","width":2560,"height":1709,"caption":"Heiligtum Ecuador"},{"@type":"BreadcrumbList","@id":"https:\/\/schoenstatt.com\/de\/ecuador-himmel-und-erde-vereinigten-sich-zur-feier\/#breadcrumb","itemListElement":[{"@type":"ListItem","position":1,"name":"Portada","item":"https:\/\/schoenstatt.com\/de\/home\/"},{"@type":"ListItem","position":2,"name":"Ecuador: Himmel und Erde vereinigten sich zur Feier"}]},{"@type":"WebSite","@id":"https:\/\/schoenstatt.com\/de\/#website","url":"https:\/\/schoenstatt.com\/de\/","name":"Schoenstatt","description":"Apostolic Movement","publisher":{"@id":"https:\/\/schoenstatt.com\/de\/#organization"},"potentialAction":[{"@type":"SearchAction","target":{"@type":"EntryPoint","urlTemplate":"https:\/\/schoenstatt.com\/de\/?s={search_term_string}"},"query-input":{"@type":"PropertyValueSpecification","valueRequired":true,"valueName":"search_term_string"}}],"inLanguage":"de"},{"@type":"Organization","@id":"https:\/\/schoenstatt.com\/de\/#organization","name":"Schoenstatt","url":"https:\/\/schoenstatt.com\/de\/","logo":{"@type":"ImageObject","inLanguage":"de","@id":"https:\/\/schoenstatt.com\/de\/#\/schema\/logo\/image\/","url":"https:\/\/schoenstatt.com\/wp-content\/uploads\/2025\/04\/logo-schoenstatt-white-696x696-1.png","contentUrl":"https:\/\/schoenstatt.com\/wp-content\/uploads\/2025\/04\/logo-schoenstatt-white-696x696-1.png","width":696,"height":694,"caption":"Schoenstatt"},"image":{"@id":"https:\/\/schoenstatt.com\/de\/#\/schema\/logo\/image\/"}},{"@type":"Person","@id":"https:\/\/schoenstatt.com\/de\/#\/schema\/person\/489465b1850e7b216fe2c10dfc262551","name":"admin","image":{"@type":"ImageObject","inLanguage":"de","@id":"https:\/\/secure.gravatar.com\/avatar\/02e8345e1ec40ab0e0a2a98fdde64a684bbaf994cddcb778b25b8b024ee9dfe6?s=96&d=mm&r=g","url":"https:\/\/secure.gravatar.com\/avatar\/02e8345e1ec40ab0e0a2a98fdde64a684bbaf994cddcb778b25b8b024ee9dfe6?s=96&d=mm&r=g","contentUrl":"https:\/\/secure.gravatar.com\/avatar\/02e8345e1ec40ab0e0a2a98fdde64a684bbaf994cddcb778b25b8b024ee9dfe6?s=96&d=mm&r=g","caption":"admin"},"sameAs":["https:\/\/schoenstatt.com"],"url":"https:\/\/schoenstatt.com\/de\/author\/admin\/"}]}},"_links":{"self":[{"href":"https:\/\/schoenstatt.com\/de\/wp-json\/wp\/v2\/posts\/52697","targetHints":{"allow":["GET"]}}],"collection":[{"href":"https:\/\/schoenstatt.com\/de\/wp-json\/wp\/v2\/posts"}],"about":[{"href":"https:\/\/schoenstatt.com\/de\/wp-json\/wp\/v2\/types\/post"}],"author":[{"embeddable":true,"href":"https:\/\/schoenstatt.com\/de\/wp-json\/wp\/v2\/users\/1"}],"replies":[{"embeddable":true,"href":"https:\/\/schoenstatt.com\/de\/wp-json\/wp\/v2\/comments?post=52697"}],"version-history":[{"count":1,"href":"https:\/\/schoenstatt.com\/de\/wp-json\/wp\/v2\/posts\/52697\/revisions"}],"predecessor-version":[{"id":52832,"href":"https:\/\/schoenstatt.com\/de\/wp-json\/wp\/v2\/posts\/52697\/revisions\/52832"}],"wp:featuredmedia":[{"embeddable":true,"href":"https:\/\/schoenstatt.com\/de\/wp-json\/wp\/v2\/media\/23478"}],"wp:attachment":[{"href":"https:\/\/schoenstatt.com\/de\/wp-json\/wp\/v2\/media?parent=52697"}],"wp:term":[{"taxonomy":"category","embeddable":true,"href":"https:\/\/schoenstatt.com\/de\/wp-json\/wp\/v2\/categories?post=52697"},{"taxonomy":"post_tag","embeddable":true,"href":"https:\/\/schoenstatt.com\/de\/wp-json\/wp\/v2\/tags?post=52697"}],"curies":[{"name":"wp","href":"https:\/\/api.w.org\/{rel}","templated":true}]}}