{"id":52694,"date":"2022-01-26T12:57:46","date_gmt":"2022-01-26T11:57:46","guid":{"rendered":"https:\/\/schoenstattdev.wpenginepowered.com\/?p=23503"},"modified":"2025-05-15T19:45:26","modified_gmt":"2025-05-15T17:45:26","slug":"papst-draengt-in-ukraine-krise-auf-dialog","status":"publish","type":"post","link":"https:\/\/schoenstatt.com\/de\/papst-draengt-in-ukraine-krise-auf-dialog\/","title":{"rendered":"Papst dr\u00e4ngt in Ukraine-Krise auf Dialog"},"content":{"rendered":"<h3>Franziskus lud dabei zur Teilnahme am Gebetstag f\u00fcr die Ukraine an diesem Mittwoch ein, den er vor einigen Tagen ausgerufen hatte.<\/h3>\n<p>\u201eNun lade ich euch dazu ein, f\u00fcr den Frieden in der Ukraine zu beten und dies oft im Verlauf dieses Tages zu tun: Bitten wir den Herrn inst\u00e4ndig, dass in diesem Land die Geschwisterlichkeit geweckt werde und die Verletzungen, \u00c4ngste und Spaltungen \u00fcberwunden werden k\u00f6nnen. Die Gebete und Anrufungen, die sich heute zum Himmel erheben, m\u00f6gen den Geist und die Herzen der Verantwortlichen auf der Erde bewegen, dem Dialog den Vorrang zu geben und das Wohl aller den Teilinteressen voranzustellen. Beten wir das Vaterunser um Frieden: Es ist das Gebet der Kinder, die sich an denselben Vater wenden, es ist das Gebet, das uns zu Geschwistern macht, es ist das Gebet der Geschwister, welche Vers\u00f6hnung und Eintracht erbitten.\u201c<\/p>\n<p>Die Gefahr eines drohenden Krieges zwischen Russland und der Ukraine erf\u00fclle viele Menschen mit Angst und gro\u00dfer Sorge. Papst Franziskus hatte deshalb beim Angelus am Sonntag zum Gebet f\u00fcr diesen Mittwoch aufgerufen, um gemeinsam f\u00fcr den Frieden zu beten.<\/p>\n<h3>Sorge bei den Ukrainern im Westen<\/h3>\n<p>Der Generalvikar der mehr als 100.000 in Italien lebenden ukrainischen Gl\u00e4ubigen des byzantinischen Ritus erkl\u00e4rt gegen\u00fcber Radio Vatikan: \u201eF\u00fcr uns, f\u00fcr diese gro\u00dfe Gemeinschaft der ukrainischen griechisch-katholischen Kirche in Italien, war der Appell des Papstes eine gro\u00dfe Unterst\u00fctzung, ein Akt gro\u00dfer Solidarit\u00e4t, weil unser Land, unser Volk in diesem Moment weiterhin so sehr leidet.\u201c<\/p>\n<p><img fetchpriority=\"high\" decoding=\"async\" class=\"size-full wp-image-23499 aligncenter\" src=\"https:\/\/schoenstattdev.wpenginepowered.com\/wp-content\/uploads\/2022\/01\/papa-Ukrania.png\" alt=\"Ucrania\" width=\"685\" height=\"405\" \/><\/p>\n<p>Der Appell <a href=\"https:\/\/www.vaticannews.va\/de.html\">des Papstes<\/a> werde von der Kirche in Italien und auf der ganzen Welt geteilt und begr\u00fc\u00dft, wo an diesem Mittwoch mehrere Initiativen zum Nachdenken und Beten stattfinden, aber vor allem w\u00fcrden die Worte von Franziskus, alle ukrainischen Gl\u00e4ubigen auf der ganzen Welt, einschlie\u00dflich der italienischen, tr\u00f6sten, wie Pater Theodosius Roman Hren, Generalvikar des apostolischen Exarchats f\u00fcr die in Italien lebenden ukrainischen griechisch-katholischen Gl\u00e4ubigen erkl\u00e4rt:<\/p>\n<p>\u201eDer Krieg im Osten des Landes dauert bereits seit 2014 an. Seitdem sich die Spannungen in der Ukraine, vor allem die politischen, entwickelt haben, haben die Menschen ein wenig die Hoffnung verloren, und der Appell des Papstes war wie ein Zeichen, dass es einen Vater gibt, der sich um seine Gl\u00e4ubigen, um seine Kinder k\u00fcmmert, auch wenn sie weit weg sind.\u201c<\/p>\n<p>Viele Ukrainer im Westen h\u00e4tten noch ihre Kinder in der Ukraine. Der Appell des Papstes gebe ihnen eine Hoffnung.<\/p>\n<p>\u201eWir hoffen, dass die Stimme des leidenden ukrainischen Volkes geh\u00f6rt wird, denn heute bitten die Ukrainer \u00fcberall &#8211; in einem Gebet, dem sich die katholischen Gl\u00e4ubigen der ganzen Welt anschlie\u00dfen &#8211; Gott um Frieden. W\u00e4hrend des Kommunismus und auch davor haben die Menschen so sehr gelitten, und heute brauchen sie ein wenig von dieser Z\u00e4rtlichkeit des Himmels. Diese Z\u00e4rtlichkeit ist ein gro\u00dfes Geschenk, um das wir bitten. Wir bitten um Frieden und ein wenig Ruhe, weil wir unseren Glauben ohne Angst leben und uns daran erfreuen wollen.\u201c<\/p>\n","protected":false},"excerpt":{"rendered":"<p>Papst Franziskus hat erneut zu einem politischen Dialog aufgerufen, um in der Ukraine-Krise eine L\u00f6sung zu finden. F\u00fcr diesen Mittwoch rief er bei seiner Generalaudienz zum gemeinsamen Gebet f\u00fcr das Land auf.<\/p>\n","protected":false},"author":1,"featured_media":23494,"comment_status":"closed","ping_status":"closed","sticky":false,"template":"","format":"standard","meta":{"footnotes":""},"categories":[910,851,914],"tags":[],"class_list":["post-52694","post","type-post","status-publish","format-standard","has-post-thumbnail","hentry","category-gesellschaft-de","category-kirche-de","category-spiritualitat-de"],"yoast_head":"<!-- This site is optimized with the Yoast SEO Premium plugin v27.4 (Yoast SEO v27.5) - https:\/\/yoast.com\/product\/yoast-seo-premium-wordpress\/ -->\n<title>Papst dr\u00e4ngt in Ukraine-Krise auf Dialog - Schoenstatt<\/title>\n<meta name=\"description\" content=\"Papst Franziskus hat erneut zu einem politischen Dialog aufgerufen, um in der Ukraine-Krise eine L\u00f6sung zu finden. F\u00fcr diesen Mittwoch rief er bei seiner Generalaudienz zum gemeinsamen Gebet f\u00fcr das Land auf.\" \/>\n<meta name=\"robots\" content=\"index, follow, max-snippet:-1, max-image-preview:large, max-video-preview:-1\" \/>\n<link rel=\"canonical\" href=\"https:\/\/schoenstatt.com\/de\/papst-draengt-in-ukraine-krise-auf-dialog\/\" \/>\n<meta property=\"og:locale\" content=\"de_DE\" \/>\n<meta property=\"og:type\" content=\"article\" \/>\n<meta property=\"og:title\" content=\"Papst dr\u00e4ngt in Ukraine-Krise auf Dialog\" \/>\n<meta property=\"og:description\" content=\"Papst Franziskus hat erneut zu einem politischen Dialog aufgerufen, um in der Ukraine-Krise eine L\u00f6sung zu finden. F\u00fcr diesen Mittwoch rief er bei seiner Generalaudienz zum gemeinsamen Gebet f\u00fcr das Land auf.\" \/>\n<meta property=\"og:url\" content=\"https:\/\/schoenstatt.com\/de\/papst-draengt-in-ukraine-krise-auf-dialog\/\" \/>\n<meta property=\"og:site_name\" content=\"Schoenstatt\" \/>\n<meta property=\"article:published_time\" content=\"2022-01-26T11:57:46+00:00\" \/>\n<meta property=\"article:modified_time\" content=\"2025-05-15T17:45:26+00:00\" \/>\n<meta property=\"og:image\" content=\"https:\/\/schoenstatt.com\/wp-content\/uploads\/2022\/01\/Ukraine-1.png\" \/>\n\t<meta property=\"og:image:width\" content=\"727\" \/>\n\t<meta property=\"og:image:height\" content=\"376\" \/>\n\t<meta property=\"og:image:type\" content=\"image\/png\" \/>\n<meta name=\"author\" content=\"admin\" \/>\n<meta name=\"twitter:card\" content=\"summary_large_image\" \/>\n<meta name=\"twitter:label1\" content=\"Verfasst von\" \/>\n\t<meta name=\"twitter:data1\" content=\"admin\" \/>\n\t<meta name=\"twitter:label2\" content=\"Gesch\u00e4tzte Lesezeit\" \/>\n\t<meta name=\"twitter:data2\" content=\"3\u00a0Minuten\" \/>\n<script type=\"application\/ld+json\" class=\"yoast-schema-graph\">{\"@context\":\"https:\\\/\\\/schema.org\",\"@graph\":[{\"@type\":\"Article\",\"@id\":\"https:\\\/\\\/schoenstatt.com\\\/de\\\/papst-draengt-in-ukraine-krise-auf-dialog\\\/#article\",\"isPartOf\":{\"@id\":\"https:\\\/\\\/schoenstatt.com\\\/de\\\/papst-draengt-in-ukraine-krise-auf-dialog\\\/\"},\"author\":{\"name\":\"admin\",\"@id\":\"https:\\\/\\\/schoenstatt.com\\\/de\\\/#\\\/schema\\\/person\\\/489465b1850e7b216fe2c10dfc262551\"},\"headline\":\"Papst dr\u00e4ngt in Ukraine-Krise auf Dialog\",\"datePublished\":\"2022-01-26T11:57:46+00:00\",\"dateModified\":\"2025-05-15T17:45:26+00:00\",\"mainEntityOfPage\":{\"@id\":\"https:\\\/\\\/schoenstatt.com\\\/de\\\/papst-draengt-in-ukraine-krise-auf-dialog\\\/\"},\"wordCount\":514,\"publisher\":{\"@id\":\"https:\\\/\\\/schoenstatt.com\\\/de\\\/#organization\"},\"image\":{\"@id\":\"https:\\\/\\\/schoenstatt.com\\\/de\\\/papst-draengt-in-ukraine-krise-auf-dialog\\\/#primaryimage\"},\"thumbnailUrl\":\"https:\\\/\\\/schoenstatt.com\\\/wp-content\\\/uploads\\\/2022\\\/01\\\/Ukraine-1.png\",\"articleSection\":[\"Gesellschaft\",\"Kirche\",\"Spiritualit\u00e4t\"],\"inLanguage\":\"de\"},{\"@type\":\"WebPage\",\"@id\":\"https:\\\/\\\/schoenstatt.com\\\/de\\\/papst-draengt-in-ukraine-krise-auf-dialog\\\/\",\"url\":\"https:\\\/\\\/schoenstatt.com\\\/de\\\/papst-draengt-in-ukraine-krise-auf-dialog\\\/\",\"name\":\"Papst dr\u00e4ngt in Ukraine-Krise auf Dialog - Schoenstatt\",\"isPartOf\":{\"@id\":\"https:\\\/\\\/schoenstatt.com\\\/de\\\/#website\"},\"primaryImageOfPage\":{\"@id\":\"https:\\\/\\\/schoenstatt.com\\\/de\\\/papst-draengt-in-ukraine-krise-auf-dialog\\\/#primaryimage\"},\"image\":{\"@id\":\"https:\\\/\\\/schoenstatt.com\\\/de\\\/papst-draengt-in-ukraine-krise-auf-dialog\\\/#primaryimage\"},\"thumbnailUrl\":\"https:\\\/\\\/schoenstatt.com\\\/wp-content\\\/uploads\\\/2022\\\/01\\\/Ukraine-1.png\",\"datePublished\":\"2022-01-26T11:57:46+00:00\",\"dateModified\":\"2025-05-15T17:45:26+00:00\",\"description\":\"Papst Franziskus hat erneut zu einem politischen Dialog aufgerufen, um in der Ukraine-Krise eine L\u00f6sung zu finden. F\u00fcr diesen Mittwoch rief er bei seiner Generalaudienz zum gemeinsamen Gebet f\u00fcr das Land auf.\",\"breadcrumb\":{\"@id\":\"https:\\\/\\\/schoenstatt.com\\\/de\\\/papst-draengt-in-ukraine-krise-auf-dialog\\\/#breadcrumb\"},\"inLanguage\":\"de\",\"potentialAction\":[{\"@type\":\"ReadAction\",\"target\":[\"https:\\\/\\\/schoenstatt.com\\\/de\\\/papst-draengt-in-ukraine-krise-auf-dialog\\\/\"]}]},{\"@type\":\"ImageObject\",\"inLanguage\":\"de\",\"@id\":\"https:\\\/\\\/schoenstatt.com\\\/de\\\/papst-draengt-in-ukraine-krise-auf-dialog\\\/#primaryimage\",\"url\":\"https:\\\/\\\/schoenstatt.com\\\/wp-content\\\/uploads\\\/2022\\\/01\\\/Ukraine-1.png\",\"contentUrl\":\"https:\\\/\\\/schoenstatt.com\\\/wp-content\\\/uploads\\\/2022\\\/01\\\/Ukraine-1.png\",\"width\":727,\"height\":376,\"caption\":\"Ucr\u00e2nia\"},{\"@type\":\"BreadcrumbList\",\"@id\":\"https:\\\/\\\/schoenstatt.com\\\/de\\\/papst-draengt-in-ukraine-krise-auf-dialog\\\/#breadcrumb\",\"itemListElement\":[{\"@type\":\"ListItem\",\"position\":1,\"name\":\"Portada\",\"item\":\"https:\\\/\\\/schoenstatt.com\\\/de\\\/home\\\/\"},{\"@type\":\"ListItem\",\"position\":2,\"name\":\"Papst dr\u00e4ngt in Ukraine-Krise auf Dialog\"}]},{\"@type\":\"WebSite\",\"@id\":\"https:\\\/\\\/schoenstatt.com\\\/de\\\/#website\",\"url\":\"https:\\\/\\\/schoenstatt.com\\\/de\\\/\",\"name\":\"Schoenstatt\",\"description\":\"Apostolic Movement\",\"publisher\":{\"@id\":\"https:\\\/\\\/schoenstatt.com\\\/de\\\/#organization\"},\"potentialAction\":[{\"@type\":\"SearchAction\",\"target\":{\"@type\":\"EntryPoint\",\"urlTemplate\":\"https:\\\/\\\/schoenstatt.com\\\/de\\\/?s={search_term_string}\"},\"query-input\":{\"@type\":\"PropertyValueSpecification\",\"valueRequired\":true,\"valueName\":\"search_term_string\"}}],\"inLanguage\":\"de\"},{\"@type\":\"Organization\",\"@id\":\"https:\\\/\\\/schoenstatt.com\\\/de\\\/#organization\",\"name\":\"Schoenstatt\",\"url\":\"https:\\\/\\\/schoenstatt.com\\\/de\\\/\",\"logo\":{\"@type\":\"ImageObject\",\"inLanguage\":\"de\",\"@id\":\"https:\\\/\\\/schoenstatt.com\\\/de\\\/#\\\/schema\\\/logo\\\/image\\\/\",\"url\":\"https:\\\/\\\/schoenstatt.com\\\/wp-content\\\/uploads\\\/2025\\\/04\\\/logo-schoenstatt-white-696x696-1.png\",\"contentUrl\":\"https:\\\/\\\/schoenstatt.com\\\/wp-content\\\/uploads\\\/2025\\\/04\\\/logo-schoenstatt-white-696x696-1.png\",\"width\":696,\"height\":694,\"caption\":\"Schoenstatt\"},\"image\":{\"@id\":\"https:\\\/\\\/schoenstatt.com\\\/de\\\/#\\\/schema\\\/logo\\\/image\\\/\"}},{\"@type\":\"Person\",\"@id\":\"https:\\\/\\\/schoenstatt.com\\\/de\\\/#\\\/schema\\\/person\\\/489465b1850e7b216fe2c10dfc262551\",\"name\":\"admin\",\"image\":{\"@type\":\"ImageObject\",\"inLanguage\":\"de\",\"@id\":\"https:\\\/\\\/secure.gravatar.com\\\/avatar\\\/02e8345e1ec40ab0e0a2a98fdde64a684bbaf994cddcb778b25b8b024ee9dfe6?s=96&d=mm&r=g\",\"url\":\"https:\\\/\\\/secure.gravatar.com\\\/avatar\\\/02e8345e1ec40ab0e0a2a98fdde64a684bbaf994cddcb778b25b8b024ee9dfe6?s=96&d=mm&r=g\",\"contentUrl\":\"https:\\\/\\\/secure.gravatar.com\\\/avatar\\\/02e8345e1ec40ab0e0a2a98fdde64a684bbaf994cddcb778b25b8b024ee9dfe6?s=96&d=mm&r=g\",\"caption\":\"admin\"},\"sameAs\":[\"https:\\\/\\\/schoenstatt.com\"],\"url\":\"https:\\\/\\\/schoenstatt.com\\\/de\\\/author\\\/admin\\\/\"}]}<\/script>\n<!-- \/ Yoast SEO Premium plugin. -->","yoast_head_json":{"title":"Papst dr\u00e4ngt in Ukraine-Krise auf Dialog - Schoenstatt","description":"Papst Franziskus hat erneut zu einem politischen Dialog aufgerufen, um in der Ukraine-Krise eine L\u00f6sung zu finden. F\u00fcr diesen Mittwoch rief er bei seiner Generalaudienz zum gemeinsamen Gebet f\u00fcr das Land auf.","robots":{"index":"index","follow":"follow","max-snippet":"max-snippet:-1","max-image-preview":"max-image-preview:large","max-video-preview":"max-video-preview:-1"},"canonical":"https:\/\/schoenstatt.com\/de\/papst-draengt-in-ukraine-krise-auf-dialog\/","og_locale":"de_DE","og_type":"article","og_title":"Papst dr\u00e4ngt in Ukraine-Krise auf Dialog","og_description":"Papst Franziskus hat erneut zu einem politischen Dialog aufgerufen, um in der Ukraine-Krise eine L\u00f6sung zu finden. F\u00fcr diesen Mittwoch rief er bei seiner Generalaudienz zum gemeinsamen Gebet f\u00fcr das Land auf.","og_url":"https:\/\/schoenstatt.com\/de\/papst-draengt-in-ukraine-krise-auf-dialog\/","og_site_name":"Schoenstatt","article_published_time":"2022-01-26T11:57:46+00:00","article_modified_time":"2025-05-15T17:45:26+00:00","og_image":[{"width":727,"height":376,"url":"https:\/\/schoenstatt.com\/wp-content\/uploads\/2022\/01\/Ukraine-1.png","type":"image\/png"}],"author":"admin","twitter_card":"summary_large_image","twitter_misc":{"Verfasst von":"admin","Gesch\u00e4tzte Lesezeit":"3\u00a0Minuten"},"schema":{"@context":"https:\/\/schema.org","@graph":[{"@type":"Article","@id":"https:\/\/schoenstatt.com\/de\/papst-draengt-in-ukraine-krise-auf-dialog\/#article","isPartOf":{"@id":"https:\/\/schoenstatt.com\/de\/papst-draengt-in-ukraine-krise-auf-dialog\/"},"author":{"name":"admin","@id":"https:\/\/schoenstatt.com\/de\/#\/schema\/person\/489465b1850e7b216fe2c10dfc262551"},"headline":"Papst dr\u00e4ngt in Ukraine-Krise auf Dialog","datePublished":"2022-01-26T11:57:46+00:00","dateModified":"2025-05-15T17:45:26+00:00","mainEntityOfPage":{"@id":"https:\/\/schoenstatt.com\/de\/papst-draengt-in-ukraine-krise-auf-dialog\/"},"wordCount":514,"publisher":{"@id":"https:\/\/schoenstatt.com\/de\/#organization"},"image":{"@id":"https:\/\/schoenstatt.com\/de\/papst-draengt-in-ukraine-krise-auf-dialog\/#primaryimage"},"thumbnailUrl":"https:\/\/schoenstatt.com\/wp-content\/uploads\/2022\/01\/Ukraine-1.png","articleSection":["Gesellschaft","Kirche","Spiritualit\u00e4t"],"inLanguage":"de"},{"@type":"WebPage","@id":"https:\/\/schoenstatt.com\/de\/papst-draengt-in-ukraine-krise-auf-dialog\/","url":"https:\/\/schoenstatt.com\/de\/papst-draengt-in-ukraine-krise-auf-dialog\/","name":"Papst dr\u00e4ngt in Ukraine-Krise auf Dialog - Schoenstatt","isPartOf":{"@id":"https:\/\/schoenstatt.com\/de\/#website"},"primaryImageOfPage":{"@id":"https:\/\/schoenstatt.com\/de\/papst-draengt-in-ukraine-krise-auf-dialog\/#primaryimage"},"image":{"@id":"https:\/\/schoenstatt.com\/de\/papst-draengt-in-ukraine-krise-auf-dialog\/#primaryimage"},"thumbnailUrl":"https:\/\/schoenstatt.com\/wp-content\/uploads\/2022\/01\/Ukraine-1.png","datePublished":"2022-01-26T11:57:46+00:00","dateModified":"2025-05-15T17:45:26+00:00","description":"Papst Franziskus hat erneut zu einem politischen Dialog aufgerufen, um in der Ukraine-Krise eine L\u00f6sung zu finden. F\u00fcr diesen Mittwoch rief er bei seiner Generalaudienz zum gemeinsamen Gebet f\u00fcr das Land auf.","breadcrumb":{"@id":"https:\/\/schoenstatt.com\/de\/papst-draengt-in-ukraine-krise-auf-dialog\/#breadcrumb"},"inLanguage":"de","potentialAction":[{"@type":"ReadAction","target":["https:\/\/schoenstatt.com\/de\/papst-draengt-in-ukraine-krise-auf-dialog\/"]}]},{"@type":"ImageObject","inLanguage":"de","@id":"https:\/\/schoenstatt.com\/de\/papst-draengt-in-ukraine-krise-auf-dialog\/#primaryimage","url":"https:\/\/schoenstatt.com\/wp-content\/uploads\/2022\/01\/Ukraine-1.png","contentUrl":"https:\/\/schoenstatt.com\/wp-content\/uploads\/2022\/01\/Ukraine-1.png","width":727,"height":376,"caption":"Ucr\u00e2nia"},{"@type":"BreadcrumbList","@id":"https:\/\/schoenstatt.com\/de\/papst-draengt-in-ukraine-krise-auf-dialog\/#breadcrumb","itemListElement":[{"@type":"ListItem","position":1,"name":"Portada","item":"https:\/\/schoenstatt.com\/de\/home\/"},{"@type":"ListItem","position":2,"name":"Papst dr\u00e4ngt in Ukraine-Krise auf Dialog"}]},{"@type":"WebSite","@id":"https:\/\/schoenstatt.com\/de\/#website","url":"https:\/\/schoenstatt.com\/de\/","name":"Schoenstatt","description":"Apostolic Movement","publisher":{"@id":"https:\/\/schoenstatt.com\/de\/#organization"},"potentialAction":[{"@type":"SearchAction","target":{"@type":"EntryPoint","urlTemplate":"https:\/\/schoenstatt.com\/de\/?s={search_term_string}"},"query-input":{"@type":"PropertyValueSpecification","valueRequired":true,"valueName":"search_term_string"}}],"inLanguage":"de"},{"@type":"Organization","@id":"https:\/\/schoenstatt.com\/de\/#organization","name":"Schoenstatt","url":"https:\/\/schoenstatt.com\/de\/","logo":{"@type":"ImageObject","inLanguage":"de","@id":"https:\/\/schoenstatt.com\/de\/#\/schema\/logo\/image\/","url":"https:\/\/schoenstatt.com\/wp-content\/uploads\/2025\/04\/logo-schoenstatt-white-696x696-1.png","contentUrl":"https:\/\/schoenstatt.com\/wp-content\/uploads\/2025\/04\/logo-schoenstatt-white-696x696-1.png","width":696,"height":694,"caption":"Schoenstatt"},"image":{"@id":"https:\/\/schoenstatt.com\/de\/#\/schema\/logo\/image\/"}},{"@type":"Person","@id":"https:\/\/schoenstatt.com\/de\/#\/schema\/person\/489465b1850e7b216fe2c10dfc262551","name":"admin","image":{"@type":"ImageObject","inLanguage":"de","@id":"https:\/\/secure.gravatar.com\/avatar\/02e8345e1ec40ab0e0a2a98fdde64a684bbaf994cddcb778b25b8b024ee9dfe6?s=96&d=mm&r=g","url":"https:\/\/secure.gravatar.com\/avatar\/02e8345e1ec40ab0e0a2a98fdde64a684bbaf994cddcb778b25b8b024ee9dfe6?s=96&d=mm&r=g","contentUrl":"https:\/\/secure.gravatar.com\/avatar\/02e8345e1ec40ab0e0a2a98fdde64a684bbaf994cddcb778b25b8b024ee9dfe6?s=96&d=mm&r=g","caption":"admin"},"sameAs":["https:\/\/schoenstatt.com"],"url":"https:\/\/schoenstatt.com\/de\/author\/admin\/"}]}},"_links":{"self":[{"href":"https:\/\/schoenstatt.com\/de\/wp-json\/wp\/v2\/posts\/52694","targetHints":{"allow":["GET"]}}],"collection":[{"href":"https:\/\/schoenstatt.com\/de\/wp-json\/wp\/v2\/posts"}],"about":[{"href":"https:\/\/schoenstatt.com\/de\/wp-json\/wp\/v2\/types\/post"}],"author":[{"embeddable":true,"href":"https:\/\/schoenstatt.com\/de\/wp-json\/wp\/v2\/users\/1"}],"replies":[{"embeddable":true,"href":"https:\/\/schoenstatt.com\/de\/wp-json\/wp\/v2\/comments?post=52694"}],"version-history":[{"count":1,"href":"https:\/\/schoenstatt.com\/de\/wp-json\/wp\/v2\/posts\/52694\/revisions"}],"predecessor-version":[{"id":52822,"href":"https:\/\/schoenstatt.com\/de\/wp-json\/wp\/v2\/posts\/52694\/revisions\/52822"}],"wp:featuredmedia":[{"embeddable":true,"href":"https:\/\/schoenstatt.com\/de\/wp-json\/wp\/v2\/media\/23494"}],"wp:attachment":[{"href":"https:\/\/schoenstatt.com\/de\/wp-json\/wp\/v2\/media?parent=52694"}],"wp:term":[{"taxonomy":"category","embeddable":true,"href":"https:\/\/schoenstatt.com\/de\/wp-json\/wp\/v2\/categories?post=52694"},{"taxonomy":"post_tag","embeddable":true,"href":"https:\/\/schoenstatt.com\/de\/wp-json\/wp\/v2\/tags?post=52694"}],"curies":[{"name":"wp","href":"https:\/\/api.w.org\/{rel}","templated":true}]}}