{"id":52681,"date":"2022-01-25T10:00:31","date_gmt":"2022-01-25T09:00:31","guid":{"rendered":"https:\/\/schoenstattdev.wpenginepowered.com\/?p=23378"},"modified":"2025-05-15T22:24:11","modified_gmt":"2025-05-15T20:24:11","slug":"der-heilige-paulus-lehrt-mich-ein-zeuge-der-hoffnung-zu-sein","status":"publish","type":"post","link":"https:\/\/schoenstatt.com\/de\/der-heilige-paulus-lehrt-mich-ein-zeuge-der-hoffnung-zu-sein\/","title":{"rendered":"Der heilige Paulus lehrt mich, ein Zeuge der Hoffnung zu sein"},"content":{"rendered":"<p>Ich sehe, wie sehr ich noch wachsen muss. Ich sehe mich selbst als klein an und brauche ein Wunder. Ja, ich muss mich bekehren, mich innerlich ver\u00e4ndern, mich von Gott gestalten lassen. Maria wirkt dieses Wunder im <a href=\"https:\/\/schoenstattdev.wpenginepowered.com\/de\/about\/spiritualitaet\/heiligtum\/\">Heiligtum<\/a>. Dort empf\u00e4ngt sie mich mit Liebe, und ihre Barmherzigkeit verwandelt mich, bis ich ein Werkzeug ihrer Liebe und ein Zeuge ihrer Hoffnung werde.<\/p>\n<h3>Als ich ankomme, empf\u00e4ngt mich Maria so wie ich bin, mit einem L\u00e4cheln, einer Umarmung voller Z\u00e4rtlichkeit und Frieden.<\/h3>\n<p>Das Heiligtum ist der Ort, an dem Maria mich zu ihrem Kind machen will. Sie nennt mich beim Namen und gibt mir das Gef\u00fchl, dass ich ihr geh\u00f6re. Sie kennt mein Inneres, sie hat meine Tr\u00e4ume gesehen, sie ist erstaunt \u00fcber die Reinheit meiner Seele. Und weil ich sp\u00fcre, dass ich von ihr geliebt werde, lasse ich mich von ihrer Stimme tragen. Ich h\u00f6re ihren Ruf in mir, ihre Stimme klar und deutlich. Wenn sie kommt, empf\u00e4ngt sie mich so, wie ich bin, mit einem L\u00e4cheln, einer Umarmung voller Z\u00e4rtlichkeit, voller Frieden.<\/p>\n<p>Und dann beginne sie, mein Herz mit Geduld zu erziehen. Ich bin so weit von dem entfernt, was ich geben kann, von dem, was ich werden kann. Ich brauche so viele Wunder in meinem Herzen. Diese t\u00e4glichen Wunder brauche ich, um meine Seele von innen heraus zu ver\u00e4ndern. Deshalb gehe ich zum Heiligtum. Nicht nur, um mich zu Hause zu f\u00fchlen, sondern weil ich etwas Ordnung in meinem Herzen haben m\u00f6chte.<\/p>\n<h3>Ich versuche auf tausend Arten, meine Schw\u00e4chen zu \u00fcberwinden<\/h3>\n<p>Ich will nicht, dass meine Leidenschaften, meine Instinkte und meine Schw\u00e4chen mich beherrschen.\u00a0 Ich m\u00f6chte nicht, dass meine Fesseln mich leiten.\u00a0 Wie es m\u00f6glich ist, dass meine Schw\u00e4che st\u00e4rker ist als meine St\u00e4rke? Meine Neigung, mich selbst schlecht zu lieben, mich auf falsche Weise zu lieben, mich auf egoistische Weise hinzugeben, dr\u00e4ngt sich meinem Herzen auf. Ich versuche auf tausend Arten, meine Schw\u00e4chen zu \u00fcberwinden. Ich entlarve sogar meine Fehler, wenn ich versuche, alles mit tausend Tricks zu rechtfertigen. Denn es stimmt, dass ich nicht so s\u00fcndig, so schmutzig aussehen m\u00f6chte. Wenn ich mit meiner S\u00fcnde konfrontiert werde, suche ich mir gerne jemanden, der weit weg von mir ist und die Schuld f\u00fcr meine S\u00fcnde auf sich nimmt. Jemand, der meine negative Einstellung rechtfertigt. Ich denke, die Welt ist schuldig, andere sind schuldig. Ich wusste nicht, was ich tat, ich war unwissend. Und so rechtfertige ich mich immer wieder vor mir selbst, vor Gott.<\/p>\n<p><img fetchpriority=\"high\" decoding=\"async\" class=\"aligncenter wp-image-23372 size-large\" src=\"https:\/\/schoenstattdev.wpenginepowered.com\/wp-content\/uploads\/2022\/01\/lichimarinho-1619119074640-cathopic-683x1024.jpg\" alt=\"\" width=\"803\" height=\"1024\" \/><\/p>\n<h3>Gott will, dass ich keine Angst habe und mich so zeige, wie ich bin, zerbrechlich<\/h3>\n<p>Wer kennt die ganze Wahrheit, wer kennt die ganze Geschichte meines Lebens, wer hat meine verborgenen Absichten gesehen? Keiner wei\u00df alles, keiner hat gesehen, wie arm ich bin. Das wei\u00df nur Gott. Nur Gott und ich stehen vor derselben Wahrheit. Ich will meine Nacktheit sinnlos bedecken. Und Gott will, dass ich keine Angst habe und mich so zeige, wie ich bin, zerbrechlich und unpr\u00e4tenti\u00f6s. Warum bestehe ich darauf, perfekt zu erscheinen, keine Risse zu zeigen? Warum so viel Anspannung, um mein Leben zu retten, wenn es doch Gott ist, der mich rettet und mich erh\u00e4lt? Wie zerbrechlich, wie arm! Ich erz\u00e4hle Gott eine Geschichte, indem ich mein Verhalten besch\u00f6nige, meine Kleinlichkeit rechtfertige und meine Fehler verschweige.<\/p>\n<h3>Es spielt keine Rolle, wie ich dorthin komme. Maria sieht mich ger\u00fchrt an und umarmt mich<\/h3>\n<p>Auf diese Weise komme ich jeden Tag zum Heiligtum. Zerbrochen, verwundet, verwirrt, schmutzig. Egal, wie ich ankomme. Maria sieht mich voller Ehrfurcht an und umarmt mich schweigend. Und ich bitte sie auf meinen Knien, Wunder der Gnade in mir zu wirken und meinen Blick zu ver\u00e4ndern. Und so handelt Jesus nach und nach, Tag f\u00fcr Tag, in der Kraft des Heiligen Geistes. Er wirkt kleine Wunder, die unscheinbar aussehen, aber f\u00fcr mich, der ich so klein bin, sehr gro\u00df sind.<\/p>\n<h3>Er schickt mich, weil er mich liebt und mich als sein gef\u00fcgiges Werkzeug braucht<\/h3>\n<p>Und so beginnt pl\u00f6tzlich eine Ver\u00e4nderung in meinem Herzen, die ich kaum bemerke, und Maria sagt mir ins Ohr: Geh, geh hinaus in die Welt, hab keine Angst, sie warten auf dich. Ich versuche, Ausreden zu finden, um mich nicht zu exponieren, um nicht alles zu geben, was ich habe. Ich sch\u00e4me mich, ich habe Angst Wer bin ich, dass ich zu den Menschen geschickt werde? Mir fehlt das Vertrauen in Marias Wort. Sie ist es, die mich schicken will. Ich will nicht gehen. Aber sie braucht mich. Meine Armut und meine Schw\u00e4che gen\u00fcgen ihr, um Wunder zu wirken. Sie braucht nur meinen schiefen Blick, meine schlechte Laune, meinen Stolz, meine Kleinlichkeit. Sie profitiert sogar von meinen S\u00fcnden, ich wei\u00df nicht, wie. Und sie will mich mitten unter die Menschen schicken, um sie zu retten. Wie eitel ist meine Anma\u00dfung, wenn ich denke, dass ich wichtig bin und dass sie mich brauchen! Ich kann niemanden retten. Ich kann keinen gefallenen Menschen aufrichten. Aber ich kann mich auch nicht weigern zu gehen. Er schickt mich, weil er mich liebt und mich als sein durchsichtiges, f\u00fcgsames Werkzeug braucht. Er m\u00f6chte, dass sie Maria sehen, wenn sie mich ansehen. Er m\u00f6chte, dass sie ihre Stimme h\u00f6ren, wenn sie mir zuh\u00f6ren. Sie m\u00f6chte, dass sie sp\u00fcren, dass sie bei ihnen ist, wenn sie in meiner Gegenwart sind.<\/p>\n<h3>Schwach zu sein wird seine St\u00e4rke zeigen<\/h3>\n<p>Ich wei\u00df, dass durch Transparenz alles in meinem Leben m\u00f6glich sein wird. Ich wei\u00df, dass seine St\u00e4rke sichtbar wird, wenn es schwach ist. Wenn du ein Kind bist, wird sich Gottes Macht offenbaren. Maria schickt mich, um die Wunder zu verk\u00fcnden, die Gott an mir getan hat. Sie will, dass ich nicht \u00e4ngstlich zur\u00fcckblicke. Ich soll mich nicht mit meiner verworrenen Vergangenheit besch\u00e4ftigen. Nicht \u00fcber meine vergangenen Misserfolge nachzudenken. Sie m\u00f6chte, dass ich wieder Vertrauen fasse und gl\u00fccklich l\u00e4chle. Maria wird die Wunder wirken, sie ist die gro\u00dfe Missionarin. Und ich muss mich nur dorthin f\u00fchren lassen, wohin sie mich bittet zu gehen. Ohne Furcht, ohne Angst. Es ist ihr Werk, und ich bin nur ein Instrument in ihren H\u00e4nden. Diese Art, mein Leben zu betrachten, gibt mir Frieden. Maria sieht mich als ihr kostbares Kind an. Und ich lasse mich von der Kraft ihrer Umarmung tragen. Ihre unendliche Liebe macht mich zu einem Apostel, der f\u00e4hig ist, die Wunder Mariens zu verk\u00fcnden. Ich bin als Zeuge ihrer Liebe gesandt.<\/p>\n<p>&nbsp;<\/p>\n<p>&nbsp;<\/p>\n<p>Fotos: <a href=\"http:\/\/www.cathopic.com\">cathopic.com<\/a><\/p>\n","protected":false},"excerpt":{"rendered":"<p>Heute, am Tag der Bekehrung des heiligen Paulus, bin ich eingeladen, auf mein Herz zu schauen und Gott zu bitten, mich zu verwandeln. <\/p>\n","protected":false},"author":6,"featured_media":23360,"comment_status":"closed","ping_status":"closed","sticky":false,"template":"","format":"standard","meta":{"footnotes":""},"categories":[851,914],"tags":[],"class_list":["post-52681","post","type-post","status-publish","format-standard","has-post-thumbnail","hentry","category-kirche-de","category-spiritualitat-de"],"yoast_head":"<!-- This site is optimized with the Yoast SEO Premium plugin v27.4 (Yoast SEO v27.4) - https:\/\/yoast.com\/product\/yoast-seo-premium-wordpress\/ -->\n<title>Der heilige Paulus lehrt mich, ein Zeuge der Hoffnung zu sein<\/title>\n<meta name=\"description\" content=\"Heute, am Tag der Bekehrung des heiligen Paulus, bin ich eingeladen, auf mein Herz zu schauen und Gott zu bitten, mich zu verwandeln.\" \/>\n<meta name=\"robots\" content=\"index, follow, max-snippet:-1, max-image-preview:large, max-video-preview:-1\" \/>\n<link rel=\"canonical\" href=\"https:\/\/schoenstatt.com\/de\/der-heilige-paulus-lehrt-mich-ein-zeuge-der-hoffnung-zu-sein\/\" \/>\n<meta property=\"og:locale\" content=\"de_DE\" \/>\n<meta property=\"og:type\" content=\"article\" \/>\n<meta property=\"og:title\" content=\"Der heilige Paulus lehrt mich, ein Zeuge der Hoffnung zu sein\" \/>\n<meta property=\"og:description\" content=\"Heute, am Tag der Bekehrung des heiligen Paulus, bin ich eingeladen, auf mein Herz zu schauen und Gott zu bitten, mich zu verwandeln.\" \/>\n<meta property=\"og:url\" content=\"https:\/\/schoenstatt.com\/de\/der-heilige-paulus-lehrt-mich-ein-zeuge-der-hoffnung-zu-sein\/\" \/>\n<meta property=\"og:site_name\" content=\"Schoenstatt\" \/>\n<meta property=\"article:published_time\" content=\"2022-01-25T09:00:31+00:00\" \/>\n<meta property=\"article:modified_time\" content=\"2025-05-15T20:24:11+00:00\" \/>\n<meta property=\"og:image\" content=\"https:\/\/schoenstatt.com\/wp-content\/uploads\/2022\/01\/cathopic_1485361778569677-1.jpg\" \/>\n\t<meta property=\"og:image:width\" content=\"2048\" \/>\n\t<meta property=\"og:image:height\" content=\"1367\" \/>\n\t<meta property=\"og:image:type\" content=\"image\/jpeg\" \/>\n<meta name=\"author\" content=\"Vanessa Franke\" \/>\n<meta name=\"twitter:card\" content=\"summary_large_image\" \/>\n<meta name=\"twitter:label1\" content=\"Verfasst von\" \/>\n\t<meta name=\"twitter:data1\" content=\"Vanessa Franke\" \/>\n\t<meta name=\"twitter:label2\" content=\"Gesch\u00e4tzte Lesezeit\" \/>\n\t<meta name=\"twitter:data2\" content=\"5\u00a0Minuten\" \/>\n<script type=\"application\/ld+json\" class=\"yoast-schema-graph\">{\"@context\":\"https:\\\/\\\/schema.org\",\"@graph\":[{\"@type\":\"Article\",\"@id\":\"https:\\\/\\\/schoenstatt.com\\\/de\\\/der-heilige-paulus-lehrt-mich-ein-zeuge-der-hoffnung-zu-sein\\\/#article\",\"isPartOf\":{\"@id\":\"https:\\\/\\\/schoenstatt.com\\\/de\\\/der-heilige-paulus-lehrt-mich-ein-zeuge-der-hoffnung-zu-sein\\\/\"},\"author\":{\"name\":\"Vanessa Franke\",\"@id\":\"https:\\\/\\\/schoenstatt.com\\\/de\\\/#\\\/schema\\\/person\\\/ea97a60c723e21c923e2177f0f3163f7\"},\"headline\":\"Der heilige Paulus lehrt mich, ein Zeuge der Hoffnung zu sein\",\"datePublished\":\"2022-01-25T09:00:31+00:00\",\"dateModified\":\"2025-05-15T20:24:11+00:00\",\"mainEntityOfPage\":{\"@id\":\"https:\\\/\\\/schoenstatt.com\\\/de\\\/der-heilige-paulus-lehrt-mich-ein-zeuge-der-hoffnung-zu-sein\\\/\"},\"wordCount\":1132,\"publisher\":{\"@id\":\"https:\\\/\\\/schoenstatt.com\\\/de\\\/#organization\"},\"image\":{\"@id\":\"https:\\\/\\\/schoenstatt.com\\\/de\\\/der-heilige-paulus-lehrt-mich-ein-zeuge-der-hoffnung-zu-sein\\\/#primaryimage\"},\"thumbnailUrl\":\"https:\\\/\\\/schoenstatt.com\\\/wp-content\\\/uploads\\\/2022\\\/01\\\/cathopic_1485361778569677-1.jpg\",\"articleSection\":[\"Kirche\",\"Spiritualit\u00e4t\"],\"inLanguage\":\"de\"},{\"@type\":\"WebPage\",\"@id\":\"https:\\\/\\\/schoenstatt.com\\\/de\\\/der-heilige-paulus-lehrt-mich-ein-zeuge-der-hoffnung-zu-sein\\\/\",\"url\":\"https:\\\/\\\/schoenstatt.com\\\/de\\\/der-heilige-paulus-lehrt-mich-ein-zeuge-der-hoffnung-zu-sein\\\/\",\"name\":\"Der heilige Paulus lehrt mich, ein Zeuge der Hoffnung zu sein\",\"isPartOf\":{\"@id\":\"https:\\\/\\\/schoenstatt.com\\\/de\\\/#website\"},\"primaryImageOfPage\":{\"@id\":\"https:\\\/\\\/schoenstatt.com\\\/de\\\/der-heilige-paulus-lehrt-mich-ein-zeuge-der-hoffnung-zu-sein\\\/#primaryimage\"},\"image\":{\"@id\":\"https:\\\/\\\/schoenstatt.com\\\/de\\\/der-heilige-paulus-lehrt-mich-ein-zeuge-der-hoffnung-zu-sein\\\/#primaryimage\"},\"thumbnailUrl\":\"https:\\\/\\\/schoenstatt.com\\\/wp-content\\\/uploads\\\/2022\\\/01\\\/cathopic_1485361778569677-1.jpg\",\"datePublished\":\"2022-01-25T09:00:31+00:00\",\"dateModified\":\"2025-05-15T20:24:11+00:00\",\"description\":\"Heute, am Tag der Bekehrung des heiligen Paulus, bin ich eingeladen, auf mein Herz zu schauen und Gott zu bitten, mich zu verwandeln.\",\"breadcrumb\":{\"@id\":\"https:\\\/\\\/schoenstatt.com\\\/de\\\/der-heilige-paulus-lehrt-mich-ein-zeuge-der-hoffnung-zu-sein\\\/#breadcrumb\"},\"inLanguage\":\"de\",\"potentialAction\":[{\"@type\":\"ReadAction\",\"target\":[\"https:\\\/\\\/schoenstatt.com\\\/de\\\/der-heilige-paulus-lehrt-mich-ein-zeuge-der-hoffnung-zu-sein\\\/\"]}]},{\"@type\":\"ImageObject\",\"inLanguage\":\"de\",\"@id\":\"https:\\\/\\\/schoenstatt.com\\\/de\\\/der-heilige-paulus-lehrt-mich-ein-zeuge-der-hoffnung-zu-sein\\\/#primaryimage\",\"url\":\"https:\\\/\\\/schoenstatt.com\\\/wp-content\\\/uploads\\\/2022\\\/01\\\/cathopic_1485361778569677-1.jpg\",\"contentUrl\":\"https:\\\/\\\/schoenstatt.com\\\/wp-content\\\/uploads\\\/2022\\\/01\\\/cathopic_1485361778569677-1.jpg\",\"width\":2048,\"height\":1367,\"caption\":\"San Pablo\"},{\"@type\":\"BreadcrumbList\",\"@id\":\"https:\\\/\\\/schoenstatt.com\\\/de\\\/der-heilige-paulus-lehrt-mich-ein-zeuge-der-hoffnung-zu-sein\\\/#breadcrumb\",\"itemListElement\":[{\"@type\":\"ListItem\",\"position\":1,\"name\":\"Portada\",\"item\":\"https:\\\/\\\/schoenstatt.com\\\/de\\\/home\\\/\"},{\"@type\":\"ListItem\",\"position\":2,\"name\":\"Der heilige Paulus lehrt mich, ein Zeuge der Hoffnung zu sein\"}]},{\"@type\":\"WebSite\",\"@id\":\"https:\\\/\\\/schoenstatt.com\\\/de\\\/#website\",\"url\":\"https:\\\/\\\/schoenstatt.com\\\/de\\\/\",\"name\":\"Schoenstatt\",\"description\":\"Apostolic Movement\",\"publisher\":{\"@id\":\"https:\\\/\\\/schoenstatt.com\\\/de\\\/#organization\"},\"potentialAction\":[{\"@type\":\"SearchAction\",\"target\":{\"@type\":\"EntryPoint\",\"urlTemplate\":\"https:\\\/\\\/schoenstatt.com\\\/de\\\/?s={search_term_string}\"},\"query-input\":{\"@type\":\"PropertyValueSpecification\",\"valueRequired\":true,\"valueName\":\"search_term_string\"}}],\"inLanguage\":\"de\"},{\"@type\":\"Organization\",\"@id\":\"https:\\\/\\\/schoenstatt.com\\\/de\\\/#organization\",\"name\":\"Schoenstatt\",\"url\":\"https:\\\/\\\/schoenstatt.com\\\/de\\\/\",\"logo\":{\"@type\":\"ImageObject\",\"inLanguage\":\"de\",\"@id\":\"https:\\\/\\\/schoenstatt.com\\\/de\\\/#\\\/schema\\\/logo\\\/image\\\/\",\"url\":\"https:\\\/\\\/schoenstatt.com\\\/wp-content\\\/uploads\\\/2025\\\/04\\\/logo-schoenstatt-white-696x696-1.png\",\"contentUrl\":\"https:\\\/\\\/schoenstatt.com\\\/wp-content\\\/uploads\\\/2025\\\/04\\\/logo-schoenstatt-white-696x696-1.png\",\"width\":696,\"height\":694,\"caption\":\"Schoenstatt\"},\"image\":{\"@id\":\"https:\\\/\\\/schoenstatt.com\\\/de\\\/#\\\/schema\\\/logo\\\/image\\\/\"}},{\"@type\":\"Person\",\"@id\":\"https:\\\/\\\/schoenstatt.com\\\/de\\\/#\\\/schema\\\/person\\\/ea97a60c723e21c923e2177f0f3163f7\",\"name\":\"Vanessa Franke\",\"image\":{\"@type\":\"ImageObject\",\"inLanguage\":\"de\",\"@id\":\"https:\\\/\\\/secure.gravatar.com\\\/avatar\\\/a9bcca3409928ccd3195eca11e2ccbb2e5d7c7912e9a945d4f326f81a0a5cb4a?s=96&d=mm&r=g\",\"url\":\"https:\\\/\\\/secure.gravatar.com\\\/avatar\\\/a9bcca3409928ccd3195eca11e2ccbb2e5d7c7912e9a945d4f326f81a0a5cb4a?s=96&d=mm&r=g\",\"contentUrl\":\"https:\\\/\\\/secure.gravatar.com\\\/avatar\\\/a9bcca3409928ccd3195eca11e2ccbb2e5d7c7912e9a945d4f326f81a0a5cb4a?s=96&d=mm&r=g\",\"caption\":\"Vanessa Franke\"},\"url\":\"https:\\\/\\\/schoenstatt.com\\\/de\\\/author\\\/vanessa-franke\\\/\"}]}<\/script>\n<!-- \/ Yoast SEO Premium plugin. -->","yoast_head_json":{"title":"Der heilige Paulus lehrt mich, ein Zeuge der Hoffnung zu sein","description":"Heute, am Tag der Bekehrung des heiligen Paulus, bin ich eingeladen, auf mein Herz zu schauen und Gott zu bitten, mich zu verwandeln.","robots":{"index":"index","follow":"follow","max-snippet":"max-snippet:-1","max-image-preview":"max-image-preview:large","max-video-preview":"max-video-preview:-1"},"canonical":"https:\/\/schoenstatt.com\/de\/der-heilige-paulus-lehrt-mich-ein-zeuge-der-hoffnung-zu-sein\/","og_locale":"de_DE","og_type":"article","og_title":"Der heilige Paulus lehrt mich, ein Zeuge der Hoffnung zu sein","og_description":"Heute, am Tag der Bekehrung des heiligen Paulus, bin ich eingeladen, auf mein Herz zu schauen und Gott zu bitten, mich zu verwandeln.","og_url":"https:\/\/schoenstatt.com\/de\/der-heilige-paulus-lehrt-mich-ein-zeuge-der-hoffnung-zu-sein\/","og_site_name":"Schoenstatt","article_published_time":"2022-01-25T09:00:31+00:00","article_modified_time":"2025-05-15T20:24:11+00:00","og_image":[{"width":2048,"height":1367,"url":"https:\/\/schoenstatt.com\/wp-content\/uploads\/2022\/01\/cathopic_1485361778569677-1.jpg","type":"image\/jpeg"}],"author":"Vanessa Franke","twitter_card":"summary_large_image","twitter_misc":{"Verfasst von":"Vanessa Franke","Gesch\u00e4tzte Lesezeit":"5\u00a0Minuten"},"schema":{"@context":"https:\/\/schema.org","@graph":[{"@type":"Article","@id":"https:\/\/schoenstatt.com\/de\/der-heilige-paulus-lehrt-mich-ein-zeuge-der-hoffnung-zu-sein\/#article","isPartOf":{"@id":"https:\/\/schoenstatt.com\/de\/der-heilige-paulus-lehrt-mich-ein-zeuge-der-hoffnung-zu-sein\/"},"author":{"name":"Vanessa Franke","@id":"https:\/\/schoenstatt.com\/de\/#\/schema\/person\/ea97a60c723e21c923e2177f0f3163f7"},"headline":"Der heilige Paulus lehrt mich, ein Zeuge der Hoffnung zu sein","datePublished":"2022-01-25T09:00:31+00:00","dateModified":"2025-05-15T20:24:11+00:00","mainEntityOfPage":{"@id":"https:\/\/schoenstatt.com\/de\/der-heilige-paulus-lehrt-mich-ein-zeuge-der-hoffnung-zu-sein\/"},"wordCount":1132,"publisher":{"@id":"https:\/\/schoenstatt.com\/de\/#organization"},"image":{"@id":"https:\/\/schoenstatt.com\/de\/der-heilige-paulus-lehrt-mich-ein-zeuge-der-hoffnung-zu-sein\/#primaryimage"},"thumbnailUrl":"https:\/\/schoenstatt.com\/wp-content\/uploads\/2022\/01\/cathopic_1485361778569677-1.jpg","articleSection":["Kirche","Spiritualit\u00e4t"],"inLanguage":"de"},{"@type":"WebPage","@id":"https:\/\/schoenstatt.com\/de\/der-heilige-paulus-lehrt-mich-ein-zeuge-der-hoffnung-zu-sein\/","url":"https:\/\/schoenstatt.com\/de\/der-heilige-paulus-lehrt-mich-ein-zeuge-der-hoffnung-zu-sein\/","name":"Der heilige Paulus lehrt mich, ein Zeuge der Hoffnung zu sein","isPartOf":{"@id":"https:\/\/schoenstatt.com\/de\/#website"},"primaryImageOfPage":{"@id":"https:\/\/schoenstatt.com\/de\/der-heilige-paulus-lehrt-mich-ein-zeuge-der-hoffnung-zu-sein\/#primaryimage"},"image":{"@id":"https:\/\/schoenstatt.com\/de\/der-heilige-paulus-lehrt-mich-ein-zeuge-der-hoffnung-zu-sein\/#primaryimage"},"thumbnailUrl":"https:\/\/schoenstatt.com\/wp-content\/uploads\/2022\/01\/cathopic_1485361778569677-1.jpg","datePublished":"2022-01-25T09:00:31+00:00","dateModified":"2025-05-15T20:24:11+00:00","description":"Heute, am Tag der Bekehrung des heiligen Paulus, bin ich eingeladen, auf mein Herz zu schauen und Gott zu bitten, mich zu verwandeln.","breadcrumb":{"@id":"https:\/\/schoenstatt.com\/de\/der-heilige-paulus-lehrt-mich-ein-zeuge-der-hoffnung-zu-sein\/#breadcrumb"},"inLanguage":"de","potentialAction":[{"@type":"ReadAction","target":["https:\/\/schoenstatt.com\/de\/der-heilige-paulus-lehrt-mich-ein-zeuge-der-hoffnung-zu-sein\/"]}]},{"@type":"ImageObject","inLanguage":"de","@id":"https:\/\/schoenstatt.com\/de\/der-heilige-paulus-lehrt-mich-ein-zeuge-der-hoffnung-zu-sein\/#primaryimage","url":"https:\/\/schoenstatt.com\/wp-content\/uploads\/2022\/01\/cathopic_1485361778569677-1.jpg","contentUrl":"https:\/\/schoenstatt.com\/wp-content\/uploads\/2022\/01\/cathopic_1485361778569677-1.jpg","width":2048,"height":1367,"caption":"San Pablo"},{"@type":"BreadcrumbList","@id":"https:\/\/schoenstatt.com\/de\/der-heilige-paulus-lehrt-mich-ein-zeuge-der-hoffnung-zu-sein\/#breadcrumb","itemListElement":[{"@type":"ListItem","position":1,"name":"Portada","item":"https:\/\/schoenstatt.com\/de\/home\/"},{"@type":"ListItem","position":2,"name":"Der heilige Paulus lehrt mich, ein Zeuge der Hoffnung zu sein"}]},{"@type":"WebSite","@id":"https:\/\/schoenstatt.com\/de\/#website","url":"https:\/\/schoenstatt.com\/de\/","name":"Schoenstatt","description":"Apostolic Movement","publisher":{"@id":"https:\/\/schoenstatt.com\/de\/#organization"},"potentialAction":[{"@type":"SearchAction","target":{"@type":"EntryPoint","urlTemplate":"https:\/\/schoenstatt.com\/de\/?s={search_term_string}"},"query-input":{"@type":"PropertyValueSpecification","valueRequired":true,"valueName":"search_term_string"}}],"inLanguage":"de"},{"@type":"Organization","@id":"https:\/\/schoenstatt.com\/de\/#organization","name":"Schoenstatt","url":"https:\/\/schoenstatt.com\/de\/","logo":{"@type":"ImageObject","inLanguage":"de","@id":"https:\/\/schoenstatt.com\/de\/#\/schema\/logo\/image\/","url":"https:\/\/schoenstatt.com\/wp-content\/uploads\/2025\/04\/logo-schoenstatt-white-696x696-1.png","contentUrl":"https:\/\/schoenstatt.com\/wp-content\/uploads\/2025\/04\/logo-schoenstatt-white-696x696-1.png","width":696,"height":694,"caption":"Schoenstatt"},"image":{"@id":"https:\/\/schoenstatt.com\/de\/#\/schema\/logo\/image\/"}},{"@type":"Person","@id":"https:\/\/schoenstatt.com\/de\/#\/schema\/person\/ea97a60c723e21c923e2177f0f3163f7","name":"Vanessa Franke","image":{"@type":"ImageObject","inLanguage":"de","@id":"https:\/\/secure.gravatar.com\/avatar\/a9bcca3409928ccd3195eca11e2ccbb2e5d7c7912e9a945d4f326f81a0a5cb4a?s=96&d=mm&r=g","url":"https:\/\/secure.gravatar.com\/avatar\/a9bcca3409928ccd3195eca11e2ccbb2e5d7c7912e9a945d4f326f81a0a5cb4a?s=96&d=mm&r=g","contentUrl":"https:\/\/secure.gravatar.com\/avatar\/a9bcca3409928ccd3195eca11e2ccbb2e5d7c7912e9a945d4f326f81a0a5cb4a?s=96&d=mm&r=g","caption":"Vanessa Franke"},"url":"https:\/\/schoenstatt.com\/de\/author\/vanessa-franke\/"}]}},"_links":{"self":[{"href":"https:\/\/schoenstatt.com\/de\/wp-json\/wp\/v2\/posts\/52681","targetHints":{"allow":["GET"]}}],"collection":[{"href":"https:\/\/schoenstatt.com\/de\/wp-json\/wp\/v2\/posts"}],"about":[{"href":"https:\/\/schoenstatt.com\/de\/wp-json\/wp\/v2\/types\/post"}],"author":[{"embeddable":true,"href":"https:\/\/schoenstatt.com\/de\/wp-json\/wp\/v2\/users\/6"}],"replies":[{"embeddable":true,"href":"https:\/\/schoenstatt.com\/de\/wp-json\/wp\/v2\/comments?post=52681"}],"version-history":[{"count":1,"href":"https:\/\/schoenstatt.com\/de\/wp-json\/wp\/v2\/posts\/52681\/revisions"}],"predecessor-version":[{"id":52770,"href":"https:\/\/schoenstatt.com\/de\/wp-json\/wp\/v2\/posts\/52681\/revisions\/52770"}],"wp:featuredmedia":[{"embeddable":true,"href":"https:\/\/schoenstatt.com\/de\/wp-json\/wp\/v2\/media\/23360"}],"wp:attachment":[{"href":"https:\/\/schoenstatt.com\/de\/wp-json\/wp\/v2\/media?parent=52681"}],"wp:term":[{"taxonomy":"category","embeddable":true,"href":"https:\/\/schoenstatt.com\/de\/wp-json\/wp\/v2\/categories?post=52681"},{"taxonomy":"post_tag","embeddable":true,"href":"https:\/\/schoenstatt.com\/de\/wp-json\/wp\/v2\/tags?post=52681"}],"curies":[{"name":"wp","href":"https:\/\/api.w.org\/{rel}","templated":true}]}}