{"id":52531,"date":"2022-02-23T16:04:35","date_gmt":"2022-02-23T15:04:35","guid":{"rendered":"https:\/\/schoenstattdev.wpenginepowered.com\/?p=23846"},"modified":"2025-05-15T22:24:04","modified_gmt":"2025-05-15T20:24:04","slug":"papst-franziskus-am-aschermittwoch-fuer-frieden-in-der-ukraine-beten-und-fasten","status":"publish","type":"post","link":"https:\/\/schoenstatt.com\/de\/papst-franziskus-am-aschermittwoch-fuer-frieden-in-der-ukraine-beten-und-fasten\/","title":{"rendered":"Papst Franziskus: Am Aschermittwoch f\u00fcr Frieden in der Ukraine beten und fasten"},"content":{"rendered":"<p>\u201eAngesichts der Verschlechterung der <a href=\"https:\/\/www.vaticannews.va\/de\/welt\/news\/2022-02\/ukraine-krieg-putin-kirche-caritas-fluechtlinge-hilfe-baetzing.html\">Situation in der Ukraine<\/a> sp\u00fcre ich gro\u00dfen Schmerz im Herzen\u201c, sagte Franziskus am Ende der Generalaudienz. Trotz der diplomatischen Bem\u00fchungen der vergangenen Wochen st\u00fcnde man immer schrecklicheren Szenarien gegen\u00fcber, so der sichtlich besorgte Papst vor den Pilgern in der Audienzhalle. Wie er selbst, seien viele Menschen auf der Welt ver\u00e4ngstigt und besorgt \u00fcber die Lage: \u201eEin weiteres Mal ist der Frieden aller durch Einzelinteressen bedroht. Ich appelliere an die politisch Verantwortlichen, ernsthaft ihr Gewissen zu pr\u00fcfen, vor Gott, der der Gott des Friedens und nicht des Krieges ist, der Vater aller und nicht nur einiger, und der will, dass wir Geschwister sind und nicht Feinde. Ich bitte alle beteiligten Parteien, von jeder Aktion abzusehen, die noch mehr Leid f\u00fcr die Bev\u00f6lkerung mit sich bringt, indem sie das Zusammenleben der Nationen unterminiert und internationales Recht missachtet.\u201c<\/p>\n<p><img fetchpriority=\"high\" decoding=\"async\" class=\"size-full wp-image-23844 aligncenter\" src=\"https:\/\/schoenstatt.com\/wp-content\/uploads\/2022\/02\/Ucrania-2-1.png\" alt=\"\" width=\"734\" height=\"394\" \/><\/p>\n<h3>Gebet und Fasten die<a href=\"https:\/\/schoenstattdev.wpenginepowered.com\/de\/kirche\/papstappell-fuer-frieden-im-ukraine-konflikt\/\"> Waffen Gottes<\/a><\/h3>\n<p>Am Montagabend hatte Russlands Pr\u00e4sident Putin die selbsternannten Republiken von Luhansk und Donezk auf ukrainischem Gebiet anerkannt und angek\u00fcndigt, Truppen in diese Gebiete zu entsenden. Die internationale Gemeinschaft hatte den Schritt einm\u00fctig scharf verurteilt und zahlreiche Sanktionen gegen Russland ausgesprochen. Es sei allerdings noch nicht zu sp\u00e4t f\u00fcr ein Einlenken Russlands, so der Tenor der westlichen Staatschefs. Mit Sanktionen kann und will der Vatikan zwar nicht dienen \u2013 doch Papst Franziskus appellierte eindringlich sowohl an Gl\u00e4ubige als auch Nichtglaubende, \u201edie Waffen Gottes\u201c zu nutzen:<\/p>\n<p>\u201eNun m\u00f6chte ich alle ansprechen, Glaubende und Nichtglaubende. Jesus hat uns gelehrt, dass man auf die teuflischen Einfl\u00fcsterungen und die teuflische Sinnlosigkeit der Gewalt mit den Waffen Gottes antwortet: mit Gebet und Fasten. Ich lade alle dazu ein, am kommenden 2. M\u00e4rz, Aschermittwoch, einen Tag des Fastens f\u00fcr den Frieden abzuhalten.\u201c Insbesondere die Gl\u00e4ubigen sollten sich intensiv dem Gebet und dem Fasten widmen, betonte Franziskus, bevor er seinen Appell abschloss: \u201eDie Friedensk\u00f6nigin m\u00f6ge die Welt vor dem Wahnsinn des Krieges sch\u00fctzen.\u201c<\/p>\n<p>Die humanit\u00e4re Lage in der Ostukraine spitzt sich derweil weiter zu. Vor allem Kinder leiden unter dem Konflikt, wie das Kinderhilfswerk UNICEF deutlich machte. Demnach gibt es in der Ostukraine mehr als 510.000 Kinder, die dringend humanit\u00e4re Hilfe ben\u00f6tigen. Bei fast 430.000 Kindern hat der andauernde Kriegszustand psychologische Probleme und St\u00f6rungen hervorgerufen<\/p>\n","protected":false},"excerpt":{"rendered":"<p>Papst Franziskus hat Gl\u00e4ubige und Nichtglaubende dazu aufgerufen, f\u00fcr den Frieden in der Ukraine zu beten und zu fasten. Er wie viele andere auf der Welt s\u00e4hen mit Angst und Schrecken, dass ein neuer Krieg drohe, sagte das Kirchenoberhaupt mit Blick auf die Entwicklungen in der Ukraine bei der Generalaudienz an diesem Mittwoch.<\/p>\n","protected":false},"author":1,"featured_media":23838,"comment_status":"closed","ping_status":"closed","sticky":false,"template":"","format":"standard","meta":{"footnotes":""},"categories":[914],"tags":[],"class_list":["post-52531","post","type-post","status-publish","format-standard","has-post-thumbnail","hentry","category-spiritualitat-de"],"yoast_head":"<!-- This site is optimized with the Yoast SEO Premium plugin v27.4 (Yoast SEO v27.4) - https:\/\/yoast.com\/product\/yoast-seo-premium-wordpress\/ -->\n<title>Papst Franziskus: Am Aschermittwoch f\u00fcr Frieden in der Ukraine beten und fasten - Schoenstatt<\/title>\n<meta name=\"description\" content=\"Papst Franziskus hat Gl\u00e4ubige und Nichtglaubende dazu aufgerufen, f\u00fcr den Frieden in der Ukraine zu beten und zu fasten.\" \/>\n<meta name=\"robots\" content=\"index, follow, max-snippet:-1, max-image-preview:large, max-video-preview:-1\" \/>\n<link rel=\"canonical\" href=\"https:\/\/schoenstatt.com\/de\/papst-franziskus-am-aschermittwoch-fuer-frieden-in-der-ukraine-beten-und-fasten\/\" \/>\n<meta property=\"og:locale\" content=\"de_DE\" \/>\n<meta property=\"og:type\" content=\"article\" \/>\n<meta property=\"og:title\" content=\"Papst Franziskus: Am Aschermittwoch f\u00fcr Frieden in der Ukraine beten und fasten\" \/>\n<meta property=\"og:description\" content=\"Papst Franziskus hat Gl\u00e4ubige und Nichtglaubende dazu aufgerufen, f\u00fcr den Frieden in der Ukraine zu beten und zu fasten.\" \/>\n<meta property=\"og:url\" content=\"https:\/\/schoenstatt.com\/de\/papst-franziskus-am-aschermittwoch-fuer-frieden-in-der-ukraine-beten-und-fasten\/\" \/>\n<meta property=\"og:site_name\" content=\"Schoenstatt\" \/>\n<meta property=\"article:published_time\" content=\"2022-02-23T15:04:35+00:00\" \/>\n<meta property=\"article:modified_time\" content=\"2025-05-15T20:24:04+00:00\" \/>\n<meta property=\"og:image\" content=\"https:\/\/schoenstatt.com\/wp-content\/uploads\/2022\/02\/Ucrania-1.png\" \/>\n\t<meta property=\"og:image:width\" content=\"742\" \/>\n\t<meta property=\"og:image:height\" content=\"380\" \/>\n\t<meta property=\"og:image:type\" content=\"image\/png\" \/>\n<meta name=\"author\" content=\"admin\" \/>\n<meta name=\"twitter:card\" content=\"summary_large_image\" \/>\n<meta name=\"twitter:label1\" content=\"Verfasst von\" \/>\n\t<meta name=\"twitter:data1\" content=\"admin\" \/>\n\t<meta name=\"twitter:label2\" content=\"Gesch\u00e4tzte Lesezeit\" \/>\n\t<meta name=\"twitter:data2\" content=\"2\u00a0Minuten\" \/>\n<script type=\"application\/ld+json\" class=\"yoast-schema-graph\">{\"@context\":\"https:\\\/\\\/schema.org\",\"@graph\":[{\"@type\":\"Article\",\"@id\":\"https:\\\/\\\/schoenstatt.com\\\/de\\\/papst-franziskus-am-aschermittwoch-fuer-frieden-in-der-ukraine-beten-und-fasten\\\/#article\",\"isPartOf\":{\"@id\":\"https:\\\/\\\/schoenstatt.com\\\/de\\\/papst-franziskus-am-aschermittwoch-fuer-frieden-in-der-ukraine-beten-und-fasten\\\/\"},\"author\":{\"name\":\"admin\",\"@id\":\"https:\\\/\\\/schoenstatt.com\\\/de\\\/#\\\/schema\\\/person\\\/489465b1850e7b216fe2c10dfc262551\"},\"headline\":\"Papst Franziskus: Am Aschermittwoch f\u00fcr Frieden in der Ukraine beten und fasten\",\"datePublished\":\"2022-02-23T15:04:35+00:00\",\"dateModified\":\"2025-05-15T20:24:04+00:00\",\"mainEntityOfPage\":{\"@id\":\"https:\\\/\\\/schoenstatt.com\\\/de\\\/papst-franziskus-am-aschermittwoch-fuer-frieden-in-der-ukraine-beten-und-fasten\\\/\"},\"wordCount\":398,\"publisher\":{\"@id\":\"https:\\\/\\\/schoenstatt.com\\\/de\\\/#organization\"},\"image\":{\"@id\":\"https:\\\/\\\/schoenstatt.com\\\/de\\\/papst-franziskus-am-aschermittwoch-fuer-frieden-in-der-ukraine-beten-und-fasten\\\/#primaryimage\"},\"thumbnailUrl\":\"https:\\\/\\\/schoenstatt.com\\\/wp-content\\\/uploads\\\/2022\\\/02\\\/Ucrania-1.png\",\"articleSection\":[\"Spiritualit\u00e4t\"],\"inLanguage\":\"de\"},{\"@type\":\"WebPage\",\"@id\":\"https:\\\/\\\/schoenstatt.com\\\/de\\\/papst-franziskus-am-aschermittwoch-fuer-frieden-in-der-ukraine-beten-und-fasten\\\/\",\"url\":\"https:\\\/\\\/schoenstatt.com\\\/de\\\/papst-franziskus-am-aschermittwoch-fuer-frieden-in-der-ukraine-beten-und-fasten\\\/\",\"name\":\"Papst Franziskus: Am Aschermittwoch f\u00fcr Frieden in der Ukraine beten und fasten - Schoenstatt\",\"isPartOf\":{\"@id\":\"https:\\\/\\\/schoenstatt.com\\\/de\\\/#website\"},\"primaryImageOfPage\":{\"@id\":\"https:\\\/\\\/schoenstatt.com\\\/de\\\/papst-franziskus-am-aschermittwoch-fuer-frieden-in-der-ukraine-beten-und-fasten\\\/#primaryimage\"},\"image\":{\"@id\":\"https:\\\/\\\/schoenstatt.com\\\/de\\\/papst-franziskus-am-aschermittwoch-fuer-frieden-in-der-ukraine-beten-und-fasten\\\/#primaryimage\"},\"thumbnailUrl\":\"https:\\\/\\\/schoenstatt.com\\\/wp-content\\\/uploads\\\/2022\\\/02\\\/Ucrania-1.png\",\"datePublished\":\"2022-02-23T15:04:35+00:00\",\"dateModified\":\"2025-05-15T20:24:04+00:00\",\"description\":\"Papst Franziskus hat Gl\u00e4ubige und Nichtglaubende dazu aufgerufen, f\u00fcr den Frieden in der Ukraine zu beten und zu fasten.\",\"breadcrumb\":{\"@id\":\"https:\\\/\\\/schoenstatt.com\\\/de\\\/papst-franziskus-am-aschermittwoch-fuer-frieden-in-der-ukraine-beten-und-fasten\\\/#breadcrumb\"},\"inLanguage\":\"de\",\"potentialAction\":[{\"@type\":\"ReadAction\",\"target\":[\"https:\\\/\\\/schoenstatt.com\\\/de\\\/papst-franziskus-am-aschermittwoch-fuer-frieden-in-der-ukraine-beten-und-fasten\\\/\"]}]},{\"@type\":\"ImageObject\",\"inLanguage\":\"de\",\"@id\":\"https:\\\/\\\/schoenstatt.com\\\/de\\\/papst-franziskus-am-aschermittwoch-fuer-frieden-in-der-ukraine-beten-und-fasten\\\/#primaryimage\",\"url\":\"https:\\\/\\\/schoenstatt.com\\\/wp-content\\\/uploads\\\/2022\\\/02\\\/Ucrania-1.png\",\"contentUrl\":\"https:\\\/\\\/schoenstatt.com\\\/wp-content\\\/uploads\\\/2022\\\/02\\\/Ucrania-1.png\",\"width\":742,\"height\":380,\"caption\":\"O Papa\"},{\"@type\":\"BreadcrumbList\",\"@id\":\"https:\\\/\\\/schoenstatt.com\\\/de\\\/papst-franziskus-am-aschermittwoch-fuer-frieden-in-der-ukraine-beten-und-fasten\\\/#breadcrumb\",\"itemListElement\":[{\"@type\":\"ListItem\",\"position\":1,\"name\":\"Portada\",\"item\":\"https:\\\/\\\/schoenstatt.com\\\/de\\\/home\\\/\"},{\"@type\":\"ListItem\",\"position\":2,\"name\":\"Papst Franziskus: Am Aschermittwoch f\u00fcr Frieden in der Ukraine beten und fasten\"}]},{\"@type\":\"WebSite\",\"@id\":\"https:\\\/\\\/schoenstatt.com\\\/de\\\/#website\",\"url\":\"https:\\\/\\\/schoenstatt.com\\\/de\\\/\",\"name\":\"Schoenstatt\",\"description\":\"Apostolic Movement\",\"publisher\":{\"@id\":\"https:\\\/\\\/schoenstatt.com\\\/de\\\/#organization\"},\"potentialAction\":[{\"@type\":\"SearchAction\",\"target\":{\"@type\":\"EntryPoint\",\"urlTemplate\":\"https:\\\/\\\/schoenstatt.com\\\/de\\\/?s={search_term_string}\"},\"query-input\":{\"@type\":\"PropertyValueSpecification\",\"valueRequired\":true,\"valueName\":\"search_term_string\"}}],\"inLanguage\":\"de\"},{\"@type\":\"Organization\",\"@id\":\"https:\\\/\\\/schoenstatt.com\\\/de\\\/#organization\",\"name\":\"Schoenstatt\",\"url\":\"https:\\\/\\\/schoenstatt.com\\\/de\\\/\",\"logo\":{\"@type\":\"ImageObject\",\"inLanguage\":\"de\",\"@id\":\"https:\\\/\\\/schoenstatt.com\\\/de\\\/#\\\/schema\\\/logo\\\/image\\\/\",\"url\":\"https:\\\/\\\/schoenstatt.com\\\/wp-content\\\/uploads\\\/2025\\\/04\\\/logo-schoenstatt-white-696x696-1.png\",\"contentUrl\":\"https:\\\/\\\/schoenstatt.com\\\/wp-content\\\/uploads\\\/2025\\\/04\\\/logo-schoenstatt-white-696x696-1.png\",\"width\":696,\"height\":694,\"caption\":\"Schoenstatt\"},\"image\":{\"@id\":\"https:\\\/\\\/schoenstatt.com\\\/de\\\/#\\\/schema\\\/logo\\\/image\\\/\"}},{\"@type\":\"Person\",\"@id\":\"https:\\\/\\\/schoenstatt.com\\\/de\\\/#\\\/schema\\\/person\\\/489465b1850e7b216fe2c10dfc262551\",\"name\":\"admin\",\"image\":{\"@type\":\"ImageObject\",\"inLanguage\":\"de\",\"@id\":\"https:\\\/\\\/secure.gravatar.com\\\/avatar\\\/02e8345e1ec40ab0e0a2a98fdde64a684bbaf994cddcb778b25b8b024ee9dfe6?s=96&d=mm&r=g\",\"url\":\"https:\\\/\\\/secure.gravatar.com\\\/avatar\\\/02e8345e1ec40ab0e0a2a98fdde64a684bbaf994cddcb778b25b8b024ee9dfe6?s=96&d=mm&r=g\",\"contentUrl\":\"https:\\\/\\\/secure.gravatar.com\\\/avatar\\\/02e8345e1ec40ab0e0a2a98fdde64a684bbaf994cddcb778b25b8b024ee9dfe6?s=96&d=mm&r=g\",\"caption\":\"admin\"},\"sameAs\":[\"https:\\\/\\\/schoenstatt.com\"],\"url\":\"https:\\\/\\\/schoenstatt.com\\\/de\\\/author\\\/admin\\\/\"}]}<\/script>\n<!-- \/ Yoast SEO Premium plugin. -->","yoast_head_json":{"title":"Papst Franziskus: Am Aschermittwoch f\u00fcr Frieden in der Ukraine beten und fasten - Schoenstatt","description":"Papst Franziskus hat Gl\u00e4ubige und Nichtglaubende dazu aufgerufen, f\u00fcr den Frieden in der Ukraine zu beten und zu fasten.","robots":{"index":"index","follow":"follow","max-snippet":"max-snippet:-1","max-image-preview":"max-image-preview:large","max-video-preview":"max-video-preview:-1"},"canonical":"https:\/\/schoenstatt.com\/de\/papst-franziskus-am-aschermittwoch-fuer-frieden-in-der-ukraine-beten-und-fasten\/","og_locale":"de_DE","og_type":"article","og_title":"Papst Franziskus: Am Aschermittwoch f\u00fcr Frieden in der Ukraine beten und fasten","og_description":"Papst Franziskus hat Gl\u00e4ubige und Nichtglaubende dazu aufgerufen, f\u00fcr den Frieden in der Ukraine zu beten und zu fasten.","og_url":"https:\/\/schoenstatt.com\/de\/papst-franziskus-am-aschermittwoch-fuer-frieden-in-der-ukraine-beten-und-fasten\/","og_site_name":"Schoenstatt","article_published_time":"2022-02-23T15:04:35+00:00","article_modified_time":"2025-05-15T20:24:04+00:00","og_image":[{"width":742,"height":380,"url":"https:\/\/schoenstatt.com\/wp-content\/uploads\/2022\/02\/Ucrania-1.png","type":"image\/png"}],"author":"admin","twitter_card":"summary_large_image","twitter_misc":{"Verfasst von":"admin","Gesch\u00e4tzte Lesezeit":"2\u00a0Minuten"},"schema":{"@context":"https:\/\/schema.org","@graph":[{"@type":"Article","@id":"https:\/\/schoenstatt.com\/de\/papst-franziskus-am-aschermittwoch-fuer-frieden-in-der-ukraine-beten-und-fasten\/#article","isPartOf":{"@id":"https:\/\/schoenstatt.com\/de\/papst-franziskus-am-aschermittwoch-fuer-frieden-in-der-ukraine-beten-und-fasten\/"},"author":{"name":"admin","@id":"https:\/\/schoenstatt.com\/de\/#\/schema\/person\/489465b1850e7b216fe2c10dfc262551"},"headline":"Papst Franziskus: Am Aschermittwoch f\u00fcr Frieden in der Ukraine beten und fasten","datePublished":"2022-02-23T15:04:35+00:00","dateModified":"2025-05-15T20:24:04+00:00","mainEntityOfPage":{"@id":"https:\/\/schoenstatt.com\/de\/papst-franziskus-am-aschermittwoch-fuer-frieden-in-der-ukraine-beten-und-fasten\/"},"wordCount":398,"publisher":{"@id":"https:\/\/schoenstatt.com\/de\/#organization"},"image":{"@id":"https:\/\/schoenstatt.com\/de\/papst-franziskus-am-aschermittwoch-fuer-frieden-in-der-ukraine-beten-und-fasten\/#primaryimage"},"thumbnailUrl":"https:\/\/schoenstatt.com\/wp-content\/uploads\/2022\/02\/Ucrania-1.png","articleSection":["Spiritualit\u00e4t"],"inLanguage":"de"},{"@type":"WebPage","@id":"https:\/\/schoenstatt.com\/de\/papst-franziskus-am-aschermittwoch-fuer-frieden-in-der-ukraine-beten-und-fasten\/","url":"https:\/\/schoenstatt.com\/de\/papst-franziskus-am-aschermittwoch-fuer-frieden-in-der-ukraine-beten-und-fasten\/","name":"Papst Franziskus: Am Aschermittwoch f\u00fcr Frieden in der Ukraine beten und fasten - Schoenstatt","isPartOf":{"@id":"https:\/\/schoenstatt.com\/de\/#website"},"primaryImageOfPage":{"@id":"https:\/\/schoenstatt.com\/de\/papst-franziskus-am-aschermittwoch-fuer-frieden-in-der-ukraine-beten-und-fasten\/#primaryimage"},"image":{"@id":"https:\/\/schoenstatt.com\/de\/papst-franziskus-am-aschermittwoch-fuer-frieden-in-der-ukraine-beten-und-fasten\/#primaryimage"},"thumbnailUrl":"https:\/\/schoenstatt.com\/wp-content\/uploads\/2022\/02\/Ucrania-1.png","datePublished":"2022-02-23T15:04:35+00:00","dateModified":"2025-05-15T20:24:04+00:00","description":"Papst Franziskus hat Gl\u00e4ubige und Nichtglaubende dazu aufgerufen, f\u00fcr den Frieden in der Ukraine zu beten und zu fasten.","breadcrumb":{"@id":"https:\/\/schoenstatt.com\/de\/papst-franziskus-am-aschermittwoch-fuer-frieden-in-der-ukraine-beten-und-fasten\/#breadcrumb"},"inLanguage":"de","potentialAction":[{"@type":"ReadAction","target":["https:\/\/schoenstatt.com\/de\/papst-franziskus-am-aschermittwoch-fuer-frieden-in-der-ukraine-beten-und-fasten\/"]}]},{"@type":"ImageObject","inLanguage":"de","@id":"https:\/\/schoenstatt.com\/de\/papst-franziskus-am-aschermittwoch-fuer-frieden-in-der-ukraine-beten-und-fasten\/#primaryimage","url":"https:\/\/schoenstatt.com\/wp-content\/uploads\/2022\/02\/Ucrania-1.png","contentUrl":"https:\/\/schoenstatt.com\/wp-content\/uploads\/2022\/02\/Ucrania-1.png","width":742,"height":380,"caption":"O Papa"},{"@type":"BreadcrumbList","@id":"https:\/\/schoenstatt.com\/de\/papst-franziskus-am-aschermittwoch-fuer-frieden-in-der-ukraine-beten-und-fasten\/#breadcrumb","itemListElement":[{"@type":"ListItem","position":1,"name":"Portada","item":"https:\/\/schoenstatt.com\/de\/home\/"},{"@type":"ListItem","position":2,"name":"Papst Franziskus: Am Aschermittwoch f\u00fcr Frieden in der Ukraine beten und fasten"}]},{"@type":"WebSite","@id":"https:\/\/schoenstatt.com\/de\/#website","url":"https:\/\/schoenstatt.com\/de\/","name":"Schoenstatt","description":"Apostolic Movement","publisher":{"@id":"https:\/\/schoenstatt.com\/de\/#organization"},"potentialAction":[{"@type":"SearchAction","target":{"@type":"EntryPoint","urlTemplate":"https:\/\/schoenstatt.com\/de\/?s={search_term_string}"},"query-input":{"@type":"PropertyValueSpecification","valueRequired":true,"valueName":"search_term_string"}}],"inLanguage":"de"},{"@type":"Organization","@id":"https:\/\/schoenstatt.com\/de\/#organization","name":"Schoenstatt","url":"https:\/\/schoenstatt.com\/de\/","logo":{"@type":"ImageObject","inLanguage":"de","@id":"https:\/\/schoenstatt.com\/de\/#\/schema\/logo\/image\/","url":"https:\/\/schoenstatt.com\/wp-content\/uploads\/2025\/04\/logo-schoenstatt-white-696x696-1.png","contentUrl":"https:\/\/schoenstatt.com\/wp-content\/uploads\/2025\/04\/logo-schoenstatt-white-696x696-1.png","width":696,"height":694,"caption":"Schoenstatt"},"image":{"@id":"https:\/\/schoenstatt.com\/de\/#\/schema\/logo\/image\/"}},{"@type":"Person","@id":"https:\/\/schoenstatt.com\/de\/#\/schema\/person\/489465b1850e7b216fe2c10dfc262551","name":"admin","image":{"@type":"ImageObject","inLanguage":"de","@id":"https:\/\/secure.gravatar.com\/avatar\/02e8345e1ec40ab0e0a2a98fdde64a684bbaf994cddcb778b25b8b024ee9dfe6?s=96&d=mm&r=g","url":"https:\/\/secure.gravatar.com\/avatar\/02e8345e1ec40ab0e0a2a98fdde64a684bbaf994cddcb778b25b8b024ee9dfe6?s=96&d=mm&r=g","contentUrl":"https:\/\/secure.gravatar.com\/avatar\/02e8345e1ec40ab0e0a2a98fdde64a684bbaf994cddcb778b25b8b024ee9dfe6?s=96&d=mm&r=g","caption":"admin"},"sameAs":["https:\/\/schoenstatt.com"],"url":"https:\/\/schoenstatt.com\/de\/author\/admin\/"}]}},"_links":{"self":[{"href":"https:\/\/schoenstatt.com\/de\/wp-json\/wp\/v2\/posts\/52531","targetHints":{"allow":["GET"]}}],"collection":[{"href":"https:\/\/schoenstatt.com\/de\/wp-json\/wp\/v2\/posts"}],"about":[{"href":"https:\/\/schoenstatt.com\/de\/wp-json\/wp\/v2\/types\/post"}],"author":[{"embeddable":true,"href":"https:\/\/schoenstatt.com\/de\/wp-json\/wp\/v2\/users\/1"}],"replies":[{"embeddable":true,"href":"https:\/\/schoenstatt.com\/de\/wp-json\/wp\/v2\/comments?post=52531"}],"version-history":[{"count":1,"href":"https:\/\/schoenstatt.com\/de\/wp-json\/wp\/v2\/posts\/52531\/revisions"}],"predecessor-version":[{"id":52650,"href":"https:\/\/schoenstatt.com\/de\/wp-json\/wp\/v2\/posts\/52531\/revisions\/52650"}],"wp:featuredmedia":[{"embeddable":true,"href":"https:\/\/schoenstatt.com\/de\/wp-json\/wp\/v2\/media\/23838"}],"wp:attachment":[{"href":"https:\/\/schoenstatt.com\/de\/wp-json\/wp\/v2\/media?parent=52531"}],"wp:term":[{"taxonomy":"category","embeddable":true,"href":"https:\/\/schoenstatt.com\/de\/wp-json\/wp\/v2\/categories?post=52531"},{"taxonomy":"post_tag","embeddable":true,"href":"https:\/\/schoenstatt.com\/de\/wp-json\/wp\/v2\/tags?post=52531"}],"curies":[{"name":"wp","href":"https:\/\/api.w.org\/{rel}","templated":true}]}}