{"id":52384,"date":"2022-03-13T09:00:18","date_gmt":"2022-03-13T08:00:18","guid":{"rendered":"https:\/\/schoenstattdev.wpenginepowered.com\/?p=24033"},"modified":"2025-05-15T22:24:03","modified_gmt":"2025-05-15T20:24:03","slug":"das-plus-der-frau-nach-pater-josef-kentenich","status":"publish","type":"post","link":"https:\/\/schoenstatt.com\/de\/das-plus-der-frau-nach-pater-josef-kentenich\/","title":{"rendered":"Das Plus der Frau nach Pater Josef Kentenich"},"content":{"rendered":"<p>Die Rolle und die Aufgabe der Frau heute, ihre Bedeutung f\u00fcr die Gesellschaft und f\u00fcr die Erl\u00f6sung der Menschheit war ein Thema, das unserem Gr\u00fcnder, Pater Josef Kentenich, sehr am Herzen lag. Er investierte viel Zeit in seine Arbeit und unterst\u00fctzte viele Initiativen in Frauengemeinschaften. Ein wesentliches und lebenswichtiges Gebot war f\u00fcr ihn <strong>\u201eNon erigitur vir, nisi per feminam<\/strong>&#8220; &#8211; \u201eDer Mensch wird nicht erl\u00f6st, es sei denn durch die Frau&#8220;, womit er den heiligen Bernhard von Clairvaux zitierte, dem diese Formulierung zugeschrieben wird.<\/p>\n<p>Josef Kentenich blieb bei seiner \u00dcberzeugung vom urspr\u00fcnglichen Wesen der Frau, obwohl sich schon zu seiner Zeit die Tendenz durchsetzte, die Unterschiede zwischen Mann und Frau als gering, d.h. nur als biologische Unterschiede zu betrachten, und den Rest als Folge von Erziehung und \u00e4u\u00dferen Einfl\u00fcssen zu sehen.<\/p>\n<blockquote><p><em>Pater Kentenich sagt: \u201eEs ist falsch, sich vorzustellen, dass die Frau in ihrem Wesen mit dem Mann gleichzusetzen und zu bewerten ist. Es ist falsch, sich vorzustellen, dass die M\u00e4nnlichkeit der Ma\u00dfstab ist, nach dem die Weiblichkeit und Originalit\u00e4t der Frau beurteilt wird. Diese falsche Vorstellung hat sich im Laufe der Jahrhunderte oft gezeigt. (Pater Josef Kentenich, Marianische Erziehung, P\u00e4dagogische Tagung 1934).<\/em><\/p><\/blockquote>\n<p><img fetchpriority=\"high\" decoding=\"async\" class=\"aligncenter wp-image-24004 size-full\" src=\"https:\/\/schoenstatt.com\/wp-content\/uploads\/2022\/03\/cathopic_1504029640494607-scaled-1.jpg\" alt=\"\" width=\"1442\" height=\"2560\" \/><\/p>\n<h3>Als Grundregel beschreibt Pater Kentenich die Beziehung zwischen Mann und Frau: Sie sind gleich an W\u00fcrde und Wert und verschieden in ihrer Art<\/h3>\n<blockquote><p><em>\u00a0\u201eDie Originalit\u00e4t der Frau ist die starke Veranlagung zum Pers\u00f6nlichen, zum Spirituellen und zum M\u00fctterlichen. Sie ist stark auf das Pers\u00f6nliche fixiert, der Mann eher auf das Sachliche. Sie ist mehr den Dingen der Seele zugeneigt, der Mann mehr der Welt der Ideen. Die Frau zum M\u00fctterlichen, der Mann zum N\u00fctzlichen. So k\u00f6nnen wir den Kontrast sehen. Wir k\u00f6nnen aber auch sagen, dass die Grenzen unscharf sind.\u00a0 Es ist nicht einfach, eine grenze zwischen beide zu ziehen. .Denn wir sehen oft eine starke Neigung zu der einen oder zu der anderen Seite. F\u00fcr eine klarere Sichtweise\u00a0 k\u00f6nnen wir statt \u201em\u00e4nnlich und weiblich&#8220; \u201eweibliches Prinzip und m\u00e4nnliches Prinzip&#8220; sagen. \u00a0 Auf diese Weise wird das Thema aus kulturphilosophischer Sicht dargestellt&#8220;. (Pater Josef Kentenich, P\u00e4dagogische Tagung 1934)<\/em><\/p><\/blockquote>\n<p>Nach Pater Kentenich gelten die sogenannten m\u00e4nnlichen und weiblichen Eigenschaften nicht ausschlie\u00dflich f\u00fcr M\u00e4nner bzw.f\u00fcr Frauen. Mit anderen Worten: Es geht nicht um \u201eStereotypen und Geschlechterrollen&#8220;. Pater Kentenich spricht eher von einem Plus des Weiblichen in der Frau und einem Plus des M\u00e4nnlichen im Mann.<\/p>\n<p>\u201eIm Moment kann ich nur von einem Plus oder einem \u201eVorteil&#8216; sprechen. Denn alle Werte, die Frauen haben, haben auch M\u00e4nner, und umgekehrt. Es geht nur um ein Plus. \u00a0 (Pater Josef Kentenich, P\u00e4dagogische Tagung 1934)<\/p>\n<h3>Ein Plus in der m\u00fctterlichen Haltung<\/h3>\n<p>Bei Frauen gibt es eine grundlegende Veranlagung, eine gr\u00f6\u00dfere Hingabe an das Leben im weiteren Sinn. Dies \u00e4u\u00dfert sich zum Beispiel in einer gr\u00f6sseren sch\u00f6pferischen Kraft der Seele, in der Opferbereitschaft, in der Leidensf\u00e4higkeit, in einer gr\u00f6\u00dferen Bereitschaft, Schmerzen (physisch oder psychisch) zu ertragen, in einer l\u00e4ngeren Ausdauer.<\/p>\n<p><img decoding=\"async\" class=\"aligncenter wp-image-24020 size-full\" src=\"https:\/\/schoenstatt.com\/wp-content\/uploads\/2022\/03\/cathopic_1521000108615294-scaled-1.jpg\" alt=\"\" width=\"2560\" height=\"1707\" \/><\/p>\n<h3>Ein Plus an Lebensbeziehungen<\/h3>\n<p>Eine Frau besitzt eine ausgepr\u00e4gte Sensibilit\u00e4t f\u00fcr die Lebensprozesse, eine aufmerksame Empf\u00e4nglichkeit f\u00fcr die Rhythmen des Lebens und einen tieferen Einblick in die Geheimnisse der Natur und des menschlichen Lebens. Das gilt auch f\u00fcr den geistigen und seelischen Bereich. Die Aufgabe der Frau ist es, dem Leben zu dienen, k\u00f6rperlich, geistig und seelisch, und die Besch\u00fctzerin und Begleiterin allen Lebens zu sein.<\/p>\n<p><strong>Ein Plus an Liebe und geistiger Verbundenheit<\/strong><\/p>\n<p>Wann immer eine Frau sich einer Person oder einer Sache widmet, begleitet sie diese mit einem Teil ihres Herzens.\u00a0 Der Impuls, sich an einer Person oder einer Aufgabe zu orientieren, hat seinen Ursprung in der geistigen Ebene und nicht in der intellektuellen Ebene. Was sie tut, hat nicht nur einen \u00e4u\u00dferlich wahrnehmbaren Wert, einen praktischen Wert, sondern auch einen symbolischen Charakter. F\u00fcr die Frau steht bei jeder Form der Liebe immer das Spirituelle im Vordergrund.<\/p>\n<blockquote><p>\u201e<em>Frauen wollen und m\u00fcssen alles, was sie tun, mit Geist erf\u00fcllen. Sie haben eine besondere Funktion im t\u00e4glichen, im pers\u00f6nlichen, im gesellschaftlichen, im industriellen und kulturellen Leben. Sie haben die gro\u00dfe Aufgabe, alle Lebensvorg\u00e4nge in sich und um sich herum mit Seele, mit Geist zu durchdringen<\/em>&#8222;.\u00a0 (Pater Kentenich, in Rom am 18. Dezember 1965)<\/p><\/blockquote>\n<p>Das Engagement der Frau ist tief und pers\u00f6nlich. Sie sucht in allem und in jedem das &#8222;Du&#8220; und braucht auch ein pers\u00f6nliches Engagement. Auf diese Weise kann die Frau vielf\u00e4ltige pers\u00f6nliche Bindungen eingehen und pflegen, sie kann zu einem Zentrum der Beziehungen werden.<\/p>\n<p>&nbsp;<\/p>\n<p><img decoding=\"async\" class=\"aligncenter wp-image-24008 size-full\" src=\"https:\/\/schoenstatt.com\/wp-content\/uploads\/2022\/03\/2-1.png\" alt=\"\" width=\"1012\" height=\"594\" \/><\/p>\n<h3>Ein Plus an Intuition<\/h3>\n<p>Pater Kentenich stellt das weibliche intuitive Denken mit dem m\u00e4nnlichen reflektierenden Denken gegen\u00fcber.<\/p>\n<blockquote><p>\u201e<em>Die m\u00e4nnliche Logik ist eine pyramidale Logik. Ein typischer Mann hat einen Kreis von Wahrheiten vor sich. Er schneidet es in St\u00fccke und baut Block f\u00fcr Block eine Pyramide. Diese Gesetze der Logik gibt es seit Aristoteles. Die weibliche Logik wird als zirkul\u00e4re Logik oder Logik der Unendlichkeit bezeichnet<\/em>.\u201c\u00a0 (Pater Josef Kentenich, P\u00e4dagogische Tagung 1934)<\/p><\/blockquote>\n<p>Frauen haben ein breites und ganzheitliches Verst\u00e4ndnis der Dinge. Sie Verstehen und bewerten intuitiv, ohne ihre Gr\u00fcnde nachvollziehbar darlegen zu k\u00f6nnen. Erst sp\u00e4ter, in weiteren Phasen, kl\u00e4ren sie bewusst, was sie spontan verstanden hatten.<\/p>\n<h3>Ein Pluspunkt par excellence<\/h3>\n<p>F\u00fcr unseren Gr\u00fcnder gipfelt das gro\u00dfe Plus der weiblichen Gr\u00f6\u00dfe und des ewig Weiblichen, wie er zu sagen pflegte, in unserer lieben Gottesmutter Maria. Durch sie sind alle V\u00f6lker erl\u00f6st, sie ist f\u00fcr alle Frauen von heute und immer das Vorbild f\u00fcr die Ordnung des Weiblichen.<\/p>\n<p><img loading=\"lazy\" decoding=\"async\" class=\"aligncenter wp-image-24012 size-full\" src=\"https:\/\/schoenstatt.com\/wp-content\/uploads\/2022\/03\/lichimarinho-1608317688498-cathopic-scaled-1.jpg\" alt=\"\" width=\"2560\" height=\"1922\" \/><\/p>\n<p>Bibliographische Angaben:<br \/>\nNisi per feminam &#8211; Ausgew\u00e4hlte Texte, Institut der Frauen von Sch\u00f6nstatt, 2019.<\/p>\n<p>Quelle:<a href=\"https:\/\/schoenstatt.org.br\/\"> https:\/\/schoenstatt.org.br\/<\/a><\/p>\n","protected":false},"excerpt":{"rendered":"<p>Wer Pater Kentenich kennt, wei\u00df, dass er nicht nur seiner Zeit voraus war, sondern auch eine zutiefst organische Auffassung hatte, die es ihm erm\u00f6glichte, die Themen in ihren Kontext zu stellen. Seine tiefgr\u00fcndige und realistische Analyse der Seele von Mann und Frau und des \u201ePlus&#8220; der Frau ist beeindruckend.<\/p>\n","protected":false},"author":3,"featured_media":23997,"comment_status":"closed","ping_status":"closed","sticky":false,"template":"","format":"standard","meta":{"footnotes":""},"categories":[878,914],"tags":[],"class_list":["post-52384","post","type-post","status-publish","format-standard","has-post-thumbnail","hentry","category-p-josef-kentenich-de","category-spiritualitat-de"],"yoast_head":"<!-- This site is optimized with the Yoast SEO Premium plugin v27.4 (Yoast SEO v27.4) - https:\/\/yoast.com\/product\/yoast-seo-premium-wordpress\/ -->\n<title>Das Plus der Frau nach Pater Josef Kentenich - Schoenstatt<\/title>\n<meta name=\"description\" content=\"Pater Kentenich hat bereits 1934 die charakteristischen Werte der weiblichen Seele ausgedr\u00fcckt und sie ein\u201eplus&quot; genannt. Heute sind sie von besonderer Bedeutung.\" \/>\n<meta name=\"robots\" content=\"index, follow, max-snippet:-1, max-image-preview:large, max-video-preview:-1\" \/>\n<link rel=\"canonical\" href=\"https:\/\/schoenstatt.com\/de\/das-plus-der-frau-nach-pater-josef-kentenich\/\" \/>\n<meta property=\"og:locale\" content=\"de_DE\" \/>\n<meta property=\"og:type\" content=\"article\" \/>\n<meta property=\"og:title\" content=\"Das Plus der Frau nach Pater Josef Kentenich\" \/>\n<meta property=\"og:description\" content=\"Pater Kentenich hat bereits 1934 die charakteristischen Werte der weiblichen Seele ausgedr\u00fcckt und sie ein\u201eplus&quot; genannt. Heute sind sie von besonderer Bedeutung.\" \/>\n<meta property=\"og:url\" content=\"https:\/\/schoenstatt.com\/de\/das-plus-der-frau-nach-pater-josef-kentenich\/\" \/>\n<meta property=\"og:site_name\" content=\"Schoenstatt\" \/>\n<meta property=\"article:published_time\" content=\"2022-03-13T08:00:18+00:00\" \/>\n<meta property=\"article:modified_time\" content=\"2025-05-15T20:24:03+00:00\" \/>\n<meta property=\"og:image\" content=\"https:\/\/schoenstatt.com\/wp-content\/uploads\/2022\/03\/lichimarinho-158905201820-cathopic-scaled-1.jpg\" \/>\n\t<meta property=\"og:image:width\" content=\"2560\" \/>\n\t<meta property=\"og:image:height\" content=\"2007\" \/>\n\t<meta property=\"og:image:type\" content=\"image\/jpeg\" \/>\n<meta name=\"author\" content=\"Karen Bueno\" \/>\n<meta name=\"twitter:card\" content=\"summary_large_image\" \/>\n<meta name=\"twitter:label1\" content=\"Verfasst von\" \/>\n\t<meta name=\"twitter:data1\" content=\"Karen Bueno\" \/>\n\t<meta name=\"twitter:label2\" content=\"Gesch\u00e4tzte Lesezeit\" \/>\n\t<meta name=\"twitter:data2\" content=\"5\u00a0Minuten\" \/>\n<script type=\"application\/ld+json\" class=\"yoast-schema-graph\">{\"@context\":\"https:\\\/\\\/schema.org\",\"@graph\":[{\"@type\":\"Article\",\"@id\":\"https:\\\/\\\/schoenstatt.com\\\/de\\\/das-plus-der-frau-nach-pater-josef-kentenich\\\/#article\",\"isPartOf\":{\"@id\":\"https:\\\/\\\/schoenstatt.com\\\/de\\\/das-plus-der-frau-nach-pater-josef-kentenich\\\/\"},\"author\":{\"name\":\"Karen Bueno\",\"@id\":\"https:\\\/\\\/schoenstatt.com\\\/de\\\/#\\\/schema\\\/person\\\/5158877ad4acae98b34daaeef2a1ce6e\"},\"headline\":\"Das Plus der Frau nach Pater Josef Kentenich\",\"datePublished\":\"2022-03-13T08:00:18+00:00\",\"dateModified\":\"2025-05-15T20:24:03+00:00\",\"mainEntityOfPage\":{\"@id\":\"https:\\\/\\\/schoenstatt.com\\\/de\\\/das-plus-der-frau-nach-pater-josef-kentenich\\\/\"},\"wordCount\":984,\"publisher\":{\"@id\":\"https:\\\/\\\/schoenstatt.com\\\/de\\\/#organization\"},\"image\":{\"@id\":\"https:\\\/\\\/schoenstatt.com\\\/de\\\/das-plus-der-frau-nach-pater-josef-kentenich\\\/#primaryimage\"},\"thumbnailUrl\":\"https:\\\/\\\/schoenstatt.com\\\/wp-content\\\/uploads\\\/2022\\\/03\\\/lichimarinho-158905201820-cathopic-scaled-1.jpg\",\"articleSection\":[\"P. Josef Kentenich\",\"Spiritualit\u00e4t\"],\"inLanguage\":\"de\"},{\"@type\":\"WebPage\",\"@id\":\"https:\\\/\\\/schoenstatt.com\\\/de\\\/das-plus-der-frau-nach-pater-josef-kentenich\\\/\",\"url\":\"https:\\\/\\\/schoenstatt.com\\\/de\\\/das-plus-der-frau-nach-pater-josef-kentenich\\\/\",\"name\":\"Das Plus der Frau nach Pater Josef Kentenich - Schoenstatt\",\"isPartOf\":{\"@id\":\"https:\\\/\\\/schoenstatt.com\\\/de\\\/#website\"},\"primaryImageOfPage\":{\"@id\":\"https:\\\/\\\/schoenstatt.com\\\/de\\\/das-plus-der-frau-nach-pater-josef-kentenich\\\/#primaryimage\"},\"image\":{\"@id\":\"https:\\\/\\\/schoenstatt.com\\\/de\\\/das-plus-der-frau-nach-pater-josef-kentenich\\\/#primaryimage\"},\"thumbnailUrl\":\"https:\\\/\\\/schoenstatt.com\\\/wp-content\\\/uploads\\\/2022\\\/03\\\/lichimarinho-158905201820-cathopic-scaled-1.jpg\",\"datePublished\":\"2022-03-13T08:00:18+00:00\",\"dateModified\":\"2025-05-15T20:24:03+00:00\",\"description\":\"Pater Kentenich hat bereits 1934 die charakteristischen Werte der weiblichen Seele ausgedr\u00fcckt und sie ein\u201eplus\\\" genannt. Heute sind sie von besonderer Bedeutung.\",\"breadcrumb\":{\"@id\":\"https:\\\/\\\/schoenstatt.com\\\/de\\\/das-plus-der-frau-nach-pater-josef-kentenich\\\/#breadcrumb\"},\"inLanguage\":\"de\",\"potentialAction\":[{\"@type\":\"ReadAction\",\"target\":[\"https:\\\/\\\/schoenstatt.com\\\/de\\\/das-plus-der-frau-nach-pater-josef-kentenich\\\/\"]}]},{\"@type\":\"ImageObject\",\"inLanguage\":\"de\",\"@id\":\"https:\\\/\\\/schoenstatt.com\\\/de\\\/das-plus-der-frau-nach-pater-josef-kentenich\\\/#primaryimage\",\"url\":\"https:\\\/\\\/schoenstatt.com\\\/wp-content\\\/uploads\\\/2022\\\/03\\\/lichimarinho-158905201820-cathopic-scaled-1.jpg\",\"contentUrl\":\"https:\\\/\\\/schoenstatt.com\\\/wp-content\\\/uploads\\\/2022\\\/03\\\/lichimarinho-158905201820-cathopic-scaled-1.jpg\",\"width\":2560,\"height\":2007},{\"@type\":\"BreadcrumbList\",\"@id\":\"https:\\\/\\\/schoenstatt.com\\\/de\\\/das-plus-der-frau-nach-pater-josef-kentenich\\\/#breadcrumb\",\"itemListElement\":[{\"@type\":\"ListItem\",\"position\":1,\"name\":\"Portada\",\"item\":\"https:\\\/\\\/schoenstatt.com\\\/de\\\/home\\\/\"},{\"@type\":\"ListItem\",\"position\":2,\"name\":\"Das Plus der Frau nach Pater Josef Kentenich\"}]},{\"@type\":\"WebSite\",\"@id\":\"https:\\\/\\\/schoenstatt.com\\\/de\\\/#website\",\"url\":\"https:\\\/\\\/schoenstatt.com\\\/de\\\/\",\"name\":\"Schoenstatt\",\"description\":\"Apostolic Movement\",\"publisher\":{\"@id\":\"https:\\\/\\\/schoenstatt.com\\\/de\\\/#organization\"},\"potentialAction\":[{\"@type\":\"SearchAction\",\"target\":{\"@type\":\"EntryPoint\",\"urlTemplate\":\"https:\\\/\\\/schoenstatt.com\\\/de\\\/?s={search_term_string}\"},\"query-input\":{\"@type\":\"PropertyValueSpecification\",\"valueRequired\":true,\"valueName\":\"search_term_string\"}}],\"inLanguage\":\"de\"},{\"@type\":\"Organization\",\"@id\":\"https:\\\/\\\/schoenstatt.com\\\/de\\\/#organization\",\"name\":\"Schoenstatt\",\"url\":\"https:\\\/\\\/schoenstatt.com\\\/de\\\/\",\"logo\":{\"@type\":\"ImageObject\",\"inLanguage\":\"de\",\"@id\":\"https:\\\/\\\/schoenstatt.com\\\/de\\\/#\\\/schema\\\/logo\\\/image\\\/\",\"url\":\"https:\\\/\\\/schoenstatt.com\\\/wp-content\\\/uploads\\\/2025\\\/04\\\/logo-schoenstatt-white-696x696-1.png\",\"contentUrl\":\"https:\\\/\\\/schoenstatt.com\\\/wp-content\\\/uploads\\\/2025\\\/04\\\/logo-schoenstatt-white-696x696-1.png\",\"width\":696,\"height\":694,\"caption\":\"Schoenstatt\"},\"image\":{\"@id\":\"https:\\\/\\\/schoenstatt.com\\\/de\\\/#\\\/schema\\\/logo\\\/image\\\/\"}},{\"@type\":\"Person\",\"@id\":\"https:\\\/\\\/schoenstatt.com\\\/de\\\/#\\\/schema\\\/person\\\/5158877ad4acae98b34daaeef2a1ce6e\",\"name\":\"Karen Bueno\",\"image\":{\"@type\":\"ImageObject\",\"inLanguage\":\"de\",\"@id\":\"https:\\\/\\\/secure.gravatar.com\\\/avatar\\\/f9f4b823873154269d2b2130f195f6d41037dd0d7fc5f3cacb5c846bae70d66b?s=96&d=mm&r=g\",\"url\":\"https:\\\/\\\/secure.gravatar.com\\\/avatar\\\/f9f4b823873154269d2b2130f195f6d41037dd0d7fc5f3cacb5c846bae70d66b?s=96&d=mm&r=g\",\"contentUrl\":\"https:\\\/\\\/secure.gravatar.com\\\/avatar\\\/f9f4b823873154269d2b2130f195f6d41037dd0d7fc5f3cacb5c846bae70d66b?s=96&d=mm&r=g\",\"caption\":\"Karen Bueno\"},\"url\":\"https:\\\/\\\/schoenstatt.com\\\/de\\\/author\\\/karen-bueno\\\/\"}]}<\/script>\n<!-- \/ Yoast SEO Premium plugin. -->","yoast_head_json":{"title":"Das Plus der Frau nach Pater Josef Kentenich - Schoenstatt","description":"Pater Kentenich hat bereits 1934 die charakteristischen Werte der weiblichen Seele ausgedr\u00fcckt und sie ein\u201eplus\" genannt. Heute sind sie von besonderer Bedeutung.","robots":{"index":"index","follow":"follow","max-snippet":"max-snippet:-1","max-image-preview":"max-image-preview:large","max-video-preview":"max-video-preview:-1"},"canonical":"https:\/\/schoenstatt.com\/de\/das-plus-der-frau-nach-pater-josef-kentenich\/","og_locale":"de_DE","og_type":"article","og_title":"Das Plus der Frau nach Pater Josef Kentenich","og_description":"Pater Kentenich hat bereits 1934 die charakteristischen Werte der weiblichen Seele ausgedr\u00fcckt und sie ein\u201eplus\" genannt. Heute sind sie von besonderer Bedeutung.","og_url":"https:\/\/schoenstatt.com\/de\/das-plus-der-frau-nach-pater-josef-kentenich\/","og_site_name":"Schoenstatt","article_published_time":"2022-03-13T08:00:18+00:00","article_modified_time":"2025-05-15T20:24:03+00:00","og_image":[{"width":2560,"height":2007,"url":"https:\/\/schoenstatt.com\/wp-content\/uploads\/2022\/03\/lichimarinho-158905201820-cathopic-scaled-1.jpg","type":"image\/jpeg"}],"author":"Karen Bueno","twitter_card":"summary_large_image","twitter_misc":{"Verfasst von":"Karen Bueno","Gesch\u00e4tzte Lesezeit":"5\u00a0Minuten"},"schema":{"@context":"https:\/\/schema.org","@graph":[{"@type":"Article","@id":"https:\/\/schoenstatt.com\/de\/das-plus-der-frau-nach-pater-josef-kentenich\/#article","isPartOf":{"@id":"https:\/\/schoenstatt.com\/de\/das-plus-der-frau-nach-pater-josef-kentenich\/"},"author":{"name":"Karen Bueno","@id":"https:\/\/schoenstatt.com\/de\/#\/schema\/person\/5158877ad4acae98b34daaeef2a1ce6e"},"headline":"Das Plus der Frau nach Pater Josef Kentenich","datePublished":"2022-03-13T08:00:18+00:00","dateModified":"2025-05-15T20:24:03+00:00","mainEntityOfPage":{"@id":"https:\/\/schoenstatt.com\/de\/das-plus-der-frau-nach-pater-josef-kentenich\/"},"wordCount":984,"publisher":{"@id":"https:\/\/schoenstatt.com\/de\/#organization"},"image":{"@id":"https:\/\/schoenstatt.com\/de\/das-plus-der-frau-nach-pater-josef-kentenich\/#primaryimage"},"thumbnailUrl":"https:\/\/schoenstatt.com\/wp-content\/uploads\/2022\/03\/lichimarinho-158905201820-cathopic-scaled-1.jpg","articleSection":["P. Josef Kentenich","Spiritualit\u00e4t"],"inLanguage":"de"},{"@type":"WebPage","@id":"https:\/\/schoenstatt.com\/de\/das-plus-der-frau-nach-pater-josef-kentenich\/","url":"https:\/\/schoenstatt.com\/de\/das-plus-der-frau-nach-pater-josef-kentenich\/","name":"Das Plus der Frau nach Pater Josef Kentenich - Schoenstatt","isPartOf":{"@id":"https:\/\/schoenstatt.com\/de\/#website"},"primaryImageOfPage":{"@id":"https:\/\/schoenstatt.com\/de\/das-plus-der-frau-nach-pater-josef-kentenich\/#primaryimage"},"image":{"@id":"https:\/\/schoenstatt.com\/de\/das-plus-der-frau-nach-pater-josef-kentenich\/#primaryimage"},"thumbnailUrl":"https:\/\/schoenstatt.com\/wp-content\/uploads\/2022\/03\/lichimarinho-158905201820-cathopic-scaled-1.jpg","datePublished":"2022-03-13T08:00:18+00:00","dateModified":"2025-05-15T20:24:03+00:00","description":"Pater Kentenich hat bereits 1934 die charakteristischen Werte der weiblichen Seele ausgedr\u00fcckt und sie ein\u201eplus\" genannt. Heute sind sie von besonderer Bedeutung.","breadcrumb":{"@id":"https:\/\/schoenstatt.com\/de\/das-plus-der-frau-nach-pater-josef-kentenich\/#breadcrumb"},"inLanguage":"de","potentialAction":[{"@type":"ReadAction","target":["https:\/\/schoenstatt.com\/de\/das-plus-der-frau-nach-pater-josef-kentenich\/"]}]},{"@type":"ImageObject","inLanguage":"de","@id":"https:\/\/schoenstatt.com\/de\/das-plus-der-frau-nach-pater-josef-kentenich\/#primaryimage","url":"https:\/\/schoenstatt.com\/wp-content\/uploads\/2022\/03\/lichimarinho-158905201820-cathopic-scaled-1.jpg","contentUrl":"https:\/\/schoenstatt.com\/wp-content\/uploads\/2022\/03\/lichimarinho-158905201820-cathopic-scaled-1.jpg","width":2560,"height":2007},{"@type":"BreadcrumbList","@id":"https:\/\/schoenstatt.com\/de\/das-plus-der-frau-nach-pater-josef-kentenich\/#breadcrumb","itemListElement":[{"@type":"ListItem","position":1,"name":"Portada","item":"https:\/\/schoenstatt.com\/de\/home\/"},{"@type":"ListItem","position":2,"name":"Das Plus der Frau nach Pater Josef Kentenich"}]},{"@type":"WebSite","@id":"https:\/\/schoenstatt.com\/de\/#website","url":"https:\/\/schoenstatt.com\/de\/","name":"Schoenstatt","description":"Apostolic Movement","publisher":{"@id":"https:\/\/schoenstatt.com\/de\/#organization"},"potentialAction":[{"@type":"SearchAction","target":{"@type":"EntryPoint","urlTemplate":"https:\/\/schoenstatt.com\/de\/?s={search_term_string}"},"query-input":{"@type":"PropertyValueSpecification","valueRequired":true,"valueName":"search_term_string"}}],"inLanguage":"de"},{"@type":"Organization","@id":"https:\/\/schoenstatt.com\/de\/#organization","name":"Schoenstatt","url":"https:\/\/schoenstatt.com\/de\/","logo":{"@type":"ImageObject","inLanguage":"de","@id":"https:\/\/schoenstatt.com\/de\/#\/schema\/logo\/image\/","url":"https:\/\/schoenstatt.com\/wp-content\/uploads\/2025\/04\/logo-schoenstatt-white-696x696-1.png","contentUrl":"https:\/\/schoenstatt.com\/wp-content\/uploads\/2025\/04\/logo-schoenstatt-white-696x696-1.png","width":696,"height":694,"caption":"Schoenstatt"},"image":{"@id":"https:\/\/schoenstatt.com\/de\/#\/schema\/logo\/image\/"}},{"@type":"Person","@id":"https:\/\/schoenstatt.com\/de\/#\/schema\/person\/5158877ad4acae98b34daaeef2a1ce6e","name":"Karen Bueno","image":{"@type":"ImageObject","inLanguage":"de","@id":"https:\/\/secure.gravatar.com\/avatar\/f9f4b823873154269d2b2130f195f6d41037dd0d7fc5f3cacb5c846bae70d66b?s=96&d=mm&r=g","url":"https:\/\/secure.gravatar.com\/avatar\/f9f4b823873154269d2b2130f195f6d41037dd0d7fc5f3cacb5c846bae70d66b?s=96&d=mm&r=g","contentUrl":"https:\/\/secure.gravatar.com\/avatar\/f9f4b823873154269d2b2130f195f6d41037dd0d7fc5f3cacb5c846bae70d66b?s=96&d=mm&r=g","caption":"Karen Bueno"},"url":"https:\/\/schoenstatt.com\/de\/author\/karen-bueno\/"}]}},"_links":{"self":[{"href":"https:\/\/schoenstatt.com\/de\/wp-json\/wp\/v2\/posts\/52384","targetHints":{"allow":["GET"]}}],"collection":[{"href":"https:\/\/schoenstatt.com\/de\/wp-json\/wp\/v2\/posts"}],"about":[{"href":"https:\/\/schoenstatt.com\/de\/wp-json\/wp\/v2\/types\/post"}],"author":[{"embeddable":true,"href":"https:\/\/schoenstatt.com\/de\/wp-json\/wp\/v2\/users\/3"}],"replies":[{"embeddable":true,"href":"https:\/\/schoenstatt.com\/de\/wp-json\/wp\/v2\/comments?post=52384"}],"version-history":[{"count":1,"href":"https:\/\/schoenstatt.com\/de\/wp-json\/wp\/v2\/posts\/52384\/revisions"}],"predecessor-version":[{"id":52482,"href":"https:\/\/schoenstatt.com\/de\/wp-json\/wp\/v2\/posts\/52384\/revisions\/52482"}],"wp:featuredmedia":[{"embeddable":true,"href":"https:\/\/schoenstatt.com\/de\/wp-json\/wp\/v2\/media\/23997"}],"wp:attachment":[{"href":"https:\/\/schoenstatt.com\/de\/wp-json\/wp\/v2\/media?parent=52384"}],"wp:term":[{"taxonomy":"category","embeddable":true,"href":"https:\/\/schoenstatt.com\/de\/wp-json\/wp\/v2\/categories?post=52384"},{"taxonomy":"post_tag","embeddable":true,"href":"https:\/\/schoenstatt.com\/de\/wp-json\/wp\/v2\/tags?post=52384"}],"curies":[{"name":"wp","href":"https:\/\/api.w.org\/{rel}","templated":true}]}}