{"id":52381,"date":"2022-03-10T08:00:26","date_gmt":"2022-03-10T07:00:26","guid":{"rendered":"https:\/\/schoenstattdev.wpenginepowered.com\/?p=23992"},"modified":"2025-05-15T19:37:45","modified_gmt":"2025-05-15T17:37:45","slug":"polnische-schoenstatt-bewegung-oeffnet-ihre-haeuser-fuer-kriegsfluechtlinge","status":"publish","type":"post","link":"https:\/\/schoenstatt.com\/de\/polnische-schoenstatt-bewegung-oeffnet-ihre-haeuser-fuer-kriegsfluechtlinge\/","title":{"rendered":"Polnische Sch\u00f6nstatt-Bewegung \u00f6ffnet ihre H\u00e4user f\u00fcr Kriegsfl\u00fcchtlinge"},"content":{"rendered":"<p>Das Foto zeigt das sch\u00f6ne und friedlich gelegene Sions Heiligtum der Sch\u00f6nstatt-Patres am rechten Weichselufer in der N\u00e4he von Warschau. Von hier bis zum Ursprungsort Sch\u00f6nstatt, Vallendar, in Deutschland sind es nur etwa 1130 km. Von diesem Heiligtum bis Kiew in der Ukraine sind es nur 770 km. In Luftlinie gemessen, sind es nur 215 km bis zur polnisch-ukrainischen Grenze. Ein Katzen Sprung!<\/p>\n<h3>Aktuell 700.000 Fl\u00fcchtlinge aus der <a href=\"https:\/\/schoenstattdev.wpenginepowered.com\/de\/gesellschaft\/der-krieg-in-der-ukraine-mahnung-an-uns-zum-dialog\/\">Ukraine<\/a> in Polen<\/h3>\n<p>Seit der vergangenen Woche bewegt sich unser ganzes Leben in einem v\u00f6llig anderen Rhythmus. Wir arbeiten, wir organisieren, wir planen. Doch angesichts des Krieges und der Bedrohung m\u00fcssen wir hier und jetzt leben. Als Sch\u00f6nstattfamilie tun wir es nach unserem Jahresmotto \u201eHier und jetzt &#8211; fr\u00f6hlich, stark und gottvertrauend.\u201c Nicht erst seit dem Ausbruch der Kriegshandlungen werden wir auf eine harte Probe gestellt.<br \/>\nIn der vergangenen Woche hat Polen \u00fcber 700.000 Fl\u00fcchtlinge aus der Ukraine aufgenommen. Dies ist eine noch nie dagewesene Situation. Die Menschen kommen \u00fcber unsere Grenze und werden willkommen gehei\u00dfen und wir \u00f6ffnen unsere H\u00e4user und Herzen. Es gibt keine Quoten f\u00fcr Fl\u00fcchtlinge. Wie viele werden wir akzeptieren k\u00f6nnen? Viele von ihnen wollen sich in der N\u00e4he der Grenze aufhalten, in der Hoffnung, bald in ihr Heimatland zur\u00fcckkehren zu k\u00f6nnen. Andere planen sich dauerhaft in Polen niederzulassen, weil ein Familienmitglied bereits hier arbeitet und lebt. Und es gibt auch die Vielen, die weiter zu ihren Lieben reisen wollen.<\/p>\n<h3>Bedr\u00fcckende Fluchtgeschichten<\/h3>\n<p><img fetchpriority=\"high\" decoding=\"async\" class=\"alignleft wp-image-23988 size-full\" src=\"https:\/\/schoenstatt.com\/wp-content\/uploads\/2022\/03\/Polonia-1-1.png\" alt=\"Fl\u00fcchtlinge\" width=\"357\" height=\"173\" \/><\/p>\n<p>Die Fluchtgeschichten aus der Ukraine sind erstaunlich und bedr\u00fcckend. Ich erfuhr von der Geschichte einer Mutter, die mit ihrer sechsj\u00e4hrigen Tochter floh. Die Mutter selbst ist im f\u00fcnften Monat schwanger. Sie ging 15 Kilometer zu Fu\u00df, nachts und bei eisiger K\u00e4lte. Der Ehemann blieb zur\u00fcck, um zu k\u00e4mpfen. Und es gibt viele solcher Geschichten!<\/p>\n<p>An der Grenze gibt es spezielle Aufnahmestellen, an denen die Fl\u00fcchtlinge empfangen werden. Warmer Tee, eine Mahlzeit, eine Pause und dann geht es weiter. Einige werden von ihren polnischen Freunden abgeholt, andere werden kostenlos an verschiedene Orte in Polen gefahren. Ein Freund von mir, der mehrere Gesch\u00e4fte betreibt, hat sein Lager an der Grenze aufgeschlagen, wo er den Gefl\u00fcchteten hei\u00dfe W\u00fcrstchen und Steaks serviert. Ihm zur Seite stehen Freiwillige. \u201eHier und jetzt &#8230;\u201c<\/p>\n<h3>Die polnische Regierung, die Kirche und auch die Sch\u00f6nstatt-Bewegung helfen<\/h3>\n<p>Die <a href=\"https:\/\/www.s-ms.org\/2018\/11\/28\/zeugnis-sr-m-honorata-polen\/\">Sch\u00f6nst\u00e4tter Marienschwestern<\/a> haben in ihren H\u00e4usern und Filialen bereits Platz geschaffen f\u00fcr Menschen, die eine Unterkunft brauchen. Die ersten Fl\u00fcchtlinge wohnen bereits in Schwider, in H\u00e4usern der Provinz. Wir Sch\u00f6nstatt-Patres werden morgen die ersten G\u00e4ste empfangen. Wir sind dabei, organisatorische Vorbereitungen zu treffen. Eine warme Ecke in einem Zimmer und etwas zu Essen sind nur einige Dinge, die die Menschen brauchen, die auf der Flucht vor dem Krieg nur die wichtigsten Dinge mitnehmen konnten. Um wirksam helfen zu k\u00f6nnen brauchen wir also Kleidung, Bettzeug und vieles mehr. F\u00fcr wie lange? Es ist schwer zu sagen, wie lange die Menschen in unseren H\u00e4usern bleiben werden.<\/p>\n<h3>Unterst\u00fctzung<\/h3>\n<p>Von unserem \u201eTreue-Heiligtum\u201d aus \u00fcbertragen wir t\u00e4glich um 19 Uhr eine Heilige Messe und beten f\u00fcr die Menschen in Not und bitten um Frieden f\u00fcr die Welt. Wenn Sie unsere Bem\u00fchungen mit Ihrem Gebet unterst\u00fctzen k\u00f6nnten, w\u00e4ren wir Ihnen sehr dankbar.<\/p>\n<p>Wenn Sie unsere Hilfe f\u00fcr die Fl\u00fcchtlinge finanziell unterst\u00fctzen m\u00f6chten, bitten wir Sie um eine Spende auf das Konto der Sch\u00f6nstatt-Patres in Polen (siehe unten).<\/p>\n<p>Ich gr\u00fc\u00dfe Sie von unserem Heiligtum aus im Geiste des FRIEDENS.\u00a0 <em><strong>Padre Arkadiusz Sosna<\/strong><\/em><\/p>\n<p><em><strong>Spendenkonten<\/strong><\/em><br \/>\nF\u00fcr Spenden an die Sch\u00f6nstatt-Patres in Polen:<br \/>\nKonto: IBAN: PL04 1600 1462 1813 6457 5000 0002<br \/>\nBIC\/SWIFT: PPABPLPK<br \/>\nVermerk UKRAINE<br \/>\nF\u00fcr Spenden an die Sch\u00f6nst\u00e4tter Marienschwestern (\u00fcber die Zentrale in Deutschland)<br \/>\nIBAN: DE52 7509 0300 0002 1772 26<br \/>\nBIC: GENODEF1M05<br \/>\nVermerk UKRAINE<\/p>\n","protected":false},"excerpt":{"rendered":"<p>Vom Heiligtum der Sch\u00f6nstatt-Patres in Warschau bis zur Ukraine sind es nur 215 km. Bereits 700.000 ukrainische Fl\u00fcchtlinge sind in Polen angekommen. Die Sch\u00f6nst\u00e4tter Marienschwestern und die Sch\u00f6nstattpatres nehmen Fl\u00fcchtlinge auf und brauchen unsere Hilfe.<\/p>\n","protected":false},"author":1,"featured_media":23982,"comment_status":"closed","ping_status":"closed","sticky":false,"template":"","format":"standard","meta":{"footnotes":""},"categories":[910,851],"tags":[],"class_list":["post-52381","post","type-post","status-publish","format-standard","has-post-thumbnail","hentry","category-gesellschaft-de","category-kirche-de"],"yoast_head":"<!-- This site is optimized with the Yoast SEO Premium plugin v27.4 (Yoast SEO v27.4) - https:\/\/yoast.com\/product\/yoast-seo-premium-wordpress\/ -->\n<title>Polnische Sch\u00f6nstatt-Bewegung \u00f6ffnet ihre H\u00e4user f\u00fcr Kriegsfl\u00fcchtlinge - Schoenstatt<\/title>\n<meta name=\"description\" content=\"Vom Heiligtum der Sch\u00f6nstatt-Patres in Warschau bis zur Ukraine sind es nur 215 km. Bereits 700.000 ukrainische Fl\u00fcchtlinge sind in Polen angekommen. Die Sch\u00f6nst\u00e4tter Marienschwestern und die Sch\u00f6nstattpatres nehmen Fl\u00fcchtlinge auf und brauchen unsere Hilfe.\" \/>\n<meta name=\"robots\" content=\"index, follow, max-snippet:-1, max-image-preview:large, max-video-preview:-1\" \/>\n<link rel=\"canonical\" href=\"https:\/\/schoenstatt.com\/de\/polnische-schoenstatt-bewegung-oeffnet-ihre-haeuser-fuer-kriegsfluechtlinge\/\" \/>\n<meta property=\"og:locale\" content=\"de_DE\" \/>\n<meta property=\"og:type\" content=\"article\" \/>\n<meta property=\"og:title\" content=\"Polnische Sch\u00f6nstatt-Bewegung \u00f6ffnet ihre H\u00e4user f\u00fcr Kriegsfl\u00fcchtlinge\" \/>\n<meta property=\"og:description\" content=\"Vom Heiligtum der Sch\u00f6nstatt-Patres in Warschau bis zur Ukraine sind es nur 215 km. Bereits 700.000 ukrainische Fl\u00fcchtlinge sind in Polen angekommen. Die Sch\u00f6nst\u00e4tter Marienschwestern und die Sch\u00f6nstattpatres nehmen Fl\u00fcchtlinge auf und brauchen unsere Hilfe.\" \/>\n<meta property=\"og:url\" content=\"https:\/\/schoenstatt.com\/de\/polnische-schoenstatt-bewegung-oeffnet-ihre-haeuser-fuer-kriegsfluechtlinge\/\" \/>\n<meta property=\"og:site_name\" content=\"Schoenstatt\" \/>\n<meta property=\"article:published_time\" content=\"2022-03-10T07:00:26+00:00\" \/>\n<meta property=\"article:modified_time\" content=\"2025-05-15T17:37:45+00:00\" \/>\n<meta property=\"og:image\" content=\"https:\/\/schoenstatt.com\/wp-content\/uploads\/2022\/03\/Polonia-2.png\" \/>\n\t<meta property=\"og:image:width\" content=\"595\" \/>\n\t<meta property=\"og:image:height\" content=\"287\" \/>\n\t<meta property=\"og:image:type\" content=\"image\/png\" \/>\n<meta name=\"author\" content=\"admin\" \/>\n<meta name=\"twitter:card\" content=\"summary_large_image\" \/>\n<meta name=\"twitter:label1\" content=\"Verfasst von\" \/>\n\t<meta name=\"twitter:data1\" content=\"admin\" \/>\n\t<meta name=\"twitter:label2\" content=\"Gesch\u00e4tzte Lesezeit\" \/>\n\t<meta name=\"twitter:data2\" content=\"3\u00a0Minuten\" \/>\n<script type=\"application\/ld+json\" class=\"yoast-schema-graph\">{\"@context\":\"https:\\\/\\\/schema.org\",\"@graph\":[{\"@type\":\"Article\",\"@id\":\"https:\\\/\\\/schoenstatt.com\\\/de\\\/polnische-schoenstatt-bewegung-oeffnet-ihre-haeuser-fuer-kriegsfluechtlinge\\\/#article\",\"isPartOf\":{\"@id\":\"https:\\\/\\\/schoenstatt.com\\\/de\\\/polnische-schoenstatt-bewegung-oeffnet-ihre-haeuser-fuer-kriegsfluechtlinge\\\/\"},\"author\":{\"name\":\"admin\",\"@id\":\"https:\\\/\\\/schoenstatt.com\\\/de\\\/#\\\/schema\\\/person\\\/489465b1850e7b216fe2c10dfc262551\"},\"headline\":\"Polnische Sch\u00f6nstatt-Bewegung \u00f6ffnet ihre H\u00e4user f\u00fcr Kriegsfl\u00fcchtlinge\",\"datePublished\":\"2022-03-10T07:00:26+00:00\",\"dateModified\":\"2025-05-15T17:37:45+00:00\",\"mainEntityOfPage\":{\"@id\":\"https:\\\/\\\/schoenstatt.com\\\/de\\\/polnische-schoenstatt-bewegung-oeffnet-ihre-haeuser-fuer-kriegsfluechtlinge\\\/\"},\"wordCount\":655,\"publisher\":{\"@id\":\"https:\\\/\\\/schoenstatt.com\\\/de\\\/#organization\"},\"image\":{\"@id\":\"https:\\\/\\\/schoenstatt.com\\\/de\\\/polnische-schoenstatt-bewegung-oeffnet-ihre-haeuser-fuer-kriegsfluechtlinge\\\/#primaryimage\"},\"thumbnailUrl\":\"https:\\\/\\\/schoenstatt.com\\\/wp-content\\\/uploads\\\/2022\\\/03\\\/Polonia-2.png\",\"articleSection\":[\"Gesellschaft\",\"Kirche\"],\"inLanguage\":\"de\"},{\"@type\":\"WebPage\",\"@id\":\"https:\\\/\\\/schoenstatt.com\\\/de\\\/polnische-schoenstatt-bewegung-oeffnet-ihre-haeuser-fuer-kriegsfluechtlinge\\\/\",\"url\":\"https:\\\/\\\/schoenstatt.com\\\/de\\\/polnische-schoenstatt-bewegung-oeffnet-ihre-haeuser-fuer-kriegsfluechtlinge\\\/\",\"name\":\"Polnische Sch\u00f6nstatt-Bewegung \u00f6ffnet ihre H\u00e4user f\u00fcr Kriegsfl\u00fcchtlinge - Schoenstatt\",\"isPartOf\":{\"@id\":\"https:\\\/\\\/schoenstatt.com\\\/de\\\/#website\"},\"primaryImageOfPage\":{\"@id\":\"https:\\\/\\\/schoenstatt.com\\\/de\\\/polnische-schoenstatt-bewegung-oeffnet-ihre-haeuser-fuer-kriegsfluechtlinge\\\/#primaryimage\"},\"image\":{\"@id\":\"https:\\\/\\\/schoenstatt.com\\\/de\\\/polnische-schoenstatt-bewegung-oeffnet-ihre-haeuser-fuer-kriegsfluechtlinge\\\/#primaryimage\"},\"thumbnailUrl\":\"https:\\\/\\\/schoenstatt.com\\\/wp-content\\\/uploads\\\/2022\\\/03\\\/Polonia-2.png\",\"datePublished\":\"2022-03-10T07:00:26+00:00\",\"dateModified\":\"2025-05-15T17:37:45+00:00\",\"description\":\"Vom Heiligtum der Sch\u00f6nstatt-Patres in Warschau bis zur Ukraine sind es nur 215 km. Bereits 700.000 ukrainische Fl\u00fcchtlinge sind in Polen angekommen. Die Sch\u00f6nst\u00e4tter Marienschwestern und die Sch\u00f6nstattpatres nehmen Fl\u00fcchtlinge auf und brauchen unsere Hilfe.\",\"breadcrumb\":{\"@id\":\"https:\\\/\\\/schoenstatt.com\\\/de\\\/polnische-schoenstatt-bewegung-oeffnet-ihre-haeuser-fuer-kriegsfluechtlinge\\\/#breadcrumb\"},\"inLanguage\":\"de\",\"potentialAction\":[{\"@type\":\"ReadAction\",\"target\":[\"https:\\\/\\\/schoenstatt.com\\\/de\\\/polnische-schoenstatt-bewegung-oeffnet-ihre-haeuser-fuer-kriegsfluechtlinge\\\/\"]}]},{\"@type\":\"ImageObject\",\"inLanguage\":\"de\",\"@id\":\"https:\\\/\\\/schoenstatt.com\\\/de\\\/polnische-schoenstatt-bewegung-oeffnet-ihre-haeuser-fuer-kriegsfluechtlinge\\\/#primaryimage\",\"url\":\"https:\\\/\\\/schoenstatt.com\\\/wp-content\\\/uploads\\\/2022\\\/03\\\/Polonia-2.png\",\"contentUrl\":\"https:\\\/\\\/schoenstatt.com\\\/wp-content\\\/uploads\\\/2022\\\/03\\\/Polonia-2.png\",\"width\":595,\"height\":287,\"caption\":\"Fl\u00fcchtlinge\"},{\"@type\":\"BreadcrumbList\",\"@id\":\"https:\\\/\\\/schoenstatt.com\\\/de\\\/polnische-schoenstatt-bewegung-oeffnet-ihre-haeuser-fuer-kriegsfluechtlinge\\\/#breadcrumb\",\"itemListElement\":[{\"@type\":\"ListItem\",\"position\":1,\"name\":\"Portada\",\"item\":\"https:\\\/\\\/schoenstatt.com\\\/de\\\/home\\\/\"},{\"@type\":\"ListItem\",\"position\":2,\"name\":\"Polnische Sch\u00f6nstatt-Bewegung \u00f6ffnet ihre H\u00e4user f\u00fcr Kriegsfl\u00fcchtlinge\"}]},{\"@type\":\"WebSite\",\"@id\":\"https:\\\/\\\/schoenstatt.com\\\/de\\\/#website\",\"url\":\"https:\\\/\\\/schoenstatt.com\\\/de\\\/\",\"name\":\"Schoenstatt\",\"description\":\"Apostolic Movement\",\"publisher\":{\"@id\":\"https:\\\/\\\/schoenstatt.com\\\/de\\\/#organization\"},\"potentialAction\":[{\"@type\":\"SearchAction\",\"target\":{\"@type\":\"EntryPoint\",\"urlTemplate\":\"https:\\\/\\\/schoenstatt.com\\\/de\\\/?s={search_term_string}\"},\"query-input\":{\"@type\":\"PropertyValueSpecification\",\"valueRequired\":true,\"valueName\":\"search_term_string\"}}],\"inLanguage\":\"de\"},{\"@type\":\"Organization\",\"@id\":\"https:\\\/\\\/schoenstatt.com\\\/de\\\/#organization\",\"name\":\"Schoenstatt\",\"url\":\"https:\\\/\\\/schoenstatt.com\\\/de\\\/\",\"logo\":{\"@type\":\"ImageObject\",\"inLanguage\":\"de\",\"@id\":\"https:\\\/\\\/schoenstatt.com\\\/de\\\/#\\\/schema\\\/logo\\\/image\\\/\",\"url\":\"https:\\\/\\\/schoenstatt.com\\\/wp-content\\\/uploads\\\/2025\\\/04\\\/logo-schoenstatt-white-696x696-1.png\",\"contentUrl\":\"https:\\\/\\\/schoenstatt.com\\\/wp-content\\\/uploads\\\/2025\\\/04\\\/logo-schoenstatt-white-696x696-1.png\",\"width\":696,\"height\":694,\"caption\":\"Schoenstatt\"},\"image\":{\"@id\":\"https:\\\/\\\/schoenstatt.com\\\/de\\\/#\\\/schema\\\/logo\\\/image\\\/\"}},{\"@type\":\"Person\",\"@id\":\"https:\\\/\\\/schoenstatt.com\\\/de\\\/#\\\/schema\\\/person\\\/489465b1850e7b216fe2c10dfc262551\",\"name\":\"admin\",\"image\":{\"@type\":\"ImageObject\",\"inLanguage\":\"de\",\"@id\":\"https:\\\/\\\/secure.gravatar.com\\\/avatar\\\/02e8345e1ec40ab0e0a2a98fdde64a684bbaf994cddcb778b25b8b024ee9dfe6?s=96&d=mm&r=g\",\"url\":\"https:\\\/\\\/secure.gravatar.com\\\/avatar\\\/02e8345e1ec40ab0e0a2a98fdde64a684bbaf994cddcb778b25b8b024ee9dfe6?s=96&d=mm&r=g\",\"contentUrl\":\"https:\\\/\\\/secure.gravatar.com\\\/avatar\\\/02e8345e1ec40ab0e0a2a98fdde64a684bbaf994cddcb778b25b8b024ee9dfe6?s=96&d=mm&r=g\",\"caption\":\"admin\"},\"sameAs\":[\"https:\\\/\\\/schoenstatt.com\"],\"url\":\"https:\\\/\\\/schoenstatt.com\\\/de\\\/author\\\/admin\\\/\"}]}<\/script>\n<!-- \/ Yoast SEO Premium plugin. -->","yoast_head_json":{"title":"Polnische Sch\u00f6nstatt-Bewegung \u00f6ffnet ihre H\u00e4user f\u00fcr Kriegsfl\u00fcchtlinge - Schoenstatt","description":"Vom Heiligtum der Sch\u00f6nstatt-Patres in Warschau bis zur Ukraine sind es nur 215 km. Bereits 700.000 ukrainische Fl\u00fcchtlinge sind in Polen angekommen. Die Sch\u00f6nst\u00e4tter Marienschwestern und die Sch\u00f6nstattpatres nehmen Fl\u00fcchtlinge auf und brauchen unsere Hilfe.","robots":{"index":"index","follow":"follow","max-snippet":"max-snippet:-1","max-image-preview":"max-image-preview:large","max-video-preview":"max-video-preview:-1"},"canonical":"https:\/\/schoenstatt.com\/de\/polnische-schoenstatt-bewegung-oeffnet-ihre-haeuser-fuer-kriegsfluechtlinge\/","og_locale":"de_DE","og_type":"article","og_title":"Polnische Sch\u00f6nstatt-Bewegung \u00f6ffnet ihre H\u00e4user f\u00fcr Kriegsfl\u00fcchtlinge","og_description":"Vom Heiligtum der Sch\u00f6nstatt-Patres in Warschau bis zur Ukraine sind es nur 215 km. Bereits 700.000 ukrainische Fl\u00fcchtlinge sind in Polen angekommen. Die Sch\u00f6nst\u00e4tter Marienschwestern und die Sch\u00f6nstattpatres nehmen Fl\u00fcchtlinge auf und brauchen unsere Hilfe.","og_url":"https:\/\/schoenstatt.com\/de\/polnische-schoenstatt-bewegung-oeffnet-ihre-haeuser-fuer-kriegsfluechtlinge\/","og_site_name":"Schoenstatt","article_published_time":"2022-03-10T07:00:26+00:00","article_modified_time":"2025-05-15T17:37:45+00:00","og_image":[{"width":595,"height":287,"url":"https:\/\/schoenstatt.com\/wp-content\/uploads\/2022\/03\/Polonia-2.png","type":"image\/png"}],"author":"admin","twitter_card":"summary_large_image","twitter_misc":{"Verfasst von":"admin","Gesch\u00e4tzte Lesezeit":"3\u00a0Minuten"},"schema":{"@context":"https:\/\/schema.org","@graph":[{"@type":"Article","@id":"https:\/\/schoenstatt.com\/de\/polnische-schoenstatt-bewegung-oeffnet-ihre-haeuser-fuer-kriegsfluechtlinge\/#article","isPartOf":{"@id":"https:\/\/schoenstatt.com\/de\/polnische-schoenstatt-bewegung-oeffnet-ihre-haeuser-fuer-kriegsfluechtlinge\/"},"author":{"name":"admin","@id":"https:\/\/schoenstatt.com\/de\/#\/schema\/person\/489465b1850e7b216fe2c10dfc262551"},"headline":"Polnische Sch\u00f6nstatt-Bewegung \u00f6ffnet ihre H\u00e4user f\u00fcr Kriegsfl\u00fcchtlinge","datePublished":"2022-03-10T07:00:26+00:00","dateModified":"2025-05-15T17:37:45+00:00","mainEntityOfPage":{"@id":"https:\/\/schoenstatt.com\/de\/polnische-schoenstatt-bewegung-oeffnet-ihre-haeuser-fuer-kriegsfluechtlinge\/"},"wordCount":655,"publisher":{"@id":"https:\/\/schoenstatt.com\/de\/#organization"},"image":{"@id":"https:\/\/schoenstatt.com\/de\/polnische-schoenstatt-bewegung-oeffnet-ihre-haeuser-fuer-kriegsfluechtlinge\/#primaryimage"},"thumbnailUrl":"https:\/\/schoenstatt.com\/wp-content\/uploads\/2022\/03\/Polonia-2.png","articleSection":["Gesellschaft","Kirche"],"inLanguage":"de"},{"@type":"WebPage","@id":"https:\/\/schoenstatt.com\/de\/polnische-schoenstatt-bewegung-oeffnet-ihre-haeuser-fuer-kriegsfluechtlinge\/","url":"https:\/\/schoenstatt.com\/de\/polnische-schoenstatt-bewegung-oeffnet-ihre-haeuser-fuer-kriegsfluechtlinge\/","name":"Polnische Sch\u00f6nstatt-Bewegung \u00f6ffnet ihre H\u00e4user f\u00fcr Kriegsfl\u00fcchtlinge - Schoenstatt","isPartOf":{"@id":"https:\/\/schoenstatt.com\/de\/#website"},"primaryImageOfPage":{"@id":"https:\/\/schoenstatt.com\/de\/polnische-schoenstatt-bewegung-oeffnet-ihre-haeuser-fuer-kriegsfluechtlinge\/#primaryimage"},"image":{"@id":"https:\/\/schoenstatt.com\/de\/polnische-schoenstatt-bewegung-oeffnet-ihre-haeuser-fuer-kriegsfluechtlinge\/#primaryimage"},"thumbnailUrl":"https:\/\/schoenstatt.com\/wp-content\/uploads\/2022\/03\/Polonia-2.png","datePublished":"2022-03-10T07:00:26+00:00","dateModified":"2025-05-15T17:37:45+00:00","description":"Vom Heiligtum der Sch\u00f6nstatt-Patres in Warschau bis zur Ukraine sind es nur 215 km. Bereits 700.000 ukrainische Fl\u00fcchtlinge sind in Polen angekommen. Die Sch\u00f6nst\u00e4tter Marienschwestern und die Sch\u00f6nstattpatres nehmen Fl\u00fcchtlinge auf und brauchen unsere Hilfe.","breadcrumb":{"@id":"https:\/\/schoenstatt.com\/de\/polnische-schoenstatt-bewegung-oeffnet-ihre-haeuser-fuer-kriegsfluechtlinge\/#breadcrumb"},"inLanguage":"de","potentialAction":[{"@type":"ReadAction","target":["https:\/\/schoenstatt.com\/de\/polnische-schoenstatt-bewegung-oeffnet-ihre-haeuser-fuer-kriegsfluechtlinge\/"]}]},{"@type":"ImageObject","inLanguage":"de","@id":"https:\/\/schoenstatt.com\/de\/polnische-schoenstatt-bewegung-oeffnet-ihre-haeuser-fuer-kriegsfluechtlinge\/#primaryimage","url":"https:\/\/schoenstatt.com\/wp-content\/uploads\/2022\/03\/Polonia-2.png","contentUrl":"https:\/\/schoenstatt.com\/wp-content\/uploads\/2022\/03\/Polonia-2.png","width":595,"height":287,"caption":"Fl\u00fcchtlinge"},{"@type":"BreadcrumbList","@id":"https:\/\/schoenstatt.com\/de\/polnische-schoenstatt-bewegung-oeffnet-ihre-haeuser-fuer-kriegsfluechtlinge\/#breadcrumb","itemListElement":[{"@type":"ListItem","position":1,"name":"Portada","item":"https:\/\/schoenstatt.com\/de\/home\/"},{"@type":"ListItem","position":2,"name":"Polnische Sch\u00f6nstatt-Bewegung \u00f6ffnet ihre H\u00e4user f\u00fcr Kriegsfl\u00fcchtlinge"}]},{"@type":"WebSite","@id":"https:\/\/schoenstatt.com\/de\/#website","url":"https:\/\/schoenstatt.com\/de\/","name":"Schoenstatt","description":"Apostolic Movement","publisher":{"@id":"https:\/\/schoenstatt.com\/de\/#organization"},"potentialAction":[{"@type":"SearchAction","target":{"@type":"EntryPoint","urlTemplate":"https:\/\/schoenstatt.com\/de\/?s={search_term_string}"},"query-input":{"@type":"PropertyValueSpecification","valueRequired":true,"valueName":"search_term_string"}}],"inLanguage":"de"},{"@type":"Organization","@id":"https:\/\/schoenstatt.com\/de\/#organization","name":"Schoenstatt","url":"https:\/\/schoenstatt.com\/de\/","logo":{"@type":"ImageObject","inLanguage":"de","@id":"https:\/\/schoenstatt.com\/de\/#\/schema\/logo\/image\/","url":"https:\/\/schoenstatt.com\/wp-content\/uploads\/2025\/04\/logo-schoenstatt-white-696x696-1.png","contentUrl":"https:\/\/schoenstatt.com\/wp-content\/uploads\/2025\/04\/logo-schoenstatt-white-696x696-1.png","width":696,"height":694,"caption":"Schoenstatt"},"image":{"@id":"https:\/\/schoenstatt.com\/de\/#\/schema\/logo\/image\/"}},{"@type":"Person","@id":"https:\/\/schoenstatt.com\/de\/#\/schema\/person\/489465b1850e7b216fe2c10dfc262551","name":"admin","image":{"@type":"ImageObject","inLanguage":"de","@id":"https:\/\/secure.gravatar.com\/avatar\/02e8345e1ec40ab0e0a2a98fdde64a684bbaf994cddcb778b25b8b024ee9dfe6?s=96&d=mm&r=g","url":"https:\/\/secure.gravatar.com\/avatar\/02e8345e1ec40ab0e0a2a98fdde64a684bbaf994cddcb778b25b8b024ee9dfe6?s=96&d=mm&r=g","contentUrl":"https:\/\/secure.gravatar.com\/avatar\/02e8345e1ec40ab0e0a2a98fdde64a684bbaf994cddcb778b25b8b024ee9dfe6?s=96&d=mm&r=g","caption":"admin"},"sameAs":["https:\/\/schoenstatt.com"],"url":"https:\/\/schoenstatt.com\/de\/author\/admin\/"}]}},"_links":{"self":[{"href":"https:\/\/schoenstatt.com\/de\/wp-json\/wp\/v2\/posts\/52381","targetHints":{"allow":["GET"]}}],"collection":[{"href":"https:\/\/schoenstatt.com\/de\/wp-json\/wp\/v2\/posts"}],"about":[{"href":"https:\/\/schoenstatt.com\/de\/wp-json\/wp\/v2\/types\/post"}],"author":[{"embeddable":true,"href":"https:\/\/schoenstatt.com\/de\/wp-json\/wp\/v2\/users\/1"}],"replies":[{"embeddable":true,"href":"https:\/\/schoenstatt.com\/de\/wp-json\/wp\/v2\/comments?post=52381"}],"version-history":[{"count":1,"href":"https:\/\/schoenstatt.com\/de\/wp-json\/wp\/v2\/posts\/52381\/revisions"}],"predecessor-version":[{"id":52461,"href":"https:\/\/schoenstatt.com\/de\/wp-json\/wp\/v2\/posts\/52381\/revisions\/52461"}],"wp:featuredmedia":[{"embeddable":true,"href":"https:\/\/schoenstatt.com\/de\/wp-json\/wp\/v2\/media\/23982"}],"wp:attachment":[{"href":"https:\/\/schoenstatt.com\/de\/wp-json\/wp\/v2\/media?parent=52381"}],"wp:term":[{"taxonomy":"category","embeddable":true,"href":"https:\/\/schoenstatt.com\/de\/wp-json\/wp\/v2\/categories?post=52381"},{"taxonomy":"post_tag","embeddable":true,"href":"https:\/\/schoenstatt.com\/de\/wp-json\/wp\/v2\/tags?post=52381"}],"curies":[{"name":"wp","href":"https:\/\/api.w.org\/{rel}","templated":true}]}}