{"id":52167,"date":"2022-04-22T08:00:59","date_gmt":"2022-04-22T06:00:59","guid":{"rendered":"https:\/\/schoenstattdev.wpenginepowered.com\/?p=24452"},"modified":"2025-05-15T22:23:03","modified_gmt":"2025-05-15T20:23:03","slug":"diakone-vertiefen-ihre-berufung-nach-dem-beispiel-von-joao-pozzobon","status":"publish","type":"post","link":"https:\/\/schoenstatt.com\/de\/diakone-vertiefen-ihre-berufung-nach-dem-beispiel-von-joao-pozzobon\/","title":{"rendered":"Diakone vertiefen ihre Berufung nach dem Beispiel von Jo\u00e3o Pozzobon"},"content":{"rendered":"<p>Am 28. und 29. M\u00e4rz war der Pr\u00e4sident der brasilianischen Nationalen Kommission der Diakone (CND), Diakon Francisco Salvador Pontes Filho, zusammen mit den Diakonen Fl\u00e1vio Ant\u00f4nio und Roberto Castilhos Nunes, Pr\u00e4sident bzw. Vizepr\u00e4sident der Regionalen Kommission der St\u00e4ndigen Diakone, in Santa Maria, Rio Grande do Sul, Brasilien, um sich \u00fcber das Leben und die Arbeit des Dieners Gottes, Diakon Jo\u00e3o Luiz Pozzobon, zu informieren. Sie wurden von Diakon Ricardo Rossato von der Erzdi\u00f6zese Santa Maria begleitet.<\/p>\n<p><img fetchpriority=\"high\" decoding=\"async\" class=\"size-full wp-image-24443 aligncenter\" src=\"https:\/\/schoenstatt.com\/wp-content\/uploads\/2022\/04\/Diaconos-2-1.png\" alt=\"Diakone\" width=\"639\" height=\"324\" \/><\/p>\n<p>Auf ihrem Rundgang besuchten sie das Marienzentrum, das Original der Pilgernden Gottesmutter, das Tabor-Heiligtum und das Jo\u00e3o-Pozzobon-Haus-Museum, wo sie etwas \u00fcber das apostolische und karitative Engagement des Initiators der Kampagne der Pilgernden Gottesmutter erfuhren. Am Dienstagmorgen, dem 29., nahmen sie an der Heiligen Messe in der Tabor-Kapelle teil, bei der sie ihr Zeugnis ablegten. Diakon Fl\u00e1vio Ant\u00f4nio beschreibt diese Erfahrung.<\/p>\n<blockquote><p>\u201eWir hatten die Gnade, das Sch\u00f6nstatt-Heiligtum und das Hausmuseum unseres Mitbruders Diakon Jo\u00e3o Luiz Pozzobon in Santa Maria zu besuchen. Wir waren sehr neugierig darauf, die Reisen unseres Bruders zu sehen, zu sp\u00fcren und zu erleben.\u201c<\/p><\/blockquote>\n<h3>Emotionen bis zu den Tr\u00e4nen<\/h3>\n<p>Als wir auf einigen der Stra\u00dfen unterwegs waren, die Jo\u00e3o Pozzobon selbst, oder wie er liebevoll \u201eDon Jo\u00e3o&#8220; oder \u201eBurrito de la Virgen&#8220; (\u201eEselchen der Jungfrau&#8220;) genannt wurde, bereiste, waren wir mehrmals zu Tr\u00e4nen ger\u00fchrt \u00fcber das Apostolat, das er an den Randgruppen der Gesellschaft \u00fcbte.<\/p>\n<p>Wenn man sein Apostolat an den Randgruppen der Gesellschaft und seine N\u00e4he zu den Menschen sieht, seine Liebe, seine Zuneigung, seine Hingabe an sie, und wenn man wei\u00df, wie er das Bild der Pilgernden Gottesmutter auf seinen Schultern trug, ist es unm\u00f6glich, nicht bewegt zu sein. Mehrere Berichte \u00fcber sein Wirken best\u00e4tigen, dass Diakon Jo\u00e3o nicht aus dieser Welt stammte, denn er lebte immer mit dem Gedanken an die N\u00f6te der Menschen. Mit dem Rosenkranz in der Hand und der Pilgernden Gottesmutter auf der Schulter nahm er mit Demut und Bescheidenheit die Sorgen und N\u00f6te der Menschen in sich auf, besuchte ihre H\u00e4user und legte alles ihm Anvertraute in das Gebet des Rosenkranzes hinein, so wie die Gottesmutter es haben m\u00f6chte.<\/p>\n<h3><img decoding=\"async\" class=\"size-full wp-image-24447 alignright\" src=\"https:\/\/schoenstatt.com\/wp-content\/uploads\/2022\/04\/Pozzobon-1.png\" alt=\"Deacons\" width=\"423\" height=\"377\" \/>Mit deinem Beispiel, Jo\u00e3o, haben wir die wahre Bedeutung des Diakonats erkannt.<\/h3>\n<p>Nach diesen Momenten, die wir in Santa Maria verbrachten, wurde uns die wahre Bedeutung des Auftrags, Diakon zu sein, bewusst und wie viel uns auf unserem diakonischen Weg noch fehlte. Wir hatten bereits in aller Bescheidenheit \u00fcber Diakon Jo\u00e3o Pozzobon gesprochen, aber uns wurde bewusst, wie begrenzt unsere Informationen waren. Wir haben unser Denken \u00fcber die Handlungen dieses heiligm\u00e4\u00dfigen Mannes sehr \u00e4ndern m\u00fcssen und k\u00f6nnen heute in aller Bescheidenheit sagen, dass wir gro\u00dfe Verehrer dieses Mannes, Vaters, Ehemanns und Vorbilds sind.<\/p>\n<p>Tief bewegt kann ich sagen: \u201e<em><strong>Danke, Mutter Dreimal Wunderbare K\u00f6nigin von Sch\u00f6nstatt, danke, mein Bruder in Christus, Diakon Jo\u00e3o Luiz Pozzobon, halte F\u00fcrsprache f\u00fcr uns bei Gott.\u201c<\/strong><\/em><\/p>\n<p>&nbsp;<\/p>\n","protected":false},"excerpt":{"rendered":"<p>Nationale Vertreter des Diakonats in Brasilien besuchten Santa Maria, um sich \u00fcber das Leben und die Arbeit von Diakon Jo\u00e3o Pozzobon zu informieren. Diakon Fl\u00e1vio Ant\u00f4nio dr\u00fcckte aus: \u201eTief bewegt kann ich sagen: Danke, Mutter Dreimal Wunderbare K\u00f6nigin von Sch\u00f6nstatt, danke, mein Bruder in Christus, Diakon Jo\u00e3o Luiz Pozzobon\u201c.<\/p>\n","protected":false},"author":1,"featured_media":24437,"comment_status":"closed","ping_status":"closed","sticky":false,"template":"","format":"standard","meta":{"footnotes":""},"categories":[907,914],"tags":[],"class_list":["post-52167","post","type-post","status-publish","format-standard","has-post-thumbnail","hentry","category-schoenstatt-gemeinschaften-de","category-spiritualitat-de"],"yoast_head":"<!-- This site is optimized with the Yoast SEO Premium plugin v27.4 (Yoast SEO v27.4) - https:\/\/yoast.com\/product\/yoast-seo-premium-wordpress\/ -->\n<title>Diakone vertiefen ihre Berufung nach dem Beispiel von Jo\u00e3o Pozzobon - Schoenstatt<\/title>\n<meta name=\"description\" content=\"Vertreter des Diakonats in Brasilien besuchten Santa Maria, um etwas \u00fcber das Leben von Diakon Jo\u00e3o Pozzobon zu erfahren.\" \/>\n<meta name=\"robots\" content=\"index, follow, max-snippet:-1, max-image-preview:large, max-video-preview:-1\" \/>\n<link rel=\"canonical\" href=\"https:\/\/schoenstatt.com\/de\/diakone-vertiefen-ihre-berufung-nach-dem-beispiel-von-joao-pozzobon\/\" \/>\n<meta property=\"og:locale\" content=\"de_DE\" \/>\n<meta property=\"og:type\" content=\"article\" \/>\n<meta property=\"og:title\" content=\"Diakone vertiefen ihre Berufung nach dem Beispiel von Jo\u00e3o Pozzobon\" \/>\n<meta property=\"og:description\" content=\"Vertreter des Diakonats in Brasilien besuchten Santa Maria, um etwas \u00fcber das Leben von Diakon Jo\u00e3o Pozzobon zu erfahren.\" \/>\n<meta property=\"og:url\" content=\"https:\/\/schoenstatt.com\/de\/diakone-vertiefen-ihre-berufung-nach-dem-beispiel-von-joao-pozzobon\/\" \/>\n<meta property=\"og:site_name\" content=\"Schoenstatt\" \/>\n<meta property=\"article:published_time\" content=\"2022-04-22T06:00:59+00:00\" \/>\n<meta property=\"article:modified_time\" content=\"2025-05-15T20:23:03+00:00\" \/>\n<meta property=\"og:image\" content=\"https:\/\/schoenstatt.com\/wp-content\/uploads\/2022\/04\/Diaconos-permanente-1.png\" \/>\n\t<meta property=\"og:image:width\" content=\"697\" \/>\n\t<meta property=\"og:image:height\" content=\"371\" \/>\n\t<meta property=\"og:image:type\" content=\"image\/png\" \/>\n<meta name=\"author\" content=\"admin\" \/>\n<meta name=\"twitter:card\" content=\"summary_large_image\" \/>\n<meta name=\"twitter:label1\" content=\"Verfasst von\" \/>\n\t<meta name=\"twitter:data1\" content=\"admin\" \/>\n\t<meta name=\"twitter:label2\" content=\"Gesch\u00e4tzte Lesezeit\" \/>\n\t<meta name=\"twitter:data2\" content=\"3\u00a0Minuten\" \/>\n<script type=\"application\/ld+json\" class=\"yoast-schema-graph\">{\"@context\":\"https:\\\/\\\/schema.org\",\"@graph\":[{\"@type\":\"Article\",\"@id\":\"https:\\\/\\\/schoenstatt.com\\\/de\\\/diakone-vertiefen-ihre-berufung-nach-dem-beispiel-von-joao-pozzobon\\\/#article\",\"isPartOf\":{\"@id\":\"https:\\\/\\\/schoenstatt.com\\\/de\\\/diakone-vertiefen-ihre-berufung-nach-dem-beispiel-von-joao-pozzobon\\\/\"},\"author\":{\"name\":\"admin\",\"@id\":\"https:\\\/\\\/schoenstatt.com\\\/de\\\/#\\\/schema\\\/person\\\/489465b1850e7b216fe2c10dfc262551\"},\"headline\":\"Diakone vertiefen ihre Berufung nach dem Beispiel von Jo\u00e3o Pozzobon\",\"datePublished\":\"2022-04-22T06:00:59+00:00\",\"dateModified\":\"2025-05-15T20:23:03+00:00\",\"mainEntityOfPage\":{\"@id\":\"https:\\\/\\\/schoenstatt.com\\\/de\\\/diakone-vertiefen-ihre-berufung-nach-dem-beispiel-von-joao-pozzobon\\\/\"},\"wordCount\":513,\"publisher\":{\"@id\":\"https:\\\/\\\/schoenstatt.com\\\/de\\\/#organization\"},\"image\":{\"@id\":\"https:\\\/\\\/schoenstatt.com\\\/de\\\/diakone-vertiefen-ihre-berufung-nach-dem-beispiel-von-joao-pozzobon\\\/#primaryimage\"},\"thumbnailUrl\":\"https:\\\/\\\/schoenstatt.com\\\/wp-content\\\/uploads\\\/2022\\\/04\\\/Diaconos-permanente-1.png\",\"articleSection\":[\"Schoenstatt Gemeinschaften\",\"Spiritualit\u00e4t\"],\"inLanguage\":\"de\"},{\"@type\":\"WebPage\",\"@id\":\"https:\\\/\\\/schoenstatt.com\\\/de\\\/diakone-vertiefen-ihre-berufung-nach-dem-beispiel-von-joao-pozzobon\\\/\",\"url\":\"https:\\\/\\\/schoenstatt.com\\\/de\\\/diakone-vertiefen-ihre-berufung-nach-dem-beispiel-von-joao-pozzobon\\\/\",\"name\":\"Diakone vertiefen ihre Berufung nach dem Beispiel von Jo\u00e3o Pozzobon - Schoenstatt\",\"isPartOf\":{\"@id\":\"https:\\\/\\\/schoenstatt.com\\\/de\\\/#website\"},\"primaryImageOfPage\":{\"@id\":\"https:\\\/\\\/schoenstatt.com\\\/de\\\/diakone-vertiefen-ihre-berufung-nach-dem-beispiel-von-joao-pozzobon\\\/#primaryimage\"},\"image\":{\"@id\":\"https:\\\/\\\/schoenstatt.com\\\/de\\\/diakone-vertiefen-ihre-berufung-nach-dem-beispiel-von-joao-pozzobon\\\/#primaryimage\"},\"thumbnailUrl\":\"https:\\\/\\\/schoenstatt.com\\\/wp-content\\\/uploads\\\/2022\\\/04\\\/Diaconos-permanente-1.png\",\"datePublished\":\"2022-04-22T06:00:59+00:00\",\"dateModified\":\"2025-05-15T20:23:03+00:00\",\"description\":\"Vertreter des Diakonats in Brasilien besuchten Santa Maria, um etwas \u00fcber das Leben von Diakon Jo\u00e3o Pozzobon zu erfahren.\",\"breadcrumb\":{\"@id\":\"https:\\\/\\\/schoenstatt.com\\\/de\\\/diakone-vertiefen-ihre-berufung-nach-dem-beispiel-von-joao-pozzobon\\\/#breadcrumb\"},\"inLanguage\":\"de\",\"potentialAction\":[{\"@type\":\"ReadAction\",\"target\":[\"https:\\\/\\\/schoenstatt.com\\\/de\\\/diakone-vertiefen-ihre-berufung-nach-dem-beispiel-von-joao-pozzobon\\\/\"]}]},{\"@type\":\"ImageObject\",\"inLanguage\":\"de\",\"@id\":\"https:\\\/\\\/schoenstatt.com\\\/de\\\/diakone-vertiefen-ihre-berufung-nach-dem-beispiel-von-joao-pozzobon\\\/#primaryimage\",\"url\":\"https:\\\/\\\/schoenstatt.com\\\/wp-content\\\/uploads\\\/2022\\\/04\\\/Diaconos-permanente-1.png\",\"contentUrl\":\"https:\\\/\\\/schoenstatt.com\\\/wp-content\\\/uploads\\\/2022\\\/04\\\/Diaconos-permanente-1.png\",\"width\":697,\"height\":371,\"caption\":\"Diakone\"},{\"@type\":\"BreadcrumbList\",\"@id\":\"https:\\\/\\\/schoenstatt.com\\\/de\\\/diakone-vertiefen-ihre-berufung-nach-dem-beispiel-von-joao-pozzobon\\\/#breadcrumb\",\"itemListElement\":[{\"@type\":\"ListItem\",\"position\":1,\"name\":\"Portada\",\"item\":\"https:\\\/\\\/schoenstatt.com\\\/de\\\/home\\\/\"},{\"@type\":\"ListItem\",\"position\":2,\"name\":\"Diakone vertiefen ihre Berufung nach dem Beispiel von Jo\u00e3o Pozzobon\"}]},{\"@type\":\"WebSite\",\"@id\":\"https:\\\/\\\/schoenstatt.com\\\/de\\\/#website\",\"url\":\"https:\\\/\\\/schoenstatt.com\\\/de\\\/\",\"name\":\"Schoenstatt\",\"description\":\"Apostolic Movement\",\"publisher\":{\"@id\":\"https:\\\/\\\/schoenstatt.com\\\/de\\\/#organization\"},\"potentialAction\":[{\"@type\":\"SearchAction\",\"target\":{\"@type\":\"EntryPoint\",\"urlTemplate\":\"https:\\\/\\\/schoenstatt.com\\\/de\\\/?s={search_term_string}\"},\"query-input\":{\"@type\":\"PropertyValueSpecification\",\"valueRequired\":true,\"valueName\":\"search_term_string\"}}],\"inLanguage\":\"de\"},{\"@type\":\"Organization\",\"@id\":\"https:\\\/\\\/schoenstatt.com\\\/de\\\/#organization\",\"name\":\"Schoenstatt\",\"url\":\"https:\\\/\\\/schoenstatt.com\\\/de\\\/\",\"logo\":{\"@type\":\"ImageObject\",\"inLanguage\":\"de\",\"@id\":\"https:\\\/\\\/schoenstatt.com\\\/de\\\/#\\\/schema\\\/logo\\\/image\\\/\",\"url\":\"https:\\\/\\\/schoenstatt.com\\\/wp-content\\\/uploads\\\/2025\\\/04\\\/logo-schoenstatt-white-696x696-1.png\",\"contentUrl\":\"https:\\\/\\\/schoenstatt.com\\\/wp-content\\\/uploads\\\/2025\\\/04\\\/logo-schoenstatt-white-696x696-1.png\",\"width\":696,\"height\":694,\"caption\":\"Schoenstatt\"},\"image\":{\"@id\":\"https:\\\/\\\/schoenstatt.com\\\/de\\\/#\\\/schema\\\/logo\\\/image\\\/\"}},{\"@type\":\"Person\",\"@id\":\"https:\\\/\\\/schoenstatt.com\\\/de\\\/#\\\/schema\\\/person\\\/489465b1850e7b216fe2c10dfc262551\",\"name\":\"admin\",\"image\":{\"@type\":\"ImageObject\",\"inLanguage\":\"de\",\"@id\":\"https:\\\/\\\/secure.gravatar.com\\\/avatar\\\/02e8345e1ec40ab0e0a2a98fdde64a684bbaf994cddcb778b25b8b024ee9dfe6?s=96&d=mm&r=g\",\"url\":\"https:\\\/\\\/secure.gravatar.com\\\/avatar\\\/02e8345e1ec40ab0e0a2a98fdde64a684bbaf994cddcb778b25b8b024ee9dfe6?s=96&d=mm&r=g\",\"contentUrl\":\"https:\\\/\\\/secure.gravatar.com\\\/avatar\\\/02e8345e1ec40ab0e0a2a98fdde64a684bbaf994cddcb778b25b8b024ee9dfe6?s=96&d=mm&r=g\",\"caption\":\"admin\"},\"sameAs\":[\"https:\\\/\\\/schoenstatt.com\"],\"url\":\"https:\\\/\\\/schoenstatt.com\\\/de\\\/author\\\/admin\\\/\"}]}<\/script>\n<!-- \/ Yoast SEO Premium plugin. -->","yoast_head_json":{"title":"Diakone vertiefen ihre Berufung nach dem Beispiel von Jo\u00e3o Pozzobon - Schoenstatt","description":"Vertreter des Diakonats in Brasilien besuchten Santa Maria, um etwas \u00fcber das Leben von Diakon Jo\u00e3o Pozzobon zu erfahren.","robots":{"index":"index","follow":"follow","max-snippet":"max-snippet:-1","max-image-preview":"max-image-preview:large","max-video-preview":"max-video-preview:-1"},"canonical":"https:\/\/schoenstatt.com\/de\/diakone-vertiefen-ihre-berufung-nach-dem-beispiel-von-joao-pozzobon\/","og_locale":"de_DE","og_type":"article","og_title":"Diakone vertiefen ihre Berufung nach dem Beispiel von Jo\u00e3o Pozzobon","og_description":"Vertreter des Diakonats in Brasilien besuchten Santa Maria, um etwas \u00fcber das Leben von Diakon Jo\u00e3o Pozzobon zu erfahren.","og_url":"https:\/\/schoenstatt.com\/de\/diakone-vertiefen-ihre-berufung-nach-dem-beispiel-von-joao-pozzobon\/","og_site_name":"Schoenstatt","article_published_time":"2022-04-22T06:00:59+00:00","article_modified_time":"2025-05-15T20:23:03+00:00","og_image":[{"width":697,"height":371,"url":"https:\/\/schoenstatt.com\/wp-content\/uploads\/2022\/04\/Diaconos-permanente-1.png","type":"image\/png"}],"author":"admin","twitter_card":"summary_large_image","twitter_misc":{"Verfasst von":"admin","Gesch\u00e4tzte Lesezeit":"3\u00a0Minuten"},"schema":{"@context":"https:\/\/schema.org","@graph":[{"@type":"Article","@id":"https:\/\/schoenstatt.com\/de\/diakone-vertiefen-ihre-berufung-nach-dem-beispiel-von-joao-pozzobon\/#article","isPartOf":{"@id":"https:\/\/schoenstatt.com\/de\/diakone-vertiefen-ihre-berufung-nach-dem-beispiel-von-joao-pozzobon\/"},"author":{"name":"admin","@id":"https:\/\/schoenstatt.com\/de\/#\/schema\/person\/489465b1850e7b216fe2c10dfc262551"},"headline":"Diakone vertiefen ihre Berufung nach dem Beispiel von Jo\u00e3o Pozzobon","datePublished":"2022-04-22T06:00:59+00:00","dateModified":"2025-05-15T20:23:03+00:00","mainEntityOfPage":{"@id":"https:\/\/schoenstatt.com\/de\/diakone-vertiefen-ihre-berufung-nach-dem-beispiel-von-joao-pozzobon\/"},"wordCount":513,"publisher":{"@id":"https:\/\/schoenstatt.com\/de\/#organization"},"image":{"@id":"https:\/\/schoenstatt.com\/de\/diakone-vertiefen-ihre-berufung-nach-dem-beispiel-von-joao-pozzobon\/#primaryimage"},"thumbnailUrl":"https:\/\/schoenstatt.com\/wp-content\/uploads\/2022\/04\/Diaconos-permanente-1.png","articleSection":["Schoenstatt Gemeinschaften","Spiritualit\u00e4t"],"inLanguage":"de"},{"@type":"WebPage","@id":"https:\/\/schoenstatt.com\/de\/diakone-vertiefen-ihre-berufung-nach-dem-beispiel-von-joao-pozzobon\/","url":"https:\/\/schoenstatt.com\/de\/diakone-vertiefen-ihre-berufung-nach-dem-beispiel-von-joao-pozzobon\/","name":"Diakone vertiefen ihre Berufung nach dem Beispiel von Jo\u00e3o Pozzobon - Schoenstatt","isPartOf":{"@id":"https:\/\/schoenstatt.com\/de\/#website"},"primaryImageOfPage":{"@id":"https:\/\/schoenstatt.com\/de\/diakone-vertiefen-ihre-berufung-nach-dem-beispiel-von-joao-pozzobon\/#primaryimage"},"image":{"@id":"https:\/\/schoenstatt.com\/de\/diakone-vertiefen-ihre-berufung-nach-dem-beispiel-von-joao-pozzobon\/#primaryimage"},"thumbnailUrl":"https:\/\/schoenstatt.com\/wp-content\/uploads\/2022\/04\/Diaconos-permanente-1.png","datePublished":"2022-04-22T06:00:59+00:00","dateModified":"2025-05-15T20:23:03+00:00","description":"Vertreter des Diakonats in Brasilien besuchten Santa Maria, um etwas \u00fcber das Leben von Diakon Jo\u00e3o Pozzobon zu erfahren.","breadcrumb":{"@id":"https:\/\/schoenstatt.com\/de\/diakone-vertiefen-ihre-berufung-nach-dem-beispiel-von-joao-pozzobon\/#breadcrumb"},"inLanguage":"de","potentialAction":[{"@type":"ReadAction","target":["https:\/\/schoenstatt.com\/de\/diakone-vertiefen-ihre-berufung-nach-dem-beispiel-von-joao-pozzobon\/"]}]},{"@type":"ImageObject","inLanguage":"de","@id":"https:\/\/schoenstatt.com\/de\/diakone-vertiefen-ihre-berufung-nach-dem-beispiel-von-joao-pozzobon\/#primaryimage","url":"https:\/\/schoenstatt.com\/wp-content\/uploads\/2022\/04\/Diaconos-permanente-1.png","contentUrl":"https:\/\/schoenstatt.com\/wp-content\/uploads\/2022\/04\/Diaconos-permanente-1.png","width":697,"height":371,"caption":"Diakone"},{"@type":"BreadcrumbList","@id":"https:\/\/schoenstatt.com\/de\/diakone-vertiefen-ihre-berufung-nach-dem-beispiel-von-joao-pozzobon\/#breadcrumb","itemListElement":[{"@type":"ListItem","position":1,"name":"Portada","item":"https:\/\/schoenstatt.com\/de\/home\/"},{"@type":"ListItem","position":2,"name":"Diakone vertiefen ihre Berufung nach dem Beispiel von Jo\u00e3o Pozzobon"}]},{"@type":"WebSite","@id":"https:\/\/schoenstatt.com\/de\/#website","url":"https:\/\/schoenstatt.com\/de\/","name":"Schoenstatt","description":"Apostolic Movement","publisher":{"@id":"https:\/\/schoenstatt.com\/de\/#organization"},"potentialAction":[{"@type":"SearchAction","target":{"@type":"EntryPoint","urlTemplate":"https:\/\/schoenstatt.com\/de\/?s={search_term_string}"},"query-input":{"@type":"PropertyValueSpecification","valueRequired":true,"valueName":"search_term_string"}}],"inLanguage":"de"},{"@type":"Organization","@id":"https:\/\/schoenstatt.com\/de\/#organization","name":"Schoenstatt","url":"https:\/\/schoenstatt.com\/de\/","logo":{"@type":"ImageObject","inLanguage":"de","@id":"https:\/\/schoenstatt.com\/de\/#\/schema\/logo\/image\/","url":"https:\/\/schoenstatt.com\/wp-content\/uploads\/2025\/04\/logo-schoenstatt-white-696x696-1.png","contentUrl":"https:\/\/schoenstatt.com\/wp-content\/uploads\/2025\/04\/logo-schoenstatt-white-696x696-1.png","width":696,"height":694,"caption":"Schoenstatt"},"image":{"@id":"https:\/\/schoenstatt.com\/de\/#\/schema\/logo\/image\/"}},{"@type":"Person","@id":"https:\/\/schoenstatt.com\/de\/#\/schema\/person\/489465b1850e7b216fe2c10dfc262551","name":"admin","image":{"@type":"ImageObject","inLanguage":"de","@id":"https:\/\/secure.gravatar.com\/avatar\/02e8345e1ec40ab0e0a2a98fdde64a684bbaf994cddcb778b25b8b024ee9dfe6?s=96&d=mm&r=g","url":"https:\/\/secure.gravatar.com\/avatar\/02e8345e1ec40ab0e0a2a98fdde64a684bbaf994cddcb778b25b8b024ee9dfe6?s=96&d=mm&r=g","contentUrl":"https:\/\/secure.gravatar.com\/avatar\/02e8345e1ec40ab0e0a2a98fdde64a684bbaf994cddcb778b25b8b024ee9dfe6?s=96&d=mm&r=g","caption":"admin"},"sameAs":["https:\/\/schoenstatt.com"],"url":"https:\/\/schoenstatt.com\/de\/author\/admin\/"}]}},"_links":{"self":[{"href":"https:\/\/schoenstatt.com\/de\/wp-json\/wp\/v2\/posts\/52167","targetHints":{"allow":["GET"]}}],"collection":[{"href":"https:\/\/schoenstatt.com\/de\/wp-json\/wp\/v2\/posts"}],"about":[{"href":"https:\/\/schoenstatt.com\/de\/wp-json\/wp\/v2\/types\/post"}],"author":[{"embeddable":true,"href":"https:\/\/schoenstatt.com\/de\/wp-json\/wp\/v2\/users\/1"}],"replies":[{"embeddable":true,"href":"https:\/\/schoenstatt.com\/de\/wp-json\/wp\/v2\/comments?post=52167"}],"version-history":[{"count":1,"href":"https:\/\/schoenstatt.com\/de\/wp-json\/wp\/v2\/posts\/52167\/revisions"}],"predecessor-version":[{"id":52290,"href":"https:\/\/schoenstatt.com\/de\/wp-json\/wp\/v2\/posts\/52167\/revisions\/52290"}],"wp:featuredmedia":[{"embeddable":true,"href":"https:\/\/schoenstatt.com\/de\/wp-json\/wp\/v2\/media\/24437"}],"wp:attachment":[{"href":"https:\/\/schoenstatt.com\/de\/wp-json\/wp\/v2\/media?parent=52167"}],"wp:term":[{"taxonomy":"category","embeddable":true,"href":"https:\/\/schoenstatt.com\/de\/wp-json\/wp\/v2\/categories?post=52167"},{"taxonomy":"post_tag","embeddable":true,"href":"https:\/\/schoenstatt.com\/de\/wp-json\/wp\/v2\/tags?post=52167"}],"curies":[{"name":"wp","href":"https:\/\/api.w.org\/{rel}","templated":true}]}}