{"id":52145,"date":"2022-04-13T18:43:19","date_gmt":"2022-04-13T16:43:19","guid":{"rendered":"https:\/\/schoenstattdev.wpenginepowered.com\/?p=24345"},"modified":"2025-05-15T20:23:59","modified_gmt":"2025-05-15T18:23:59","slug":"der-zentrale-wert-fuer-die-schoenstatt-bewegung-im-jahr-2023-miteinander-gott-hoeren","status":"publish","type":"post","link":"https:\/\/schoenstatt.com\/de\/der-zentrale-wert-fuer-die-schoenstatt-bewegung-im-jahr-2023-miteinander-gott-hoeren\/","title":{"rendered":"Der zentrale Wert f\u00fcr die Sch\u00f6nstatt-Bewegung im Jahr 2023: \u201emiteinander Gott h\u00f6ren\u201c"},"content":{"rendered":"<p>In einem spannenden Prozess, gekonnt moderiert von Ehepaar Verena und Stefan Gro\u00df, wurde am zweiten Vormittag der Delegiertentagung mit dem sogenannten Zentralwert ein Wort f\u00fcr die inhaltliche Arbeit der Sch\u00f6nstatt-Bewegung Deutschland f\u00fcr das kommende Jahr von Oktober 2022 bis Oktober 2023 erarbeitet.<\/p>\n<figure id=\"attachment_24323\" aria-describedby=\"caption-attachment-24323\" style=\"width: 356px\" class=\"wp-caption alignright\"><img fetchpriority=\"high\" decoding=\"async\" class=\"wp-image-24323 size-full\" src=\"https:\/\/schoenstatt.com\/wp-content\/uploads\/2022\/04\/Verena-und-Stefan-Gross-1.png\" alt=\"Delegates\" width=\"356\" height=\"176\" \/><figcaption id=\"caption-attachment-24323\" class=\"wp-caption-text\">Die Moderatoren der Tagung: Verena und Stefan Gro\u00df (Foto: Brehm)<\/figcaption><\/figure>\n<h3>Zentralwert: ein Mobilisierungskonzept<\/h3>\n<p>Wie Pater Stefan Strecker zu Beginn des Prozesses deutlich machte, ist der Zentralwert \u201eein Wert oder eine Wertkombination, die aktuell am st\u00e4rksten ber\u00fchrt und ergreift\u201c und keinesfalls ein Ausschlusskriterium f\u00fcr andere Werte. Es sei wie bei einem Tischtuch. \u201eWenn man an einem Zipfel zieht, bewegt sich das ganze Tuch mit\u201c, so Strecker. Die Wirkung eines Zentralwertes sei es also, alles andere mitzuziehen. Dabei gehe es nicht um ein Motto und schon gar nicht um Aktionsentscheidungen. Diese seien erst in der Folge zu erarbeiten.<\/p>\n<p>In 12 Gespr\u00e4chsgruppen sammelten die Delegierten Vorschl\u00e4ge, die dann im Plenum zusammengetragen und priorisiert wurden. Mit viel Beifall wurde schlie\u00dflich als Zentralwert formuliert: \u201e<em><strong>miteinander Gott h\u00f6ren<\/strong><\/em>\u201c. Auf Gott zu h\u00f6ren sei eine zentrale Herausforderung unserer Zeit, die die Bewegung damit aufgreifen m\u00f6chte. Dazu sei nat\u00fcrlich jede Einzelne und jeder Einzelne herausgefordert. Es sei f\u00fcr die Bewegung aber noch einmal eine eigene Herausforderung, gemeinsam in einem Miteinander auf Gott h\u00f6ren zu wollen: \u201eJede und jeder im Hinh\u00f6ren auf den Anderen, auf die Andere \u2013 und alle im Hinh\u00f6ren auf den Heiligen Geist\u201c, wie es auf die Schriftrolle geschrieben formuliert wurde.<\/p>\n<h3>Aufgaben und Projekte<\/h3>\n<figure id=\"attachment_24327\" aria-describedby=\"caption-attachment-24327\" style=\"width: 362px\" class=\"wp-caption alignleft\"><img decoding=\"async\" class=\"wp-image-24327 size-full\" src=\"https:\/\/schoenstatt.com\/wp-content\/uploads\/2022\/04\/Schw.-cacilda-Becker-und-Vanessa-Franke-1.png\" alt=\"\" width=\"362\" height=\"176\" \/><figcaption id=\"caption-attachment-24327\" class=\"wp-caption-text\">Sister M. Cacilda Becker und Vanessa Franke (Photo: Brehm)<\/figcaption><\/figure>\n<p>Am Ende der Delegiertentagung standen Informationen \u00fcber nahe bevorstehende Projekte und Aufgaben. Vanessa Franke und Schwester M. Cacilda Becker informierten zun\u00e4chst \u00fcber den internationalen Pfingstkongress der vom 8. bis 12. Juni 2022 in Sch\u00f6nstatt, Vallendar, unter dem Motto \u201e<em><strong>Von Gottes Geist belebt<\/strong><\/em>\u201c mit Vertretern aus 49 L\u00e4ndern stattfinden wird.<\/p>\n<p>Zur Vorbereitung haben in einzelnen L\u00e4ndern und Regionen sogenannte \u201ekleine Pfingsten\u201c stattgefunden und werden noch internationale Workshops veranstaltet. In der Vorbereitung sei deutlich geworden, \u201edass in den Sch\u00f6nstatt-Bewegungen der L\u00e4nder Kr\u00e4fte und Erfahrungen gewachsen sind, die der internationalen Bewegung Dynamik und Zukunftsprofil geben\u201c, so Sr. Cacilda, Mitglied der internationalen Koordination der Sch\u00f6nstatt-Bewegung. Diesen Reichtum wahrzunehmen und einander zu bereichern sei die gro\u00dfe Chance des Kongresses.<\/p>\n<p>Der internationale Kongress wird an einer gemeinsamen Vision f\u00fcr ein Sch\u00f6nstatt der Zukunft arbeiten, das in der aktuellen Umbruchszeit seinen Beitrag geben kann f\u00fcr ein neues Gesicht der Kirche und der Gesellschaft.<\/p>\n<h3>Pr\u00e4vention<\/h3>\n<p>Seit einigen Monaten, so informierte der Leiter der <a href=\"https:\/\/schoenstattdev.wpenginepowered.com\/de\/familie\/wenn-gott-neues-schafft-sucht-er-mitwirkende\/\">Sch\u00f6nstatt-Bewegung<\/a>, sei er dabei, ein gemeinsames Konzept der Pr\u00e4vention f\u00fcr die ganze Bewegung zu erarbeiten. Die Mitarbeiter der Zentrale h\u00e4tten inzwischen alle einen Pr\u00e4ventionskurs gemacht und auch die Formalien wie die Hinterlegung einer Selbstauskunft und eines polizeilichen F\u00fchrungszeugnisses, sowie die Zustimmung zu einem Verhaltenskodex seien abgeschlossen. Das Pr\u00e4ventionskonzept soll noch in diesem Jahr ver\u00f6ffentlicht werden. Uta S\u00f6der, Lehrerin und ausgebildete Logotherapeutin, die nach Abschluss einer Multiplikatoren-Ausbildung des Bistums Trier zuk\u00fcnftig Pr\u00e4ventionsschulungen in der Bewegung anbieten soll, lud die Delegierten zu einer Aufmerksamkeits\u00fcbung ein, die dazu sensibilisierte, im Zusammenhang mit der Thematik Pr\u00e4vention den Blick zu schulen.<\/p>\n<h3>Aufbr\u00fcche in der M\u00e4nnerarbeit<\/h3>\n<figure id=\"attachment_24330\" aria-describedby=\"caption-attachment-24330\" style=\"width: 363px\" class=\"wp-caption alignright\"><img decoding=\"async\" class=\"size-full wp-image-24331\" src=\"https:\/\/schoenstatt.com\/wp-content\/uploads\/2022\/04\/Peter-Hagmann-1.png\" alt=\"\" width=\"363\" height=\"176\" \/><figcaption id=\"caption-attachment-24330\" class=\"wp-caption-text\">Peter Hagmann (Foto: Brehm)<\/figcaption><\/figure>\n<p>Peter Hagmann, Sch\u00f6nstatt M\u00e4nnerbund, berichtete \u00fcber neue Aufbr\u00fcche in der M\u00e4nnerarbeit. Die \u201e<a href=\"https:\/\/www.schoenstatt.de\/de\/news\/4502\/112\/Schoenstatt-Maennerwerkstatt-2022-eine-neue-Initiative-fuer-Maenner.htm\">M\u00e4nnerwerkstatt2022<\/a>\u201c spricht religi\u00f6s interessierte christliche M\u00e4nner an und hat seit Juli 2020 bereits zu diversen digital angebotenen Veranstaltungen eingeladen. Die Verantwortlichen des seit 2018 laufenden Projektes treffen sich alle 4 bis 6 Wochen in Telefonkonferenzen zur Planung und zum Austausch. Im Februar 2022 habe es mit der Neubelebung des \u201eM\u00e4nner-Forums\u201c, einer Nachfolge-Veranstaltung der Marienberg-Tagung einen Neuanfang der Zusammenarbeit aller Sch\u00f6nstatt-M\u00e4nner-Laien-Gemeinschaften gegeben. Rund 40 M\u00e4nner aus den Reihen der M\u00e4nnerliga, des M\u00e4nnerbundes, der Sch\u00f6nstatt Mannesjugend und der Marienbr\u00fcder haben an der hybriden Veranstaltung teilgenommen, die sich mit Geschichte und Sendung des Marienbergs befasst hat und eine gro\u00dfe Lebendigkeit entwickelt habe. F\u00fcr die Festveranstaltung im Oktober zu 110 Jahre Vorgr\u00fcndungsurkunde, 10 Jahre S\u00e4ulenplatz auf dem Marienberg und 10 Jahre Kr\u00f6nung im Tabor-Heiligtum zeichnet sich eine Vorbereitung durch das M\u00e4nner-Forum ab.<\/p>\n<h3>Katholikentag in Stuttgart<\/h3>\n<figure id=\"attachment_24335\" aria-describedby=\"caption-attachment-24335\" style=\"width: 360px\" class=\"wp-caption aligncenter\"><img loading=\"lazy\" decoding=\"async\" class=\"wp-image-24335 size-full\" src=\"https:\/\/schoenstatt.com\/wp-content\/uploads\/2022\/04\/Pharrer-Franz-Xaver-Weber-1.png\" alt=\"Delegiertentagung\" width=\"360\" height=\"172\" \/><figcaption id=\"caption-attachment-24335\" class=\"wp-caption-text\">Pfarrer Franz Xaver Weber, Di\u00f6zesanleiter der Sch\u00f6nstatt-Bewegung im Bistum Rottenburg-Stuttgart (Foto: Brehm)<\/figcaption><\/figure>\n<p>Zum Abschluss gab es von Pfarrer Franz Xaver Weber, Di\u00f6zesanleiter der Sch\u00f6nstatt-Bewegung im Bistum Rottenburg-Stuttgart und Schwester M. Vernita Wei\u00df, Mitglied im Katholikentagsteam der Sch\u00f6nstatt-Bewegung Deutschland Informationen zum Engagement der Bewegung beim bevorstehenden Katholikentag in Stuttgart. Pfarrer Weber lud die Delegierten nicht nur w\u00e4rmstens zum Besuch des Infozeltes der Sch\u00f6nstatt-Bewegung auf dem Katholikentag ein, sondern auch \u2013 ganz schw\u00e4bisch \u2013 mit einer Anmeldung bis zum 31. M\u00e4rz 2022 sich noch den Fr\u00fchbucherrabatt zu sichern. Schwester Vernita machte auf den Flyer der Bewegung zum Katholikentag aufmerksam, auf dem alle von Mitgliedern der Bewegung mitverantworteten Veranstaltungen zu finden sind.<\/p>\n<p>Mehr zum Thema im Artikel:<a href=\"https:\/\/www.katholikentag.de\/programmmenue\"> Programm des Katholikentages<\/a> ist online einsehbar<\/p>\n<p>Mit einem Dank an alle, die sich w\u00e4hrend der Delegiertentagung engagiert hatten und einem Abschlussgottesdienst in der Anbetungskirche ging die Delegiertentagung 2022 zu Ende.<\/p>\n<figure id=\"attachment_24339\" aria-describedby=\"caption-attachment-24339\" style=\"width: 623px\" class=\"wp-caption aligncenter\"><img loading=\"lazy\" decoding=\"async\" class=\"wp-image-24339 size-full\" src=\"https:\/\/schoenstatt.com\/wp-content\/uploads\/2022\/04\/Schlussgottesdienst-1.png\" alt=\"Delegiertentagung\" width=\"623\" height=\"305\" \/><figcaption id=\"caption-attachment-24339\" class=\"wp-caption-text\">Schlussgottesdienst in der Anbetungskirche auf Berg Sch\u00f6nstatt, Vallendar (Foto: Brehm)<\/figcaption><\/figure>\n","protected":false},"excerpt":{"rendered":"<p>Die Delegierten der Sch\u00f6nstatt-Bewegung in Deutschland trafen sich zu einer Jahrestagung, um die p\u00e4dagogischen Leitlinien f\u00fcr das Jahr von Oktober 2022 bis Oktober 2023 festzulegen. Sie legten den zentralen Wert f\u00fcr dieses Jahr fest.<\/p>\n","protected":false},"author":1,"featured_media":24318,"comment_status":"closed","ping_status":"closed","sticky":false,"template":"","format":"standard","meta":{"footnotes":""},"categories":[907],"tags":[],"class_list":["post-52145","post","type-post","status-publish","format-standard","has-post-thumbnail","hentry","category-schoenstatt-gemeinschaften-de"],"yoast_head":"<!-- This site is optimized with the Yoast SEO Premium plugin v27.4 (Yoast SEO v27.4) - https:\/\/yoast.com\/product\/yoast-seo-premium-wordpress\/ -->\n<title>Der zentrale Wert f\u00fcr die Sch\u00f6nstatt-Bewegung im Jahr 2023: \u201emiteinander Gott h\u00f6ren\u201c - Schoenstatt<\/title>\n<meta name=\"description\" content=\"Die Delegierten der Sch\u00f6nstatt-Bewegung in Deutschland trafen sich zu einer Jahrestagung, Sie legten den zentralen Wert f\u00fcr dieses Jahr fest.\" \/>\n<meta name=\"robots\" content=\"index, follow, max-snippet:-1, max-image-preview:large, max-video-preview:-1\" \/>\n<link rel=\"canonical\" href=\"https:\/\/schoenstatt.com\/de\/der-zentrale-wert-fuer-die-schoenstatt-bewegung-im-jahr-2023-miteinander-gott-hoeren\/\" \/>\n<meta property=\"og:locale\" content=\"de_DE\" \/>\n<meta property=\"og:type\" content=\"article\" \/>\n<meta property=\"og:title\" content=\"Der zentrale Wert f\u00fcr die Sch\u00f6nstatt-Bewegung im Jahr 2023: \u201emiteinander Gott h\u00f6ren\u201c\" \/>\n<meta property=\"og:description\" content=\"Die Delegierten der Sch\u00f6nstatt-Bewegung in Deutschland trafen sich zu einer Jahrestagung, Sie legten den zentralen Wert f\u00fcr dieses Jahr fest.\" \/>\n<meta property=\"og:url\" content=\"https:\/\/schoenstatt.com\/de\/der-zentrale-wert-fuer-die-schoenstatt-bewegung-im-jahr-2023-miteinander-gott-hoeren\/\" \/>\n<meta property=\"og:site_name\" content=\"Schoenstatt\" \/>\n<meta property=\"article:published_time\" content=\"2022-04-13T16:43:19+00:00\" \/>\n<meta property=\"article:modified_time\" content=\"2025-05-15T18:23:59+00:00\" \/>\n<meta property=\"og:image\" content=\"https:\/\/schoenstatt.com\/wp-content\/uploads\/2022\/04\/Delegiertentagung-1.png\" \/>\n\t<meta property=\"og:image:width\" content=\"622\" \/>\n\t<meta property=\"og:image:height\" content=\"309\" \/>\n\t<meta property=\"og:image:type\" content=\"image\/png\" \/>\n<meta name=\"author\" content=\"admin\" \/>\n<meta name=\"twitter:card\" content=\"summary_large_image\" \/>\n<meta name=\"twitter:label1\" content=\"Verfasst von\" \/>\n\t<meta name=\"twitter:data1\" content=\"admin\" \/>\n\t<meta name=\"twitter:label2\" content=\"Gesch\u00e4tzte Lesezeit\" \/>\n\t<meta name=\"twitter:data2\" content=\"5\u00a0Minuten\" \/>\n<script type=\"application\/ld+json\" class=\"yoast-schema-graph\">{\"@context\":\"https:\\\/\\\/schema.org\",\"@graph\":[{\"@type\":\"Article\",\"@id\":\"https:\\\/\\\/schoenstatt.com\\\/de\\\/der-zentrale-wert-fuer-die-schoenstatt-bewegung-im-jahr-2023-miteinander-gott-hoeren\\\/#article\",\"isPartOf\":{\"@id\":\"https:\\\/\\\/schoenstatt.com\\\/de\\\/der-zentrale-wert-fuer-die-schoenstatt-bewegung-im-jahr-2023-miteinander-gott-hoeren\\\/\"},\"author\":{\"name\":\"admin\",\"@id\":\"https:\\\/\\\/schoenstatt.com\\\/de\\\/#\\\/schema\\\/person\\\/489465b1850e7b216fe2c10dfc262551\"},\"headline\":\"Der zentrale Wert f\u00fcr die Sch\u00f6nstatt-Bewegung im Jahr 2023: \u201emiteinander Gott h\u00f6ren\u201c\",\"datePublished\":\"2022-04-13T16:43:19+00:00\",\"dateModified\":\"2025-05-15T18:23:59+00:00\",\"mainEntityOfPage\":{\"@id\":\"https:\\\/\\\/schoenstatt.com\\\/de\\\/der-zentrale-wert-fuer-die-schoenstatt-bewegung-im-jahr-2023-miteinander-gott-hoeren\\\/\"},\"wordCount\":910,\"publisher\":{\"@id\":\"https:\\\/\\\/schoenstatt.com\\\/de\\\/#organization\"},\"image\":{\"@id\":\"https:\\\/\\\/schoenstatt.com\\\/de\\\/der-zentrale-wert-fuer-die-schoenstatt-bewegung-im-jahr-2023-miteinander-gott-hoeren\\\/#primaryimage\"},\"thumbnailUrl\":\"https:\\\/\\\/schoenstatt.com\\\/wp-content\\\/uploads\\\/2022\\\/04\\\/Delegiertentagung-1.png\",\"articleSection\":[\"Schoenstatt Gemeinschaften\"],\"inLanguage\":\"de\"},{\"@type\":\"WebPage\",\"@id\":\"https:\\\/\\\/schoenstatt.com\\\/de\\\/der-zentrale-wert-fuer-die-schoenstatt-bewegung-im-jahr-2023-miteinander-gott-hoeren\\\/\",\"url\":\"https:\\\/\\\/schoenstatt.com\\\/de\\\/der-zentrale-wert-fuer-die-schoenstatt-bewegung-im-jahr-2023-miteinander-gott-hoeren\\\/\",\"name\":\"Der zentrale Wert f\u00fcr die Sch\u00f6nstatt-Bewegung im Jahr 2023: \u201emiteinander Gott h\u00f6ren\u201c - Schoenstatt\",\"isPartOf\":{\"@id\":\"https:\\\/\\\/schoenstatt.com\\\/de\\\/#website\"},\"primaryImageOfPage\":{\"@id\":\"https:\\\/\\\/schoenstatt.com\\\/de\\\/der-zentrale-wert-fuer-die-schoenstatt-bewegung-im-jahr-2023-miteinander-gott-hoeren\\\/#primaryimage\"},\"image\":{\"@id\":\"https:\\\/\\\/schoenstatt.com\\\/de\\\/der-zentrale-wert-fuer-die-schoenstatt-bewegung-im-jahr-2023-miteinander-gott-hoeren\\\/#primaryimage\"},\"thumbnailUrl\":\"https:\\\/\\\/schoenstatt.com\\\/wp-content\\\/uploads\\\/2022\\\/04\\\/Delegiertentagung-1.png\",\"datePublished\":\"2022-04-13T16:43:19+00:00\",\"dateModified\":\"2025-05-15T18:23:59+00:00\",\"description\":\"Die Delegierten der Sch\u00f6nstatt-Bewegung in Deutschland trafen sich zu einer Jahrestagung, Sie legten den zentralen Wert f\u00fcr dieses Jahr fest.\",\"breadcrumb\":{\"@id\":\"https:\\\/\\\/schoenstatt.com\\\/de\\\/der-zentrale-wert-fuer-die-schoenstatt-bewegung-im-jahr-2023-miteinander-gott-hoeren\\\/#breadcrumb\"},\"inLanguage\":\"de\",\"potentialAction\":[{\"@type\":\"ReadAction\",\"target\":[\"https:\\\/\\\/schoenstatt.com\\\/de\\\/der-zentrale-wert-fuer-die-schoenstatt-bewegung-im-jahr-2023-miteinander-gott-hoeren\\\/\"]}]},{\"@type\":\"ImageObject\",\"inLanguage\":\"de\",\"@id\":\"https:\\\/\\\/schoenstatt.com\\\/de\\\/der-zentrale-wert-fuer-die-schoenstatt-bewegung-im-jahr-2023-miteinander-gott-hoeren\\\/#primaryimage\",\"url\":\"https:\\\/\\\/schoenstatt.com\\\/wp-content\\\/uploads\\\/2022\\\/04\\\/Delegiertentagung-1.png\",\"contentUrl\":\"https:\\\/\\\/schoenstatt.com\\\/wp-content\\\/uploads\\\/2022\\\/04\\\/Delegiertentagung-1.png\",\"width\":622,\"height\":309,\"caption\":\"Delegados\"},{\"@type\":\"BreadcrumbList\",\"@id\":\"https:\\\/\\\/schoenstatt.com\\\/de\\\/der-zentrale-wert-fuer-die-schoenstatt-bewegung-im-jahr-2023-miteinander-gott-hoeren\\\/#breadcrumb\",\"itemListElement\":[{\"@type\":\"ListItem\",\"position\":1,\"name\":\"Portada\",\"item\":\"https:\\\/\\\/schoenstatt.com\\\/de\\\/home\\\/\"},{\"@type\":\"ListItem\",\"position\":2,\"name\":\"Der zentrale Wert f\u00fcr die Sch\u00f6nstatt-Bewegung im Jahr 2023: \u201emiteinander Gott h\u00f6ren\u201c\"}]},{\"@type\":\"WebSite\",\"@id\":\"https:\\\/\\\/schoenstatt.com\\\/de\\\/#website\",\"url\":\"https:\\\/\\\/schoenstatt.com\\\/de\\\/\",\"name\":\"Schoenstatt\",\"description\":\"Apostolic Movement\",\"publisher\":{\"@id\":\"https:\\\/\\\/schoenstatt.com\\\/de\\\/#organization\"},\"potentialAction\":[{\"@type\":\"SearchAction\",\"target\":{\"@type\":\"EntryPoint\",\"urlTemplate\":\"https:\\\/\\\/schoenstatt.com\\\/de\\\/?s={search_term_string}\"},\"query-input\":{\"@type\":\"PropertyValueSpecification\",\"valueRequired\":true,\"valueName\":\"search_term_string\"}}],\"inLanguage\":\"de\"},{\"@type\":\"Organization\",\"@id\":\"https:\\\/\\\/schoenstatt.com\\\/de\\\/#organization\",\"name\":\"Schoenstatt\",\"url\":\"https:\\\/\\\/schoenstatt.com\\\/de\\\/\",\"logo\":{\"@type\":\"ImageObject\",\"inLanguage\":\"de\",\"@id\":\"https:\\\/\\\/schoenstatt.com\\\/de\\\/#\\\/schema\\\/logo\\\/image\\\/\",\"url\":\"https:\\\/\\\/schoenstatt.com\\\/wp-content\\\/uploads\\\/2025\\\/04\\\/logo-schoenstatt-white-696x696-1.png\",\"contentUrl\":\"https:\\\/\\\/schoenstatt.com\\\/wp-content\\\/uploads\\\/2025\\\/04\\\/logo-schoenstatt-white-696x696-1.png\",\"width\":696,\"height\":694,\"caption\":\"Schoenstatt\"},\"image\":{\"@id\":\"https:\\\/\\\/schoenstatt.com\\\/de\\\/#\\\/schema\\\/logo\\\/image\\\/\"}},{\"@type\":\"Person\",\"@id\":\"https:\\\/\\\/schoenstatt.com\\\/de\\\/#\\\/schema\\\/person\\\/489465b1850e7b216fe2c10dfc262551\",\"name\":\"admin\",\"image\":{\"@type\":\"ImageObject\",\"inLanguage\":\"de\",\"@id\":\"https:\\\/\\\/secure.gravatar.com\\\/avatar\\\/02e8345e1ec40ab0e0a2a98fdde64a684bbaf994cddcb778b25b8b024ee9dfe6?s=96&d=mm&r=g\",\"url\":\"https:\\\/\\\/secure.gravatar.com\\\/avatar\\\/02e8345e1ec40ab0e0a2a98fdde64a684bbaf994cddcb778b25b8b024ee9dfe6?s=96&d=mm&r=g\",\"contentUrl\":\"https:\\\/\\\/secure.gravatar.com\\\/avatar\\\/02e8345e1ec40ab0e0a2a98fdde64a684bbaf994cddcb778b25b8b024ee9dfe6?s=96&d=mm&r=g\",\"caption\":\"admin\"},\"sameAs\":[\"https:\\\/\\\/schoenstatt.com\"],\"url\":\"https:\\\/\\\/schoenstatt.com\\\/de\\\/author\\\/admin\\\/\"}]}<\/script>\n<!-- \/ Yoast SEO Premium plugin. -->","yoast_head_json":{"title":"Der zentrale Wert f\u00fcr die Sch\u00f6nstatt-Bewegung im Jahr 2023: \u201emiteinander Gott h\u00f6ren\u201c - Schoenstatt","description":"Die Delegierten der Sch\u00f6nstatt-Bewegung in Deutschland trafen sich zu einer Jahrestagung, Sie legten den zentralen Wert f\u00fcr dieses Jahr fest.","robots":{"index":"index","follow":"follow","max-snippet":"max-snippet:-1","max-image-preview":"max-image-preview:large","max-video-preview":"max-video-preview:-1"},"canonical":"https:\/\/schoenstatt.com\/de\/der-zentrale-wert-fuer-die-schoenstatt-bewegung-im-jahr-2023-miteinander-gott-hoeren\/","og_locale":"de_DE","og_type":"article","og_title":"Der zentrale Wert f\u00fcr die Sch\u00f6nstatt-Bewegung im Jahr 2023: \u201emiteinander Gott h\u00f6ren\u201c","og_description":"Die Delegierten der Sch\u00f6nstatt-Bewegung in Deutschland trafen sich zu einer Jahrestagung, Sie legten den zentralen Wert f\u00fcr dieses Jahr fest.","og_url":"https:\/\/schoenstatt.com\/de\/der-zentrale-wert-fuer-die-schoenstatt-bewegung-im-jahr-2023-miteinander-gott-hoeren\/","og_site_name":"Schoenstatt","article_published_time":"2022-04-13T16:43:19+00:00","article_modified_time":"2025-05-15T18:23:59+00:00","og_image":[{"width":622,"height":309,"url":"https:\/\/schoenstatt.com\/wp-content\/uploads\/2022\/04\/Delegiertentagung-1.png","type":"image\/png"}],"author":"admin","twitter_card":"summary_large_image","twitter_misc":{"Verfasst von":"admin","Gesch\u00e4tzte Lesezeit":"5\u00a0Minuten"},"schema":{"@context":"https:\/\/schema.org","@graph":[{"@type":"Article","@id":"https:\/\/schoenstatt.com\/de\/der-zentrale-wert-fuer-die-schoenstatt-bewegung-im-jahr-2023-miteinander-gott-hoeren\/#article","isPartOf":{"@id":"https:\/\/schoenstatt.com\/de\/der-zentrale-wert-fuer-die-schoenstatt-bewegung-im-jahr-2023-miteinander-gott-hoeren\/"},"author":{"name":"admin","@id":"https:\/\/schoenstatt.com\/de\/#\/schema\/person\/489465b1850e7b216fe2c10dfc262551"},"headline":"Der zentrale Wert f\u00fcr die Sch\u00f6nstatt-Bewegung im Jahr 2023: \u201emiteinander Gott h\u00f6ren\u201c","datePublished":"2022-04-13T16:43:19+00:00","dateModified":"2025-05-15T18:23:59+00:00","mainEntityOfPage":{"@id":"https:\/\/schoenstatt.com\/de\/der-zentrale-wert-fuer-die-schoenstatt-bewegung-im-jahr-2023-miteinander-gott-hoeren\/"},"wordCount":910,"publisher":{"@id":"https:\/\/schoenstatt.com\/de\/#organization"},"image":{"@id":"https:\/\/schoenstatt.com\/de\/der-zentrale-wert-fuer-die-schoenstatt-bewegung-im-jahr-2023-miteinander-gott-hoeren\/#primaryimage"},"thumbnailUrl":"https:\/\/schoenstatt.com\/wp-content\/uploads\/2022\/04\/Delegiertentagung-1.png","articleSection":["Schoenstatt Gemeinschaften"],"inLanguage":"de"},{"@type":"WebPage","@id":"https:\/\/schoenstatt.com\/de\/der-zentrale-wert-fuer-die-schoenstatt-bewegung-im-jahr-2023-miteinander-gott-hoeren\/","url":"https:\/\/schoenstatt.com\/de\/der-zentrale-wert-fuer-die-schoenstatt-bewegung-im-jahr-2023-miteinander-gott-hoeren\/","name":"Der zentrale Wert f\u00fcr die Sch\u00f6nstatt-Bewegung im Jahr 2023: \u201emiteinander Gott h\u00f6ren\u201c - Schoenstatt","isPartOf":{"@id":"https:\/\/schoenstatt.com\/de\/#website"},"primaryImageOfPage":{"@id":"https:\/\/schoenstatt.com\/de\/der-zentrale-wert-fuer-die-schoenstatt-bewegung-im-jahr-2023-miteinander-gott-hoeren\/#primaryimage"},"image":{"@id":"https:\/\/schoenstatt.com\/de\/der-zentrale-wert-fuer-die-schoenstatt-bewegung-im-jahr-2023-miteinander-gott-hoeren\/#primaryimage"},"thumbnailUrl":"https:\/\/schoenstatt.com\/wp-content\/uploads\/2022\/04\/Delegiertentagung-1.png","datePublished":"2022-04-13T16:43:19+00:00","dateModified":"2025-05-15T18:23:59+00:00","description":"Die Delegierten der Sch\u00f6nstatt-Bewegung in Deutschland trafen sich zu einer Jahrestagung, Sie legten den zentralen Wert f\u00fcr dieses Jahr fest.","breadcrumb":{"@id":"https:\/\/schoenstatt.com\/de\/der-zentrale-wert-fuer-die-schoenstatt-bewegung-im-jahr-2023-miteinander-gott-hoeren\/#breadcrumb"},"inLanguage":"de","potentialAction":[{"@type":"ReadAction","target":["https:\/\/schoenstatt.com\/de\/der-zentrale-wert-fuer-die-schoenstatt-bewegung-im-jahr-2023-miteinander-gott-hoeren\/"]}]},{"@type":"ImageObject","inLanguage":"de","@id":"https:\/\/schoenstatt.com\/de\/der-zentrale-wert-fuer-die-schoenstatt-bewegung-im-jahr-2023-miteinander-gott-hoeren\/#primaryimage","url":"https:\/\/schoenstatt.com\/wp-content\/uploads\/2022\/04\/Delegiertentagung-1.png","contentUrl":"https:\/\/schoenstatt.com\/wp-content\/uploads\/2022\/04\/Delegiertentagung-1.png","width":622,"height":309,"caption":"Delegados"},{"@type":"BreadcrumbList","@id":"https:\/\/schoenstatt.com\/de\/der-zentrale-wert-fuer-die-schoenstatt-bewegung-im-jahr-2023-miteinander-gott-hoeren\/#breadcrumb","itemListElement":[{"@type":"ListItem","position":1,"name":"Portada","item":"https:\/\/schoenstatt.com\/de\/home\/"},{"@type":"ListItem","position":2,"name":"Der zentrale Wert f\u00fcr die Sch\u00f6nstatt-Bewegung im Jahr 2023: \u201emiteinander Gott h\u00f6ren\u201c"}]},{"@type":"WebSite","@id":"https:\/\/schoenstatt.com\/de\/#website","url":"https:\/\/schoenstatt.com\/de\/","name":"Schoenstatt","description":"Apostolic Movement","publisher":{"@id":"https:\/\/schoenstatt.com\/de\/#organization"},"potentialAction":[{"@type":"SearchAction","target":{"@type":"EntryPoint","urlTemplate":"https:\/\/schoenstatt.com\/de\/?s={search_term_string}"},"query-input":{"@type":"PropertyValueSpecification","valueRequired":true,"valueName":"search_term_string"}}],"inLanguage":"de"},{"@type":"Organization","@id":"https:\/\/schoenstatt.com\/de\/#organization","name":"Schoenstatt","url":"https:\/\/schoenstatt.com\/de\/","logo":{"@type":"ImageObject","inLanguage":"de","@id":"https:\/\/schoenstatt.com\/de\/#\/schema\/logo\/image\/","url":"https:\/\/schoenstatt.com\/wp-content\/uploads\/2025\/04\/logo-schoenstatt-white-696x696-1.png","contentUrl":"https:\/\/schoenstatt.com\/wp-content\/uploads\/2025\/04\/logo-schoenstatt-white-696x696-1.png","width":696,"height":694,"caption":"Schoenstatt"},"image":{"@id":"https:\/\/schoenstatt.com\/de\/#\/schema\/logo\/image\/"}},{"@type":"Person","@id":"https:\/\/schoenstatt.com\/de\/#\/schema\/person\/489465b1850e7b216fe2c10dfc262551","name":"admin","image":{"@type":"ImageObject","inLanguage":"de","@id":"https:\/\/secure.gravatar.com\/avatar\/02e8345e1ec40ab0e0a2a98fdde64a684bbaf994cddcb778b25b8b024ee9dfe6?s=96&d=mm&r=g","url":"https:\/\/secure.gravatar.com\/avatar\/02e8345e1ec40ab0e0a2a98fdde64a684bbaf994cddcb778b25b8b024ee9dfe6?s=96&d=mm&r=g","contentUrl":"https:\/\/secure.gravatar.com\/avatar\/02e8345e1ec40ab0e0a2a98fdde64a684bbaf994cddcb778b25b8b024ee9dfe6?s=96&d=mm&r=g","caption":"admin"},"sameAs":["https:\/\/schoenstatt.com"],"url":"https:\/\/schoenstatt.com\/de\/author\/admin\/"}]}},"_links":{"self":[{"href":"https:\/\/schoenstatt.com\/de\/wp-json\/wp\/v2\/posts\/52145","targetHints":{"allow":["GET"]}}],"collection":[{"href":"https:\/\/schoenstatt.com\/de\/wp-json\/wp\/v2\/posts"}],"about":[{"href":"https:\/\/schoenstatt.com\/de\/wp-json\/wp\/v2\/types\/post"}],"author":[{"embeddable":true,"href":"https:\/\/schoenstatt.com\/de\/wp-json\/wp\/v2\/users\/1"}],"replies":[{"embeddable":true,"href":"https:\/\/schoenstatt.com\/de\/wp-json\/wp\/v2\/comments?post=52145"}],"version-history":[{"count":1,"href":"https:\/\/schoenstatt.com\/de\/wp-json\/wp\/v2\/posts\/52145\/revisions"}],"predecessor-version":[{"id":52214,"href":"https:\/\/schoenstatt.com\/de\/wp-json\/wp\/v2\/posts\/52145\/revisions\/52214"}],"wp:featuredmedia":[{"embeddable":true,"href":"https:\/\/schoenstatt.com\/de\/wp-json\/wp\/v2\/media\/24318"}],"wp:attachment":[{"href":"https:\/\/schoenstatt.com\/de\/wp-json\/wp\/v2\/media?parent=52145"}],"wp:term":[{"taxonomy":"category","embeddable":true,"href":"https:\/\/schoenstatt.com\/de\/wp-json\/wp\/v2\/categories?post=52145"},{"taxonomy":"post_tag","embeddable":true,"href":"https:\/\/schoenstatt.com\/de\/wp-json\/wp\/v2\/tags?post=52145"}],"curies":[{"name":"wp","href":"https:\/\/api.w.org\/{rel}","templated":true}]}}