{"id":51748,"date":"2022-06-02T17:36:26","date_gmt":"2022-06-02T15:36:26","guid":{"rendered":"https:\/\/schoenstattdev.wpenginepowered.com\/?p=25083"},"modified":"2025-05-15T22:41:01","modified_gmt":"2025-05-15T20:41:01","slug":"pfingstkongress-unsere-zeit-ist-gekommen","status":"publish","type":"post","link":"https:\/\/schoenstatt.com\/de\/pfingstkongress-unsere-zeit-ist-gekommen\/","title":{"rendered":"Pfingstkongress: Unsere Zeit ist gekommen!"},"content":{"rendered":"<p>Wenn man den Grund f\u00fcr den Erfolg einer Initiative analysiert, kommt man immer zu dem Schluss, dass er das Ergebnis des richtigen Handelns zum richtigen Zeitpunkt ist. Es ist die richtige Zusammenarbeit mit Gottes Plan.<\/p>\n<p>Aber wie kann man diesen Moment erkennen, wenn alles ungewiss ist? Leonardo Santos, ein Analyst f\u00fcr Finanzinvestitionen, sagt, dass es f\u00fcr den sicheren Erwerb von Verm\u00f6genswerten an der B\u00f6rse notwendig ist, den Linien des Diagramms zu folgen und sie zu verstehen: \u201eWer den Mut hat, nur dann zu investieren, wenn die Linie auf ihrem H\u00f6hepunkt ist, wird mit Sicherheit Verluste erleiden, denn das Auf und Ab geh\u00f6rt zum Prozess\u201c.<\/p>\n<h3>Dies ist die beste Zeit f\u00fcr den Pfingstkongress<\/h3>\n<p>Gott steuert den Geschichtsverlauf und unsere Mutter ist immer die Siegerin! Das Wachstum der Geschichte geht auf eine Pandemie zur\u00fcck, die die Linie des Diagramms gesenkt hat und von der wir glauben, dass sie die Kurve wieder in den normalen Bereich bringt und zu steigen beginnt.<\/p>\n<p>Der Krieg in der Ukraine zeigt, dass das B\u00f6se fortbesteht und dass die Manipulation von Informationen eine m\u00e4chtige Waffe ist. Die Verantwortlichen werden aufgefordert, \u201eein politisches Programm im christlichen Sinne&#8220; zu machen, wie Papst Franziskus es fordert, und es mit \u201eder h\u00f6chsten Form der N\u00e4chstenliebe&#8220; zu verwirklichen.<\/p>\n<p>Die anthropologischen Krisen, die immer wieder auftauchen und verschwinden, bieten uns die M\u00f6glichkeit, vielen Menschen Gr\u00fcnde f\u00fcr ihren Glauben zu geben. Die k\u00fcnstliche Intelligenz zeigt uns, dass die Maschinen alles Mechanische und Programmierbare ersetzen werden, indem sie all diejenigen zur\u00fccklassen, die sich wie Maschinen verhalten, und nur diejenigen hervorheben, die danach streben, unser Menschsein zu optimieren, indem sie die Bindungen st\u00e4rken und die Zuneigung reifen lassen, d. h. diejenigen, die dem Leben und den Dingen einen Sinn geben.<\/p>\n<p>Infolge der Anschuldigungen gegen unseren Gr\u00fcnder, Pater Josef Kentenich, haben wir von der Di\u00f6zese Trier das Vertrauen erhalten, dass wir in der Lage sind, eigenst\u00e4ndig zu ermitteln und die Wahrheit der Fakten darzustellen. Eine spektakul\u00e4re Gelegenheit, seine Ausstrahlung in einigen wissenschaftlichen Bereichen zu vertiefen und zu untermauern.<\/p>\n<h3>Der Geist Gottes ist in der Wirklichkeit pr\u00e4sent und aktiv.<\/h3>\n<p>Wir m\u00fcssen uns noch mehr bewegen und zusammenarbeiten, damit die g\u00f6ttliche Kraft, die in dem Charisma wirkt, zu dessen Verwirklichung wir berufen sind, im Zeitverlauf die Linie des Empfangs und der Antwort der Menschheit auf die Liebe Gottes anhebt: Unsere Aufgabe ist es, durch B\u00fcndniskultur zum Aufbau einer neuen Gesellschaft beizutragen.<\/p>\n<p>Jeder Teilnehmer des Pfingstkongresses wurde als Vertreter des Sch\u00f6nstattlebens in seinem Land ausgew\u00e4hlt, wir haben uns versammelt, um zu addieren und zu multiplizieren, und lassen dabei beiseite, was auf der Karte fehlt, die wahre Bedeutung des Familienseins. Unsere SEO (Search Engine Optimization): Im Liebesb\u00fcndnis mit der Gottesmutter, verwurzelt im Charisma unseres Gr\u00fcnders, unsere Hand am Puls der Zeit und unser Ohr am Herzen Gottes zu haben.<\/p>\n<p>Interne Verbindungen, Offenheit f\u00fcr Aufnahme und Dialog, Einheit mit Papst Franziskus und der ganzen Kirche sowie externe Verbindungen zur Verwirklichung unserer globalen Mission f\u00f6rdern Harmonie und Dynamik.<\/p>\n<h3>Pfingsten: Nichts war mehr wie zuvor<\/h3>\n<p>Von da an nahm die Linie des Christentums in der Geschichte eine erstaunliche Wendung, es war fast unm\u00f6glich, einen Apostel vom anderen zu unterscheiden, sie lebten in einem Herzen, weil sie alle von der Liebe zu Jesus, dem lebendigen, gegenw\u00e4rtigen und aktiven Gott, entflammt waren. Die Bedeutung, die dies ihrem Leben gab, schlug sich \u00fcberall in der begeisterten Verk\u00fcndigung Jesu nieder. Ziel: die Menschheit als Kinder des Vaters in Christus zu einer einzigen Familie zu sammeln.<\/p>\n<p>Wie sie bereiten auch wir den<a href=\"https:\/\/schoenstattdev.wpenginepowered.com\/de\/spiritualitat\/pfingstkongress-2022-von-gottes-geist-bewegt\/\"> Kongress<\/a> vor, indem wir uns mit Maria im Gebet versammeln. Deshalb \u201ekann und sollte ein gro\u00dfer Akt der Dankbarkeit uns innerlich erf\u00fcllen. Bei allem, was wir bisher unternommen haben, ist sozusagen der Heilige Geist am Werk gewesen. Daraus ergibt sich die folgende Schlussfolgerung: Wir k\u00f6nnen auch erwarten, dass derselbe Geist uns weiterhin leitet.\u201c<\/p>\n","protected":false},"excerpt":{"rendered":"<p>Der Pfingstkongress findet zum richtigen Zeitpunkt statt.<\/p>\n","protected":false},"author":1,"featured_media":25071,"comment_status":"closed","ping_status":"closed","sticky":false,"template":"","format":"standard","meta":{"footnotes":""},"categories":[914,660],"tags":[],"class_list":["post-51748","post","type-post","status-publish","format-standard","has-post-thumbnail","hentry","category-spiritualitat-de","category-veranstaltungen-de"],"yoast_head":"<!-- This site is optimized with the Yoast SEO Premium plugin v27.4 (Yoast SEO v27.5) - https:\/\/yoast.com\/product\/yoast-seo-premium-wordpress\/ -->\n<title>Pfingstkongress: Unsere Zeit ist gekommen! - Schoenstatt<\/title>\n<meta name=\"description\" content=\"Wenn man den Grund f\u00fcr einen Erfolg analysiert, kommt man immer zu dem Schluss, dass er das Ergebnis der richtigen Handlung zur richtigen Zeit ist.\" \/>\n<meta name=\"robots\" content=\"index, follow, max-snippet:-1, max-image-preview:large, max-video-preview:-1\" \/>\n<link rel=\"canonical\" href=\"https:\/\/schoenstatt.com\/de\/pfingstkongress-unsere-zeit-ist-gekommen\/\" \/>\n<meta property=\"og:locale\" content=\"de_DE\" \/>\n<meta property=\"og:type\" content=\"article\" \/>\n<meta property=\"og:title\" content=\"Pfingstkongress: Unsere Zeit ist gekommen!\" \/>\n<meta property=\"og:description\" content=\"Wenn man den Grund f\u00fcr einen Erfolg analysiert, kommt man immer zu dem Schluss, dass er das Ergebnis der richtigen Handlung zur richtigen Zeit ist.\" \/>\n<meta property=\"og:url\" content=\"https:\/\/schoenstatt.com\/de\/pfingstkongress-unsere-zeit-ist-gekommen\/\" \/>\n<meta property=\"og:site_name\" content=\"Schoenstatt\" \/>\n<meta property=\"article:published_time\" content=\"2022-06-02T15:36:26+00:00\" \/>\n<meta property=\"article:modified_time\" content=\"2025-05-15T20:41:01+00:00\" \/>\n<meta property=\"og:image\" content=\"https:\/\/schoenstatt.com\/wp-content\/uploads\/2022\/06\/pentecostes-1.jpg\" \/>\n\t<meta property=\"og:image:width\" content=\"960\" \/>\n\t<meta property=\"og:image:height\" content=\"638\" \/>\n\t<meta property=\"og:image:type\" content=\"image\/jpeg\" \/>\n<meta name=\"author\" content=\"admin\" \/>\n<meta name=\"twitter:card\" content=\"summary_large_image\" \/>\n<meta name=\"twitter:label1\" content=\"Verfasst von\" \/>\n\t<meta name=\"twitter:data1\" content=\"admin\" \/>\n\t<meta name=\"twitter:label2\" content=\"Gesch\u00e4tzte Lesezeit\" \/>\n\t<meta name=\"twitter:data2\" content=\"3\u00a0Minuten\" \/>\n<script type=\"application\/ld+json\" class=\"yoast-schema-graph\">{\"@context\":\"https:\\\/\\\/schema.org\",\"@graph\":[{\"@type\":\"Article\",\"@id\":\"https:\\\/\\\/schoenstatt.com\\\/de\\\/pfingstkongress-unsere-zeit-ist-gekommen\\\/#article\",\"isPartOf\":{\"@id\":\"https:\\\/\\\/schoenstatt.com\\\/de\\\/pfingstkongress-unsere-zeit-ist-gekommen\\\/\"},\"author\":{\"name\":\"admin\",\"@id\":\"https:\\\/\\\/schoenstatt.com\\\/de\\\/#\\\/schema\\\/person\\\/489465b1850e7b216fe2c10dfc262551\"},\"headline\":\"Pfingstkongress: Unsere Zeit ist gekommen!\",\"datePublished\":\"2022-06-02T15:36:26+00:00\",\"dateModified\":\"2025-05-15T20:41:01+00:00\",\"mainEntityOfPage\":{\"@id\":\"https:\\\/\\\/schoenstatt.com\\\/de\\\/pfingstkongress-unsere-zeit-ist-gekommen\\\/\"},\"wordCount\":669,\"publisher\":{\"@id\":\"https:\\\/\\\/schoenstatt.com\\\/de\\\/#organization\"},\"image\":{\"@id\":\"https:\\\/\\\/schoenstatt.com\\\/de\\\/pfingstkongress-unsere-zeit-ist-gekommen\\\/#primaryimage\"},\"thumbnailUrl\":\"https:\\\/\\\/schoenstatt.com\\\/wp-content\\\/uploads\\\/2022\\\/06\\\/pentecostes-1.jpg\",\"articleSection\":[\"Spiritualit\u00e4t\",\"Veranstaltungen\"],\"inLanguage\":\"de\"},{\"@type\":\"WebPage\",\"@id\":\"https:\\\/\\\/schoenstatt.com\\\/de\\\/pfingstkongress-unsere-zeit-ist-gekommen\\\/\",\"url\":\"https:\\\/\\\/schoenstatt.com\\\/de\\\/pfingstkongress-unsere-zeit-ist-gekommen\\\/\",\"name\":\"Pfingstkongress: Unsere Zeit ist gekommen! - Schoenstatt\",\"isPartOf\":{\"@id\":\"https:\\\/\\\/schoenstatt.com\\\/de\\\/#website\"},\"primaryImageOfPage\":{\"@id\":\"https:\\\/\\\/schoenstatt.com\\\/de\\\/pfingstkongress-unsere-zeit-ist-gekommen\\\/#primaryimage\"},\"image\":{\"@id\":\"https:\\\/\\\/schoenstatt.com\\\/de\\\/pfingstkongress-unsere-zeit-ist-gekommen\\\/#primaryimage\"},\"thumbnailUrl\":\"https:\\\/\\\/schoenstatt.com\\\/wp-content\\\/uploads\\\/2022\\\/06\\\/pentecostes-1.jpg\",\"datePublished\":\"2022-06-02T15:36:26+00:00\",\"dateModified\":\"2025-05-15T20:41:01+00:00\",\"description\":\"Wenn man den Grund f\u00fcr einen Erfolg analysiert, kommt man immer zu dem Schluss, dass er das Ergebnis der richtigen Handlung zur richtigen Zeit ist.\",\"breadcrumb\":{\"@id\":\"https:\\\/\\\/schoenstatt.com\\\/de\\\/pfingstkongress-unsere-zeit-ist-gekommen\\\/#breadcrumb\"},\"inLanguage\":\"de\",\"potentialAction\":[{\"@type\":\"ReadAction\",\"target\":[\"https:\\\/\\\/schoenstatt.com\\\/de\\\/pfingstkongress-unsere-zeit-ist-gekommen\\\/\"]}]},{\"@type\":\"ImageObject\",\"inLanguage\":\"de\",\"@id\":\"https:\\\/\\\/schoenstatt.com\\\/de\\\/pfingstkongress-unsere-zeit-ist-gekommen\\\/#primaryimage\",\"url\":\"https:\\\/\\\/schoenstatt.com\\\/wp-content\\\/uploads\\\/2022\\\/06\\\/pentecostes-1.jpg\",\"contentUrl\":\"https:\\\/\\\/schoenstatt.com\\\/wp-content\\\/uploads\\\/2022\\\/06\\\/pentecostes-1.jpg\",\"width\":960,\"height\":638,\"caption\":\"Zeit\"},{\"@type\":\"BreadcrumbList\",\"@id\":\"https:\\\/\\\/schoenstatt.com\\\/de\\\/pfingstkongress-unsere-zeit-ist-gekommen\\\/#breadcrumb\",\"itemListElement\":[{\"@type\":\"ListItem\",\"position\":1,\"name\":\"Portada\",\"item\":\"https:\\\/\\\/schoenstatt.com\\\/de\\\/home\\\/\"},{\"@type\":\"ListItem\",\"position\":2,\"name\":\"Pfingstkongress: Unsere Zeit ist gekommen!\"}]},{\"@type\":\"WebSite\",\"@id\":\"https:\\\/\\\/schoenstatt.com\\\/de\\\/#website\",\"url\":\"https:\\\/\\\/schoenstatt.com\\\/de\\\/\",\"name\":\"Schoenstatt\",\"description\":\"Apostolic Movement\",\"publisher\":{\"@id\":\"https:\\\/\\\/schoenstatt.com\\\/de\\\/#organization\"},\"potentialAction\":[{\"@type\":\"SearchAction\",\"target\":{\"@type\":\"EntryPoint\",\"urlTemplate\":\"https:\\\/\\\/schoenstatt.com\\\/de\\\/?s={search_term_string}\"},\"query-input\":{\"@type\":\"PropertyValueSpecification\",\"valueRequired\":true,\"valueName\":\"search_term_string\"}}],\"inLanguage\":\"de\"},{\"@type\":\"Organization\",\"@id\":\"https:\\\/\\\/schoenstatt.com\\\/de\\\/#organization\",\"name\":\"Schoenstatt\",\"url\":\"https:\\\/\\\/schoenstatt.com\\\/de\\\/\",\"logo\":{\"@type\":\"ImageObject\",\"inLanguage\":\"de\",\"@id\":\"https:\\\/\\\/schoenstatt.com\\\/de\\\/#\\\/schema\\\/logo\\\/image\\\/\",\"url\":\"https:\\\/\\\/schoenstatt.com\\\/wp-content\\\/uploads\\\/2025\\\/04\\\/logo-schoenstatt-white-696x696-1.png\",\"contentUrl\":\"https:\\\/\\\/schoenstatt.com\\\/wp-content\\\/uploads\\\/2025\\\/04\\\/logo-schoenstatt-white-696x696-1.png\",\"width\":696,\"height\":694,\"caption\":\"Schoenstatt\"},\"image\":{\"@id\":\"https:\\\/\\\/schoenstatt.com\\\/de\\\/#\\\/schema\\\/logo\\\/image\\\/\"}},{\"@type\":\"Person\",\"@id\":\"https:\\\/\\\/schoenstatt.com\\\/de\\\/#\\\/schema\\\/person\\\/489465b1850e7b216fe2c10dfc262551\",\"name\":\"admin\",\"image\":{\"@type\":\"ImageObject\",\"inLanguage\":\"de\",\"@id\":\"https:\\\/\\\/secure.gravatar.com\\\/avatar\\\/02e8345e1ec40ab0e0a2a98fdde64a684bbaf994cddcb778b25b8b024ee9dfe6?s=96&d=mm&r=g\",\"url\":\"https:\\\/\\\/secure.gravatar.com\\\/avatar\\\/02e8345e1ec40ab0e0a2a98fdde64a684bbaf994cddcb778b25b8b024ee9dfe6?s=96&d=mm&r=g\",\"contentUrl\":\"https:\\\/\\\/secure.gravatar.com\\\/avatar\\\/02e8345e1ec40ab0e0a2a98fdde64a684bbaf994cddcb778b25b8b024ee9dfe6?s=96&d=mm&r=g\",\"caption\":\"admin\"},\"sameAs\":[\"https:\\\/\\\/schoenstatt.com\"],\"url\":\"https:\\\/\\\/schoenstatt.com\\\/de\\\/author\\\/admin\\\/\"}]}<\/script>\n<!-- \/ Yoast SEO Premium plugin. -->","yoast_head_json":{"title":"Pfingstkongress: Unsere Zeit ist gekommen! - Schoenstatt","description":"Wenn man den Grund f\u00fcr einen Erfolg analysiert, kommt man immer zu dem Schluss, dass er das Ergebnis der richtigen Handlung zur richtigen Zeit ist.","robots":{"index":"index","follow":"follow","max-snippet":"max-snippet:-1","max-image-preview":"max-image-preview:large","max-video-preview":"max-video-preview:-1"},"canonical":"https:\/\/schoenstatt.com\/de\/pfingstkongress-unsere-zeit-ist-gekommen\/","og_locale":"de_DE","og_type":"article","og_title":"Pfingstkongress: Unsere Zeit ist gekommen!","og_description":"Wenn man den Grund f\u00fcr einen Erfolg analysiert, kommt man immer zu dem Schluss, dass er das Ergebnis der richtigen Handlung zur richtigen Zeit ist.","og_url":"https:\/\/schoenstatt.com\/de\/pfingstkongress-unsere-zeit-ist-gekommen\/","og_site_name":"Schoenstatt","article_published_time":"2022-06-02T15:36:26+00:00","article_modified_time":"2025-05-15T20:41:01+00:00","og_image":[{"width":960,"height":638,"url":"https:\/\/schoenstatt.com\/wp-content\/uploads\/2022\/06\/pentecostes-1.jpg","type":"image\/jpeg"}],"author":"admin","twitter_card":"summary_large_image","twitter_misc":{"Verfasst von":"admin","Gesch\u00e4tzte Lesezeit":"3\u00a0Minuten"},"schema":{"@context":"https:\/\/schema.org","@graph":[{"@type":"Article","@id":"https:\/\/schoenstatt.com\/de\/pfingstkongress-unsere-zeit-ist-gekommen\/#article","isPartOf":{"@id":"https:\/\/schoenstatt.com\/de\/pfingstkongress-unsere-zeit-ist-gekommen\/"},"author":{"name":"admin","@id":"https:\/\/schoenstatt.com\/de\/#\/schema\/person\/489465b1850e7b216fe2c10dfc262551"},"headline":"Pfingstkongress: Unsere Zeit ist gekommen!","datePublished":"2022-06-02T15:36:26+00:00","dateModified":"2025-05-15T20:41:01+00:00","mainEntityOfPage":{"@id":"https:\/\/schoenstatt.com\/de\/pfingstkongress-unsere-zeit-ist-gekommen\/"},"wordCount":669,"publisher":{"@id":"https:\/\/schoenstatt.com\/de\/#organization"},"image":{"@id":"https:\/\/schoenstatt.com\/de\/pfingstkongress-unsere-zeit-ist-gekommen\/#primaryimage"},"thumbnailUrl":"https:\/\/schoenstatt.com\/wp-content\/uploads\/2022\/06\/pentecostes-1.jpg","articleSection":["Spiritualit\u00e4t","Veranstaltungen"],"inLanguage":"de"},{"@type":"WebPage","@id":"https:\/\/schoenstatt.com\/de\/pfingstkongress-unsere-zeit-ist-gekommen\/","url":"https:\/\/schoenstatt.com\/de\/pfingstkongress-unsere-zeit-ist-gekommen\/","name":"Pfingstkongress: Unsere Zeit ist gekommen! - Schoenstatt","isPartOf":{"@id":"https:\/\/schoenstatt.com\/de\/#website"},"primaryImageOfPage":{"@id":"https:\/\/schoenstatt.com\/de\/pfingstkongress-unsere-zeit-ist-gekommen\/#primaryimage"},"image":{"@id":"https:\/\/schoenstatt.com\/de\/pfingstkongress-unsere-zeit-ist-gekommen\/#primaryimage"},"thumbnailUrl":"https:\/\/schoenstatt.com\/wp-content\/uploads\/2022\/06\/pentecostes-1.jpg","datePublished":"2022-06-02T15:36:26+00:00","dateModified":"2025-05-15T20:41:01+00:00","description":"Wenn man den Grund f\u00fcr einen Erfolg analysiert, kommt man immer zu dem Schluss, dass er das Ergebnis der richtigen Handlung zur richtigen Zeit ist.","breadcrumb":{"@id":"https:\/\/schoenstatt.com\/de\/pfingstkongress-unsere-zeit-ist-gekommen\/#breadcrumb"},"inLanguage":"de","potentialAction":[{"@type":"ReadAction","target":["https:\/\/schoenstatt.com\/de\/pfingstkongress-unsere-zeit-ist-gekommen\/"]}]},{"@type":"ImageObject","inLanguage":"de","@id":"https:\/\/schoenstatt.com\/de\/pfingstkongress-unsere-zeit-ist-gekommen\/#primaryimage","url":"https:\/\/schoenstatt.com\/wp-content\/uploads\/2022\/06\/pentecostes-1.jpg","contentUrl":"https:\/\/schoenstatt.com\/wp-content\/uploads\/2022\/06\/pentecostes-1.jpg","width":960,"height":638,"caption":"Zeit"},{"@type":"BreadcrumbList","@id":"https:\/\/schoenstatt.com\/de\/pfingstkongress-unsere-zeit-ist-gekommen\/#breadcrumb","itemListElement":[{"@type":"ListItem","position":1,"name":"Portada","item":"https:\/\/schoenstatt.com\/de\/home\/"},{"@type":"ListItem","position":2,"name":"Pfingstkongress: Unsere Zeit ist gekommen!"}]},{"@type":"WebSite","@id":"https:\/\/schoenstatt.com\/de\/#website","url":"https:\/\/schoenstatt.com\/de\/","name":"Schoenstatt","description":"Apostolic Movement","publisher":{"@id":"https:\/\/schoenstatt.com\/de\/#organization"},"potentialAction":[{"@type":"SearchAction","target":{"@type":"EntryPoint","urlTemplate":"https:\/\/schoenstatt.com\/de\/?s={search_term_string}"},"query-input":{"@type":"PropertyValueSpecification","valueRequired":true,"valueName":"search_term_string"}}],"inLanguage":"de"},{"@type":"Organization","@id":"https:\/\/schoenstatt.com\/de\/#organization","name":"Schoenstatt","url":"https:\/\/schoenstatt.com\/de\/","logo":{"@type":"ImageObject","inLanguage":"de","@id":"https:\/\/schoenstatt.com\/de\/#\/schema\/logo\/image\/","url":"https:\/\/schoenstatt.com\/wp-content\/uploads\/2025\/04\/logo-schoenstatt-white-696x696-1.png","contentUrl":"https:\/\/schoenstatt.com\/wp-content\/uploads\/2025\/04\/logo-schoenstatt-white-696x696-1.png","width":696,"height":694,"caption":"Schoenstatt"},"image":{"@id":"https:\/\/schoenstatt.com\/de\/#\/schema\/logo\/image\/"}},{"@type":"Person","@id":"https:\/\/schoenstatt.com\/de\/#\/schema\/person\/489465b1850e7b216fe2c10dfc262551","name":"admin","image":{"@type":"ImageObject","inLanguage":"de","@id":"https:\/\/secure.gravatar.com\/avatar\/02e8345e1ec40ab0e0a2a98fdde64a684bbaf994cddcb778b25b8b024ee9dfe6?s=96&d=mm&r=g","url":"https:\/\/secure.gravatar.com\/avatar\/02e8345e1ec40ab0e0a2a98fdde64a684bbaf994cddcb778b25b8b024ee9dfe6?s=96&d=mm&r=g","contentUrl":"https:\/\/secure.gravatar.com\/avatar\/02e8345e1ec40ab0e0a2a98fdde64a684bbaf994cddcb778b25b8b024ee9dfe6?s=96&d=mm&r=g","caption":"admin"},"sameAs":["https:\/\/schoenstatt.com"],"url":"https:\/\/schoenstatt.com\/de\/author\/admin\/"}]}},"_links":{"self":[{"href":"https:\/\/schoenstatt.com\/de\/wp-json\/wp\/v2\/posts\/51748","targetHints":{"allow":["GET"]}}],"collection":[{"href":"https:\/\/schoenstatt.com\/de\/wp-json\/wp\/v2\/posts"}],"about":[{"href":"https:\/\/schoenstatt.com\/de\/wp-json\/wp\/v2\/types\/post"}],"author":[{"embeddable":true,"href":"https:\/\/schoenstatt.com\/de\/wp-json\/wp\/v2\/users\/1"}],"replies":[{"embeddable":true,"href":"https:\/\/schoenstatt.com\/de\/wp-json\/wp\/v2\/comments?post=51748"}],"version-history":[{"count":1,"href":"https:\/\/schoenstatt.com\/de\/wp-json\/wp\/v2\/posts\/51748\/revisions"}],"predecessor-version":[{"id":51797,"href":"https:\/\/schoenstatt.com\/de\/wp-json\/wp\/v2\/posts\/51748\/revisions\/51797"}],"wp:featuredmedia":[{"embeddable":true,"href":"https:\/\/schoenstatt.com\/de\/wp-json\/wp\/v2\/media\/25071"}],"wp:attachment":[{"href":"https:\/\/schoenstatt.com\/de\/wp-json\/wp\/v2\/media?parent=51748"}],"wp:term":[{"taxonomy":"category","embeddable":true,"href":"https:\/\/schoenstatt.com\/de\/wp-json\/wp\/v2\/categories?post=51748"},{"taxonomy":"post_tag","embeddable":true,"href":"https:\/\/schoenstatt.com\/de\/wp-json\/wp\/v2\/tags?post=51748"}],"curies":[{"name":"wp","href":"https:\/\/api.w.org\/{rel}","templated":true}]}}