{"id":51576,"date":"2022-07-21T15:48:42","date_gmt":"2022-07-21T13:48:42","guid":{"rendered":"https:\/\/schoenstattdev.wpenginepowered.com\/?p=26077"},"modified":"2025-05-15T20:09:50","modified_gmt":"2025-05-15T18:09:50","slug":"papstreise-nach-kanada-programm-veroeffentlicht","status":"publish","type":"post","link":"https:\/\/schoenstatt.com\/de\/papstreise-nach-kanada-programm-veroeffentlicht\/","title":{"rendered":"Papstreise nach Kanada: Programm ver\u00f6ffentlicht"},"content":{"rendered":"<p>Auch ein Treffen mit ehemaligen Sch\u00fclern der fr\u00fcheren <a href=\"https:\/\/schoenstattdev.wpenginepowered.com\/de\/kirche\/papstreise-nach-kanada-gemeinsam-auf-dem-weg-der-busse-und-heilung\/\">Residential Schools<\/a> ist vorgesehen. In diesen staatlich finanzierten Einrichtungen, die teils auch durch kirchliche Tr\u00e4ger betrieben wurden, waren Kinder Indigener untergebracht. Dort waren sie physischem und psychischem Missbrauch sowie Umerziehungsma\u00dfnahmen ausgesetzt. Die Entdeckung von Massengr\u00e4bern auf den Gel\u00e4nden der Heime hatte weltweit f\u00fcr Entsetzen gesorgt.<\/p>\n<p>Erst im M\u00e4rz und April dieses Jahres hatte der Papst Delegationen von Indigenen-Vertretern im Vatikan getroffen und dabei f\u00fcr den Missbrauch und die Gewalt zu Lasten der Kinder von Indigenen in kirchlich gef\u00fchrten Heimen um Vergebung gebeten.<\/p>\n<p>Radio Vatikan \u00fcbertr\u00e4gt wie gewohnt s\u00e4mtliche Papstauftritte live und mit deutschem Kommentar \u00fcber die Webseite, die Partnersender und Youtube <a href=\"https:\/\/www.youtube.com\/vaticande\">(www.youtube.com\/vaticande<\/a>). Dort k\u00f6nnen Sie die Videos auch im Nachhinein noch ansehen.<\/p>\n<p><img fetchpriority=\"high\" decoding=\"async\" class=\"size-full wp-image-26038 aligncenter\" src=\"https:\/\/schoenstatt.com\/wp-content\/uploads\/2022\/07\/Logo-visita-Canada-1.png\" alt=\"Programa\" width=\"727\" height=\"373\" \/><\/p>\n<h3>Sonntag, 24. Juli 2022<\/h3>\n<p><em><strong>ROM \u2013 EDMONTON<\/strong><\/em><\/p>\n<p>9:00 : Abflug vom Internationalen Flughafen Rom\/Fiumicino nach Edmonton<br \/>\n11:20 (19:20) Landung auf dem internationalen Flughafen Edmonton<br \/>\n11:20 (19:20) <em><strong>OFFIZIELLE WILLKOMMENSZERMONIE<\/strong><\/em>\u00a0auf dem internationalen Flughafen Edmonton<\/p>\n<h3>Montag, 25. Juli 2022<\/h3>\n<p><em><strong>EDMONTON &#8211; MASKWACIS \u2013 EDMONTON<\/strong><\/em><\/p>\n<p>10:00 (18:00)<em><strong> BEGEGNUNG MIT DEN INDIGENEN V\u00d6LKERN KANADAS,\u00a0FIRST NATIONS, M\u00c9TIS UND INUIT<\/strong><\/em>\u00a0in Maskwacis<br \/>\n16:45 (0:45)\u00a0 \u00a0 <em><strong>BEGEGNUNG MIT DEN INDIGENEN V\u00d6LKERN UND DEN MITGLIEDERN DER PFARRGEMEINDEN<\/strong><\/em>\u00a0in der &#8222;Holy Heart Church&#8220; in Edmonton<\/p>\n<h3>Dienstag, 26. Juli 2022<\/h3>\n<p><em><strong>EDMONTON &#8211; LAC STE. ANNE \u2013 EDMONTON<\/strong><\/em><\/p>\n<p>10:15 (18:15)\u00a0 <em><strong>HEILIGE MESSE<\/strong><\/em>\u00a0im &#8222;Commonwealth Stadium&#8220; in Edmonton<br \/>\n17:00 (1:00)\u00a0 \u00a0 <em><strong>TEILNAHME AN DER \u201cLAC STE. ANNE\u201d-PILGERFAHRT UND WORGOTTESDIENST<\/strong><\/em>\u00a0am See &#8222;Lac Ste. Anne&#8220;<\/p>\n<h3>Mittwoch, 27. Juli 2022<\/h3>\n<p><em><strong>EDMONTON \u2013 QU\u00c9BEC<\/strong><\/em><\/p>\n<p>9:00 (17:00)\u00a0 \u00a0Abflug vom internationalen Flughafen Edmonton nach Qu\u00e9bec<br \/>\n15:05 (21:05)\u00a0 Landung auf dem internationalen Flughafen Qu\u00e9bec<br \/>\n15:40 (21:40)\u00a0 <em><strong>WILLKOMMENSZEREMONIE<\/strong><\/em>\u00a0in der Residenz des Generalgouverneurs, &#8222;Zitadelle von Qu\u00e9bec&#8220;<br \/>\n16:00 (22:00)\u00a0 <em><strong>H\u00d6FLICHKEITSBESUCH BEIM GENERALGOUVERNEUR<\/strong><\/em>\u00a0in der &#8222;Zitadelle von Qu\u00e9bec&#8220;<br \/>\n16:20 (22:20)\u00a0<em><strong> BEGEGNUNG MIT DEM PREMIERMINISTER<\/strong><\/em>\u00a0in der &#8222;Zitadelle von Qu\u00e9bec&#8220;<br \/>\n16:45 (22:45)\u00a0 <em><strong>BEGEGNUNG MIT DEN VERTRETERN DER ZIVILGESELLSCHAFT UND DER INDIGENEN V\u00d6LKER UND MIT DEM DIPLOMATISCHEN KORPS\u00a0<\/strong><\/em>in der &#8222;Zitadelle von Qu\u00e9bec&#8220;<\/p>\n<h3>Donnerstag, 28. Juli 2022<\/h3>\n<p><em><strong>QU\u00c9BEC<\/strong><\/em><\/p>\n<p>10:00 (16:00)\u00a0 <em><strong>HEILIGE MESSE<\/strong><\/em>\u00a0beim Nationalheiligtum &#8222;Sainte Anne de Beaupr\u00e9&#8220;<br \/>\n17:15 (23:15)\u00a0 \u00a0<em><strong>VESPER MIT DEN BISCH\u00d6FEN, PRIESTERN, DIAKONEN, PERSONEN DES GEWEIHTEN LEBENS, SEMINARISTEN UND PASTORALARBEITERN<\/strong><\/em>\u00a0in der Kathedrale &#8222;Notre Dame de Qu\u00e9bec&#8220;<\/p>\n<h3>Freitag, 29. Juli 2022<\/h3>\n<p><em><strong>QU\u00c9BEC &#8211; IQALUIT \u2013 ROM<\/strong><\/em><\/p>\n<p>9:00 (15:00)\u00a0 <em><strong>\u00a0PRIVATE BEGEGNUNG MIT DEN MITGLIEDERN DER GESELLSCHAFT JESU<\/strong><\/em>\u00a0am Sitz des Erzbischofs von Qu\u00e9bec<br \/>\n10:45 (16:45)\u00a0<em><strong> BEGEGNUNG MIT EINER DELEGATION INDIGENER V\u00d6LKER AUS QU\u00c9BEC<\/strong><\/em>\u00a0am Sitz des Erzbischofs von Qu\u00e9bec<br \/>\n12:45 (18:45)\u00a0 Abflug vom internationalen Flughafen Qu\u00e9bec nach Iqaluit<br \/>\n15:50 (21:50)\u00a0 Landung auf dem Flughafen Iqaluit<br \/>\n16:15 (22:15)\u00a0 <em><strong>PRIVATE BEGEGNUNG MIT EHEMALIGEN SCH\u00dcLERN DER FR\u00dcHEREN RESIDENTIAL SCHOOLS<\/strong><\/em>\u00a0an der Grundschule von Iqaluit<br \/>\n17:00 (23:00)\u00a0 <em><strong>BEGEGNUNG MIT JUGENDLICHEN UND \u00c4LTEREN MENSCHEN<\/strong><\/em>\u00a0auf dem Platz vor der Grundschule von Iqaluit<br \/>\n18:15 (0:15)\u00a0 \u00a0<em><strong>ABSCHIEDSZERMONIE\u00a0<\/strong><\/em>auf dem Flughafen Iqaluit<br \/>\n18:45 (0:45)\u00a0 \u00a0Abflug vom Flughafen Iqaluit nach Rom<\/p>\n<h3>Samstag, 30. Juli 2022<\/h3>\n<p><em><strong>ROM<\/strong><\/em><\/p>\n","protected":false},"excerpt":{"rendered":"<p>Der Vatikan hat an diesem Donnerstag das Programm f\u00fcr die Kanada-Reise des Papstes Ende Juli ver\u00f6ffentlicht. Auf der 6-t\u00e4gigen Reise wird Franziskus Indigenen-Vertreter, den lokalen Klerus, Jugendliche und \u00e4ltere Menschen treffen, sowie eine Messe in Edmonton und in Quebec feiern.<\/p>\n","protected":false},"author":1,"featured_media":26069,"comment_status":"closed","ping_status":"closed","sticky":false,"template":"","format":"standard","meta":{"footnotes":""},"categories":[678,852],"tags":[],"class_list":["post-51576","post","type-post","status-publish","format-standard","has-post-thumbnail","hentry","category-lander-de","category-papst-franziskus-de"],"yoast_head":"<!-- This site is optimized with the Yoast SEO Premium plugin v27.4 (Yoast SEO v27.4) - https:\/\/yoast.com\/product\/yoast-seo-premium-wordpress\/ -->\n<title>Papstreise nach Kanada: Programm ver\u00f6ffentlicht - Schoenstatt<\/title>\n<meta name=\"description\" content=\"Papstreise nach Kanada- Auf der 6-t\u00e4gigen Reise wird Franziskus Indigenen, den lokalen Klerus, Jugendliche und \u00e4ltere Menschen treffen.\" \/>\n<meta name=\"robots\" content=\"index, follow, max-snippet:-1, max-image-preview:large, max-video-preview:-1\" \/>\n<link rel=\"canonical\" href=\"https:\/\/schoenstatt.com\/de\/papstreise-nach-kanada-programm-veroeffentlicht\/\" \/>\n<meta property=\"og:locale\" content=\"de_DE\" \/>\n<meta property=\"og:type\" content=\"article\" \/>\n<meta property=\"og:title\" content=\"Papstreise nach Kanada: Programm ver\u00f6ffentlicht\" \/>\n<meta property=\"og:description\" content=\"Papstreise nach Kanada- Auf der 6-t\u00e4gigen Reise wird Franziskus Indigenen, den lokalen Klerus, Jugendliche und \u00e4ltere Menschen treffen.\" \/>\n<meta property=\"og:url\" content=\"https:\/\/schoenstatt.com\/de\/papstreise-nach-kanada-programm-veroeffentlicht\/\" \/>\n<meta property=\"og:site_name\" content=\"Schoenstatt\" \/>\n<meta property=\"article:published_time\" content=\"2022-07-21T13:48:42+00:00\" \/>\n<meta property=\"article:modified_time\" content=\"2025-05-15T18:09:50+00:00\" \/>\n<meta property=\"og:image\" content=\"https:\/\/schoenstatt.com\/wp-content\/uploads\/2022\/07\/Papa-con-Indigenas-1.png\" \/>\n\t<meta property=\"og:image:width\" content=\"742\" \/>\n\t<meta property=\"og:image:height\" content=\"381\" \/>\n\t<meta property=\"og:image:type\" content=\"image\/png\" \/>\n<meta name=\"author\" content=\"admin\" \/>\n<meta name=\"twitter:card\" content=\"summary_large_image\" \/>\n<meta name=\"twitter:label1\" content=\"Verfasst von\" \/>\n\t<meta name=\"twitter:data1\" content=\"admin\" \/>\n\t<meta name=\"twitter:label2\" content=\"Gesch\u00e4tzte Lesezeit\" \/>\n\t<meta name=\"twitter:data2\" content=\"3\u00a0Minuten\" \/>\n<script type=\"application\/ld+json\" class=\"yoast-schema-graph\">{\"@context\":\"https:\\\/\\\/schema.org\",\"@graph\":[{\"@type\":\"Article\",\"@id\":\"https:\\\/\\\/schoenstatt.com\\\/de\\\/papstreise-nach-kanada-programm-veroeffentlicht\\\/#article\",\"isPartOf\":{\"@id\":\"https:\\\/\\\/schoenstatt.com\\\/de\\\/papstreise-nach-kanada-programm-veroeffentlicht\\\/\"},\"author\":{\"name\":\"admin\",\"@id\":\"https:\\\/\\\/schoenstatt.com\\\/de\\\/#\\\/schema\\\/person\\\/489465b1850e7b216fe2c10dfc262551\"},\"headline\":\"Papstreise nach Kanada: Programm ver\u00f6ffentlicht\",\"datePublished\":\"2022-07-21T13:48:42+00:00\",\"dateModified\":\"2025-05-15T18:09:50+00:00\",\"mainEntityOfPage\":{\"@id\":\"https:\\\/\\\/schoenstatt.com\\\/de\\\/papstreise-nach-kanada-programm-veroeffentlicht\\\/\"},\"wordCount\":437,\"publisher\":{\"@id\":\"https:\\\/\\\/schoenstatt.com\\\/de\\\/#organization\"},\"image\":{\"@id\":\"https:\\\/\\\/schoenstatt.com\\\/de\\\/papstreise-nach-kanada-programm-veroeffentlicht\\\/#primaryimage\"},\"thumbnailUrl\":\"https:\\\/\\\/schoenstatt.com\\\/wp-content\\\/uploads\\\/2022\\\/07\\\/Papa-con-Indigenas-1.png\",\"articleSection\":[\"L\u00e4nder\",\"Papst Franziskus\"],\"inLanguage\":\"de\"},{\"@type\":\"WebPage\",\"@id\":\"https:\\\/\\\/schoenstatt.com\\\/de\\\/papstreise-nach-kanada-programm-veroeffentlicht\\\/\",\"url\":\"https:\\\/\\\/schoenstatt.com\\\/de\\\/papstreise-nach-kanada-programm-veroeffentlicht\\\/\",\"name\":\"Papstreise nach Kanada: Programm ver\u00f6ffentlicht - Schoenstatt\",\"isPartOf\":{\"@id\":\"https:\\\/\\\/schoenstatt.com\\\/de\\\/#website\"},\"primaryImageOfPage\":{\"@id\":\"https:\\\/\\\/schoenstatt.com\\\/de\\\/papstreise-nach-kanada-programm-veroeffentlicht\\\/#primaryimage\"},\"image\":{\"@id\":\"https:\\\/\\\/schoenstatt.com\\\/de\\\/papstreise-nach-kanada-programm-veroeffentlicht\\\/#primaryimage\"},\"thumbnailUrl\":\"https:\\\/\\\/schoenstatt.com\\\/wp-content\\\/uploads\\\/2022\\\/07\\\/Papa-con-Indigenas-1.png\",\"datePublished\":\"2022-07-21T13:48:42+00:00\",\"dateModified\":\"2025-05-15T18:09:50+00:00\",\"description\":\"Papstreise nach Kanada- Auf der 6-t\u00e4gigen Reise wird Franziskus Indigenen, den lokalen Klerus, Jugendliche und \u00e4ltere Menschen treffen.\",\"breadcrumb\":{\"@id\":\"https:\\\/\\\/schoenstatt.com\\\/de\\\/papstreise-nach-kanada-programm-veroeffentlicht\\\/#breadcrumb\"},\"inLanguage\":\"de\",\"potentialAction\":[{\"@type\":\"ReadAction\",\"target\":[\"https:\\\/\\\/schoenstatt.com\\\/de\\\/papstreise-nach-kanada-programm-veroeffentlicht\\\/\"]}]},{\"@type\":\"ImageObject\",\"inLanguage\":\"de\",\"@id\":\"https:\\\/\\\/schoenstatt.com\\\/de\\\/papstreise-nach-kanada-programm-veroeffentlicht\\\/#primaryimage\",\"url\":\"https:\\\/\\\/schoenstatt.com\\\/wp-content\\\/uploads\\\/2022\\\/07\\\/Papa-con-Indigenas-1.png\",\"contentUrl\":\"https:\\\/\\\/schoenstatt.com\\\/wp-content\\\/uploads\\\/2022\\\/07\\\/Papa-con-Indigenas-1.png\",\"width\":742,\"height\":381,\"caption\":\"Programa\"},{\"@type\":\"BreadcrumbList\",\"@id\":\"https:\\\/\\\/schoenstatt.com\\\/de\\\/papstreise-nach-kanada-programm-veroeffentlicht\\\/#breadcrumb\",\"itemListElement\":[{\"@type\":\"ListItem\",\"position\":1,\"name\":\"Portada\",\"item\":\"https:\\\/\\\/schoenstatt.com\\\/de\\\/home\\\/\"},{\"@type\":\"ListItem\",\"position\":2,\"name\":\"Papstreise nach Kanada: Programm ver\u00f6ffentlicht\"}]},{\"@type\":\"WebSite\",\"@id\":\"https:\\\/\\\/schoenstatt.com\\\/de\\\/#website\",\"url\":\"https:\\\/\\\/schoenstatt.com\\\/de\\\/\",\"name\":\"Schoenstatt\",\"description\":\"Apostolic Movement\",\"publisher\":{\"@id\":\"https:\\\/\\\/schoenstatt.com\\\/de\\\/#organization\"},\"potentialAction\":[{\"@type\":\"SearchAction\",\"target\":{\"@type\":\"EntryPoint\",\"urlTemplate\":\"https:\\\/\\\/schoenstatt.com\\\/de\\\/?s={search_term_string}\"},\"query-input\":{\"@type\":\"PropertyValueSpecification\",\"valueRequired\":true,\"valueName\":\"search_term_string\"}}],\"inLanguage\":\"de\"},{\"@type\":\"Organization\",\"@id\":\"https:\\\/\\\/schoenstatt.com\\\/de\\\/#organization\",\"name\":\"Schoenstatt\",\"url\":\"https:\\\/\\\/schoenstatt.com\\\/de\\\/\",\"logo\":{\"@type\":\"ImageObject\",\"inLanguage\":\"de\",\"@id\":\"https:\\\/\\\/schoenstatt.com\\\/de\\\/#\\\/schema\\\/logo\\\/image\\\/\",\"url\":\"https:\\\/\\\/schoenstatt.com\\\/wp-content\\\/uploads\\\/2025\\\/04\\\/logo-schoenstatt-white-696x696-1.png\",\"contentUrl\":\"https:\\\/\\\/schoenstatt.com\\\/wp-content\\\/uploads\\\/2025\\\/04\\\/logo-schoenstatt-white-696x696-1.png\",\"width\":696,\"height\":694,\"caption\":\"Schoenstatt\"},\"image\":{\"@id\":\"https:\\\/\\\/schoenstatt.com\\\/de\\\/#\\\/schema\\\/logo\\\/image\\\/\"}},{\"@type\":\"Person\",\"@id\":\"https:\\\/\\\/schoenstatt.com\\\/de\\\/#\\\/schema\\\/person\\\/489465b1850e7b216fe2c10dfc262551\",\"name\":\"admin\",\"image\":{\"@type\":\"ImageObject\",\"inLanguage\":\"de\",\"@id\":\"https:\\\/\\\/secure.gravatar.com\\\/avatar\\\/02e8345e1ec40ab0e0a2a98fdde64a684bbaf994cddcb778b25b8b024ee9dfe6?s=96&d=mm&r=g\",\"url\":\"https:\\\/\\\/secure.gravatar.com\\\/avatar\\\/02e8345e1ec40ab0e0a2a98fdde64a684bbaf994cddcb778b25b8b024ee9dfe6?s=96&d=mm&r=g\",\"contentUrl\":\"https:\\\/\\\/secure.gravatar.com\\\/avatar\\\/02e8345e1ec40ab0e0a2a98fdde64a684bbaf994cddcb778b25b8b024ee9dfe6?s=96&d=mm&r=g\",\"caption\":\"admin\"},\"sameAs\":[\"https:\\\/\\\/schoenstatt.com\"],\"url\":\"https:\\\/\\\/schoenstatt.com\\\/de\\\/author\\\/admin\\\/\"}]}<\/script>\n<!-- \/ Yoast SEO Premium plugin. -->","yoast_head_json":{"title":"Papstreise nach Kanada: Programm ver\u00f6ffentlicht - Schoenstatt","description":"Papstreise nach Kanada- Auf der 6-t\u00e4gigen Reise wird Franziskus Indigenen, den lokalen Klerus, Jugendliche und \u00e4ltere Menschen treffen.","robots":{"index":"index","follow":"follow","max-snippet":"max-snippet:-1","max-image-preview":"max-image-preview:large","max-video-preview":"max-video-preview:-1"},"canonical":"https:\/\/schoenstatt.com\/de\/papstreise-nach-kanada-programm-veroeffentlicht\/","og_locale":"de_DE","og_type":"article","og_title":"Papstreise nach Kanada: Programm ver\u00f6ffentlicht","og_description":"Papstreise nach Kanada- Auf der 6-t\u00e4gigen Reise wird Franziskus Indigenen, den lokalen Klerus, Jugendliche und \u00e4ltere Menschen treffen.","og_url":"https:\/\/schoenstatt.com\/de\/papstreise-nach-kanada-programm-veroeffentlicht\/","og_site_name":"Schoenstatt","article_published_time":"2022-07-21T13:48:42+00:00","article_modified_time":"2025-05-15T18:09:50+00:00","og_image":[{"width":742,"height":381,"url":"https:\/\/schoenstatt.com\/wp-content\/uploads\/2022\/07\/Papa-con-Indigenas-1.png","type":"image\/png"}],"author":"admin","twitter_card":"summary_large_image","twitter_misc":{"Verfasst von":"admin","Gesch\u00e4tzte Lesezeit":"3\u00a0Minuten"},"schema":{"@context":"https:\/\/schema.org","@graph":[{"@type":"Article","@id":"https:\/\/schoenstatt.com\/de\/papstreise-nach-kanada-programm-veroeffentlicht\/#article","isPartOf":{"@id":"https:\/\/schoenstatt.com\/de\/papstreise-nach-kanada-programm-veroeffentlicht\/"},"author":{"name":"admin","@id":"https:\/\/schoenstatt.com\/de\/#\/schema\/person\/489465b1850e7b216fe2c10dfc262551"},"headline":"Papstreise nach Kanada: Programm ver\u00f6ffentlicht","datePublished":"2022-07-21T13:48:42+00:00","dateModified":"2025-05-15T18:09:50+00:00","mainEntityOfPage":{"@id":"https:\/\/schoenstatt.com\/de\/papstreise-nach-kanada-programm-veroeffentlicht\/"},"wordCount":437,"publisher":{"@id":"https:\/\/schoenstatt.com\/de\/#organization"},"image":{"@id":"https:\/\/schoenstatt.com\/de\/papstreise-nach-kanada-programm-veroeffentlicht\/#primaryimage"},"thumbnailUrl":"https:\/\/schoenstatt.com\/wp-content\/uploads\/2022\/07\/Papa-con-Indigenas-1.png","articleSection":["L\u00e4nder","Papst Franziskus"],"inLanguage":"de"},{"@type":"WebPage","@id":"https:\/\/schoenstatt.com\/de\/papstreise-nach-kanada-programm-veroeffentlicht\/","url":"https:\/\/schoenstatt.com\/de\/papstreise-nach-kanada-programm-veroeffentlicht\/","name":"Papstreise nach Kanada: Programm ver\u00f6ffentlicht - Schoenstatt","isPartOf":{"@id":"https:\/\/schoenstatt.com\/de\/#website"},"primaryImageOfPage":{"@id":"https:\/\/schoenstatt.com\/de\/papstreise-nach-kanada-programm-veroeffentlicht\/#primaryimage"},"image":{"@id":"https:\/\/schoenstatt.com\/de\/papstreise-nach-kanada-programm-veroeffentlicht\/#primaryimage"},"thumbnailUrl":"https:\/\/schoenstatt.com\/wp-content\/uploads\/2022\/07\/Papa-con-Indigenas-1.png","datePublished":"2022-07-21T13:48:42+00:00","dateModified":"2025-05-15T18:09:50+00:00","description":"Papstreise nach Kanada- Auf der 6-t\u00e4gigen Reise wird Franziskus Indigenen, den lokalen Klerus, Jugendliche und \u00e4ltere Menschen treffen.","breadcrumb":{"@id":"https:\/\/schoenstatt.com\/de\/papstreise-nach-kanada-programm-veroeffentlicht\/#breadcrumb"},"inLanguage":"de","potentialAction":[{"@type":"ReadAction","target":["https:\/\/schoenstatt.com\/de\/papstreise-nach-kanada-programm-veroeffentlicht\/"]}]},{"@type":"ImageObject","inLanguage":"de","@id":"https:\/\/schoenstatt.com\/de\/papstreise-nach-kanada-programm-veroeffentlicht\/#primaryimage","url":"https:\/\/schoenstatt.com\/wp-content\/uploads\/2022\/07\/Papa-con-Indigenas-1.png","contentUrl":"https:\/\/schoenstatt.com\/wp-content\/uploads\/2022\/07\/Papa-con-Indigenas-1.png","width":742,"height":381,"caption":"Programa"},{"@type":"BreadcrumbList","@id":"https:\/\/schoenstatt.com\/de\/papstreise-nach-kanada-programm-veroeffentlicht\/#breadcrumb","itemListElement":[{"@type":"ListItem","position":1,"name":"Portada","item":"https:\/\/schoenstatt.com\/de\/home\/"},{"@type":"ListItem","position":2,"name":"Papstreise nach Kanada: Programm ver\u00f6ffentlicht"}]},{"@type":"WebSite","@id":"https:\/\/schoenstatt.com\/de\/#website","url":"https:\/\/schoenstatt.com\/de\/","name":"Schoenstatt","description":"Apostolic Movement","publisher":{"@id":"https:\/\/schoenstatt.com\/de\/#organization"},"potentialAction":[{"@type":"SearchAction","target":{"@type":"EntryPoint","urlTemplate":"https:\/\/schoenstatt.com\/de\/?s={search_term_string}"},"query-input":{"@type":"PropertyValueSpecification","valueRequired":true,"valueName":"search_term_string"}}],"inLanguage":"de"},{"@type":"Organization","@id":"https:\/\/schoenstatt.com\/de\/#organization","name":"Schoenstatt","url":"https:\/\/schoenstatt.com\/de\/","logo":{"@type":"ImageObject","inLanguage":"de","@id":"https:\/\/schoenstatt.com\/de\/#\/schema\/logo\/image\/","url":"https:\/\/schoenstatt.com\/wp-content\/uploads\/2025\/04\/logo-schoenstatt-white-696x696-1.png","contentUrl":"https:\/\/schoenstatt.com\/wp-content\/uploads\/2025\/04\/logo-schoenstatt-white-696x696-1.png","width":696,"height":694,"caption":"Schoenstatt"},"image":{"@id":"https:\/\/schoenstatt.com\/de\/#\/schema\/logo\/image\/"}},{"@type":"Person","@id":"https:\/\/schoenstatt.com\/de\/#\/schema\/person\/489465b1850e7b216fe2c10dfc262551","name":"admin","image":{"@type":"ImageObject","inLanguage":"de","@id":"https:\/\/secure.gravatar.com\/avatar\/02e8345e1ec40ab0e0a2a98fdde64a684bbaf994cddcb778b25b8b024ee9dfe6?s=96&d=mm&r=g","url":"https:\/\/secure.gravatar.com\/avatar\/02e8345e1ec40ab0e0a2a98fdde64a684bbaf994cddcb778b25b8b024ee9dfe6?s=96&d=mm&r=g","contentUrl":"https:\/\/secure.gravatar.com\/avatar\/02e8345e1ec40ab0e0a2a98fdde64a684bbaf994cddcb778b25b8b024ee9dfe6?s=96&d=mm&r=g","caption":"admin"},"sameAs":["https:\/\/schoenstatt.com"],"url":"https:\/\/schoenstatt.com\/de\/author\/admin\/"}]}},"_links":{"self":[{"href":"https:\/\/schoenstatt.com\/de\/wp-json\/wp\/v2\/posts\/51576","targetHints":{"allow":["GET"]}}],"collection":[{"href":"https:\/\/schoenstatt.com\/de\/wp-json\/wp\/v2\/posts"}],"about":[{"href":"https:\/\/schoenstatt.com\/de\/wp-json\/wp\/v2\/types\/post"}],"author":[{"embeddable":true,"href":"https:\/\/schoenstatt.com\/de\/wp-json\/wp\/v2\/users\/1"}],"replies":[{"embeddable":true,"href":"https:\/\/schoenstatt.com\/de\/wp-json\/wp\/v2\/comments?post=51576"}],"version-history":[{"count":1,"href":"https:\/\/schoenstatt.com\/de\/wp-json\/wp\/v2\/posts\/51576\/revisions"}],"predecessor-version":[{"id":51724,"href":"https:\/\/schoenstatt.com\/de\/wp-json\/wp\/v2\/posts\/51576\/revisions\/51724"}],"wp:featuredmedia":[{"embeddable":true,"href":"https:\/\/schoenstatt.com\/de\/wp-json\/wp\/v2\/media\/26069"}],"wp:attachment":[{"href":"https:\/\/schoenstatt.com\/de\/wp-json\/wp\/v2\/media?parent=51576"}],"wp:term":[{"taxonomy":"category","embeddable":true,"href":"https:\/\/schoenstatt.com\/de\/wp-json\/wp\/v2\/categories?post=51576"},{"taxonomy":"post_tag","embeddable":true,"href":"https:\/\/schoenstatt.com\/de\/wp-json\/wp\/v2\/tags?post=51576"}],"curies":[{"name":"wp","href":"https:\/\/api.w.org\/{rel}","templated":true}]}}