{"id":51551,"date":"2022-07-06T10:20:53","date_gmt":"2022-07-06T08:20:53","guid":{"rendered":"https:\/\/schoenstattdev.wpenginepowered.com\/?p=25914"},"modified":"2025-05-15T22:41:00","modified_gmt":"2025-05-15T20:41:00","slug":"costa-rica-ist-erschuettert-ueber-den-tod-von-marco-calzada-mitglied-der-schoenstatt-maennerjugend","status":"publish","type":"post","link":"https:\/\/schoenstatt.com\/de\/costa-rica-ist-erschuettert-ueber-den-tod-von-marco-calzada-mitglied-der-schoenstatt-maennerjugend\/","title":{"rendered":"Costa Rica ist ersch\u00fcttert \u00fcber den Tod von Marco Calzada, Mitglied der Sch\u00f6nstatt-M\u00e4nnerjugend"},"content":{"rendered":"<p>Am 2. Juli wurde der junge Marco Calzada Valverde, ein leidenschaftliches Mitglied der Sch\u00f6nstatt-M\u00e4nnerjugend, in Costa Rica ermordet. Sein Tod hatte nicht nur einen starken Eindruck auf die Sch\u00f6nstattfamilie in Costa Rica, sondern auch auf die Kirche und die Gesellschaft des Landes gemacht. Die Nachricht verbreitete sich schnell \u00fcber die Landesgrenzen hinaus.<\/p>\n<h3>Seine Familie, Freunde und Bekannte: ein engagierter junger Mann<\/h3>\n<p>Viele haben ihr Zeugnis \u00fcber Marcos Leben auf unterschiedliche Weise hinterlassen. So \u00e4u\u00dfern sich seine &#8222;Verwandten, Freunde und Bekannten&#8220; in einem Text an die Internationale Sch\u00f6nstattfamilie:<\/p>\n<blockquote><p>\u201eMit gro\u00dfem Schmerz m\u00fcssen wir Ihnen mitteilen, dass Marco Calzada Valverde am 2. Juli ermordet wurde. Zwei Jahre lang leitete er die Pioniere der Mannesjugend von Costa Rica. Seine j\u00fcngeren Schwestern sind in der M\u00e4dchenjugend (Cami in Ap\u00f3stoles de Mar\u00eda und Luci in Aliadas). Seine Mutter Gaby Valverde war mehrere Jahre lang Beraterin der M\u00e4dchenjugend Aliadas und sein Vater Mario Calzada war Koordinator der Pioniere.<\/p><\/blockquote>\n<p>Vor einem Jahr folgten sie dem Ruf Gottes, eine Missionsfamilie zu werden. Wir laden alle ein, sich im Gebet f\u00fcr die Familie Calzada Valverde, f\u00fcr ihre Familie @ignismundi, f\u00fcr die Jugend Costa Ricas @jmschoenstattcr und @schoenstattjfcr, f\u00fcr die Familie der Hoffnung @schoenstatt_costarica und f\u00fcr das ganze Land zu verbinden.<\/p>\n<p>Seine Familie, Freunde und Bekannte.<br \/>\nRuhe in Frieden Marco! <em><strong>&#8222;Leg bitte F\u00fcrsprache f\u00fcr uns ein&#8220;.<\/strong><\/em><\/p>\n<p><img fetchpriority=\"high\" decoding=\"async\" class=\"alignnone size-full wp-image-25903\" src=\"https:\/\/schoenstatt.com\/wp-content\/uploads\/2022\/07\/WhatsApp-Image-2022-07-06-at-08.36.05-4.jpeg\" alt=\"\" width=\"1440\" height=\"960\" \/><\/p>\n<h3>Die Bischofskonferenz von Costa Rica: Tiefes Bedauern<\/h3>\n<p>Die Bischofskonferenz von Costa Rica hat ihrerseits ein Kommuniqu\u00e9 herausgegeben, in dem sie \u201emit tiefer Trauer der Familie des jungen Marco Calzada, der im Alter von 19 Jahren ermordet wurde,\u00a0 ihr Beileid ausspricht.<\/p>\n<p>Wir wissen, dass Marcos Familie katholisch und missionarisch ist und dass er Mitglied der Sch\u00f6nstattjugend war. Wir beten zu Gott in dem Schmerz, der das ganze Land wegen dieses Falles und vieler anderer F\u00e4lle, die durch die zunehmende Gewalt verursacht werden, ergreift. Das Problem der Unsicherheit in unserem Land muss dringend angegangen werden.\u201c<\/p>\n<h3>Worte der Vergebung von seinem Vater, Mario Calzada<\/h3>\n<p>Der Vater von Marco \u00fcberraschte das ganze Land mit Worten der Vergebung gegen\u00fcber den M\u00f6rdern seines Sohnes. Er brachte \u00f6ffentlich zum Ausdruck, dass \u201e<em>wir vergeben, wir achten diejenigen, die das getan haben. Wir umarmen ihre Familien. Wir bitten die Menschen in unserem Land und die Kriminellen, ihrem Gewissen zu folgen.&#8220;<\/em> Er fuhr fort: <em>\u201eHeute ist unser Sohn im Himmel. Wir wissen, dass er da ist. Wir wollen eine Botschaft der Liebe und der Vergebung senden. Marco hat uns das alles gelehrt. Wir m\u00fcssen viel f\u00fcr diese Kriminellen beten<\/em>&#8222;, f\u00fcgte er hinzu und wies auf die wichtige Rolle der Familie als F\u00f6rderer der Werte hin, die das Leben der Menschen pr\u00e4gen und sch\u00fctzen sollen.<\/p>\n<h3><img decoding=\"async\" class=\"alignnone size-full wp-image-25907\" src=\"https:\/\/schoenstatt.com\/wp-content\/uploads\/2022\/07\/WhatsApp-Image-2022-07-06-at-08.36.05-1-1.jpeg\" alt=\"\" width=\"1440\" height=\"960\" \/>Heute ist sein Ostern, kein Zweifel<\/h3>\n<p>Der Priester Manuel Enrique Chavarr\u00eda seinerseits teilte seine Gef\u00fchle mit und gab ein Zeugnis \u00fcber Marco ab: \u201eDer Tod von Marco hat mich tief bewegt und best\u00fcrzt. Ich kannte und sch\u00e4tzte diesen hervorragenden jungen Mann, Marco und seine Familie waren oft bei den sonnt\u00e4glichen 18-Uhr-Messen in der Kapelle des Allerheiligsten Sakraments im Nationalheiligtum Dulce Nombre de Jes\u00fas im Barrio La Pitahaya; vor allem im Jahr 2019. Ich vertraue darauf, dass der Glaube seiner Eltern Mario Calzada und Gabriela Valverde an Jesus Christus ihnen und seiner kleinen Schwester Halt geben wird.\u201c<\/p>\n<p>\u00dcber die Mission, die er in Marco sah, f\u00fcgte Chavarr\u00eda hinzu: \u201eEr ermutigte mit seiner Gitarre zum Singen, und insgeheim fragte ich mich, welche gro\u00dfe Aufgabe der Herr f\u00fcr ihn haben w\u00fcrde&#8230; das Priesteramt? Er war sehr h\u00f6flich, normal, nat\u00fcrlich, neugierig und unruhig. Er blieb der marianischen Bewegung Sch\u00f6nstatts treu.\u201c\u00a0 Und der Priester schloss: <em><strong>\u201eHeute ist zweifellos sein Ostern.\u201c<\/strong><\/em><\/p>\n<h3>Nur eine \u00fcbernat\u00fcrliche Kraft konnte Worte der Vergebung\u00a0 legen<\/h3>\n<p>Die Journalistin Glenda Uma\u00f1a deutet diesen schweren Moment: \u201eNur eine \u00fcbernat\u00fcrliche Kraft kann Worte der Vergebung in das Herz eines Vaters legen, der von dem Schmerz und dem Leid seines ermordeten Sohnes zerrissen ist.\u201c &#8230;.<\/p>\n<blockquote><p>\u201eEs gibt Vergebung, wir beten f\u00fcr ihre (der M\u00f6rder) Familien&#8220;, betonte Mario Calzada, Vater von Marco Calzada Valverde, als er gestern Abend in der Sch\u00f6nstatt-Gemeinschaft von Costa Rica seine T\u00f6chter umarmte.<\/p><\/blockquote>\n<p>Und er schloss mit den Worten: \u201eM\u00f6ge der Schrei dieses vom Leid zerrissenen Vaters in allen Ecken geh\u00f6rt werden, und m\u00f6gen wir uns anstecken lassen von Marcos Liebe und seiner Mission f\u00fcr die Ungesch\u00fctzten in den Slums und daf\u00fcr, die Barmherzigkeit und unendliche G\u00fcte Gottes bekannt zu machen&#8220;.<\/p>\n<h3>Bis zum Himmel, Marco!<\/h3>\n<p>Die Publikation <a href=\"https:\/\/www.catholicaction.org\/a_faithful_echo\">Catholic Echo<\/a> teilt\u00a0 diese \u00dcberzeugung unter dem Titel \u201e<em>\u00a1Hasta el cielo Marco!<\/em>&#8220; mit: \u201eEine Kirche voller Verwandter, Freunde und Nahestehender nahm heute Morgen Abschied von dem jungen Mann, Marco Antonio Calzada, der am Samstagabend im Barrio Chino in San Jos\u00e9 durch Messerstiche starb&#8230;. Der junge Mann war ein engagierter Diener der Kirche, er arbeitete in der Sch\u00f6nstatt-Bewegung mit, er war Missionar in verschiedenen Gemeinden des Landes, er war Mitglied der Ignis Mundi Mission, er spielte Gitarre w\u00e4hrend der Heiligen Eucharistie und er war Student des Data Engineering&#8220;.<\/p>\n<h3>Gesegnet sei Gott f\u00fcr die Gabe des Glaubens, die uns st\u00e4rkt<\/h3>\n<p><img decoding=\"async\" class=\"size-full wp-image-25911 aligncenter\" src=\"https:\/\/schoenstatt.com\/wp-content\/uploads\/2022\/07\/WhatsApp-Image-2022-07-06-at-08.36.04-1.jpeg\" alt=\"\" width=\"775\" height=\"1024\" \/><\/p>\n<p>Marcos Mutter, Gabriela Valverde, schreibt in einer SMS: \u201eGesegnet sei Gott f\u00fcr das Geschenk des Glaubens, das uns tr\u00e4gt. &#8230; Er hat uns in diesem Jahr darauf vorbereitet, diesen schmerzhaften Moment an seiner Hand zu erleben. Marco sang ein Lied, in dem es hei\u00dft: \u201eHerr, zu wem sollen wir gehen, wenn du unser Leben bist&#8230;? Herr, zu wem sollen wir gehen, wenn du unsere Liebe bist&#8220;, erinnerte sie sich. Und zum Schluss schreibt sie: \u201eDa Gott der Gott der Geschichte ist, der in seiner unendlichen Liebe vollkommen f\u00fchrt, auch wenn wir nichts verstehen, aber in Treue seinen Willen annehmen &#8230;<em><strong> F\u00fcr die Fruchtbarkeit der Mission Ignis Mundi<\/strong><\/em>&#8222;!<\/p>\n<p>\u00dcber diesen Link kann man den Worten von Marcos Vater bei der Abschiedsmesse folgen:<\/p>\n<p><a href=\"https:\/\/business.facebook.com\/Ecocatolico\/videos\/497634492119672\/\">https:\/\/business.facebook.com\/Ecocatolico\/videos\/497634492119672\/<\/a><\/p>\n","protected":false},"excerpt":{"rendered":"<p> Marco Calzada, ein junges Mitglied der Sch\u00f6nstatt-Bewegung, wurde am 2. Juli in Costa Rica ermordet. Die Nachricht ersch\u00fctterte das ganze Land und wirkte \u00fcber seine Grenzen hinaus. Sein Vater dr\u00fcckte seine Vergebung und Liebe f\u00fcr seine M\u00f6rder und deren Familien aus.<\/p>\n","protected":false},"author":1,"featured_media":25893,"comment_status":"closed","ping_status":"closed","sticky":false,"template":"","format":"standard","meta":{"footnotes":""},"categories":[874,660],"tags":[],"class_list":["post-51551","post","type-post","status-publish","format-standard","has-post-thumbnail","hentry","category-familie-de","category-veranstaltungen-de"],"yoast_head":"<!-- This site is optimized with the Yoast SEO Premium plugin v27.4 (Yoast SEO v27.5) - https:\/\/yoast.com\/product\/yoast-seo-premium-wordpress\/ -->\n<title>Costa Rica ist ersch\u00fcttert \u00fcber den Tod von Marco Calzada, Mitglied der Sch\u00f6nstatt-M\u00e4nnerjugend - Schoenstatt<\/title>\n<meta name=\"description\" content=\"Costa Rica, ein Land, das durch den Mord an Marco Calzada, einem jungen Mitglied der Sch\u00f6nstatt-Bewegung, ersch\u00fcttert wurde.\" \/>\n<meta name=\"robots\" content=\"index, follow, max-snippet:-1, max-image-preview:large, max-video-preview:-1\" \/>\n<link rel=\"canonical\" href=\"https:\/\/schoenstatt.com\/de\/costa-rica-ist-erschuettert-ueber-den-tod-von-marco-calzada-mitglied-der-schoenstatt-maennerjugend\/\" \/>\n<meta property=\"og:locale\" content=\"de_DE\" \/>\n<meta property=\"og:type\" content=\"article\" \/>\n<meta property=\"og:title\" content=\"Costa Rica ist ersch\u00fcttert \u00fcber den Tod von Marco Calzada, Mitglied der Sch\u00f6nstatt-M\u00e4nnerjugend\" \/>\n<meta property=\"og:description\" content=\"Costa Rica, ein Land, das durch den Mord an Marco Calzada, einem jungen Mitglied der Sch\u00f6nstatt-Bewegung, ersch\u00fcttert wurde.\" \/>\n<meta property=\"og:url\" content=\"https:\/\/schoenstatt.com\/de\/costa-rica-ist-erschuettert-ueber-den-tod-von-marco-calzada-mitglied-der-schoenstatt-maennerjugend\/\" \/>\n<meta property=\"og:site_name\" content=\"Schoenstatt\" \/>\n<meta property=\"article:published_time\" content=\"2022-07-06T08:20:53+00:00\" \/>\n<meta property=\"article:modified_time\" content=\"2025-05-15T20:41:00+00:00\" \/>\n<meta property=\"og:image\" content=\"https:\/\/schoenstatt.com\/wp-content\/uploads\/2022\/07\/WhatsApp-Image-2022-07-06-at-08.36.05-3-1.jpeg\" \/>\n\t<meta property=\"og:image:width\" content=\"709\" \/>\n\t<meta property=\"og:image:height\" content=\"540\" \/>\n\t<meta property=\"og:image:type\" content=\"image\/jpeg\" \/>\n<meta name=\"author\" content=\"admin\" \/>\n<meta name=\"twitter:card\" content=\"summary_large_image\" \/>\n<meta name=\"twitter:label1\" content=\"Verfasst von\" \/>\n\t<meta name=\"twitter:data1\" content=\"admin\" \/>\n\t<meta name=\"twitter:label2\" content=\"Gesch\u00e4tzte Lesezeit\" \/>\n\t<meta name=\"twitter:data2\" content=\"5\u00a0Minuten\" \/>\n<script type=\"application\/ld+json\" class=\"yoast-schema-graph\">{\"@context\":\"https:\\\/\\\/schema.org\",\"@graph\":[{\"@type\":\"Article\",\"@id\":\"https:\\\/\\\/schoenstatt.com\\\/de\\\/costa-rica-ist-erschuettert-ueber-den-tod-von-marco-calzada-mitglied-der-schoenstatt-maennerjugend\\\/#article\",\"isPartOf\":{\"@id\":\"https:\\\/\\\/schoenstatt.com\\\/de\\\/costa-rica-ist-erschuettert-ueber-den-tod-von-marco-calzada-mitglied-der-schoenstatt-maennerjugend\\\/\"},\"author\":{\"name\":\"admin\",\"@id\":\"https:\\\/\\\/schoenstatt.com\\\/de\\\/#\\\/schema\\\/person\\\/489465b1850e7b216fe2c10dfc262551\"},\"headline\":\"Costa Rica ist ersch\u00fcttert \u00fcber den Tod von Marco Calzada, Mitglied der Sch\u00f6nstatt-M\u00e4nnerjugend\",\"datePublished\":\"2022-07-06T08:20:53+00:00\",\"dateModified\":\"2025-05-15T20:41:00+00:00\",\"mainEntityOfPage\":{\"@id\":\"https:\\\/\\\/schoenstatt.com\\\/de\\\/costa-rica-ist-erschuettert-ueber-den-tod-von-marco-calzada-mitglied-der-schoenstatt-maennerjugend\\\/\"},\"wordCount\":1015,\"publisher\":{\"@id\":\"https:\\\/\\\/schoenstatt.com\\\/de\\\/#organization\"},\"image\":{\"@id\":\"https:\\\/\\\/schoenstatt.com\\\/de\\\/costa-rica-ist-erschuettert-ueber-den-tod-von-marco-calzada-mitglied-der-schoenstatt-maennerjugend\\\/#primaryimage\"},\"thumbnailUrl\":\"https:\\\/\\\/schoenstatt.com\\\/wp-content\\\/uploads\\\/2022\\\/07\\\/WhatsApp-Image-2022-07-06-at-08.36.05-3-1.jpeg\",\"articleSection\":[\"Familie\",\"Veranstaltungen\"],\"inLanguage\":\"de\"},{\"@type\":\"WebPage\",\"@id\":\"https:\\\/\\\/schoenstatt.com\\\/de\\\/costa-rica-ist-erschuettert-ueber-den-tod-von-marco-calzada-mitglied-der-schoenstatt-maennerjugend\\\/\",\"url\":\"https:\\\/\\\/schoenstatt.com\\\/de\\\/costa-rica-ist-erschuettert-ueber-den-tod-von-marco-calzada-mitglied-der-schoenstatt-maennerjugend\\\/\",\"name\":\"Costa Rica ist ersch\u00fcttert \u00fcber den Tod von Marco Calzada, Mitglied der Sch\u00f6nstatt-M\u00e4nnerjugend - Schoenstatt\",\"isPartOf\":{\"@id\":\"https:\\\/\\\/schoenstatt.com\\\/de\\\/#website\"},\"primaryImageOfPage\":{\"@id\":\"https:\\\/\\\/schoenstatt.com\\\/de\\\/costa-rica-ist-erschuettert-ueber-den-tod-von-marco-calzada-mitglied-der-schoenstatt-maennerjugend\\\/#primaryimage\"},\"image\":{\"@id\":\"https:\\\/\\\/schoenstatt.com\\\/de\\\/costa-rica-ist-erschuettert-ueber-den-tod-von-marco-calzada-mitglied-der-schoenstatt-maennerjugend\\\/#primaryimage\"},\"thumbnailUrl\":\"https:\\\/\\\/schoenstatt.com\\\/wp-content\\\/uploads\\\/2022\\\/07\\\/WhatsApp-Image-2022-07-06-at-08.36.05-3-1.jpeg\",\"datePublished\":\"2022-07-06T08:20:53+00:00\",\"dateModified\":\"2025-05-15T20:41:00+00:00\",\"description\":\"Costa Rica, ein Land, das durch den Mord an Marco Calzada, einem jungen Mitglied der Sch\u00f6nstatt-Bewegung, ersch\u00fcttert wurde.\",\"breadcrumb\":{\"@id\":\"https:\\\/\\\/schoenstatt.com\\\/de\\\/costa-rica-ist-erschuettert-ueber-den-tod-von-marco-calzada-mitglied-der-schoenstatt-maennerjugend\\\/#breadcrumb\"},\"inLanguage\":\"de\",\"potentialAction\":[{\"@type\":\"ReadAction\",\"target\":[\"https:\\\/\\\/schoenstatt.com\\\/de\\\/costa-rica-ist-erschuettert-ueber-den-tod-von-marco-calzada-mitglied-der-schoenstatt-maennerjugend\\\/\"]}]},{\"@type\":\"ImageObject\",\"inLanguage\":\"de\",\"@id\":\"https:\\\/\\\/schoenstatt.com\\\/de\\\/costa-rica-ist-erschuettert-ueber-den-tod-von-marco-calzada-mitglied-der-schoenstatt-maennerjugend\\\/#primaryimage\",\"url\":\"https:\\\/\\\/schoenstatt.com\\\/wp-content\\\/uploads\\\/2022\\\/07\\\/WhatsApp-Image-2022-07-06-at-08.36.05-3-1.jpeg\",\"contentUrl\":\"https:\\\/\\\/schoenstatt.com\\\/wp-content\\\/uploads\\\/2022\\\/07\\\/WhatsApp-Image-2022-07-06-at-08.36.05-3-1.jpeg\",\"width\":709,\"height\":540,\"caption\":\"Marco Calzada\"},{\"@type\":\"BreadcrumbList\",\"@id\":\"https:\\\/\\\/schoenstatt.com\\\/de\\\/costa-rica-ist-erschuettert-ueber-den-tod-von-marco-calzada-mitglied-der-schoenstatt-maennerjugend\\\/#breadcrumb\",\"itemListElement\":[{\"@type\":\"ListItem\",\"position\":1,\"name\":\"Portada\",\"item\":\"https:\\\/\\\/schoenstatt.com\\\/de\\\/home\\\/\"},{\"@type\":\"ListItem\",\"position\":2,\"name\":\"Costa Rica ist ersch\u00fcttert \u00fcber den Tod von Marco Calzada, Mitglied der Sch\u00f6nstatt-M\u00e4nnerjugend\"}]},{\"@type\":\"WebSite\",\"@id\":\"https:\\\/\\\/schoenstatt.com\\\/de\\\/#website\",\"url\":\"https:\\\/\\\/schoenstatt.com\\\/de\\\/\",\"name\":\"Schoenstatt\",\"description\":\"Apostolic Movement\",\"publisher\":{\"@id\":\"https:\\\/\\\/schoenstatt.com\\\/de\\\/#organization\"},\"potentialAction\":[{\"@type\":\"SearchAction\",\"target\":{\"@type\":\"EntryPoint\",\"urlTemplate\":\"https:\\\/\\\/schoenstatt.com\\\/de\\\/?s={search_term_string}\"},\"query-input\":{\"@type\":\"PropertyValueSpecification\",\"valueRequired\":true,\"valueName\":\"search_term_string\"}}],\"inLanguage\":\"de\"},{\"@type\":\"Organization\",\"@id\":\"https:\\\/\\\/schoenstatt.com\\\/de\\\/#organization\",\"name\":\"Schoenstatt\",\"url\":\"https:\\\/\\\/schoenstatt.com\\\/de\\\/\",\"logo\":{\"@type\":\"ImageObject\",\"inLanguage\":\"de\",\"@id\":\"https:\\\/\\\/schoenstatt.com\\\/de\\\/#\\\/schema\\\/logo\\\/image\\\/\",\"url\":\"https:\\\/\\\/schoenstatt.com\\\/wp-content\\\/uploads\\\/2025\\\/04\\\/logo-schoenstatt-white-696x696-1.png\",\"contentUrl\":\"https:\\\/\\\/schoenstatt.com\\\/wp-content\\\/uploads\\\/2025\\\/04\\\/logo-schoenstatt-white-696x696-1.png\",\"width\":696,\"height\":694,\"caption\":\"Schoenstatt\"},\"image\":{\"@id\":\"https:\\\/\\\/schoenstatt.com\\\/de\\\/#\\\/schema\\\/logo\\\/image\\\/\"}},{\"@type\":\"Person\",\"@id\":\"https:\\\/\\\/schoenstatt.com\\\/de\\\/#\\\/schema\\\/person\\\/489465b1850e7b216fe2c10dfc262551\",\"name\":\"admin\",\"image\":{\"@type\":\"ImageObject\",\"inLanguage\":\"de\",\"@id\":\"https:\\\/\\\/secure.gravatar.com\\\/avatar\\\/02e8345e1ec40ab0e0a2a98fdde64a684bbaf994cddcb778b25b8b024ee9dfe6?s=96&d=mm&r=g\",\"url\":\"https:\\\/\\\/secure.gravatar.com\\\/avatar\\\/02e8345e1ec40ab0e0a2a98fdde64a684bbaf994cddcb778b25b8b024ee9dfe6?s=96&d=mm&r=g\",\"contentUrl\":\"https:\\\/\\\/secure.gravatar.com\\\/avatar\\\/02e8345e1ec40ab0e0a2a98fdde64a684bbaf994cddcb778b25b8b024ee9dfe6?s=96&d=mm&r=g\",\"caption\":\"admin\"},\"sameAs\":[\"https:\\\/\\\/schoenstatt.com\"],\"url\":\"https:\\\/\\\/schoenstatt.com\\\/de\\\/author\\\/admin\\\/\"}]}<\/script>\n<!-- \/ Yoast SEO Premium plugin. -->","yoast_head_json":{"title":"Costa Rica ist ersch\u00fcttert \u00fcber den Tod von Marco Calzada, Mitglied der Sch\u00f6nstatt-M\u00e4nnerjugend - Schoenstatt","description":"Costa Rica, ein Land, das durch den Mord an Marco Calzada, einem jungen Mitglied der Sch\u00f6nstatt-Bewegung, ersch\u00fcttert wurde.","robots":{"index":"index","follow":"follow","max-snippet":"max-snippet:-1","max-image-preview":"max-image-preview:large","max-video-preview":"max-video-preview:-1"},"canonical":"https:\/\/schoenstatt.com\/de\/costa-rica-ist-erschuettert-ueber-den-tod-von-marco-calzada-mitglied-der-schoenstatt-maennerjugend\/","og_locale":"de_DE","og_type":"article","og_title":"Costa Rica ist ersch\u00fcttert \u00fcber den Tod von Marco Calzada, Mitglied der Sch\u00f6nstatt-M\u00e4nnerjugend","og_description":"Costa Rica, ein Land, das durch den Mord an Marco Calzada, einem jungen Mitglied der Sch\u00f6nstatt-Bewegung, ersch\u00fcttert wurde.","og_url":"https:\/\/schoenstatt.com\/de\/costa-rica-ist-erschuettert-ueber-den-tod-von-marco-calzada-mitglied-der-schoenstatt-maennerjugend\/","og_site_name":"Schoenstatt","article_published_time":"2022-07-06T08:20:53+00:00","article_modified_time":"2025-05-15T20:41:00+00:00","og_image":[{"width":709,"height":540,"url":"https:\/\/schoenstatt.com\/wp-content\/uploads\/2022\/07\/WhatsApp-Image-2022-07-06-at-08.36.05-3-1.jpeg","type":"image\/jpeg"}],"author":"admin","twitter_card":"summary_large_image","twitter_misc":{"Verfasst von":"admin","Gesch\u00e4tzte Lesezeit":"5\u00a0Minuten"},"schema":{"@context":"https:\/\/schema.org","@graph":[{"@type":"Article","@id":"https:\/\/schoenstatt.com\/de\/costa-rica-ist-erschuettert-ueber-den-tod-von-marco-calzada-mitglied-der-schoenstatt-maennerjugend\/#article","isPartOf":{"@id":"https:\/\/schoenstatt.com\/de\/costa-rica-ist-erschuettert-ueber-den-tod-von-marco-calzada-mitglied-der-schoenstatt-maennerjugend\/"},"author":{"name":"admin","@id":"https:\/\/schoenstatt.com\/de\/#\/schema\/person\/489465b1850e7b216fe2c10dfc262551"},"headline":"Costa Rica ist ersch\u00fcttert \u00fcber den Tod von Marco Calzada, Mitglied der Sch\u00f6nstatt-M\u00e4nnerjugend","datePublished":"2022-07-06T08:20:53+00:00","dateModified":"2025-05-15T20:41:00+00:00","mainEntityOfPage":{"@id":"https:\/\/schoenstatt.com\/de\/costa-rica-ist-erschuettert-ueber-den-tod-von-marco-calzada-mitglied-der-schoenstatt-maennerjugend\/"},"wordCount":1015,"publisher":{"@id":"https:\/\/schoenstatt.com\/de\/#organization"},"image":{"@id":"https:\/\/schoenstatt.com\/de\/costa-rica-ist-erschuettert-ueber-den-tod-von-marco-calzada-mitglied-der-schoenstatt-maennerjugend\/#primaryimage"},"thumbnailUrl":"https:\/\/schoenstatt.com\/wp-content\/uploads\/2022\/07\/WhatsApp-Image-2022-07-06-at-08.36.05-3-1.jpeg","articleSection":["Familie","Veranstaltungen"],"inLanguage":"de"},{"@type":"WebPage","@id":"https:\/\/schoenstatt.com\/de\/costa-rica-ist-erschuettert-ueber-den-tod-von-marco-calzada-mitglied-der-schoenstatt-maennerjugend\/","url":"https:\/\/schoenstatt.com\/de\/costa-rica-ist-erschuettert-ueber-den-tod-von-marco-calzada-mitglied-der-schoenstatt-maennerjugend\/","name":"Costa Rica ist ersch\u00fcttert \u00fcber den Tod von Marco Calzada, Mitglied der Sch\u00f6nstatt-M\u00e4nnerjugend - Schoenstatt","isPartOf":{"@id":"https:\/\/schoenstatt.com\/de\/#website"},"primaryImageOfPage":{"@id":"https:\/\/schoenstatt.com\/de\/costa-rica-ist-erschuettert-ueber-den-tod-von-marco-calzada-mitglied-der-schoenstatt-maennerjugend\/#primaryimage"},"image":{"@id":"https:\/\/schoenstatt.com\/de\/costa-rica-ist-erschuettert-ueber-den-tod-von-marco-calzada-mitglied-der-schoenstatt-maennerjugend\/#primaryimage"},"thumbnailUrl":"https:\/\/schoenstatt.com\/wp-content\/uploads\/2022\/07\/WhatsApp-Image-2022-07-06-at-08.36.05-3-1.jpeg","datePublished":"2022-07-06T08:20:53+00:00","dateModified":"2025-05-15T20:41:00+00:00","description":"Costa Rica, ein Land, das durch den Mord an Marco Calzada, einem jungen Mitglied der Sch\u00f6nstatt-Bewegung, ersch\u00fcttert wurde.","breadcrumb":{"@id":"https:\/\/schoenstatt.com\/de\/costa-rica-ist-erschuettert-ueber-den-tod-von-marco-calzada-mitglied-der-schoenstatt-maennerjugend\/#breadcrumb"},"inLanguage":"de","potentialAction":[{"@type":"ReadAction","target":["https:\/\/schoenstatt.com\/de\/costa-rica-ist-erschuettert-ueber-den-tod-von-marco-calzada-mitglied-der-schoenstatt-maennerjugend\/"]}]},{"@type":"ImageObject","inLanguage":"de","@id":"https:\/\/schoenstatt.com\/de\/costa-rica-ist-erschuettert-ueber-den-tod-von-marco-calzada-mitglied-der-schoenstatt-maennerjugend\/#primaryimage","url":"https:\/\/schoenstatt.com\/wp-content\/uploads\/2022\/07\/WhatsApp-Image-2022-07-06-at-08.36.05-3-1.jpeg","contentUrl":"https:\/\/schoenstatt.com\/wp-content\/uploads\/2022\/07\/WhatsApp-Image-2022-07-06-at-08.36.05-3-1.jpeg","width":709,"height":540,"caption":"Marco Calzada"},{"@type":"BreadcrumbList","@id":"https:\/\/schoenstatt.com\/de\/costa-rica-ist-erschuettert-ueber-den-tod-von-marco-calzada-mitglied-der-schoenstatt-maennerjugend\/#breadcrumb","itemListElement":[{"@type":"ListItem","position":1,"name":"Portada","item":"https:\/\/schoenstatt.com\/de\/home\/"},{"@type":"ListItem","position":2,"name":"Costa Rica ist ersch\u00fcttert \u00fcber den Tod von Marco Calzada, Mitglied der Sch\u00f6nstatt-M\u00e4nnerjugend"}]},{"@type":"WebSite","@id":"https:\/\/schoenstatt.com\/de\/#website","url":"https:\/\/schoenstatt.com\/de\/","name":"Schoenstatt","description":"Apostolic Movement","publisher":{"@id":"https:\/\/schoenstatt.com\/de\/#organization"},"potentialAction":[{"@type":"SearchAction","target":{"@type":"EntryPoint","urlTemplate":"https:\/\/schoenstatt.com\/de\/?s={search_term_string}"},"query-input":{"@type":"PropertyValueSpecification","valueRequired":true,"valueName":"search_term_string"}}],"inLanguage":"de"},{"@type":"Organization","@id":"https:\/\/schoenstatt.com\/de\/#organization","name":"Schoenstatt","url":"https:\/\/schoenstatt.com\/de\/","logo":{"@type":"ImageObject","inLanguage":"de","@id":"https:\/\/schoenstatt.com\/de\/#\/schema\/logo\/image\/","url":"https:\/\/schoenstatt.com\/wp-content\/uploads\/2025\/04\/logo-schoenstatt-white-696x696-1.png","contentUrl":"https:\/\/schoenstatt.com\/wp-content\/uploads\/2025\/04\/logo-schoenstatt-white-696x696-1.png","width":696,"height":694,"caption":"Schoenstatt"},"image":{"@id":"https:\/\/schoenstatt.com\/de\/#\/schema\/logo\/image\/"}},{"@type":"Person","@id":"https:\/\/schoenstatt.com\/de\/#\/schema\/person\/489465b1850e7b216fe2c10dfc262551","name":"admin","image":{"@type":"ImageObject","inLanguage":"de","@id":"https:\/\/secure.gravatar.com\/avatar\/02e8345e1ec40ab0e0a2a98fdde64a684bbaf994cddcb778b25b8b024ee9dfe6?s=96&d=mm&r=g","url":"https:\/\/secure.gravatar.com\/avatar\/02e8345e1ec40ab0e0a2a98fdde64a684bbaf994cddcb778b25b8b024ee9dfe6?s=96&d=mm&r=g","contentUrl":"https:\/\/secure.gravatar.com\/avatar\/02e8345e1ec40ab0e0a2a98fdde64a684bbaf994cddcb778b25b8b024ee9dfe6?s=96&d=mm&r=g","caption":"admin"},"sameAs":["https:\/\/schoenstatt.com"],"url":"https:\/\/schoenstatt.com\/de\/author\/admin\/"}]}},"_links":{"self":[{"href":"https:\/\/schoenstatt.com\/de\/wp-json\/wp\/v2\/posts\/51551","targetHints":{"allow":["GET"]}}],"collection":[{"href":"https:\/\/schoenstatt.com\/de\/wp-json\/wp\/v2\/posts"}],"about":[{"href":"https:\/\/schoenstatt.com\/de\/wp-json\/wp\/v2\/types\/post"}],"author":[{"embeddable":true,"href":"https:\/\/schoenstatt.com\/de\/wp-json\/wp\/v2\/users\/1"}],"replies":[{"embeddable":true,"href":"https:\/\/schoenstatt.com\/de\/wp-json\/wp\/v2\/comments?post=51551"}],"version-history":[{"count":1,"href":"https:\/\/schoenstatt.com\/de\/wp-json\/wp\/v2\/posts\/51551\/revisions"}],"predecessor-version":[{"id":51616,"href":"https:\/\/schoenstatt.com\/de\/wp-json\/wp\/v2\/posts\/51551\/revisions\/51616"}],"wp:featuredmedia":[{"embeddable":true,"href":"https:\/\/schoenstatt.com\/de\/wp-json\/wp\/v2\/media\/25893"}],"wp:attachment":[{"href":"https:\/\/schoenstatt.com\/de\/wp-json\/wp\/v2\/media?parent=51551"}],"wp:term":[{"taxonomy":"category","embeddable":true,"href":"https:\/\/schoenstatt.com\/de\/wp-json\/wp\/v2\/categories?post=51551"},{"taxonomy":"post_tag","embeddable":true,"href":"https:\/\/schoenstatt.com\/de\/wp-json\/wp\/v2\/tags?post=51551"}],"curies":[{"name":"wp","href":"https:\/\/api.w.org\/{rel}","templated":true}]}}