{"id":51549,"date":"2022-07-05T11:00:03","date_gmt":"2022-07-05T09:00:03","guid":{"rendered":"https:\/\/schoenstattdev.wpenginepowered.com\/?p=25889"},"modified":"2025-05-15T20:01:36","modified_gmt":"2025-05-15T18:01:36","slug":"kein-anderes-ergebnis-erneute-untersuchung-zu-vorwuerfen-eines-amerikanischen-buergers-gegen-pater-kentenich","status":"publish","type":"post","link":"https:\/\/schoenstatt.com\/de\/kein-anderes-ergebnis-erneute-untersuchung-zu-vorwuerfen-eines-amerikanischen-buergers-gegen-pater-kentenich\/","title":{"rendered":"Kein anderes Ergebnis \u2013  Erneute Untersuchung zu Vorw\u00fcrfen eines amerikanischen B\u00fcrgers gegen Pater Kentenich"},"content":{"rendered":"<p>Am 3. Mai 2022 machte <a href=\"https:\/\/www.bistum-trier.de\/news-details\/pressedienst\/detail\/News\/seligsprechungsverfahren-fuer-pater-kentenich-ausgesetzt\/?L=0&amp;cHash=07d94cd195ec45aa0bd26d6816a259e3\">eine Pressemeldung des Bistums Trier<\/a> \u00f6ffentlich, dass Bischof Dr. Stephan Ackermann das Seligsprechungsverfahren f\u00fcr Pater Josef Kentenich,<a href=\"https:\/\/schoenstattdev.wpenginepowered.com\/de\/about\/gruender\/\"> den Gr\u00fcnder des Internationalen Sch\u00f6nstattwerkes<\/a>, zum gegenw\u00e4rtigen Zeitpunkt nicht aktiv fortf\u00fchren wird. Er regte weitere freie Forschung an, die die offenen Fragen einer Kl\u00e4rung zuf\u00fchren kann. In diesem Zusammenhang lie\u00df der Bischof auch mitteilen, dass er die Vorw\u00fcrfe eines amerikanischen B\u00fcrgers, der Pater Kentenich des sexuellen Missbrauchs beschuldigt, erneut untersuchen lie\u00df. (Link)<\/p>\n<p>Wie der Bischof von Trier bereits in <a href=\"https:\/\/www.bistum-trier.de\/bistum-bischof\/bischof\/im-wortlaut\/in-den-medien\/schoenstatt\/\">einem Interview vom 10.3.2021 in der Kirchenzeitung \u201ePaulinus\u201c<\/a> erkl\u00e4rt hatte (Link), wurde diese Anschuldigung schon 1994\/95 in der Erzdi\u00f6zese Milwaukee gepr\u00fcft. Im Interview fasste der Bischof zusammen: \u201eDie Untersuchung der Vorw\u00fcrfe durch die Erzdi\u00f6zese Milwaukee m\u00fcndete in einen Bericht, den das dortige kirchliche Gericht verfasst hat. In diesem Bericht wird die \u00dcberzeugung vertreten, dass zu diesem Zeitpunkt kein Anlass bestand, die Sache weiter zu verfolgen. Im Rahmen der di\u00f6zesanen Phase wurden uns alle Unterlagen zugesandt. Sie sind mit dem Ergebnis bewertet worden, dass die Untersuchung der Erzdi\u00f6zese Milwaukee stimmig ist und als abschlie\u00dfend betrachtet werden kann.\u201c<\/p>\n<p>Rund 25 Jahre sp\u00e4ter fragte sich der Bischof jedoch, \u201eob die damalige Untersuchung auch nach heutigen Kriterien als ausreichend betrachtet werden kann, oder ob Aspekte unber\u00fccksichtigt geblieben sind, die f\u00fcr eine abschlie\u00dfende Bewertung unbedingt noch miteinbezogen werden m\u00fcssen\u201c.<\/p>\n<p>Bischof Ackermann beauftragte daraufhin den Rechtsanwalt Steven M. Biskupic, einen ehemaligen US-Staatsanwalt, eine erneute Untersuchung zu den genannten Vorw\u00fcrfen durchzuf\u00fchren. Anfang des Jahres erhielt der Bischof einen ausf\u00fchrlichen Bericht und eine vom selben Rechtsanwalt verfasste Zusammenfassung seiner Ergebnisse. Diese Zusammenfassung wurde dem Generalpr\u00e4sidium des internationalen Sch\u00f6nstatt-Werkes mitgeteilt und ver\u00f6ffentlicht in der Homepage der Di\u00f6zese.<\/p>\n<p>In seinen Ausf\u00fchrungen macht der Rechtsanwalt deutlich, dass die bereits 1994\/95 in Milwaukee durchgef\u00fchrte detaillierte Untersuchung mehr Schritte zur Kl\u00e4rung unternommen hatte, als zum damaligen Zeitpunkt rechtlich notwendig waren. Der gro\u00dfe zeitliche Abstand von den angeblichen Ereignissen zu heute f\u00fchrt nach Meinung des Rechtsanwalts jedoch dazu, \u201edass leider f\u00fcr alle Beteiligten aufgrund \u2026 des Todes von Schl\u00fcsselzeugen eine \u201aBeweiskraft\u2018 nicht festgestellt werden\u201c kann. Er schl\u00e4gt vor, die unbewiesenen Anschuldigungen \u201eals einen Faktor in einer breiteren Untersuchung des Lebens von Pater Kentenich zu betrachten\u201c. In seiner Zusammenfassung verweist der Rechtsanwalt darauf, dass \u201ein der Zwischenzeit weitere Vorw\u00fcrfe gegen Pater Kentenich aus seiner *Zeit in S\u00fcdamerika bekannt geworden sind\u201c. Damit meint er ganz offensichtlich die von Schw. Georgia Wagner vorgebrachten Klagen, die sich auf Begegnungen mit Pater Kentenich in Chile bezogen. Diese waren schon im Seligsprechungsprozess bekannt.<\/p>\n<p>Die Sch\u00f6nstattbewegung macht ihrerseits das zusammenfassende Dokument des Rechtsanwalts hier zug\u00e4nglich. Wie es in den USA \u00fcblich ist, werden darin aus rechtlichen Gr\u00fcnden keine Hinweise auf die Person des Ankl\u00e4gers gegeben; die Person wird mit einem fiktiven Namen bezeichnet. Aus Gr\u00fcnden des Personenschutzes ist eine Ver\u00f6ffentlichung des anwaltlichen Berichts rechtlich nicht m\u00f6glich.<\/p>\n<p><a href=\"https:\/\/www.bistum-trier.de\/fileadmin\/user_upload\/220705_Biskupic_Summary_EN_DE_ES_Josef_Kentenich.pdf\">Text der Zusammenfassung des Berichtes<\/a><\/p>\n","protected":false},"excerpt":{"rendered":"<p>Pater Kentenich &#8211; Ver\u00f6ffentlichung der von Steven M. Biskupic verfassten Zusammenfassung mit den Schlussfolgerungen der Untersuchung des angeblichen Missbrauchs.<\/p>\n","protected":false},"author":1,"featured_media":25879,"comment_status":"closed","ping_status":"closed","sticky":false,"template":"","format":"standard","meta":{"footnotes":""},"categories":[890,878],"tags":[],"class_list":["post-51549","post","type-post","status-publish","format-standard","has-post-thumbnail","hentry","category-causa-kentenich-de","category-p-josef-kentenich-de"],"yoast_head":"<!-- This site is optimized with the Yoast SEO Premium plugin v27.4 (Yoast SEO v27.5) - https:\/\/yoast.com\/product\/yoast-seo-premium-wordpress\/ -->\n<title>Kein anderes Ergebnis \u2013 Erneute Untersuchung zu Vorw\u00fcrfen eines amerikanischen B\u00fcrgers gegen Pater Kentenich<\/title>\n<meta name=\"description\" content=\"Pater Kentenich - Ver\u00f6ffentlichung der von Steven M. Biskupic verfassten Zusammenfassung mit den Schlussfolgerungen der Untersuchung des angeblichen Missbrauchs.\" \/>\n<meta name=\"robots\" content=\"index, follow, max-snippet:-1, max-image-preview:large, max-video-preview:-1\" \/>\n<link rel=\"canonical\" href=\"https:\/\/schoenstatt.com\/de\/kein-anderes-ergebnis-erneute-untersuchung-zu-vorwuerfen-eines-amerikanischen-buergers-gegen-pater-kentenich\/\" \/>\n<meta property=\"og:locale\" content=\"de_DE\" \/>\n<meta property=\"og:type\" content=\"article\" \/>\n<meta property=\"og:title\" content=\"Kein anderes Ergebnis \u2013 Erneute Untersuchung zu Vorw\u00fcrfen eines amerikanischen B\u00fcrgers gegen Pater Kentenich\" \/>\n<meta property=\"og:description\" content=\"Pater Kentenich - Ver\u00f6ffentlichung der von Steven M. Biskupic verfassten Zusammenfassung mit den Schlussfolgerungen der Untersuchung des angeblichen Missbrauchs.\" \/>\n<meta property=\"og:url\" content=\"https:\/\/schoenstatt.com\/de\/kein-anderes-ergebnis-erneute-untersuchung-zu-vorwuerfen-eines-amerikanischen-buergers-gegen-pater-kentenich\/\" \/>\n<meta property=\"og:site_name\" content=\"Schoenstatt\" \/>\n<meta property=\"article:published_time\" content=\"2022-07-05T09:00:03+00:00\" \/>\n<meta property=\"article:modified_time\" content=\"2025-05-15T18:01:36+00:00\" \/>\n<meta property=\"og:image\" content=\"https:\/\/schoenstatt.com\/wp-content\/uploads\/2022\/07\/WhatsApp-Image-2022-07-04-at-13.03.25-2.jpeg\" \/>\n\t<meta property=\"og:image:width\" content=\"680\" \/>\n\t<meta property=\"og:image:height\" content=\"340\" \/>\n\t<meta property=\"og:image:type\" content=\"image\/jpeg\" \/>\n<meta name=\"author\" content=\"admin\" \/>\n<meta name=\"twitter:card\" content=\"summary_large_image\" \/>\n<meta name=\"twitter:label1\" content=\"Verfasst von\" \/>\n\t<meta name=\"twitter:data1\" content=\"admin\" \/>\n\t<meta name=\"twitter:label2\" content=\"Gesch\u00e4tzte Lesezeit\" \/>\n\t<meta name=\"twitter:data2\" content=\"3\u00a0Minuten\" \/>\n<script type=\"application\/ld+json\" class=\"yoast-schema-graph\">{\"@context\":\"https:\\\/\\\/schema.org\",\"@graph\":[{\"@type\":\"Article\",\"@id\":\"https:\\\/\\\/schoenstatt.com\\\/de\\\/kein-anderes-ergebnis-erneute-untersuchung-zu-vorwuerfen-eines-amerikanischen-buergers-gegen-pater-kentenich\\\/#article\",\"isPartOf\":{\"@id\":\"https:\\\/\\\/schoenstatt.com\\\/de\\\/kein-anderes-ergebnis-erneute-untersuchung-zu-vorwuerfen-eines-amerikanischen-buergers-gegen-pater-kentenich\\\/\"},\"author\":{\"name\":\"admin\",\"@id\":\"https:\\\/\\\/schoenstatt.com\\\/de\\\/#\\\/schema\\\/person\\\/489465b1850e7b216fe2c10dfc262551\"},\"headline\":\"Kein anderes Ergebnis \u2013 Erneute Untersuchung zu Vorw\u00fcrfen eines amerikanischen B\u00fcrgers gegen Pater Kentenich\",\"datePublished\":\"2022-07-05T09:00:03+00:00\",\"dateModified\":\"2025-05-15T18:01:36+00:00\",\"mainEntityOfPage\":{\"@id\":\"https:\\\/\\\/schoenstatt.com\\\/de\\\/kein-anderes-ergebnis-erneute-untersuchung-zu-vorwuerfen-eines-amerikanischen-buergers-gegen-pater-kentenich\\\/\"},\"wordCount\":516,\"publisher\":{\"@id\":\"https:\\\/\\\/schoenstatt.com\\\/de\\\/#organization\"},\"image\":{\"@id\":\"https:\\\/\\\/schoenstatt.com\\\/de\\\/kein-anderes-ergebnis-erneute-untersuchung-zu-vorwuerfen-eines-amerikanischen-buergers-gegen-pater-kentenich\\\/#primaryimage\"},\"thumbnailUrl\":\"https:\\\/\\\/schoenstatt.com\\\/wp-content\\\/uploads\\\/2022\\\/07\\\/WhatsApp-Image-2022-07-04-at-13.03.25-2.jpeg\",\"articleSection\":[\"Causa Kentenich\",\"P. Josef Kentenich\"],\"inLanguage\":\"de\"},{\"@type\":\"WebPage\",\"@id\":\"https:\\\/\\\/schoenstatt.com\\\/de\\\/kein-anderes-ergebnis-erneute-untersuchung-zu-vorwuerfen-eines-amerikanischen-buergers-gegen-pater-kentenich\\\/\",\"url\":\"https:\\\/\\\/schoenstatt.com\\\/de\\\/kein-anderes-ergebnis-erneute-untersuchung-zu-vorwuerfen-eines-amerikanischen-buergers-gegen-pater-kentenich\\\/\",\"name\":\"Kein anderes Ergebnis \u2013 Erneute Untersuchung zu Vorw\u00fcrfen eines amerikanischen B\u00fcrgers gegen Pater Kentenich\",\"isPartOf\":{\"@id\":\"https:\\\/\\\/schoenstatt.com\\\/de\\\/#website\"},\"primaryImageOfPage\":{\"@id\":\"https:\\\/\\\/schoenstatt.com\\\/de\\\/kein-anderes-ergebnis-erneute-untersuchung-zu-vorwuerfen-eines-amerikanischen-buergers-gegen-pater-kentenich\\\/#primaryimage\"},\"image\":{\"@id\":\"https:\\\/\\\/schoenstatt.com\\\/de\\\/kein-anderes-ergebnis-erneute-untersuchung-zu-vorwuerfen-eines-amerikanischen-buergers-gegen-pater-kentenich\\\/#primaryimage\"},\"thumbnailUrl\":\"https:\\\/\\\/schoenstatt.com\\\/wp-content\\\/uploads\\\/2022\\\/07\\\/WhatsApp-Image-2022-07-04-at-13.03.25-2.jpeg\",\"datePublished\":\"2022-07-05T09:00:03+00:00\",\"dateModified\":\"2025-05-15T18:01:36+00:00\",\"description\":\"Pater Kentenich - Ver\u00f6ffentlichung der von Steven M. Biskupic verfassten Zusammenfassung mit den Schlussfolgerungen der Untersuchung des angeblichen Missbrauchs.\",\"breadcrumb\":{\"@id\":\"https:\\\/\\\/schoenstatt.com\\\/de\\\/kein-anderes-ergebnis-erneute-untersuchung-zu-vorwuerfen-eines-amerikanischen-buergers-gegen-pater-kentenich\\\/#breadcrumb\"},\"inLanguage\":\"de\",\"potentialAction\":[{\"@type\":\"ReadAction\",\"target\":[\"https:\\\/\\\/schoenstatt.com\\\/de\\\/kein-anderes-ergebnis-erneute-untersuchung-zu-vorwuerfen-eines-amerikanischen-buergers-gegen-pater-kentenich\\\/\"]}]},{\"@type\":\"ImageObject\",\"inLanguage\":\"de\",\"@id\":\"https:\\\/\\\/schoenstatt.com\\\/de\\\/kein-anderes-ergebnis-erneute-untersuchung-zu-vorwuerfen-eines-amerikanischen-buergers-gegen-pater-kentenich\\\/#primaryimage\",\"url\":\"https:\\\/\\\/schoenstatt.com\\\/wp-content\\\/uploads\\\/2022\\\/07\\\/WhatsApp-Image-2022-07-04-at-13.03.25-2.jpeg\",\"contentUrl\":\"https:\\\/\\\/schoenstatt.com\\\/wp-content\\\/uploads\\\/2022\\\/07\\\/WhatsApp-Image-2022-07-04-at-13.03.25-2.jpeg\",\"width\":680,\"height\":340,\"caption\":\"In diesem Geb\u00e4ude in Milwaukee, USA, wohnte Pater Josef Kentenich von Juni 1952 bis September 1965\"},{\"@type\":\"BreadcrumbList\",\"@id\":\"https:\\\/\\\/schoenstatt.com\\\/de\\\/kein-anderes-ergebnis-erneute-untersuchung-zu-vorwuerfen-eines-amerikanischen-buergers-gegen-pater-kentenich\\\/#breadcrumb\",\"itemListElement\":[{\"@type\":\"ListItem\",\"position\":1,\"name\":\"Portada\",\"item\":\"https:\\\/\\\/schoenstatt.com\\\/de\\\/home\\\/\"},{\"@type\":\"ListItem\",\"position\":2,\"name\":\"Kein anderes Ergebnis \u2013 Erneute Untersuchung zu Vorw\u00fcrfen eines amerikanischen B\u00fcrgers gegen Pater Kentenich\"}]},{\"@type\":\"WebSite\",\"@id\":\"https:\\\/\\\/schoenstatt.com\\\/de\\\/#website\",\"url\":\"https:\\\/\\\/schoenstatt.com\\\/de\\\/\",\"name\":\"Schoenstatt\",\"description\":\"Apostolic Movement\",\"publisher\":{\"@id\":\"https:\\\/\\\/schoenstatt.com\\\/de\\\/#organization\"},\"potentialAction\":[{\"@type\":\"SearchAction\",\"target\":{\"@type\":\"EntryPoint\",\"urlTemplate\":\"https:\\\/\\\/schoenstatt.com\\\/de\\\/?s={search_term_string}\"},\"query-input\":{\"@type\":\"PropertyValueSpecification\",\"valueRequired\":true,\"valueName\":\"search_term_string\"}}],\"inLanguage\":\"de\"},{\"@type\":\"Organization\",\"@id\":\"https:\\\/\\\/schoenstatt.com\\\/de\\\/#organization\",\"name\":\"Schoenstatt\",\"url\":\"https:\\\/\\\/schoenstatt.com\\\/de\\\/\",\"logo\":{\"@type\":\"ImageObject\",\"inLanguage\":\"de\",\"@id\":\"https:\\\/\\\/schoenstatt.com\\\/de\\\/#\\\/schema\\\/logo\\\/image\\\/\",\"url\":\"https:\\\/\\\/schoenstatt.com\\\/wp-content\\\/uploads\\\/2025\\\/04\\\/logo-schoenstatt-white-696x696-1.png\",\"contentUrl\":\"https:\\\/\\\/schoenstatt.com\\\/wp-content\\\/uploads\\\/2025\\\/04\\\/logo-schoenstatt-white-696x696-1.png\",\"width\":696,\"height\":694,\"caption\":\"Schoenstatt\"},\"image\":{\"@id\":\"https:\\\/\\\/schoenstatt.com\\\/de\\\/#\\\/schema\\\/logo\\\/image\\\/\"}},{\"@type\":\"Person\",\"@id\":\"https:\\\/\\\/schoenstatt.com\\\/de\\\/#\\\/schema\\\/person\\\/489465b1850e7b216fe2c10dfc262551\",\"name\":\"admin\",\"image\":{\"@type\":\"ImageObject\",\"inLanguage\":\"de\",\"@id\":\"https:\\\/\\\/secure.gravatar.com\\\/avatar\\\/02e8345e1ec40ab0e0a2a98fdde64a684bbaf994cddcb778b25b8b024ee9dfe6?s=96&d=mm&r=g\",\"url\":\"https:\\\/\\\/secure.gravatar.com\\\/avatar\\\/02e8345e1ec40ab0e0a2a98fdde64a684bbaf994cddcb778b25b8b024ee9dfe6?s=96&d=mm&r=g\",\"contentUrl\":\"https:\\\/\\\/secure.gravatar.com\\\/avatar\\\/02e8345e1ec40ab0e0a2a98fdde64a684bbaf994cddcb778b25b8b024ee9dfe6?s=96&d=mm&r=g\",\"caption\":\"admin\"},\"sameAs\":[\"https:\\\/\\\/schoenstatt.com\"],\"url\":\"https:\\\/\\\/schoenstatt.com\\\/de\\\/author\\\/admin\\\/\"}]}<\/script>\n<!-- \/ Yoast SEO Premium plugin. -->","yoast_head_json":{"title":"Kein anderes Ergebnis \u2013 Erneute Untersuchung zu Vorw\u00fcrfen eines amerikanischen B\u00fcrgers gegen Pater Kentenich","description":"Pater Kentenich - Ver\u00f6ffentlichung der von Steven M. Biskupic verfassten Zusammenfassung mit den Schlussfolgerungen der Untersuchung des angeblichen Missbrauchs.","robots":{"index":"index","follow":"follow","max-snippet":"max-snippet:-1","max-image-preview":"max-image-preview:large","max-video-preview":"max-video-preview:-1"},"canonical":"https:\/\/schoenstatt.com\/de\/kein-anderes-ergebnis-erneute-untersuchung-zu-vorwuerfen-eines-amerikanischen-buergers-gegen-pater-kentenich\/","og_locale":"de_DE","og_type":"article","og_title":"Kein anderes Ergebnis \u2013 Erneute Untersuchung zu Vorw\u00fcrfen eines amerikanischen B\u00fcrgers gegen Pater Kentenich","og_description":"Pater Kentenich - Ver\u00f6ffentlichung der von Steven M. Biskupic verfassten Zusammenfassung mit den Schlussfolgerungen der Untersuchung des angeblichen Missbrauchs.","og_url":"https:\/\/schoenstatt.com\/de\/kein-anderes-ergebnis-erneute-untersuchung-zu-vorwuerfen-eines-amerikanischen-buergers-gegen-pater-kentenich\/","og_site_name":"Schoenstatt","article_published_time":"2022-07-05T09:00:03+00:00","article_modified_time":"2025-05-15T18:01:36+00:00","og_image":[{"width":680,"height":340,"url":"https:\/\/schoenstatt.com\/wp-content\/uploads\/2022\/07\/WhatsApp-Image-2022-07-04-at-13.03.25-2.jpeg","type":"image\/jpeg"}],"author":"admin","twitter_card":"summary_large_image","twitter_misc":{"Verfasst von":"admin","Gesch\u00e4tzte Lesezeit":"3\u00a0Minuten"},"schema":{"@context":"https:\/\/schema.org","@graph":[{"@type":"Article","@id":"https:\/\/schoenstatt.com\/de\/kein-anderes-ergebnis-erneute-untersuchung-zu-vorwuerfen-eines-amerikanischen-buergers-gegen-pater-kentenich\/#article","isPartOf":{"@id":"https:\/\/schoenstatt.com\/de\/kein-anderes-ergebnis-erneute-untersuchung-zu-vorwuerfen-eines-amerikanischen-buergers-gegen-pater-kentenich\/"},"author":{"name":"admin","@id":"https:\/\/schoenstatt.com\/de\/#\/schema\/person\/489465b1850e7b216fe2c10dfc262551"},"headline":"Kein anderes Ergebnis \u2013 Erneute Untersuchung zu Vorw\u00fcrfen eines amerikanischen B\u00fcrgers gegen Pater Kentenich","datePublished":"2022-07-05T09:00:03+00:00","dateModified":"2025-05-15T18:01:36+00:00","mainEntityOfPage":{"@id":"https:\/\/schoenstatt.com\/de\/kein-anderes-ergebnis-erneute-untersuchung-zu-vorwuerfen-eines-amerikanischen-buergers-gegen-pater-kentenich\/"},"wordCount":516,"publisher":{"@id":"https:\/\/schoenstatt.com\/de\/#organization"},"image":{"@id":"https:\/\/schoenstatt.com\/de\/kein-anderes-ergebnis-erneute-untersuchung-zu-vorwuerfen-eines-amerikanischen-buergers-gegen-pater-kentenich\/#primaryimage"},"thumbnailUrl":"https:\/\/schoenstatt.com\/wp-content\/uploads\/2022\/07\/WhatsApp-Image-2022-07-04-at-13.03.25-2.jpeg","articleSection":["Causa Kentenich","P. Josef Kentenich"],"inLanguage":"de"},{"@type":"WebPage","@id":"https:\/\/schoenstatt.com\/de\/kein-anderes-ergebnis-erneute-untersuchung-zu-vorwuerfen-eines-amerikanischen-buergers-gegen-pater-kentenich\/","url":"https:\/\/schoenstatt.com\/de\/kein-anderes-ergebnis-erneute-untersuchung-zu-vorwuerfen-eines-amerikanischen-buergers-gegen-pater-kentenich\/","name":"Kein anderes Ergebnis \u2013 Erneute Untersuchung zu Vorw\u00fcrfen eines amerikanischen B\u00fcrgers gegen Pater Kentenich","isPartOf":{"@id":"https:\/\/schoenstatt.com\/de\/#website"},"primaryImageOfPage":{"@id":"https:\/\/schoenstatt.com\/de\/kein-anderes-ergebnis-erneute-untersuchung-zu-vorwuerfen-eines-amerikanischen-buergers-gegen-pater-kentenich\/#primaryimage"},"image":{"@id":"https:\/\/schoenstatt.com\/de\/kein-anderes-ergebnis-erneute-untersuchung-zu-vorwuerfen-eines-amerikanischen-buergers-gegen-pater-kentenich\/#primaryimage"},"thumbnailUrl":"https:\/\/schoenstatt.com\/wp-content\/uploads\/2022\/07\/WhatsApp-Image-2022-07-04-at-13.03.25-2.jpeg","datePublished":"2022-07-05T09:00:03+00:00","dateModified":"2025-05-15T18:01:36+00:00","description":"Pater Kentenich - Ver\u00f6ffentlichung der von Steven M. Biskupic verfassten Zusammenfassung mit den Schlussfolgerungen der Untersuchung des angeblichen Missbrauchs.","breadcrumb":{"@id":"https:\/\/schoenstatt.com\/de\/kein-anderes-ergebnis-erneute-untersuchung-zu-vorwuerfen-eines-amerikanischen-buergers-gegen-pater-kentenich\/#breadcrumb"},"inLanguage":"de","potentialAction":[{"@type":"ReadAction","target":["https:\/\/schoenstatt.com\/de\/kein-anderes-ergebnis-erneute-untersuchung-zu-vorwuerfen-eines-amerikanischen-buergers-gegen-pater-kentenich\/"]}]},{"@type":"ImageObject","inLanguage":"de","@id":"https:\/\/schoenstatt.com\/de\/kein-anderes-ergebnis-erneute-untersuchung-zu-vorwuerfen-eines-amerikanischen-buergers-gegen-pater-kentenich\/#primaryimage","url":"https:\/\/schoenstatt.com\/wp-content\/uploads\/2022\/07\/WhatsApp-Image-2022-07-04-at-13.03.25-2.jpeg","contentUrl":"https:\/\/schoenstatt.com\/wp-content\/uploads\/2022\/07\/WhatsApp-Image-2022-07-04-at-13.03.25-2.jpeg","width":680,"height":340,"caption":"In diesem Geb\u00e4ude in Milwaukee, USA, wohnte Pater Josef Kentenich von Juni 1952 bis September 1965"},{"@type":"BreadcrumbList","@id":"https:\/\/schoenstatt.com\/de\/kein-anderes-ergebnis-erneute-untersuchung-zu-vorwuerfen-eines-amerikanischen-buergers-gegen-pater-kentenich\/#breadcrumb","itemListElement":[{"@type":"ListItem","position":1,"name":"Portada","item":"https:\/\/schoenstatt.com\/de\/home\/"},{"@type":"ListItem","position":2,"name":"Kein anderes Ergebnis \u2013 Erneute Untersuchung zu Vorw\u00fcrfen eines amerikanischen B\u00fcrgers gegen Pater Kentenich"}]},{"@type":"WebSite","@id":"https:\/\/schoenstatt.com\/de\/#website","url":"https:\/\/schoenstatt.com\/de\/","name":"Schoenstatt","description":"Apostolic Movement","publisher":{"@id":"https:\/\/schoenstatt.com\/de\/#organization"},"potentialAction":[{"@type":"SearchAction","target":{"@type":"EntryPoint","urlTemplate":"https:\/\/schoenstatt.com\/de\/?s={search_term_string}"},"query-input":{"@type":"PropertyValueSpecification","valueRequired":true,"valueName":"search_term_string"}}],"inLanguage":"de"},{"@type":"Organization","@id":"https:\/\/schoenstatt.com\/de\/#organization","name":"Schoenstatt","url":"https:\/\/schoenstatt.com\/de\/","logo":{"@type":"ImageObject","inLanguage":"de","@id":"https:\/\/schoenstatt.com\/de\/#\/schema\/logo\/image\/","url":"https:\/\/schoenstatt.com\/wp-content\/uploads\/2025\/04\/logo-schoenstatt-white-696x696-1.png","contentUrl":"https:\/\/schoenstatt.com\/wp-content\/uploads\/2025\/04\/logo-schoenstatt-white-696x696-1.png","width":696,"height":694,"caption":"Schoenstatt"},"image":{"@id":"https:\/\/schoenstatt.com\/de\/#\/schema\/logo\/image\/"}},{"@type":"Person","@id":"https:\/\/schoenstatt.com\/de\/#\/schema\/person\/489465b1850e7b216fe2c10dfc262551","name":"admin","image":{"@type":"ImageObject","inLanguage":"de","@id":"https:\/\/secure.gravatar.com\/avatar\/02e8345e1ec40ab0e0a2a98fdde64a684bbaf994cddcb778b25b8b024ee9dfe6?s=96&d=mm&r=g","url":"https:\/\/secure.gravatar.com\/avatar\/02e8345e1ec40ab0e0a2a98fdde64a684bbaf994cddcb778b25b8b024ee9dfe6?s=96&d=mm&r=g","contentUrl":"https:\/\/secure.gravatar.com\/avatar\/02e8345e1ec40ab0e0a2a98fdde64a684bbaf994cddcb778b25b8b024ee9dfe6?s=96&d=mm&r=g","caption":"admin"},"sameAs":["https:\/\/schoenstatt.com"],"url":"https:\/\/schoenstatt.com\/de\/author\/admin\/"}]}},"_links":{"self":[{"href":"https:\/\/schoenstatt.com\/de\/wp-json\/wp\/v2\/posts\/51549","targetHints":{"allow":["GET"]}}],"collection":[{"href":"https:\/\/schoenstatt.com\/de\/wp-json\/wp\/v2\/posts"}],"about":[{"href":"https:\/\/schoenstatt.com\/de\/wp-json\/wp\/v2\/types\/post"}],"author":[{"embeddable":true,"href":"https:\/\/schoenstatt.com\/de\/wp-json\/wp\/v2\/users\/1"}],"replies":[{"embeddable":true,"href":"https:\/\/schoenstatt.com\/de\/wp-json\/wp\/v2\/comments?post=51549"}],"version-history":[{"count":1,"href":"https:\/\/schoenstatt.com\/de\/wp-json\/wp\/v2\/posts\/51549\/revisions"}],"predecessor-version":[{"id":51604,"href":"https:\/\/schoenstatt.com\/de\/wp-json\/wp\/v2\/posts\/51549\/revisions\/51604"}],"wp:featuredmedia":[{"embeddable":true,"href":"https:\/\/schoenstatt.com\/de\/wp-json\/wp\/v2\/media\/25879"}],"wp:attachment":[{"href":"https:\/\/schoenstatt.com\/de\/wp-json\/wp\/v2\/media?parent=51549"}],"wp:term":[{"taxonomy":"category","embeddable":true,"href":"https:\/\/schoenstatt.com\/de\/wp-json\/wp\/v2\/categories?post=51549"},{"taxonomy":"post_tag","embeddable":true,"href":"https:\/\/schoenstatt.com\/de\/wp-json\/wp\/v2\/tags?post=51549"}],"curies":[{"name":"wp","href":"https:\/\/api.w.org\/{rel}","templated":true}]}}