{"id":51541,"date":"2022-07-02T09:50:01","date_gmt":"2022-07-02T07:50:01","guid":{"rendered":"https:\/\/schoenstattdev.wpenginepowered.com\/?p=25850"},"modified":"2025-05-15T19:36:27","modified_gmt":"2025-05-15T17:36:27","slug":"juli-fuer-die-aelteren-menschen","status":"publish","type":"post","link":"https:\/\/schoenstatt.com\/de\/juli-fuer-die-aelteren-menschen\/","title":{"rendered":"JULI | F\u00fcr die \u00e4lteren Menschen"},"content":{"rendered":"<h3>Wir k\u00f6nnen nicht \u00fcber die Familie sprechen, ohne auf die Bedeutung einzugehen, die die \u00e4lteren Menschen unter uns haben.<\/h3>\n<p>JULI 2020 &#8211; In der Geschichte der Menschheit waren wir noch nie so zahlreich wie jetzt, aber wir wissen nicht recht, wie wir diesen neuen Lebensabschnitt leben sollen: F\u00fcr das Alter gibt es zahlreiche Pflegepl\u00e4ne, aber wenig Lebensprojekte.<br \/>\nWir \u00e4ltere Menschen haben oft eine besondere Sensibilit\u00e4t f\u00fcr F\u00fcrsorge, Nachdenken und Zuneigung. Wir sind oder k\u00f6nnen Meister der Z\u00e4rtlichkeit werden \u2013 und wie sehr!<br \/>\nWir brauchen in dieser Welt, die an den Krieg gew\u00f6hnt ist, eine echte Revolution der Z\u00e4rtlichkeit.<br \/>\nIn dieser Hinsicht haben wir eine gro\u00dfe Verantwortung gegen\u00fcber den jungen Generationen.<br \/>\nErinnern wir uns: Gro\u00dfeltern und \u00e4ltere Menschen sind das Brot, das unser Leben n\u00e4hrt, sie sind die verborgene Weisheit eines Volkes, deshalb ist es sch\u00f6n, dass wir sie feiern, und deshalb habe ich einen Tag eingef\u00fchrt, der ihnen gewidmet ist.<br \/>\nWir beten f\u00fcr die \u00e4lteren Menschen, dass sie zu Lehrern der Z\u00e4rtlichkeit werden und ihre Erfahrung und Weisheit jungen Menschen helfen m\u00f6ge, mit Hoffnung und Verantwortung in die Zukunft zu schauen.<\/p>\n<p><iframe title=\"F\u00fcr die \u00e4lteren Menschen - Das Video vom Papst 7 \u2013  Juli 2022\" width=\"800\" height=\"450\" src=\"https:\/\/www.youtube.com\/embed\/b7QfYRlycWQ?feature=oembed\" frameborder=\"0\" allow=\"accelerometer; autoplay; clipboard-write; encrypted-media; gyroscope; picture-in-picture; web-share\" referrerpolicy=\"strict-origin-when-cross-origin\" allowfullscreen><\/iframe><\/p>\n<p>Sie k\u00f6nnen auch lesen: <a href=\"https:\/\/thepopevideo.org\/\">https:\/\/thepopevideo.org\/<\/a><\/p>\n<p><a href=\"https:\/\/schoenstattdev.wpenginepowered.com\/de\/familie\/juni-fuer-die-familien\/\">JUNI | F\u00fcr die Familien<\/a><\/p>\n","protected":false},"excerpt":{"rendered":"<p>Wir beten f\u00fcr die \u00e4lteren Menschen; m\u00f6ge ihre Erfahrung und Weisheit jungen Menschen helfen, mit Hoffnung und Verantwortung in die Zukunft zu schauen.<\/p>\n","protected":false},"author":1,"featured_media":25846,"comment_status":"closed","ping_status":"closed","sticky":false,"template":"","format":"standard","meta":{"footnotes":""},"categories":[910,851],"tags":[],"class_list":["post-51541","post","type-post","status-publish","format-standard","has-post-thumbnail","hentry","category-gesellschaft-de","category-kirche-de"],"yoast_head":"<!-- This site is optimized with the Yoast SEO Premium plugin v27.4 (Yoast SEO v27.4) - https:\/\/yoast.com\/product\/yoast-seo-premium-wordpress\/ -->\n<title>JULI | F\u00fcr die \u00e4lteren Menschen - Schoenstatt<\/title>\n<meta name=\"description\" content=\"JULY - Wir beten f\u00fcr die \u00e4lteren Menschen; m\u00f6ge ihre Weisheit jungen Menschen helfen, mit Hoffnung in die Zukunft zu schauen.\" \/>\n<meta name=\"robots\" content=\"index, follow, max-snippet:-1, max-image-preview:large, max-video-preview:-1\" \/>\n<link rel=\"canonical\" href=\"https:\/\/schoenstatt.com\/de\/juli-fuer-die-aelteren-menschen\/\" \/>\n<meta property=\"og:locale\" content=\"de_DE\" \/>\n<meta property=\"og:type\" content=\"article\" \/>\n<meta property=\"og:title\" content=\"JULI | F\u00fcr die \u00e4lteren Menschen\" \/>\n<meta property=\"og:description\" content=\"JULY - Wir beten f\u00fcr die \u00e4lteren Menschen; m\u00f6ge ihre Weisheit jungen Menschen helfen, mit Hoffnung in die Zukunft zu schauen.\" \/>\n<meta property=\"og:url\" content=\"https:\/\/schoenstatt.com\/de\/juli-fuer-die-aelteren-menschen\/\" \/>\n<meta property=\"og:site_name\" content=\"Schoenstatt\" \/>\n<meta property=\"article:published_time\" content=\"2022-07-02T07:50:01+00:00\" \/>\n<meta property=\"article:modified_time\" content=\"2025-05-15T17:36:27+00:00\" \/>\n<meta property=\"og:image\" content=\"https:\/\/schoenstatt.com\/wp-content\/uploads\/2022\/07\/ancianos-2-1.png\" \/>\n\t<meta property=\"og:image:width\" content=\"515\" \/>\n\t<meta property=\"og:image:height\" content=\"364\" \/>\n\t<meta property=\"og:image:type\" content=\"image\/png\" \/>\n<meta name=\"author\" content=\"admin\" \/>\n<meta name=\"twitter:card\" content=\"summary_large_image\" \/>\n<meta name=\"twitter:label1\" content=\"Verfasst von\" \/>\n\t<meta name=\"twitter:data1\" content=\"admin\" \/>\n\t<meta name=\"twitter:label2\" content=\"Gesch\u00e4tzte Lesezeit\" \/>\n\t<meta name=\"twitter:data2\" content=\"1\u00a0Minute\" \/>\n<script type=\"application\/ld+json\" class=\"yoast-schema-graph\">{\"@context\":\"https:\\\/\\\/schema.org\",\"@graph\":[{\"@type\":\"Article\",\"@id\":\"https:\\\/\\\/schoenstatt.com\\\/de\\\/juli-fuer-die-aelteren-menschen\\\/#article\",\"isPartOf\":{\"@id\":\"https:\\\/\\\/schoenstatt.com\\\/de\\\/juli-fuer-die-aelteren-menschen\\\/\"},\"author\":{\"name\":\"admin\",\"@id\":\"https:\\\/\\\/schoenstatt.com\\\/de\\\/#\\\/schema\\\/person\\\/489465b1850e7b216fe2c10dfc262551\"},\"headline\":\"JULI | F\u00fcr die \u00e4lteren Menschen\",\"datePublished\":\"2022-07-02T07:50:01+00:00\",\"dateModified\":\"2025-05-15T17:36:27+00:00\",\"mainEntityOfPage\":{\"@id\":\"https:\\\/\\\/schoenstatt.com\\\/de\\\/juli-fuer-die-aelteren-menschen\\\/\"},\"wordCount\":222,\"publisher\":{\"@id\":\"https:\\\/\\\/schoenstatt.com\\\/de\\\/#organization\"},\"image\":{\"@id\":\"https:\\\/\\\/schoenstatt.com\\\/de\\\/juli-fuer-die-aelteren-menschen\\\/#primaryimage\"},\"thumbnailUrl\":\"https:\\\/\\\/schoenstatt.com\\\/wp-content\\\/uploads\\\/2022\\\/07\\\/ancianos-2-1.png\",\"articleSection\":[\"Gesellschaft\",\"Kirche\"],\"inLanguage\":\"de\"},{\"@type\":\"WebPage\",\"@id\":\"https:\\\/\\\/schoenstatt.com\\\/de\\\/juli-fuer-die-aelteren-menschen\\\/\",\"url\":\"https:\\\/\\\/schoenstatt.com\\\/de\\\/juli-fuer-die-aelteren-menschen\\\/\",\"name\":\"JULI | F\u00fcr die \u00e4lteren Menschen - Schoenstatt\",\"isPartOf\":{\"@id\":\"https:\\\/\\\/schoenstatt.com\\\/de\\\/#website\"},\"primaryImageOfPage\":{\"@id\":\"https:\\\/\\\/schoenstatt.com\\\/de\\\/juli-fuer-die-aelteren-menschen\\\/#primaryimage\"},\"image\":{\"@id\":\"https:\\\/\\\/schoenstatt.com\\\/de\\\/juli-fuer-die-aelteren-menschen\\\/#primaryimage\"},\"thumbnailUrl\":\"https:\\\/\\\/schoenstatt.com\\\/wp-content\\\/uploads\\\/2022\\\/07\\\/ancianos-2-1.png\",\"datePublished\":\"2022-07-02T07:50:01+00:00\",\"dateModified\":\"2025-05-15T17:36:27+00:00\",\"description\":\"JULY - Wir beten f\u00fcr die \u00e4lteren Menschen; m\u00f6ge ihre Weisheit jungen Menschen helfen, mit Hoffnung in die Zukunft zu schauen.\",\"breadcrumb\":{\"@id\":\"https:\\\/\\\/schoenstatt.com\\\/de\\\/juli-fuer-die-aelteren-menschen\\\/#breadcrumb\"},\"inLanguage\":\"de\",\"potentialAction\":[{\"@type\":\"ReadAction\",\"target\":[\"https:\\\/\\\/schoenstatt.com\\\/de\\\/juli-fuer-die-aelteren-menschen\\\/\"]}]},{\"@type\":\"ImageObject\",\"inLanguage\":\"de\",\"@id\":\"https:\\\/\\\/schoenstatt.com\\\/de\\\/juli-fuer-die-aelteren-menschen\\\/#primaryimage\",\"url\":\"https:\\\/\\\/schoenstatt.com\\\/wp-content\\\/uploads\\\/2022\\\/07\\\/ancianos-2-1.png\",\"contentUrl\":\"https:\\\/\\\/schoenstatt.com\\\/wp-content\\\/uploads\\\/2022\\\/07\\\/ancianos-2-1.png\",\"width\":515,\"height\":364,\"caption\":\"JULHO\"},{\"@type\":\"BreadcrumbList\",\"@id\":\"https:\\\/\\\/schoenstatt.com\\\/de\\\/juli-fuer-die-aelteren-menschen\\\/#breadcrumb\",\"itemListElement\":[{\"@type\":\"ListItem\",\"position\":1,\"name\":\"Portada\",\"item\":\"https:\\\/\\\/schoenstatt.com\\\/de\\\/home\\\/\"},{\"@type\":\"ListItem\",\"position\":2,\"name\":\"JULI | F\u00fcr die \u00e4lteren Menschen\"}]},{\"@type\":\"WebSite\",\"@id\":\"https:\\\/\\\/schoenstatt.com\\\/de\\\/#website\",\"url\":\"https:\\\/\\\/schoenstatt.com\\\/de\\\/\",\"name\":\"Schoenstatt\",\"description\":\"Apostolic Movement\",\"publisher\":{\"@id\":\"https:\\\/\\\/schoenstatt.com\\\/de\\\/#organization\"},\"potentialAction\":[{\"@type\":\"SearchAction\",\"target\":{\"@type\":\"EntryPoint\",\"urlTemplate\":\"https:\\\/\\\/schoenstatt.com\\\/de\\\/?s={search_term_string}\"},\"query-input\":{\"@type\":\"PropertyValueSpecification\",\"valueRequired\":true,\"valueName\":\"search_term_string\"}}],\"inLanguage\":\"de\"},{\"@type\":\"Organization\",\"@id\":\"https:\\\/\\\/schoenstatt.com\\\/de\\\/#organization\",\"name\":\"Schoenstatt\",\"url\":\"https:\\\/\\\/schoenstatt.com\\\/de\\\/\",\"logo\":{\"@type\":\"ImageObject\",\"inLanguage\":\"de\",\"@id\":\"https:\\\/\\\/schoenstatt.com\\\/de\\\/#\\\/schema\\\/logo\\\/image\\\/\",\"url\":\"https:\\\/\\\/schoenstatt.com\\\/wp-content\\\/uploads\\\/2025\\\/04\\\/logo-schoenstatt-white-696x696-1.png\",\"contentUrl\":\"https:\\\/\\\/schoenstatt.com\\\/wp-content\\\/uploads\\\/2025\\\/04\\\/logo-schoenstatt-white-696x696-1.png\",\"width\":696,\"height\":694,\"caption\":\"Schoenstatt\"},\"image\":{\"@id\":\"https:\\\/\\\/schoenstatt.com\\\/de\\\/#\\\/schema\\\/logo\\\/image\\\/\"}},{\"@type\":\"Person\",\"@id\":\"https:\\\/\\\/schoenstatt.com\\\/de\\\/#\\\/schema\\\/person\\\/489465b1850e7b216fe2c10dfc262551\",\"name\":\"admin\",\"image\":{\"@type\":\"ImageObject\",\"inLanguage\":\"de\",\"@id\":\"https:\\\/\\\/secure.gravatar.com\\\/avatar\\\/02e8345e1ec40ab0e0a2a98fdde64a684bbaf994cddcb778b25b8b024ee9dfe6?s=96&d=mm&r=g\",\"url\":\"https:\\\/\\\/secure.gravatar.com\\\/avatar\\\/02e8345e1ec40ab0e0a2a98fdde64a684bbaf994cddcb778b25b8b024ee9dfe6?s=96&d=mm&r=g\",\"contentUrl\":\"https:\\\/\\\/secure.gravatar.com\\\/avatar\\\/02e8345e1ec40ab0e0a2a98fdde64a684bbaf994cddcb778b25b8b024ee9dfe6?s=96&d=mm&r=g\",\"caption\":\"admin\"},\"sameAs\":[\"https:\\\/\\\/schoenstatt.com\"],\"url\":\"https:\\\/\\\/schoenstatt.com\\\/de\\\/author\\\/admin\\\/\"}]}<\/script>\n<!-- \/ Yoast SEO Premium plugin. -->","yoast_head_json":{"title":"JULI | F\u00fcr die \u00e4lteren Menschen - Schoenstatt","description":"JULY - Wir beten f\u00fcr die \u00e4lteren Menschen; m\u00f6ge ihre Weisheit jungen Menschen helfen, mit Hoffnung in die Zukunft zu schauen.","robots":{"index":"index","follow":"follow","max-snippet":"max-snippet:-1","max-image-preview":"max-image-preview:large","max-video-preview":"max-video-preview:-1"},"canonical":"https:\/\/schoenstatt.com\/de\/juli-fuer-die-aelteren-menschen\/","og_locale":"de_DE","og_type":"article","og_title":"JULI | F\u00fcr die \u00e4lteren Menschen","og_description":"JULY - Wir beten f\u00fcr die \u00e4lteren Menschen; m\u00f6ge ihre Weisheit jungen Menschen helfen, mit Hoffnung in die Zukunft zu schauen.","og_url":"https:\/\/schoenstatt.com\/de\/juli-fuer-die-aelteren-menschen\/","og_site_name":"Schoenstatt","article_published_time":"2022-07-02T07:50:01+00:00","article_modified_time":"2025-05-15T17:36:27+00:00","og_image":[{"width":515,"height":364,"url":"https:\/\/schoenstatt.com\/wp-content\/uploads\/2022\/07\/ancianos-2-1.png","type":"image\/png"}],"author":"admin","twitter_card":"summary_large_image","twitter_misc":{"Verfasst von":"admin","Gesch\u00e4tzte Lesezeit":"1\u00a0Minute"},"schema":{"@context":"https:\/\/schema.org","@graph":[{"@type":"Article","@id":"https:\/\/schoenstatt.com\/de\/juli-fuer-die-aelteren-menschen\/#article","isPartOf":{"@id":"https:\/\/schoenstatt.com\/de\/juli-fuer-die-aelteren-menschen\/"},"author":{"name":"admin","@id":"https:\/\/schoenstatt.com\/de\/#\/schema\/person\/489465b1850e7b216fe2c10dfc262551"},"headline":"JULI | F\u00fcr die \u00e4lteren Menschen","datePublished":"2022-07-02T07:50:01+00:00","dateModified":"2025-05-15T17:36:27+00:00","mainEntityOfPage":{"@id":"https:\/\/schoenstatt.com\/de\/juli-fuer-die-aelteren-menschen\/"},"wordCount":222,"publisher":{"@id":"https:\/\/schoenstatt.com\/de\/#organization"},"image":{"@id":"https:\/\/schoenstatt.com\/de\/juli-fuer-die-aelteren-menschen\/#primaryimage"},"thumbnailUrl":"https:\/\/schoenstatt.com\/wp-content\/uploads\/2022\/07\/ancianos-2-1.png","articleSection":["Gesellschaft","Kirche"],"inLanguage":"de"},{"@type":"WebPage","@id":"https:\/\/schoenstatt.com\/de\/juli-fuer-die-aelteren-menschen\/","url":"https:\/\/schoenstatt.com\/de\/juli-fuer-die-aelteren-menschen\/","name":"JULI | F\u00fcr die \u00e4lteren Menschen - Schoenstatt","isPartOf":{"@id":"https:\/\/schoenstatt.com\/de\/#website"},"primaryImageOfPage":{"@id":"https:\/\/schoenstatt.com\/de\/juli-fuer-die-aelteren-menschen\/#primaryimage"},"image":{"@id":"https:\/\/schoenstatt.com\/de\/juli-fuer-die-aelteren-menschen\/#primaryimage"},"thumbnailUrl":"https:\/\/schoenstatt.com\/wp-content\/uploads\/2022\/07\/ancianos-2-1.png","datePublished":"2022-07-02T07:50:01+00:00","dateModified":"2025-05-15T17:36:27+00:00","description":"JULY - Wir beten f\u00fcr die \u00e4lteren Menschen; m\u00f6ge ihre Weisheit jungen Menschen helfen, mit Hoffnung in die Zukunft zu schauen.","breadcrumb":{"@id":"https:\/\/schoenstatt.com\/de\/juli-fuer-die-aelteren-menschen\/#breadcrumb"},"inLanguage":"de","potentialAction":[{"@type":"ReadAction","target":["https:\/\/schoenstatt.com\/de\/juli-fuer-die-aelteren-menschen\/"]}]},{"@type":"ImageObject","inLanguage":"de","@id":"https:\/\/schoenstatt.com\/de\/juli-fuer-die-aelteren-menschen\/#primaryimage","url":"https:\/\/schoenstatt.com\/wp-content\/uploads\/2022\/07\/ancianos-2-1.png","contentUrl":"https:\/\/schoenstatt.com\/wp-content\/uploads\/2022\/07\/ancianos-2-1.png","width":515,"height":364,"caption":"JULHO"},{"@type":"BreadcrumbList","@id":"https:\/\/schoenstatt.com\/de\/juli-fuer-die-aelteren-menschen\/#breadcrumb","itemListElement":[{"@type":"ListItem","position":1,"name":"Portada","item":"https:\/\/schoenstatt.com\/de\/home\/"},{"@type":"ListItem","position":2,"name":"JULI | F\u00fcr die \u00e4lteren Menschen"}]},{"@type":"WebSite","@id":"https:\/\/schoenstatt.com\/de\/#website","url":"https:\/\/schoenstatt.com\/de\/","name":"Schoenstatt","description":"Apostolic Movement","publisher":{"@id":"https:\/\/schoenstatt.com\/de\/#organization"},"potentialAction":[{"@type":"SearchAction","target":{"@type":"EntryPoint","urlTemplate":"https:\/\/schoenstatt.com\/de\/?s={search_term_string}"},"query-input":{"@type":"PropertyValueSpecification","valueRequired":true,"valueName":"search_term_string"}}],"inLanguage":"de"},{"@type":"Organization","@id":"https:\/\/schoenstatt.com\/de\/#organization","name":"Schoenstatt","url":"https:\/\/schoenstatt.com\/de\/","logo":{"@type":"ImageObject","inLanguage":"de","@id":"https:\/\/schoenstatt.com\/de\/#\/schema\/logo\/image\/","url":"https:\/\/schoenstatt.com\/wp-content\/uploads\/2025\/04\/logo-schoenstatt-white-696x696-1.png","contentUrl":"https:\/\/schoenstatt.com\/wp-content\/uploads\/2025\/04\/logo-schoenstatt-white-696x696-1.png","width":696,"height":694,"caption":"Schoenstatt"},"image":{"@id":"https:\/\/schoenstatt.com\/de\/#\/schema\/logo\/image\/"}},{"@type":"Person","@id":"https:\/\/schoenstatt.com\/de\/#\/schema\/person\/489465b1850e7b216fe2c10dfc262551","name":"admin","image":{"@type":"ImageObject","inLanguage":"de","@id":"https:\/\/secure.gravatar.com\/avatar\/02e8345e1ec40ab0e0a2a98fdde64a684bbaf994cddcb778b25b8b024ee9dfe6?s=96&d=mm&r=g","url":"https:\/\/secure.gravatar.com\/avatar\/02e8345e1ec40ab0e0a2a98fdde64a684bbaf994cddcb778b25b8b024ee9dfe6?s=96&d=mm&r=g","contentUrl":"https:\/\/secure.gravatar.com\/avatar\/02e8345e1ec40ab0e0a2a98fdde64a684bbaf994cddcb778b25b8b024ee9dfe6?s=96&d=mm&r=g","caption":"admin"},"sameAs":["https:\/\/schoenstatt.com"],"url":"https:\/\/schoenstatt.com\/de\/author\/admin\/"}]}},"_links":{"self":[{"href":"https:\/\/schoenstatt.com\/de\/wp-json\/wp\/v2\/posts\/51541","targetHints":{"allow":["GET"]}}],"collection":[{"href":"https:\/\/schoenstatt.com\/de\/wp-json\/wp\/v2\/posts"}],"about":[{"href":"https:\/\/schoenstatt.com\/de\/wp-json\/wp\/v2\/types\/post"}],"author":[{"embeddable":true,"href":"https:\/\/schoenstatt.com\/de\/wp-json\/wp\/v2\/users\/1"}],"replies":[{"embeddable":true,"href":"https:\/\/schoenstatt.com\/de\/wp-json\/wp\/v2\/comments?post=51541"}],"version-history":[{"count":1,"href":"https:\/\/schoenstatt.com\/de\/wp-json\/wp\/v2\/posts\/51541\/revisions"}],"predecessor-version":[{"id":51581,"href":"https:\/\/schoenstatt.com\/de\/wp-json\/wp\/v2\/posts\/51541\/revisions\/51581"}],"wp:featuredmedia":[{"embeddable":true,"href":"https:\/\/schoenstatt.com\/de\/wp-json\/wp\/v2\/media\/25846"}],"wp:attachment":[{"href":"https:\/\/schoenstatt.com\/de\/wp-json\/wp\/v2\/media?parent=51541"}],"wp:term":[{"taxonomy":"category","embeddable":true,"href":"https:\/\/schoenstatt.com\/de\/wp-json\/wp\/v2\/categories?post=51541"},{"taxonomy":"post_tag","embeddable":true,"href":"https:\/\/schoenstatt.com\/de\/wp-json\/wp\/v2\/tags?post=51541"}],"curies":[{"name":"wp","href":"https:\/\/api.w.org\/{rel}","templated":true}]}}