{"id":51298,"date":"2022-08-30T17:54:29","date_gmt":"2022-08-30T15:54:29","guid":{"rendered":"https:\/\/schoenstattdev.wpenginepowered.com\/?p=26536"},"modified":"2025-05-15T20:21:45","modified_gmt":"2025-05-15T18:21:45","slug":"verwurzelt-in-unserem-prophetischen-charisma-gehen-wir-in-die-zukunft","status":"publish","type":"post","link":"https:\/\/schoenstatt.com\/de\/verwurzelt-in-unserem-prophetischen-charisma-gehen-wir-in-die-zukunft\/","title":{"rendered":"Verwurzelt in unserem prophetischen Charisma, gehen wir in die Zukunft"},"content":{"rendered":"<p>Vor einigen Tagen wurde Pater Alexandre zum Generaloberen des S\u00e4kularinstituts der Sch\u00f6nstattpatres gew\u00e4hlt. Wie er auf der Website des Vatikans mitteilte, kam dies f\u00fcr ihn \u00fcberraschend, da er nicht am Generalkapitel teilnahm und seinen normalen Aufgaben im Sekretariat des Dikasteriums nachging. Nachdem er konsultiert wurde, sprach er mit Papst Franziskus, der ihm alle Entscheidungsfreiheit lie\u00df. Er gab sein Ja und reiste sofort nach Sch\u00f6nstatt in Deutschland, um an diesem entscheidenden Moment f\u00fcr seine Gemeinschaft teilzunehmen.<\/p>\n<p>Pater Alexandre stimmte zu, ein kurzes Interview zu diesem Thema zu geben und eine Nachricht f\u00fcr unsere Sch\u00f6nstattfamilie zu hinterlassen:<\/p>\n<h3>Pater Alexandre, wie betrachten Sie diese Wahl zum Generaloberen Ihres Instituts?<\/h3>\n<p>Ich trete dieser Entscheidung meiner Br\u00fcder mit Demut und Zuversicht entgegen. Ich freue mich, diese Aufgabe in Begleitung eines Erweiterten Rates wahrzunehmen, der mich in einigen Bereichen, zu denen ich mich normalerweise nicht in der Lage f\u00fchle, erg\u00e4nzen kann.<\/p>\n<p>Die Arbeit einer <a href=\"https:\/\/schoenstattdev.wpenginepowered.com\/de\/schoenstatt-gemeinschaften\/saekular-instituts-schoenstatt-patres-waehlen-die-neue-general-leitung\/\">Generalleitung<\/a> wird synodal, d.h. kollegial, durchgef\u00fchrt. Wir, der Generalrat, sind der Ausdruck einer Gemeinschaft. Ich hoffe, dass dies auch bei der Aufgabe, die ich mit dieser Ernennung erhalten habe, der Fall sein wird.<\/p>\n<h3>Damit \u00fcbernehmen Sie auch die Leitung des Generalpr\u00e4sidiums des Internationalen Sch\u00f6nstattwerkes. Wie wollen Sie in dieser Rolle agieren?<\/h3>\n<p>Ja, mit dieser Ernennung \u00fcbernehme ich auch diese Leitung. Ich glaube, dass meine Aufgabe darin besteht, zu koordinieren und ein Faktor der Einheit und Gemeinschaft zu sein. Ich hoffe, dass auch dort alles im gleichen Geist der Einheit und der Gemeinschaft sein wird, wie ich es bei meiner Arbeit mit der Sch\u00f6nstattfamilie in Brasilien erlebt habe. Dies wird zweifelsohne geschehen, denn dieser Geist ist im internationalen Pr\u00e4sidium bereits vorhanden.<\/p>\n<h3>Wie tr\u00e4gt Ihre Arbeit im Dikasterium zur Umsetzung dieses neuen Auftrags bei?<\/h3>\n<p>Die Aufgabe im Dikasterium f\u00fcr die Laien, die Familie und das Leben hat mich sicherlich mit der Vision einer universalen Kirche und auch mit der Wahrnehmung des Reichtums der anderen Bewegungen bereichert. Ich konnte lernen, dass wir uns immer von dem erg\u00e4nzen und bereichern lassen k\u00f6nnen, was der Heilige Geist der gesamten Kirche schenkt. Ich wurde mir noch mehr der Notwendigkeit bewusst, mit anderen Bewegungen zusammenzuarbeiten und unseren Reichtum anderen Charismen und der Struktur der Kirche zur Verf\u00fcgung zu stellen.<\/p>\n<p><img fetchpriority=\"high\" decoding=\"async\" class=\"alignnone wp-image-26418 size-full\" src=\"https:\/\/schoenstatt.com\/wp-content\/uploads\/2022\/08\/Consejo-General-1-scaled-1.jpg\" alt=\"Prophetisches Charisma\" width=\"2560\" height=\"1438\" \/><\/p>\n<h3>Was sind die Perspektiven der Sch\u00f6nstatt-Patres nach dem Generalkapitel?<\/h3>\n<p>In diesen Tagen des Kapitels schaffen wir als Sch\u00f6nstatt-Patres neue Perspektiven. Wir hoffen, dass wir nach dem Kapitel, wenn wir mehr Klarheit dar\u00fcber haben, in der Lage sein werden, der Sch\u00f6nstattfamilie zu vermitteln, was wichtig ist.<\/p>\n<h3>In Ihrer Botschaft unmittelbar nach Ihrer Wahl sagen Sie, dass Sie \u201emit Freude und Hoffnung in die Zukunft blicken&#8220;. Was ist die Grundlage daf\u00fcr in diesen schwierigen Zeiten?<\/h3>\n<p>Ich habe keinen Zweifel daran, dass wir mit Freude und Hoffnung in die Zukunft blicken m\u00fcssen, denn unser Gott ist ein Gott des Lebens, der Freude und der Hoffnung. Wir haben die Gnade, dass er uns ruft, ihm zu folgen und zu dienen.<\/p>\n<p>Ich glaube, dass die schwierigen Zeiten, in denen wir leben, Zeiten des Wachstums sind. In gewisser Hinsicht sind sie auch Zeiten der Reinigung. Aber vor allem ist es eine Zeit der gro\u00dfen Hoffnung, denn wir wissen, dass der Sieg immer Gott und der Mutter Gottes geh\u00f6rt.<\/p>\n<h3>Eine Botschaft an die internationale Sch\u00f6nstattfamilie:<\/h3>\n<p>Der Sch\u00f6nstattfamilie m\u00f6chte ich sagen, dass wir fest im Geist des Pfingstkongresses bleiben, dass wir der Brief sind, den unser Gr\u00fcnder braucht, um die Kirche und die Gesellschaft von heute mit seinem Charisma zu pr\u00e4gen, ein Brief, der nicht perfekt ist, der aber mit viel Liebe geschrieben werden muss, wie es im Brief des Pfingstkongresses hei\u00dft: \u201eVerwurzelt in unserem Charisma gehen wir vorw\u00e4rts in eine Zukunft voller Hoffnung.&#8220;<\/p>\n<p>Das ist es, was die Sch\u00f6nstattfamilie heute bewegt, wir haben ein p\u00e4dagogisches Charisma mit gro\u00dfer prophetischer Kraft, das wir an die Welt von heute weitergeben wollen, und wir wollen es mit gro\u00dfer Offenheit tun, im Geist der Gemeinschaft mit der ganzen Kirche, mit den anderen Bewegungen, indem wir uns erg\u00e4nzen lassen, von anderen lernen und dem\u00fctig unseren Beitrag leisten in diesem synodalen Geist, den die Weltkirche erlebt. Mit gro\u00dfer Zuversicht, Mut, Kreativit\u00e4t und voller Hoffnung, mit gro\u00dfem Bewusstsein f\u00fcr unser Charisma und damit verwurzelt in dem, was unsere Geschichte ist, dem Charisma des Liebesb\u00fcndnisses, der B\u00fcndniskultur und andererseits mit gro\u00dfer Hoffnung, dass die Zukunft der Kirche, Sch\u00f6nstatts in gewisser Weise auch in unseren H\u00e4nden liegt mit der Gnade Gottes, die wir im Heiligtum erflehen.<\/p>\n<blockquote><p>Wir danken Ihnen, dass Sie sich die Zeit genommen haben diese Fragen zu beantworten, die aufgrund des Generalkapitels Ihres Instituts begrenzt ist. Wir w\u00fcnschen Ihnen, dass die Mutter Gottes Sie mit vielen Gnaden und Segnungen f\u00fcr alles, was Sie in Ihrer neuen Mission unternehmen werden, belohnen wird. Z\u00e4hlen Sie auf die Gebete vieler Sch\u00f6nst\u00e4tter in aller Welt.<\/p><\/blockquote>\n<p>Quelle: <a href=\"https:\/\/schoenstatt.org.br\/\">Schoenstatt Brasil<\/a><\/p>\n","protected":false},"excerpt":{"rendered":"<p>Vor einigen Tagen wurde Pater Alexandre zum Generaloberen des S\u00e4kularinstituts der Sch\u00f6nstattpatres gew\u00e4hlt. Wie er auf der Website des Vatikans erkl\u00e4rte, kam dies f\u00fcr ihn \u00fcberraschend, da er nicht am Generalkapitel teilnahm.<\/p>\n","protected":false},"author":1,"featured_media":26531,"comment_status":"closed","ping_status":"closed","sticky":false,"template":"","format":"standard","meta":{"footnotes":""},"categories":[907],"tags":[],"class_list":["post-51298","post","type-post","status-publish","format-standard","has-post-thumbnail","hentry","category-schoenstatt-gemeinschaften-de"],"yoast_head":"<!-- This site is optimized with the Yoast SEO Premium plugin v27.4 (Yoast SEO v27.4) - https:\/\/yoast.com\/product\/yoast-seo-premium-wordpress\/ -->\n<title>Verwurzelt in unserem prophetischen Charisma, gehen wir in die Zukunft - Schoenstatt<\/title>\n<meta name=\"description\" content=\"Verwurzelt in unserem prophetischen Charisma - Interview mit Pater Alexandre, dem neuen Generaloberen der Sch\u00f6nstatt-Patres.\" \/>\n<meta name=\"robots\" content=\"index, follow, max-snippet:-1, max-image-preview:large, max-video-preview:-1\" \/>\n<link rel=\"canonical\" href=\"https:\/\/schoenstatt.com\/de\/verwurzelt-in-unserem-prophetischen-charisma-gehen-wir-in-die-zukunft\/\" \/>\n<meta property=\"og:locale\" content=\"de_DE\" \/>\n<meta property=\"og:type\" content=\"article\" \/>\n<meta property=\"og:title\" content=\"Verwurzelt in unserem prophetischen Charisma, gehen wir in die Zukunft\" \/>\n<meta property=\"og:description\" content=\"Verwurzelt in unserem prophetischen Charisma - Interview mit Pater Alexandre, dem neuen Generaloberen der Sch\u00f6nstatt-Patres.\" \/>\n<meta property=\"og:url\" content=\"https:\/\/schoenstatt.com\/de\/verwurzelt-in-unserem-prophetischen-charisma-gehen-wir-in-die-zukunft\/\" \/>\n<meta property=\"og:site_name\" content=\"Schoenstatt\" \/>\n<meta property=\"article:published_time\" content=\"2022-08-30T15:54:29+00:00\" \/>\n<meta property=\"article:modified_time\" content=\"2025-05-15T18:21:45+00:00\" \/>\n<meta property=\"og:image\" content=\"https:\/\/schoenstatt.com\/wp-content\/uploads\/2022\/08\/Padre-Awi-Mello-1.png\" \/>\n\t<meta property=\"og:image:width\" content=\"793\" \/>\n\t<meta property=\"og:image:height\" content=\"523\" \/>\n\t<meta property=\"og:image:type\" content=\"image\/png\" \/>\n<meta name=\"author\" content=\"admin\" \/>\n<meta name=\"twitter:card\" content=\"summary_large_image\" \/>\n<meta name=\"twitter:label1\" content=\"Verfasst von\" \/>\n\t<meta name=\"twitter:data1\" content=\"admin\" \/>\n\t<meta name=\"twitter:label2\" content=\"Gesch\u00e4tzte Lesezeit\" \/>\n\t<meta name=\"twitter:data2\" content=\"4\u00a0Minuten\" \/>\n<script type=\"application\/ld+json\" class=\"yoast-schema-graph\">{\"@context\":\"https:\\\/\\\/schema.org\",\"@graph\":[{\"@type\":\"Article\",\"@id\":\"https:\\\/\\\/schoenstatt.com\\\/de\\\/verwurzelt-in-unserem-prophetischen-charisma-gehen-wir-in-die-zukunft\\\/#article\",\"isPartOf\":{\"@id\":\"https:\\\/\\\/schoenstatt.com\\\/de\\\/verwurzelt-in-unserem-prophetischen-charisma-gehen-wir-in-die-zukunft\\\/\"},\"author\":{\"name\":\"admin\",\"@id\":\"https:\\\/\\\/schoenstatt.com\\\/de\\\/#\\\/schema\\\/person\\\/489465b1850e7b216fe2c10dfc262551\"},\"headline\":\"Verwurzelt in unserem prophetischen Charisma, gehen wir in die Zukunft\",\"datePublished\":\"2022-08-30T15:54:29+00:00\",\"dateModified\":\"2025-05-15T18:21:45+00:00\",\"mainEntityOfPage\":{\"@id\":\"https:\\\/\\\/schoenstatt.com\\\/de\\\/verwurzelt-in-unserem-prophetischen-charisma-gehen-wir-in-die-zukunft\\\/\"},\"wordCount\":847,\"publisher\":{\"@id\":\"https:\\\/\\\/schoenstatt.com\\\/de\\\/#organization\"},\"image\":{\"@id\":\"https:\\\/\\\/schoenstatt.com\\\/de\\\/verwurzelt-in-unserem-prophetischen-charisma-gehen-wir-in-die-zukunft\\\/#primaryimage\"},\"thumbnailUrl\":\"https:\\\/\\\/schoenstatt.com\\\/wp-content\\\/uploads\\\/2022\\\/08\\\/Padre-Awi-Mello-1.png\",\"articleSection\":[\"Schoenstatt Gemeinschaften\"],\"inLanguage\":\"de\"},{\"@type\":\"WebPage\",\"@id\":\"https:\\\/\\\/schoenstatt.com\\\/de\\\/verwurzelt-in-unserem-prophetischen-charisma-gehen-wir-in-die-zukunft\\\/\",\"url\":\"https:\\\/\\\/schoenstatt.com\\\/de\\\/verwurzelt-in-unserem-prophetischen-charisma-gehen-wir-in-die-zukunft\\\/\",\"name\":\"Verwurzelt in unserem prophetischen Charisma, gehen wir in die Zukunft - Schoenstatt\",\"isPartOf\":{\"@id\":\"https:\\\/\\\/schoenstatt.com\\\/de\\\/#website\"},\"primaryImageOfPage\":{\"@id\":\"https:\\\/\\\/schoenstatt.com\\\/de\\\/verwurzelt-in-unserem-prophetischen-charisma-gehen-wir-in-die-zukunft\\\/#primaryimage\"},\"image\":{\"@id\":\"https:\\\/\\\/schoenstatt.com\\\/de\\\/verwurzelt-in-unserem-prophetischen-charisma-gehen-wir-in-die-zukunft\\\/#primaryimage\"},\"thumbnailUrl\":\"https:\\\/\\\/schoenstatt.com\\\/wp-content\\\/uploads\\\/2022\\\/08\\\/Padre-Awi-Mello-1.png\",\"datePublished\":\"2022-08-30T15:54:29+00:00\",\"dateModified\":\"2025-05-15T18:21:45+00:00\",\"description\":\"Verwurzelt in unserem prophetischen Charisma - Interview mit Pater Alexandre, dem neuen Generaloberen der Sch\u00f6nstatt-Patres.\",\"breadcrumb\":{\"@id\":\"https:\\\/\\\/schoenstatt.com\\\/de\\\/verwurzelt-in-unserem-prophetischen-charisma-gehen-wir-in-die-zukunft\\\/#breadcrumb\"},\"inLanguage\":\"de\",\"potentialAction\":[{\"@type\":\"ReadAction\",\"target\":[\"https:\\\/\\\/schoenstatt.com\\\/de\\\/verwurzelt-in-unserem-prophetischen-charisma-gehen-wir-in-die-zukunft\\\/\"]}]},{\"@type\":\"ImageObject\",\"inLanguage\":\"de\",\"@id\":\"https:\\\/\\\/schoenstatt.com\\\/de\\\/verwurzelt-in-unserem-prophetischen-charisma-gehen-wir-in-die-zukunft\\\/#primaryimage\",\"url\":\"https:\\\/\\\/schoenstatt.com\\\/wp-content\\\/uploads\\\/2022\\\/08\\\/Padre-Awi-Mello-1.png\",\"contentUrl\":\"https:\\\/\\\/schoenstatt.com\\\/wp-content\\\/uploads\\\/2022\\\/08\\\/Padre-Awi-Mello-1.png\",\"width\":793,\"height\":523,\"caption\":\"Prophetisches Charisma\"},{\"@type\":\"BreadcrumbList\",\"@id\":\"https:\\\/\\\/schoenstatt.com\\\/de\\\/verwurzelt-in-unserem-prophetischen-charisma-gehen-wir-in-die-zukunft\\\/#breadcrumb\",\"itemListElement\":[{\"@type\":\"ListItem\",\"position\":1,\"name\":\"Portada\",\"item\":\"https:\\\/\\\/schoenstatt.com\\\/de\\\/home\\\/\"},{\"@type\":\"ListItem\",\"position\":2,\"name\":\"Verwurzelt in unserem prophetischen Charisma, gehen wir in die Zukunft\"}]},{\"@type\":\"WebSite\",\"@id\":\"https:\\\/\\\/schoenstatt.com\\\/de\\\/#website\",\"url\":\"https:\\\/\\\/schoenstatt.com\\\/de\\\/\",\"name\":\"Schoenstatt\",\"description\":\"Apostolic Movement\",\"publisher\":{\"@id\":\"https:\\\/\\\/schoenstatt.com\\\/de\\\/#organization\"},\"potentialAction\":[{\"@type\":\"SearchAction\",\"target\":{\"@type\":\"EntryPoint\",\"urlTemplate\":\"https:\\\/\\\/schoenstatt.com\\\/de\\\/?s={search_term_string}\"},\"query-input\":{\"@type\":\"PropertyValueSpecification\",\"valueRequired\":true,\"valueName\":\"search_term_string\"}}],\"inLanguage\":\"de\"},{\"@type\":\"Organization\",\"@id\":\"https:\\\/\\\/schoenstatt.com\\\/de\\\/#organization\",\"name\":\"Schoenstatt\",\"url\":\"https:\\\/\\\/schoenstatt.com\\\/de\\\/\",\"logo\":{\"@type\":\"ImageObject\",\"inLanguage\":\"de\",\"@id\":\"https:\\\/\\\/schoenstatt.com\\\/de\\\/#\\\/schema\\\/logo\\\/image\\\/\",\"url\":\"https:\\\/\\\/schoenstatt.com\\\/wp-content\\\/uploads\\\/2025\\\/04\\\/logo-schoenstatt-white-696x696-1.png\",\"contentUrl\":\"https:\\\/\\\/schoenstatt.com\\\/wp-content\\\/uploads\\\/2025\\\/04\\\/logo-schoenstatt-white-696x696-1.png\",\"width\":696,\"height\":694,\"caption\":\"Schoenstatt\"},\"image\":{\"@id\":\"https:\\\/\\\/schoenstatt.com\\\/de\\\/#\\\/schema\\\/logo\\\/image\\\/\"}},{\"@type\":\"Person\",\"@id\":\"https:\\\/\\\/schoenstatt.com\\\/de\\\/#\\\/schema\\\/person\\\/489465b1850e7b216fe2c10dfc262551\",\"name\":\"admin\",\"image\":{\"@type\":\"ImageObject\",\"inLanguage\":\"de\",\"@id\":\"https:\\\/\\\/secure.gravatar.com\\\/avatar\\\/02e8345e1ec40ab0e0a2a98fdde64a684bbaf994cddcb778b25b8b024ee9dfe6?s=96&d=mm&r=g\",\"url\":\"https:\\\/\\\/secure.gravatar.com\\\/avatar\\\/02e8345e1ec40ab0e0a2a98fdde64a684bbaf994cddcb778b25b8b024ee9dfe6?s=96&d=mm&r=g\",\"contentUrl\":\"https:\\\/\\\/secure.gravatar.com\\\/avatar\\\/02e8345e1ec40ab0e0a2a98fdde64a684bbaf994cddcb778b25b8b024ee9dfe6?s=96&d=mm&r=g\",\"caption\":\"admin\"},\"sameAs\":[\"https:\\\/\\\/schoenstatt.com\"],\"url\":\"https:\\\/\\\/schoenstatt.com\\\/de\\\/author\\\/admin\\\/\"}]}<\/script>\n<!-- \/ Yoast SEO Premium plugin. -->","yoast_head_json":{"title":"Verwurzelt in unserem prophetischen Charisma, gehen wir in die Zukunft - Schoenstatt","description":"Verwurzelt in unserem prophetischen Charisma - Interview mit Pater Alexandre, dem neuen Generaloberen der Sch\u00f6nstatt-Patres.","robots":{"index":"index","follow":"follow","max-snippet":"max-snippet:-1","max-image-preview":"max-image-preview:large","max-video-preview":"max-video-preview:-1"},"canonical":"https:\/\/schoenstatt.com\/de\/verwurzelt-in-unserem-prophetischen-charisma-gehen-wir-in-die-zukunft\/","og_locale":"de_DE","og_type":"article","og_title":"Verwurzelt in unserem prophetischen Charisma, gehen wir in die Zukunft","og_description":"Verwurzelt in unserem prophetischen Charisma - Interview mit Pater Alexandre, dem neuen Generaloberen der Sch\u00f6nstatt-Patres.","og_url":"https:\/\/schoenstatt.com\/de\/verwurzelt-in-unserem-prophetischen-charisma-gehen-wir-in-die-zukunft\/","og_site_name":"Schoenstatt","article_published_time":"2022-08-30T15:54:29+00:00","article_modified_time":"2025-05-15T18:21:45+00:00","og_image":[{"width":793,"height":523,"url":"https:\/\/schoenstatt.com\/wp-content\/uploads\/2022\/08\/Padre-Awi-Mello-1.png","type":"image\/png"}],"author":"admin","twitter_card":"summary_large_image","twitter_misc":{"Verfasst von":"admin","Gesch\u00e4tzte Lesezeit":"4\u00a0Minuten"},"schema":{"@context":"https:\/\/schema.org","@graph":[{"@type":"Article","@id":"https:\/\/schoenstatt.com\/de\/verwurzelt-in-unserem-prophetischen-charisma-gehen-wir-in-die-zukunft\/#article","isPartOf":{"@id":"https:\/\/schoenstatt.com\/de\/verwurzelt-in-unserem-prophetischen-charisma-gehen-wir-in-die-zukunft\/"},"author":{"name":"admin","@id":"https:\/\/schoenstatt.com\/de\/#\/schema\/person\/489465b1850e7b216fe2c10dfc262551"},"headline":"Verwurzelt in unserem prophetischen Charisma, gehen wir in die Zukunft","datePublished":"2022-08-30T15:54:29+00:00","dateModified":"2025-05-15T18:21:45+00:00","mainEntityOfPage":{"@id":"https:\/\/schoenstatt.com\/de\/verwurzelt-in-unserem-prophetischen-charisma-gehen-wir-in-die-zukunft\/"},"wordCount":847,"publisher":{"@id":"https:\/\/schoenstatt.com\/de\/#organization"},"image":{"@id":"https:\/\/schoenstatt.com\/de\/verwurzelt-in-unserem-prophetischen-charisma-gehen-wir-in-die-zukunft\/#primaryimage"},"thumbnailUrl":"https:\/\/schoenstatt.com\/wp-content\/uploads\/2022\/08\/Padre-Awi-Mello-1.png","articleSection":["Schoenstatt Gemeinschaften"],"inLanguage":"de"},{"@type":"WebPage","@id":"https:\/\/schoenstatt.com\/de\/verwurzelt-in-unserem-prophetischen-charisma-gehen-wir-in-die-zukunft\/","url":"https:\/\/schoenstatt.com\/de\/verwurzelt-in-unserem-prophetischen-charisma-gehen-wir-in-die-zukunft\/","name":"Verwurzelt in unserem prophetischen Charisma, gehen wir in die Zukunft - Schoenstatt","isPartOf":{"@id":"https:\/\/schoenstatt.com\/de\/#website"},"primaryImageOfPage":{"@id":"https:\/\/schoenstatt.com\/de\/verwurzelt-in-unserem-prophetischen-charisma-gehen-wir-in-die-zukunft\/#primaryimage"},"image":{"@id":"https:\/\/schoenstatt.com\/de\/verwurzelt-in-unserem-prophetischen-charisma-gehen-wir-in-die-zukunft\/#primaryimage"},"thumbnailUrl":"https:\/\/schoenstatt.com\/wp-content\/uploads\/2022\/08\/Padre-Awi-Mello-1.png","datePublished":"2022-08-30T15:54:29+00:00","dateModified":"2025-05-15T18:21:45+00:00","description":"Verwurzelt in unserem prophetischen Charisma - Interview mit Pater Alexandre, dem neuen Generaloberen der Sch\u00f6nstatt-Patres.","breadcrumb":{"@id":"https:\/\/schoenstatt.com\/de\/verwurzelt-in-unserem-prophetischen-charisma-gehen-wir-in-die-zukunft\/#breadcrumb"},"inLanguage":"de","potentialAction":[{"@type":"ReadAction","target":["https:\/\/schoenstatt.com\/de\/verwurzelt-in-unserem-prophetischen-charisma-gehen-wir-in-die-zukunft\/"]}]},{"@type":"ImageObject","inLanguage":"de","@id":"https:\/\/schoenstatt.com\/de\/verwurzelt-in-unserem-prophetischen-charisma-gehen-wir-in-die-zukunft\/#primaryimage","url":"https:\/\/schoenstatt.com\/wp-content\/uploads\/2022\/08\/Padre-Awi-Mello-1.png","contentUrl":"https:\/\/schoenstatt.com\/wp-content\/uploads\/2022\/08\/Padre-Awi-Mello-1.png","width":793,"height":523,"caption":"Prophetisches Charisma"},{"@type":"BreadcrumbList","@id":"https:\/\/schoenstatt.com\/de\/verwurzelt-in-unserem-prophetischen-charisma-gehen-wir-in-die-zukunft\/#breadcrumb","itemListElement":[{"@type":"ListItem","position":1,"name":"Portada","item":"https:\/\/schoenstatt.com\/de\/home\/"},{"@type":"ListItem","position":2,"name":"Verwurzelt in unserem prophetischen Charisma, gehen wir in die Zukunft"}]},{"@type":"WebSite","@id":"https:\/\/schoenstatt.com\/de\/#website","url":"https:\/\/schoenstatt.com\/de\/","name":"Schoenstatt","description":"Apostolic Movement","publisher":{"@id":"https:\/\/schoenstatt.com\/de\/#organization"},"potentialAction":[{"@type":"SearchAction","target":{"@type":"EntryPoint","urlTemplate":"https:\/\/schoenstatt.com\/de\/?s={search_term_string}"},"query-input":{"@type":"PropertyValueSpecification","valueRequired":true,"valueName":"search_term_string"}}],"inLanguage":"de"},{"@type":"Organization","@id":"https:\/\/schoenstatt.com\/de\/#organization","name":"Schoenstatt","url":"https:\/\/schoenstatt.com\/de\/","logo":{"@type":"ImageObject","inLanguage":"de","@id":"https:\/\/schoenstatt.com\/de\/#\/schema\/logo\/image\/","url":"https:\/\/schoenstatt.com\/wp-content\/uploads\/2025\/04\/logo-schoenstatt-white-696x696-1.png","contentUrl":"https:\/\/schoenstatt.com\/wp-content\/uploads\/2025\/04\/logo-schoenstatt-white-696x696-1.png","width":696,"height":694,"caption":"Schoenstatt"},"image":{"@id":"https:\/\/schoenstatt.com\/de\/#\/schema\/logo\/image\/"}},{"@type":"Person","@id":"https:\/\/schoenstatt.com\/de\/#\/schema\/person\/489465b1850e7b216fe2c10dfc262551","name":"admin","image":{"@type":"ImageObject","inLanguage":"de","@id":"https:\/\/secure.gravatar.com\/avatar\/02e8345e1ec40ab0e0a2a98fdde64a684bbaf994cddcb778b25b8b024ee9dfe6?s=96&d=mm&r=g","url":"https:\/\/secure.gravatar.com\/avatar\/02e8345e1ec40ab0e0a2a98fdde64a684bbaf994cddcb778b25b8b024ee9dfe6?s=96&d=mm&r=g","contentUrl":"https:\/\/secure.gravatar.com\/avatar\/02e8345e1ec40ab0e0a2a98fdde64a684bbaf994cddcb778b25b8b024ee9dfe6?s=96&d=mm&r=g","caption":"admin"},"sameAs":["https:\/\/schoenstatt.com"],"url":"https:\/\/schoenstatt.com\/de\/author\/admin\/"}]}},"_links":{"self":[{"href":"https:\/\/schoenstatt.com\/de\/wp-json\/wp\/v2\/posts\/51298","targetHints":{"allow":["GET"]}}],"collection":[{"href":"https:\/\/schoenstatt.com\/de\/wp-json\/wp\/v2\/posts"}],"about":[{"href":"https:\/\/schoenstatt.com\/de\/wp-json\/wp\/v2\/types\/post"}],"author":[{"embeddable":true,"href":"https:\/\/schoenstatt.com\/de\/wp-json\/wp\/v2\/users\/1"}],"replies":[{"embeddable":true,"href":"https:\/\/schoenstatt.com\/de\/wp-json\/wp\/v2\/comments?post=51298"}],"version-history":[{"count":1,"href":"https:\/\/schoenstatt.com\/de\/wp-json\/wp\/v2\/posts\/51298\/revisions"}],"predecessor-version":[{"id":51537,"href":"https:\/\/schoenstatt.com\/de\/wp-json\/wp\/v2\/posts\/51298\/revisions\/51537"}],"wp:featuredmedia":[{"embeddable":true,"href":"https:\/\/schoenstatt.com\/de\/wp-json\/wp\/v2\/media\/26531"}],"wp:attachment":[{"href":"https:\/\/schoenstatt.com\/de\/wp-json\/wp\/v2\/media?parent=51298"}],"wp:term":[{"taxonomy":"category","embeddable":true,"href":"https:\/\/schoenstatt.com\/de\/wp-json\/wp\/v2\/categories?post=51298"},{"taxonomy":"post_tag","embeddable":true,"href":"https:\/\/schoenstatt.com\/de\/wp-json\/wp\/v2\/tags?post=51298"}],"curies":[{"name":"wp","href":"https:\/\/api.w.org\/{rel}","templated":true}]}}