{"id":51295,"date":"2022-08-25T08:00:32","date_gmt":"2022-08-25T06:00:32","guid":{"rendered":"https:\/\/schoenstattdev.wpenginepowered.com\/?p=26514"},"modified":"2025-05-15T22:20:57","modified_gmt":"2025-05-15T20:20:57","slug":"weltapostolatsverband-das-dritte-ziel-schoenstatts-in-der-praxis","status":"publish","type":"post","link":"https:\/\/schoenstatt.com\/de\/weltapostolatsverband-das-dritte-ziel-schoenstatts-in-der-praxis\/","title":{"rendered":"Weltapostolatsverband &#8211; das dritte Ziel Sch\u00f6nstatts &#8211; in der Praxis"},"content":{"rendered":"<p><em><strong>\u201eEin anderes Gleichnis redete er zu ihnen: Das Himmelreich ist gleich einem Sauerteig, den ein Weib nahm und unter drei Scheffel Mehl vermengte, bis es ganz durchs\u00e4uert ward.<\/strong><\/em> &#8220; (Mt 13,33).<\/p>\n<h3>Was ist der <a href=\"https:\/\/www.j-k-i.de\/lexikon\/weltapostolatsverband\/\">Weltapostolatsverband<\/a>?<\/h3>\n<p>In der Absicht, Sauerteig f\u00fcr die Kirche zu sein und alle apostolischen Kr\u00e4fte zu vereinen, vertieft Pater Josef Kentenich eine Idee, die vom Heiligen Vinzenz Pallotti stammt, um eines der drei apostolischen Ziele des Sch\u00f6nstattwerkes zu bestimmen.<\/p>\n<p>Sie tr\u00e4gt den Namen &#8220; Weltapostolatsverband &#8222;. Ihr Ziel ist es, den Zusammenschluss der apostolischen Kr\u00e4fte auf Pfarr-, Di\u00f6zesan-, nationaler und internationaler Ebene in allen gesellschaftlichen Bereichen zu f\u00f6rdern, um sich gemeinsam der Herausforderung und der Aufgabe der Evangelisierung zu stellen, die die aktuelle Realit\u00e4t der Kirche stellt.<\/p>\n<p>In der Praxis bedeutet dies, dass jede Person, Gemeinschaft oder Gliederung der Sch\u00f6nstatt-Bewegung aufgerufen ist, mit ihren eigenen Merkmalen dazu beizutragen, die Einheit in der Vielfalt zu verwirklichen. Der Weltapostolatsverband setzt die \u00dcberwindung des Geistes der Spaltung, der Rivalit\u00e4t und des Individualismus voraus, der die Gemeinschaften in den vergangenen Jahrhunderten oft gepr\u00e4gt hat und der die Einheit der Kirche gef\u00e4hrden kann.<\/p>\n<h3>Wie wird dies in Sch\u00f6nstatt gelebt?<\/h3>\n<p>Man kann sich fragen: Wie k\u00f6nnen wir das heute erreichen? Pater Alexandre Awi Mello, Sekret\u00e4r des Dikasteriums f\u00fcr Laien, Familie und Leben, gibt folgenden Rat: \u201eWir sollten die Kirche immer mehr zur Zusammenarbeit motivieren, indem wir die verschiedenen kirchlichen Einrichtungen, einschlie\u00dflich der Bewegungen, zusammenbringen. Zum Beispiel durch die Teilnahme an Treffen von Bewegungen und Veranstaltungen, die unterschiedliche Charaktere zusammenbringen&#8220;.<\/p>\n<p>Schauen wir uns einige praktische Beispiele an, wie die Sch\u00f6nstattfamilie an verschiedenen Orten in Brasilien in dieser Richtung arbeitet:<\/p>\n<p>&#8211;<a href=\"https:\/\/schoenstattdev.wpenginepowered.com\/de\/schoenstatt-gemeinschaften\/paraguay-feuer-meines-landes-deine-mission-in-meinem-herzen-25-jahre-apostolat-der-fms\/\"><em><strong> Apostolische Jugend<\/strong><\/em><\/a>: In verschiedenen St\u00e4dten beteiligen sich Sch\u00f6nstatt-Jugendliche an der Di\u00f6zesanjugend Arbeit, an nationalen Veranstaltungen &#8211; wie der k\u00fcrzlich stattgefundenen Nationalen Wallfahrt, dem Projekt Route 300 in Aparecida -, an verschiedenen Aktivit\u00e4ten in den Pfarreien, usw.<\/p>\n<p>&#8211; <em><strong>M\u00e4nner-Rosenkranz &#8222;Mutter und K\u00f6nigin&#8220;<\/strong><\/em>: Immer mehr M\u00e4nner kommen zusammen, um den Rosenkranz zu beten und sich so in das Leben der Gemeinschaft einzubringen. Sie sind offen f\u00fcr alle die mitbeten m\u00f6chten und das ganze Jahr \u00fcber verschiedene soziale Aktionen durchf\u00fchren wollen.<\/p>\n<p><img fetchpriority=\"high\" decoding=\"async\" class=\"alignnone wp-image-24012 size-full\" src=\"https:\/\/schoenstatt.com\/wp-content\/uploads\/2022\/03\/lichimarinho-1608317688498-cathopic-scaled-1.jpg\" alt=\"Weltapostolat\" width=\"2560\" height=\"1922\" \/><\/p>\n<p>&#8211;<em><strong> Kampagne der Pilgernden Gottesmutter:<\/strong><\/em> Sie verbindet Familien in einem gro\u00dfen Gnaden Netz; sie integriert andere apostolische Kr\u00e4fte und Charaktere, auch solche, die weit von der Kirche entfernt sind, und arbeitet mit anderen pastoralen Diensten zusammen.<\/p>\n<p>&#8211;<em><strong> Sch\u00f6nst\u00e4tter Marienschwestern<\/strong><\/em>: Sie helfen die Bewegung und sind auch in das Leben der Di\u00f6zese, zu der sie geh\u00f6ren, eingebunden, indem sie apostolische Aktionen koordinieren und anregen und dem Bischof als Seelsorger zur Seite stehen; sie sind Teil der Gremien, die die Sekularinstitute und die Ordensgemeinschaften koordinieren.<\/p>\n<p>Pater Alexandre nennt weitere Beispiele: &#8222;Wir haben die Gnade, einen Vertreter der Mannesjugend genau in dem Gremium zu haben, das die verschiedenen apostolischen Kr\u00e4fte koordiniert, die auf nationaler Ebene mit Jugendlichen arbeiten. Wir haben an allen nationalen Jugendtreffen teilgenommen. Es ist aber notwendig in dieser Arbeit voranzuschreiten\u201c, betonte Alexandre. &#8222;Wir k\u00f6nnen beispielsweise bei der Familienpastoral mehr helfen.\u00a0 Es gab eine Zeit, in der eine Marienschwester nationale Sekret\u00e4rin der Familienpastoral war und half, die Kr\u00e4fte dieser Pastoral zu artikulieren. Dies ist eine weitere Aufgabe der Mission\u201c.<\/p>\n<h3>Wie kann ich zur Weltapostolatsverband beitragen?<\/h3>\n<p><img decoding=\"async\" class=\"alignnone size-full wp-image-26510\" src=\"https:\/\/schoenstatt.com\/wp-content\/uploads\/2022\/08\/RSCN6673-1.jpg\" alt=\"tercer fin\" width=\"1024\" height=\"768\" \/><\/p>\n<p>Im t\u00e4glichen Leben gibt es viele M\u00f6glichkeiten, die Einheit in der Vielfalt zu f\u00f6rdern, angefangen bei der Familie, die das erste Beispiel f\u00fcr Einheit sein sollte. In der Familie erg\u00e4nzen sich alle Mitglieder &#8211; Vater, Mutter, Kinder, Gro\u00dfeltern, Tanten und Onkel usw. &#8211; ohne ihre Einheit zu verlieren, ohne ihre pers\u00f6nliche Individualit\u00e4t zu verlieren. Es ist m\u00f6glich, in meiner Familie Treibmittel zu sein, indem ich auf die Erfahrung der Einheit achte: dass die Eltern das Leben ihrer Kinder kennen und umgekehrt; dass sie eine produktive Zeit miteinander verbringen; dass sie miteinander reden; dass sie beten und viele andere Aktivit\u00e4ten durchf\u00fchren. Dies bereitet das Herz auf die Annahme der verschiedenen Charismen und Apostolate in ihrer Vielfalt vor.<\/p>\n<p>Die kirchliche Arbeit, sei es auf Gemeinde-, Di\u00f6zesan- oder sonstiger Ebene, ist ein hervorragendes Feld f\u00fcr die Zusammenarbeit mit dem Weltapostolatsverband. Es geht zum Beispiel darum, immer mit den verschiedenen Gruppen und pastoralen Aktivit\u00e4ten der Pfarrei verbunden zu sein, zusammenzuarbeiten, um gute Fr\u00fcchte f\u00fcr das Ganze zu erzielen; an den Treffen und Veranstaltungen der Gemeinschaft teilzunehmen, die Arbeit in Zusammenarbeit mit anderen pastoralen Aktivit\u00e4ten durchzuf\u00fchren, den Br\u00fcdern der Gemeinschaft und dem Pfarrer nahe zu sein. Wenn wir zu einer Sch\u00f6nstatt-Gliederung oder -Gemeinschaft geh\u00f6ren, ist es wichtig, diese im Leben der Gemeinschaft zu vertreten und uns in den Dienst der Kirche zu stellen.<\/p>\n<p>Am Arbeitsplatz, in der Schule, an der Universit\u00e4t, bei den verschiedenen Aktivit\u00e4ten ist es ebenfalls m\u00f6glich, mit dem Weltapostolatsverband zusammenzuarbeiten und eine Atmosph\u00e4re der Einheit zu schaffen. Zum Beispiel: Vermeidung von Intrigen und Getratsche, Einigkeit mit Menschen aus anderen Bereichen, F\u00f6rderung von Begegnungen zur Integration, Zusammenarbeit mit den Bed\u00fcrfnissen der anderen usw. Das Wichtigste ist, dass wir uns f\u00fcr das Gemeinwohl zusammenschlie\u00dfen.<\/p>\n<blockquote><p>\u201eAls Sch\u00f6nstattfamilie sollten wir daran besonders interessiert sein, denn es ist Teil unserer Mission. Und wir sollten nicht nur interessiert sein, sondern wir sind aufgerufen, die Integration zu unterst\u00fctzen, indem wir uns an der Organisation beteiligen&#8220;, so Pater Kentenich, der von Sch\u00f6nstatt als Herz der Kirche tr\u00e4umte. Den Auftrag den Weltapostolatsverband zu erf\u00fcllen, bedeutet in der Tat, dieses schlagende Herz zu sein: \u201eWas bedeutet &#8218;Herz&#8216;? Es bedeutet, die tiefstm\u00f6gliche und un\u00fcbertreffliche Kraft der Liebe zu sein, die Kraft der Liebe, die die ganze Kirche erobert und sie mit Heldentum erf\u00fcllt. Die Macht der Liebe, das ist unsere Mission&#8220; (Konferenzen von Rom, 1965-66).<\/p><\/blockquote>\n<p><em><strong>Quelle f\u00fcr die Recherchen:<\/strong><\/em><\/p>\n<p>FERN\u00c1NDEZ DE ANDRACA, Rafael. 150 Fragen zu Sch\u00f6nstatt. S\u00e4kularinstitut der Sch\u00f6nstatt-Patres. 1. Auflage, S\u00e3o Paulo\/SP: 2011.<br \/>\nNIEHAUS, P. Jonathan. Helden des Feuers. S\u00e4kularinstitut der Sch\u00f6nstatt-Patres. 2. Auflage, 2004.<\/p>\n<p>Quelle: <a href=\"http:\/\/www.schoenstattdev.wpenginepowered.com.br\">Schoenstatt Brasil<\/a><\/p>\n","protected":false},"excerpt":{"rendered":"<p> Ziel des Treffens ist es, den Zusammenschluss der apostolischen Kr\u00e4fte in allen Bereichen zu f\u00f6rdern, um sich gemeinsam der Herausforderung und der Evangelisierungsaufgabe zu stellen, die die gegenw\u00e4rtige Realit\u00e4t der Kirche stellt.<\/p>\n","protected":false},"author":1,"featured_media":26503,"comment_status":"closed","ping_status":"closed","sticky":false,"template":"","format":"standard","meta":{"footnotes":""},"categories":[851,914],"tags":[],"class_list":["post-51295","post","type-post","status-publish","format-standard","has-post-thumbnail","hentry","category-kirche-de","category-spiritualitat-de"],"yoast_head":"<!-- This site is optimized with the Yoast SEO Premium plugin v27.4 (Yoast SEO v27.4) - https:\/\/yoast.com\/product\/yoast-seo-premium-wordpress\/ -->\n<title>Weltapostolatsverband - das dritte Ziel Sch\u00f6nstatts - in der Praxis - Schoenstatt<\/title>\n<meta name=\"description\" content=\"Das dritte Ziel Sch\u00f6nstatts, der Weltapostolatsverband, ruft dazu auf, f\u00fcr die Einheit der apostolischen Kr\u00e4fte der Kirche zu arbeiten.\" \/>\n<meta name=\"robots\" content=\"index, follow, max-snippet:-1, max-image-preview:large, max-video-preview:-1\" \/>\n<link rel=\"canonical\" href=\"https:\/\/schoenstatt.com\/de\/weltapostolatsverband-das-dritte-ziel-schoenstatts-in-der-praxis\/\" \/>\n<meta property=\"og:locale\" content=\"de_DE\" \/>\n<meta property=\"og:type\" content=\"article\" \/>\n<meta property=\"og:title\" content=\"Weltapostolatsverband - das dritte Ziel Sch\u00f6nstatts - in der Praxis\" \/>\n<meta property=\"og:description\" content=\"Das dritte Ziel Sch\u00f6nstatts, der Weltapostolatsverband, ruft dazu auf, f\u00fcr die Einheit der apostolischen Kr\u00e4fte der Kirche zu arbeiten.\" \/>\n<meta property=\"og:url\" content=\"https:\/\/schoenstatt.com\/de\/weltapostolatsverband-das-dritte-ziel-schoenstatts-in-der-praxis\/\" \/>\n<meta property=\"og:site_name\" content=\"Schoenstatt\" \/>\n<meta property=\"article:published_time\" content=\"2022-08-25T06:00:32+00:00\" \/>\n<meta property=\"article:modified_time\" content=\"2025-05-15T20:20:57+00:00\" \/>\n<meta property=\"og:image\" content=\"https:\/\/schoenstatt.com\/wp-content\/uploads\/2022\/08\/CAU-1.png\" \/>\n\t<meta property=\"og:image:width\" content=\"599\" \/>\n\t<meta property=\"og:image:height\" content=\"313\" \/>\n\t<meta property=\"og:image:type\" content=\"image\/png\" \/>\n<meta name=\"author\" content=\"admin\" \/>\n<meta name=\"twitter:card\" content=\"summary_large_image\" \/>\n<meta name=\"twitter:label1\" content=\"Verfasst von\" \/>\n\t<meta name=\"twitter:data1\" content=\"admin\" \/>\n\t<meta name=\"twitter:label2\" content=\"Gesch\u00e4tzte Lesezeit\" \/>\n\t<meta name=\"twitter:data2\" content=\"5\u00a0Minuten\" \/>\n<script type=\"application\/ld+json\" class=\"yoast-schema-graph\">{\"@context\":\"https:\\\/\\\/schema.org\",\"@graph\":[{\"@type\":\"Article\",\"@id\":\"https:\\\/\\\/schoenstatt.com\\\/de\\\/weltapostolatsverband-das-dritte-ziel-schoenstatts-in-der-praxis\\\/#article\",\"isPartOf\":{\"@id\":\"https:\\\/\\\/schoenstatt.com\\\/de\\\/weltapostolatsverband-das-dritte-ziel-schoenstatts-in-der-praxis\\\/\"},\"author\":{\"name\":\"admin\",\"@id\":\"https:\\\/\\\/schoenstatt.com\\\/de\\\/#\\\/schema\\\/person\\\/489465b1850e7b216fe2c10dfc262551\"},\"headline\":\"Weltapostolatsverband &#8211; das dritte Ziel Sch\u00f6nstatts &#8211; in der Praxis\",\"datePublished\":\"2022-08-25T06:00:32+00:00\",\"dateModified\":\"2025-05-15T20:20:57+00:00\",\"mainEntityOfPage\":{\"@id\":\"https:\\\/\\\/schoenstatt.com\\\/de\\\/weltapostolatsverband-das-dritte-ziel-schoenstatts-in-der-praxis\\\/\"},\"wordCount\":1022,\"publisher\":{\"@id\":\"https:\\\/\\\/schoenstatt.com\\\/de\\\/#organization\"},\"image\":{\"@id\":\"https:\\\/\\\/schoenstatt.com\\\/de\\\/weltapostolatsverband-das-dritte-ziel-schoenstatts-in-der-praxis\\\/#primaryimage\"},\"thumbnailUrl\":\"https:\\\/\\\/schoenstatt.com\\\/wp-content\\\/uploads\\\/2022\\\/08\\\/CAU-1.png\",\"articleSection\":[\"Kirche\",\"Spiritualit\u00e4t\"],\"inLanguage\":\"de\"},{\"@type\":\"WebPage\",\"@id\":\"https:\\\/\\\/schoenstatt.com\\\/de\\\/weltapostolatsverband-das-dritte-ziel-schoenstatts-in-der-praxis\\\/\",\"url\":\"https:\\\/\\\/schoenstatt.com\\\/de\\\/weltapostolatsverband-das-dritte-ziel-schoenstatts-in-der-praxis\\\/\",\"name\":\"Weltapostolatsverband - das dritte Ziel Sch\u00f6nstatts - in der Praxis - Schoenstatt\",\"isPartOf\":{\"@id\":\"https:\\\/\\\/schoenstatt.com\\\/de\\\/#website\"},\"primaryImageOfPage\":{\"@id\":\"https:\\\/\\\/schoenstatt.com\\\/de\\\/weltapostolatsverband-das-dritte-ziel-schoenstatts-in-der-praxis\\\/#primaryimage\"},\"image\":{\"@id\":\"https:\\\/\\\/schoenstatt.com\\\/de\\\/weltapostolatsverband-das-dritte-ziel-schoenstatts-in-der-praxis\\\/#primaryimage\"},\"thumbnailUrl\":\"https:\\\/\\\/schoenstatt.com\\\/wp-content\\\/uploads\\\/2022\\\/08\\\/CAU-1.png\",\"datePublished\":\"2022-08-25T06:00:32+00:00\",\"dateModified\":\"2025-05-15T20:20:57+00:00\",\"description\":\"Das dritte Ziel Sch\u00f6nstatts, der Weltapostolatsverband, ruft dazu auf, f\u00fcr die Einheit der apostolischen Kr\u00e4fte der Kirche zu arbeiten.\",\"breadcrumb\":{\"@id\":\"https:\\\/\\\/schoenstatt.com\\\/de\\\/weltapostolatsverband-das-dritte-ziel-schoenstatts-in-der-praxis\\\/#breadcrumb\"},\"inLanguage\":\"de\",\"potentialAction\":[{\"@type\":\"ReadAction\",\"target\":[\"https:\\\/\\\/schoenstatt.com\\\/de\\\/weltapostolatsverband-das-dritte-ziel-schoenstatts-in-der-praxis\\\/\"]}]},{\"@type\":\"ImageObject\",\"inLanguage\":\"de\",\"@id\":\"https:\\\/\\\/schoenstatt.com\\\/de\\\/weltapostolatsverband-das-dritte-ziel-schoenstatts-in-der-praxis\\\/#primaryimage\",\"url\":\"https:\\\/\\\/schoenstatt.com\\\/wp-content\\\/uploads\\\/2022\\\/08\\\/CAU-1.png\",\"contentUrl\":\"https:\\\/\\\/schoenstatt.com\\\/wp-content\\\/uploads\\\/2022\\\/08\\\/CAU-1.png\",\"width\":599,\"height\":313,\"caption\":\"Universal Apostolic Confederation\"},{\"@type\":\"BreadcrumbList\",\"@id\":\"https:\\\/\\\/schoenstatt.com\\\/de\\\/weltapostolatsverband-das-dritte-ziel-schoenstatts-in-der-praxis\\\/#breadcrumb\",\"itemListElement\":[{\"@type\":\"ListItem\",\"position\":1,\"name\":\"Portada\",\"item\":\"https:\\\/\\\/schoenstatt.com\\\/de\\\/home\\\/\"},{\"@type\":\"ListItem\",\"position\":2,\"name\":\"Weltapostolatsverband &#8211; das dritte Ziel Sch\u00f6nstatts &#8211; in der Praxis\"}]},{\"@type\":\"WebSite\",\"@id\":\"https:\\\/\\\/schoenstatt.com\\\/de\\\/#website\",\"url\":\"https:\\\/\\\/schoenstatt.com\\\/de\\\/\",\"name\":\"Schoenstatt\",\"description\":\"Apostolic Movement\",\"publisher\":{\"@id\":\"https:\\\/\\\/schoenstatt.com\\\/de\\\/#organization\"},\"potentialAction\":[{\"@type\":\"SearchAction\",\"target\":{\"@type\":\"EntryPoint\",\"urlTemplate\":\"https:\\\/\\\/schoenstatt.com\\\/de\\\/?s={search_term_string}\"},\"query-input\":{\"@type\":\"PropertyValueSpecification\",\"valueRequired\":true,\"valueName\":\"search_term_string\"}}],\"inLanguage\":\"de\"},{\"@type\":\"Organization\",\"@id\":\"https:\\\/\\\/schoenstatt.com\\\/de\\\/#organization\",\"name\":\"Schoenstatt\",\"url\":\"https:\\\/\\\/schoenstatt.com\\\/de\\\/\",\"logo\":{\"@type\":\"ImageObject\",\"inLanguage\":\"de\",\"@id\":\"https:\\\/\\\/schoenstatt.com\\\/de\\\/#\\\/schema\\\/logo\\\/image\\\/\",\"url\":\"https:\\\/\\\/schoenstatt.com\\\/wp-content\\\/uploads\\\/2025\\\/04\\\/logo-schoenstatt-white-696x696-1.png\",\"contentUrl\":\"https:\\\/\\\/schoenstatt.com\\\/wp-content\\\/uploads\\\/2025\\\/04\\\/logo-schoenstatt-white-696x696-1.png\",\"width\":696,\"height\":694,\"caption\":\"Schoenstatt\"},\"image\":{\"@id\":\"https:\\\/\\\/schoenstatt.com\\\/de\\\/#\\\/schema\\\/logo\\\/image\\\/\"}},{\"@type\":\"Person\",\"@id\":\"https:\\\/\\\/schoenstatt.com\\\/de\\\/#\\\/schema\\\/person\\\/489465b1850e7b216fe2c10dfc262551\",\"name\":\"admin\",\"image\":{\"@type\":\"ImageObject\",\"inLanguage\":\"de\",\"@id\":\"https:\\\/\\\/secure.gravatar.com\\\/avatar\\\/02e8345e1ec40ab0e0a2a98fdde64a684bbaf994cddcb778b25b8b024ee9dfe6?s=96&d=mm&r=g\",\"url\":\"https:\\\/\\\/secure.gravatar.com\\\/avatar\\\/02e8345e1ec40ab0e0a2a98fdde64a684bbaf994cddcb778b25b8b024ee9dfe6?s=96&d=mm&r=g\",\"contentUrl\":\"https:\\\/\\\/secure.gravatar.com\\\/avatar\\\/02e8345e1ec40ab0e0a2a98fdde64a684bbaf994cddcb778b25b8b024ee9dfe6?s=96&d=mm&r=g\",\"caption\":\"admin\"},\"sameAs\":[\"https:\\\/\\\/schoenstatt.com\"],\"url\":\"https:\\\/\\\/schoenstatt.com\\\/de\\\/author\\\/admin\\\/\"}]}<\/script>\n<!-- \/ Yoast SEO Premium plugin. -->","yoast_head_json":{"title":"Weltapostolatsverband - das dritte Ziel Sch\u00f6nstatts - in der Praxis - Schoenstatt","description":"Das dritte Ziel Sch\u00f6nstatts, der Weltapostolatsverband, ruft dazu auf, f\u00fcr die Einheit der apostolischen Kr\u00e4fte der Kirche zu arbeiten.","robots":{"index":"index","follow":"follow","max-snippet":"max-snippet:-1","max-image-preview":"max-image-preview:large","max-video-preview":"max-video-preview:-1"},"canonical":"https:\/\/schoenstatt.com\/de\/weltapostolatsverband-das-dritte-ziel-schoenstatts-in-der-praxis\/","og_locale":"de_DE","og_type":"article","og_title":"Weltapostolatsverband - das dritte Ziel Sch\u00f6nstatts - in der Praxis","og_description":"Das dritte Ziel Sch\u00f6nstatts, der Weltapostolatsverband, ruft dazu auf, f\u00fcr die Einheit der apostolischen Kr\u00e4fte der Kirche zu arbeiten.","og_url":"https:\/\/schoenstatt.com\/de\/weltapostolatsverband-das-dritte-ziel-schoenstatts-in-der-praxis\/","og_site_name":"Schoenstatt","article_published_time":"2022-08-25T06:00:32+00:00","article_modified_time":"2025-05-15T20:20:57+00:00","og_image":[{"width":599,"height":313,"url":"https:\/\/schoenstatt.com\/wp-content\/uploads\/2022\/08\/CAU-1.png","type":"image\/png"}],"author":"admin","twitter_card":"summary_large_image","twitter_misc":{"Verfasst von":"admin","Gesch\u00e4tzte Lesezeit":"5\u00a0Minuten"},"schema":{"@context":"https:\/\/schema.org","@graph":[{"@type":"Article","@id":"https:\/\/schoenstatt.com\/de\/weltapostolatsverband-das-dritte-ziel-schoenstatts-in-der-praxis\/#article","isPartOf":{"@id":"https:\/\/schoenstatt.com\/de\/weltapostolatsverband-das-dritte-ziel-schoenstatts-in-der-praxis\/"},"author":{"name":"admin","@id":"https:\/\/schoenstatt.com\/de\/#\/schema\/person\/489465b1850e7b216fe2c10dfc262551"},"headline":"Weltapostolatsverband &#8211; das dritte Ziel Sch\u00f6nstatts &#8211; in der Praxis","datePublished":"2022-08-25T06:00:32+00:00","dateModified":"2025-05-15T20:20:57+00:00","mainEntityOfPage":{"@id":"https:\/\/schoenstatt.com\/de\/weltapostolatsverband-das-dritte-ziel-schoenstatts-in-der-praxis\/"},"wordCount":1022,"publisher":{"@id":"https:\/\/schoenstatt.com\/de\/#organization"},"image":{"@id":"https:\/\/schoenstatt.com\/de\/weltapostolatsverband-das-dritte-ziel-schoenstatts-in-der-praxis\/#primaryimage"},"thumbnailUrl":"https:\/\/schoenstatt.com\/wp-content\/uploads\/2022\/08\/CAU-1.png","articleSection":["Kirche","Spiritualit\u00e4t"],"inLanguage":"de"},{"@type":"WebPage","@id":"https:\/\/schoenstatt.com\/de\/weltapostolatsverband-das-dritte-ziel-schoenstatts-in-der-praxis\/","url":"https:\/\/schoenstatt.com\/de\/weltapostolatsverband-das-dritte-ziel-schoenstatts-in-der-praxis\/","name":"Weltapostolatsverband - das dritte Ziel Sch\u00f6nstatts - in der Praxis - Schoenstatt","isPartOf":{"@id":"https:\/\/schoenstatt.com\/de\/#website"},"primaryImageOfPage":{"@id":"https:\/\/schoenstatt.com\/de\/weltapostolatsverband-das-dritte-ziel-schoenstatts-in-der-praxis\/#primaryimage"},"image":{"@id":"https:\/\/schoenstatt.com\/de\/weltapostolatsverband-das-dritte-ziel-schoenstatts-in-der-praxis\/#primaryimage"},"thumbnailUrl":"https:\/\/schoenstatt.com\/wp-content\/uploads\/2022\/08\/CAU-1.png","datePublished":"2022-08-25T06:00:32+00:00","dateModified":"2025-05-15T20:20:57+00:00","description":"Das dritte Ziel Sch\u00f6nstatts, der Weltapostolatsverband, ruft dazu auf, f\u00fcr die Einheit der apostolischen Kr\u00e4fte der Kirche zu arbeiten.","breadcrumb":{"@id":"https:\/\/schoenstatt.com\/de\/weltapostolatsverband-das-dritte-ziel-schoenstatts-in-der-praxis\/#breadcrumb"},"inLanguage":"de","potentialAction":[{"@type":"ReadAction","target":["https:\/\/schoenstatt.com\/de\/weltapostolatsverband-das-dritte-ziel-schoenstatts-in-der-praxis\/"]}]},{"@type":"ImageObject","inLanguage":"de","@id":"https:\/\/schoenstatt.com\/de\/weltapostolatsverband-das-dritte-ziel-schoenstatts-in-der-praxis\/#primaryimage","url":"https:\/\/schoenstatt.com\/wp-content\/uploads\/2022\/08\/CAU-1.png","contentUrl":"https:\/\/schoenstatt.com\/wp-content\/uploads\/2022\/08\/CAU-1.png","width":599,"height":313,"caption":"Universal Apostolic Confederation"},{"@type":"BreadcrumbList","@id":"https:\/\/schoenstatt.com\/de\/weltapostolatsverband-das-dritte-ziel-schoenstatts-in-der-praxis\/#breadcrumb","itemListElement":[{"@type":"ListItem","position":1,"name":"Portada","item":"https:\/\/schoenstatt.com\/de\/home\/"},{"@type":"ListItem","position":2,"name":"Weltapostolatsverband &#8211; das dritte Ziel Sch\u00f6nstatts &#8211; in der Praxis"}]},{"@type":"WebSite","@id":"https:\/\/schoenstatt.com\/de\/#website","url":"https:\/\/schoenstatt.com\/de\/","name":"Schoenstatt","description":"Apostolic Movement","publisher":{"@id":"https:\/\/schoenstatt.com\/de\/#organization"},"potentialAction":[{"@type":"SearchAction","target":{"@type":"EntryPoint","urlTemplate":"https:\/\/schoenstatt.com\/de\/?s={search_term_string}"},"query-input":{"@type":"PropertyValueSpecification","valueRequired":true,"valueName":"search_term_string"}}],"inLanguage":"de"},{"@type":"Organization","@id":"https:\/\/schoenstatt.com\/de\/#organization","name":"Schoenstatt","url":"https:\/\/schoenstatt.com\/de\/","logo":{"@type":"ImageObject","inLanguage":"de","@id":"https:\/\/schoenstatt.com\/de\/#\/schema\/logo\/image\/","url":"https:\/\/schoenstatt.com\/wp-content\/uploads\/2025\/04\/logo-schoenstatt-white-696x696-1.png","contentUrl":"https:\/\/schoenstatt.com\/wp-content\/uploads\/2025\/04\/logo-schoenstatt-white-696x696-1.png","width":696,"height":694,"caption":"Schoenstatt"},"image":{"@id":"https:\/\/schoenstatt.com\/de\/#\/schema\/logo\/image\/"}},{"@type":"Person","@id":"https:\/\/schoenstatt.com\/de\/#\/schema\/person\/489465b1850e7b216fe2c10dfc262551","name":"admin","image":{"@type":"ImageObject","inLanguage":"de","@id":"https:\/\/secure.gravatar.com\/avatar\/02e8345e1ec40ab0e0a2a98fdde64a684bbaf994cddcb778b25b8b024ee9dfe6?s=96&d=mm&r=g","url":"https:\/\/secure.gravatar.com\/avatar\/02e8345e1ec40ab0e0a2a98fdde64a684bbaf994cddcb778b25b8b024ee9dfe6?s=96&d=mm&r=g","contentUrl":"https:\/\/secure.gravatar.com\/avatar\/02e8345e1ec40ab0e0a2a98fdde64a684bbaf994cddcb778b25b8b024ee9dfe6?s=96&d=mm&r=g","caption":"admin"},"sameAs":["https:\/\/schoenstatt.com"],"url":"https:\/\/schoenstatt.com\/de\/author\/admin\/"}]}},"_links":{"self":[{"href":"https:\/\/schoenstatt.com\/de\/wp-json\/wp\/v2\/posts\/51295","targetHints":{"allow":["GET"]}}],"collection":[{"href":"https:\/\/schoenstatt.com\/de\/wp-json\/wp\/v2\/posts"}],"about":[{"href":"https:\/\/schoenstatt.com\/de\/wp-json\/wp\/v2\/types\/post"}],"author":[{"embeddable":true,"href":"https:\/\/schoenstatt.com\/de\/wp-json\/wp\/v2\/users\/1"}],"replies":[{"embeddable":true,"href":"https:\/\/schoenstatt.com\/de\/wp-json\/wp\/v2\/comments?post=51295"}],"version-history":[{"count":1,"href":"https:\/\/schoenstatt.com\/de\/wp-json\/wp\/v2\/posts\/51295\/revisions"}],"predecessor-version":[{"id":51530,"href":"https:\/\/schoenstatt.com\/de\/wp-json\/wp\/v2\/posts\/51295\/revisions\/51530"}],"wp:featuredmedia":[{"embeddable":true,"href":"https:\/\/schoenstatt.com\/de\/wp-json\/wp\/v2\/media\/26503"}],"wp:attachment":[{"href":"https:\/\/schoenstatt.com\/de\/wp-json\/wp\/v2\/media?parent=51295"}],"wp:term":[{"taxonomy":"category","embeddable":true,"href":"https:\/\/schoenstatt.com\/de\/wp-json\/wp\/v2\/categories?post=51295"},{"taxonomy":"post_tag","embeddable":true,"href":"https:\/\/schoenstatt.com\/de\/wp-json\/wp\/v2\/tags?post=51295"}],"curies":[{"name":"wp","href":"https:\/\/api.w.org\/{rel}","templated":true}]}}