{"id":51022,"date":"2022-09-27T16:20:21","date_gmt":"2022-09-27T14:20:21","guid":{"rendered":"https:\/\/schoenstattdev.wpenginepowered.com\/?p=27089"},"modified":"2025-05-15T20:09:46","modified_gmt":"2025-05-15T18:09:46","slug":"papst-in-matera-kehren-wir-zurueck-zur-eucharistie-prophezeiung-einer-neuen-welt","status":"publish","type":"post","link":"https:\/\/schoenstatt.com\/de\/papst-in-matera-kehren-wir-zurueck-zur-eucharistie-prophezeiung-einer-neuen-welt\/","title":{"rendered":"Papst in Matera: \u201eKehren wir zur\u00fcck zur Eucharistie, Prophezeiung einer neuen Welt\u201c"},"content":{"rendered":"<p>Wenn Menschen allzu stark darauf bedacht sind, ihren eigenen Reichtum anzuh\u00e4ufen, und dabei die armen \u201eLazarusse\u201c des Lebens aus den Augen verlieren, verlieren sie auch ihre Beziehung zu Gott. Man d\u00fcrfe nicht das, was man hat, verwechseln mit dem, was man ist, warnte Franziskus in seiner Predigt bei der Abschlussmesse des Nationalen Eucharistischen Kongresses im s\u00fcditalienischen Matera an diesem Sonntag.<\/p>\n<p><img fetchpriority=\"high\" decoding=\"async\" class=\"aligncenter wp-image-27074 size-full\" src=\"https:\/\/schoenstatt.com\/wp-content\/uploads\/2022\/09\/Matera-5-1.png\" alt=\"Papst \" width=\"682\" height=\"383\" \/><\/p>\n<p>Papst Franziskus stand der Messe mit rund 12.000 Teilnehmern vor, zelebrierte aber wegen seines andauernden Knieleidens nicht selbst. Bereits bei der Anreise hatte es eine Plan\u00e4nderung gegeben: Wegen der schlechten Witterungsverh\u00e4ltnisse startete der Papst nicht wie geplant per Helikopter aus den Vatikanischen G\u00e4rten, sondern er reiste per Flugzeug vom r\u00f6mischen Flughafen Ciampino aus an, weil in Rom schweres Gewitter vorhergesagt war.<\/p>\n<p>In seiner Predigt ging der Papst vom geh\u00f6rten Evangelium aus, in dem beschrieben wird, wie der arme Lazarus vor der T\u00fcr des Reichen vegetiert und vergeblich darauf hofft, dass ein paar Kr\u00fcmel des Brotes vom Tisch des Reichen f\u00fcr ihn hinunterfallen m\u00f6gen (vgl. Lk 16, 19-31). Doch entgegen der Hymne des Eucharistischen Kongresses, nach dem das \u201eBrot\u201c des Herrn \u201eTeilhabe\u201c und \u201eGemeinschaft\u201c schaffe, stelle man vielfach fest, dass das \u201eBrot nicht immer auf dem Tisch der Welt geteilt wird\u201c, gab Franziskus zu bedenken.<\/p>\n<h3>Ein Reicher ohne Namen<\/h3>\n<blockquote><p>\u201eZun\u00e4chst einmal erinnert uns die Eucharistie an den Primat Gottes. Der reiche Mann im Gleichnis ist nicht offen f\u00fcr eine Beziehung zu Gott: Er denkt nur an sein eigenes Wohlergehen, an die Befriedigung seiner Bed\u00fcrfnisse, an den Genuss des Lebens.\u201c<\/p><\/blockquote>\n<p>Konsequenz dieses Lebensstils und dieser Verschlossenheit f\u00fcr Gott: Der Reiche ist entmenschlicht, tr\u00e4gt im Evangelium nicht zuf\u00e4llig nicht einmal mehr einen Namen, sondern wird nur durch seinen Status als \u201eReicher\u201c beschrieben: \u201eWie traurig ist diese Realit\u00e4t auch heute noch, wenn wir das, was wir sind, mit dem verwechseln, was wir haben, wenn wir Menschen nach ihrem Reichtum, ihren Titeln, ihren Rollen oder ihrer Kleidung beurteilen. Es ist die Religion des Habens und des Scheins, die oft die Szene dieser Welt beherrscht, uns aber am Ende mit leeren H\u00e4nden zur\u00fcckl\u00e4sst.\u201c<\/p>\n<p>Im Gegensatz dazu trage der Arme im Evangelium einen Namen, Lazarus, was \u201eGott hilft\u201c bedeutet, bemerkt Franziskus. Er habe trotz seiner Armut und Ausgrenzung seine W\u00fcrde bewahrt, \u201eweil er in einer Beziehung zu Gott lebt\u201c:<\/p>\n<blockquote><p>\u201eHier liegt also die st\u00e4ndige Herausforderung, die die Eucharistie f\u00fcr unser Leben darstellt: Gott anzubeten und nicht sich selbst. Ihn in den Mittelpunkt zu stellen und nicht die Eitelkeit des Selbst.\u201c<\/p><\/blockquote>\n<h3>Wir selbst vertiefen die Gr\u00e4ben<\/h3>\n<p><img decoding=\"async\" class=\"aligncenter wp-image-27066 size-full\" src=\"https:\/\/schoenstatt.com\/wp-content\/uploads\/2022\/09\/Matera-3-1.png\" alt=\"Eucarist\u00eda \" width=\"679\" height=\"419\" \/><\/p>\n<p>Gleichzeitig rufe die Eucharistie dazu auf, nach dem Beispiel Jesu, der sich selbst hingegeben hatte, die Mitmenschen zu lieben und f\u00fcr sie Sorge zu tragen. Der reiche Mann versagte bei dieser Aufgabe, er lebte im \u00dcberfluss, \u201eohne den stummen Schrei des armen Lazarus zu beachten, der ersch\u00f6pft vor seiner T\u00fcr liegt,\u201c gab Franziskus zu bedenken. Erst im Tod werde dem Reichen bewusst, was f\u00fcr einen Graben er zwischen sich und Lazarus geschaffen habe \u2013 und der Schmerz, den dies f\u00fcr ihn bedeute: \u201eDenn unsere ewige Zukunft h\u00e4ngt von diesem gegenw\u00e4rtigen Leben ab: Wenn wir jetzt einen Graben zu unseren Br\u00fcdern aufrei\u00dfen, ,schaufeln wir unser eigenes Grab\u2018 f\u00fcr sp\u00e4ter; wenn wir jetzt Mauern gegen unsere Br\u00fcder und Schwestern errichten, bleiben wir auch sp\u00e4ter in Einsamkeit und Tod gefangen\u201c, betonte der Papst.<\/p>\n<blockquote><p>\u00a0\u201eDie Ungerechtigkeiten, die Ungleichheiten, die ungleiche Verteilung der Ressourcen der Erde, der Missbrauch der M\u00e4chtigen gegen\u00fcber den Schwachen, die Gleichg\u00fcltigkeit gegen\u00fcber den Schreien der Armen, der Abgrund, den wir jeden Tag graben und der Ausgrenzung erzeugt, k\u00f6nnen uns nicht gleichg\u00fcltig lassen.\u201c<\/p><\/blockquote>\n<p>Es sei allerdings besonders schmerzlich zu sehen, dass dieses Gleichnis auch die Zust\u00e4nde in unserer heutigen Zeit widerspiegele, fuhr das Kirchenoberhaupt fort. \u201eDie Ungerechtigkeiten, die Ungleichheiten, die ungleiche Verteilung der Ressourcen der Erde, der Missbrauch der M\u00e4chtigen gegen\u00fcber den Schwachen, die Gleichg\u00fcltigkeit gegen\u00fcber den Schreien der Armen, der Abgrund, den wir jeden Tag graben und der Ausgrenzung erzeugt, k\u00f6nnen uns nicht gleichg\u00fcltig lassen. Und so wollen wir heute gemeinsam erkennen, dass die Eucharistie die Prophezeiung einer neuen Welt ist, dass es die Gegenwart Jesu ist, die uns auffordert, uns zu engagieren, damit eine wirksame Umkehr stattfinden kann: eine Umkehr von der Gleichg\u00fcltigkeit zum Mitgef\u00fchl, Umkehr von der Verschwendung zum Teilen, Umkehr vom Egoismus zur Liebe, Umkehr vom Individualismus zur Geschwisterlichkeit.\u201c<\/p>\n<h3>\u201eWir tr\u00e4umen von einer solchen Kirche\u201c<\/h3>\n<p>\u201eWir tr\u00e4umen von einer solchen Kirche\u201c, betonte <a href=\"https:\/\/schoenstattdev.wpenginepowered.com\/de\/spiritualitat\/schoenstatt-patres-generalkapitel-endet-mit-audienz-in-rom\/\">Franziskus<\/a> weiter, einer Kirche von M\u00e4nnern und Frauen, die den Blick f\u00fcr die Bed\u00fcrftigen nicht verliere und die Verehrung der Eucharistie mit dem Mitleid vor den Wunden der anderen zu verbinden wisse. \u201eDenn es gibt keine wahre eucharistische Anbetung ohne Mitgef\u00fchl f\u00fcr die vielen ,Lazarusse\u2018, die auch heute noch unter uns leben\u201c, so der Papst. Es gelte, zur Eucharistie und zu Jesus zur\u00fcckzukehren, und von ihm ausgesandt als \u201eApostel der Geschwisterlichkeit, der Gerechtigkeit und des Friedens\u201c zu wirken. Heute sollten wir ernsthaft an den Reichen und Lazarus denken, denn deren Geschichte wiederhole sich \u201ejeden Tag\u201c, betonte Franziskus. Wir alle seien S\u00fcnder, die diesen Kampf t\u00e4glich ausfechten m\u00fcssten: \u201eAber, S\u00fcnder, kehren wir zur\u00fcck zum Geschmack der Eucharistie, zum Geschmack des Brotes. Kehren wir zu Jesus zur\u00fcck, beten wir Jesus an, nehmen wir Jesus auf. Denn er ist der Einzige, der den Tod besiegt und immer wieder unser Leben erneuert.\u201c<\/p>\n<p><img decoding=\"async\" class=\"aligncenter wp-image-27086 size-full\" src=\"https:\/\/schoenstatt.com\/wp-content\/uploads\/2022\/09\/Matera-8-1.png\" alt=\"\" width=\"447\" height=\"421\" \/><\/p>\n<p><em><strong>&#8222;Lasst uns zu Jesus zur\u00fcckkehren, lasst uns Jesus anbeten, lasst uns Jesus willkommen hei\u00dfen. Weil er den Tod besiegt und unser Leben immer wieder erneuert.&#8220;<\/strong><\/em><\/p>\n<p>Quelle:\u00a0<a href=\"https:\/\/www.vaticannews.va\/de.html\">https:\/\/www.vaticannews.va\/de.html<\/a><\/p>\n","protected":false},"excerpt":{"rendered":"<p>Papst Franziskus stand der Messe mit rund 12.000 Teilnehmern vor, zelebrierte aber wegen seines andauernden Knieleidens nicht selbst.<\/p>\n","protected":false},"author":1,"featured_media":27062,"comment_status":"closed","ping_status":"closed","sticky":false,"template":"","format":"standard","meta":{"footnotes":""},"categories":[851,852],"tags":[],"class_list":["post-51022","post","type-post","status-publish","format-standard","has-post-thumbnail","hentry","category-kirche-de","category-papst-franziskus-de"],"yoast_head":"<!-- This site is optimized with the Yoast SEO Premium plugin v27.4 (Yoast SEO v27.4) - https:\/\/yoast.com\/product\/yoast-seo-premium-wordpress\/ -->\n<title>Papst in Matera: \u201eKehren wir zur\u00fcck zur Eucharistie, Prophezeiung einer neuen Welt\u201c - Schoenstatt<\/title>\n<meta name=\"description\" content=\"Papst Franziskus stand der Messe mit rund 12.000 Teilnehmern vor, zelebrierte aber wegen seines andauernden Knieleidens nicht selbst.\" \/>\n<meta name=\"robots\" content=\"index, follow, max-snippet:-1, max-image-preview:large, max-video-preview:-1\" \/>\n<link rel=\"canonical\" href=\"https:\/\/schoenstatt.com\/de\/papst-in-matera-kehren-wir-zurueck-zur-eucharistie-prophezeiung-einer-neuen-welt\/\" \/>\n<meta property=\"og:locale\" content=\"de_DE\" \/>\n<meta property=\"og:type\" content=\"article\" \/>\n<meta property=\"og:title\" content=\"Papst in Matera: \u201eKehren wir zur\u00fcck zur Eucharistie, Prophezeiung einer neuen Welt\u201c\" \/>\n<meta property=\"og:description\" content=\"Papst Franziskus stand der Messe mit rund 12.000 Teilnehmern vor, zelebrierte aber wegen seines andauernden Knieleidens nicht selbst.\" \/>\n<meta property=\"og:url\" content=\"https:\/\/schoenstatt.com\/de\/papst-in-matera-kehren-wir-zurueck-zur-eucharistie-prophezeiung-einer-neuen-welt\/\" \/>\n<meta property=\"og:site_name\" content=\"Schoenstatt\" \/>\n<meta property=\"article:published_time\" content=\"2022-09-27T14:20:21+00:00\" \/>\n<meta property=\"article:modified_time\" content=\"2025-05-15T18:09:46+00:00\" \/>\n<meta property=\"og:image\" content=\"https:\/\/schoenstatt.com\/wp-content\/uploads\/2022\/09\/Matera-2-1.png\" \/>\n\t<meta property=\"og:image:width\" content=\"648\" \/>\n\t<meta property=\"og:image:height\" content=\"417\" \/>\n\t<meta property=\"og:image:type\" content=\"image\/png\" \/>\n<meta name=\"author\" content=\"admin\" \/>\n<meta name=\"twitter:card\" content=\"summary_large_image\" \/>\n<meta name=\"twitter:label1\" content=\"Verfasst von\" \/>\n\t<meta name=\"twitter:data1\" content=\"admin\" \/>\n\t<meta name=\"twitter:label2\" content=\"Gesch\u00e4tzte Lesezeit\" \/>\n\t<meta name=\"twitter:data2\" content=\"5\u00a0Minuten\" \/>\n<script type=\"application\/ld+json\" class=\"yoast-schema-graph\">{\"@context\":\"https:\\\/\\\/schema.org\",\"@graph\":[{\"@type\":\"Article\",\"@id\":\"https:\\\/\\\/schoenstatt.com\\\/de\\\/papst-in-matera-kehren-wir-zurueck-zur-eucharistie-prophezeiung-einer-neuen-welt\\\/#article\",\"isPartOf\":{\"@id\":\"https:\\\/\\\/schoenstatt.com\\\/de\\\/papst-in-matera-kehren-wir-zurueck-zur-eucharistie-prophezeiung-einer-neuen-welt\\\/\"},\"author\":{\"name\":\"admin\",\"@id\":\"https:\\\/\\\/schoenstatt.com\\\/de\\\/#\\\/schema\\\/person\\\/489465b1850e7b216fe2c10dfc262551\"},\"headline\":\"Papst in Matera: \u201eKehren wir zur\u00fcck zur Eucharistie, Prophezeiung einer neuen Welt\u201c\",\"datePublished\":\"2022-09-27T14:20:21+00:00\",\"dateModified\":\"2025-05-15T18:09:46+00:00\",\"mainEntityOfPage\":{\"@id\":\"https:\\\/\\\/schoenstatt.com\\\/de\\\/papst-in-matera-kehren-wir-zurueck-zur-eucharistie-prophezeiung-einer-neuen-welt\\\/\"},\"wordCount\":972,\"publisher\":{\"@id\":\"https:\\\/\\\/schoenstatt.com\\\/de\\\/#organization\"},\"image\":{\"@id\":\"https:\\\/\\\/schoenstatt.com\\\/de\\\/papst-in-matera-kehren-wir-zurueck-zur-eucharistie-prophezeiung-einer-neuen-welt\\\/#primaryimage\"},\"thumbnailUrl\":\"https:\\\/\\\/schoenstatt.com\\\/wp-content\\\/uploads\\\/2022\\\/09\\\/Matera-2-1.png\",\"articleSection\":[\"Kirche\",\"Papst Franziskus\"],\"inLanguage\":\"de\"},{\"@type\":\"WebPage\",\"@id\":\"https:\\\/\\\/schoenstatt.com\\\/de\\\/papst-in-matera-kehren-wir-zurueck-zur-eucharistie-prophezeiung-einer-neuen-welt\\\/\",\"url\":\"https:\\\/\\\/schoenstatt.com\\\/de\\\/papst-in-matera-kehren-wir-zurueck-zur-eucharistie-prophezeiung-einer-neuen-welt\\\/\",\"name\":\"Papst in Matera: \u201eKehren wir zur\u00fcck zur Eucharistie, Prophezeiung einer neuen Welt\u201c - Schoenstatt\",\"isPartOf\":{\"@id\":\"https:\\\/\\\/schoenstatt.com\\\/de\\\/#website\"},\"primaryImageOfPage\":{\"@id\":\"https:\\\/\\\/schoenstatt.com\\\/de\\\/papst-in-matera-kehren-wir-zurueck-zur-eucharistie-prophezeiung-einer-neuen-welt\\\/#primaryimage\"},\"image\":{\"@id\":\"https:\\\/\\\/schoenstatt.com\\\/de\\\/papst-in-matera-kehren-wir-zurueck-zur-eucharistie-prophezeiung-einer-neuen-welt\\\/#primaryimage\"},\"thumbnailUrl\":\"https:\\\/\\\/schoenstatt.com\\\/wp-content\\\/uploads\\\/2022\\\/09\\\/Matera-2-1.png\",\"datePublished\":\"2022-09-27T14:20:21+00:00\",\"dateModified\":\"2025-05-15T18:09:46+00:00\",\"description\":\"Papst Franziskus stand der Messe mit rund 12.000 Teilnehmern vor, zelebrierte aber wegen seines andauernden Knieleidens nicht selbst.\",\"breadcrumb\":{\"@id\":\"https:\\\/\\\/schoenstatt.com\\\/de\\\/papst-in-matera-kehren-wir-zurueck-zur-eucharistie-prophezeiung-einer-neuen-welt\\\/#breadcrumb\"},\"inLanguage\":\"de\",\"potentialAction\":[{\"@type\":\"ReadAction\",\"target\":[\"https:\\\/\\\/schoenstatt.com\\\/de\\\/papst-in-matera-kehren-wir-zurueck-zur-eucharistie-prophezeiung-einer-neuen-welt\\\/\"]}]},{\"@type\":\"ImageObject\",\"inLanguage\":\"de\",\"@id\":\"https:\\\/\\\/schoenstatt.com\\\/de\\\/papst-in-matera-kehren-wir-zurueck-zur-eucharistie-prophezeiung-einer-neuen-welt\\\/#primaryimage\",\"url\":\"https:\\\/\\\/schoenstatt.com\\\/wp-content\\\/uploads\\\/2022\\\/09\\\/Matera-2-1.png\",\"contentUrl\":\"https:\\\/\\\/schoenstatt.com\\\/wp-content\\\/uploads\\\/2022\\\/09\\\/Matera-2-1.png\",\"width\":648,\"height\":417,\"caption\":\"Eucharistic Congress\"},{\"@type\":\"BreadcrumbList\",\"@id\":\"https:\\\/\\\/schoenstatt.com\\\/de\\\/papst-in-matera-kehren-wir-zurueck-zur-eucharistie-prophezeiung-einer-neuen-welt\\\/#breadcrumb\",\"itemListElement\":[{\"@type\":\"ListItem\",\"position\":1,\"name\":\"Portada\",\"item\":\"https:\\\/\\\/schoenstatt.com\\\/de\\\/home\\\/\"},{\"@type\":\"ListItem\",\"position\":2,\"name\":\"Papst in Matera: \u201eKehren wir zur\u00fcck zur Eucharistie, Prophezeiung einer neuen Welt\u201c\"}]},{\"@type\":\"WebSite\",\"@id\":\"https:\\\/\\\/schoenstatt.com\\\/de\\\/#website\",\"url\":\"https:\\\/\\\/schoenstatt.com\\\/de\\\/\",\"name\":\"Schoenstatt\",\"description\":\"Apostolic Movement\",\"publisher\":{\"@id\":\"https:\\\/\\\/schoenstatt.com\\\/de\\\/#organization\"},\"potentialAction\":[{\"@type\":\"SearchAction\",\"target\":{\"@type\":\"EntryPoint\",\"urlTemplate\":\"https:\\\/\\\/schoenstatt.com\\\/de\\\/?s={search_term_string}\"},\"query-input\":{\"@type\":\"PropertyValueSpecification\",\"valueRequired\":true,\"valueName\":\"search_term_string\"}}],\"inLanguage\":\"de\"},{\"@type\":\"Organization\",\"@id\":\"https:\\\/\\\/schoenstatt.com\\\/de\\\/#organization\",\"name\":\"Schoenstatt\",\"url\":\"https:\\\/\\\/schoenstatt.com\\\/de\\\/\",\"logo\":{\"@type\":\"ImageObject\",\"inLanguage\":\"de\",\"@id\":\"https:\\\/\\\/schoenstatt.com\\\/de\\\/#\\\/schema\\\/logo\\\/image\\\/\",\"url\":\"https:\\\/\\\/schoenstatt.com\\\/wp-content\\\/uploads\\\/2025\\\/04\\\/logo-schoenstatt-white-696x696-1.png\",\"contentUrl\":\"https:\\\/\\\/schoenstatt.com\\\/wp-content\\\/uploads\\\/2025\\\/04\\\/logo-schoenstatt-white-696x696-1.png\",\"width\":696,\"height\":694,\"caption\":\"Schoenstatt\"},\"image\":{\"@id\":\"https:\\\/\\\/schoenstatt.com\\\/de\\\/#\\\/schema\\\/logo\\\/image\\\/\"}},{\"@type\":\"Person\",\"@id\":\"https:\\\/\\\/schoenstatt.com\\\/de\\\/#\\\/schema\\\/person\\\/489465b1850e7b216fe2c10dfc262551\",\"name\":\"admin\",\"image\":{\"@type\":\"ImageObject\",\"inLanguage\":\"de\",\"@id\":\"https:\\\/\\\/secure.gravatar.com\\\/avatar\\\/02e8345e1ec40ab0e0a2a98fdde64a684bbaf994cddcb778b25b8b024ee9dfe6?s=96&d=mm&r=g\",\"url\":\"https:\\\/\\\/secure.gravatar.com\\\/avatar\\\/02e8345e1ec40ab0e0a2a98fdde64a684bbaf994cddcb778b25b8b024ee9dfe6?s=96&d=mm&r=g\",\"contentUrl\":\"https:\\\/\\\/secure.gravatar.com\\\/avatar\\\/02e8345e1ec40ab0e0a2a98fdde64a684bbaf994cddcb778b25b8b024ee9dfe6?s=96&d=mm&r=g\",\"caption\":\"admin\"},\"sameAs\":[\"https:\\\/\\\/schoenstatt.com\"],\"url\":\"https:\\\/\\\/schoenstatt.com\\\/de\\\/author\\\/admin\\\/\"}]}<\/script>\n<!-- \/ Yoast SEO Premium plugin. -->","yoast_head_json":{"title":"Papst in Matera: \u201eKehren wir zur\u00fcck zur Eucharistie, Prophezeiung einer neuen Welt\u201c - Schoenstatt","description":"Papst Franziskus stand der Messe mit rund 12.000 Teilnehmern vor, zelebrierte aber wegen seines andauernden Knieleidens nicht selbst.","robots":{"index":"index","follow":"follow","max-snippet":"max-snippet:-1","max-image-preview":"max-image-preview:large","max-video-preview":"max-video-preview:-1"},"canonical":"https:\/\/schoenstatt.com\/de\/papst-in-matera-kehren-wir-zurueck-zur-eucharistie-prophezeiung-einer-neuen-welt\/","og_locale":"de_DE","og_type":"article","og_title":"Papst in Matera: \u201eKehren wir zur\u00fcck zur Eucharistie, Prophezeiung einer neuen Welt\u201c","og_description":"Papst Franziskus stand der Messe mit rund 12.000 Teilnehmern vor, zelebrierte aber wegen seines andauernden Knieleidens nicht selbst.","og_url":"https:\/\/schoenstatt.com\/de\/papst-in-matera-kehren-wir-zurueck-zur-eucharistie-prophezeiung-einer-neuen-welt\/","og_site_name":"Schoenstatt","article_published_time":"2022-09-27T14:20:21+00:00","article_modified_time":"2025-05-15T18:09:46+00:00","og_image":[{"width":648,"height":417,"url":"https:\/\/schoenstatt.com\/wp-content\/uploads\/2022\/09\/Matera-2-1.png","type":"image\/png"}],"author":"admin","twitter_card":"summary_large_image","twitter_misc":{"Verfasst von":"admin","Gesch\u00e4tzte Lesezeit":"5\u00a0Minuten"},"schema":{"@context":"https:\/\/schema.org","@graph":[{"@type":"Article","@id":"https:\/\/schoenstatt.com\/de\/papst-in-matera-kehren-wir-zurueck-zur-eucharistie-prophezeiung-einer-neuen-welt\/#article","isPartOf":{"@id":"https:\/\/schoenstatt.com\/de\/papst-in-matera-kehren-wir-zurueck-zur-eucharistie-prophezeiung-einer-neuen-welt\/"},"author":{"name":"admin","@id":"https:\/\/schoenstatt.com\/de\/#\/schema\/person\/489465b1850e7b216fe2c10dfc262551"},"headline":"Papst in Matera: \u201eKehren wir zur\u00fcck zur Eucharistie, Prophezeiung einer neuen Welt\u201c","datePublished":"2022-09-27T14:20:21+00:00","dateModified":"2025-05-15T18:09:46+00:00","mainEntityOfPage":{"@id":"https:\/\/schoenstatt.com\/de\/papst-in-matera-kehren-wir-zurueck-zur-eucharistie-prophezeiung-einer-neuen-welt\/"},"wordCount":972,"publisher":{"@id":"https:\/\/schoenstatt.com\/de\/#organization"},"image":{"@id":"https:\/\/schoenstatt.com\/de\/papst-in-matera-kehren-wir-zurueck-zur-eucharistie-prophezeiung-einer-neuen-welt\/#primaryimage"},"thumbnailUrl":"https:\/\/schoenstatt.com\/wp-content\/uploads\/2022\/09\/Matera-2-1.png","articleSection":["Kirche","Papst Franziskus"],"inLanguage":"de"},{"@type":"WebPage","@id":"https:\/\/schoenstatt.com\/de\/papst-in-matera-kehren-wir-zurueck-zur-eucharistie-prophezeiung-einer-neuen-welt\/","url":"https:\/\/schoenstatt.com\/de\/papst-in-matera-kehren-wir-zurueck-zur-eucharistie-prophezeiung-einer-neuen-welt\/","name":"Papst in Matera: \u201eKehren wir zur\u00fcck zur Eucharistie, Prophezeiung einer neuen Welt\u201c - Schoenstatt","isPartOf":{"@id":"https:\/\/schoenstatt.com\/de\/#website"},"primaryImageOfPage":{"@id":"https:\/\/schoenstatt.com\/de\/papst-in-matera-kehren-wir-zurueck-zur-eucharistie-prophezeiung-einer-neuen-welt\/#primaryimage"},"image":{"@id":"https:\/\/schoenstatt.com\/de\/papst-in-matera-kehren-wir-zurueck-zur-eucharistie-prophezeiung-einer-neuen-welt\/#primaryimage"},"thumbnailUrl":"https:\/\/schoenstatt.com\/wp-content\/uploads\/2022\/09\/Matera-2-1.png","datePublished":"2022-09-27T14:20:21+00:00","dateModified":"2025-05-15T18:09:46+00:00","description":"Papst Franziskus stand der Messe mit rund 12.000 Teilnehmern vor, zelebrierte aber wegen seines andauernden Knieleidens nicht selbst.","breadcrumb":{"@id":"https:\/\/schoenstatt.com\/de\/papst-in-matera-kehren-wir-zurueck-zur-eucharistie-prophezeiung-einer-neuen-welt\/#breadcrumb"},"inLanguage":"de","potentialAction":[{"@type":"ReadAction","target":["https:\/\/schoenstatt.com\/de\/papst-in-matera-kehren-wir-zurueck-zur-eucharistie-prophezeiung-einer-neuen-welt\/"]}]},{"@type":"ImageObject","inLanguage":"de","@id":"https:\/\/schoenstatt.com\/de\/papst-in-matera-kehren-wir-zurueck-zur-eucharistie-prophezeiung-einer-neuen-welt\/#primaryimage","url":"https:\/\/schoenstatt.com\/wp-content\/uploads\/2022\/09\/Matera-2-1.png","contentUrl":"https:\/\/schoenstatt.com\/wp-content\/uploads\/2022\/09\/Matera-2-1.png","width":648,"height":417,"caption":"Eucharistic Congress"},{"@type":"BreadcrumbList","@id":"https:\/\/schoenstatt.com\/de\/papst-in-matera-kehren-wir-zurueck-zur-eucharistie-prophezeiung-einer-neuen-welt\/#breadcrumb","itemListElement":[{"@type":"ListItem","position":1,"name":"Portada","item":"https:\/\/schoenstatt.com\/de\/home\/"},{"@type":"ListItem","position":2,"name":"Papst in Matera: \u201eKehren wir zur\u00fcck zur Eucharistie, Prophezeiung einer neuen Welt\u201c"}]},{"@type":"WebSite","@id":"https:\/\/schoenstatt.com\/de\/#website","url":"https:\/\/schoenstatt.com\/de\/","name":"Schoenstatt","description":"Apostolic Movement","publisher":{"@id":"https:\/\/schoenstatt.com\/de\/#organization"},"potentialAction":[{"@type":"SearchAction","target":{"@type":"EntryPoint","urlTemplate":"https:\/\/schoenstatt.com\/de\/?s={search_term_string}"},"query-input":{"@type":"PropertyValueSpecification","valueRequired":true,"valueName":"search_term_string"}}],"inLanguage":"de"},{"@type":"Organization","@id":"https:\/\/schoenstatt.com\/de\/#organization","name":"Schoenstatt","url":"https:\/\/schoenstatt.com\/de\/","logo":{"@type":"ImageObject","inLanguage":"de","@id":"https:\/\/schoenstatt.com\/de\/#\/schema\/logo\/image\/","url":"https:\/\/schoenstatt.com\/wp-content\/uploads\/2025\/04\/logo-schoenstatt-white-696x696-1.png","contentUrl":"https:\/\/schoenstatt.com\/wp-content\/uploads\/2025\/04\/logo-schoenstatt-white-696x696-1.png","width":696,"height":694,"caption":"Schoenstatt"},"image":{"@id":"https:\/\/schoenstatt.com\/de\/#\/schema\/logo\/image\/"}},{"@type":"Person","@id":"https:\/\/schoenstatt.com\/de\/#\/schema\/person\/489465b1850e7b216fe2c10dfc262551","name":"admin","image":{"@type":"ImageObject","inLanguage":"de","@id":"https:\/\/secure.gravatar.com\/avatar\/02e8345e1ec40ab0e0a2a98fdde64a684bbaf994cddcb778b25b8b024ee9dfe6?s=96&d=mm&r=g","url":"https:\/\/secure.gravatar.com\/avatar\/02e8345e1ec40ab0e0a2a98fdde64a684bbaf994cddcb778b25b8b024ee9dfe6?s=96&d=mm&r=g","contentUrl":"https:\/\/secure.gravatar.com\/avatar\/02e8345e1ec40ab0e0a2a98fdde64a684bbaf994cddcb778b25b8b024ee9dfe6?s=96&d=mm&r=g","caption":"admin"},"sameAs":["https:\/\/schoenstatt.com"],"url":"https:\/\/schoenstatt.com\/de\/author\/admin\/"}]}},"_links":{"self":[{"href":"https:\/\/schoenstatt.com\/de\/wp-json\/wp\/v2\/posts\/51022","targetHints":{"allow":["GET"]}}],"collection":[{"href":"https:\/\/schoenstatt.com\/de\/wp-json\/wp\/v2\/posts"}],"about":[{"href":"https:\/\/schoenstatt.com\/de\/wp-json\/wp\/v2\/types\/post"}],"author":[{"embeddable":true,"href":"https:\/\/schoenstatt.com\/de\/wp-json\/wp\/v2\/users\/1"}],"replies":[{"embeddable":true,"href":"https:\/\/schoenstatt.com\/de\/wp-json\/wp\/v2\/comments?post=51022"}],"version-history":[{"count":1,"href":"https:\/\/schoenstatt.com\/de\/wp-json\/wp\/v2\/posts\/51022\/revisions"}],"predecessor-version":[{"id":51233,"href":"https:\/\/schoenstatt.com\/de\/wp-json\/wp\/v2\/posts\/51022\/revisions\/51233"}],"wp:featuredmedia":[{"embeddable":true,"href":"https:\/\/schoenstatt.com\/de\/wp-json\/wp\/v2\/media\/27062"}],"wp:attachment":[{"href":"https:\/\/schoenstatt.com\/de\/wp-json\/wp\/v2\/media?parent=51022"}],"wp:term":[{"taxonomy":"category","embeddable":true,"href":"https:\/\/schoenstatt.com\/de\/wp-json\/wp\/v2\/categories?post=51022"},{"taxonomy":"post_tag","embeddable":true,"href":"https:\/\/schoenstatt.com\/de\/wp-json\/wp\/v2\/tags?post=51022"}],"curies":[{"name":"wp","href":"https:\/\/api.w.org\/{rel}","templated":true}]}}