{"id":51014,"date":"2022-09-23T20:13:40","date_gmt":"2022-09-23T18:13:40","guid":{"rendered":"https:\/\/schoenstattdev.wpenginepowered.com\/?p=27168"},"modified":"2025-05-15T22:40:55","modified_gmt":"2025-05-15T20:40:55","slug":"schoenstatt-brasilien-feiert-das-50-jaehrige-bestehen-seines-heiligtums-in-atibaia","status":"publish","type":"post","link":"https:\/\/schoenstatt.com\/de\/schoenstatt-brasilien-feiert-das-50-jaehrige-bestehen-seines-heiligtums-in-atibaia\/","title":{"rendered":"Sch\u00f6nstatt Brasilien feiert das 50-j\u00e4hrige Bestehen seines Heiligtums in Atibaia"},"content":{"rendered":"<p>Das Heiligtum von Atibaia, das eine Stunde von S\u00e3o Paulo, Brasilien, entfernt liegt, ist wahrscheinlich das meistbesuchte Sch\u00f6nstatt-Heiligtum der Welt. Vor der Pandemie kamen jedes Wochenende zwischen 5.000 und 8.000 Pilger in mehr als hundert Bussen. Diese Zahlen werden langsam wieder erreicht. Die Ankunft dieser Gruppen in diesem Heiligtum in Brasilien zeigt die weite Ausbreitung der Bewegung in diesem Land, die durch die Kampagne der Pilgernden Gottesmutter, die 1950 von Diakon Joao Luis Pozzobon initiiert wurde, mit gro\u00dfer Kraft verst\u00e4rkt wurde.<\/p>\n<p>Im Folgenden finden Sie einen Bericht \u00fcber die Feierlichkeiten zum Goldenen Jubil\u00e4um des Heiligtums:<\/p>\n<h3>Festlichkeiten anl\u00e4sslich des Goldenen Jubil\u00e4ums<\/h3>\n<p>Der Jubil\u00e4umstag begann im Morgengrauen mit der <a href=\"https:\/\/schoenstattdev.wpenginepowered.com\/de\/lander\/brasilien-feiert-50-jahre-schoenstatt-heiligtum-in-atibaia\/\">Jubil\u00e4ums<\/a>-Alborada, gefolgt von der Heiligen Messe in der Morgend\u00e4mmerung, an der die Jugendlichen teilnahmen. Die Pilger trafen erst Stunden sp\u00e4ter ein. Die jungen Leute begr\u00fc\u00dften mit gro\u00dfer Freude die mit Bussen ankommenden G\u00e4ste.<\/p>\n<p><img fetchpriority=\"high\" decoding=\"async\" class=\"aligncenter wp-image-27033 size-full\" src=\"https:\/\/schoenstatt.com\/wp-content\/uploads\/2022\/09\/Atibaia-6-1.png\" alt=\"Atibaia\" width=\"765\" height=\"498\" \/><\/p>\n<h3>Ein abwechslungsreiches und motivierendes Programm<\/h3>\n<p>Das Programm umfasste mehrere Aktivit\u00e4ten, wie beispielsweise das \u201eSch\u00f6nstatt-Kino&#8220;, wo die Besucher den Dokumentarfilm \u201eEiner muss voran gehen&#8220; sehen konnten, der die Geschichte des Gr\u00fcnders der Sch\u00f6nstatt-Bewegung, Pater Josef Kentenich, erz\u00e4hlt.<\/p>\n<p>Juliana Cristina de Souza Troiano aus Guariba begleitete die Sitzung und kommentierte den Film. \u201eEr stellt den Beginn einer inneren Suche dar, die wir gemeinsam mit Gott haben. Wir versuchen, das, was Gott in unser Herz gelegt hat, f\u00fcr andere transparent zu machen. Jemand muss den ersten Schritt machen und dann den Weg und die Evangelisierung verbreiten&#8220;.<\/p>\n<p>In der Kapelle des Provinzhauses wurde gebetet und gesungen, das Allerheiligste Sakrament angebetet und im Pilgerzelt wurde der Marienrosenkranz gebetet. Die Band 24 de Octubre stimmte die Besucher mit einer musikalischen Darbietung auf die gro\u00dfe Jubil\u00e4umsfeier ein.<\/p>\n<p>Die Missionarin der Pilgernden Gottesmutter, Jaqueline Rosa das Neves de Souza aus S\u00e3o Paulo, sagte: \u201eMein Gef\u00fchl, hier zu sein, ist ein Gef\u00fchl der Dankbarkeit und Freude \u00fcber alles, was die Gottesmutter in meinem Leben und in meiner Familie bewirkt&#8220;.<\/p>\n<h3>Jubil\u00e4umsweg<\/h3>\n<p><img decoding=\"async\" class=\"aligncenter wp-image-27025 size-full\" src=\"https:\/\/schoenstatt.com\/wp-content\/uploads\/2022\/09\/Atibaia-1-1.png\" alt=\"Atibaia\" width=\"639\" height=\"446\" \/><\/p>\n<p>Die Pilger versammelten sich vor dem Heiligtum, um den &#8222;Jubil\u00e4umsweg&#8220; zu beginnen, in dem das Bild der Dreimal Wunderbaren Mutter, K\u00f6nigin und Siegerin von Sch\u00f6nstatt von ihrem Thron der Gnade herabstieg, um ihren Kindern zu begegnen. Ein sehr emotionaler Moment: Viele streckten ihre H\u00e4nde vor der Gottesmutter aus und beteten, ohne ihre Tr\u00e4nen zur\u00fcckhalten zu k\u00f6nnen.<\/p>\n<p>Das Bild wurde auf einem Podest durch die Menge getragen und mit Rosenbl\u00e4ttern, Liedern und Gebeten zu Maria \u00fcberh\u00e4uft. Die erste Station des Bildes war das Kreuz, dann ging es zum Jubil\u00e4umsportal und dann zur Statue von Pater Josef Kentenich f\u00fcr einen Moment der Dankbarkeit, auch anl\u00e4sslich des 75. Jahrestages seines ersten Besuchs in Brasilien.<\/p>\n<p>Am Ende der Wanderung kehrte das Bild zum Heiligtum zur\u00fcck, wo sich die Pilger der Mutter und K\u00f6nigin weihten und mit einem Geburtstagslied f\u00fcr das Heiligtum feierten.<\/p>\n<p>Marilene Alves Fran\u00e7a aus S\u00e3o Paulo, Mitglied der M\u00fctterliga, verfolgte das Triduum im Internet und reiste am Jubil\u00e4umstag zur Begegnung mit der Gottesmutter.\u00a0 &#8222;Ich bin hierhergekommen, um Gnaden vom Heiligtum und von unserer lieben Mutter und K\u00f6nigin zu empfangen. Ich habe an dem Online-Triduum teilgenommen. Die Erfahrung f\u00fcr diejenigen von uns, die weit weg waren, war sehr tiefgreifend&#8220;, sagte sie.<\/p>\n<h3>Heilige Messe des Jubil\u00e4ums<\/h3>\n<p><iframe title=\"Santa Missa Jubilar\" width=\"800\" height=\"450\" src=\"https:\/\/www.youtube.com\/embed\/6m3ekqd1AVA?feature=oembed\" frameborder=\"0\" allow=\"accelerometer; autoplay; clipboard-write; encrypted-media; gyroscope; picture-in-picture; web-share\" referrerpolicy=\"strict-origin-when-cross-origin\" allowfullscreen><\/iframe><\/p>\n<p>Die Dankesmesse zum 50-j\u00e4hrigen Bestehen des Heiligtums wurde von Msg. S\u00e9rgio Colombo, Bischof der Di\u00f6zese Bragan\u00e7a Paulista im Bundesstaat S\u00e3o Paulo, geleitet und von den Priestern der Di\u00f6zese und anderen Priestern konzelebriert. Anwesend waren auch der B\u00fcrgermeister der Stadt, Emil Ono, der ehemalige B\u00fcrgermeister Saulo Pedroso und der Polizeipr\u00e4sident der Bundesautobahnpolizei von S\u00e3o Paulo, Antonio Fernando de Miranda.<\/p>\n<p>Tief bewegt schilderte Maria Aparecida Gallo aus Jundia\u00ed ihr Verh\u00e4ltnis zum Heiligtum. \u201eEs ist unbeschreiblich, heute hier zu sein, jede Minute die Gegenwart der Gottesmutter und des Gr\u00fcnders zu sp\u00fcren. Ich war hier, als das Heiligtum sein 30-j\u00e4hriges Bestehen feierte, dann sein 45-j\u00e4hriges Bestehen, und jetzt sein 50-j\u00e4hrigen Bestehen. Heute feiern wir, indem wir Happy Birthday singen! Bei der Weihe habe ich Tr\u00e4nen vergossen, aber Tr\u00e4nen der Reinigung meiner Seele. Es war sehr sch\u00f6n!\u201c<\/p>\n<p>Quelle: <a href=\"https:\/\/santuariodeatibaia.org.br\/post\/santuario-recebe-4-mil-pessoas-no-jubileu-de-ouro\/\">Santuario Atibaia<\/a><\/p>\n<p>&nbsp;<\/p>\n","protected":false},"excerpt":{"rendered":"<p>Das Sch\u00f6nstatt-Heiligtum in Atibaia, Brasilien, dessen Aufgabe es ist, ein Tabor-Heiligtum der st\u00e4ndigen Gegenwart des Vaters zu sein, feiert sein Goldenes Jubil\u00e4um. Mehr als 4.000 Pilger nahmen an dieser Feier teil. <\/p>\n","protected":false},"author":1,"featured_media":27026,"comment_status":"closed","ping_status":"closed","sticky":false,"template":"","format":"standard","meta":{"footnotes":""},"categories":[914,660],"tags":[],"class_list":["post-51014","post","type-post","status-publish","format-standard","has-post-thumbnail","hentry","category-spiritualitat-de","category-veranstaltungen-de"],"yoast_head":"<!-- This site is optimized with the Yoast SEO Premium plugin v27.4 (Yoast SEO v27.4) - https:\/\/yoast.com\/product\/yoast-seo-premium-wordpress\/ -->\n<title>Sch\u00f6nstatt Brasilien feiert das 50-j\u00e4hrige Bestehen seines Heiligtums in Atibaia<\/title>\n<meta name=\"description\" content=\"Das Sch\u00f6nstatt-Heiligtum in Atibaia, Brasilien, feierte den 50. Jahrestag seiner Einweihung. 4.000 Menschen nahmen an dieser Feier teil.\" \/>\n<meta name=\"robots\" content=\"index, follow, max-snippet:-1, max-image-preview:large, max-video-preview:-1\" \/>\n<link rel=\"canonical\" href=\"https:\/\/schoenstatt.com\/de\/schoenstatt-brasilien-feiert-das-50-jaehrige-bestehen-seines-heiligtums-in-atibaia\/\" \/>\n<meta property=\"og:locale\" content=\"de_DE\" \/>\n<meta property=\"og:type\" content=\"article\" \/>\n<meta property=\"og:title\" content=\"Sch\u00f6nstatt Brasilien feiert das 50-j\u00e4hrige Bestehen seines Heiligtums in Atibaia\" \/>\n<meta property=\"og:description\" content=\"Das Sch\u00f6nstatt-Heiligtum in Atibaia, Brasilien, feierte den 50. Jahrestag seiner Einweihung. 4.000 Menschen nahmen an dieser Feier teil.\" \/>\n<meta property=\"og:url\" content=\"https:\/\/schoenstatt.com\/de\/schoenstatt-brasilien-feiert-das-50-jaehrige-bestehen-seines-heiligtums-in-atibaia\/\" \/>\n<meta property=\"og:site_name\" content=\"Schoenstatt\" \/>\n<meta property=\"article:published_time\" content=\"2022-09-23T18:13:40+00:00\" \/>\n<meta property=\"article:modified_time\" content=\"2025-05-15T20:40:55+00:00\" \/>\n<meta property=\"og:image\" content=\"https:\/\/schoenstatt.com\/wp-content\/uploads\/2022\/09\/Atibaia-8-1.png\" \/>\n\t<meta property=\"og:image:width\" content=\"761\" \/>\n\t<meta property=\"og:image:height\" content=\"507\" \/>\n\t<meta property=\"og:image:type\" content=\"image\/png\" \/>\n<meta name=\"author\" content=\"admin\" \/>\n<meta name=\"twitter:card\" content=\"summary_large_image\" \/>\n<meta name=\"twitter:label1\" content=\"Verfasst von\" \/>\n\t<meta name=\"twitter:data1\" content=\"admin\" \/>\n\t<meta name=\"twitter:label2\" content=\"Gesch\u00e4tzte Lesezeit\" \/>\n\t<meta name=\"twitter:data2\" content=\"4\u00a0Minuten\" \/>\n<script type=\"application\/ld+json\" class=\"yoast-schema-graph\">{\"@context\":\"https:\\\/\\\/schema.org\",\"@graph\":[{\"@type\":\"Article\",\"@id\":\"https:\\\/\\\/schoenstatt.com\\\/de\\\/schoenstatt-brasilien-feiert-das-50-jaehrige-bestehen-seines-heiligtums-in-atibaia\\\/#article\",\"isPartOf\":{\"@id\":\"https:\\\/\\\/schoenstatt.com\\\/de\\\/schoenstatt-brasilien-feiert-das-50-jaehrige-bestehen-seines-heiligtums-in-atibaia\\\/\"},\"author\":{\"name\":\"admin\",\"@id\":\"https:\\\/\\\/schoenstatt.com\\\/de\\\/#\\\/schema\\\/person\\\/489465b1850e7b216fe2c10dfc262551\"},\"headline\":\"Sch\u00f6nstatt Brasilien feiert das 50-j\u00e4hrige Bestehen seines Heiligtums in Atibaia\",\"datePublished\":\"2022-09-23T18:13:40+00:00\",\"dateModified\":\"2025-05-15T20:40:55+00:00\",\"mainEntityOfPage\":{\"@id\":\"https:\\\/\\\/schoenstatt.com\\\/de\\\/schoenstatt-brasilien-feiert-das-50-jaehrige-bestehen-seines-heiligtums-in-atibaia\\\/\"},\"wordCount\":729,\"publisher\":{\"@id\":\"https:\\\/\\\/schoenstatt.com\\\/de\\\/#organization\"},\"image\":{\"@id\":\"https:\\\/\\\/schoenstatt.com\\\/de\\\/schoenstatt-brasilien-feiert-das-50-jaehrige-bestehen-seines-heiligtums-in-atibaia\\\/#primaryimage\"},\"thumbnailUrl\":\"https:\\\/\\\/schoenstatt.com\\\/wp-content\\\/uploads\\\/2022\\\/09\\\/Atibaia-8-1.png\",\"articleSection\":[\"Spiritualit\u00e4t\",\"Veranstaltungen\"],\"inLanguage\":\"de\"},{\"@type\":\"WebPage\",\"@id\":\"https:\\\/\\\/schoenstatt.com\\\/de\\\/schoenstatt-brasilien-feiert-das-50-jaehrige-bestehen-seines-heiligtums-in-atibaia\\\/\",\"url\":\"https:\\\/\\\/schoenstatt.com\\\/de\\\/schoenstatt-brasilien-feiert-das-50-jaehrige-bestehen-seines-heiligtums-in-atibaia\\\/\",\"name\":\"Sch\u00f6nstatt Brasilien feiert das 50-j\u00e4hrige Bestehen seines Heiligtums in Atibaia\",\"isPartOf\":{\"@id\":\"https:\\\/\\\/schoenstatt.com\\\/de\\\/#website\"},\"primaryImageOfPage\":{\"@id\":\"https:\\\/\\\/schoenstatt.com\\\/de\\\/schoenstatt-brasilien-feiert-das-50-jaehrige-bestehen-seines-heiligtums-in-atibaia\\\/#primaryimage\"},\"image\":{\"@id\":\"https:\\\/\\\/schoenstatt.com\\\/de\\\/schoenstatt-brasilien-feiert-das-50-jaehrige-bestehen-seines-heiligtums-in-atibaia\\\/#primaryimage\"},\"thumbnailUrl\":\"https:\\\/\\\/schoenstatt.com\\\/wp-content\\\/uploads\\\/2022\\\/09\\\/Atibaia-8-1.png\",\"datePublished\":\"2022-09-23T18:13:40+00:00\",\"dateModified\":\"2025-05-15T20:40:55+00:00\",\"description\":\"Das Sch\u00f6nstatt-Heiligtum in Atibaia, Brasilien, feierte den 50. Jahrestag seiner Einweihung. 4.000 Menschen nahmen an dieser Feier teil.\",\"breadcrumb\":{\"@id\":\"https:\\\/\\\/schoenstatt.com\\\/de\\\/schoenstatt-brasilien-feiert-das-50-jaehrige-bestehen-seines-heiligtums-in-atibaia\\\/#breadcrumb\"},\"inLanguage\":\"de\",\"potentialAction\":[{\"@type\":\"ReadAction\",\"target\":[\"https:\\\/\\\/schoenstatt.com\\\/de\\\/schoenstatt-brasilien-feiert-das-50-jaehrige-bestehen-seines-heiligtums-in-atibaia\\\/\"]}]},{\"@type\":\"ImageObject\",\"inLanguage\":\"de\",\"@id\":\"https:\\\/\\\/schoenstatt.com\\\/de\\\/schoenstatt-brasilien-feiert-das-50-jaehrige-bestehen-seines-heiligtums-in-atibaia\\\/#primaryimage\",\"url\":\"https:\\\/\\\/schoenstatt.com\\\/wp-content\\\/uploads\\\/2022\\\/09\\\/Atibaia-8-1.png\",\"contentUrl\":\"https:\\\/\\\/schoenstatt.com\\\/wp-content\\\/uploads\\\/2022\\\/09\\\/Atibaia-8-1.png\",\"width\":761,\"height\":507,\"caption\":\"Santu\u00e1rio\"},{\"@type\":\"BreadcrumbList\",\"@id\":\"https:\\\/\\\/schoenstatt.com\\\/de\\\/schoenstatt-brasilien-feiert-das-50-jaehrige-bestehen-seines-heiligtums-in-atibaia\\\/#breadcrumb\",\"itemListElement\":[{\"@type\":\"ListItem\",\"position\":1,\"name\":\"Portada\",\"item\":\"https:\\\/\\\/schoenstatt.com\\\/de\\\/home\\\/\"},{\"@type\":\"ListItem\",\"position\":2,\"name\":\"Sch\u00f6nstatt Brasilien feiert das 50-j\u00e4hrige Bestehen seines Heiligtums in Atibaia\"}]},{\"@type\":\"WebSite\",\"@id\":\"https:\\\/\\\/schoenstatt.com\\\/de\\\/#website\",\"url\":\"https:\\\/\\\/schoenstatt.com\\\/de\\\/\",\"name\":\"Schoenstatt\",\"description\":\"Apostolic Movement\",\"publisher\":{\"@id\":\"https:\\\/\\\/schoenstatt.com\\\/de\\\/#organization\"},\"potentialAction\":[{\"@type\":\"SearchAction\",\"target\":{\"@type\":\"EntryPoint\",\"urlTemplate\":\"https:\\\/\\\/schoenstatt.com\\\/de\\\/?s={search_term_string}\"},\"query-input\":{\"@type\":\"PropertyValueSpecification\",\"valueRequired\":true,\"valueName\":\"search_term_string\"}}],\"inLanguage\":\"de\"},{\"@type\":\"Organization\",\"@id\":\"https:\\\/\\\/schoenstatt.com\\\/de\\\/#organization\",\"name\":\"Schoenstatt\",\"url\":\"https:\\\/\\\/schoenstatt.com\\\/de\\\/\",\"logo\":{\"@type\":\"ImageObject\",\"inLanguage\":\"de\",\"@id\":\"https:\\\/\\\/schoenstatt.com\\\/de\\\/#\\\/schema\\\/logo\\\/image\\\/\",\"url\":\"https:\\\/\\\/schoenstatt.com\\\/wp-content\\\/uploads\\\/2025\\\/04\\\/logo-schoenstatt-white-696x696-1.png\",\"contentUrl\":\"https:\\\/\\\/schoenstatt.com\\\/wp-content\\\/uploads\\\/2025\\\/04\\\/logo-schoenstatt-white-696x696-1.png\",\"width\":696,\"height\":694,\"caption\":\"Schoenstatt\"},\"image\":{\"@id\":\"https:\\\/\\\/schoenstatt.com\\\/de\\\/#\\\/schema\\\/logo\\\/image\\\/\"}},{\"@type\":\"Person\",\"@id\":\"https:\\\/\\\/schoenstatt.com\\\/de\\\/#\\\/schema\\\/person\\\/489465b1850e7b216fe2c10dfc262551\",\"name\":\"admin\",\"image\":{\"@type\":\"ImageObject\",\"inLanguage\":\"de\",\"@id\":\"https:\\\/\\\/secure.gravatar.com\\\/avatar\\\/02e8345e1ec40ab0e0a2a98fdde64a684bbaf994cddcb778b25b8b024ee9dfe6?s=96&d=mm&r=g\",\"url\":\"https:\\\/\\\/secure.gravatar.com\\\/avatar\\\/02e8345e1ec40ab0e0a2a98fdde64a684bbaf994cddcb778b25b8b024ee9dfe6?s=96&d=mm&r=g\",\"contentUrl\":\"https:\\\/\\\/secure.gravatar.com\\\/avatar\\\/02e8345e1ec40ab0e0a2a98fdde64a684bbaf994cddcb778b25b8b024ee9dfe6?s=96&d=mm&r=g\",\"caption\":\"admin\"},\"sameAs\":[\"https:\\\/\\\/schoenstatt.com\"],\"url\":\"https:\\\/\\\/schoenstatt.com\\\/de\\\/author\\\/admin\\\/\"}]}<\/script>\n<!-- \/ Yoast SEO Premium plugin. -->","yoast_head_json":{"title":"Sch\u00f6nstatt Brasilien feiert das 50-j\u00e4hrige Bestehen seines Heiligtums in Atibaia","description":"Das Sch\u00f6nstatt-Heiligtum in Atibaia, Brasilien, feierte den 50. Jahrestag seiner Einweihung. 4.000 Menschen nahmen an dieser Feier teil.","robots":{"index":"index","follow":"follow","max-snippet":"max-snippet:-1","max-image-preview":"max-image-preview:large","max-video-preview":"max-video-preview:-1"},"canonical":"https:\/\/schoenstatt.com\/de\/schoenstatt-brasilien-feiert-das-50-jaehrige-bestehen-seines-heiligtums-in-atibaia\/","og_locale":"de_DE","og_type":"article","og_title":"Sch\u00f6nstatt Brasilien feiert das 50-j\u00e4hrige Bestehen seines Heiligtums in Atibaia","og_description":"Das Sch\u00f6nstatt-Heiligtum in Atibaia, Brasilien, feierte den 50. Jahrestag seiner Einweihung. 4.000 Menschen nahmen an dieser Feier teil.","og_url":"https:\/\/schoenstatt.com\/de\/schoenstatt-brasilien-feiert-das-50-jaehrige-bestehen-seines-heiligtums-in-atibaia\/","og_site_name":"Schoenstatt","article_published_time":"2022-09-23T18:13:40+00:00","article_modified_time":"2025-05-15T20:40:55+00:00","og_image":[{"width":761,"height":507,"url":"https:\/\/schoenstatt.com\/wp-content\/uploads\/2022\/09\/Atibaia-8-1.png","type":"image\/png"}],"author":"admin","twitter_card":"summary_large_image","twitter_misc":{"Verfasst von":"admin","Gesch\u00e4tzte Lesezeit":"4\u00a0Minuten"},"schema":{"@context":"https:\/\/schema.org","@graph":[{"@type":"Article","@id":"https:\/\/schoenstatt.com\/de\/schoenstatt-brasilien-feiert-das-50-jaehrige-bestehen-seines-heiligtums-in-atibaia\/#article","isPartOf":{"@id":"https:\/\/schoenstatt.com\/de\/schoenstatt-brasilien-feiert-das-50-jaehrige-bestehen-seines-heiligtums-in-atibaia\/"},"author":{"name":"admin","@id":"https:\/\/schoenstatt.com\/de\/#\/schema\/person\/489465b1850e7b216fe2c10dfc262551"},"headline":"Sch\u00f6nstatt Brasilien feiert das 50-j\u00e4hrige Bestehen seines Heiligtums in Atibaia","datePublished":"2022-09-23T18:13:40+00:00","dateModified":"2025-05-15T20:40:55+00:00","mainEntityOfPage":{"@id":"https:\/\/schoenstatt.com\/de\/schoenstatt-brasilien-feiert-das-50-jaehrige-bestehen-seines-heiligtums-in-atibaia\/"},"wordCount":729,"publisher":{"@id":"https:\/\/schoenstatt.com\/de\/#organization"},"image":{"@id":"https:\/\/schoenstatt.com\/de\/schoenstatt-brasilien-feiert-das-50-jaehrige-bestehen-seines-heiligtums-in-atibaia\/#primaryimage"},"thumbnailUrl":"https:\/\/schoenstatt.com\/wp-content\/uploads\/2022\/09\/Atibaia-8-1.png","articleSection":["Spiritualit\u00e4t","Veranstaltungen"],"inLanguage":"de"},{"@type":"WebPage","@id":"https:\/\/schoenstatt.com\/de\/schoenstatt-brasilien-feiert-das-50-jaehrige-bestehen-seines-heiligtums-in-atibaia\/","url":"https:\/\/schoenstatt.com\/de\/schoenstatt-brasilien-feiert-das-50-jaehrige-bestehen-seines-heiligtums-in-atibaia\/","name":"Sch\u00f6nstatt Brasilien feiert das 50-j\u00e4hrige Bestehen seines Heiligtums in Atibaia","isPartOf":{"@id":"https:\/\/schoenstatt.com\/de\/#website"},"primaryImageOfPage":{"@id":"https:\/\/schoenstatt.com\/de\/schoenstatt-brasilien-feiert-das-50-jaehrige-bestehen-seines-heiligtums-in-atibaia\/#primaryimage"},"image":{"@id":"https:\/\/schoenstatt.com\/de\/schoenstatt-brasilien-feiert-das-50-jaehrige-bestehen-seines-heiligtums-in-atibaia\/#primaryimage"},"thumbnailUrl":"https:\/\/schoenstatt.com\/wp-content\/uploads\/2022\/09\/Atibaia-8-1.png","datePublished":"2022-09-23T18:13:40+00:00","dateModified":"2025-05-15T20:40:55+00:00","description":"Das Sch\u00f6nstatt-Heiligtum in Atibaia, Brasilien, feierte den 50. Jahrestag seiner Einweihung. 4.000 Menschen nahmen an dieser Feier teil.","breadcrumb":{"@id":"https:\/\/schoenstatt.com\/de\/schoenstatt-brasilien-feiert-das-50-jaehrige-bestehen-seines-heiligtums-in-atibaia\/#breadcrumb"},"inLanguage":"de","potentialAction":[{"@type":"ReadAction","target":["https:\/\/schoenstatt.com\/de\/schoenstatt-brasilien-feiert-das-50-jaehrige-bestehen-seines-heiligtums-in-atibaia\/"]}]},{"@type":"ImageObject","inLanguage":"de","@id":"https:\/\/schoenstatt.com\/de\/schoenstatt-brasilien-feiert-das-50-jaehrige-bestehen-seines-heiligtums-in-atibaia\/#primaryimage","url":"https:\/\/schoenstatt.com\/wp-content\/uploads\/2022\/09\/Atibaia-8-1.png","contentUrl":"https:\/\/schoenstatt.com\/wp-content\/uploads\/2022\/09\/Atibaia-8-1.png","width":761,"height":507,"caption":"Santu\u00e1rio"},{"@type":"BreadcrumbList","@id":"https:\/\/schoenstatt.com\/de\/schoenstatt-brasilien-feiert-das-50-jaehrige-bestehen-seines-heiligtums-in-atibaia\/#breadcrumb","itemListElement":[{"@type":"ListItem","position":1,"name":"Portada","item":"https:\/\/schoenstatt.com\/de\/home\/"},{"@type":"ListItem","position":2,"name":"Sch\u00f6nstatt Brasilien feiert das 50-j\u00e4hrige Bestehen seines Heiligtums in Atibaia"}]},{"@type":"WebSite","@id":"https:\/\/schoenstatt.com\/de\/#website","url":"https:\/\/schoenstatt.com\/de\/","name":"Schoenstatt","description":"Apostolic Movement","publisher":{"@id":"https:\/\/schoenstatt.com\/de\/#organization"},"potentialAction":[{"@type":"SearchAction","target":{"@type":"EntryPoint","urlTemplate":"https:\/\/schoenstatt.com\/de\/?s={search_term_string}"},"query-input":{"@type":"PropertyValueSpecification","valueRequired":true,"valueName":"search_term_string"}}],"inLanguage":"de"},{"@type":"Organization","@id":"https:\/\/schoenstatt.com\/de\/#organization","name":"Schoenstatt","url":"https:\/\/schoenstatt.com\/de\/","logo":{"@type":"ImageObject","inLanguage":"de","@id":"https:\/\/schoenstatt.com\/de\/#\/schema\/logo\/image\/","url":"https:\/\/schoenstatt.com\/wp-content\/uploads\/2025\/04\/logo-schoenstatt-white-696x696-1.png","contentUrl":"https:\/\/schoenstatt.com\/wp-content\/uploads\/2025\/04\/logo-schoenstatt-white-696x696-1.png","width":696,"height":694,"caption":"Schoenstatt"},"image":{"@id":"https:\/\/schoenstatt.com\/de\/#\/schema\/logo\/image\/"}},{"@type":"Person","@id":"https:\/\/schoenstatt.com\/de\/#\/schema\/person\/489465b1850e7b216fe2c10dfc262551","name":"admin","image":{"@type":"ImageObject","inLanguage":"de","@id":"https:\/\/secure.gravatar.com\/avatar\/02e8345e1ec40ab0e0a2a98fdde64a684bbaf994cddcb778b25b8b024ee9dfe6?s=96&d=mm&r=g","url":"https:\/\/secure.gravatar.com\/avatar\/02e8345e1ec40ab0e0a2a98fdde64a684bbaf994cddcb778b25b8b024ee9dfe6?s=96&d=mm&r=g","contentUrl":"https:\/\/secure.gravatar.com\/avatar\/02e8345e1ec40ab0e0a2a98fdde64a684bbaf994cddcb778b25b8b024ee9dfe6?s=96&d=mm&r=g","caption":"admin"},"sameAs":["https:\/\/schoenstatt.com"],"url":"https:\/\/schoenstatt.com\/de\/author\/admin\/"}]}},"_links":{"self":[{"href":"https:\/\/schoenstatt.com\/de\/wp-json\/wp\/v2\/posts\/51014","targetHints":{"allow":["GET"]}}],"collection":[{"href":"https:\/\/schoenstatt.com\/de\/wp-json\/wp\/v2\/posts"}],"about":[{"href":"https:\/\/schoenstatt.com\/de\/wp-json\/wp\/v2\/types\/post"}],"author":[{"embeddable":true,"href":"https:\/\/schoenstatt.com\/de\/wp-json\/wp\/v2\/users\/1"}],"replies":[{"embeddable":true,"href":"https:\/\/schoenstatt.com\/de\/wp-json\/wp\/v2\/comments?post=51014"}],"version-history":[{"count":1,"href":"https:\/\/schoenstatt.com\/de\/wp-json\/wp\/v2\/posts\/51014\/revisions"}],"predecessor-version":[{"id":51211,"href":"https:\/\/schoenstatt.com\/de\/wp-json\/wp\/v2\/posts\/51014\/revisions\/51211"}],"wp:featuredmedia":[{"embeddable":true,"href":"https:\/\/schoenstatt.com\/de\/wp-json\/wp\/v2\/media\/27026"}],"wp:attachment":[{"href":"https:\/\/schoenstatt.com\/de\/wp-json\/wp\/v2\/media?parent=51014"}],"wp:term":[{"taxonomy":"category","embeddable":true,"href":"https:\/\/schoenstatt.com\/de\/wp-json\/wp\/v2\/categories?post=51014"},{"taxonomy":"post_tag","embeddable":true,"href":"https:\/\/schoenstatt.com\/de\/wp-json\/wp\/v2\/tags?post=51014"}],"curies":[{"name":"wp","href":"https:\/\/api.w.org\/{rel}","templated":true}]}}