{"id":51006,"date":"2022-09-22T11:32:59","date_gmt":"2022-09-22T09:32:59","guid":{"rendered":"https:\/\/schoenstattdev.wpenginepowered.com\/?p=26974"},"modified":"2025-05-15T22:20:48","modified_gmt":"2025-05-15T20:20:48","slug":"grossneffe-von-p-reinisch-vergessen-verehrung-vorbild","status":"publish","type":"post","link":"https:\/\/schoenstatt.com\/de\/grossneffe-von-p-reinisch-vergessen-verehrung-vorbild\/","title":{"rendered":"Gro\u00dfneffe von P.Reinisch &#8211; Vergessen, Verehrung, Vorbild"},"content":{"rendered":"<h3>Nachfolgend finden Sie den Text des 4-min\u00fctigen Videos mit Anmerkungen von Norbert Reinisch, Gro\u00dfneffe von Pater Franz Reinisch, \u00fcber seinen Gro\u00dfonkel:<\/h3>\n<p>Ein Vergelt&#8217;s Gott und Dankesch\u00f6n, dass Sie das <em><strong>Verm\u00e4chtnis<\/strong><\/em> von Pater Franz Reinisch bewahren und hochhalten. Es ist wichtig und richtig gegen das Vergessen zu wirken. Mit dem Tod meines Vaters, Franz Reinisch, dem Neffen von Pater Franz Reinisch, ist vor einem Jahr einer der letzten Zeitzeugen unserer Familie, die Pater Reinisch pers\u00f6nlich kannten aus dieser Welt geschieden. Auch in seinen Namen darf ich einige Gedanken anbringen, wie schon Pater Adalbert gesagt hat. Vergessen, Verehrung, Vorbild.<\/p>\n<p>Die Entscheidung Franz Reinisch, sich dem teuflischen Regime zu widersetzen, sollte heute von der jungen Generation als Heldentat angesehen werden, denn eigentlich sind die Heiligen der Kirche &#8211; im heutigen Sprachgebrauch der jungen Generation &#8211; die gro\u00dfen Helden. Mit dem eigenen Leben zu bezahlen und seine Seele nicht zu verkaufen, um mit reinem Gewissen seinem Sch\u00f6pfer entgegentreten zu k\u00f6nnen, scheint heute unvorstellbar zu sein.<\/p>\n<p>Mit seiner Seligsprechung wird<a href=\"https:\/\/schoenstattdev.wpenginepowered.com\/de\/spiritualitat\/franz-reinisch-sein-weg-zum-priestertum\/\"> Pater Franz Reinisch<\/a> auch f\u00fcr kommende Generationen nicht in Vergessenheit geraten und zweifelnde Menschen k\u00f6nnen ihn anrufen. Gerade mit Blick auf die zuk\u00fcnftigen gesellschaftlichen aber auch politischen Herausforderungen, die die kommenden Generationen zu bew\u00e4ltigen haben werden, bedarf es auch einem starken Zeichen unserer katholischen Kirche. Im guten Glauben an die Heilige Schrift, wo es bei Matth\u00e4us hei\u00dft: \u201eSelig sind die, um der Gerechtigkeit willen verfolgt werden, denn ihr ist das Himmelreich\u201c, wurde Pater Franz bereits belohnt.<\/p>\n<p>Zur <em><strong>Verehrung<\/strong><\/em>: eine Seligsprechung erlaubt uns gl\u00e4ubigen gemeinsam unsere Anliegen anbringen zu k\u00f6nnen, besser den Geist Franz Reinisch zu verbreiten, seine Begeisterung des christlichen Zusammenlebens zu teilen und sp\u00fcren wir nicht &#8211; gerade am heutigen Gedenktag &#8211; seinen Geist unter uns?<\/p>\n<p><strong><em>Vorbild<\/em><\/strong>: uns allen sollte Franz Reinisch ein Vorbild sein. Er hat f\u00fcr sein Gewissen, f\u00fcr seine \u00dcberzeugung, f\u00fcr Gott bewusst seinen Tod in Kauf genommen, um dem B\u00f6sen zu widersagen.<\/p>\n<p>Beten wir gemeinsam darum, dass Franz Reinisch zusammen mit allen anderen M\u00e4rtyrern verehrt werden kann und in die Gemeinschaft der Seligen und Heiligen aufgenommen wird.<\/p>\n<p>Dankesch\u00f6n.<\/p>\n<p>Unser Dokumentarfilm \u00fcber Pater Franz Reinisch ist nach zwei Jahren Planung und Produktion nun endlich auf DVD erh\u00e4ltlich. Weitere Informationen finden sie auf unserer Homepage: <a href=\"http:\/\/www.franz-reinisch.org.\">www.franz-reinisch.org.\u00a0<\/a><\/p>\n<p><iframe title=\"Norbert Reinisch, Gro\u00dfneffe von P  Franz Reinisch (DE, EN, PT, ES)\" width=\"800\" height=\"450\" src=\"https:\/\/www.youtube.com\/embed\/JH3e4w4Yb7Y?feature=oembed\" frameborder=\"0\" allow=\"accelerometer; autoplay; clipboard-write; encrypted-media; gyroscope; picture-in-picture; web-share\" referrerpolicy=\"strict-origin-when-cross-origin\" allowfullscreen><\/iframe><\/p>\n","protected":false},"excerpt":{"rendered":"<p>Der Gro\u00dfneffe von Pater Franz Reinisch macht uns auf die Bedeutung dieses Priesters aufmerksam, der sich weigerte, den Eid auf Hitler zu leisten und diese K\u00fchnheit mit der Enthauptung durch die Guillotine bezahlte. Heute, so sagt er, kann Reinisch ein Vorbild f\u00fcr junge Menschen sein, die ihren Prinzipien treu bleiben wollen. <\/p>\n","protected":false},"author":1,"featured_media":26957,"comment_status":"closed","ping_status":"closed","sticky":false,"template":"","format":"standard","meta":{"footnotes":""},"categories":[886,914],"tags":[],"class_list":["post-51006","post","type-post","status-publish","format-standard","has-post-thumbnail","hentry","category-schoenstatt-helden-de","category-spiritualitat-de"],"yoast_head":"<!-- This site is optimized with the Yoast SEO Premium plugin v27.4 (Yoast SEO v27.4) - https:\/\/yoast.com\/product\/yoast-seo-premium-wordpress\/ -->\n<title>Gro\u00dfneffe von P.Reinisch - Vergessen, Verehrung, Vorbild - Schoenstatt<\/title>\n<meta name=\"description\" content=\"Hier finden Sie den Text des Videos mit Anmerkungen von Norbert Reinisch, Gro\u00dfneffe von Pater Franz Reinisch, \u00fcber seinen Gro\u00dfonkel:\" \/>\n<meta name=\"robots\" content=\"index, follow, max-snippet:-1, max-image-preview:large, max-video-preview:-1\" \/>\n<link rel=\"canonical\" href=\"https:\/\/schoenstatt.com\/de\/grossneffe-von-p-reinisch-vergessen-verehrung-vorbild\/\" \/>\n<meta property=\"og:locale\" content=\"de_DE\" \/>\n<meta property=\"og:type\" content=\"article\" \/>\n<meta property=\"og:title\" content=\"Gro\u00dfneffe von P.Reinisch - Vergessen, Verehrung, Vorbild\" \/>\n<meta property=\"og:description\" content=\"Hier finden Sie den Text des Videos mit Anmerkungen von Norbert Reinisch, Gro\u00dfneffe von Pater Franz Reinisch, \u00fcber seinen Gro\u00dfonkel:\" \/>\n<meta property=\"og:url\" content=\"https:\/\/schoenstatt.com\/de\/grossneffe-von-p-reinisch-vergessen-verehrung-vorbild\/\" \/>\n<meta property=\"og:site_name\" content=\"Schoenstatt\" \/>\n<meta property=\"article:published_time\" content=\"2022-09-22T09:32:59+00:00\" \/>\n<meta property=\"article:modified_time\" content=\"2025-05-15T20:20:48+00:00\" \/>\n<meta property=\"og:image\" content=\"https:\/\/schoenstatt.com\/wp-content\/uploads\/2022\/09\/Neffe-Reinisch-1.png\" \/>\n\t<meta property=\"og:image:width\" content=\"889\" \/>\n\t<meta property=\"og:image:height\" content=\"533\" \/>\n\t<meta property=\"og:image:type\" content=\"image\/png\" \/>\n<meta name=\"author\" content=\"admin\" \/>\n<meta name=\"twitter:card\" content=\"summary_large_image\" \/>\n<meta name=\"twitter:label1\" content=\"Verfasst von\" \/>\n\t<meta name=\"twitter:data1\" content=\"admin\" \/>\n\t<meta name=\"twitter:label2\" content=\"Gesch\u00e4tzte Lesezeit\" \/>\n\t<meta name=\"twitter:data2\" content=\"2\u00a0Minuten\" \/>\n<script type=\"application\/ld+json\" class=\"yoast-schema-graph\">{\"@context\":\"https:\\\/\\\/schema.org\",\"@graph\":[{\"@type\":\"Article\",\"@id\":\"https:\\\/\\\/schoenstatt.com\\\/de\\\/grossneffe-von-p-reinisch-vergessen-verehrung-vorbild\\\/#article\",\"isPartOf\":{\"@id\":\"https:\\\/\\\/schoenstatt.com\\\/de\\\/grossneffe-von-p-reinisch-vergessen-verehrung-vorbild\\\/\"},\"author\":{\"name\":\"admin\",\"@id\":\"https:\\\/\\\/schoenstatt.com\\\/de\\\/#\\\/schema\\\/person\\\/489465b1850e7b216fe2c10dfc262551\"},\"headline\":\"Gro\u00dfneffe von P.Reinisch &#8211; Vergessen, Verehrung, Vorbild\",\"datePublished\":\"2022-09-22T09:32:59+00:00\",\"dateModified\":\"2025-05-15T20:20:48+00:00\",\"mainEntityOfPage\":{\"@id\":\"https:\\\/\\\/schoenstatt.com\\\/de\\\/grossneffe-von-p-reinisch-vergessen-verehrung-vorbild\\\/\"},\"wordCount\":409,\"publisher\":{\"@id\":\"https:\\\/\\\/schoenstatt.com\\\/de\\\/#organization\"},\"image\":{\"@id\":\"https:\\\/\\\/schoenstatt.com\\\/de\\\/grossneffe-von-p-reinisch-vergessen-verehrung-vorbild\\\/#primaryimage\"},\"thumbnailUrl\":\"https:\\\/\\\/schoenstatt.com\\\/wp-content\\\/uploads\\\/2022\\\/09\\\/Neffe-Reinisch-1.png\",\"articleSection\":[\"Schoenstatt Helden\",\"Spiritualit\u00e4t\"],\"inLanguage\":\"de\"},{\"@type\":\"WebPage\",\"@id\":\"https:\\\/\\\/schoenstatt.com\\\/de\\\/grossneffe-von-p-reinisch-vergessen-verehrung-vorbild\\\/\",\"url\":\"https:\\\/\\\/schoenstatt.com\\\/de\\\/grossneffe-von-p-reinisch-vergessen-verehrung-vorbild\\\/\",\"name\":\"Gro\u00dfneffe von P.Reinisch - Vergessen, Verehrung, Vorbild - Schoenstatt\",\"isPartOf\":{\"@id\":\"https:\\\/\\\/schoenstatt.com\\\/de\\\/#website\"},\"primaryImageOfPage\":{\"@id\":\"https:\\\/\\\/schoenstatt.com\\\/de\\\/grossneffe-von-p-reinisch-vergessen-verehrung-vorbild\\\/#primaryimage\"},\"image\":{\"@id\":\"https:\\\/\\\/schoenstatt.com\\\/de\\\/grossneffe-von-p-reinisch-vergessen-verehrung-vorbild\\\/#primaryimage\"},\"thumbnailUrl\":\"https:\\\/\\\/schoenstatt.com\\\/wp-content\\\/uploads\\\/2022\\\/09\\\/Neffe-Reinisch-1.png\",\"datePublished\":\"2022-09-22T09:32:59+00:00\",\"dateModified\":\"2025-05-15T20:20:48+00:00\",\"description\":\"Hier finden Sie den Text des Videos mit Anmerkungen von Norbert Reinisch, Gro\u00dfneffe von Pater Franz Reinisch, \u00fcber seinen Gro\u00dfonkel:\",\"breadcrumb\":{\"@id\":\"https:\\\/\\\/schoenstatt.com\\\/de\\\/grossneffe-von-p-reinisch-vergessen-verehrung-vorbild\\\/#breadcrumb\"},\"inLanguage\":\"de\",\"potentialAction\":[{\"@type\":\"ReadAction\",\"target\":[\"https:\\\/\\\/schoenstatt.com\\\/de\\\/grossneffe-von-p-reinisch-vergessen-verehrung-vorbild\\\/\"]}]},{\"@type\":\"ImageObject\",\"inLanguage\":\"de\",\"@id\":\"https:\\\/\\\/schoenstatt.com\\\/de\\\/grossneffe-von-p-reinisch-vergessen-verehrung-vorbild\\\/#primaryimage\",\"url\":\"https:\\\/\\\/schoenstatt.com\\\/wp-content\\\/uploads\\\/2022\\\/09\\\/Neffe-Reinisch-1.png\",\"contentUrl\":\"https:\\\/\\\/schoenstatt.com\\\/wp-content\\\/uploads\\\/2022\\\/09\\\/Neffe-Reinisch-1.png\",\"width\":889,\"height\":533,\"caption\":\"conscience\"},{\"@type\":\"BreadcrumbList\",\"@id\":\"https:\\\/\\\/schoenstatt.com\\\/de\\\/grossneffe-von-p-reinisch-vergessen-verehrung-vorbild\\\/#breadcrumb\",\"itemListElement\":[{\"@type\":\"ListItem\",\"position\":1,\"name\":\"Portada\",\"item\":\"https:\\\/\\\/schoenstatt.com\\\/de\\\/home\\\/\"},{\"@type\":\"ListItem\",\"position\":2,\"name\":\"Gro\u00dfneffe von P.Reinisch &#8211; Vergessen, Verehrung, Vorbild\"}]},{\"@type\":\"WebSite\",\"@id\":\"https:\\\/\\\/schoenstatt.com\\\/de\\\/#website\",\"url\":\"https:\\\/\\\/schoenstatt.com\\\/de\\\/\",\"name\":\"Schoenstatt\",\"description\":\"Apostolic Movement\",\"publisher\":{\"@id\":\"https:\\\/\\\/schoenstatt.com\\\/de\\\/#organization\"},\"potentialAction\":[{\"@type\":\"SearchAction\",\"target\":{\"@type\":\"EntryPoint\",\"urlTemplate\":\"https:\\\/\\\/schoenstatt.com\\\/de\\\/?s={search_term_string}\"},\"query-input\":{\"@type\":\"PropertyValueSpecification\",\"valueRequired\":true,\"valueName\":\"search_term_string\"}}],\"inLanguage\":\"de\"},{\"@type\":\"Organization\",\"@id\":\"https:\\\/\\\/schoenstatt.com\\\/de\\\/#organization\",\"name\":\"Schoenstatt\",\"url\":\"https:\\\/\\\/schoenstatt.com\\\/de\\\/\",\"logo\":{\"@type\":\"ImageObject\",\"inLanguage\":\"de\",\"@id\":\"https:\\\/\\\/schoenstatt.com\\\/de\\\/#\\\/schema\\\/logo\\\/image\\\/\",\"url\":\"https:\\\/\\\/schoenstatt.com\\\/wp-content\\\/uploads\\\/2025\\\/04\\\/logo-schoenstatt-white-696x696-1.png\",\"contentUrl\":\"https:\\\/\\\/schoenstatt.com\\\/wp-content\\\/uploads\\\/2025\\\/04\\\/logo-schoenstatt-white-696x696-1.png\",\"width\":696,\"height\":694,\"caption\":\"Schoenstatt\"},\"image\":{\"@id\":\"https:\\\/\\\/schoenstatt.com\\\/de\\\/#\\\/schema\\\/logo\\\/image\\\/\"}},{\"@type\":\"Person\",\"@id\":\"https:\\\/\\\/schoenstatt.com\\\/de\\\/#\\\/schema\\\/person\\\/489465b1850e7b216fe2c10dfc262551\",\"name\":\"admin\",\"image\":{\"@type\":\"ImageObject\",\"inLanguage\":\"de\",\"@id\":\"https:\\\/\\\/secure.gravatar.com\\\/avatar\\\/02e8345e1ec40ab0e0a2a98fdde64a684bbaf994cddcb778b25b8b024ee9dfe6?s=96&d=mm&r=g\",\"url\":\"https:\\\/\\\/secure.gravatar.com\\\/avatar\\\/02e8345e1ec40ab0e0a2a98fdde64a684bbaf994cddcb778b25b8b024ee9dfe6?s=96&d=mm&r=g\",\"contentUrl\":\"https:\\\/\\\/secure.gravatar.com\\\/avatar\\\/02e8345e1ec40ab0e0a2a98fdde64a684bbaf994cddcb778b25b8b024ee9dfe6?s=96&d=mm&r=g\",\"caption\":\"admin\"},\"sameAs\":[\"https:\\\/\\\/schoenstatt.com\"],\"url\":\"https:\\\/\\\/schoenstatt.com\\\/de\\\/author\\\/admin\\\/\"}]}<\/script>\n<!-- \/ Yoast SEO Premium plugin. -->","yoast_head_json":{"title":"Gro\u00dfneffe von P.Reinisch - Vergessen, Verehrung, Vorbild - Schoenstatt","description":"Hier finden Sie den Text des Videos mit Anmerkungen von Norbert Reinisch, Gro\u00dfneffe von Pater Franz Reinisch, \u00fcber seinen Gro\u00dfonkel:","robots":{"index":"index","follow":"follow","max-snippet":"max-snippet:-1","max-image-preview":"max-image-preview:large","max-video-preview":"max-video-preview:-1"},"canonical":"https:\/\/schoenstatt.com\/de\/grossneffe-von-p-reinisch-vergessen-verehrung-vorbild\/","og_locale":"de_DE","og_type":"article","og_title":"Gro\u00dfneffe von P.Reinisch - Vergessen, Verehrung, Vorbild","og_description":"Hier finden Sie den Text des Videos mit Anmerkungen von Norbert Reinisch, Gro\u00dfneffe von Pater Franz Reinisch, \u00fcber seinen Gro\u00dfonkel:","og_url":"https:\/\/schoenstatt.com\/de\/grossneffe-von-p-reinisch-vergessen-verehrung-vorbild\/","og_site_name":"Schoenstatt","article_published_time":"2022-09-22T09:32:59+00:00","article_modified_time":"2025-05-15T20:20:48+00:00","og_image":[{"width":889,"height":533,"url":"https:\/\/schoenstatt.com\/wp-content\/uploads\/2022\/09\/Neffe-Reinisch-1.png","type":"image\/png"}],"author":"admin","twitter_card":"summary_large_image","twitter_misc":{"Verfasst von":"admin","Gesch\u00e4tzte Lesezeit":"2\u00a0Minuten"},"schema":{"@context":"https:\/\/schema.org","@graph":[{"@type":"Article","@id":"https:\/\/schoenstatt.com\/de\/grossneffe-von-p-reinisch-vergessen-verehrung-vorbild\/#article","isPartOf":{"@id":"https:\/\/schoenstatt.com\/de\/grossneffe-von-p-reinisch-vergessen-verehrung-vorbild\/"},"author":{"name":"admin","@id":"https:\/\/schoenstatt.com\/de\/#\/schema\/person\/489465b1850e7b216fe2c10dfc262551"},"headline":"Gro\u00dfneffe von P.Reinisch &#8211; Vergessen, Verehrung, Vorbild","datePublished":"2022-09-22T09:32:59+00:00","dateModified":"2025-05-15T20:20:48+00:00","mainEntityOfPage":{"@id":"https:\/\/schoenstatt.com\/de\/grossneffe-von-p-reinisch-vergessen-verehrung-vorbild\/"},"wordCount":409,"publisher":{"@id":"https:\/\/schoenstatt.com\/de\/#organization"},"image":{"@id":"https:\/\/schoenstatt.com\/de\/grossneffe-von-p-reinisch-vergessen-verehrung-vorbild\/#primaryimage"},"thumbnailUrl":"https:\/\/schoenstatt.com\/wp-content\/uploads\/2022\/09\/Neffe-Reinisch-1.png","articleSection":["Schoenstatt Helden","Spiritualit\u00e4t"],"inLanguage":"de"},{"@type":"WebPage","@id":"https:\/\/schoenstatt.com\/de\/grossneffe-von-p-reinisch-vergessen-verehrung-vorbild\/","url":"https:\/\/schoenstatt.com\/de\/grossneffe-von-p-reinisch-vergessen-verehrung-vorbild\/","name":"Gro\u00dfneffe von P.Reinisch - Vergessen, Verehrung, Vorbild - Schoenstatt","isPartOf":{"@id":"https:\/\/schoenstatt.com\/de\/#website"},"primaryImageOfPage":{"@id":"https:\/\/schoenstatt.com\/de\/grossneffe-von-p-reinisch-vergessen-verehrung-vorbild\/#primaryimage"},"image":{"@id":"https:\/\/schoenstatt.com\/de\/grossneffe-von-p-reinisch-vergessen-verehrung-vorbild\/#primaryimage"},"thumbnailUrl":"https:\/\/schoenstatt.com\/wp-content\/uploads\/2022\/09\/Neffe-Reinisch-1.png","datePublished":"2022-09-22T09:32:59+00:00","dateModified":"2025-05-15T20:20:48+00:00","description":"Hier finden Sie den Text des Videos mit Anmerkungen von Norbert Reinisch, Gro\u00dfneffe von Pater Franz Reinisch, \u00fcber seinen Gro\u00dfonkel:","breadcrumb":{"@id":"https:\/\/schoenstatt.com\/de\/grossneffe-von-p-reinisch-vergessen-verehrung-vorbild\/#breadcrumb"},"inLanguage":"de","potentialAction":[{"@type":"ReadAction","target":["https:\/\/schoenstatt.com\/de\/grossneffe-von-p-reinisch-vergessen-verehrung-vorbild\/"]}]},{"@type":"ImageObject","inLanguage":"de","@id":"https:\/\/schoenstatt.com\/de\/grossneffe-von-p-reinisch-vergessen-verehrung-vorbild\/#primaryimage","url":"https:\/\/schoenstatt.com\/wp-content\/uploads\/2022\/09\/Neffe-Reinisch-1.png","contentUrl":"https:\/\/schoenstatt.com\/wp-content\/uploads\/2022\/09\/Neffe-Reinisch-1.png","width":889,"height":533,"caption":"conscience"},{"@type":"BreadcrumbList","@id":"https:\/\/schoenstatt.com\/de\/grossneffe-von-p-reinisch-vergessen-verehrung-vorbild\/#breadcrumb","itemListElement":[{"@type":"ListItem","position":1,"name":"Portada","item":"https:\/\/schoenstatt.com\/de\/home\/"},{"@type":"ListItem","position":2,"name":"Gro\u00dfneffe von P.Reinisch &#8211; Vergessen, Verehrung, Vorbild"}]},{"@type":"WebSite","@id":"https:\/\/schoenstatt.com\/de\/#website","url":"https:\/\/schoenstatt.com\/de\/","name":"Schoenstatt","description":"Apostolic Movement","publisher":{"@id":"https:\/\/schoenstatt.com\/de\/#organization"},"potentialAction":[{"@type":"SearchAction","target":{"@type":"EntryPoint","urlTemplate":"https:\/\/schoenstatt.com\/de\/?s={search_term_string}"},"query-input":{"@type":"PropertyValueSpecification","valueRequired":true,"valueName":"search_term_string"}}],"inLanguage":"de"},{"@type":"Organization","@id":"https:\/\/schoenstatt.com\/de\/#organization","name":"Schoenstatt","url":"https:\/\/schoenstatt.com\/de\/","logo":{"@type":"ImageObject","inLanguage":"de","@id":"https:\/\/schoenstatt.com\/de\/#\/schema\/logo\/image\/","url":"https:\/\/schoenstatt.com\/wp-content\/uploads\/2025\/04\/logo-schoenstatt-white-696x696-1.png","contentUrl":"https:\/\/schoenstatt.com\/wp-content\/uploads\/2025\/04\/logo-schoenstatt-white-696x696-1.png","width":696,"height":694,"caption":"Schoenstatt"},"image":{"@id":"https:\/\/schoenstatt.com\/de\/#\/schema\/logo\/image\/"}},{"@type":"Person","@id":"https:\/\/schoenstatt.com\/de\/#\/schema\/person\/489465b1850e7b216fe2c10dfc262551","name":"admin","image":{"@type":"ImageObject","inLanguage":"de","@id":"https:\/\/secure.gravatar.com\/avatar\/02e8345e1ec40ab0e0a2a98fdde64a684bbaf994cddcb778b25b8b024ee9dfe6?s=96&d=mm&r=g","url":"https:\/\/secure.gravatar.com\/avatar\/02e8345e1ec40ab0e0a2a98fdde64a684bbaf994cddcb778b25b8b024ee9dfe6?s=96&d=mm&r=g","contentUrl":"https:\/\/secure.gravatar.com\/avatar\/02e8345e1ec40ab0e0a2a98fdde64a684bbaf994cddcb778b25b8b024ee9dfe6?s=96&d=mm&r=g","caption":"admin"},"sameAs":["https:\/\/schoenstatt.com"],"url":"https:\/\/schoenstatt.com\/de\/author\/admin\/"}]}},"_links":{"self":[{"href":"https:\/\/schoenstatt.com\/de\/wp-json\/wp\/v2\/posts\/51006","targetHints":{"allow":["GET"]}}],"collection":[{"href":"https:\/\/schoenstatt.com\/de\/wp-json\/wp\/v2\/posts"}],"about":[{"href":"https:\/\/schoenstatt.com\/de\/wp-json\/wp\/v2\/types\/post"}],"author":[{"embeddable":true,"href":"https:\/\/schoenstatt.com\/de\/wp-json\/wp\/v2\/users\/1"}],"replies":[{"embeddable":true,"href":"https:\/\/schoenstatt.com\/de\/wp-json\/wp\/v2\/comments?post=51006"}],"version-history":[{"count":1,"href":"https:\/\/schoenstatt.com\/de\/wp-json\/wp\/v2\/posts\/51006\/revisions"}],"predecessor-version":[{"id":51168,"href":"https:\/\/schoenstatt.com\/de\/wp-json\/wp\/v2\/posts\/51006\/revisions\/51168"}],"wp:featuredmedia":[{"embeddable":true,"href":"https:\/\/schoenstatt.com\/de\/wp-json\/wp\/v2\/media\/26957"}],"wp:attachment":[{"href":"https:\/\/schoenstatt.com\/de\/wp-json\/wp\/v2\/media?parent=51006"}],"wp:term":[{"taxonomy":"category","embeddable":true,"href":"https:\/\/schoenstatt.com\/de\/wp-json\/wp\/v2\/categories?post=51006"},{"taxonomy":"post_tag","embeddable":true,"href":"https:\/\/schoenstatt.com\/de\/wp-json\/wp\/v2\/tags?post=51006"}],"curies":[{"name":"wp","href":"https:\/\/api.w.org\/{rel}","templated":true}]}}