{"id":51000,"date":"2022-09-16T19:48:14","date_gmt":"2022-09-16T17:48:14","guid":{"rendered":"https:\/\/schoenstattdev.wpenginepowered.com\/?p=26945"},"modified":"2025-05-15T22:20:50","modified_gmt":"2025-05-15T20:20:50","slug":"ver-sacrum-patris-ein-lebensstrom-der-maedchenjugend-der-usa","status":"publish","type":"post","link":"https:\/\/schoenstatt.com\/de\/ver-sacrum-patris-ein-lebensstrom-der-maedchenjugend-der-usa\/","title":{"rendered":"Ver Sacrum Patris &#8211; Ein Lebensstrom der M\u00e4dchenjugend der USA"},"content":{"rendered":"<h3>Treffen der Leiterinnen von M\u00e4dchen und jungen Frauen in Sch\u00f6nstatt<\/h3>\n<p>Jedes Jahr werden die Tr\u00e4gerinnen der Sch\u00f6nstatt-M\u00e4dchen und jungen Frauen zum Internationalen Exerzitienhaus in Waukesha, Wisconsin, zur Tagung eingeladen. Der Tagung findet immer Anfang August statt, nachdem die Sommerlager in den einzelnen Bundesl\u00e4ndern beendet sind, und dauert in der Regel drei Tage. Bei diesem Treffen kommen wir zusammen, um das vergangene Jahr zu besprechen, Gemeinschaft zu erleben und ein effektives und motivierendes Thema f\u00fcr unsere Aufgaben im kommenden Jahr zu formulieren. Es ist auch eine Zeit der Bildung auf nationaler Ebene. W\u00e4hrend der j\u00e4hrlichen Tagung machen die Tr\u00e4gerinnen auch eine Mini-Pilgerreise nach Milwaukee, das nur drei\u00dfig Autominuten entfernt ist, um das Exilheiligtum und den Sitz der Bewegung zu besuchen. F\u00fcr viele Tr\u00e4gerinnen ist dies eine Gelegenheit, die Orte, an denen Pater Kentenich in seinen Exiljahren gelebt und gewirkt hat, zu erleben, manche zum ersten Mal.<\/p>\n<p><img fetchpriority=\"high\" decoding=\"async\" class=\"aligncenter wp-image-26893 size-large\" src=\"https:\/\/schoenstattdev.wpenginepowered.com\/wp-content\/uploads\/2022\/09\/20220802_173759-1024x461.jpg\" alt=\"M\u00e4dchenjugend\" width=\"840\" height=\"378\" \/><\/p>\n<h3>Dieses Treffen ist eine Zeit des Gebets, der Diskussion und der Meinungsfindung.<\/h3>\n<p>Eingeladen sind alle Tr\u00e4gerinnen der M\u00e4dchenjugend und junge Erwachsene in den Vereinigten Staaten. Dies sind die Jugendleiter des Zweigs, in der Regel im Alter zwischen 16 und 22 Jahren. In den Vereinigten Staaten gibt es drei Hauptgebiete mit <a href=\"https:\/\/schoenstattdev.wpenginepowered.com\/de\/familie\/gemeinschaften-in-der-schoenstattbewegung\/frauen\/\">Jugend Gruppen<\/a>: die Region Wisconsin-Illinois, Minnesota und Texas. Normalerweise kommen viele F\u00fchrungskr\u00e4fte aus jedem dieser Staaten, und dieses Jahr haben wir auch Tr\u00e4gerinnen aus Florida eingeladen. Der Tagung wird vom nationalen Team und von Verantwortlichen aus jedem der drei Hauptbereiche moderiert.<\/p>\n<p>Dieses Treffen ist eine Zeit des Gebets, der Diskussion und der Meinungsbildung. Jeder Tag beginnt mit einer Messe und einem Morgengebet im Heiligtum, gefolgt von einer Meditation. Der Meinungsbildungsprozess beginnt dann mit einem Blick auf die Bed\u00fcrfnisse und Zeichen der Zeit im Allgemeinen und der jungen Frauen im Besonderen. Anhand dieser Anzeichen diskutieren die Leiterinnen in Kleingruppen die Hauptprobleme, mit denen die Jugendlichen ihrer Meinung nach zu k\u00e4mpfen haben, und die M\u00f6glichkeiten, wie Sch\u00f6nstatt auf diese Schwierigkeiten reagieren k\u00f6nnte. Als Staaten oder Regionen lassen sie die Anstrengungen und Herausforderungen des vergangenen Jahres Revue passieren, um zu sehen, was die Jugendlichen inspiriert hat und welche Bereiche verbessert oder anders angegangen werden m\u00fcssen. Anschlie\u00dfend kommen sie zusammen, um ihre Erfahrungen und Ideen auszutauschen.<\/p>\n<p><img decoding=\"async\" class=\"aligncenter wp-image-26901 size-large\" src=\"https:\/\/schoenstattdev.wpenginepowered.com\/wp-content\/uploads\/2022\/09\/PXL_20220803_131658804.PORTRAIT-1024x768.jpg\" alt=\"Girls youth\" width=\"840\" height=\"630\" \/><\/p>\n<h3>Formulierung des neuen Mottos<\/h3>\n<p>Aus diesen Erkenntnissen und Erfahrungen heraus versuchen die jungen Frauen, ein neues Motto zu formulieren, das die Bestrebungen und den Auftrag zum Ausdruck bringt, den sie im kommenden Jahr erf\u00fcllen wollen. Es ist ein sehr synodaler Prozess, denn jede muss sich darin \u00fcben, dem\u00fctig und offen zuzuh\u00f6ren und sich zu trauen, das mitzuteilen, was ihr auf dem Herzen liegt. Das Motto eines jeden Jahres ist ein kurzer Ausdruck, der die Reaktion von M\u00e4dchen und jungen Frauen auf die Bed\u00fcrfnisse der Zeit in ihrer jeweiligen Lebenssituation einfangen und vermitteln soll. Dieses Motto wird f\u00fcr jede von ihnen zum Leitbild f\u00fcr das kommende Jahr, zu ihrem Auftrag f\u00fcr die M\u00e4dchen, die sie f\u00fchren, aber auch f\u00fcr alle, mit denen sie in Kontakt kommen.<\/p>\n<p><img decoding=\"async\" class=\"aligncenter wp-image-26905 size-large\" src=\"https:\/\/schoenstattdev.wpenginepowered.com\/wp-content\/uploads\/2022\/09\/20220801_193751-1024x576.jpg\" alt=\"M\u00e4dchenjugend\" width=\"840\" height=\"473\" \/><\/p>\n<p>Unser bisheriges Motto lautete: &#8222;<em><strong>Den Fr\u00fchling wiederbeleben<\/strong><\/em>&#8222;. Die Pandemie hat die Jugend in den Vereinigten Staaten sehr hart getroffen. Die letzten beiden Jahre waren eine echte Bew\u00e4hrungsprobe, so dass wir uns mit der Standfestigkeit derjenigen tr\u00f6sten konnten, die in der Lage waren, weiterhin f\u00fcr die Jugend zu arbeiten. Mit diesem Motto bem\u00fchen wir uns, unser eigenes inneres Feuer f\u00fcr Sch\u00f6nstatt und f\u00fcr Maria zu st\u00e4rken, damit wir andere durch unser Apostolat des Seins zu ihr ziehen k\u00f6nnen.<\/p>\n<p>Wir haben innerlich gearbeitet, um unsere Selbsterziehung zu st\u00e4rken, und nun sendet uns die Gottesmutter nach au\u00dfen. Unser neues Motto lautet: \u201eTochter des B\u00fcndnisses, erhebe deine Augen und tanze&#8220;. Hier ist die Erkl\u00e4rung unseres Mottos:<\/p>\n<blockquote><p>\u201eWas bedeutet es heute, eine Frau zu sein? Wir finden unsere Identit\u00e4t als Tochter des Bundes, als Tochter des K\u00f6nigs und der K\u00f6nigin. Diese Sicherheit l\u00e4dt uns ein, unseren Blick und unser Herz in die H\u00f6he zu erheben, voller kindlichem Vertrauen in Gott und in Maria. Der noble Glanz unseres Wesens wird unsere Umgebung durchdringen und andere einladen, ebenfalls zum Himmel aufzublicken. Wir blicken nach oben, weil wir grenzenlose Hoffnung und Zuversicht haben, dass der himmlische Vater es niemals zulassen wird, dass wir uns verirren, sondern dass er uns zu einem noch besseren Abbild seiner selbst machen wird. Diese Gewissheit erf\u00fcllt uns mit einer ansteckenden Freude, einer Freude, die wir gerne mit anderen teilen m\u00f6chten, einer Freude, die uns tanzen l\u00e4sst. Es ist diese Freude an unserem Glauben, die wir als Sch\u00f6nstatt-M\u00e4dchen und -Jugend durch unser Jahresmotto mit anderen teilen m\u00f6chten.\u201c<\/p><\/blockquote>\n<p>\u201e<em>Sie sollen seinen Namen mit T\u00e4nzen preisen und ihm mit Pauken und Harfen Musik machen. Denn der Herr hat Freude an seinem Volk; er kr\u00f6nt die Dem\u00fctigen mit dem Sieg.<\/em>&#8220; ~Ps. 149<\/p>\n<p>&nbsp;<\/p>\n","protected":false},"excerpt":{"rendered":"<p>Jedes Jahr werden die Tr\u00e4gerinnen der Sch\u00f6nstatt-M\u00e4dchenjugend in das Internationale Exerzitienhaus in Waukesha, Wisconsin, zur j\u00e4hrlichen Leiterinnentagung eingeladen.<\/p>\n","protected":false},"author":1,"featured_media":26908,"comment_status":"closed","ping_status":"closed","sticky":false,"template":"","format":"standard","meta":{"footnotes":""},"categories":[918,922,678,914],"tags":[],"class_list":["post-51000","post","type-post","status-publish","format-standard","has-post-thumbnail","hentry","category-frauen-de","category-jugend-de","category-lander-de","category-spiritualitat-de"],"yoast_head":"<!-- This site is optimized with the Yoast SEO Premium plugin v27.4 (Yoast SEO v27.4) - https:\/\/yoast.com\/product\/yoast-seo-premium-wordpress\/ -->\n<title>Ver Sacrum Patris - Ein Lebensstrom der M\u00e4dchenjugend der USA - Schoenstatt<\/title>\n<meta name=\"description\" content=\"Die M\u00e4dchenjugend und junge Frauen, hat ihre j\u00e4hrliche Tagung abgehalten, um eine gemeinsame Zielrichtung zu w\u00e4hlen.\" \/>\n<meta name=\"robots\" content=\"index, follow, max-snippet:-1, max-image-preview:large, max-video-preview:-1\" \/>\n<link rel=\"canonical\" href=\"https:\/\/schoenstatt.com\/de\/ver-sacrum-patris-ein-lebensstrom-der-maedchenjugend-der-usa\/\" \/>\n<meta property=\"og:locale\" content=\"de_DE\" \/>\n<meta property=\"og:type\" content=\"article\" \/>\n<meta property=\"og:title\" content=\"Ver Sacrum Patris - Ein Lebensstrom der M\u00e4dchenjugend der USA\" \/>\n<meta property=\"og:description\" content=\"Die M\u00e4dchenjugend und junge Frauen, hat ihre j\u00e4hrliche Tagung abgehalten, um eine gemeinsame Zielrichtung zu w\u00e4hlen.\" \/>\n<meta property=\"og:url\" content=\"https:\/\/schoenstatt.com\/de\/ver-sacrum-patris-ein-lebensstrom-der-maedchenjugend-der-usa\/\" \/>\n<meta property=\"og:site_name\" content=\"Schoenstatt\" \/>\n<meta property=\"article:published_time\" content=\"2022-09-16T17:48:14+00:00\" \/>\n<meta property=\"article:modified_time\" content=\"2025-05-15T20:20:50+00:00\" \/>\n<meta property=\"og:image\" content=\"https:\/\/schoenstatt.com\/wp-content\/uploads\/2022\/09\/cover-photo-cropped-scaled-1.jpg\" \/>\n\t<meta property=\"og:image:width\" content=\"2560\" \/>\n\t<meta property=\"og:image:height\" content=\"1682\" \/>\n\t<meta property=\"og:image:type\" content=\"image\/jpeg\" \/>\n<meta name=\"author\" content=\"admin\" \/>\n<meta name=\"twitter:card\" content=\"summary_large_image\" \/>\n<meta name=\"twitter:label1\" content=\"Verfasst von\" \/>\n\t<meta name=\"twitter:data1\" content=\"admin\" \/>\n\t<meta name=\"twitter:label2\" content=\"Gesch\u00e4tzte Lesezeit\" \/>\n\t<meta name=\"twitter:data2\" content=\"4\u00a0Minuten\" \/>\n<script type=\"application\/ld+json\" class=\"yoast-schema-graph\">{\"@context\":\"https:\\\/\\\/schema.org\",\"@graph\":[{\"@type\":\"Article\",\"@id\":\"https:\\\/\\\/schoenstatt.com\\\/de\\\/ver-sacrum-patris-ein-lebensstrom-der-maedchenjugend-der-usa\\\/#article\",\"isPartOf\":{\"@id\":\"https:\\\/\\\/schoenstatt.com\\\/de\\\/ver-sacrum-patris-ein-lebensstrom-der-maedchenjugend-der-usa\\\/\"},\"author\":{\"name\":\"admin\",\"@id\":\"https:\\\/\\\/schoenstatt.com\\\/de\\\/#\\\/schema\\\/person\\\/489465b1850e7b216fe2c10dfc262551\"},\"headline\":\"Ver Sacrum Patris &#8211; Ein Lebensstrom der M\u00e4dchenjugend der USA\",\"datePublished\":\"2022-09-16T17:48:14+00:00\",\"dateModified\":\"2025-05-15T20:20:50+00:00\",\"mainEntityOfPage\":{\"@id\":\"https:\\\/\\\/schoenstatt.com\\\/de\\\/ver-sacrum-patris-ein-lebensstrom-der-maedchenjugend-der-usa\\\/\"},\"wordCount\":840,\"publisher\":{\"@id\":\"https:\\\/\\\/schoenstatt.com\\\/de\\\/#organization\"},\"image\":{\"@id\":\"https:\\\/\\\/schoenstatt.com\\\/de\\\/ver-sacrum-patris-ein-lebensstrom-der-maedchenjugend-der-usa\\\/#primaryimage\"},\"thumbnailUrl\":\"https:\\\/\\\/schoenstatt.com\\\/wp-content\\\/uploads\\\/2022\\\/09\\\/cover-photo-cropped-scaled-1.jpg\",\"articleSection\":[\"Frauen\",\"Jugend\",\"L\u00e4nder\",\"Spiritualit\u00e4t\"],\"inLanguage\":\"de\"},{\"@type\":\"WebPage\",\"@id\":\"https:\\\/\\\/schoenstatt.com\\\/de\\\/ver-sacrum-patris-ein-lebensstrom-der-maedchenjugend-der-usa\\\/\",\"url\":\"https:\\\/\\\/schoenstatt.com\\\/de\\\/ver-sacrum-patris-ein-lebensstrom-der-maedchenjugend-der-usa\\\/\",\"name\":\"Ver Sacrum Patris - Ein Lebensstrom der M\u00e4dchenjugend der USA - Schoenstatt\",\"isPartOf\":{\"@id\":\"https:\\\/\\\/schoenstatt.com\\\/de\\\/#website\"},\"primaryImageOfPage\":{\"@id\":\"https:\\\/\\\/schoenstatt.com\\\/de\\\/ver-sacrum-patris-ein-lebensstrom-der-maedchenjugend-der-usa\\\/#primaryimage\"},\"image\":{\"@id\":\"https:\\\/\\\/schoenstatt.com\\\/de\\\/ver-sacrum-patris-ein-lebensstrom-der-maedchenjugend-der-usa\\\/#primaryimage\"},\"thumbnailUrl\":\"https:\\\/\\\/schoenstatt.com\\\/wp-content\\\/uploads\\\/2022\\\/09\\\/cover-photo-cropped-scaled-1.jpg\",\"datePublished\":\"2022-09-16T17:48:14+00:00\",\"dateModified\":\"2025-05-15T20:20:50+00:00\",\"description\":\"Die M\u00e4dchenjugend und junge Frauen, hat ihre j\u00e4hrliche Tagung abgehalten, um eine gemeinsame Zielrichtung zu w\u00e4hlen.\",\"breadcrumb\":{\"@id\":\"https:\\\/\\\/schoenstatt.com\\\/de\\\/ver-sacrum-patris-ein-lebensstrom-der-maedchenjugend-der-usa\\\/#breadcrumb\"},\"inLanguage\":\"de\",\"potentialAction\":[{\"@type\":\"ReadAction\",\"target\":[\"https:\\\/\\\/schoenstatt.com\\\/de\\\/ver-sacrum-patris-ein-lebensstrom-der-maedchenjugend-der-usa\\\/\"]}]},{\"@type\":\"ImageObject\",\"inLanguage\":\"de\",\"@id\":\"https:\\\/\\\/schoenstatt.com\\\/de\\\/ver-sacrum-patris-ein-lebensstrom-der-maedchenjugend-der-usa\\\/#primaryimage\",\"url\":\"https:\\\/\\\/schoenstatt.com\\\/wp-content\\\/uploads\\\/2022\\\/09\\\/cover-photo-cropped-scaled-1.jpg\",\"contentUrl\":\"https:\\\/\\\/schoenstatt.com\\\/wp-content\\\/uploads\\\/2022\\\/09\\\/cover-photo-cropped-scaled-1.jpg\",\"width\":2560,\"height\":1682,\"caption\":\"Juventude Feminina\"},{\"@type\":\"BreadcrumbList\",\"@id\":\"https:\\\/\\\/schoenstatt.com\\\/de\\\/ver-sacrum-patris-ein-lebensstrom-der-maedchenjugend-der-usa\\\/#breadcrumb\",\"itemListElement\":[{\"@type\":\"ListItem\",\"position\":1,\"name\":\"Portada\",\"item\":\"https:\\\/\\\/schoenstatt.com\\\/de\\\/home\\\/\"},{\"@type\":\"ListItem\",\"position\":2,\"name\":\"Ver Sacrum Patris &#8211; Ein Lebensstrom der M\u00e4dchenjugend der USA\"}]},{\"@type\":\"WebSite\",\"@id\":\"https:\\\/\\\/schoenstatt.com\\\/de\\\/#website\",\"url\":\"https:\\\/\\\/schoenstatt.com\\\/de\\\/\",\"name\":\"Schoenstatt\",\"description\":\"Apostolic Movement\",\"publisher\":{\"@id\":\"https:\\\/\\\/schoenstatt.com\\\/de\\\/#organization\"},\"potentialAction\":[{\"@type\":\"SearchAction\",\"target\":{\"@type\":\"EntryPoint\",\"urlTemplate\":\"https:\\\/\\\/schoenstatt.com\\\/de\\\/?s={search_term_string}\"},\"query-input\":{\"@type\":\"PropertyValueSpecification\",\"valueRequired\":true,\"valueName\":\"search_term_string\"}}],\"inLanguage\":\"de\"},{\"@type\":\"Organization\",\"@id\":\"https:\\\/\\\/schoenstatt.com\\\/de\\\/#organization\",\"name\":\"Schoenstatt\",\"url\":\"https:\\\/\\\/schoenstatt.com\\\/de\\\/\",\"logo\":{\"@type\":\"ImageObject\",\"inLanguage\":\"de\",\"@id\":\"https:\\\/\\\/schoenstatt.com\\\/de\\\/#\\\/schema\\\/logo\\\/image\\\/\",\"url\":\"https:\\\/\\\/schoenstatt.com\\\/wp-content\\\/uploads\\\/2025\\\/04\\\/logo-schoenstatt-white-696x696-1.png\",\"contentUrl\":\"https:\\\/\\\/schoenstatt.com\\\/wp-content\\\/uploads\\\/2025\\\/04\\\/logo-schoenstatt-white-696x696-1.png\",\"width\":696,\"height\":694,\"caption\":\"Schoenstatt\"},\"image\":{\"@id\":\"https:\\\/\\\/schoenstatt.com\\\/de\\\/#\\\/schema\\\/logo\\\/image\\\/\"}},{\"@type\":\"Person\",\"@id\":\"https:\\\/\\\/schoenstatt.com\\\/de\\\/#\\\/schema\\\/person\\\/489465b1850e7b216fe2c10dfc262551\",\"name\":\"admin\",\"image\":{\"@type\":\"ImageObject\",\"inLanguage\":\"de\",\"@id\":\"https:\\\/\\\/secure.gravatar.com\\\/avatar\\\/02e8345e1ec40ab0e0a2a98fdde64a684bbaf994cddcb778b25b8b024ee9dfe6?s=96&d=mm&r=g\",\"url\":\"https:\\\/\\\/secure.gravatar.com\\\/avatar\\\/02e8345e1ec40ab0e0a2a98fdde64a684bbaf994cddcb778b25b8b024ee9dfe6?s=96&d=mm&r=g\",\"contentUrl\":\"https:\\\/\\\/secure.gravatar.com\\\/avatar\\\/02e8345e1ec40ab0e0a2a98fdde64a684bbaf994cddcb778b25b8b024ee9dfe6?s=96&d=mm&r=g\",\"caption\":\"admin\"},\"sameAs\":[\"https:\\\/\\\/schoenstatt.com\"],\"url\":\"https:\\\/\\\/schoenstatt.com\\\/de\\\/author\\\/admin\\\/\"}]}<\/script>\n<!-- \/ Yoast SEO Premium plugin. -->","yoast_head_json":{"title":"Ver Sacrum Patris - Ein Lebensstrom der M\u00e4dchenjugend der USA - Schoenstatt","description":"Die M\u00e4dchenjugend und junge Frauen, hat ihre j\u00e4hrliche Tagung abgehalten, um eine gemeinsame Zielrichtung zu w\u00e4hlen.","robots":{"index":"index","follow":"follow","max-snippet":"max-snippet:-1","max-image-preview":"max-image-preview:large","max-video-preview":"max-video-preview:-1"},"canonical":"https:\/\/schoenstatt.com\/de\/ver-sacrum-patris-ein-lebensstrom-der-maedchenjugend-der-usa\/","og_locale":"de_DE","og_type":"article","og_title":"Ver Sacrum Patris - Ein Lebensstrom der M\u00e4dchenjugend der USA","og_description":"Die M\u00e4dchenjugend und junge Frauen, hat ihre j\u00e4hrliche Tagung abgehalten, um eine gemeinsame Zielrichtung zu w\u00e4hlen.","og_url":"https:\/\/schoenstatt.com\/de\/ver-sacrum-patris-ein-lebensstrom-der-maedchenjugend-der-usa\/","og_site_name":"Schoenstatt","article_published_time":"2022-09-16T17:48:14+00:00","article_modified_time":"2025-05-15T20:20:50+00:00","og_image":[{"width":2560,"height":1682,"url":"https:\/\/schoenstatt.com\/wp-content\/uploads\/2022\/09\/cover-photo-cropped-scaled-1.jpg","type":"image\/jpeg"}],"author":"admin","twitter_card":"summary_large_image","twitter_misc":{"Verfasst von":"admin","Gesch\u00e4tzte Lesezeit":"4\u00a0Minuten"},"schema":{"@context":"https:\/\/schema.org","@graph":[{"@type":"Article","@id":"https:\/\/schoenstatt.com\/de\/ver-sacrum-patris-ein-lebensstrom-der-maedchenjugend-der-usa\/#article","isPartOf":{"@id":"https:\/\/schoenstatt.com\/de\/ver-sacrum-patris-ein-lebensstrom-der-maedchenjugend-der-usa\/"},"author":{"name":"admin","@id":"https:\/\/schoenstatt.com\/de\/#\/schema\/person\/489465b1850e7b216fe2c10dfc262551"},"headline":"Ver Sacrum Patris &#8211; Ein Lebensstrom der M\u00e4dchenjugend der USA","datePublished":"2022-09-16T17:48:14+00:00","dateModified":"2025-05-15T20:20:50+00:00","mainEntityOfPage":{"@id":"https:\/\/schoenstatt.com\/de\/ver-sacrum-patris-ein-lebensstrom-der-maedchenjugend-der-usa\/"},"wordCount":840,"publisher":{"@id":"https:\/\/schoenstatt.com\/de\/#organization"},"image":{"@id":"https:\/\/schoenstatt.com\/de\/ver-sacrum-patris-ein-lebensstrom-der-maedchenjugend-der-usa\/#primaryimage"},"thumbnailUrl":"https:\/\/schoenstatt.com\/wp-content\/uploads\/2022\/09\/cover-photo-cropped-scaled-1.jpg","articleSection":["Frauen","Jugend","L\u00e4nder","Spiritualit\u00e4t"],"inLanguage":"de"},{"@type":"WebPage","@id":"https:\/\/schoenstatt.com\/de\/ver-sacrum-patris-ein-lebensstrom-der-maedchenjugend-der-usa\/","url":"https:\/\/schoenstatt.com\/de\/ver-sacrum-patris-ein-lebensstrom-der-maedchenjugend-der-usa\/","name":"Ver Sacrum Patris - Ein Lebensstrom der M\u00e4dchenjugend der USA - Schoenstatt","isPartOf":{"@id":"https:\/\/schoenstatt.com\/de\/#website"},"primaryImageOfPage":{"@id":"https:\/\/schoenstatt.com\/de\/ver-sacrum-patris-ein-lebensstrom-der-maedchenjugend-der-usa\/#primaryimage"},"image":{"@id":"https:\/\/schoenstatt.com\/de\/ver-sacrum-patris-ein-lebensstrom-der-maedchenjugend-der-usa\/#primaryimage"},"thumbnailUrl":"https:\/\/schoenstatt.com\/wp-content\/uploads\/2022\/09\/cover-photo-cropped-scaled-1.jpg","datePublished":"2022-09-16T17:48:14+00:00","dateModified":"2025-05-15T20:20:50+00:00","description":"Die M\u00e4dchenjugend und junge Frauen, hat ihre j\u00e4hrliche Tagung abgehalten, um eine gemeinsame Zielrichtung zu w\u00e4hlen.","breadcrumb":{"@id":"https:\/\/schoenstatt.com\/de\/ver-sacrum-patris-ein-lebensstrom-der-maedchenjugend-der-usa\/#breadcrumb"},"inLanguage":"de","potentialAction":[{"@type":"ReadAction","target":["https:\/\/schoenstatt.com\/de\/ver-sacrum-patris-ein-lebensstrom-der-maedchenjugend-der-usa\/"]}]},{"@type":"ImageObject","inLanguage":"de","@id":"https:\/\/schoenstatt.com\/de\/ver-sacrum-patris-ein-lebensstrom-der-maedchenjugend-der-usa\/#primaryimage","url":"https:\/\/schoenstatt.com\/wp-content\/uploads\/2022\/09\/cover-photo-cropped-scaled-1.jpg","contentUrl":"https:\/\/schoenstatt.com\/wp-content\/uploads\/2022\/09\/cover-photo-cropped-scaled-1.jpg","width":2560,"height":1682,"caption":"Juventude Feminina"},{"@type":"BreadcrumbList","@id":"https:\/\/schoenstatt.com\/de\/ver-sacrum-patris-ein-lebensstrom-der-maedchenjugend-der-usa\/#breadcrumb","itemListElement":[{"@type":"ListItem","position":1,"name":"Portada","item":"https:\/\/schoenstatt.com\/de\/home\/"},{"@type":"ListItem","position":2,"name":"Ver Sacrum Patris &#8211; Ein Lebensstrom der M\u00e4dchenjugend der USA"}]},{"@type":"WebSite","@id":"https:\/\/schoenstatt.com\/de\/#website","url":"https:\/\/schoenstatt.com\/de\/","name":"Schoenstatt","description":"Apostolic Movement","publisher":{"@id":"https:\/\/schoenstatt.com\/de\/#organization"},"potentialAction":[{"@type":"SearchAction","target":{"@type":"EntryPoint","urlTemplate":"https:\/\/schoenstatt.com\/de\/?s={search_term_string}"},"query-input":{"@type":"PropertyValueSpecification","valueRequired":true,"valueName":"search_term_string"}}],"inLanguage":"de"},{"@type":"Organization","@id":"https:\/\/schoenstatt.com\/de\/#organization","name":"Schoenstatt","url":"https:\/\/schoenstatt.com\/de\/","logo":{"@type":"ImageObject","inLanguage":"de","@id":"https:\/\/schoenstatt.com\/de\/#\/schema\/logo\/image\/","url":"https:\/\/schoenstatt.com\/wp-content\/uploads\/2025\/04\/logo-schoenstatt-white-696x696-1.png","contentUrl":"https:\/\/schoenstatt.com\/wp-content\/uploads\/2025\/04\/logo-schoenstatt-white-696x696-1.png","width":696,"height":694,"caption":"Schoenstatt"},"image":{"@id":"https:\/\/schoenstatt.com\/de\/#\/schema\/logo\/image\/"}},{"@type":"Person","@id":"https:\/\/schoenstatt.com\/de\/#\/schema\/person\/489465b1850e7b216fe2c10dfc262551","name":"admin","image":{"@type":"ImageObject","inLanguage":"de","@id":"https:\/\/secure.gravatar.com\/avatar\/02e8345e1ec40ab0e0a2a98fdde64a684bbaf994cddcb778b25b8b024ee9dfe6?s=96&d=mm&r=g","url":"https:\/\/secure.gravatar.com\/avatar\/02e8345e1ec40ab0e0a2a98fdde64a684bbaf994cddcb778b25b8b024ee9dfe6?s=96&d=mm&r=g","contentUrl":"https:\/\/secure.gravatar.com\/avatar\/02e8345e1ec40ab0e0a2a98fdde64a684bbaf994cddcb778b25b8b024ee9dfe6?s=96&d=mm&r=g","caption":"admin"},"sameAs":["https:\/\/schoenstatt.com"],"url":"https:\/\/schoenstatt.com\/de\/author\/admin\/"}]}},"_links":{"self":[{"href":"https:\/\/schoenstatt.com\/de\/wp-json\/wp\/v2\/posts\/51000","targetHints":{"allow":["GET"]}}],"collection":[{"href":"https:\/\/schoenstatt.com\/de\/wp-json\/wp\/v2\/posts"}],"about":[{"href":"https:\/\/schoenstatt.com\/de\/wp-json\/wp\/v2\/types\/post"}],"author":[{"embeddable":true,"href":"https:\/\/schoenstatt.com\/de\/wp-json\/wp\/v2\/users\/1"}],"replies":[{"embeddable":true,"href":"https:\/\/schoenstatt.com\/de\/wp-json\/wp\/v2\/comments?post=51000"}],"version-history":[{"count":1,"href":"https:\/\/schoenstatt.com\/de\/wp-json\/wp\/v2\/posts\/51000\/revisions"}],"predecessor-version":[{"id":51151,"href":"https:\/\/schoenstatt.com\/de\/wp-json\/wp\/v2\/posts\/51000\/revisions\/51151"}],"wp:featuredmedia":[{"embeddable":true,"href":"https:\/\/schoenstatt.com\/de\/wp-json\/wp\/v2\/media\/26908"}],"wp:attachment":[{"href":"https:\/\/schoenstatt.com\/de\/wp-json\/wp\/v2\/media?parent=51000"}],"wp:term":[{"taxonomy":"category","embeddable":true,"href":"https:\/\/schoenstatt.com\/de\/wp-json\/wp\/v2\/categories?post=51000"},{"taxonomy":"post_tag","embeddable":true,"href":"https:\/\/schoenstatt.com\/de\/wp-json\/wp\/v2\/tags?post=51000"}],"curies":[{"name":"wp","href":"https:\/\/api.w.org\/{rel}","templated":true}]}}