{"id":50995,"date":"2022-09-14T16:06:54","date_gmt":"2022-09-14T14:06:54","guid":{"rendered":"https:\/\/schoenstattdev.wpenginepowered.com\/?p=26927"},"modified":"2025-05-15T20:09:47","modified_gmt":"2025-05-15T18:09:47","slug":"september-fuer-die-abschaffung-der-todesstrafe","status":"publish","type":"post","link":"https:\/\/schoenstatt.com\/de\/september-fuer-die-abschaffung-der-todesstrafe\/","title":{"rendered":"SEPTEMBER | F\u00fcr die Abschaffung der Todesstrafe"},"content":{"rendered":"<h3>September &#8211; F\u00fcr die Abschaffung der Todesstrafe<\/h3>\n<p>Jeden Tag sagen mehr und mehr Menschen auf der ganzen Welt NEIN zur <a href=\"https:\/\/thepopevideo.org\/?lang=de\">Todesstrafe<\/a>. F\u00fcr die Kirche ist dies ein Zeichen der Hoffnung.<br \/>\nAus rechtlicher Sicht ist sie nicht erforderlich.<\/p>\n<p>Die Gesellschaft kann Verbrechen wirksam bek\u00e4mpfen, ohne dem T\u00e4ter die M\u00f6glichkeit der S\u00fchne endg\u00fcltig zu nehmen.<br \/>\nIn jeder Verurteilung muss es immer ein Fenster der Hoffnung geben.<\/p>\n<p>Die Todesstrafe bietet den Opfern keine Gerechtigkeit, sondern f\u00f6rdert die Rache.<br \/>\nAu\u00dferdem wird so jede M\u00f6glichkeit zunichte gemacht, einen m\u00f6glichen Justizirrtum zu korrigieren.<br \/>\nEbenso ist die Todesstrafe moralisch unangemessen, denn sie zerst\u00f6rt das wichtigste Geschenk, das wir erhalten haben: das Leben. Wir d\u00fcrfen nicht vergessen, dass sich ein Mensch bis zum letzten Moment bekehren und \u00e4ndern kann.<\/p>\n<p>Und im Lichte des<a href=\"https:\/\/schoenstattdev.wpenginepowered.com\/de\/kirche\/juli-fuer-die-aelteren-menschen\/\"> Evangeliums<\/a> ist die Todesstrafe unzul\u00e4ssig. Das Gebot \u201e<em><strong>Du sollst nicht t\u00f6ten<\/strong><\/em>\u201c bezieht sich sowohl auf die Unschuldigen als auch auf die Schuldigen.<br \/>\nIch rufe daher alle Menschen guten Willens auf, sich weltweit f\u00fcr die Abschaffung der Todesstrafe einzusetzen.<br \/>\nWir beten, dass die Todesstrafe in allen L\u00e4ndern gesetzlich abgeschafft werde, weil sie die W\u00fcrde jeder menschlichen Person verletzt.<\/p>\n<p><iframe title=\"F\u00fcr die Abschaffung der Todesstrafe \u2013 Das Video des Papstes 09 - September 2022\" width=\"800\" height=\"450\" src=\"https:\/\/www.youtube.com\/embed\/r4Ilk5GWr2Y?feature=oembed\" frameborder=\"0\" allow=\"accelerometer; autoplay; clipboard-write; encrypted-media; gyroscope; picture-in-picture; web-share\" referrerpolicy=\"strict-origin-when-cross-origin\" allowfullscreen><\/iframe><\/p>\n","protected":false},"excerpt":{"rendered":"<p>Wir beten, dass die Todesstrafe in allen L\u00e4ndern gesetzlich abgeschafft werde, weil sie die W\u00fcrde jeder menschlichen Person verletzt.<\/p>\n","protected":false},"author":1,"featured_media":26913,"comment_status":"closed","ping_status":"closed","sticky":false,"template":"","format":"standard","meta":{"footnotes":""},"categories":[851,852],"tags":[],"class_list":["post-50995","post","type-post","status-publish","format-standard","has-post-thumbnail","hentry","category-kirche-de","category-papst-franziskus-de"],"yoast_head":"<!-- This site is optimized with the Yoast SEO Premium plugin v27.4 (Yoast SEO v27.4) - https:\/\/yoast.com\/product\/yoast-seo-premium-wordpress\/ -->\n<title>SEPTEMBER | F\u00fcr die Abschaffung der Todesstrafe - Schoenstatt<\/title>\n<meta name=\"description\" content=\"September - Wir beten, dass die Todesstrafe abgeschafft werde, weil sie die W\u00fcrde jeder menschlichen Person verletzt.\" \/>\n<meta name=\"robots\" content=\"index, follow, max-snippet:-1, max-image-preview:large, max-video-preview:-1\" \/>\n<link rel=\"canonical\" href=\"https:\/\/schoenstatt.com\/de\/september-fuer-die-abschaffung-der-todesstrafe\/\" \/>\n<meta property=\"og:locale\" content=\"de_DE\" \/>\n<meta property=\"og:type\" content=\"article\" \/>\n<meta property=\"og:title\" content=\"SEPTEMBER | F\u00fcr die Abschaffung der Todesstrafe\" \/>\n<meta property=\"og:description\" content=\"September - Wir beten, dass die Todesstrafe abgeschafft werde, weil sie die W\u00fcrde jeder menschlichen Person verletzt.\" \/>\n<meta property=\"og:url\" content=\"https:\/\/schoenstatt.com\/de\/september-fuer-die-abschaffung-der-todesstrafe\/\" \/>\n<meta property=\"og:site_name\" content=\"Schoenstatt\" \/>\n<meta property=\"article:published_time\" content=\"2022-09-14T14:06:54+00:00\" \/>\n<meta property=\"article:modified_time\" content=\"2025-05-15T18:09:47+00:00\" \/>\n<meta property=\"og:image\" content=\"https:\/\/schoenstatt.com\/wp-content\/uploads\/2022\/09\/angiemenes-1592532372881-cathopic-scaled-1.jpg\" \/>\n\t<meta property=\"og:image:width\" content=\"2560\" \/>\n\t<meta property=\"og:image:height\" content=\"1707\" \/>\n\t<meta property=\"og:image:type\" content=\"image\/jpeg\" \/>\n<meta name=\"author\" content=\"admin\" \/>\n<meta name=\"twitter:card\" content=\"summary_large_image\" \/>\n<meta name=\"twitter:label1\" content=\"Verfasst von\" \/>\n\t<meta name=\"twitter:data1\" content=\"admin\" \/>\n\t<meta name=\"twitter:label2\" content=\"Gesch\u00e4tzte Lesezeit\" \/>\n\t<meta name=\"twitter:data2\" content=\"1\u00a0Minute\" \/>\n<script type=\"application\/ld+json\" class=\"yoast-schema-graph\">{\"@context\":\"https:\\\/\\\/schema.org\",\"@graph\":[{\"@type\":\"Article\",\"@id\":\"https:\\\/\\\/schoenstatt.com\\\/de\\\/september-fuer-die-abschaffung-der-todesstrafe\\\/#article\",\"isPartOf\":{\"@id\":\"https:\\\/\\\/schoenstatt.com\\\/de\\\/september-fuer-die-abschaffung-der-todesstrafe\\\/\"},\"author\":{\"name\":\"admin\",\"@id\":\"https:\\\/\\\/schoenstatt.com\\\/de\\\/#\\\/schema\\\/person\\\/489465b1850e7b216fe2c10dfc262551\"},\"headline\":\"SEPTEMBER | F\u00fcr die Abschaffung der Todesstrafe\",\"datePublished\":\"2022-09-14T14:06:54+00:00\",\"dateModified\":\"2025-05-15T18:09:47+00:00\",\"mainEntityOfPage\":{\"@id\":\"https:\\\/\\\/schoenstatt.com\\\/de\\\/september-fuer-die-abschaffung-der-todesstrafe\\\/\"},\"wordCount\":214,\"publisher\":{\"@id\":\"https:\\\/\\\/schoenstatt.com\\\/de\\\/#organization\"},\"image\":{\"@id\":\"https:\\\/\\\/schoenstatt.com\\\/de\\\/september-fuer-die-abschaffung-der-todesstrafe\\\/#primaryimage\"},\"thumbnailUrl\":\"https:\\\/\\\/schoenstatt.com\\\/wp-content\\\/uploads\\\/2022\\\/09\\\/angiemenes-1592532372881-cathopic-scaled-1.jpg\",\"articleSection\":[\"Kirche\",\"Papst Franziskus\"],\"inLanguage\":\"de\"},{\"@type\":\"WebPage\",\"@id\":\"https:\\\/\\\/schoenstatt.com\\\/de\\\/september-fuer-die-abschaffung-der-todesstrafe\\\/\",\"url\":\"https:\\\/\\\/schoenstatt.com\\\/de\\\/september-fuer-die-abschaffung-der-todesstrafe\\\/\",\"name\":\"SEPTEMBER | F\u00fcr die Abschaffung der Todesstrafe - Schoenstatt\",\"isPartOf\":{\"@id\":\"https:\\\/\\\/schoenstatt.com\\\/de\\\/#website\"},\"primaryImageOfPage\":{\"@id\":\"https:\\\/\\\/schoenstatt.com\\\/de\\\/september-fuer-die-abschaffung-der-todesstrafe\\\/#primaryimage\"},\"image\":{\"@id\":\"https:\\\/\\\/schoenstatt.com\\\/de\\\/september-fuer-die-abschaffung-der-todesstrafe\\\/#primaryimage\"},\"thumbnailUrl\":\"https:\\\/\\\/schoenstatt.com\\\/wp-content\\\/uploads\\\/2022\\\/09\\\/angiemenes-1592532372881-cathopic-scaled-1.jpg\",\"datePublished\":\"2022-09-14T14:06:54+00:00\",\"dateModified\":\"2025-05-15T18:09:47+00:00\",\"description\":\"September - Wir beten, dass die Todesstrafe abgeschafft werde, weil sie die W\u00fcrde jeder menschlichen Person verletzt.\",\"breadcrumb\":{\"@id\":\"https:\\\/\\\/schoenstatt.com\\\/de\\\/september-fuer-die-abschaffung-der-todesstrafe\\\/#breadcrumb\"},\"inLanguage\":\"de\",\"potentialAction\":[{\"@type\":\"ReadAction\",\"target\":[\"https:\\\/\\\/schoenstatt.com\\\/de\\\/september-fuer-die-abschaffung-der-todesstrafe\\\/\"]}]},{\"@type\":\"ImageObject\",\"inLanguage\":\"de\",\"@id\":\"https:\\\/\\\/schoenstatt.com\\\/de\\\/september-fuer-die-abschaffung-der-todesstrafe\\\/#primaryimage\",\"url\":\"https:\\\/\\\/schoenstatt.com\\\/wp-content\\\/uploads\\\/2022\\\/09\\\/angiemenes-1592532372881-cathopic-scaled-1.jpg\",\"contentUrl\":\"https:\\\/\\\/schoenstatt.com\\\/wp-content\\\/uploads\\\/2022\\\/09\\\/angiemenes-1592532372881-cathopic-scaled-1.jpg\",\"width\":2560,\"height\":1707,\"caption\":\"Cathopic\"},{\"@type\":\"BreadcrumbList\",\"@id\":\"https:\\\/\\\/schoenstatt.com\\\/de\\\/september-fuer-die-abschaffung-der-todesstrafe\\\/#breadcrumb\",\"itemListElement\":[{\"@type\":\"ListItem\",\"position\":1,\"name\":\"Portada\",\"item\":\"https:\\\/\\\/schoenstatt.com\\\/de\\\/home\\\/\"},{\"@type\":\"ListItem\",\"position\":2,\"name\":\"SEPTEMBER | F\u00fcr die Abschaffung der Todesstrafe\"}]},{\"@type\":\"WebSite\",\"@id\":\"https:\\\/\\\/schoenstatt.com\\\/de\\\/#website\",\"url\":\"https:\\\/\\\/schoenstatt.com\\\/de\\\/\",\"name\":\"Schoenstatt\",\"description\":\"Apostolic Movement\",\"publisher\":{\"@id\":\"https:\\\/\\\/schoenstatt.com\\\/de\\\/#organization\"},\"potentialAction\":[{\"@type\":\"SearchAction\",\"target\":{\"@type\":\"EntryPoint\",\"urlTemplate\":\"https:\\\/\\\/schoenstatt.com\\\/de\\\/?s={search_term_string}\"},\"query-input\":{\"@type\":\"PropertyValueSpecification\",\"valueRequired\":true,\"valueName\":\"search_term_string\"}}],\"inLanguage\":\"de\"},{\"@type\":\"Organization\",\"@id\":\"https:\\\/\\\/schoenstatt.com\\\/de\\\/#organization\",\"name\":\"Schoenstatt\",\"url\":\"https:\\\/\\\/schoenstatt.com\\\/de\\\/\",\"logo\":{\"@type\":\"ImageObject\",\"inLanguage\":\"de\",\"@id\":\"https:\\\/\\\/schoenstatt.com\\\/de\\\/#\\\/schema\\\/logo\\\/image\\\/\",\"url\":\"https:\\\/\\\/schoenstatt.com\\\/wp-content\\\/uploads\\\/2025\\\/04\\\/logo-schoenstatt-white-696x696-1.png\",\"contentUrl\":\"https:\\\/\\\/schoenstatt.com\\\/wp-content\\\/uploads\\\/2025\\\/04\\\/logo-schoenstatt-white-696x696-1.png\",\"width\":696,\"height\":694,\"caption\":\"Schoenstatt\"},\"image\":{\"@id\":\"https:\\\/\\\/schoenstatt.com\\\/de\\\/#\\\/schema\\\/logo\\\/image\\\/\"}},{\"@type\":\"Person\",\"@id\":\"https:\\\/\\\/schoenstatt.com\\\/de\\\/#\\\/schema\\\/person\\\/489465b1850e7b216fe2c10dfc262551\",\"name\":\"admin\",\"image\":{\"@type\":\"ImageObject\",\"inLanguage\":\"de\",\"@id\":\"https:\\\/\\\/secure.gravatar.com\\\/avatar\\\/02e8345e1ec40ab0e0a2a98fdde64a684bbaf994cddcb778b25b8b024ee9dfe6?s=96&d=mm&r=g\",\"url\":\"https:\\\/\\\/secure.gravatar.com\\\/avatar\\\/02e8345e1ec40ab0e0a2a98fdde64a684bbaf994cddcb778b25b8b024ee9dfe6?s=96&d=mm&r=g\",\"contentUrl\":\"https:\\\/\\\/secure.gravatar.com\\\/avatar\\\/02e8345e1ec40ab0e0a2a98fdde64a684bbaf994cddcb778b25b8b024ee9dfe6?s=96&d=mm&r=g\",\"caption\":\"admin\"},\"sameAs\":[\"https:\\\/\\\/schoenstatt.com\"],\"url\":\"https:\\\/\\\/schoenstatt.com\\\/de\\\/author\\\/admin\\\/\"}]}<\/script>\n<!-- \/ Yoast SEO Premium plugin. -->","yoast_head_json":{"title":"SEPTEMBER | F\u00fcr die Abschaffung der Todesstrafe - Schoenstatt","description":"September - Wir beten, dass die Todesstrafe abgeschafft werde, weil sie die W\u00fcrde jeder menschlichen Person verletzt.","robots":{"index":"index","follow":"follow","max-snippet":"max-snippet:-1","max-image-preview":"max-image-preview:large","max-video-preview":"max-video-preview:-1"},"canonical":"https:\/\/schoenstatt.com\/de\/september-fuer-die-abschaffung-der-todesstrafe\/","og_locale":"de_DE","og_type":"article","og_title":"SEPTEMBER | F\u00fcr die Abschaffung der Todesstrafe","og_description":"September - Wir beten, dass die Todesstrafe abgeschafft werde, weil sie die W\u00fcrde jeder menschlichen Person verletzt.","og_url":"https:\/\/schoenstatt.com\/de\/september-fuer-die-abschaffung-der-todesstrafe\/","og_site_name":"Schoenstatt","article_published_time":"2022-09-14T14:06:54+00:00","article_modified_time":"2025-05-15T18:09:47+00:00","og_image":[{"width":2560,"height":1707,"url":"https:\/\/schoenstatt.com\/wp-content\/uploads\/2022\/09\/angiemenes-1592532372881-cathopic-scaled-1.jpg","type":"image\/jpeg"}],"author":"admin","twitter_card":"summary_large_image","twitter_misc":{"Verfasst von":"admin","Gesch\u00e4tzte Lesezeit":"1\u00a0Minute"},"schema":{"@context":"https:\/\/schema.org","@graph":[{"@type":"Article","@id":"https:\/\/schoenstatt.com\/de\/september-fuer-die-abschaffung-der-todesstrafe\/#article","isPartOf":{"@id":"https:\/\/schoenstatt.com\/de\/september-fuer-die-abschaffung-der-todesstrafe\/"},"author":{"name":"admin","@id":"https:\/\/schoenstatt.com\/de\/#\/schema\/person\/489465b1850e7b216fe2c10dfc262551"},"headline":"SEPTEMBER | F\u00fcr die Abschaffung der Todesstrafe","datePublished":"2022-09-14T14:06:54+00:00","dateModified":"2025-05-15T18:09:47+00:00","mainEntityOfPage":{"@id":"https:\/\/schoenstatt.com\/de\/september-fuer-die-abschaffung-der-todesstrafe\/"},"wordCount":214,"publisher":{"@id":"https:\/\/schoenstatt.com\/de\/#organization"},"image":{"@id":"https:\/\/schoenstatt.com\/de\/september-fuer-die-abschaffung-der-todesstrafe\/#primaryimage"},"thumbnailUrl":"https:\/\/schoenstatt.com\/wp-content\/uploads\/2022\/09\/angiemenes-1592532372881-cathopic-scaled-1.jpg","articleSection":["Kirche","Papst Franziskus"],"inLanguage":"de"},{"@type":"WebPage","@id":"https:\/\/schoenstatt.com\/de\/september-fuer-die-abschaffung-der-todesstrafe\/","url":"https:\/\/schoenstatt.com\/de\/september-fuer-die-abschaffung-der-todesstrafe\/","name":"SEPTEMBER | F\u00fcr die Abschaffung der Todesstrafe - Schoenstatt","isPartOf":{"@id":"https:\/\/schoenstatt.com\/de\/#website"},"primaryImageOfPage":{"@id":"https:\/\/schoenstatt.com\/de\/september-fuer-die-abschaffung-der-todesstrafe\/#primaryimage"},"image":{"@id":"https:\/\/schoenstatt.com\/de\/september-fuer-die-abschaffung-der-todesstrafe\/#primaryimage"},"thumbnailUrl":"https:\/\/schoenstatt.com\/wp-content\/uploads\/2022\/09\/angiemenes-1592532372881-cathopic-scaled-1.jpg","datePublished":"2022-09-14T14:06:54+00:00","dateModified":"2025-05-15T18:09:47+00:00","description":"September - Wir beten, dass die Todesstrafe abgeschafft werde, weil sie die W\u00fcrde jeder menschlichen Person verletzt.","breadcrumb":{"@id":"https:\/\/schoenstatt.com\/de\/september-fuer-die-abschaffung-der-todesstrafe\/#breadcrumb"},"inLanguage":"de","potentialAction":[{"@type":"ReadAction","target":["https:\/\/schoenstatt.com\/de\/september-fuer-die-abschaffung-der-todesstrafe\/"]}]},{"@type":"ImageObject","inLanguage":"de","@id":"https:\/\/schoenstatt.com\/de\/september-fuer-die-abschaffung-der-todesstrafe\/#primaryimage","url":"https:\/\/schoenstatt.com\/wp-content\/uploads\/2022\/09\/angiemenes-1592532372881-cathopic-scaled-1.jpg","contentUrl":"https:\/\/schoenstatt.com\/wp-content\/uploads\/2022\/09\/angiemenes-1592532372881-cathopic-scaled-1.jpg","width":2560,"height":1707,"caption":"Cathopic"},{"@type":"BreadcrumbList","@id":"https:\/\/schoenstatt.com\/de\/september-fuer-die-abschaffung-der-todesstrafe\/#breadcrumb","itemListElement":[{"@type":"ListItem","position":1,"name":"Portada","item":"https:\/\/schoenstatt.com\/de\/home\/"},{"@type":"ListItem","position":2,"name":"SEPTEMBER | F\u00fcr die Abschaffung der Todesstrafe"}]},{"@type":"WebSite","@id":"https:\/\/schoenstatt.com\/de\/#website","url":"https:\/\/schoenstatt.com\/de\/","name":"Schoenstatt","description":"Apostolic Movement","publisher":{"@id":"https:\/\/schoenstatt.com\/de\/#organization"},"potentialAction":[{"@type":"SearchAction","target":{"@type":"EntryPoint","urlTemplate":"https:\/\/schoenstatt.com\/de\/?s={search_term_string}"},"query-input":{"@type":"PropertyValueSpecification","valueRequired":true,"valueName":"search_term_string"}}],"inLanguage":"de"},{"@type":"Organization","@id":"https:\/\/schoenstatt.com\/de\/#organization","name":"Schoenstatt","url":"https:\/\/schoenstatt.com\/de\/","logo":{"@type":"ImageObject","inLanguage":"de","@id":"https:\/\/schoenstatt.com\/de\/#\/schema\/logo\/image\/","url":"https:\/\/schoenstatt.com\/wp-content\/uploads\/2025\/04\/logo-schoenstatt-white-696x696-1.png","contentUrl":"https:\/\/schoenstatt.com\/wp-content\/uploads\/2025\/04\/logo-schoenstatt-white-696x696-1.png","width":696,"height":694,"caption":"Schoenstatt"},"image":{"@id":"https:\/\/schoenstatt.com\/de\/#\/schema\/logo\/image\/"}},{"@type":"Person","@id":"https:\/\/schoenstatt.com\/de\/#\/schema\/person\/489465b1850e7b216fe2c10dfc262551","name":"admin","image":{"@type":"ImageObject","inLanguage":"de","@id":"https:\/\/secure.gravatar.com\/avatar\/02e8345e1ec40ab0e0a2a98fdde64a684bbaf994cddcb778b25b8b024ee9dfe6?s=96&d=mm&r=g","url":"https:\/\/secure.gravatar.com\/avatar\/02e8345e1ec40ab0e0a2a98fdde64a684bbaf994cddcb778b25b8b024ee9dfe6?s=96&d=mm&r=g","contentUrl":"https:\/\/secure.gravatar.com\/avatar\/02e8345e1ec40ab0e0a2a98fdde64a684bbaf994cddcb778b25b8b024ee9dfe6?s=96&d=mm&r=g","caption":"admin"},"sameAs":["https:\/\/schoenstatt.com"],"url":"https:\/\/schoenstatt.com\/de\/author\/admin\/"}]}},"_links":{"self":[{"href":"https:\/\/schoenstatt.com\/de\/wp-json\/wp\/v2\/posts\/50995","targetHints":{"allow":["GET"]}}],"collection":[{"href":"https:\/\/schoenstatt.com\/de\/wp-json\/wp\/v2\/posts"}],"about":[{"href":"https:\/\/schoenstatt.com\/de\/wp-json\/wp\/v2\/types\/post"}],"author":[{"embeddable":true,"href":"https:\/\/schoenstatt.com\/de\/wp-json\/wp\/v2\/users\/1"}],"replies":[{"embeddable":true,"href":"https:\/\/schoenstatt.com\/de\/wp-json\/wp\/v2\/comments?post=50995"}],"version-history":[{"count":1,"href":"https:\/\/schoenstatt.com\/de\/wp-json\/wp\/v2\/posts\/50995\/revisions"}],"predecessor-version":[{"id":51133,"href":"https:\/\/schoenstatt.com\/de\/wp-json\/wp\/v2\/posts\/50995\/revisions\/51133"}],"wp:featuredmedia":[{"embeddable":true,"href":"https:\/\/schoenstatt.com\/de\/wp-json\/wp\/v2\/media\/26913"}],"wp:attachment":[{"href":"https:\/\/schoenstatt.com\/de\/wp-json\/wp\/v2\/media?parent=50995"}],"wp:term":[{"taxonomy":"category","embeddable":true,"href":"https:\/\/schoenstatt.com\/de\/wp-json\/wp\/v2\/categories?post=50995"},{"taxonomy":"post_tag","embeddable":true,"href":"https:\/\/schoenstatt.com\/de\/wp-json\/wp\/v2\/tags?post=50995"}],"curies":[{"name":"wp","href":"https:\/\/api.w.org\/{rel}","templated":true}]}}