{"id":50988,"date":"2022-09-10T20:32:52","date_gmt":"2022-09-10T18:32:52","guid":{"rendered":"https:\/\/schoenstattdev.wpenginepowered.com\/?p=26947"},"modified":"2025-05-15T22:20:52","modified_gmt":"2025-05-15T20:20:52","slug":"die-entstehung-des-bildes-der-pilgermutter","status":"publish","type":"post","link":"https:\/\/schoenstatt.com\/de\/die-entstehung-des-bildes-der-pilgermutter\/","title":{"rendered":"Die Entstehung des Bildes der Pilgermutter."},"content":{"rendered":"<p><img fetchpriority=\"high\" decoding=\"async\" class=\"alignright wp-image-26827 \" src=\"https:\/\/schoenstatt.com\/wp-content\/uploads\/2022\/09\/pozzobon-1-1.png\" alt=\"\" width=\"307\" height=\"489\" \/><\/p>\n<p>Mehr als 50 Jahre sind vergangen, seit Jo\u00e3o Pozzobon seine Reise mit dem Bild der Mutter und K\u00f6nigin von Sch\u00f6nstatt begann. Mit der genialen Idee der kleinen Pilgernden Gottesmutter, die Familien besucht, hat sich sein apostolisches Engagement seit 1958 nach und nach vervielfacht und ist heute ein echtes Ph\u00e4nomen.<\/p>\n<p>In den mehr als 90 L\u00e4ndern, in denen sie ihren apostolischen Weg geht \u201cerobert\u201d die Kampagne der Pilgernden Gottesmutter Schulen, Gef\u00e4ngnisse, Krankenh\u00e4user, Unternehmen und Millionen von Familien und bringt die Gnaden der Sch\u00f6nstatt-Heiligt\u00fcmer zu den Menschen.<\/p>\n<p>Die Geschichte der so genannten \u201cOriginal-Pilgermutter&#8220;, also des Bildes der Mutter und K\u00f6nigin von Sch\u00f6nstatt, das Jo\u00e3o Pozzobon 1950 erhielt und 35 Jahre lang trug, hat schon immer gro\u00dfes Interesse geweckt. Vor seinem Tod vertraute Jo\u00e3o Pozzobon dieses historische Bild den Sch\u00f6nst\u00e4tter Marienschwestern an, die es im Marianischen Zentrum, dem Sitz der Sch\u00f6nstatt-Bewegung in Santa Maria, aufbewahren.<\/p>\n<h3>Dies ist ihre wahre Geschichte<\/h3>\n<p>In Santa Maria ist bekannt und wird auch von Jo\u00e3o Pozzobon selbst in seinen Aufzeichnungen best\u00e4tigt, dass 1950 einige identische Bilder der Dreimal Wunderbaren Mutter in Holz und in Form des Heiligtums angefertigt wurden. Lange Zeit hie\u00df es, dass es drei Bilder gab, aber Jo\u00e3o Pozzobon erinnert sich an vier, die M\u00e4nnern der Bewegung anvertraut wurden, damit sie in Vorbereitung auf die Verk\u00fcndigung des Dogmas der Himmelfahrt Mariens zu den Familien pilgerten. Dies widerspricht der Version, dass es drei verschiedene Modelle der Pilgernden Gottesmutter gab und dass eines davon an Jo\u00e3o Pozzobon \u00fcbergeben wurde.<\/p>\n<p>In der Chronik der Santa-Maria-Bewegung gibt es Fotos vom Oktober 1950 mit vier Bildern der Pilgernden Gottesmutter. Leider gibt es keine Nachrichten \u00fcber den Verbleib dieser anderen Bilder oder die Identit\u00e4t der anderen M\u00e4nner, die dieses Apostolat aus\u00fcbten. Wahrscheinlich taten sie, was man ihnen vorschlug: f\u00fcr eine kurze Zeit, bis zur Verk\u00fcndung des Dogmas, mit dem Bild zu pilgern. Wir wissen, dass Pozzobon 35 Jahre lang damit auf eigene Faust fortfuhr.<\/p>\n<p>Von Mitte der 1940er bis Mitte der 1950er Jahre schlug die Verehrung der Muttergottes von Sch\u00f6nstatt in und um Santa Maria Wurzeln. Nach der Einweihung des Sch\u00f6nstatt-Heiligtums in dieser Stadt, dessen Ideal der Tabor ist, wurden zahlreiche Wallfahrten und Prozessionen organisiert, f\u00fcr die auch andere Bilder der Dreimal Wunderbaren Mutter aus Holz und in Form eines Heiligtums gebaut wurden, etwas kleiner als das Original der Pilgernden Gottesmutter.<\/p>\n<p>Die Chronik der Santa-Maria-Bewegung berichtet, dass z.B. 1953 an der zweiten Fr\u00fchjahrswallfahrt dreitausend Menschen teilnahmen und f\u00fcnfzehn Bilder der Gottesmutter von Sch\u00f6nstatt zum Heiligtum gebracht wurden, wahrscheinlich Bilder der Pilgernden Gottesmutter.<\/p>\n<p><img decoding=\"async\" class=\"aligncenter wp-image-26831 size-full\" src=\"https:\/\/schoenstatt.com\/wp-content\/uploads\/2022\/09\/mae-crianca-foto-neivaldo-moraes-1.png\" alt=\"\" width=\"700\" height=\"531\" \/><\/p>\n<h3>Wie entstand die \u00e4u\u00dfere Form der Pilgernden Gottesmutter?<\/h3>\n<p>Was die \u00e4u\u00dfere Form der urspr\u00fcnglichen Pilgernden Gottesmutter betrifft, so gibt es Dokumente, die besagen, dass ein h\u00f6lzernes schreinf\u00f6rmiges Bild der Jungfrau von Sch\u00f6nstatt, das einer Gruppe von Sch\u00f6nst\u00e4tter Marienschwestern geh\u00f6rte, aus Deutschland als Modell genommen wurde. Die Besitzerin dieses Bildes beschrieb detailliert die Gespr\u00e4che mit Sr. M. Terezinha \u00fcber die Pl\u00e4ne, die Pilgernde Gottesmutter nach dem Vorbild ihrer eigenen kleinen Kapelle zu bauen.<\/p>\n<p>Schw. M. Terezinha selbst war noch am Leben, als es hie\u00df, dass das Modell der urspr\u00fcnglichen Pilgernden Gottesmutter dem Bild dieser Schwesterngruppe entnommen wurde, und sie hat dieser Version nie widersprochen, was f\u00fcr ihre Richtigkeit spricht. Auf die Frage von Pater Esteban Uriburu nach dem Entstehungsort der Bilder gab Jo\u00e3o Pozzobon ohne zu z\u00f6gern eine von den Maristenbr\u00fcdern betriebene Fachschule f\u00fcr Tischlerei an, die School of Arts and Crafts in der Avenida Rio Branco in Santa Maria, die in den 1980er Jahren geschlossen wurde.<\/p>\n<p><img decoding=\"async\" class=\"aligncenter wp-image-26835 size-full\" src=\"https:\/\/schoenstatt.com\/wp-content\/uploads\/2022\/09\/mae-peregrina-mp-africa-1.png\" alt=\"\" width=\"680\" height=\"457\" \/><\/p>\n<h3>Wer hatte die Idee, die Muttergottes in den Familien pilgern zu lassen?<\/h3>\n<p>Es ist schwierig, diese Frage zu beantworten, da das Rosenkranzgebet auf Anregung von Papst Pius XII. im September 1950 bei Exerzitien f\u00fcr M\u00e4nner gef\u00f6rdert wurde. Es ist m\u00f6glich, dass sich Santa Maria von Beispielen wie dem von Nueva Helvecia inspirieren lie\u00df, aber man darf nicht vergessen, dass der Brauch der Familienwallfahrten in Brasilien bereits bekannt war, insbesondere in den Regionen der italienischen Kolonisation.<\/p>\n<p>Auch die Marienschwestern besuchten in Vorbereitung auf die Einweihung ihres Hauses in Santa Maria im Jahr 1945 die Familien der Pfarrei mit einem tragbaren Altar der Gottesmutter. Die Tagebucheintr\u00e4ge von Jo\u00e3o Pozzobon, schon vor Beginn der Kampagne, erz\u00e4hlen auch von seinem Wunsch, etwas f\u00fcr die Rettung der Familien zu tun, und dass er schon lange dar\u00fcber nachgedacht hat, was er f\u00fcr die Gottesmutter tun k\u00f6nnte.<\/p>\n<p>Es ist interessant, sich daran zu erinnern, dass <a href=\"https:\/\/schoenstattdev.wpenginepowered.com\/de\/schoenstatt-gemeinschaften\/die-sekretaerin-von-joao-pozzobon-erzaehlt-von-seinem-tod\/\">Joao Pozzobon<\/a> zusammen mit anderen Mitgliedern der Bewegung am 18. Oktober 1950, also etwas mehr als einen Monat nach Beginn der Kampagne, im Tabor-Heiligtum unter dem Motto \u201cOpfer sein f\u00fcr die Heiligung der Familien&#8220; seine &#8222;Macht in Wei\u00df&#8220;-Weihe ablegte. Und in Vorbereitung auf diesen Tag schrieb er in sein Tagebuch, dass er sich im Klaren dar\u00fcber war, von Maria zu einer Mission berufen worden zu sein, und dass er auf alles vorbereitet war.<\/p>\n<p><img loading=\"lazy\" decoding=\"async\" class=\"aligncenter wp-image-26839 size-full\" src=\"https:\/\/schoenstatt.com\/wp-content\/uploads\/2022\/09\/mae-peregrina-mp-2-1.png\" alt=\"Kampagne\" width=\"700\" height=\"492\" \/><\/p>\n<p>&nbsp;<\/p>\n<p>Fuente: <a href=\"https:\/\/schoenstatt.org.br\/\">\u00a0https:\/\/schoenstatt.org.br\/<\/a><\/p>\n<p>&nbsp;<\/p>\n","protected":false},"excerpt":{"rendered":"<p>Mehr als 50 Jahre sind vergangen, seit Jo\u00e3o Pozzobon seine Reise mit der Pilgernden Gottesmutter begann, die Millionen von Familien auf der ganzen Welt begleitet und allen, die sie empfangen, Segen bringt. <\/p>\n","protected":false},"author":1,"featured_media":26820,"comment_status":"closed","ping_status":"closed","sticky":false,"template":"","format":"standard","meta":{"footnotes":""},"categories":[914],"tags":[],"class_list":["post-50988","post","type-post","status-publish","format-standard","has-post-thumbnail","hentry","category-spiritualitat-de"],"yoast_head":"<!-- This site is optimized with the Yoast SEO Premium plugin v27.4 (Yoast SEO v27.4) - https:\/\/yoast.com\/product\/yoast-seo-premium-wordpress\/ -->\n<title>Die Entstehung des Bildes der Pilgermutter. - Schoenstatt<\/title>\n<meta name=\"description\" content=\"Die Geschichte hinter der Kampagne der Pilgernden Gottesmutter erm\u00f6glicht es, uns vorzustellen, wie Maria die Herzen von Menschen ver\u00e4ndert.\" \/>\n<meta name=\"robots\" content=\"index, follow, max-snippet:-1, max-image-preview:large, max-video-preview:-1\" \/>\n<link rel=\"canonical\" href=\"https:\/\/schoenstatt.com\/de\/die-entstehung-des-bildes-der-pilgermutter\/\" \/>\n<meta property=\"og:locale\" content=\"de_DE\" \/>\n<meta property=\"og:type\" content=\"article\" \/>\n<meta property=\"og:title\" content=\"Die Entstehung des Bildes der Pilgermutter.\" \/>\n<meta property=\"og:description\" content=\"Die Geschichte hinter der Kampagne der Pilgernden Gottesmutter erm\u00f6glicht es, uns vorzustellen, wie Maria die Herzen von Menschen ver\u00e4ndert.\" \/>\n<meta property=\"og:url\" content=\"https:\/\/schoenstatt.com\/de\/die-entstehung-des-bildes-der-pilgermutter\/\" \/>\n<meta property=\"og:site_name\" content=\"Schoenstatt\" \/>\n<meta property=\"article:published_time\" content=\"2022-09-10T18:32:52+00:00\" \/>\n<meta property=\"article:modified_time\" content=\"2025-05-15T20:20:52+00:00\" \/>\n<meta property=\"og:image\" content=\"https:\/\/schoenstatt.com\/wp-content\/uploads\/2022\/09\/Peregrina-Original-1-1.png\" \/>\n\t<meta property=\"og:image:width\" content=\"600\" \/>\n\t<meta property=\"og:image:height\" content=\"386\" \/>\n\t<meta property=\"og:image:type\" content=\"image\/png\" \/>\n<meta name=\"author\" content=\"admin\" \/>\n<meta name=\"twitter:card\" content=\"summary_large_image\" \/>\n<meta name=\"twitter:label1\" content=\"Verfasst von\" \/>\n\t<meta name=\"twitter:data1\" content=\"admin\" \/>\n\t<meta name=\"twitter:label2\" content=\"Gesch\u00e4tzte Lesezeit\" \/>\n\t<meta name=\"twitter:data2\" content=\"4\u00a0Minuten\" \/>\n<script type=\"application\/ld+json\" class=\"yoast-schema-graph\">{\"@context\":\"https:\\\/\\\/schema.org\",\"@graph\":[{\"@type\":\"Article\",\"@id\":\"https:\\\/\\\/schoenstatt.com\\\/de\\\/die-entstehung-des-bildes-der-pilgermutter\\\/#article\",\"isPartOf\":{\"@id\":\"https:\\\/\\\/schoenstatt.com\\\/de\\\/die-entstehung-des-bildes-der-pilgermutter\\\/\"},\"author\":{\"name\":\"admin\",\"@id\":\"https:\\\/\\\/schoenstatt.com\\\/de\\\/#\\\/schema\\\/person\\\/489465b1850e7b216fe2c10dfc262551\"},\"headline\":\"Die Entstehung des Bildes der Pilgermutter.\",\"datePublished\":\"2022-09-10T18:32:52+00:00\",\"dateModified\":\"2025-05-15T20:20:52+00:00\",\"mainEntityOfPage\":{\"@id\":\"https:\\\/\\\/schoenstatt.com\\\/de\\\/die-entstehung-des-bildes-der-pilgermutter\\\/\"},\"wordCount\":853,\"publisher\":{\"@id\":\"https:\\\/\\\/schoenstatt.com\\\/de\\\/#organization\"},\"image\":{\"@id\":\"https:\\\/\\\/schoenstatt.com\\\/de\\\/die-entstehung-des-bildes-der-pilgermutter\\\/#primaryimage\"},\"thumbnailUrl\":\"https:\\\/\\\/schoenstatt.com\\\/wp-content\\\/uploads\\\/2022\\\/09\\\/Peregrina-Original-1-1.png\",\"articleSection\":[\"Spiritualit\u00e4t\"],\"inLanguage\":\"de\"},{\"@type\":\"WebPage\",\"@id\":\"https:\\\/\\\/schoenstatt.com\\\/de\\\/die-entstehung-des-bildes-der-pilgermutter\\\/\",\"url\":\"https:\\\/\\\/schoenstatt.com\\\/de\\\/die-entstehung-des-bildes-der-pilgermutter\\\/\",\"name\":\"Die Entstehung des Bildes der Pilgermutter. - Schoenstatt\",\"isPartOf\":{\"@id\":\"https:\\\/\\\/schoenstatt.com\\\/de\\\/#website\"},\"primaryImageOfPage\":{\"@id\":\"https:\\\/\\\/schoenstatt.com\\\/de\\\/die-entstehung-des-bildes-der-pilgermutter\\\/#primaryimage\"},\"image\":{\"@id\":\"https:\\\/\\\/schoenstatt.com\\\/de\\\/die-entstehung-des-bildes-der-pilgermutter\\\/#primaryimage\"},\"thumbnailUrl\":\"https:\\\/\\\/schoenstatt.com\\\/wp-content\\\/uploads\\\/2022\\\/09\\\/Peregrina-Original-1-1.png\",\"datePublished\":\"2022-09-10T18:32:52+00:00\",\"dateModified\":\"2025-05-15T20:20:52+00:00\",\"description\":\"Die Geschichte hinter der Kampagne der Pilgernden Gottesmutter erm\u00f6glicht es, uns vorzustellen, wie Maria die Herzen von Menschen ver\u00e4ndert.\",\"breadcrumb\":{\"@id\":\"https:\\\/\\\/schoenstatt.com\\\/de\\\/die-entstehung-des-bildes-der-pilgermutter\\\/#breadcrumb\"},\"inLanguage\":\"de\",\"potentialAction\":[{\"@type\":\"ReadAction\",\"target\":[\"https:\\\/\\\/schoenstatt.com\\\/de\\\/die-entstehung-des-bildes-der-pilgermutter\\\/\"]}]},{\"@type\":\"ImageObject\",\"inLanguage\":\"de\",\"@id\":\"https:\\\/\\\/schoenstatt.com\\\/de\\\/die-entstehung-des-bildes-der-pilgermutter\\\/#primaryimage\",\"url\":\"https:\\\/\\\/schoenstatt.com\\\/wp-content\\\/uploads\\\/2022\\\/09\\\/Peregrina-Original-1-1.png\",\"contentUrl\":\"https:\\\/\\\/schoenstatt.com\\\/wp-content\\\/uploads\\\/2022\\\/09\\\/Peregrina-Original-1-1.png\",\"width\":600,\"height\":386,\"caption\":\"Campaign\"},{\"@type\":\"BreadcrumbList\",\"@id\":\"https:\\\/\\\/schoenstatt.com\\\/de\\\/die-entstehung-des-bildes-der-pilgermutter\\\/#breadcrumb\",\"itemListElement\":[{\"@type\":\"ListItem\",\"position\":1,\"name\":\"Portada\",\"item\":\"https:\\\/\\\/schoenstatt.com\\\/de\\\/home\\\/\"},{\"@type\":\"ListItem\",\"position\":2,\"name\":\"Die Entstehung des Bildes der Pilgermutter.\"}]},{\"@type\":\"WebSite\",\"@id\":\"https:\\\/\\\/schoenstatt.com\\\/de\\\/#website\",\"url\":\"https:\\\/\\\/schoenstatt.com\\\/de\\\/\",\"name\":\"Schoenstatt\",\"description\":\"Apostolic Movement\",\"publisher\":{\"@id\":\"https:\\\/\\\/schoenstatt.com\\\/de\\\/#organization\"},\"potentialAction\":[{\"@type\":\"SearchAction\",\"target\":{\"@type\":\"EntryPoint\",\"urlTemplate\":\"https:\\\/\\\/schoenstatt.com\\\/de\\\/?s={search_term_string}\"},\"query-input\":{\"@type\":\"PropertyValueSpecification\",\"valueRequired\":true,\"valueName\":\"search_term_string\"}}],\"inLanguage\":\"de\"},{\"@type\":\"Organization\",\"@id\":\"https:\\\/\\\/schoenstatt.com\\\/de\\\/#organization\",\"name\":\"Schoenstatt\",\"url\":\"https:\\\/\\\/schoenstatt.com\\\/de\\\/\",\"logo\":{\"@type\":\"ImageObject\",\"inLanguage\":\"de\",\"@id\":\"https:\\\/\\\/schoenstatt.com\\\/de\\\/#\\\/schema\\\/logo\\\/image\\\/\",\"url\":\"https:\\\/\\\/schoenstatt.com\\\/wp-content\\\/uploads\\\/2025\\\/04\\\/logo-schoenstatt-white-696x696-1.png\",\"contentUrl\":\"https:\\\/\\\/schoenstatt.com\\\/wp-content\\\/uploads\\\/2025\\\/04\\\/logo-schoenstatt-white-696x696-1.png\",\"width\":696,\"height\":694,\"caption\":\"Schoenstatt\"},\"image\":{\"@id\":\"https:\\\/\\\/schoenstatt.com\\\/de\\\/#\\\/schema\\\/logo\\\/image\\\/\"}},{\"@type\":\"Person\",\"@id\":\"https:\\\/\\\/schoenstatt.com\\\/de\\\/#\\\/schema\\\/person\\\/489465b1850e7b216fe2c10dfc262551\",\"name\":\"admin\",\"image\":{\"@type\":\"ImageObject\",\"inLanguage\":\"de\",\"@id\":\"https:\\\/\\\/secure.gravatar.com\\\/avatar\\\/02e8345e1ec40ab0e0a2a98fdde64a684bbaf994cddcb778b25b8b024ee9dfe6?s=96&d=mm&r=g\",\"url\":\"https:\\\/\\\/secure.gravatar.com\\\/avatar\\\/02e8345e1ec40ab0e0a2a98fdde64a684bbaf994cddcb778b25b8b024ee9dfe6?s=96&d=mm&r=g\",\"contentUrl\":\"https:\\\/\\\/secure.gravatar.com\\\/avatar\\\/02e8345e1ec40ab0e0a2a98fdde64a684bbaf994cddcb778b25b8b024ee9dfe6?s=96&d=mm&r=g\",\"caption\":\"admin\"},\"sameAs\":[\"https:\\\/\\\/schoenstatt.com\"],\"url\":\"https:\\\/\\\/schoenstatt.com\\\/de\\\/author\\\/admin\\\/\"}]}<\/script>\n<!-- \/ Yoast SEO Premium plugin. -->","yoast_head_json":{"title":"Die Entstehung des Bildes der Pilgermutter. - Schoenstatt","description":"Die Geschichte hinter der Kampagne der Pilgernden Gottesmutter erm\u00f6glicht es, uns vorzustellen, wie Maria die Herzen von Menschen ver\u00e4ndert.","robots":{"index":"index","follow":"follow","max-snippet":"max-snippet:-1","max-image-preview":"max-image-preview:large","max-video-preview":"max-video-preview:-1"},"canonical":"https:\/\/schoenstatt.com\/de\/die-entstehung-des-bildes-der-pilgermutter\/","og_locale":"de_DE","og_type":"article","og_title":"Die Entstehung des Bildes der Pilgermutter.","og_description":"Die Geschichte hinter der Kampagne der Pilgernden Gottesmutter erm\u00f6glicht es, uns vorzustellen, wie Maria die Herzen von Menschen ver\u00e4ndert.","og_url":"https:\/\/schoenstatt.com\/de\/die-entstehung-des-bildes-der-pilgermutter\/","og_site_name":"Schoenstatt","article_published_time":"2022-09-10T18:32:52+00:00","article_modified_time":"2025-05-15T20:20:52+00:00","og_image":[{"width":600,"height":386,"url":"https:\/\/schoenstatt.com\/wp-content\/uploads\/2022\/09\/Peregrina-Original-1-1.png","type":"image\/png"}],"author":"admin","twitter_card":"summary_large_image","twitter_misc":{"Verfasst von":"admin","Gesch\u00e4tzte Lesezeit":"4\u00a0Minuten"},"schema":{"@context":"https:\/\/schema.org","@graph":[{"@type":"Article","@id":"https:\/\/schoenstatt.com\/de\/die-entstehung-des-bildes-der-pilgermutter\/#article","isPartOf":{"@id":"https:\/\/schoenstatt.com\/de\/die-entstehung-des-bildes-der-pilgermutter\/"},"author":{"name":"admin","@id":"https:\/\/schoenstatt.com\/de\/#\/schema\/person\/489465b1850e7b216fe2c10dfc262551"},"headline":"Die Entstehung des Bildes der Pilgermutter.","datePublished":"2022-09-10T18:32:52+00:00","dateModified":"2025-05-15T20:20:52+00:00","mainEntityOfPage":{"@id":"https:\/\/schoenstatt.com\/de\/die-entstehung-des-bildes-der-pilgermutter\/"},"wordCount":853,"publisher":{"@id":"https:\/\/schoenstatt.com\/de\/#organization"},"image":{"@id":"https:\/\/schoenstatt.com\/de\/die-entstehung-des-bildes-der-pilgermutter\/#primaryimage"},"thumbnailUrl":"https:\/\/schoenstatt.com\/wp-content\/uploads\/2022\/09\/Peregrina-Original-1-1.png","articleSection":["Spiritualit\u00e4t"],"inLanguage":"de"},{"@type":"WebPage","@id":"https:\/\/schoenstatt.com\/de\/die-entstehung-des-bildes-der-pilgermutter\/","url":"https:\/\/schoenstatt.com\/de\/die-entstehung-des-bildes-der-pilgermutter\/","name":"Die Entstehung des Bildes der Pilgermutter. - Schoenstatt","isPartOf":{"@id":"https:\/\/schoenstatt.com\/de\/#website"},"primaryImageOfPage":{"@id":"https:\/\/schoenstatt.com\/de\/die-entstehung-des-bildes-der-pilgermutter\/#primaryimage"},"image":{"@id":"https:\/\/schoenstatt.com\/de\/die-entstehung-des-bildes-der-pilgermutter\/#primaryimage"},"thumbnailUrl":"https:\/\/schoenstatt.com\/wp-content\/uploads\/2022\/09\/Peregrina-Original-1-1.png","datePublished":"2022-09-10T18:32:52+00:00","dateModified":"2025-05-15T20:20:52+00:00","description":"Die Geschichte hinter der Kampagne der Pilgernden Gottesmutter erm\u00f6glicht es, uns vorzustellen, wie Maria die Herzen von Menschen ver\u00e4ndert.","breadcrumb":{"@id":"https:\/\/schoenstatt.com\/de\/die-entstehung-des-bildes-der-pilgermutter\/#breadcrumb"},"inLanguage":"de","potentialAction":[{"@type":"ReadAction","target":["https:\/\/schoenstatt.com\/de\/die-entstehung-des-bildes-der-pilgermutter\/"]}]},{"@type":"ImageObject","inLanguage":"de","@id":"https:\/\/schoenstatt.com\/de\/die-entstehung-des-bildes-der-pilgermutter\/#primaryimage","url":"https:\/\/schoenstatt.com\/wp-content\/uploads\/2022\/09\/Peregrina-Original-1-1.png","contentUrl":"https:\/\/schoenstatt.com\/wp-content\/uploads\/2022\/09\/Peregrina-Original-1-1.png","width":600,"height":386,"caption":"Campaign"},{"@type":"BreadcrumbList","@id":"https:\/\/schoenstatt.com\/de\/die-entstehung-des-bildes-der-pilgermutter\/#breadcrumb","itemListElement":[{"@type":"ListItem","position":1,"name":"Portada","item":"https:\/\/schoenstatt.com\/de\/home\/"},{"@type":"ListItem","position":2,"name":"Die Entstehung des Bildes der Pilgermutter."}]},{"@type":"WebSite","@id":"https:\/\/schoenstatt.com\/de\/#website","url":"https:\/\/schoenstatt.com\/de\/","name":"Schoenstatt","description":"Apostolic Movement","publisher":{"@id":"https:\/\/schoenstatt.com\/de\/#organization"},"potentialAction":[{"@type":"SearchAction","target":{"@type":"EntryPoint","urlTemplate":"https:\/\/schoenstatt.com\/de\/?s={search_term_string}"},"query-input":{"@type":"PropertyValueSpecification","valueRequired":true,"valueName":"search_term_string"}}],"inLanguage":"de"},{"@type":"Organization","@id":"https:\/\/schoenstatt.com\/de\/#organization","name":"Schoenstatt","url":"https:\/\/schoenstatt.com\/de\/","logo":{"@type":"ImageObject","inLanguage":"de","@id":"https:\/\/schoenstatt.com\/de\/#\/schema\/logo\/image\/","url":"https:\/\/schoenstatt.com\/wp-content\/uploads\/2025\/04\/logo-schoenstatt-white-696x696-1.png","contentUrl":"https:\/\/schoenstatt.com\/wp-content\/uploads\/2025\/04\/logo-schoenstatt-white-696x696-1.png","width":696,"height":694,"caption":"Schoenstatt"},"image":{"@id":"https:\/\/schoenstatt.com\/de\/#\/schema\/logo\/image\/"}},{"@type":"Person","@id":"https:\/\/schoenstatt.com\/de\/#\/schema\/person\/489465b1850e7b216fe2c10dfc262551","name":"admin","image":{"@type":"ImageObject","inLanguage":"de","@id":"https:\/\/secure.gravatar.com\/avatar\/02e8345e1ec40ab0e0a2a98fdde64a684bbaf994cddcb778b25b8b024ee9dfe6?s=96&d=mm&r=g","url":"https:\/\/secure.gravatar.com\/avatar\/02e8345e1ec40ab0e0a2a98fdde64a684bbaf994cddcb778b25b8b024ee9dfe6?s=96&d=mm&r=g","contentUrl":"https:\/\/secure.gravatar.com\/avatar\/02e8345e1ec40ab0e0a2a98fdde64a684bbaf994cddcb778b25b8b024ee9dfe6?s=96&d=mm&r=g","caption":"admin"},"sameAs":["https:\/\/schoenstatt.com"],"url":"https:\/\/schoenstatt.com\/de\/author\/admin\/"}]}},"_links":{"self":[{"href":"https:\/\/schoenstatt.com\/de\/wp-json\/wp\/v2\/posts\/50988","targetHints":{"allow":["GET"]}}],"collection":[{"href":"https:\/\/schoenstatt.com\/de\/wp-json\/wp\/v2\/posts"}],"about":[{"href":"https:\/\/schoenstatt.com\/de\/wp-json\/wp\/v2\/types\/post"}],"author":[{"embeddable":true,"href":"https:\/\/schoenstatt.com\/de\/wp-json\/wp\/v2\/users\/1"}],"replies":[{"embeddable":true,"href":"https:\/\/schoenstatt.com\/de\/wp-json\/wp\/v2\/comments?post=50988"}],"version-history":[{"count":1,"href":"https:\/\/schoenstatt.com\/de\/wp-json\/wp\/v2\/posts\/50988\/revisions"}],"predecessor-version":[{"id":51104,"href":"https:\/\/schoenstatt.com\/de\/wp-json\/wp\/v2\/posts\/50988\/revisions\/51104"}],"wp:featuredmedia":[{"embeddable":true,"href":"https:\/\/schoenstatt.com\/de\/wp-json\/wp\/v2\/media\/26820"}],"wp:attachment":[{"href":"https:\/\/schoenstatt.com\/de\/wp-json\/wp\/v2\/media?parent=50988"}],"wp:term":[{"taxonomy":"category","embeddable":true,"href":"https:\/\/schoenstatt.com\/de\/wp-json\/wp\/v2\/categories?post=50988"},{"taxonomy":"post_tag","embeddable":true,"href":"https:\/\/schoenstatt.com\/de\/wp-json\/wp\/v2\/tags?post=50988"}],"curies":[{"name":"wp","href":"https:\/\/api.w.org\/{rel}","templated":true}]}}