{"id":50979,"date":"2022-09-02T15:37:57","date_gmt":"2022-09-02T13:37:57","guid":{"rendered":"https:\/\/schoenstattdev.wpenginepowered.com\/?p=26625"},"modified":"2025-05-15T20:29:08","modified_gmt":"2025-05-15T18:29:08","slug":"gedenkfeier-zum-80-todestag-das-lebenszeugnis-von-franz-reinisch-beeindruckt","status":"publish","type":"post","link":"https:\/\/schoenstatt.com\/de\/gedenkfeier-zum-80-todestag-das-lebenszeugnis-von-franz-reinisch-beeindruckt\/","title":{"rendered":"Gedenkfeier zum 80. Todestag: Das Lebenszeugnis von Franz Reinisch beeindruckt"},"content":{"rendered":"<p>Am Samstag, den 20. August 2022 lud das Franz-Reinisch-Forum zum Gedenken an den 80. Tag der Hinrichtung von Pater Franz Reinisch ins Pilgerhaus und die Pallotti Kirche in Sch\u00f6nstatt ein.<\/p>\n<p>Franz Reinisch war der einzige katholische<a href=\"https:\/\/schoenstattdev.wpenginepowered.com\/de\/spiritualitat\/franz-reinisch-sein-weg-zum-priestertum\/\"> Priester<\/a>, der den Fahneneid auf Hitler verweigerte. S\u00e4ngerinnen und S\u00e4nger des Domchores aus Limburg, unter der Leitung von Christoph Kipping er\u00f6ffnete den ersten Teil der Gedenkfeier.<\/p>\n<p>Durch die unterschiedlichen Perspektiven, aus denen verschiedenste Experten den Entscheidungsweg Reinischs beleuchteten, wurde dessen Leben f\u00fcr die Zuh\u00f6rer lebendig:<\/p>\n<figure id=\"attachment_26621\" aria-describedby=\"caption-attachment-26621\" style=\"width: 300px\" class=\"wp-caption alignleft\"><img fetchpriority=\"high\" decoding=\"async\" class=\"size-medium wp-image-26621\" src=\"https:\/\/schoenstatt.com\/wp-content\/uploads\/2022\/09\/Foto4-1.png\" alt=\"\" width=\"300\" height=\"200\" \/><figcaption id=\"caption-attachment-26621\" class=\"wp-caption-text\">Domkapitular Martin Emge<\/figcaption><\/figure>\n<p>Glaubens- und Berufungsk\u00e4mpfe, ein Mann wie ein \u201eGranitblock\u201c, an dem wie an einem \u201ehochwasserf\u00fchrenden, rauschenden Bergbach die erdbraunen Fluten zerschellen\u201c, ein Priester, der in der Sch\u00f6nstattbewegung eine Form fand, wie er das Apostolat aller Frauen und M\u00e4nner \u2013 nicht nur der Kleriker \u2013 verwirklichen wollte.<\/p>\n<p>Seine letzte Entscheidung zur Verweigerung des Fahneneides f\u00e4llte er in der Gnadenkappelle in Sch\u00f6nstatt. Hier empfing er die Kraft, den schweren Weg zu gehen.<\/p>\n<p>Die Beitr\u00e4ge des Domchores gaben den Teilnehmern immer wieder die Gelegenheit, das gerade geh\u00f6rte auf sich wirken zu lassen. Der Kirchenmusiker Frank Sittel leitete mit seinem einf\u00fchlsamen Orgelspiel von einem Programmpunkt zum n\u00e4chsten \u00fcber.<\/p>\n<figure id=\"attachment_26617\" aria-describedby=\"caption-attachment-26617\" style=\"width: 197px\" class=\"wp-caption alignright\"><img decoding=\"async\" class=\"wp-image-26617 size-medium\" src=\"https:\/\/schoenstatt.com\/wp-content\/uploads\/2022\/09\/Foto3-1.png\" alt=\"\" width=\"197\" height=\"300\" \/><figcaption id=\"caption-attachment-26617\" class=\"wp-caption-text\">Weibischof J\u00f6rg Peters<\/figcaption><\/figure>\n<p>In der sich anschlie\u00dfenden Gedenkfeier am Grab von Franz Reinisch, der der Trierer Weihbischof J\u00f6rg Peters vorstand, erinnerte Pater Niederschlag in einer kurzen Ansprache daran, dass Reinisch seine Entscheidung auch biblisch untermauerte durch die Begebenheit des 12-j\u00e4hrigen Jesus im Tempel, der dort blieb, ohne seien Eltern zu informieren. Er zeigte, dass der Mensch, der im Glauben erwachsen geworden ist, nicht nur das Recht, sondern auch die Pflicht hat, seine Entscheidungen selbst\u00e4ndig zu treffen:\u201eWusstet ihr nicht, dass ich in dem sein muss, was meines Vaters ist.\u201c Der Ruf des Vaters kann zu heftigen Konflikten selbst mit denen f\u00fchren, die ganz nahe sind.<\/p>\n<p>Im \u201eKonzert der Stille\u201c, einem dramatischen Dialog zwischen Reinisch und seiner ehemalige Freundin \u00fcber die Beweggr\u00fcnden seiner Entscheidung, fand der Reinisch-Gedenktag einen beeindruckenden Abschluss.<\/p>\n<p><iframe title=\"Gedenktag zum 80. Todestag von Pater Franz Reinisch\" width=\"800\" height=\"450\" src=\"https:\/\/www.youtube.com\/embed\/souzuwLFEoQ?start=2&#038;feature=oembed\" frameborder=\"0\" allow=\"accelerometer; autoplay; clipboard-write; encrypted-media; gyroscope; picture-in-picture; web-share\" referrerpolicy=\"strict-origin-when-cross-origin\" allowfullscreen><\/iframe><\/p>\n<p>Quelle: <a href=\"https:\/\/www.franz-reinisch.org\/?logout=1\">franz-reinisch.org<\/a><\/p>\n","protected":false},"excerpt":{"rendered":"<p>Am Samstag, den 20. August 2022 lud das Franz-Reinisch-Forum zum Gedenken an den 80. Tag der Hinrichtung von Pater Franz Reinisch ein. Er war der einzige katholische Priester, der den Fahneneid auf Hitler verweigerte. <\/p>\n","protected":false},"author":3,"featured_media":26611,"comment_status":"closed","ping_status":"closed","sticky":false,"template":"","format":"standard","meta":{"footnotes":""},"categories":[886],"tags":[],"class_list":["post-50979","post","type-post","status-publish","format-standard","has-post-thumbnail","hentry","category-schoenstatt-helden-de"],"yoast_head":"<!-- This site is optimized with the Yoast SEO Premium plugin v27.4 (Yoast SEO v27.4) - https:\/\/yoast.com\/product\/yoast-seo-premium-wordpress\/ -->\n<title>Gedenkfeier zum 80. Todestag: Das Lebenszeugnis von Franz Reinisch beeindruckt<\/title>\n<meta name=\"description\" content=\"Am Samstag, den 20. August 2022 lud das Franz-Reinisch-Forum zur Gedenkfeier an den 80. Tag der Hinrichtung von Pater Franz Reinisch ein.\" \/>\n<meta name=\"robots\" content=\"index, follow, max-snippet:-1, max-image-preview:large, max-video-preview:-1\" \/>\n<link rel=\"canonical\" href=\"https:\/\/schoenstatt.com\/de\/gedenkfeier-zum-80-todestag-das-lebenszeugnis-von-franz-reinisch-beeindruckt\/\" \/>\n<meta property=\"og:locale\" content=\"de_DE\" \/>\n<meta property=\"og:type\" content=\"article\" \/>\n<meta property=\"og:title\" content=\"Gedenkfeier zum 80. Todestag: Das Lebenszeugnis von Franz Reinisch beeindruckt\" \/>\n<meta property=\"og:description\" content=\"Am Samstag, den 20. August 2022 lud das Franz-Reinisch-Forum zur Gedenkfeier an den 80. Tag der Hinrichtung von Pater Franz Reinisch ein.\" \/>\n<meta property=\"og:url\" content=\"https:\/\/schoenstatt.com\/de\/gedenkfeier-zum-80-todestag-das-lebenszeugnis-von-franz-reinisch-beeindruckt\/\" \/>\n<meta property=\"og:site_name\" content=\"Schoenstatt\" \/>\n<meta property=\"article:published_time\" content=\"2022-09-02T13:37:57+00:00\" \/>\n<meta property=\"article:modified_time\" content=\"2025-05-15T18:29:08+00:00\" \/>\n<meta property=\"og:image\" content=\"https:\/\/schoenstatt.com\/wp-content\/uploads\/2022\/09\/Foto2-1.png\" \/>\n\t<meta property=\"og:image:width\" content=\"1260\" \/>\n\t<meta property=\"og:image:height\" content=\"828\" \/>\n\t<meta property=\"og:image:type\" content=\"image\/png\" \/>\n<meta name=\"author\" content=\"Karen Bueno\" \/>\n<meta name=\"twitter:card\" content=\"summary_large_image\" \/>\n<meta name=\"twitter:label1\" content=\"Verfasst von\" \/>\n\t<meta name=\"twitter:data1\" content=\"Karen Bueno\" \/>\n\t<meta name=\"twitter:label2\" content=\"Gesch\u00e4tzte Lesezeit\" \/>\n\t<meta name=\"twitter:data2\" content=\"2\u00a0Minuten\" \/>\n<script type=\"application\/ld+json\" class=\"yoast-schema-graph\">{\"@context\":\"https:\\\/\\\/schema.org\",\"@graph\":[{\"@type\":\"Article\",\"@id\":\"https:\\\/\\\/schoenstatt.com\\\/de\\\/gedenkfeier-zum-80-todestag-das-lebenszeugnis-von-franz-reinisch-beeindruckt\\\/#article\",\"isPartOf\":{\"@id\":\"https:\\\/\\\/schoenstatt.com\\\/de\\\/gedenkfeier-zum-80-todestag-das-lebenszeugnis-von-franz-reinisch-beeindruckt\\\/\"},\"author\":{\"name\":\"Karen Bueno\",\"@id\":\"https:\\\/\\\/schoenstatt.com\\\/de\\\/#\\\/schema\\\/person\\\/5158877ad4acae98b34daaeef2a1ce6e\"},\"headline\":\"Gedenkfeier zum 80. Todestag: Das Lebenszeugnis von Franz Reinisch beeindruckt\",\"datePublished\":\"2022-09-02T13:37:57+00:00\",\"dateModified\":\"2025-05-15T18:29:08+00:00\",\"mainEntityOfPage\":{\"@id\":\"https:\\\/\\\/schoenstatt.com\\\/de\\\/gedenkfeier-zum-80-todestag-das-lebenszeugnis-von-franz-reinisch-beeindruckt\\\/\"},\"wordCount\":370,\"publisher\":{\"@id\":\"https:\\\/\\\/schoenstatt.com\\\/de\\\/#organization\"},\"image\":{\"@id\":\"https:\\\/\\\/schoenstatt.com\\\/de\\\/gedenkfeier-zum-80-todestag-das-lebenszeugnis-von-franz-reinisch-beeindruckt\\\/#primaryimage\"},\"thumbnailUrl\":\"https:\\\/\\\/schoenstatt.com\\\/wp-content\\\/uploads\\\/2022\\\/09\\\/Foto2-1.png\",\"articleSection\":[\"Schoenstatt Helden\"],\"inLanguage\":\"de\"},{\"@type\":\"WebPage\",\"@id\":\"https:\\\/\\\/schoenstatt.com\\\/de\\\/gedenkfeier-zum-80-todestag-das-lebenszeugnis-von-franz-reinisch-beeindruckt\\\/\",\"url\":\"https:\\\/\\\/schoenstatt.com\\\/de\\\/gedenkfeier-zum-80-todestag-das-lebenszeugnis-von-franz-reinisch-beeindruckt\\\/\",\"name\":\"Gedenkfeier zum 80. Todestag: Das Lebenszeugnis von Franz Reinisch beeindruckt\",\"isPartOf\":{\"@id\":\"https:\\\/\\\/schoenstatt.com\\\/de\\\/#website\"},\"primaryImageOfPage\":{\"@id\":\"https:\\\/\\\/schoenstatt.com\\\/de\\\/gedenkfeier-zum-80-todestag-das-lebenszeugnis-von-franz-reinisch-beeindruckt\\\/#primaryimage\"},\"image\":{\"@id\":\"https:\\\/\\\/schoenstatt.com\\\/de\\\/gedenkfeier-zum-80-todestag-das-lebenszeugnis-von-franz-reinisch-beeindruckt\\\/#primaryimage\"},\"thumbnailUrl\":\"https:\\\/\\\/schoenstatt.com\\\/wp-content\\\/uploads\\\/2022\\\/09\\\/Foto2-1.png\",\"datePublished\":\"2022-09-02T13:37:57+00:00\",\"dateModified\":\"2025-05-15T18:29:08+00:00\",\"description\":\"Am Samstag, den 20. August 2022 lud das Franz-Reinisch-Forum zur Gedenkfeier an den 80. Tag der Hinrichtung von Pater Franz Reinisch ein.\",\"breadcrumb\":{\"@id\":\"https:\\\/\\\/schoenstatt.com\\\/de\\\/gedenkfeier-zum-80-todestag-das-lebenszeugnis-von-franz-reinisch-beeindruckt\\\/#breadcrumb\"},\"inLanguage\":\"de\",\"potentialAction\":[{\"@type\":\"ReadAction\",\"target\":[\"https:\\\/\\\/schoenstatt.com\\\/de\\\/gedenkfeier-zum-80-todestag-das-lebenszeugnis-von-franz-reinisch-beeindruckt\\\/\"]}]},{\"@type\":\"ImageObject\",\"inLanguage\":\"de\",\"@id\":\"https:\\\/\\\/schoenstatt.com\\\/de\\\/gedenkfeier-zum-80-todestag-das-lebenszeugnis-von-franz-reinisch-beeindruckt\\\/#primaryimage\",\"url\":\"https:\\\/\\\/schoenstatt.com\\\/wp-content\\\/uploads\\\/2022\\\/09\\\/Foto2-1.png\",\"contentUrl\":\"https:\\\/\\\/schoenstatt.com\\\/wp-content\\\/uploads\\\/2022\\\/09\\\/Foto2-1.png\",\"width\":1260,\"height\":828,\"caption\":\"80 a\u00f1os\"},{\"@type\":\"BreadcrumbList\",\"@id\":\"https:\\\/\\\/schoenstatt.com\\\/de\\\/gedenkfeier-zum-80-todestag-das-lebenszeugnis-von-franz-reinisch-beeindruckt\\\/#breadcrumb\",\"itemListElement\":[{\"@type\":\"ListItem\",\"position\":1,\"name\":\"Portada\",\"item\":\"https:\\\/\\\/schoenstatt.com\\\/de\\\/home\\\/\"},{\"@type\":\"ListItem\",\"position\":2,\"name\":\"Gedenkfeier zum 80. Todestag: Das Lebenszeugnis von Franz Reinisch beeindruckt\"}]},{\"@type\":\"WebSite\",\"@id\":\"https:\\\/\\\/schoenstatt.com\\\/de\\\/#website\",\"url\":\"https:\\\/\\\/schoenstatt.com\\\/de\\\/\",\"name\":\"Schoenstatt\",\"description\":\"Apostolic Movement\",\"publisher\":{\"@id\":\"https:\\\/\\\/schoenstatt.com\\\/de\\\/#organization\"},\"potentialAction\":[{\"@type\":\"SearchAction\",\"target\":{\"@type\":\"EntryPoint\",\"urlTemplate\":\"https:\\\/\\\/schoenstatt.com\\\/de\\\/?s={search_term_string}\"},\"query-input\":{\"@type\":\"PropertyValueSpecification\",\"valueRequired\":true,\"valueName\":\"search_term_string\"}}],\"inLanguage\":\"de\"},{\"@type\":\"Organization\",\"@id\":\"https:\\\/\\\/schoenstatt.com\\\/de\\\/#organization\",\"name\":\"Schoenstatt\",\"url\":\"https:\\\/\\\/schoenstatt.com\\\/de\\\/\",\"logo\":{\"@type\":\"ImageObject\",\"inLanguage\":\"de\",\"@id\":\"https:\\\/\\\/schoenstatt.com\\\/de\\\/#\\\/schema\\\/logo\\\/image\\\/\",\"url\":\"https:\\\/\\\/schoenstatt.com\\\/wp-content\\\/uploads\\\/2025\\\/04\\\/logo-schoenstatt-white-696x696-1.png\",\"contentUrl\":\"https:\\\/\\\/schoenstatt.com\\\/wp-content\\\/uploads\\\/2025\\\/04\\\/logo-schoenstatt-white-696x696-1.png\",\"width\":696,\"height\":694,\"caption\":\"Schoenstatt\"},\"image\":{\"@id\":\"https:\\\/\\\/schoenstatt.com\\\/de\\\/#\\\/schema\\\/logo\\\/image\\\/\"}},{\"@type\":\"Person\",\"@id\":\"https:\\\/\\\/schoenstatt.com\\\/de\\\/#\\\/schema\\\/person\\\/5158877ad4acae98b34daaeef2a1ce6e\",\"name\":\"Karen Bueno\",\"image\":{\"@type\":\"ImageObject\",\"inLanguage\":\"de\",\"@id\":\"https:\\\/\\\/secure.gravatar.com\\\/avatar\\\/f9f4b823873154269d2b2130f195f6d41037dd0d7fc5f3cacb5c846bae70d66b?s=96&d=mm&r=g\",\"url\":\"https:\\\/\\\/secure.gravatar.com\\\/avatar\\\/f9f4b823873154269d2b2130f195f6d41037dd0d7fc5f3cacb5c846bae70d66b?s=96&d=mm&r=g\",\"contentUrl\":\"https:\\\/\\\/secure.gravatar.com\\\/avatar\\\/f9f4b823873154269d2b2130f195f6d41037dd0d7fc5f3cacb5c846bae70d66b?s=96&d=mm&r=g\",\"caption\":\"Karen Bueno\"},\"url\":\"https:\\\/\\\/schoenstatt.com\\\/de\\\/author\\\/karen-bueno\\\/\"}]}<\/script>\n<!-- \/ Yoast SEO Premium plugin. -->","yoast_head_json":{"title":"Gedenkfeier zum 80. Todestag: Das Lebenszeugnis von Franz Reinisch beeindruckt","description":"Am Samstag, den 20. August 2022 lud das Franz-Reinisch-Forum zur Gedenkfeier an den 80. Tag der Hinrichtung von Pater Franz Reinisch ein.","robots":{"index":"index","follow":"follow","max-snippet":"max-snippet:-1","max-image-preview":"max-image-preview:large","max-video-preview":"max-video-preview:-1"},"canonical":"https:\/\/schoenstatt.com\/de\/gedenkfeier-zum-80-todestag-das-lebenszeugnis-von-franz-reinisch-beeindruckt\/","og_locale":"de_DE","og_type":"article","og_title":"Gedenkfeier zum 80. Todestag: Das Lebenszeugnis von Franz Reinisch beeindruckt","og_description":"Am Samstag, den 20. August 2022 lud das Franz-Reinisch-Forum zur Gedenkfeier an den 80. Tag der Hinrichtung von Pater Franz Reinisch ein.","og_url":"https:\/\/schoenstatt.com\/de\/gedenkfeier-zum-80-todestag-das-lebenszeugnis-von-franz-reinisch-beeindruckt\/","og_site_name":"Schoenstatt","article_published_time":"2022-09-02T13:37:57+00:00","article_modified_time":"2025-05-15T18:29:08+00:00","og_image":[{"width":1260,"height":828,"url":"https:\/\/schoenstatt.com\/wp-content\/uploads\/2022\/09\/Foto2-1.png","type":"image\/png"}],"author":"Karen Bueno","twitter_card":"summary_large_image","twitter_misc":{"Verfasst von":"Karen Bueno","Gesch\u00e4tzte Lesezeit":"2\u00a0Minuten"},"schema":{"@context":"https:\/\/schema.org","@graph":[{"@type":"Article","@id":"https:\/\/schoenstatt.com\/de\/gedenkfeier-zum-80-todestag-das-lebenszeugnis-von-franz-reinisch-beeindruckt\/#article","isPartOf":{"@id":"https:\/\/schoenstatt.com\/de\/gedenkfeier-zum-80-todestag-das-lebenszeugnis-von-franz-reinisch-beeindruckt\/"},"author":{"name":"Karen Bueno","@id":"https:\/\/schoenstatt.com\/de\/#\/schema\/person\/5158877ad4acae98b34daaeef2a1ce6e"},"headline":"Gedenkfeier zum 80. Todestag: Das Lebenszeugnis von Franz Reinisch beeindruckt","datePublished":"2022-09-02T13:37:57+00:00","dateModified":"2025-05-15T18:29:08+00:00","mainEntityOfPage":{"@id":"https:\/\/schoenstatt.com\/de\/gedenkfeier-zum-80-todestag-das-lebenszeugnis-von-franz-reinisch-beeindruckt\/"},"wordCount":370,"publisher":{"@id":"https:\/\/schoenstatt.com\/de\/#organization"},"image":{"@id":"https:\/\/schoenstatt.com\/de\/gedenkfeier-zum-80-todestag-das-lebenszeugnis-von-franz-reinisch-beeindruckt\/#primaryimage"},"thumbnailUrl":"https:\/\/schoenstatt.com\/wp-content\/uploads\/2022\/09\/Foto2-1.png","articleSection":["Schoenstatt Helden"],"inLanguage":"de"},{"@type":"WebPage","@id":"https:\/\/schoenstatt.com\/de\/gedenkfeier-zum-80-todestag-das-lebenszeugnis-von-franz-reinisch-beeindruckt\/","url":"https:\/\/schoenstatt.com\/de\/gedenkfeier-zum-80-todestag-das-lebenszeugnis-von-franz-reinisch-beeindruckt\/","name":"Gedenkfeier zum 80. Todestag: Das Lebenszeugnis von Franz Reinisch beeindruckt","isPartOf":{"@id":"https:\/\/schoenstatt.com\/de\/#website"},"primaryImageOfPage":{"@id":"https:\/\/schoenstatt.com\/de\/gedenkfeier-zum-80-todestag-das-lebenszeugnis-von-franz-reinisch-beeindruckt\/#primaryimage"},"image":{"@id":"https:\/\/schoenstatt.com\/de\/gedenkfeier-zum-80-todestag-das-lebenszeugnis-von-franz-reinisch-beeindruckt\/#primaryimage"},"thumbnailUrl":"https:\/\/schoenstatt.com\/wp-content\/uploads\/2022\/09\/Foto2-1.png","datePublished":"2022-09-02T13:37:57+00:00","dateModified":"2025-05-15T18:29:08+00:00","description":"Am Samstag, den 20. August 2022 lud das Franz-Reinisch-Forum zur Gedenkfeier an den 80. Tag der Hinrichtung von Pater Franz Reinisch ein.","breadcrumb":{"@id":"https:\/\/schoenstatt.com\/de\/gedenkfeier-zum-80-todestag-das-lebenszeugnis-von-franz-reinisch-beeindruckt\/#breadcrumb"},"inLanguage":"de","potentialAction":[{"@type":"ReadAction","target":["https:\/\/schoenstatt.com\/de\/gedenkfeier-zum-80-todestag-das-lebenszeugnis-von-franz-reinisch-beeindruckt\/"]}]},{"@type":"ImageObject","inLanguage":"de","@id":"https:\/\/schoenstatt.com\/de\/gedenkfeier-zum-80-todestag-das-lebenszeugnis-von-franz-reinisch-beeindruckt\/#primaryimage","url":"https:\/\/schoenstatt.com\/wp-content\/uploads\/2022\/09\/Foto2-1.png","contentUrl":"https:\/\/schoenstatt.com\/wp-content\/uploads\/2022\/09\/Foto2-1.png","width":1260,"height":828,"caption":"80 a\u00f1os"},{"@type":"BreadcrumbList","@id":"https:\/\/schoenstatt.com\/de\/gedenkfeier-zum-80-todestag-das-lebenszeugnis-von-franz-reinisch-beeindruckt\/#breadcrumb","itemListElement":[{"@type":"ListItem","position":1,"name":"Portada","item":"https:\/\/schoenstatt.com\/de\/home\/"},{"@type":"ListItem","position":2,"name":"Gedenkfeier zum 80. Todestag: Das Lebenszeugnis von Franz Reinisch beeindruckt"}]},{"@type":"WebSite","@id":"https:\/\/schoenstatt.com\/de\/#website","url":"https:\/\/schoenstatt.com\/de\/","name":"Schoenstatt","description":"Apostolic Movement","publisher":{"@id":"https:\/\/schoenstatt.com\/de\/#organization"},"potentialAction":[{"@type":"SearchAction","target":{"@type":"EntryPoint","urlTemplate":"https:\/\/schoenstatt.com\/de\/?s={search_term_string}"},"query-input":{"@type":"PropertyValueSpecification","valueRequired":true,"valueName":"search_term_string"}}],"inLanguage":"de"},{"@type":"Organization","@id":"https:\/\/schoenstatt.com\/de\/#organization","name":"Schoenstatt","url":"https:\/\/schoenstatt.com\/de\/","logo":{"@type":"ImageObject","inLanguage":"de","@id":"https:\/\/schoenstatt.com\/de\/#\/schema\/logo\/image\/","url":"https:\/\/schoenstatt.com\/wp-content\/uploads\/2025\/04\/logo-schoenstatt-white-696x696-1.png","contentUrl":"https:\/\/schoenstatt.com\/wp-content\/uploads\/2025\/04\/logo-schoenstatt-white-696x696-1.png","width":696,"height":694,"caption":"Schoenstatt"},"image":{"@id":"https:\/\/schoenstatt.com\/de\/#\/schema\/logo\/image\/"}},{"@type":"Person","@id":"https:\/\/schoenstatt.com\/de\/#\/schema\/person\/5158877ad4acae98b34daaeef2a1ce6e","name":"Karen Bueno","image":{"@type":"ImageObject","inLanguage":"de","@id":"https:\/\/secure.gravatar.com\/avatar\/f9f4b823873154269d2b2130f195f6d41037dd0d7fc5f3cacb5c846bae70d66b?s=96&d=mm&r=g","url":"https:\/\/secure.gravatar.com\/avatar\/f9f4b823873154269d2b2130f195f6d41037dd0d7fc5f3cacb5c846bae70d66b?s=96&d=mm&r=g","contentUrl":"https:\/\/secure.gravatar.com\/avatar\/f9f4b823873154269d2b2130f195f6d41037dd0d7fc5f3cacb5c846bae70d66b?s=96&d=mm&r=g","caption":"Karen Bueno"},"url":"https:\/\/schoenstatt.com\/de\/author\/karen-bueno\/"}]}},"_links":{"self":[{"href":"https:\/\/schoenstatt.com\/de\/wp-json\/wp\/v2\/posts\/50979","targetHints":{"allow":["GET"]}}],"collection":[{"href":"https:\/\/schoenstatt.com\/de\/wp-json\/wp\/v2\/posts"}],"about":[{"href":"https:\/\/schoenstatt.com\/de\/wp-json\/wp\/v2\/types\/post"}],"author":[{"embeddable":true,"href":"https:\/\/schoenstatt.com\/de\/wp-json\/wp\/v2\/users\/3"}],"replies":[{"embeddable":true,"href":"https:\/\/schoenstatt.com\/de\/wp-json\/wp\/v2\/comments?post=50979"}],"version-history":[{"count":2,"href":"https:\/\/schoenstatt.com\/de\/wp-json\/wp\/v2\/posts\/50979\/revisions"}],"predecessor-version":[{"id":55531,"href":"https:\/\/schoenstatt.com\/de\/wp-json\/wp\/v2\/posts\/50979\/revisions\/55531"}],"wp:featuredmedia":[{"embeddable":true,"href":"https:\/\/schoenstatt.com\/de\/wp-json\/wp\/v2\/media\/26611"}],"wp:attachment":[{"href":"https:\/\/schoenstatt.com\/de\/wp-json\/wp\/v2\/media?parent=50979"}],"wp:term":[{"taxonomy":"category","embeddable":true,"href":"https:\/\/schoenstatt.com\/de\/wp-json\/wp\/v2\/categories?post=50979"},{"taxonomy":"post_tag","embeddable":true,"href":"https:\/\/schoenstatt.com\/de\/wp-json\/wp\/v2\/tags?post=50979"}],"curies":[{"name":"wp","href":"https:\/\/api.w.org\/{rel}","templated":true}]}}