{"id":50535,"date":"2022-11-11T11:27:42","date_gmt":"2022-11-11T10:27:42","guid":{"rendered":"https:\/\/schoenstattdev.wpenginepowered.com\/?p=27791"},"modified":"2025-05-15T22:20:01","modified_gmt":"2025-05-15T20:20:01","slug":"gedenken-an-den-kz-haeftling-p-albert-eise-sac","status":"publish","type":"post","link":"https:\/\/schoenstatt.com\/de\/gedenken-an-den-kz-haeftling-p-albert-eise-sac\/","title":{"rendered":"Gedenken an den KZ-H\u00e4ftling P. Albert Eise SAC"},"content":{"rendered":"<p>Nachdem am 3. September, dem Todestag von Pater Albert Eise, eine Veranstaltung in der KZ-Gedenkst\u00e4tte Dachau Zuspruch gefunden hatte, fand am Samstag, 5.11., auf Anfrage weiterer Interessenten ein zweites Angebot statt. 15 Personen verschiedenen Alters und verschiedener Nationalit\u00e4t \u2013 darunter eine Reihe Sch\u00f6nst\u00e4tter \u2013 fanden sich trotz Nieselregen und k\u00fchlem Wetter zum Rundgang durch das Lager ein.<\/p>\n<p>Ihr Interesse galt dem Priester, der wegen seines Einsatzes f\u00fcr die Sch\u00f6nstattbewegung und seinem offenen Bekenntnis gegen Hitler 1941 ins KZ Dachau eingeliefert worden war \u2013 im Umkreis seines Namenstages.<\/p>\n<p>Beim Rundgang an verschiedene Stationen in der KZ-Gedenkst\u00e4tte konnten die Anwesenden der Pers\u00f6nlichkeit Albert Eises n\u00e4herkommen:<\/p>\n<figure id=\"attachment_27720\" aria-describedby=\"caption-attachment-27720\" style=\"width: 1024px\" class=\"wp-caption aligncenter\"><img fetchpriority=\"high\" decoding=\"async\" class=\"wp-image-27720 size-full\" src=\"https:\/\/schoenstatt.com\/wp-content\/uploads\/2022\/11\/Dachau-1-1.jpg\" alt=\"Albert Eise\" width=\"1024\" height=\"768\" \/><figcaption id=\"caption-attachment-27720\" class=\"wp-caption-text\">Infotafel &#8211; Photo Paffenzeller<\/figcaption><\/figure>\n<h3>Einsatz f\u00fcr Sch\u00f6nstatt bis zum Letzten<\/h3>\n<p>Schon als Jugendlicher hatte er f\u00fcr Sch\u00f6nstatt Feuer gefangen. Er geh\u00f6rte zur Gr\u00fcndergeneration der jungen Bewegung und war sp\u00e4ter als Pallottiner f\u00fcr die Arbeit in der Sch\u00f6nstattbewegung freigestellt. Pater Kentenich hatte ihn 1931 mit dem Aufbau einer Familienbewegung innerhalb Sch\u00f6nstatts beauftragt. Zugleich arbeitete er als Volksmissionar und in der Studentinnenbewegung Sch\u00f6nstatts. Ein Vortrag dort, bei dem er bespitzelt wurde, wurde ihm zum Verh\u00e4ngnis.<\/p>\n<p>Aber auch im KZ Dachau war er weiter f\u00fcr Sch\u00f6nstatt t\u00e4tig. So wurde er Zeuge der Gr\u00fcndungen, die Pater Kentenich am 16.7. im KZ vornahm: das Institut der Familien und der Marienbr\u00fcder. Albert Eise hatte f\u00fcr die Gr\u00fcndungsfeier getarnt hinter Strohs\u00e4cken ein kleines Alt\u00e4rchen auf seinem wei\u00dfen Taschentuch errichtet. Ein MTA-Bildchen und Kerzen fehlten nicht. Das Allerheiligste war in einem kleinen Gef\u00e4\u00df dabei. Die kl. Andacht hatte er zusammengestellt. In gewissem Sinn konnte er auf diese Weise seinen Auftrag, den Aufbau der Familienbewegung, hier erf\u00fcllen.<\/p>\n<blockquote><p>\u00a0Das Samenkorn, unter widrigen Umst\u00e4nden im KZ ausgestreut, ging nicht unter! Heute sind beide Gemeinschaften international verbreitet.<\/p><\/blockquote>\n<p>Albert Eise arbeitete im KZ nicht nur f\u00fcr Sch\u00f6nstatt \u2013 er bot sein Leben und die Leiden als H\u00e4ftling an f\u00fcr das Wachsen der Bewegung. Der Himmel nahm ihn ernst. Er erkrankte an\u00a0 Hungertyphus. Nach Wochen des Leidens unter den schlimmen Verh\u00e4ltnissen im Krankenrevier ist er am 3.9.42 erb\u00e4rmlich gestorben. Dem Marienbruder Dr. Edi Pesendorfer ist es zu verdanken, dass er wenigstens noch in eine bessere Krankenstube verlegt wurde. Pesendorfer war Oberpfleger in der chirurgischen Abteilung und hatte gro\u00dfen Einfluss. So konnte er auch vermitteln, dass P. Fischer, der ebenfalls im Krankenrevier war, sich aber schon auf dem Weg der Genesung befand, Pater Eise heimlich die Krankensalbung spenden konnte.<\/p>\n<figure id=\"attachment_27783\" aria-describedby=\"caption-attachment-27783\" style=\"width: 714px\" class=\"wp-caption aligncenter\"><img decoding=\"async\" class=\"wp-image-27783 size-full\" src=\"https:\/\/schoenstatt.com\/wp-content\/uploads\/2022\/11\/Pater-Eise-2-1.png\" alt=\"\" width=\"714\" height=\"470\" \/><figcaption id=\"caption-attachment-27783\" class=\"wp-caption-text\">Google picture<\/figcaption><\/figure>\n<h3>Ein Zeugnis, das heute aktuell ist<\/h3>\n<p>Die Echos Einzelner beim Rundgang zeigten: Das Zeugnis Albert Eises ist aktuell. Er kann uns f\u00fcr unser christliches Zeugnis in der heutigen Zeit inspirieren. Die Worte auf der Mauer des Mahnmals, vor dem sich die Gruppe versammelte, sind wie eine Zusammenfassung dessen, was dieser Rundgang vermittelt hat:<\/p>\n<blockquote><p>\u201eM\u00f6ge das Vorbild derer, die hier von 1933 bis 1945 wegen ihres Kampfes gegen die Nationalsozialisten ihr Leben lie\u00dfen, die Lebenden vereinen zur Verteidigung des Friedens und der Freiheit und in Ehrfurcht vor der W\u00fcrde des Menschen.\u201c<\/p><\/blockquote>\n<figure id=\"attachment_27787\" aria-describedby=\"caption-attachment-27787\" style=\"width: 682px\" class=\"wp-caption aligncenter\"><img decoding=\"async\" class=\"wp-image-27787 size-full\" src=\"https:\/\/schoenstatt.com\/wp-content\/uploads\/2022\/11\/Pater-Eise-Dachau-1.png\" alt=\"Albert Eise\" width=\"682\" height=\"348\" \/><figcaption id=\"caption-attachment-27787\" class=\"wp-caption-text\">Google picture<\/figcaption><\/figure>\n<h3>Der Hoffnung Raum geben<\/h3>\n<p>Den Abschluss des Nachmittags bildete eine Marienmesse in der Kirche des Karmel. Entsprechend dem Messformular \u201eMutter der Hoffnung\u201c stellte der Zelebrant P. Helmut M\u00fcller, M\u00fcnchen in seiner Predigt dar, wie Maria, die so viel durchgetragen und gelitten hat auch uns Hoffnung schenken kann, besonders angesichts des vielen Leids, der Kriege in der Welt.<\/p>\n<p>Auch heute kann Wandlung geschehen, wie damals in Kana. Wenn wir unser \u201eWasser\u201c &#8211; unsre kleinen Beitr\u00e4ge &#8211; schenken, kann Jesus \u201eWein\u201c daraus machen. Er betonte wie wichtig und wertvoll das menschliche Miteinander sei: Ein gutes Wort, ein freundlicher, mitf\u00fchlender Blick. Jedes Gespr\u00e4ch hinterl\u00e4sst Spuren.<\/p>\n<p>Damals war es \u00dcberlebenshilfe f\u00fcr H\u00e4ftlinge. Er wies auf die Lagermadonna hin. Wieviel Trost und Hoffnung m\u00f6gen H\u00e4ftlinge auch durch diese schlichte Marienfigur erfahren haben. 1943 wurde sie vom Sudetenland heimlich ins Lager transportiert.<\/p>\n<blockquote><p>Hoffnungsvoll ist auch die Zusage von P. Eise: \u201eWenn ich nicht mehr lebe und in der Ewigkeit bin und Sie gro\u00dfe Schwierigkeiten haben, wenn Sie nicht wissen, wie Sie entscheiden sollen, dann rufen Sie mich an, ich helfe Ihnen.\u201c<\/p><\/blockquote>\n<blockquote>\n<figure id=\"attachment_27724\" aria-describedby=\"caption-attachment-27724\" style=\"width: 1024px\" class=\"wp-caption aligncenter\"><img loading=\"lazy\" decoding=\"async\" class=\"wp-image-27724 size-full\" src=\"https:\/\/schoenstatt.com\/wp-content\/uploads\/2022\/11\/Dachau-2-1.jpg\" alt=\"\" width=\"1024\" height=\"679\" \/><figcaption id=\"caption-attachment-27724\" class=\"wp-caption-text\">Gedenkraum &#8211; Photo Paffenzeller<\/figcaption><\/figure><\/blockquote>\n<p>Wer sich mehr f\u00fcr Albert Eise interessiert, am 16. und 20. November gibt es zu seinem Leben ein online Angebot.<\/p>\n<p><em><strong>Online Angebot:\u00a0<\/strong><\/em><br \/>\nLebensbild P. Albert Eise &#8211; \u201eein Herold Mariens\u201c (Eugen Schmidt)<br \/>\nMittwoch, 16.11. 20.00 Uhr, Sonntag, 20.11., 16 Uhr:<br \/>\nSr. M. Elinor Grimm, Referentin KZ Gedenkst\u00e4tte Dachau, und Team<\/p>\n<p>Link f\u00fcr den Zoom-Zugang: <a href=\"https:\/\/us06web.zoom.us\/j\/84145308337?pwd=UjhRc0dVKzdDWUlHMUNoUDZaZ1Y5dz09\">https:\/\/us06web.zoom.us\/j\/84145308337?pwd=UjhRc0dVKzdDWUlHMUNoUDZaZ1Y5dz09<\/a><\/p>\n","protected":false},"excerpt":{"rendered":"<p>Sch\u00f6nstatt-Pilger versammelten sich im Konzentrationslager Dachau, um Pater Albert Eise 80 Jahre nach seinem Ableben in diesem Lager zu gedenken und ihn als Beispiel f\u00fcr die bedingungslose Hingabe an die christlichen Werte und die Sendung der Sch\u00f6nstatt-Bewegung vorzustellen.<\/p>\n","protected":false},"author":1,"featured_media":27779,"comment_status":"closed","ping_status":"closed","sticky":false,"template":"","format":"standard","meta":{"footnotes":""},"categories":[886,914],"tags":[],"class_list":["post-50535","post","type-post","status-publish","format-standard","has-post-thumbnail","hentry","category-schoenstatt-helden-de","category-spiritualitat-de"],"yoast_head":"<!-- This site is optimized with the Yoast SEO Premium plugin v27.4 (Yoast SEO v27.4) - https:\/\/yoast.com\/product\/yoast-seo-premium-wordpress\/ -->\n<title>Gedenken an den KZ-H\u00e4ftling P. Albert Eise SAC - Schoenstatt<\/title>\n<meta name=\"description\" content=\"P. Albert Eise Todestag, der im Konzentrationslager Dachau gestorben ist. Er gab sein Leben f\u00fcr die Mission Sch\u00f6nstatts.\" \/>\n<meta name=\"robots\" content=\"index, follow, max-snippet:-1, max-image-preview:large, max-video-preview:-1\" \/>\n<link rel=\"canonical\" href=\"https:\/\/schoenstatt.com\/de\/gedenken-an-den-kz-haeftling-p-albert-eise-sac\/\" \/>\n<meta property=\"og:locale\" content=\"de_DE\" \/>\n<meta property=\"og:type\" content=\"article\" \/>\n<meta property=\"og:title\" content=\"Gedenken an den KZ-H\u00e4ftling P. Albert Eise SAC\" \/>\n<meta property=\"og:description\" content=\"P. Albert Eise Todestag, der im Konzentrationslager Dachau gestorben ist. Er gab sein Leben f\u00fcr die Mission Sch\u00f6nstatts.\" \/>\n<meta property=\"og:url\" content=\"https:\/\/schoenstatt.com\/de\/gedenken-an-den-kz-haeftling-p-albert-eise-sac\/\" \/>\n<meta property=\"og:site_name\" content=\"Schoenstatt\" \/>\n<meta property=\"article:published_time\" content=\"2022-11-11T10:27:42+00:00\" \/>\n<meta property=\"article:modified_time\" content=\"2025-05-15T20:20:01+00:00\" \/>\n<meta property=\"og:image\" content=\"https:\/\/schoenstatt.com\/wp-content\/uploads\/2022\/11\/Dachau-1.png\" \/>\n\t<meta property=\"og:image:width\" content=\"793\" \/>\n\t<meta property=\"og:image:height\" content=\"545\" \/>\n\t<meta property=\"og:image:type\" content=\"image\/png\" \/>\n<meta name=\"author\" content=\"admin\" \/>\n<meta name=\"twitter:card\" content=\"summary_large_image\" \/>\n<meta name=\"twitter:label1\" content=\"Verfasst von\" \/>\n\t<meta name=\"twitter:data1\" content=\"admin\" \/>\n\t<meta name=\"twitter:label2\" content=\"Gesch\u00e4tzte Lesezeit\" \/>\n\t<meta name=\"twitter:data2\" content=\"4\u00a0Minuten\" \/>\n<script type=\"application\/ld+json\" class=\"yoast-schema-graph\">{\"@context\":\"https:\\\/\\\/schema.org\",\"@graph\":[{\"@type\":\"Article\",\"@id\":\"https:\\\/\\\/schoenstatt.com\\\/de\\\/gedenken-an-den-kz-haeftling-p-albert-eise-sac\\\/#article\",\"isPartOf\":{\"@id\":\"https:\\\/\\\/schoenstatt.com\\\/de\\\/gedenken-an-den-kz-haeftling-p-albert-eise-sac\\\/\"},\"author\":{\"name\":\"admin\",\"@id\":\"https:\\\/\\\/schoenstatt.com\\\/de\\\/#\\\/schema\\\/person\\\/489465b1850e7b216fe2c10dfc262551\"},\"headline\":\"Gedenken an den KZ-H\u00e4ftling P. Albert Eise SAC\",\"datePublished\":\"2022-11-11T10:27:42+00:00\",\"dateModified\":\"2025-05-15T20:20:01+00:00\",\"mainEntityOfPage\":{\"@id\":\"https:\\\/\\\/schoenstatt.com\\\/de\\\/gedenken-an-den-kz-haeftling-p-albert-eise-sac\\\/\"},\"wordCount\":801,\"publisher\":{\"@id\":\"https:\\\/\\\/schoenstatt.com\\\/de\\\/#organization\"},\"image\":{\"@id\":\"https:\\\/\\\/schoenstatt.com\\\/de\\\/gedenken-an-den-kz-haeftling-p-albert-eise-sac\\\/#primaryimage\"},\"thumbnailUrl\":\"https:\\\/\\\/schoenstatt.com\\\/wp-content\\\/uploads\\\/2022\\\/11\\\/Dachau-1.png\",\"articleSection\":[\"Schoenstatt Helden\",\"Spiritualit\u00e4t\"],\"inLanguage\":\"de\"},{\"@type\":\"WebPage\",\"@id\":\"https:\\\/\\\/schoenstatt.com\\\/de\\\/gedenken-an-den-kz-haeftling-p-albert-eise-sac\\\/\",\"url\":\"https:\\\/\\\/schoenstatt.com\\\/de\\\/gedenken-an-den-kz-haeftling-p-albert-eise-sac\\\/\",\"name\":\"Gedenken an den KZ-H\u00e4ftling P. Albert Eise SAC - Schoenstatt\",\"isPartOf\":{\"@id\":\"https:\\\/\\\/schoenstatt.com\\\/de\\\/#website\"},\"primaryImageOfPage\":{\"@id\":\"https:\\\/\\\/schoenstatt.com\\\/de\\\/gedenken-an-den-kz-haeftling-p-albert-eise-sac\\\/#primaryimage\"},\"image\":{\"@id\":\"https:\\\/\\\/schoenstatt.com\\\/de\\\/gedenken-an-den-kz-haeftling-p-albert-eise-sac\\\/#primaryimage\"},\"thumbnailUrl\":\"https:\\\/\\\/schoenstatt.com\\\/wp-content\\\/uploads\\\/2022\\\/11\\\/Dachau-1.png\",\"datePublished\":\"2022-11-11T10:27:42+00:00\",\"dateModified\":\"2025-05-15T20:20:01+00:00\",\"description\":\"P. Albert Eise Todestag, der im Konzentrationslager Dachau gestorben ist. Er gab sein Leben f\u00fcr die Mission Sch\u00f6nstatts.\",\"breadcrumb\":{\"@id\":\"https:\\\/\\\/schoenstatt.com\\\/de\\\/gedenken-an-den-kz-haeftling-p-albert-eise-sac\\\/#breadcrumb\"},\"inLanguage\":\"de\",\"potentialAction\":[{\"@type\":\"ReadAction\",\"target\":[\"https:\\\/\\\/schoenstatt.com\\\/de\\\/gedenken-an-den-kz-haeftling-p-albert-eise-sac\\\/\"]}]},{\"@type\":\"ImageObject\",\"inLanguage\":\"de\",\"@id\":\"https:\\\/\\\/schoenstatt.com\\\/de\\\/gedenken-an-den-kz-haeftling-p-albert-eise-sac\\\/#primaryimage\",\"url\":\"https:\\\/\\\/schoenstatt.com\\\/wp-content\\\/uploads\\\/2022\\\/11\\\/Dachau-1.png\",\"contentUrl\":\"https:\\\/\\\/schoenstatt.com\\\/wp-content\\\/uploads\\\/2022\\\/11\\\/Dachau-1.png\",\"width\":793,\"height\":545,\"caption\":\"P. Eise\"},{\"@type\":\"BreadcrumbList\",\"@id\":\"https:\\\/\\\/schoenstatt.com\\\/de\\\/gedenken-an-den-kz-haeftling-p-albert-eise-sac\\\/#breadcrumb\",\"itemListElement\":[{\"@type\":\"ListItem\",\"position\":1,\"name\":\"Portada\",\"item\":\"https:\\\/\\\/schoenstatt.com\\\/de\\\/home\\\/\"},{\"@type\":\"ListItem\",\"position\":2,\"name\":\"Gedenken an den KZ-H\u00e4ftling P. Albert Eise SAC\"}]},{\"@type\":\"WebSite\",\"@id\":\"https:\\\/\\\/schoenstatt.com\\\/de\\\/#website\",\"url\":\"https:\\\/\\\/schoenstatt.com\\\/de\\\/\",\"name\":\"Schoenstatt\",\"description\":\"Apostolic Movement\",\"publisher\":{\"@id\":\"https:\\\/\\\/schoenstatt.com\\\/de\\\/#organization\"},\"potentialAction\":[{\"@type\":\"SearchAction\",\"target\":{\"@type\":\"EntryPoint\",\"urlTemplate\":\"https:\\\/\\\/schoenstatt.com\\\/de\\\/?s={search_term_string}\"},\"query-input\":{\"@type\":\"PropertyValueSpecification\",\"valueRequired\":true,\"valueName\":\"search_term_string\"}}],\"inLanguage\":\"de\"},{\"@type\":\"Organization\",\"@id\":\"https:\\\/\\\/schoenstatt.com\\\/de\\\/#organization\",\"name\":\"Schoenstatt\",\"url\":\"https:\\\/\\\/schoenstatt.com\\\/de\\\/\",\"logo\":{\"@type\":\"ImageObject\",\"inLanguage\":\"de\",\"@id\":\"https:\\\/\\\/schoenstatt.com\\\/de\\\/#\\\/schema\\\/logo\\\/image\\\/\",\"url\":\"https:\\\/\\\/schoenstatt.com\\\/wp-content\\\/uploads\\\/2025\\\/04\\\/logo-schoenstatt-white-696x696-1.png\",\"contentUrl\":\"https:\\\/\\\/schoenstatt.com\\\/wp-content\\\/uploads\\\/2025\\\/04\\\/logo-schoenstatt-white-696x696-1.png\",\"width\":696,\"height\":694,\"caption\":\"Schoenstatt\"},\"image\":{\"@id\":\"https:\\\/\\\/schoenstatt.com\\\/de\\\/#\\\/schema\\\/logo\\\/image\\\/\"}},{\"@type\":\"Person\",\"@id\":\"https:\\\/\\\/schoenstatt.com\\\/de\\\/#\\\/schema\\\/person\\\/489465b1850e7b216fe2c10dfc262551\",\"name\":\"admin\",\"image\":{\"@type\":\"ImageObject\",\"inLanguage\":\"de\",\"@id\":\"https:\\\/\\\/secure.gravatar.com\\\/avatar\\\/02e8345e1ec40ab0e0a2a98fdde64a684bbaf994cddcb778b25b8b024ee9dfe6?s=96&d=mm&r=g\",\"url\":\"https:\\\/\\\/secure.gravatar.com\\\/avatar\\\/02e8345e1ec40ab0e0a2a98fdde64a684bbaf994cddcb778b25b8b024ee9dfe6?s=96&d=mm&r=g\",\"contentUrl\":\"https:\\\/\\\/secure.gravatar.com\\\/avatar\\\/02e8345e1ec40ab0e0a2a98fdde64a684bbaf994cddcb778b25b8b024ee9dfe6?s=96&d=mm&r=g\",\"caption\":\"admin\"},\"sameAs\":[\"https:\\\/\\\/schoenstatt.com\"],\"url\":\"https:\\\/\\\/schoenstatt.com\\\/de\\\/author\\\/admin\\\/\"}]}<\/script>\n<!-- \/ Yoast SEO Premium plugin. -->","yoast_head_json":{"title":"Gedenken an den KZ-H\u00e4ftling P. Albert Eise SAC - Schoenstatt","description":"P. Albert Eise Todestag, der im Konzentrationslager Dachau gestorben ist. Er gab sein Leben f\u00fcr die Mission Sch\u00f6nstatts.","robots":{"index":"index","follow":"follow","max-snippet":"max-snippet:-1","max-image-preview":"max-image-preview:large","max-video-preview":"max-video-preview:-1"},"canonical":"https:\/\/schoenstatt.com\/de\/gedenken-an-den-kz-haeftling-p-albert-eise-sac\/","og_locale":"de_DE","og_type":"article","og_title":"Gedenken an den KZ-H\u00e4ftling P. Albert Eise SAC","og_description":"P. Albert Eise Todestag, der im Konzentrationslager Dachau gestorben ist. Er gab sein Leben f\u00fcr die Mission Sch\u00f6nstatts.","og_url":"https:\/\/schoenstatt.com\/de\/gedenken-an-den-kz-haeftling-p-albert-eise-sac\/","og_site_name":"Schoenstatt","article_published_time":"2022-11-11T10:27:42+00:00","article_modified_time":"2025-05-15T20:20:01+00:00","og_image":[{"width":793,"height":545,"url":"https:\/\/schoenstatt.com\/wp-content\/uploads\/2022\/11\/Dachau-1.png","type":"image\/png"}],"author":"admin","twitter_card":"summary_large_image","twitter_misc":{"Verfasst von":"admin","Gesch\u00e4tzte Lesezeit":"4\u00a0Minuten"},"schema":{"@context":"https:\/\/schema.org","@graph":[{"@type":"Article","@id":"https:\/\/schoenstatt.com\/de\/gedenken-an-den-kz-haeftling-p-albert-eise-sac\/#article","isPartOf":{"@id":"https:\/\/schoenstatt.com\/de\/gedenken-an-den-kz-haeftling-p-albert-eise-sac\/"},"author":{"name":"admin","@id":"https:\/\/schoenstatt.com\/de\/#\/schema\/person\/489465b1850e7b216fe2c10dfc262551"},"headline":"Gedenken an den KZ-H\u00e4ftling P. Albert Eise SAC","datePublished":"2022-11-11T10:27:42+00:00","dateModified":"2025-05-15T20:20:01+00:00","mainEntityOfPage":{"@id":"https:\/\/schoenstatt.com\/de\/gedenken-an-den-kz-haeftling-p-albert-eise-sac\/"},"wordCount":801,"publisher":{"@id":"https:\/\/schoenstatt.com\/de\/#organization"},"image":{"@id":"https:\/\/schoenstatt.com\/de\/gedenken-an-den-kz-haeftling-p-albert-eise-sac\/#primaryimage"},"thumbnailUrl":"https:\/\/schoenstatt.com\/wp-content\/uploads\/2022\/11\/Dachau-1.png","articleSection":["Schoenstatt Helden","Spiritualit\u00e4t"],"inLanguage":"de"},{"@type":"WebPage","@id":"https:\/\/schoenstatt.com\/de\/gedenken-an-den-kz-haeftling-p-albert-eise-sac\/","url":"https:\/\/schoenstatt.com\/de\/gedenken-an-den-kz-haeftling-p-albert-eise-sac\/","name":"Gedenken an den KZ-H\u00e4ftling P. Albert Eise SAC - Schoenstatt","isPartOf":{"@id":"https:\/\/schoenstatt.com\/de\/#website"},"primaryImageOfPage":{"@id":"https:\/\/schoenstatt.com\/de\/gedenken-an-den-kz-haeftling-p-albert-eise-sac\/#primaryimage"},"image":{"@id":"https:\/\/schoenstatt.com\/de\/gedenken-an-den-kz-haeftling-p-albert-eise-sac\/#primaryimage"},"thumbnailUrl":"https:\/\/schoenstatt.com\/wp-content\/uploads\/2022\/11\/Dachau-1.png","datePublished":"2022-11-11T10:27:42+00:00","dateModified":"2025-05-15T20:20:01+00:00","description":"P. Albert Eise Todestag, der im Konzentrationslager Dachau gestorben ist. Er gab sein Leben f\u00fcr die Mission Sch\u00f6nstatts.","breadcrumb":{"@id":"https:\/\/schoenstatt.com\/de\/gedenken-an-den-kz-haeftling-p-albert-eise-sac\/#breadcrumb"},"inLanguage":"de","potentialAction":[{"@type":"ReadAction","target":["https:\/\/schoenstatt.com\/de\/gedenken-an-den-kz-haeftling-p-albert-eise-sac\/"]}]},{"@type":"ImageObject","inLanguage":"de","@id":"https:\/\/schoenstatt.com\/de\/gedenken-an-den-kz-haeftling-p-albert-eise-sac\/#primaryimage","url":"https:\/\/schoenstatt.com\/wp-content\/uploads\/2022\/11\/Dachau-1.png","contentUrl":"https:\/\/schoenstatt.com\/wp-content\/uploads\/2022\/11\/Dachau-1.png","width":793,"height":545,"caption":"P. Eise"},{"@type":"BreadcrumbList","@id":"https:\/\/schoenstatt.com\/de\/gedenken-an-den-kz-haeftling-p-albert-eise-sac\/#breadcrumb","itemListElement":[{"@type":"ListItem","position":1,"name":"Portada","item":"https:\/\/schoenstatt.com\/de\/home\/"},{"@type":"ListItem","position":2,"name":"Gedenken an den KZ-H\u00e4ftling P. Albert Eise SAC"}]},{"@type":"WebSite","@id":"https:\/\/schoenstatt.com\/de\/#website","url":"https:\/\/schoenstatt.com\/de\/","name":"Schoenstatt","description":"Apostolic Movement","publisher":{"@id":"https:\/\/schoenstatt.com\/de\/#organization"},"potentialAction":[{"@type":"SearchAction","target":{"@type":"EntryPoint","urlTemplate":"https:\/\/schoenstatt.com\/de\/?s={search_term_string}"},"query-input":{"@type":"PropertyValueSpecification","valueRequired":true,"valueName":"search_term_string"}}],"inLanguage":"de"},{"@type":"Organization","@id":"https:\/\/schoenstatt.com\/de\/#organization","name":"Schoenstatt","url":"https:\/\/schoenstatt.com\/de\/","logo":{"@type":"ImageObject","inLanguage":"de","@id":"https:\/\/schoenstatt.com\/de\/#\/schema\/logo\/image\/","url":"https:\/\/schoenstatt.com\/wp-content\/uploads\/2025\/04\/logo-schoenstatt-white-696x696-1.png","contentUrl":"https:\/\/schoenstatt.com\/wp-content\/uploads\/2025\/04\/logo-schoenstatt-white-696x696-1.png","width":696,"height":694,"caption":"Schoenstatt"},"image":{"@id":"https:\/\/schoenstatt.com\/de\/#\/schema\/logo\/image\/"}},{"@type":"Person","@id":"https:\/\/schoenstatt.com\/de\/#\/schema\/person\/489465b1850e7b216fe2c10dfc262551","name":"admin","image":{"@type":"ImageObject","inLanguage":"de","@id":"https:\/\/secure.gravatar.com\/avatar\/02e8345e1ec40ab0e0a2a98fdde64a684bbaf994cddcb778b25b8b024ee9dfe6?s=96&d=mm&r=g","url":"https:\/\/secure.gravatar.com\/avatar\/02e8345e1ec40ab0e0a2a98fdde64a684bbaf994cddcb778b25b8b024ee9dfe6?s=96&d=mm&r=g","contentUrl":"https:\/\/secure.gravatar.com\/avatar\/02e8345e1ec40ab0e0a2a98fdde64a684bbaf994cddcb778b25b8b024ee9dfe6?s=96&d=mm&r=g","caption":"admin"},"sameAs":["https:\/\/schoenstatt.com"],"url":"https:\/\/schoenstatt.com\/de\/author\/admin\/"}]}},"_links":{"self":[{"href":"https:\/\/schoenstatt.com\/de\/wp-json\/wp\/v2\/posts\/50535","targetHints":{"allow":["GET"]}}],"collection":[{"href":"https:\/\/schoenstatt.com\/de\/wp-json\/wp\/v2\/posts"}],"about":[{"href":"https:\/\/schoenstatt.com\/de\/wp-json\/wp\/v2\/types\/post"}],"author":[{"embeddable":true,"href":"https:\/\/schoenstatt.com\/de\/wp-json\/wp\/v2\/users\/1"}],"replies":[{"embeddable":true,"href":"https:\/\/schoenstatt.com\/de\/wp-json\/wp\/v2\/comments?post=50535"}],"version-history":[{"count":1,"href":"https:\/\/schoenstatt.com\/de\/wp-json\/wp\/v2\/posts\/50535\/revisions"}],"predecessor-version":[{"id":50644,"href":"https:\/\/schoenstatt.com\/de\/wp-json\/wp\/v2\/posts\/50535\/revisions\/50644"}],"wp:featuredmedia":[{"embeddable":true,"href":"https:\/\/schoenstatt.com\/de\/wp-json\/wp\/v2\/media\/27779"}],"wp:attachment":[{"href":"https:\/\/schoenstatt.com\/de\/wp-json\/wp\/v2\/media?parent=50535"}],"wp:term":[{"taxonomy":"category","embeddable":true,"href":"https:\/\/schoenstatt.com\/de\/wp-json\/wp\/v2\/categories?post=50535"},{"taxonomy":"post_tag","embeddable":true,"href":"https:\/\/schoenstatt.com\/de\/wp-json\/wp\/v2\/tags?post=50535"}],"curies":[{"name":"wp","href":"https:\/\/api.w.org\/{rel}","templated":true}]}}