{"id":50530,"date":"2022-11-10T10:55:20","date_gmt":"2022-11-10T09:55:20","guid":{"rendered":"https:\/\/schoenstattdev.wpenginepowered.com\/?p=27772"},"modified":"2025-05-15T22:43:38","modified_gmt":"2025-05-15T20:43:38","slug":"cop27-kaum-zeit-fuer-kurskorrektur-chance-jetzt-nutzen","status":"publish","type":"post","link":"https:\/\/schoenstatt.com\/de\/cop27-kaum-zeit-fuer-kurskorrektur-chance-jetzt-nutzen\/","title":{"rendered":"COP27: Kaum Zeit f\u00fcr Kurskorrektur, Chance jetzt nutzen!"},"content":{"rendered":"<p>Die Zusammenh\u00e4nge zwischen Klimawandel, Wasser- und Nahrungsmittelversorgung, Armut und Migration standen im Mittelpunkt der Reden des vatikanischen Kardinalstaatssekret\u00e4rs Pietro Parolin auf der COP27, die am Sonntag in Sharm el-Sheikh er\u00f6ffnet wurde.<\/p>\n<p>Die Warnung, die der Kardinal im Namen von Papst Franziskus an den internationalen Gipfel richtete, lautete, dass es notwendig sei, diese weitere Gelegenheit zu ergreifen, um die vier S\u00e4ulen des Pariser Abkommens \u201e<em>ernsthaft anzugehen<\/em>\u201c: Abschw\u00e4chung, Anpassung, Finanzierung sowie Verluste und Sch\u00e4den. S\u00e4ulen, die, wie er anmerkt, \u201e<em>eine Frage der Gleichheit, der Gerechtigkeit und der Fairness<\/em>\u201c seien. Auch die nicht finanziell bemessbaren Verluste sollten dabei nicht aus dem Blickfeld r\u00fccken, so die Aufforderung des Kardinalstaatssekret\u00e4rs.<\/p>\n<h3>Die Verpflichtung des Heiligen Stuhls<\/h3>\n<p>Auf der aktuellen Konferenz der Vertragsparteien &#8211; der ersten, an der der Heilige Stuhl als Vertragsstaat sowohl des \u00dcbereinkommens als auch des Pariser Abkommens teilnimmt &#8211; griff der Kardinal Parolin den Wunsch des Papstes in Bahrain auf, dass die COP27 ein Schritt nach vorn sein m\u00f6ge f\u00fcr \u201ekonkrete und weitsichtige Entscheidungen, die mit Blick auf die jungen Generationen getroffen werden, bevor es zu sp\u00e4t ist und ihre Zukunft gef\u00e4hrdet ist\u201c.<\/p>\n<p>Parolin erinnerte auch an die Ank\u00fcndigung des Papstes im Jahr 2020, dass der Heilige Stuhl sich dem Ziel von Netto-Null-Emissionen bis 2050 verpflichte, und dass er darauf auf zwei Ebenen reagieren werde: einerseits, indem er seine Bem\u00fchungen zur Verbesserung des Umweltmanagements intensiviere und andererseits, in dem er die Erziehung zur integralen \u00d6kologie f\u00f6rdere.<\/p>\n<blockquote><p>\u201ePolitische, technische und operative Ma\u00dfnahmen reichen nicht aus, sondern m\u00fcssen mit einem erzieherischen Ansatz kombiniert werden, der neue Lebensstile f\u00f6rdert und ein neues Entwicklungs- und Nachhaltigkeitsmodell auf der Grundlage von F\u00fcrsorge, Geschisterlichkeit und Zusammenarbeit unterst\u00fctzt\u201c, sagte er.<\/p><\/blockquote>\n<p>Kardinal Parolin sprach von einer \u201e<em><strong>sozio-\u00f6kologischen Krise<\/strong><\/em>\u201c und zeigte sich besorgt, betonte aber auch, dass wir \u201eeinen g\u00fcnstigen Moment f\u00fcr die individuelle und kollektive Umkehr und f\u00fcr konkrete Entscheidungen erleben, die nicht mehr aufgeschoben werden k\u00f6nnen\u201c. Weiter betonte er: \u201eWir haben die moralische Pflicht, konkrete Ma\u00dfnahmen zu ergreifen, um die immer h\u00e4ufigeren und schwerwiegenderen humanit\u00e4ren Auswirkungen des Klimawandels zu verhindern und darauf zu reagieren.\u201c Gemeint ist damit das wachsende Ph\u00e4nomen der vertriebenen Migranten. Der Appell richtet sich an die internationalen Regierungen: Selbst wenn Vertriebene keinen Zugang zu internationalem Schutz haben, \u201ed\u00fcrfen die Staaten greifbare L\u00f6sungen, auch in den Bereichen Anpassung, Abschw\u00e4chung und Widerstandsf\u00e4higkeit, nicht ignorieren.\u201c Der Schwerpunkt liege auf der Bedeutung der \u201eAnerkennung der Migration als eine Form der Anpassung\u201c: Daher sei es notwendig, die Verf\u00fcgbarkeit und Flexibilit\u00e4t von Wegen f\u00fcr die regul\u00e4re Migration zu erh\u00f6hen.<\/p>\n<blockquote><p>\u201eDie L\u00e4nder, die in isolierten und nicht nachhaltigen Bl\u00f6cken strukturiert sind, helfen der Sache nicht, die nach wie vor planetarisch ist.\u201c<\/p><\/blockquote>\n<p><img fetchpriority=\"high\" decoding=\"async\" class=\"aligncenter wp-image-27765 size-full\" src=\"https:\/\/schoenstatt.com\/wp-content\/uploads\/2022\/11\/Paroln-2-1.png\" alt=\"COP27\" width=\"747\" height=\"384\" \/><\/p>\n<h3>Verantwortungsbewusst, mutig und zukunftsorientiert sein<\/h3>\n<p>Dann wandte sich der Kardinal der Covid-19-Pandemie und den Konflikten in der ganzen Welt zu, die, wie er warnte, \u201edie Gefahr bergen, die globale Sicherheit zu untergraben, die Ern\u00e4hrungsunsicherheit zu versch\u00e4rfen, den Multilateralismus zu untergraben und sogar unsere Bem\u00fchungen hier in Sharm el-Sheikh zu \u00fcberschatten\u201c. Der Kardinal betonte weiter: \u201eWir k\u00f6nnen das nicht zulassen. Die L\u00e4nder, die in isolierten und nicht nachhaltigen Bl\u00f6cken strukturiert sind, helfen der Sache nicht, die nach wie vor den ganzen Planeten betrifft\u201c, so Kardinal Parolin, der energisch dazu aufrief, diesen Zeitpunkt als einen Moment der internationalen und generationen\u00fcbergreifenden Solidarit\u00e4t zu nutzen. \u201eWir m\u00fcssen nicht nur f\u00fcr uns selbst, sondern auch f\u00fcr unsere Kinder verantwortungsbewusst, mutig und zukunftsorientiert sein\u201c, f\u00fcgte er an.<\/p>\n<p>Unter Hinweis auf die Botschaft von Franziskus an die COP-26 in Glasgow im vergangenen Jahr, in der der Papst die Folgen des Klimawandels mit denen eines globalen Konflikts vergleicht, betonte der vatikanische Staatssekret\u00e4r die Dringlichkeit, dass der politische Wille von der Erkenntnis geleitet sein m\u00fcsse, dass wir entweder gemeinsam gewinnen oder gemeinsam verlieren w\u00fcrden. Der Weg zur Erreichung der Ziele des Pariser Abkommens sei\u00a0komplex, gleichzeitig bleibe immer weniger Zeit, den Kurs zu korrigieren. Die Gelegenheit dieser Tage der Konfrontation sollte auch nicht vertan werden, wenn es darum gehe, die nicht-wirtschaftlichen Aspekte des Schadens, wie den Verlust des Erbes und der Kulturen, zu ber\u00fccksichtigen. Dies sei ein nicht unbedeutender Aspekt, bei dem wir viel von den indigenen V\u00f6lkern lernen k\u00f6nnten, meinte er.<\/p>\n<h3>Direkter Zusammenhang zwischen Nahrungsmittelkrise und Klimakrise<\/h3>\n<p><img decoding=\"async\" class=\"aligncenter wp-image-27761 size-full\" src=\"https:\/\/schoenstatt.com\/wp-content\/uploads\/2022\/11\/Parolin-1.png\" alt=\"COP\" width=\"633\" height=\"356\" \/><\/p>\n<p>Beim hochkar\u00e4tigen Runden Tisch zum Thema \u201e<em><strong>Wassersicherheit<\/strong><\/em>\u201c wies der Kardinal darauf hin, dass der Klimawandel die globalen Wasserkreisl\u00e4ufe gef\u00e4hrde. Wassersicherheit m\u00fcsse eine wesentliche Rolle in der Klimapolitik spielen und sollte in die nationalen Klimastrategien einbezogen werden, appellierte er. <a href=\"https:\/\/www.vaticannews.va\/de.html\">Kardinal Parolin<\/a> wies auch darauf hin, dass Wasserknappheit und Verschmutzung zunehmen und die \u00e4rmsten Bev\u00f6lkerungsschichten betreffen. Dies habe zur Folge, dass die Unterern\u00e4hrung vor allem bei Kindern ein sehr hohes Niveau erreicht.<\/p>\n<h3>Dringend neue integrierte Ans\u00e4tze und verst\u00e4rktes Engagement<\/h3>\n<p><img decoding=\"async\" class=\"aligncenter wp-image-27767 size-full\" src=\"https:\/\/schoenstatt.com\/wp-content\/uploads\/2022\/11\/Parolin-3-1.png\" alt=\"\" width=\"746\" height=\"366\" \/><\/p>\n<p>Der Kardinal rief dazu auf, die Wassersicherheit in die nationalen Klimastrategien einzubeziehen. Es werde davon ausgegangen, dass Ver\u00e4nderungen in der Wasserbewirtschaftung erforderlich seien, einschlie\u00dflich einer gerechten Nutzung der Wasserressourcen und einer intelligenteren Verteilung des Wassers f\u00fcr die Lebensmittelversorgung.<\/p>\n<p>\u201e<em>Neue integrierte Ans\u00e4tze und verst\u00e4rkte Anstrengungen sind dringend erforderlich<\/em>\u201c, sagte er. Zu den gezielten Ma\u00dfnahmen, die zur Bew\u00e4ltigung dieser Herausforderungen vorgeschlagen werden, geh\u00f6ren: Verbesserung der Wasserbewirtschaftung in der Landwirtschaft; Harmonisierung der Wasseraufteilung und der Wasserrechte entlang grenz\u00fcberschreitender Wassersysteme, um sie zu einem Gemeinschaftsgut und nicht zu einer Quelle von Konflikten zu machen; Verringerung von Wasser- und Nahrungsmittelverlusten und -verschwendung; Beseitigung sozialer Ungleichheiten bei den Zusammenh\u00e4ngen zwischen Wasser und Ern\u00e4hrung und Erleichterung des Zugangs zum \u201eWaschen\u201c; Verbesserung der Datenqualit\u00e4t und \u00dcberwachung der Zusammenh\u00e4nge zwischen Wasser- und Nahrungsmittelsystemen unter Nutzung technologischer Innovationen.<\/p>\n<p><img loading=\"lazy\" decoding=\"async\" class=\"aligncenter wp-image-27753 size-full\" src=\"https:\/\/schoenstatt.com\/wp-content\/uploads\/2022\/11\/COP-27-2-1.png\" alt=\"COP\" width=\"638\" height=\"358\" \/><\/p>\n<p>All diese Konzepte wurden auch vom Kardinalstaatssekret\u00e4r am Runden Tisch zum Thema \u201e<em><strong>Ern\u00e4hrungssicherheit<\/strong><\/em>\u201c ge\u00e4u\u00dfert. Auch hier wurde der tiefe Zusammenhang zwischen Welthunger, Kriegen, <a href=\"https:\/\/schoenstattdev.wpenginepowered.com\/de\/gesellschaft\/laudato-si-film-mit-franziskus-menschheit-kann-umwelt-retten\/\">Klimakrisen<\/a>, Marktst\u00f6rungen und Entm\u00fcndigung deutlich. Ein Teufelskreis, der dringend durchbrochen werden m\u00fcsse. Die vorgeschlagenen Ma\u00dfnahmen betrafen die nachhaltige Landbewirtschaftung, die Diversifizierung der landwirtschaftlichen Produktion, die St\u00e4rkung der sozial Schwachen und den von der Zivilgesellschaft und den Religionsgemeinschaften gef\u00f6rderten Sozialschutz. Eine weitere bew\u00e4hrte Praxis, die verst\u00e4rkt umgesetzt werden sollte, sei die Verringerung von Lebensmittelabf\u00e4llen und Treibhausgasemissionen sowie die Einbeziehung von Lebensmittelsystemen in die Klimafinanzierung in gro\u00dfem Ma\u00dfstab.<\/p>\n","protected":false},"excerpt":{"rendered":"<p>Anl\u00e4sslich des Klimagipfels in \u00c4gypten hat Kardinalstaatssekret\u00e4r Pietro Parolin eindringlich sofortiges und gemeinsames Handeln angemahnt, um die sozio-\u00f6kologische Krise zu bew\u00e4ltigen: \u201eWir haben die moralische Pflicht, den durch den Klimawandel verursachten humanit\u00e4ren Auswirkungen vorzubeugen und auf sie zu reagieren&#8220;, sagte er an diesem Dienstag in seiner Rede. <\/p>\n","protected":false},"author":1,"featured_media":27757,"comment_status":"closed","ping_status":"closed","sticky":false,"template":"","format":"standard","meta":{"footnotes":""},"categories":[910,882],"tags":[],"class_list":["post-50530","post","type-post","status-publish","format-standard","has-post-thumbnail","hentry","category-gesellschaft-de","category-umwelt-de"],"yoast_head":"<!-- This site is optimized with the Yoast SEO Premium plugin v27.4 (Yoast SEO v27.5) - https:\/\/yoast.com\/product\/yoast-seo-premium-wordpress\/ -->\n<title>COP27: Kaum Zeit f\u00fcr Kurskorrektur, Chance jetzt nutzen! - Schoenstatt<\/title>\n<meta name=\"description\" content=\"Die Zusammenh\u00e4nge zwischen Klimawandel, Wasser- und Nahrungsmittelversorgung, standen im Mittelpunkt - Parolin auf der COP27\" \/>\n<meta name=\"robots\" content=\"index, follow, max-snippet:-1, max-image-preview:large, max-video-preview:-1\" \/>\n<link rel=\"canonical\" href=\"https:\/\/schoenstatt.com\/de\/cop27-kaum-zeit-fuer-kurskorrektur-chance-jetzt-nutzen\/\" \/>\n<meta property=\"og:locale\" content=\"de_DE\" \/>\n<meta property=\"og:type\" content=\"article\" \/>\n<meta property=\"og:title\" content=\"COP27: Kaum Zeit f\u00fcr Kurskorrektur, Chance jetzt nutzen!\" \/>\n<meta property=\"og:description\" content=\"Die Zusammenh\u00e4nge zwischen Klimawandel, Wasser- und Nahrungsmittelversorgung, standen im Mittelpunkt - Parolin auf der COP27\" \/>\n<meta property=\"og:url\" content=\"https:\/\/schoenstatt.com\/de\/cop27-kaum-zeit-fuer-kurskorrektur-chance-jetzt-nutzen\/\" \/>\n<meta property=\"og:site_name\" content=\"Schoenstatt\" \/>\n<meta property=\"article:published_time\" content=\"2022-11-10T09:55:20+00:00\" \/>\n<meta property=\"article:modified_time\" content=\"2025-05-15T20:43:38+00:00\" \/>\n<meta property=\"og:image\" content=\"https:\/\/schoenstatt.com\/wp-content\/uploads\/2022\/11\/COP27-en-Egipto-1.png\" \/>\n\t<meta property=\"og:image:width\" content=\"699\" \/>\n\t<meta property=\"og:image:height\" content=\"420\" \/>\n\t<meta property=\"og:image:type\" content=\"image\/png\" \/>\n<meta name=\"author\" content=\"admin\" \/>\n<meta name=\"twitter:card\" content=\"summary_large_image\" \/>\n<meta name=\"twitter:label1\" content=\"Verfasst von\" \/>\n\t<meta name=\"twitter:data1\" content=\"admin\" \/>\n\t<meta name=\"twitter:label2\" content=\"Gesch\u00e4tzte Lesezeit\" \/>\n\t<meta name=\"twitter:data2\" content=\"6\u00a0Minuten\" \/>\n<script type=\"application\/ld+json\" class=\"yoast-schema-graph\">{\"@context\":\"https:\\\/\\\/schema.org\",\"@graph\":[{\"@type\":\"Article\",\"@id\":\"https:\\\/\\\/schoenstatt.com\\\/de\\\/cop27-kaum-zeit-fuer-kurskorrektur-chance-jetzt-nutzen\\\/#article\",\"isPartOf\":{\"@id\":\"https:\\\/\\\/schoenstatt.com\\\/de\\\/cop27-kaum-zeit-fuer-kurskorrektur-chance-jetzt-nutzen\\\/\"},\"author\":{\"name\":\"admin\",\"@id\":\"https:\\\/\\\/schoenstatt.com\\\/de\\\/#\\\/schema\\\/person\\\/489465b1850e7b216fe2c10dfc262551\"},\"headline\":\"COP27: Kaum Zeit f\u00fcr Kurskorrektur, Chance jetzt nutzen!\",\"datePublished\":\"2022-11-10T09:55:20+00:00\",\"dateModified\":\"2025-05-15T20:43:38+00:00\",\"mainEntityOfPage\":{\"@id\":\"https:\\\/\\\/schoenstatt.com\\\/de\\\/cop27-kaum-zeit-fuer-kurskorrektur-chance-jetzt-nutzen\\\/\"},\"wordCount\":1073,\"publisher\":{\"@id\":\"https:\\\/\\\/schoenstatt.com\\\/de\\\/#organization\"},\"image\":{\"@id\":\"https:\\\/\\\/schoenstatt.com\\\/de\\\/cop27-kaum-zeit-fuer-kurskorrektur-chance-jetzt-nutzen\\\/#primaryimage\"},\"thumbnailUrl\":\"https:\\\/\\\/schoenstatt.com\\\/wp-content\\\/uploads\\\/2022\\\/11\\\/COP27-en-Egipto-1.png\",\"articleSection\":[\"Gesellschaft\",\"Umwelt\"],\"inLanguage\":\"de\"},{\"@type\":\"WebPage\",\"@id\":\"https:\\\/\\\/schoenstatt.com\\\/de\\\/cop27-kaum-zeit-fuer-kurskorrektur-chance-jetzt-nutzen\\\/\",\"url\":\"https:\\\/\\\/schoenstatt.com\\\/de\\\/cop27-kaum-zeit-fuer-kurskorrektur-chance-jetzt-nutzen\\\/\",\"name\":\"COP27: Kaum Zeit f\u00fcr Kurskorrektur, Chance jetzt nutzen! - Schoenstatt\",\"isPartOf\":{\"@id\":\"https:\\\/\\\/schoenstatt.com\\\/de\\\/#website\"},\"primaryImageOfPage\":{\"@id\":\"https:\\\/\\\/schoenstatt.com\\\/de\\\/cop27-kaum-zeit-fuer-kurskorrektur-chance-jetzt-nutzen\\\/#primaryimage\"},\"image\":{\"@id\":\"https:\\\/\\\/schoenstatt.com\\\/de\\\/cop27-kaum-zeit-fuer-kurskorrektur-chance-jetzt-nutzen\\\/#primaryimage\"},\"thumbnailUrl\":\"https:\\\/\\\/schoenstatt.com\\\/wp-content\\\/uploads\\\/2022\\\/11\\\/COP27-en-Egipto-1.png\",\"datePublished\":\"2022-11-10T09:55:20+00:00\",\"dateModified\":\"2025-05-15T20:43:38+00:00\",\"description\":\"Die Zusammenh\u00e4nge zwischen Klimawandel, Wasser- und Nahrungsmittelversorgung, standen im Mittelpunkt - Parolin auf der COP27\",\"breadcrumb\":{\"@id\":\"https:\\\/\\\/schoenstatt.com\\\/de\\\/cop27-kaum-zeit-fuer-kurskorrektur-chance-jetzt-nutzen\\\/#breadcrumb\"},\"inLanguage\":\"de\",\"potentialAction\":[{\"@type\":\"ReadAction\",\"target\":[\"https:\\\/\\\/schoenstatt.com\\\/de\\\/cop27-kaum-zeit-fuer-kurskorrektur-chance-jetzt-nutzen\\\/\"]}]},{\"@type\":\"ImageObject\",\"inLanguage\":\"de\",\"@id\":\"https:\\\/\\\/schoenstatt.com\\\/de\\\/cop27-kaum-zeit-fuer-kurskorrektur-chance-jetzt-nutzen\\\/#primaryimage\",\"url\":\"https:\\\/\\\/schoenstatt.com\\\/wp-content\\\/uploads\\\/2022\\\/11\\\/COP27-en-Egipto-1.png\",\"contentUrl\":\"https:\\\/\\\/schoenstatt.com\\\/wp-content\\\/uploads\\\/2022\\\/11\\\/COP27-en-Egipto-1.png\",\"width\":699,\"height\":420,\"caption\":\"Parolin\"},{\"@type\":\"BreadcrumbList\",\"@id\":\"https:\\\/\\\/schoenstatt.com\\\/de\\\/cop27-kaum-zeit-fuer-kurskorrektur-chance-jetzt-nutzen\\\/#breadcrumb\",\"itemListElement\":[{\"@type\":\"ListItem\",\"position\":1,\"name\":\"Portada\",\"item\":\"https:\\\/\\\/schoenstatt.com\\\/de\\\/home\\\/\"},{\"@type\":\"ListItem\",\"position\":2,\"name\":\"COP27: Kaum Zeit f\u00fcr Kurskorrektur, Chance jetzt nutzen!\"}]},{\"@type\":\"WebSite\",\"@id\":\"https:\\\/\\\/schoenstatt.com\\\/de\\\/#website\",\"url\":\"https:\\\/\\\/schoenstatt.com\\\/de\\\/\",\"name\":\"Schoenstatt\",\"description\":\"Apostolic Movement\",\"publisher\":{\"@id\":\"https:\\\/\\\/schoenstatt.com\\\/de\\\/#organization\"},\"potentialAction\":[{\"@type\":\"SearchAction\",\"target\":{\"@type\":\"EntryPoint\",\"urlTemplate\":\"https:\\\/\\\/schoenstatt.com\\\/de\\\/?s={search_term_string}\"},\"query-input\":{\"@type\":\"PropertyValueSpecification\",\"valueRequired\":true,\"valueName\":\"search_term_string\"}}],\"inLanguage\":\"de\"},{\"@type\":\"Organization\",\"@id\":\"https:\\\/\\\/schoenstatt.com\\\/de\\\/#organization\",\"name\":\"Schoenstatt\",\"url\":\"https:\\\/\\\/schoenstatt.com\\\/de\\\/\",\"logo\":{\"@type\":\"ImageObject\",\"inLanguage\":\"de\",\"@id\":\"https:\\\/\\\/schoenstatt.com\\\/de\\\/#\\\/schema\\\/logo\\\/image\\\/\",\"url\":\"https:\\\/\\\/schoenstatt.com\\\/wp-content\\\/uploads\\\/2025\\\/04\\\/logo-schoenstatt-white-696x696-1.png\",\"contentUrl\":\"https:\\\/\\\/schoenstatt.com\\\/wp-content\\\/uploads\\\/2025\\\/04\\\/logo-schoenstatt-white-696x696-1.png\",\"width\":696,\"height\":694,\"caption\":\"Schoenstatt\"},\"image\":{\"@id\":\"https:\\\/\\\/schoenstatt.com\\\/de\\\/#\\\/schema\\\/logo\\\/image\\\/\"}},{\"@type\":\"Person\",\"@id\":\"https:\\\/\\\/schoenstatt.com\\\/de\\\/#\\\/schema\\\/person\\\/489465b1850e7b216fe2c10dfc262551\",\"name\":\"admin\",\"image\":{\"@type\":\"ImageObject\",\"inLanguage\":\"de\",\"@id\":\"https:\\\/\\\/secure.gravatar.com\\\/avatar\\\/02e8345e1ec40ab0e0a2a98fdde64a684bbaf994cddcb778b25b8b024ee9dfe6?s=96&d=mm&r=g\",\"url\":\"https:\\\/\\\/secure.gravatar.com\\\/avatar\\\/02e8345e1ec40ab0e0a2a98fdde64a684bbaf994cddcb778b25b8b024ee9dfe6?s=96&d=mm&r=g\",\"contentUrl\":\"https:\\\/\\\/secure.gravatar.com\\\/avatar\\\/02e8345e1ec40ab0e0a2a98fdde64a684bbaf994cddcb778b25b8b024ee9dfe6?s=96&d=mm&r=g\",\"caption\":\"admin\"},\"sameAs\":[\"https:\\\/\\\/schoenstatt.com\"],\"url\":\"https:\\\/\\\/schoenstatt.com\\\/de\\\/author\\\/admin\\\/\"}]}<\/script>\n<!-- \/ Yoast SEO Premium plugin. -->","yoast_head_json":{"title":"COP27: Kaum Zeit f\u00fcr Kurskorrektur, Chance jetzt nutzen! - Schoenstatt","description":"Die Zusammenh\u00e4nge zwischen Klimawandel, Wasser- und Nahrungsmittelversorgung, standen im Mittelpunkt - Parolin auf der COP27","robots":{"index":"index","follow":"follow","max-snippet":"max-snippet:-1","max-image-preview":"max-image-preview:large","max-video-preview":"max-video-preview:-1"},"canonical":"https:\/\/schoenstatt.com\/de\/cop27-kaum-zeit-fuer-kurskorrektur-chance-jetzt-nutzen\/","og_locale":"de_DE","og_type":"article","og_title":"COP27: Kaum Zeit f\u00fcr Kurskorrektur, Chance jetzt nutzen!","og_description":"Die Zusammenh\u00e4nge zwischen Klimawandel, Wasser- und Nahrungsmittelversorgung, standen im Mittelpunkt - Parolin auf der COP27","og_url":"https:\/\/schoenstatt.com\/de\/cop27-kaum-zeit-fuer-kurskorrektur-chance-jetzt-nutzen\/","og_site_name":"Schoenstatt","article_published_time":"2022-11-10T09:55:20+00:00","article_modified_time":"2025-05-15T20:43:38+00:00","og_image":[{"width":699,"height":420,"url":"https:\/\/schoenstatt.com\/wp-content\/uploads\/2022\/11\/COP27-en-Egipto-1.png","type":"image\/png"}],"author":"admin","twitter_card":"summary_large_image","twitter_misc":{"Verfasst von":"admin","Gesch\u00e4tzte Lesezeit":"6\u00a0Minuten"},"schema":{"@context":"https:\/\/schema.org","@graph":[{"@type":"Article","@id":"https:\/\/schoenstatt.com\/de\/cop27-kaum-zeit-fuer-kurskorrektur-chance-jetzt-nutzen\/#article","isPartOf":{"@id":"https:\/\/schoenstatt.com\/de\/cop27-kaum-zeit-fuer-kurskorrektur-chance-jetzt-nutzen\/"},"author":{"name":"admin","@id":"https:\/\/schoenstatt.com\/de\/#\/schema\/person\/489465b1850e7b216fe2c10dfc262551"},"headline":"COP27: Kaum Zeit f\u00fcr Kurskorrektur, Chance jetzt nutzen!","datePublished":"2022-11-10T09:55:20+00:00","dateModified":"2025-05-15T20:43:38+00:00","mainEntityOfPage":{"@id":"https:\/\/schoenstatt.com\/de\/cop27-kaum-zeit-fuer-kurskorrektur-chance-jetzt-nutzen\/"},"wordCount":1073,"publisher":{"@id":"https:\/\/schoenstatt.com\/de\/#organization"},"image":{"@id":"https:\/\/schoenstatt.com\/de\/cop27-kaum-zeit-fuer-kurskorrektur-chance-jetzt-nutzen\/#primaryimage"},"thumbnailUrl":"https:\/\/schoenstatt.com\/wp-content\/uploads\/2022\/11\/COP27-en-Egipto-1.png","articleSection":["Gesellschaft","Umwelt"],"inLanguage":"de"},{"@type":"WebPage","@id":"https:\/\/schoenstatt.com\/de\/cop27-kaum-zeit-fuer-kurskorrektur-chance-jetzt-nutzen\/","url":"https:\/\/schoenstatt.com\/de\/cop27-kaum-zeit-fuer-kurskorrektur-chance-jetzt-nutzen\/","name":"COP27: Kaum Zeit f\u00fcr Kurskorrektur, Chance jetzt nutzen! - Schoenstatt","isPartOf":{"@id":"https:\/\/schoenstatt.com\/de\/#website"},"primaryImageOfPage":{"@id":"https:\/\/schoenstatt.com\/de\/cop27-kaum-zeit-fuer-kurskorrektur-chance-jetzt-nutzen\/#primaryimage"},"image":{"@id":"https:\/\/schoenstatt.com\/de\/cop27-kaum-zeit-fuer-kurskorrektur-chance-jetzt-nutzen\/#primaryimage"},"thumbnailUrl":"https:\/\/schoenstatt.com\/wp-content\/uploads\/2022\/11\/COP27-en-Egipto-1.png","datePublished":"2022-11-10T09:55:20+00:00","dateModified":"2025-05-15T20:43:38+00:00","description":"Die Zusammenh\u00e4nge zwischen Klimawandel, Wasser- und Nahrungsmittelversorgung, standen im Mittelpunkt - Parolin auf der COP27","breadcrumb":{"@id":"https:\/\/schoenstatt.com\/de\/cop27-kaum-zeit-fuer-kurskorrektur-chance-jetzt-nutzen\/#breadcrumb"},"inLanguage":"de","potentialAction":[{"@type":"ReadAction","target":["https:\/\/schoenstatt.com\/de\/cop27-kaum-zeit-fuer-kurskorrektur-chance-jetzt-nutzen\/"]}]},{"@type":"ImageObject","inLanguage":"de","@id":"https:\/\/schoenstatt.com\/de\/cop27-kaum-zeit-fuer-kurskorrektur-chance-jetzt-nutzen\/#primaryimage","url":"https:\/\/schoenstatt.com\/wp-content\/uploads\/2022\/11\/COP27-en-Egipto-1.png","contentUrl":"https:\/\/schoenstatt.com\/wp-content\/uploads\/2022\/11\/COP27-en-Egipto-1.png","width":699,"height":420,"caption":"Parolin"},{"@type":"BreadcrumbList","@id":"https:\/\/schoenstatt.com\/de\/cop27-kaum-zeit-fuer-kurskorrektur-chance-jetzt-nutzen\/#breadcrumb","itemListElement":[{"@type":"ListItem","position":1,"name":"Portada","item":"https:\/\/schoenstatt.com\/de\/home\/"},{"@type":"ListItem","position":2,"name":"COP27: Kaum Zeit f\u00fcr Kurskorrektur, Chance jetzt nutzen!"}]},{"@type":"WebSite","@id":"https:\/\/schoenstatt.com\/de\/#website","url":"https:\/\/schoenstatt.com\/de\/","name":"Schoenstatt","description":"Apostolic Movement","publisher":{"@id":"https:\/\/schoenstatt.com\/de\/#organization"},"potentialAction":[{"@type":"SearchAction","target":{"@type":"EntryPoint","urlTemplate":"https:\/\/schoenstatt.com\/de\/?s={search_term_string}"},"query-input":{"@type":"PropertyValueSpecification","valueRequired":true,"valueName":"search_term_string"}}],"inLanguage":"de"},{"@type":"Organization","@id":"https:\/\/schoenstatt.com\/de\/#organization","name":"Schoenstatt","url":"https:\/\/schoenstatt.com\/de\/","logo":{"@type":"ImageObject","inLanguage":"de","@id":"https:\/\/schoenstatt.com\/de\/#\/schema\/logo\/image\/","url":"https:\/\/schoenstatt.com\/wp-content\/uploads\/2025\/04\/logo-schoenstatt-white-696x696-1.png","contentUrl":"https:\/\/schoenstatt.com\/wp-content\/uploads\/2025\/04\/logo-schoenstatt-white-696x696-1.png","width":696,"height":694,"caption":"Schoenstatt"},"image":{"@id":"https:\/\/schoenstatt.com\/de\/#\/schema\/logo\/image\/"}},{"@type":"Person","@id":"https:\/\/schoenstatt.com\/de\/#\/schema\/person\/489465b1850e7b216fe2c10dfc262551","name":"admin","image":{"@type":"ImageObject","inLanguage":"de","@id":"https:\/\/secure.gravatar.com\/avatar\/02e8345e1ec40ab0e0a2a98fdde64a684bbaf994cddcb778b25b8b024ee9dfe6?s=96&d=mm&r=g","url":"https:\/\/secure.gravatar.com\/avatar\/02e8345e1ec40ab0e0a2a98fdde64a684bbaf994cddcb778b25b8b024ee9dfe6?s=96&d=mm&r=g","contentUrl":"https:\/\/secure.gravatar.com\/avatar\/02e8345e1ec40ab0e0a2a98fdde64a684bbaf994cddcb778b25b8b024ee9dfe6?s=96&d=mm&r=g","caption":"admin"},"sameAs":["https:\/\/schoenstatt.com"],"url":"https:\/\/schoenstatt.com\/de\/author\/admin\/"}]}},"_links":{"self":[{"href":"https:\/\/schoenstatt.com\/de\/wp-json\/wp\/v2\/posts\/50530","targetHints":{"allow":["GET"]}}],"collection":[{"href":"https:\/\/schoenstatt.com\/de\/wp-json\/wp\/v2\/posts"}],"about":[{"href":"https:\/\/schoenstatt.com\/de\/wp-json\/wp\/v2\/types\/post"}],"author":[{"embeddable":true,"href":"https:\/\/schoenstatt.com\/de\/wp-json\/wp\/v2\/users\/1"}],"replies":[{"embeddable":true,"href":"https:\/\/schoenstatt.com\/de\/wp-json\/wp\/v2\/comments?post=50530"}],"version-history":[{"count":1,"href":"https:\/\/schoenstatt.com\/de\/wp-json\/wp\/v2\/posts\/50530\/revisions"}],"predecessor-version":[{"id":50624,"href":"https:\/\/schoenstatt.com\/de\/wp-json\/wp\/v2\/posts\/50530\/revisions\/50624"}],"wp:featuredmedia":[{"embeddable":true,"href":"https:\/\/schoenstatt.com\/de\/wp-json\/wp\/v2\/media\/27757"}],"wp:attachment":[{"href":"https:\/\/schoenstatt.com\/de\/wp-json\/wp\/v2\/media?parent=50530"}],"wp:term":[{"taxonomy":"category","embeddable":true,"href":"https:\/\/schoenstatt.com\/de\/wp-json\/wp\/v2\/categories?post=50530"},{"taxonomy":"post_tag","embeddable":true,"href":"https:\/\/schoenstatt.com\/de\/wp-json\/wp\/v2\/tags?post=50530"}],"curies":[{"name":"wp","href":"https:\/\/api.w.org\/{rel}","templated":true}]}}