{"id":50124,"date":"2023-01-25T16:49:58","date_gmt":"2023-01-25T15:49:58","guid":{"rendered":"https:\/\/schoenstattdev.wpenginepowered.com\/?p=29084"},"modified":"2025-05-15T20:41:20","modified_gmt":"2025-05-15T18:41:20","slug":"oblaten-treffen-in-otwock-polen","status":"publish","type":"post","link":"https:\/\/schoenstatt.com\/de\/oblaten-treffen-in-otwock-polen\/","title":{"rendered":"\u201eOblaten-Treffen\u201c in Otwock, Polen"},"content":{"rendered":"<p>Gem\u00e4\u00df der Sch\u00f6nstatt-Tradition fand am 8. Januar 2023 in der Pfarrei Unsere Liebe Frau K\u00f6nigin von Polen in Otwock ein \u201eOblaten-Treffen\u201c statt. Es geh\u00f6rt zu den Br\u00e4uchen in unserem Land, dass sich das weihnachtliche Begr\u00fc\u00dfen und W\u00fcnschen mit dem Brechen von Oblaten verbindet. So nennen wir unsere Weihnachtsfeier auch \u201eOblaten-Treffen\u201c.<\/p>\n<h3>Heilige Messe und Weihnachtssegen<\/h3>\n<p>Familien aus der n\u00e4heren und weiteren Umgebung, von neu gegr\u00fcndeten Gruppen und von seit Jahren bestehenden Gruppierungen, folgten der Einladung. Das Treffen begann mit der Feier der hl. Messe in der Kirche.<\/p>\n<p>Anschlie\u00dfend begaben sich die G\u00e4ste in den Pfarrsaal in der Unterkirche, wo Pater Andrzej die zahlreich versammelten Familien begr\u00fc\u00dfte und allen seinen priesterlichen Weihnachtssegen spendete.<\/p>\n<h3>Krippenspiel<\/h3>\n<p><img fetchpriority=\"high\" decoding=\"async\" class=\"aligncenter wp-image-29066 size-large\" src=\"https:\/\/schoenstatt.com\/wp-content\/uploads\/2023\/01\/VideoCapture_20230114-0809031-1-1024x497.jpg\" alt=\"Oblaten-Treffen\" width=\"840\" height=\"408\" \/><\/p>\n<p>Der H\u00f6hepunkt des Treffens war das Krippenspiel, das in diesem Jahr von der Sch\u00f6nstattjugend selbst vorbereitet wurde. Wer diese Auff\u00fchrung nicht gesehen hat, hat wirklich etwas verpasst, denn sie war fantastisch und sehr originell, nicht zuletzt, weil eine der Szenen in einem Krei\u00dfsaal stattfand! Die Jugendlichen \u00fcberraschten das Publikum und r\u00fchrten einige zu Tr\u00e4nen, nat\u00fcrlich zu Tr\u00e4nen der Freude. Ein gro\u00dfer Applaus geb\u00fchrt den jungen Leuten, die gro\u00dfe Kreativit\u00e4t und au\u00dferordentliches schauspielerisches Talent sowie einen ausgepr\u00e4gten Sinn f\u00fcr Humor bewiesen haben.<\/p>\n<h3>S\u00fc\u00dfigkeiten, Weihnachtslieder und der Weihnachtsmann<\/h3>\n<p>Das Treffen konnte nicht ohne S\u00fc\u00dfigkeiten und Weihnachtslieder auskommen. Eine Gesangsgruppe aus Zielonka unter der Leitung von Schwester M. Zoja, einer vielseitig begabten Musikerin, verlieh dem Abend besonderen Glanz.<\/p>\n<p>Der von den j\u00fcngsten Teilnehmern lang ersehnte Gast war nat\u00fcrlich der Weihnachtsmann, der den Kindern S\u00fc\u00dfigkeiten \u00fcberreichte.<\/p>\n<p>Wir danken allen, die zur Organisation dieses besonderen Treffens beigetragen haben, sowie den G\u00e4sten. Mit ihrer Anwesenheit und ihrem Engagement haben sie der Gottesmutter eine unbeschreibliche Freude bereitet, denn f\u00fcr sie ist es das sch\u00f6nste Geschenk, wenn alle, die sich ihr verbunden wissen, im Glauben geeint sind und eine frohe, starke Gemeinschaft aufbauen.<\/p>\n<p>Sie k\u00f6nnen auch lesen: <a href=\"https:\/\/schoenstattdev.wpenginepowered.com\/de\/lander\/ukrainische-fluechtlinge-erhalten-hilfe-in-polen-sie-ertragen-harte-zeiten\/\">Ukrainische Fl\u00fcchtlinge in Polen<\/a><\/p>\n","protected":false},"excerpt":{"rendered":"<p>Gem\u00e4\u00df der Sch\u00f6nstatt-Tradition fand am 8. Januar 2023 in der Pfarrei Unsere Liebe Frau K\u00f6nigin von Polen in Otwock ein \u201eOblaten-Treffen\u201c statt. <\/p>\n","protected":false},"author":1,"featured_media":29062,"comment_status":"closed","ping_status":"closed","sticky":false,"template":"","format":"standard","meta":{"footnotes":""},"categories":[678,914],"tags":[],"class_list":["post-50124","post","type-post","status-publish","format-standard","has-post-thumbnail","hentry","category-lander-de","category-spiritualitat-de"],"yoast_head":"<!-- This site is optimized with the Yoast SEO Premium plugin v27.4 (Yoast SEO v27.5) - https:\/\/yoast.com\/product\/yoast-seo-premium-wordpress\/ -->\n<title>\u201eOblaten-Treffen\u201c in Otwock, Polen - Schoenstatt<\/title>\n<meta name=\"description\" content=\"\u201eOblaten-Treffen\u201c - Es ist ein Brauch in Polen, dass sich das weihnachtliche Begr\u00fc\u00dfen und W\u00fcnschen mit dem Brechen von Oblaten verbindet.\" \/>\n<meta name=\"robots\" content=\"index, follow, max-snippet:-1, max-image-preview:large, max-video-preview:-1\" \/>\n<link rel=\"canonical\" href=\"https:\/\/schoenstatt.com\/de\/oblaten-treffen-in-otwock-polen\/\" \/>\n<meta property=\"og:locale\" content=\"de_DE\" \/>\n<meta property=\"og:type\" content=\"article\" \/>\n<meta property=\"og:title\" content=\"\u201eOblaten-Treffen\u201c in Otwock, Polen\" \/>\n<meta property=\"og:description\" content=\"\u201eOblaten-Treffen\u201c - Es ist ein Brauch in Polen, dass sich das weihnachtliche Begr\u00fc\u00dfen und W\u00fcnschen mit dem Brechen von Oblaten verbindet.\" \/>\n<meta property=\"og:url\" content=\"https:\/\/schoenstatt.com\/de\/oblaten-treffen-in-otwock-polen\/\" \/>\n<meta property=\"og:site_name\" content=\"Schoenstatt\" \/>\n<meta property=\"article:published_time\" content=\"2023-01-25T15:49:58+00:00\" \/>\n<meta property=\"article:modified_time\" content=\"2025-05-15T18:41:20+00:00\" \/>\n<meta property=\"og:image\" content=\"https:\/\/schoenstatt.com\/wp-content\/uploads\/2023\/01\/VideoCapture_20230108-2109341-1.jpg\" \/>\n\t<meta property=\"og:image:width\" content=\"2224\" \/>\n\t<meta property=\"og:image:height\" content=\"1080\" \/>\n\t<meta property=\"og:image:type\" content=\"image\/jpeg\" \/>\n<meta name=\"author\" content=\"admin\" \/>\n<meta name=\"twitter:card\" content=\"summary_large_image\" \/>\n<meta name=\"twitter:label1\" content=\"Verfasst von\" \/>\n\t<meta name=\"twitter:data1\" content=\"admin\" \/>\n\t<meta name=\"twitter:label2\" content=\"Gesch\u00e4tzte Lesezeit\" \/>\n\t<meta name=\"twitter:data2\" content=\"2\u00a0Minuten\" \/>\n<script type=\"application\/ld+json\" class=\"yoast-schema-graph\">{\"@context\":\"https:\\\/\\\/schema.org\",\"@graph\":[{\"@type\":\"Article\",\"@id\":\"https:\\\/\\\/schoenstatt.com\\\/de\\\/oblaten-treffen-in-otwock-polen\\\/#article\",\"isPartOf\":{\"@id\":\"https:\\\/\\\/schoenstatt.com\\\/de\\\/oblaten-treffen-in-otwock-polen\\\/\"},\"author\":{\"name\":\"admin\",\"@id\":\"https:\\\/\\\/schoenstatt.com\\\/de\\\/#\\\/schema\\\/person\\\/489465b1850e7b216fe2c10dfc262551\"},\"headline\":\"\u201eOblaten-Treffen\u201c in Otwock, Polen\",\"datePublished\":\"2023-01-25T15:49:58+00:00\",\"dateModified\":\"2025-05-15T18:41:20+00:00\",\"mainEntityOfPage\":{\"@id\":\"https:\\\/\\\/schoenstatt.com\\\/de\\\/oblaten-treffen-in-otwock-polen\\\/\"},\"wordCount\":343,\"publisher\":{\"@id\":\"https:\\\/\\\/schoenstatt.com\\\/de\\\/#organization\"},\"image\":{\"@id\":\"https:\\\/\\\/schoenstatt.com\\\/de\\\/oblaten-treffen-in-otwock-polen\\\/#primaryimage\"},\"thumbnailUrl\":\"https:\\\/\\\/schoenstatt.com\\\/wp-content\\\/uploads\\\/2023\\\/01\\\/VideoCapture_20230108-2109341-1.jpg\",\"articleSection\":[\"L\u00e4nder\",\"Spiritualit\u00e4t\"],\"inLanguage\":\"de\"},{\"@type\":\"WebPage\",\"@id\":\"https:\\\/\\\/schoenstatt.com\\\/de\\\/oblaten-treffen-in-otwock-polen\\\/\",\"url\":\"https:\\\/\\\/schoenstatt.com\\\/de\\\/oblaten-treffen-in-otwock-polen\\\/\",\"name\":\"\u201eOblaten-Treffen\u201c in Otwock, Polen - Schoenstatt\",\"isPartOf\":{\"@id\":\"https:\\\/\\\/schoenstatt.com\\\/de\\\/#website\"},\"primaryImageOfPage\":{\"@id\":\"https:\\\/\\\/schoenstatt.com\\\/de\\\/oblaten-treffen-in-otwock-polen\\\/#primaryimage\"},\"image\":{\"@id\":\"https:\\\/\\\/schoenstatt.com\\\/de\\\/oblaten-treffen-in-otwock-polen\\\/#primaryimage\"},\"thumbnailUrl\":\"https:\\\/\\\/schoenstatt.com\\\/wp-content\\\/uploads\\\/2023\\\/01\\\/VideoCapture_20230108-2109341-1.jpg\",\"datePublished\":\"2023-01-25T15:49:58+00:00\",\"dateModified\":\"2025-05-15T18:41:20+00:00\",\"description\":\"\u201eOblaten-Treffen\u201c - Es ist ein Brauch in Polen, dass sich das weihnachtliche Begr\u00fc\u00dfen und W\u00fcnschen mit dem Brechen von Oblaten verbindet.\",\"breadcrumb\":{\"@id\":\"https:\\\/\\\/schoenstatt.com\\\/de\\\/oblaten-treffen-in-otwock-polen\\\/#breadcrumb\"},\"inLanguage\":\"de\",\"potentialAction\":[{\"@type\":\"ReadAction\",\"target\":[\"https:\\\/\\\/schoenstatt.com\\\/de\\\/oblaten-treffen-in-otwock-polen\\\/\"]}]},{\"@type\":\"ImageObject\",\"inLanguage\":\"de\",\"@id\":\"https:\\\/\\\/schoenstatt.com\\\/de\\\/oblaten-treffen-in-otwock-polen\\\/#primaryimage\",\"url\":\"https:\\\/\\\/schoenstatt.com\\\/wp-content\\\/uploads\\\/2023\\\/01\\\/VideoCapture_20230108-2109341-1.jpg\",\"contentUrl\":\"https:\\\/\\\/schoenstatt.com\\\/wp-content\\\/uploads\\\/2023\\\/01\\\/VideoCapture_20230108-2109341-1.jpg\",\"width\":2224,\"height\":1080,\"caption\":\"Otwock\"},{\"@type\":\"BreadcrumbList\",\"@id\":\"https:\\\/\\\/schoenstatt.com\\\/de\\\/oblaten-treffen-in-otwock-polen\\\/#breadcrumb\",\"itemListElement\":[{\"@type\":\"ListItem\",\"position\":1,\"name\":\"Portada\",\"item\":\"https:\\\/\\\/schoenstatt.com\\\/de\\\/home\\\/\"},{\"@type\":\"ListItem\",\"position\":2,\"name\":\"\u201eOblaten-Treffen\u201c in Otwock, Polen\"}]},{\"@type\":\"WebSite\",\"@id\":\"https:\\\/\\\/schoenstatt.com\\\/de\\\/#website\",\"url\":\"https:\\\/\\\/schoenstatt.com\\\/de\\\/\",\"name\":\"Schoenstatt\",\"description\":\"Apostolic Movement\",\"publisher\":{\"@id\":\"https:\\\/\\\/schoenstatt.com\\\/de\\\/#organization\"},\"potentialAction\":[{\"@type\":\"SearchAction\",\"target\":{\"@type\":\"EntryPoint\",\"urlTemplate\":\"https:\\\/\\\/schoenstatt.com\\\/de\\\/?s={search_term_string}\"},\"query-input\":{\"@type\":\"PropertyValueSpecification\",\"valueRequired\":true,\"valueName\":\"search_term_string\"}}],\"inLanguage\":\"de\"},{\"@type\":\"Organization\",\"@id\":\"https:\\\/\\\/schoenstatt.com\\\/de\\\/#organization\",\"name\":\"Schoenstatt\",\"url\":\"https:\\\/\\\/schoenstatt.com\\\/de\\\/\",\"logo\":{\"@type\":\"ImageObject\",\"inLanguage\":\"de\",\"@id\":\"https:\\\/\\\/schoenstatt.com\\\/de\\\/#\\\/schema\\\/logo\\\/image\\\/\",\"url\":\"https:\\\/\\\/schoenstatt.com\\\/wp-content\\\/uploads\\\/2025\\\/04\\\/logo-schoenstatt-white-696x696-1.png\",\"contentUrl\":\"https:\\\/\\\/schoenstatt.com\\\/wp-content\\\/uploads\\\/2025\\\/04\\\/logo-schoenstatt-white-696x696-1.png\",\"width\":696,\"height\":694,\"caption\":\"Schoenstatt\"},\"image\":{\"@id\":\"https:\\\/\\\/schoenstatt.com\\\/de\\\/#\\\/schema\\\/logo\\\/image\\\/\"}},{\"@type\":\"Person\",\"@id\":\"https:\\\/\\\/schoenstatt.com\\\/de\\\/#\\\/schema\\\/person\\\/489465b1850e7b216fe2c10dfc262551\",\"name\":\"admin\",\"image\":{\"@type\":\"ImageObject\",\"inLanguage\":\"de\",\"@id\":\"https:\\\/\\\/secure.gravatar.com\\\/avatar\\\/02e8345e1ec40ab0e0a2a98fdde64a684bbaf994cddcb778b25b8b024ee9dfe6?s=96&d=mm&r=g\",\"url\":\"https:\\\/\\\/secure.gravatar.com\\\/avatar\\\/02e8345e1ec40ab0e0a2a98fdde64a684bbaf994cddcb778b25b8b024ee9dfe6?s=96&d=mm&r=g\",\"contentUrl\":\"https:\\\/\\\/secure.gravatar.com\\\/avatar\\\/02e8345e1ec40ab0e0a2a98fdde64a684bbaf994cddcb778b25b8b024ee9dfe6?s=96&d=mm&r=g\",\"caption\":\"admin\"},\"sameAs\":[\"https:\\\/\\\/schoenstatt.com\"],\"url\":\"https:\\\/\\\/schoenstatt.com\\\/de\\\/author\\\/admin\\\/\"}]}<\/script>\n<!-- \/ Yoast SEO Premium plugin. -->","yoast_head_json":{"title":"\u201eOblaten-Treffen\u201c in Otwock, Polen - Schoenstatt","description":"\u201eOblaten-Treffen\u201c - Es ist ein Brauch in Polen, dass sich das weihnachtliche Begr\u00fc\u00dfen und W\u00fcnschen mit dem Brechen von Oblaten verbindet.","robots":{"index":"index","follow":"follow","max-snippet":"max-snippet:-1","max-image-preview":"max-image-preview:large","max-video-preview":"max-video-preview:-1"},"canonical":"https:\/\/schoenstatt.com\/de\/oblaten-treffen-in-otwock-polen\/","og_locale":"de_DE","og_type":"article","og_title":"\u201eOblaten-Treffen\u201c in Otwock, Polen","og_description":"\u201eOblaten-Treffen\u201c - Es ist ein Brauch in Polen, dass sich das weihnachtliche Begr\u00fc\u00dfen und W\u00fcnschen mit dem Brechen von Oblaten verbindet.","og_url":"https:\/\/schoenstatt.com\/de\/oblaten-treffen-in-otwock-polen\/","og_site_name":"Schoenstatt","article_published_time":"2023-01-25T15:49:58+00:00","article_modified_time":"2025-05-15T18:41:20+00:00","og_image":[{"width":2224,"height":1080,"url":"https:\/\/schoenstatt.com\/wp-content\/uploads\/2023\/01\/VideoCapture_20230108-2109341-1.jpg","type":"image\/jpeg"}],"author":"admin","twitter_card":"summary_large_image","twitter_misc":{"Verfasst von":"admin","Gesch\u00e4tzte Lesezeit":"2\u00a0Minuten"},"schema":{"@context":"https:\/\/schema.org","@graph":[{"@type":"Article","@id":"https:\/\/schoenstatt.com\/de\/oblaten-treffen-in-otwock-polen\/#article","isPartOf":{"@id":"https:\/\/schoenstatt.com\/de\/oblaten-treffen-in-otwock-polen\/"},"author":{"name":"admin","@id":"https:\/\/schoenstatt.com\/de\/#\/schema\/person\/489465b1850e7b216fe2c10dfc262551"},"headline":"\u201eOblaten-Treffen\u201c in Otwock, Polen","datePublished":"2023-01-25T15:49:58+00:00","dateModified":"2025-05-15T18:41:20+00:00","mainEntityOfPage":{"@id":"https:\/\/schoenstatt.com\/de\/oblaten-treffen-in-otwock-polen\/"},"wordCount":343,"publisher":{"@id":"https:\/\/schoenstatt.com\/de\/#organization"},"image":{"@id":"https:\/\/schoenstatt.com\/de\/oblaten-treffen-in-otwock-polen\/#primaryimage"},"thumbnailUrl":"https:\/\/schoenstatt.com\/wp-content\/uploads\/2023\/01\/VideoCapture_20230108-2109341-1.jpg","articleSection":["L\u00e4nder","Spiritualit\u00e4t"],"inLanguage":"de"},{"@type":"WebPage","@id":"https:\/\/schoenstatt.com\/de\/oblaten-treffen-in-otwock-polen\/","url":"https:\/\/schoenstatt.com\/de\/oblaten-treffen-in-otwock-polen\/","name":"\u201eOblaten-Treffen\u201c in Otwock, Polen - Schoenstatt","isPartOf":{"@id":"https:\/\/schoenstatt.com\/de\/#website"},"primaryImageOfPage":{"@id":"https:\/\/schoenstatt.com\/de\/oblaten-treffen-in-otwock-polen\/#primaryimage"},"image":{"@id":"https:\/\/schoenstatt.com\/de\/oblaten-treffen-in-otwock-polen\/#primaryimage"},"thumbnailUrl":"https:\/\/schoenstatt.com\/wp-content\/uploads\/2023\/01\/VideoCapture_20230108-2109341-1.jpg","datePublished":"2023-01-25T15:49:58+00:00","dateModified":"2025-05-15T18:41:20+00:00","description":"\u201eOblaten-Treffen\u201c - Es ist ein Brauch in Polen, dass sich das weihnachtliche Begr\u00fc\u00dfen und W\u00fcnschen mit dem Brechen von Oblaten verbindet.","breadcrumb":{"@id":"https:\/\/schoenstatt.com\/de\/oblaten-treffen-in-otwock-polen\/#breadcrumb"},"inLanguage":"de","potentialAction":[{"@type":"ReadAction","target":["https:\/\/schoenstatt.com\/de\/oblaten-treffen-in-otwock-polen\/"]}]},{"@type":"ImageObject","inLanguage":"de","@id":"https:\/\/schoenstatt.com\/de\/oblaten-treffen-in-otwock-polen\/#primaryimage","url":"https:\/\/schoenstatt.com\/wp-content\/uploads\/2023\/01\/VideoCapture_20230108-2109341-1.jpg","contentUrl":"https:\/\/schoenstatt.com\/wp-content\/uploads\/2023\/01\/VideoCapture_20230108-2109341-1.jpg","width":2224,"height":1080,"caption":"Otwock"},{"@type":"BreadcrumbList","@id":"https:\/\/schoenstatt.com\/de\/oblaten-treffen-in-otwock-polen\/#breadcrumb","itemListElement":[{"@type":"ListItem","position":1,"name":"Portada","item":"https:\/\/schoenstatt.com\/de\/home\/"},{"@type":"ListItem","position":2,"name":"\u201eOblaten-Treffen\u201c in Otwock, Polen"}]},{"@type":"WebSite","@id":"https:\/\/schoenstatt.com\/de\/#website","url":"https:\/\/schoenstatt.com\/de\/","name":"Schoenstatt","description":"Apostolic Movement","publisher":{"@id":"https:\/\/schoenstatt.com\/de\/#organization"},"potentialAction":[{"@type":"SearchAction","target":{"@type":"EntryPoint","urlTemplate":"https:\/\/schoenstatt.com\/de\/?s={search_term_string}"},"query-input":{"@type":"PropertyValueSpecification","valueRequired":true,"valueName":"search_term_string"}}],"inLanguage":"de"},{"@type":"Organization","@id":"https:\/\/schoenstatt.com\/de\/#organization","name":"Schoenstatt","url":"https:\/\/schoenstatt.com\/de\/","logo":{"@type":"ImageObject","inLanguage":"de","@id":"https:\/\/schoenstatt.com\/de\/#\/schema\/logo\/image\/","url":"https:\/\/schoenstatt.com\/wp-content\/uploads\/2025\/04\/logo-schoenstatt-white-696x696-1.png","contentUrl":"https:\/\/schoenstatt.com\/wp-content\/uploads\/2025\/04\/logo-schoenstatt-white-696x696-1.png","width":696,"height":694,"caption":"Schoenstatt"},"image":{"@id":"https:\/\/schoenstatt.com\/de\/#\/schema\/logo\/image\/"}},{"@type":"Person","@id":"https:\/\/schoenstatt.com\/de\/#\/schema\/person\/489465b1850e7b216fe2c10dfc262551","name":"admin","image":{"@type":"ImageObject","inLanguage":"de","@id":"https:\/\/secure.gravatar.com\/avatar\/02e8345e1ec40ab0e0a2a98fdde64a684bbaf994cddcb778b25b8b024ee9dfe6?s=96&d=mm&r=g","url":"https:\/\/secure.gravatar.com\/avatar\/02e8345e1ec40ab0e0a2a98fdde64a684bbaf994cddcb778b25b8b024ee9dfe6?s=96&d=mm&r=g","contentUrl":"https:\/\/secure.gravatar.com\/avatar\/02e8345e1ec40ab0e0a2a98fdde64a684bbaf994cddcb778b25b8b024ee9dfe6?s=96&d=mm&r=g","caption":"admin"},"sameAs":["https:\/\/schoenstatt.com"],"url":"https:\/\/schoenstatt.com\/de\/author\/admin\/"}]}},"_links":{"self":[{"href":"https:\/\/schoenstatt.com\/de\/wp-json\/wp\/v2\/posts\/50124","targetHints":{"allow":["GET"]}}],"collection":[{"href":"https:\/\/schoenstatt.com\/de\/wp-json\/wp\/v2\/posts"}],"about":[{"href":"https:\/\/schoenstatt.com\/de\/wp-json\/wp\/v2\/types\/post"}],"author":[{"embeddable":true,"href":"https:\/\/schoenstatt.com\/de\/wp-json\/wp\/v2\/users\/1"}],"replies":[{"embeddable":true,"href":"https:\/\/schoenstatt.com\/de\/wp-json\/wp\/v2\/comments?post=50124"}],"version-history":[{"count":1,"href":"https:\/\/schoenstatt.com\/de\/wp-json\/wp\/v2\/posts\/50124\/revisions"}],"predecessor-version":[{"id":50315,"href":"https:\/\/schoenstatt.com\/de\/wp-json\/wp\/v2\/posts\/50124\/revisions\/50315"}],"wp:featuredmedia":[{"embeddable":true,"href":"https:\/\/schoenstatt.com\/de\/wp-json\/wp\/v2\/media\/29062"}],"wp:attachment":[{"href":"https:\/\/schoenstatt.com\/de\/wp-json\/wp\/v2\/media?parent=50124"}],"wp:term":[{"taxonomy":"category","embeddable":true,"href":"https:\/\/schoenstatt.com\/de\/wp-json\/wp\/v2\/categories?post=50124"},{"taxonomy":"post_tag","embeddable":true,"href":"https:\/\/schoenstatt.com\/de\/wp-json\/wp\/v2\/tags?post=50124"}],"curies":[{"name":"wp","href":"https:\/\/api.w.org\/{rel}","templated":true}]}}