{"id":50086,"date":"2023-01-06T11:07:43","date_gmt":"2023-01-06T10:07:43","guid":{"rendered":"https:\/\/schoenstattdev.wpenginepowered.com\/?p=28752"},"modified":"2025-05-15T22:40:14","modified_gmt":"2025-05-15T20:40:14","slug":"die-internationalitaet-und-das-sprudelnde-leben-einfach-stark","status":"publish","type":"post","link":"https:\/\/schoenstatt.com\/de\/die-internationalitaet-und-das-sprudelnde-leben-einfach-stark\/","title":{"rendered":"Die Internationalit\u00e4t und das sprudelnde Leben \u2013 einfach stark"},"content":{"rendered":"<p>\u201eDer Europ\u00e4ische Familienkongress 2004 war f\u00fcr uns am Beginn, als wir Sch\u00f6nstatt kennengelernt hatten, ein einschneidendes Erlebnis\u201c, betonen Maria und Anton Lilek: \u201eDie Internationalit\u00e4t, das sprudelnde Leben, die Begegnung mit Familien aus anderen L\u00e4ndern, die wir vorher nicht kannten und mit denen wir sofort eine Wellenl\u00e4nge und gemeinsame Werte hatten, das war einfach stark. \u2013 Da haben wir gesp\u00fcrt: Hier geh\u00f6ren wir hin, Sch\u00f6nstatt ist unser Weg.\u201c<\/p>\n<h3>Familie \u2013 Hoffnung f\u00fcr die Zukunft<\/h3>\n<p><img fetchpriority=\"high\" decoding=\"async\" class=\"aligncenter wp-image-28688 size-large\" src=\"https:\/\/schoenstattdev.wpenginepowered.com\/wp-content\/uploads\/2023\/01\/IMG_20221119_095850_resized_20221221_114717615-1024x768.jpg\" alt=\" Internationalit\u00e4t \" width=\"840\" height=\"630\" \/><\/p>\n<p>Im weiteren Gespr\u00e4ch machen die beiden deutlich, dass sie sich deshalb entschieden haben, sich f\u00fcr den Europ\u00e4ischen Familienkongress, der im April 2023 dieses Mal in Wien ausgerichtet wird, zu engagieren. Der Kongress wird stattfinden am neu umgebauten Sch\u00f6nstattzentrum in <a href=\"https:\/\/schoenstattdev.wpenginepowered.com\/de\/spiritualitat\/die-tore-der-heiligen-stadt-oeffnen-sich\/\">Sch\u00f6nstatt am Kahlenberg<\/a>.<\/p>\n<p>Beim Treffen des \u201eEuropaforum\u201c \u2013 dem Treffen der verantwortlichen Sch\u00f6nstattfamilien aus 13 L\u00e4ndern Europas \u2013 im Fr\u00fchjahr dieses Jahres in M\u00fcnchen, wurde das Leitwort f\u00fcr den Kongress gemeinsam entschieden:<\/p>\n<blockquote><p>Familie \u2013 Hoffnung f\u00fcr die Zukunft<\/p><\/blockquote>\n<p>Inhalt des Kongresses wird sein: Was braucht es, dass Familie Hoffnung f\u00fcr die Zukunft sein kann?<\/p>\n<h3>Ehe und Familie leben<\/h3>\n<p>Auf dem Hintergrund aktueller Entwicklungen geht es am ersten vollen Tag in Vortr\u00e4gen und Workshops um Vertiefung und Austausch zu:<\/p>\n<p><em><strong>Anteilnehmen und Anteilgeben<\/strong><\/em> \u2013 Kommunikation in der Ehe<br \/>\n<em><strong>Gott in unserer Mitte<\/strong><\/em> \u2013 Ehesakrament und Altarsakrament<br \/>\n<em><strong>R\u00e4ume der Intimit\u00e4t<\/strong><\/em> \u2013 Ganzheitliche Liebe \u2013 Sexualit\u00e4t<br \/>\n<em><strong>Wachsen von innen<\/strong><\/em> \u2013 Eheideal<br \/>\n<em><strong>Sch\u00f6pferisch und nachhaltig gestalten<\/strong><\/em> \u2013 Alternativer Lebensstil<\/p>\n<p><img decoding=\"async\" class=\"aligncenter wp-image-28680 size-large\" src=\"https:\/\/schoenstatt.com\/wp-content\/uploads\/2023\/01\/IMG_20221027_082646_resized_20221213_112732346-1-1024x768.jpg\" alt=\" Internationalit\u00e4t \" width=\"840\" height=\"630\" \/><\/p>\n<p>Am zweiten Tag geht es um Erfahrungsaustausch zu gelungenen Projekten:<\/p>\n<p><img decoding=\"async\" class=\"alignleft size-medium wp-image-28702\" src=\"https:\/\/schoenstattdev.wpenginepowered.com\/wp-content\/uploads\/2023\/01\/IMG-0017-225x300.jpg\" alt=\"\" width=\"225\" height=\"300\" \/><\/p>\n<h3>Ehe und Familie weitergeben<\/h3>\n<p>Am Abschlusstag, dem 1. Mai 2023, wird es eine Schlussbotschaft geben und als H\u00f6hepunkt um 12 Uhr eine Hl. Messe im <a href=\"https:\/\/www.wien.info\/de\/sightseeing\/sehenswuerdigkeiten\/stephansdom-360208\">Stephansdom<\/a> mit dem \u00f6sterreichischen Familienbischof Dr. Hermann Glettler mit M\u00f6glichkeit zur Eheerneuerung der Paare, zu der auch Familien und Interessierte eingeladen sind, die nicht am Kongressteilnehmer sind (sowohl real als auch virtuell).<\/p>\n<p>F\u00fcr alle Kurzentschlossenen gibt es bis 31. Dezember 2022 einen Fr\u00fchbucherbonus!!!<\/p>\n<p><a href=\"https:\/\/schoenstatt.at\/familienkongress2023-en.html\">https:\/\/schoenstatt.at\/familienkongress2023-en.html<\/a><\/p>\n<p><a href=\"https:\/\/schoenstatt.at\/familienkongress2023.html\">https:\/\/schoenstatt.at\/familienkongress2023.html<\/a><\/p>\n","protected":false},"excerpt":{"rendered":"<p>Unter dem Motto &#8222;Familie, Hoffnung f\u00fcr die Zukunft&#8220; bereitet sich Europa auf den kontinentalen Kongress der Sch\u00f6nstatt-Familien vor, der vom 28. April bis 1. Mai im Zentrum der Bewegung am Kahlenberg in Wien stattfindet. <\/p>\n","protected":false},"author":1,"featured_media":28698,"comment_status":"closed","ping_status":"closed","sticky":false,"template":"","format":"standard","meta":{"footnotes":""},"categories":[874,660],"tags":[],"class_list":["post-50086","post","type-post","status-publish","format-standard","has-post-thumbnail","hentry","category-familie-de","category-veranstaltungen-de"],"yoast_head":"<!-- This site is optimized with the Yoast SEO Premium plugin v27.4 (Yoast SEO v27.4) - https:\/\/yoast.com\/product\/yoast-seo-premium-wordpress\/ -->\n<title>Die Internationalit\u00e4t und das sprudelnde Leben \u2013 einfach stark - Schoenstatt<\/title>\n<meta name=\"description\" content=\"Die Internationalit\u00e4t und das sprudelnde Leben \u2013 einfach stark. Kongress der Sch\u00f6nstatt-Familien, vom 28. April bis 1. Mai im Kahlenberg, Wien\" \/>\n<meta name=\"robots\" content=\"index, follow, max-snippet:-1, max-image-preview:large, max-video-preview:-1\" \/>\n<link rel=\"canonical\" href=\"https:\/\/schoenstatt.com\/de\/die-internationalitaet-und-das-sprudelnde-leben-einfach-stark\/\" \/>\n<meta property=\"og:locale\" content=\"de_DE\" \/>\n<meta property=\"og:type\" content=\"article\" \/>\n<meta property=\"og:title\" content=\"Die Internationalit\u00e4t und das sprudelnde Leben \u2013 einfach stark\" \/>\n<meta property=\"og:description\" content=\"Die Internationalit\u00e4t und das sprudelnde Leben \u2013 einfach stark. Kongress der Sch\u00f6nstatt-Familien, vom 28. April bis 1. Mai im Kahlenberg, Wien\" \/>\n<meta property=\"og:url\" content=\"https:\/\/schoenstatt.com\/de\/die-internationalitaet-und-das-sprudelnde-leben-einfach-stark\/\" \/>\n<meta property=\"og:site_name\" content=\"Schoenstatt\" \/>\n<meta property=\"article:published_time\" content=\"2023-01-06T10:07:43+00:00\" \/>\n<meta property=\"article:modified_time\" content=\"2025-05-15T20:40:14+00:00\" \/>\n<meta property=\"og:image\" content=\"https:\/\/schoenstatt.com\/wp-content\/uploads\/2023\/01\/simbolo-Viena-2-1.png\" \/>\n\t<meta property=\"og:image:width\" content=\"788\" \/>\n\t<meta property=\"og:image:height\" content=\"636\" \/>\n\t<meta property=\"og:image:type\" content=\"image\/png\" \/>\n<meta name=\"author\" content=\"admin\" \/>\n<meta name=\"twitter:card\" content=\"summary_large_image\" \/>\n<meta name=\"twitter:label1\" content=\"Verfasst von\" \/>\n\t<meta name=\"twitter:data1\" content=\"admin\" \/>\n\t<meta name=\"twitter:label2\" content=\"Gesch\u00e4tzte Lesezeit\" \/>\n\t<meta name=\"twitter:data2\" content=\"2\u00a0Minuten\" \/>\n<script type=\"application\/ld+json\" class=\"yoast-schema-graph\">{\"@context\":\"https:\\\/\\\/schema.org\",\"@graph\":[{\"@type\":\"Article\",\"@id\":\"https:\\\/\\\/schoenstatt.com\\\/de\\\/die-internationalitaet-und-das-sprudelnde-leben-einfach-stark\\\/#article\",\"isPartOf\":{\"@id\":\"https:\\\/\\\/schoenstatt.com\\\/de\\\/die-internationalitaet-und-das-sprudelnde-leben-einfach-stark\\\/\"},\"author\":{\"name\":\"admin\",\"@id\":\"https:\\\/\\\/schoenstatt.com\\\/de\\\/#\\\/schema\\\/person\\\/489465b1850e7b216fe2c10dfc262551\"},\"headline\":\"Die Internationalit\u00e4t und das sprudelnde Leben \u2013 einfach stark\",\"datePublished\":\"2023-01-06T10:07:43+00:00\",\"dateModified\":\"2025-05-15T20:40:14+00:00\",\"mainEntityOfPage\":{\"@id\":\"https:\\\/\\\/schoenstatt.com\\\/de\\\/die-internationalitaet-und-das-sprudelnde-leben-einfach-stark\\\/\"},\"wordCount\":336,\"publisher\":{\"@id\":\"https:\\\/\\\/schoenstatt.com\\\/de\\\/#organization\"},\"image\":{\"@id\":\"https:\\\/\\\/schoenstatt.com\\\/de\\\/die-internationalitaet-und-das-sprudelnde-leben-einfach-stark\\\/#primaryimage\"},\"thumbnailUrl\":\"https:\\\/\\\/schoenstatt.com\\\/wp-content\\\/uploads\\\/2023\\\/01\\\/simbolo-Viena-2-1.png\",\"articleSection\":[\"Familie\",\"Veranstaltungen\"],\"inLanguage\":\"de\"},{\"@type\":\"WebPage\",\"@id\":\"https:\\\/\\\/schoenstatt.com\\\/de\\\/die-internationalitaet-und-das-sprudelnde-leben-einfach-stark\\\/\",\"url\":\"https:\\\/\\\/schoenstatt.com\\\/de\\\/die-internationalitaet-und-das-sprudelnde-leben-einfach-stark\\\/\",\"name\":\"Die Internationalit\u00e4t und das sprudelnde Leben \u2013 einfach stark - Schoenstatt\",\"isPartOf\":{\"@id\":\"https:\\\/\\\/schoenstatt.com\\\/de\\\/#website\"},\"primaryImageOfPage\":{\"@id\":\"https:\\\/\\\/schoenstatt.com\\\/de\\\/die-internationalitaet-und-das-sprudelnde-leben-einfach-stark\\\/#primaryimage\"},\"image\":{\"@id\":\"https:\\\/\\\/schoenstatt.com\\\/de\\\/die-internationalitaet-und-das-sprudelnde-leben-einfach-stark\\\/#primaryimage\"},\"thumbnailUrl\":\"https:\\\/\\\/schoenstatt.com\\\/wp-content\\\/uploads\\\/2023\\\/01\\\/simbolo-Viena-2-1.png\",\"datePublished\":\"2023-01-06T10:07:43+00:00\",\"dateModified\":\"2025-05-15T20:40:14+00:00\",\"description\":\"Die Internationalit\u00e4t und das sprudelnde Leben \u2013 einfach stark. Kongress der Sch\u00f6nstatt-Familien, vom 28. April bis 1. Mai im Kahlenberg, Wien\",\"breadcrumb\":{\"@id\":\"https:\\\/\\\/schoenstatt.com\\\/de\\\/die-internationalitaet-und-das-sprudelnde-leben-einfach-stark\\\/#breadcrumb\"},\"inLanguage\":\"de\",\"potentialAction\":[{\"@type\":\"ReadAction\",\"target\":[\"https:\\\/\\\/schoenstatt.com\\\/de\\\/die-internationalitaet-und-das-sprudelnde-leben-einfach-stark\\\/\"]}]},{\"@type\":\"ImageObject\",\"inLanguage\":\"de\",\"@id\":\"https:\\\/\\\/schoenstatt.com\\\/de\\\/die-internationalitaet-und-das-sprudelnde-leben-einfach-stark\\\/#primaryimage\",\"url\":\"https:\\\/\\\/schoenstatt.com\\\/wp-content\\\/uploads\\\/2023\\\/01\\\/simbolo-Viena-2-1.png\",\"contentUrl\":\"https:\\\/\\\/schoenstatt.com\\\/wp-content\\\/uploads\\\/2023\\\/01\\\/simbolo-Viena-2-1.png\",\"width\":788,\"height\":636,\"caption\":\"European Congress\"},{\"@type\":\"BreadcrumbList\",\"@id\":\"https:\\\/\\\/schoenstatt.com\\\/de\\\/die-internationalitaet-und-das-sprudelnde-leben-einfach-stark\\\/#breadcrumb\",\"itemListElement\":[{\"@type\":\"ListItem\",\"position\":1,\"name\":\"Portada\",\"item\":\"https:\\\/\\\/schoenstatt.com\\\/de\\\/home\\\/\"},{\"@type\":\"ListItem\",\"position\":2,\"name\":\"Die Internationalit\u00e4t und das sprudelnde Leben \u2013 einfach stark\"}]},{\"@type\":\"WebSite\",\"@id\":\"https:\\\/\\\/schoenstatt.com\\\/de\\\/#website\",\"url\":\"https:\\\/\\\/schoenstatt.com\\\/de\\\/\",\"name\":\"Schoenstatt\",\"description\":\"Apostolic Movement\",\"publisher\":{\"@id\":\"https:\\\/\\\/schoenstatt.com\\\/de\\\/#organization\"},\"potentialAction\":[{\"@type\":\"SearchAction\",\"target\":{\"@type\":\"EntryPoint\",\"urlTemplate\":\"https:\\\/\\\/schoenstatt.com\\\/de\\\/?s={search_term_string}\"},\"query-input\":{\"@type\":\"PropertyValueSpecification\",\"valueRequired\":true,\"valueName\":\"search_term_string\"}}],\"inLanguage\":\"de\"},{\"@type\":\"Organization\",\"@id\":\"https:\\\/\\\/schoenstatt.com\\\/de\\\/#organization\",\"name\":\"Schoenstatt\",\"url\":\"https:\\\/\\\/schoenstatt.com\\\/de\\\/\",\"logo\":{\"@type\":\"ImageObject\",\"inLanguage\":\"de\",\"@id\":\"https:\\\/\\\/schoenstatt.com\\\/de\\\/#\\\/schema\\\/logo\\\/image\\\/\",\"url\":\"https:\\\/\\\/schoenstatt.com\\\/wp-content\\\/uploads\\\/2025\\\/04\\\/logo-schoenstatt-white-696x696-1.png\",\"contentUrl\":\"https:\\\/\\\/schoenstatt.com\\\/wp-content\\\/uploads\\\/2025\\\/04\\\/logo-schoenstatt-white-696x696-1.png\",\"width\":696,\"height\":694,\"caption\":\"Schoenstatt\"},\"image\":{\"@id\":\"https:\\\/\\\/schoenstatt.com\\\/de\\\/#\\\/schema\\\/logo\\\/image\\\/\"}},{\"@type\":\"Person\",\"@id\":\"https:\\\/\\\/schoenstatt.com\\\/de\\\/#\\\/schema\\\/person\\\/489465b1850e7b216fe2c10dfc262551\",\"name\":\"admin\",\"image\":{\"@type\":\"ImageObject\",\"inLanguage\":\"de\",\"@id\":\"https:\\\/\\\/secure.gravatar.com\\\/avatar\\\/02e8345e1ec40ab0e0a2a98fdde64a684bbaf994cddcb778b25b8b024ee9dfe6?s=96&d=mm&r=g\",\"url\":\"https:\\\/\\\/secure.gravatar.com\\\/avatar\\\/02e8345e1ec40ab0e0a2a98fdde64a684bbaf994cddcb778b25b8b024ee9dfe6?s=96&d=mm&r=g\",\"contentUrl\":\"https:\\\/\\\/secure.gravatar.com\\\/avatar\\\/02e8345e1ec40ab0e0a2a98fdde64a684bbaf994cddcb778b25b8b024ee9dfe6?s=96&d=mm&r=g\",\"caption\":\"admin\"},\"sameAs\":[\"https:\\\/\\\/schoenstatt.com\"],\"url\":\"https:\\\/\\\/schoenstatt.com\\\/de\\\/author\\\/admin\\\/\"}]}<\/script>\n<!-- \/ Yoast SEO Premium plugin. -->","yoast_head_json":{"title":"Die Internationalit\u00e4t und das sprudelnde Leben \u2013 einfach stark - Schoenstatt","description":"Die Internationalit\u00e4t und das sprudelnde Leben \u2013 einfach stark. Kongress der Sch\u00f6nstatt-Familien, vom 28. April bis 1. Mai im Kahlenberg, Wien","robots":{"index":"index","follow":"follow","max-snippet":"max-snippet:-1","max-image-preview":"max-image-preview:large","max-video-preview":"max-video-preview:-1"},"canonical":"https:\/\/schoenstatt.com\/de\/die-internationalitaet-und-das-sprudelnde-leben-einfach-stark\/","og_locale":"de_DE","og_type":"article","og_title":"Die Internationalit\u00e4t und das sprudelnde Leben \u2013 einfach stark","og_description":"Die Internationalit\u00e4t und das sprudelnde Leben \u2013 einfach stark. Kongress der Sch\u00f6nstatt-Familien, vom 28. April bis 1. Mai im Kahlenberg, Wien","og_url":"https:\/\/schoenstatt.com\/de\/die-internationalitaet-und-das-sprudelnde-leben-einfach-stark\/","og_site_name":"Schoenstatt","article_published_time":"2023-01-06T10:07:43+00:00","article_modified_time":"2025-05-15T20:40:14+00:00","og_image":[{"width":788,"height":636,"url":"https:\/\/schoenstatt.com\/wp-content\/uploads\/2023\/01\/simbolo-Viena-2-1.png","type":"image\/png"}],"author":"admin","twitter_card":"summary_large_image","twitter_misc":{"Verfasst von":"admin","Gesch\u00e4tzte Lesezeit":"2\u00a0Minuten"},"schema":{"@context":"https:\/\/schema.org","@graph":[{"@type":"Article","@id":"https:\/\/schoenstatt.com\/de\/die-internationalitaet-und-das-sprudelnde-leben-einfach-stark\/#article","isPartOf":{"@id":"https:\/\/schoenstatt.com\/de\/die-internationalitaet-und-das-sprudelnde-leben-einfach-stark\/"},"author":{"name":"admin","@id":"https:\/\/schoenstatt.com\/de\/#\/schema\/person\/489465b1850e7b216fe2c10dfc262551"},"headline":"Die Internationalit\u00e4t und das sprudelnde Leben \u2013 einfach stark","datePublished":"2023-01-06T10:07:43+00:00","dateModified":"2025-05-15T20:40:14+00:00","mainEntityOfPage":{"@id":"https:\/\/schoenstatt.com\/de\/die-internationalitaet-und-das-sprudelnde-leben-einfach-stark\/"},"wordCount":336,"publisher":{"@id":"https:\/\/schoenstatt.com\/de\/#organization"},"image":{"@id":"https:\/\/schoenstatt.com\/de\/die-internationalitaet-und-das-sprudelnde-leben-einfach-stark\/#primaryimage"},"thumbnailUrl":"https:\/\/schoenstatt.com\/wp-content\/uploads\/2023\/01\/simbolo-Viena-2-1.png","articleSection":["Familie","Veranstaltungen"],"inLanguage":"de"},{"@type":"WebPage","@id":"https:\/\/schoenstatt.com\/de\/die-internationalitaet-und-das-sprudelnde-leben-einfach-stark\/","url":"https:\/\/schoenstatt.com\/de\/die-internationalitaet-und-das-sprudelnde-leben-einfach-stark\/","name":"Die Internationalit\u00e4t und das sprudelnde Leben \u2013 einfach stark - Schoenstatt","isPartOf":{"@id":"https:\/\/schoenstatt.com\/de\/#website"},"primaryImageOfPage":{"@id":"https:\/\/schoenstatt.com\/de\/die-internationalitaet-und-das-sprudelnde-leben-einfach-stark\/#primaryimage"},"image":{"@id":"https:\/\/schoenstatt.com\/de\/die-internationalitaet-und-das-sprudelnde-leben-einfach-stark\/#primaryimage"},"thumbnailUrl":"https:\/\/schoenstatt.com\/wp-content\/uploads\/2023\/01\/simbolo-Viena-2-1.png","datePublished":"2023-01-06T10:07:43+00:00","dateModified":"2025-05-15T20:40:14+00:00","description":"Die Internationalit\u00e4t und das sprudelnde Leben \u2013 einfach stark. Kongress der Sch\u00f6nstatt-Familien, vom 28. April bis 1. Mai im Kahlenberg, Wien","breadcrumb":{"@id":"https:\/\/schoenstatt.com\/de\/die-internationalitaet-und-das-sprudelnde-leben-einfach-stark\/#breadcrumb"},"inLanguage":"de","potentialAction":[{"@type":"ReadAction","target":["https:\/\/schoenstatt.com\/de\/die-internationalitaet-und-das-sprudelnde-leben-einfach-stark\/"]}]},{"@type":"ImageObject","inLanguage":"de","@id":"https:\/\/schoenstatt.com\/de\/die-internationalitaet-und-das-sprudelnde-leben-einfach-stark\/#primaryimage","url":"https:\/\/schoenstatt.com\/wp-content\/uploads\/2023\/01\/simbolo-Viena-2-1.png","contentUrl":"https:\/\/schoenstatt.com\/wp-content\/uploads\/2023\/01\/simbolo-Viena-2-1.png","width":788,"height":636,"caption":"European Congress"},{"@type":"BreadcrumbList","@id":"https:\/\/schoenstatt.com\/de\/die-internationalitaet-und-das-sprudelnde-leben-einfach-stark\/#breadcrumb","itemListElement":[{"@type":"ListItem","position":1,"name":"Portada","item":"https:\/\/schoenstatt.com\/de\/home\/"},{"@type":"ListItem","position":2,"name":"Die Internationalit\u00e4t und das sprudelnde Leben \u2013 einfach stark"}]},{"@type":"WebSite","@id":"https:\/\/schoenstatt.com\/de\/#website","url":"https:\/\/schoenstatt.com\/de\/","name":"Schoenstatt","description":"Apostolic Movement","publisher":{"@id":"https:\/\/schoenstatt.com\/de\/#organization"},"potentialAction":[{"@type":"SearchAction","target":{"@type":"EntryPoint","urlTemplate":"https:\/\/schoenstatt.com\/de\/?s={search_term_string}"},"query-input":{"@type":"PropertyValueSpecification","valueRequired":true,"valueName":"search_term_string"}}],"inLanguage":"de"},{"@type":"Organization","@id":"https:\/\/schoenstatt.com\/de\/#organization","name":"Schoenstatt","url":"https:\/\/schoenstatt.com\/de\/","logo":{"@type":"ImageObject","inLanguage":"de","@id":"https:\/\/schoenstatt.com\/de\/#\/schema\/logo\/image\/","url":"https:\/\/schoenstatt.com\/wp-content\/uploads\/2025\/04\/logo-schoenstatt-white-696x696-1.png","contentUrl":"https:\/\/schoenstatt.com\/wp-content\/uploads\/2025\/04\/logo-schoenstatt-white-696x696-1.png","width":696,"height":694,"caption":"Schoenstatt"},"image":{"@id":"https:\/\/schoenstatt.com\/de\/#\/schema\/logo\/image\/"}},{"@type":"Person","@id":"https:\/\/schoenstatt.com\/de\/#\/schema\/person\/489465b1850e7b216fe2c10dfc262551","name":"admin","image":{"@type":"ImageObject","inLanguage":"de","@id":"https:\/\/secure.gravatar.com\/avatar\/02e8345e1ec40ab0e0a2a98fdde64a684bbaf994cddcb778b25b8b024ee9dfe6?s=96&d=mm&r=g","url":"https:\/\/secure.gravatar.com\/avatar\/02e8345e1ec40ab0e0a2a98fdde64a684bbaf994cddcb778b25b8b024ee9dfe6?s=96&d=mm&r=g","contentUrl":"https:\/\/secure.gravatar.com\/avatar\/02e8345e1ec40ab0e0a2a98fdde64a684bbaf994cddcb778b25b8b024ee9dfe6?s=96&d=mm&r=g","caption":"admin"},"sameAs":["https:\/\/schoenstatt.com"],"url":"https:\/\/schoenstatt.com\/de\/author\/admin\/"}]}},"_links":{"self":[{"href":"https:\/\/schoenstatt.com\/de\/wp-json\/wp\/v2\/posts\/50086","targetHints":{"allow":["GET"]}}],"collection":[{"href":"https:\/\/schoenstatt.com\/de\/wp-json\/wp\/v2\/posts"}],"about":[{"href":"https:\/\/schoenstatt.com\/de\/wp-json\/wp\/v2\/types\/post"}],"author":[{"embeddable":true,"href":"https:\/\/schoenstatt.com\/de\/wp-json\/wp\/v2\/users\/1"}],"replies":[{"embeddable":true,"href":"https:\/\/schoenstatt.com\/de\/wp-json\/wp\/v2\/comments?post=50086"}],"version-history":[{"count":1,"href":"https:\/\/schoenstatt.com\/de\/wp-json\/wp\/v2\/posts\/50086\/revisions"}],"predecessor-version":[{"id":50172,"href":"https:\/\/schoenstatt.com\/de\/wp-json\/wp\/v2\/posts\/50086\/revisions\/50172"}],"wp:featuredmedia":[{"embeddable":true,"href":"https:\/\/schoenstatt.com\/de\/wp-json\/wp\/v2\/media\/28698"}],"wp:attachment":[{"href":"https:\/\/schoenstatt.com\/de\/wp-json\/wp\/v2\/media?parent=50086"}],"wp:term":[{"taxonomy":"category","embeddable":true,"href":"https:\/\/schoenstatt.com\/de\/wp-json\/wp\/v2\/categories?post=50086"},{"taxonomy":"post_tag","embeddable":true,"href":"https:\/\/schoenstatt.com\/de\/wp-json\/wp\/v2\/tags?post=50086"}],"curies":[{"name":"wp","href":"https:\/\/api.w.org\/{rel}","templated":true}]}}