{"id":49990,"date":"2023-02-01T10:10:32","date_gmt":"2023-02-01T09:10:32","guid":{"rendered":"https:\/\/schoenstattdev.wpenginepowered.com\/?p=29125"},"modified":"2025-05-15T20:08:13","modified_gmt":"2025-05-15T18:08:13","slug":"februar-fuer-die-pfarreien","status":"publish","type":"post","link":"https:\/\/schoenstatt.com\/de\/februar-fuer-die-pfarreien\/","title":{"rendered":"FEBRUAR | F\u00fcr die Pfarreien"},"content":{"rendered":"<p>Manchmal denke ich, dass wir ein Schild mit der Aufschrift <em><strong>\u201eEintritt frei\u201c<\/strong><\/em> an die T\u00fcr der Pfarreien h\u00e4ngen sollten.<br \/>\nDie Pfarreien m\u00fcssen den Menschen nahe, unb\u00fcrokratische Gemeinschaften sein, in deren Mittelpunkt die Personen stehen und in denen das Geschenk der Sakramente empfangen werden kann.<\/p>\n<p>Sie m\u00fcssen wieder zu <a href=\"https:\/\/schoenstattdev.wpenginepowered.com\/de\/kirche\/januar-fuer-die-erziehenden-und-lehrer\/\">Schulen<\/a> des Dienens und der Gro\u00dfherzigkeit werden, deren T\u00fcren immer offen sind f\u00fcr die Ausgeschlossenen. Und f\u00fcr die Mitglieder. F\u00fcr alle.<br \/>\nKirchengemeinden sind kein Club f\u00fcr wenige, der eine gewisse soziale Zugeh\u00f6rigkeit vermittelt.<br \/>\nBitte lasset uns mutig sein!<\/p>\n<h3>Wir alle sollten den Stil unserer Pfarrgemeinden neu \u00fcberdenken.<\/h3>\n<p>Beten wir, dass die Pfarreien das Verbindende miteinander, mit <a href=\"https:\/\/www.vaticannews.va\/de.html\">der Kirche<\/a> und mit Gott in den Mittelpunkt stellen und so immer mehr von Glauben, Geschwisterlichkeit und Offenheit gegen\u00fcber denen, die es am meisten brauchen, erf\u00fcllt werden.<\/p>\n<p><iframe title=\"F\u00fcr die Pfarreien - Das Video vom Papst 2 \u2013  Februar 2023\" width=\"800\" height=\"450\" src=\"https:\/\/www.youtube.com\/embed\/POB2mFCbTH8?feature=oembed\" frameborder=\"0\" allow=\"accelerometer; autoplay; clipboard-write; encrypted-media; gyroscope; picture-in-picture; web-share\" referrerpolicy=\"strict-origin-when-cross-origin\" allowfullscreen><\/iframe><\/p>\n","protected":false},"excerpt":{"rendered":"<p>Beten wir, dass die Pfarreien das Verbindende miteinander und mit Gott in den Mittelpunkt stellen und so immer mehr von Glauben, Geschwisterlichkeit und Offenheit gegen\u00fcber denen, die es am meisten brauchen, erf\u00fcllt werden<\/p>\n","protected":false},"author":1,"featured_media":29115,"comment_status":"closed","ping_status":"closed","sticky":false,"template":"","format":"standard","meta":{"footnotes":""},"categories":[851,852],"tags":[],"class_list":["post-49990","post","type-post","status-publish","format-standard","has-post-thumbnail","hentry","category-kirche-de","category-papst-franziskus-de"],"yoast_head":"<!-- This site is optimized with the Yoast SEO Premium plugin v27.4 (Yoast SEO v27.4) - https:\/\/yoast.com\/product\/yoast-seo-premium-wordpress\/ -->\n<title>FEBRUAR | F\u00fcr die Pfarreien - Schoenstatt<\/title>\n<meta name=\"description\" content=\"FEBRUAR | F\u00fcr die Pfarreien - Beten wir, dass die Pfarreien das Verbindende miteinander und mit Gott in den Mittelpunkt stellen.\" \/>\n<meta name=\"robots\" content=\"index, follow, max-snippet:-1, max-image-preview:large, max-video-preview:-1\" \/>\n<link rel=\"canonical\" href=\"https:\/\/schoenstatt.com\/de\/februar-fuer-die-pfarreien\/\" \/>\n<meta property=\"og:locale\" content=\"de_DE\" \/>\n<meta property=\"og:type\" content=\"article\" \/>\n<meta property=\"og:title\" content=\"FEBRUAR | F\u00fcr die Pfarreien\" \/>\n<meta property=\"og:description\" content=\"FEBRUAR | F\u00fcr die Pfarreien - Beten wir, dass die Pfarreien das Verbindende miteinander und mit Gott in den Mittelpunkt stellen.\" \/>\n<meta property=\"og:url\" content=\"https:\/\/schoenstatt.com\/de\/februar-fuer-die-pfarreien\/\" \/>\n<meta property=\"og:site_name\" content=\"Schoenstatt\" \/>\n<meta property=\"article:published_time\" content=\"2023-02-01T09:10:32+00:00\" \/>\n<meta property=\"article:modified_time\" content=\"2025-05-15T18:08:13+00:00\" \/>\n<meta property=\"og:image\" content=\"https:\/\/schoenstatt.com\/wp-content\/uploads\/2023\/02\/Papa-en-Parroquia-1.png\" \/>\n\t<meta property=\"og:image:width\" content=\"501\" \/>\n\t<meta property=\"og:image:height\" content=\"314\" \/>\n\t<meta property=\"og:image:type\" content=\"image\/png\" \/>\n<meta name=\"author\" content=\"admin\" \/>\n<meta name=\"twitter:card\" content=\"summary_large_image\" \/>\n<meta name=\"twitter:label1\" content=\"Verfasst von\" \/>\n\t<meta name=\"twitter:data1\" content=\"admin\" \/>\n\t<meta name=\"twitter:label2\" content=\"Gesch\u00e4tzte Lesezeit\" \/>\n\t<meta name=\"twitter:data2\" content=\"1\u00a0Minute\" \/>\n<script type=\"application\/ld+json\" class=\"yoast-schema-graph\">{\"@context\":\"https:\\\/\\\/schema.org\",\"@graph\":[{\"@type\":\"Article\",\"@id\":\"https:\\\/\\\/schoenstatt.com\\\/de\\\/februar-fuer-die-pfarreien\\\/#article\",\"isPartOf\":{\"@id\":\"https:\\\/\\\/schoenstatt.com\\\/de\\\/februar-fuer-die-pfarreien\\\/\"},\"author\":{\"name\":\"admin\",\"@id\":\"https:\\\/\\\/schoenstatt.com\\\/de\\\/#\\\/schema\\\/person\\\/489465b1850e7b216fe2c10dfc262551\"},\"headline\":\"FEBRUAR | F\u00fcr die Pfarreien\",\"datePublished\":\"2023-02-01T09:10:32+00:00\",\"dateModified\":\"2025-05-15T18:08:13+00:00\",\"mainEntityOfPage\":{\"@id\":\"https:\\\/\\\/schoenstatt.com\\\/de\\\/februar-fuer-die-pfarreien\\\/\"},\"wordCount\":155,\"publisher\":{\"@id\":\"https:\\\/\\\/schoenstatt.com\\\/de\\\/#organization\"},\"image\":{\"@id\":\"https:\\\/\\\/schoenstatt.com\\\/de\\\/februar-fuer-die-pfarreien\\\/#primaryimage\"},\"thumbnailUrl\":\"https:\\\/\\\/schoenstatt.com\\\/wp-content\\\/uploads\\\/2023\\\/02\\\/Papa-en-Parroquia-1.png\",\"articleSection\":[\"Kirche\",\"Papst Franziskus\"],\"inLanguage\":\"de\"},{\"@type\":\"WebPage\",\"@id\":\"https:\\\/\\\/schoenstatt.com\\\/de\\\/februar-fuer-die-pfarreien\\\/\",\"url\":\"https:\\\/\\\/schoenstatt.com\\\/de\\\/februar-fuer-die-pfarreien\\\/\",\"name\":\"FEBRUAR | F\u00fcr die Pfarreien - Schoenstatt\",\"isPartOf\":{\"@id\":\"https:\\\/\\\/schoenstatt.com\\\/de\\\/#website\"},\"primaryImageOfPage\":{\"@id\":\"https:\\\/\\\/schoenstatt.com\\\/de\\\/februar-fuer-die-pfarreien\\\/#primaryimage\"},\"image\":{\"@id\":\"https:\\\/\\\/schoenstatt.com\\\/de\\\/februar-fuer-die-pfarreien\\\/#primaryimage\"},\"thumbnailUrl\":\"https:\\\/\\\/schoenstatt.com\\\/wp-content\\\/uploads\\\/2023\\\/02\\\/Papa-en-Parroquia-1.png\",\"datePublished\":\"2023-02-01T09:10:32+00:00\",\"dateModified\":\"2025-05-15T18:08:13+00:00\",\"description\":\"FEBRUAR | F\u00fcr die Pfarreien - Beten wir, dass die Pfarreien das Verbindende miteinander und mit Gott in den Mittelpunkt stellen.\",\"breadcrumb\":{\"@id\":\"https:\\\/\\\/schoenstatt.com\\\/de\\\/februar-fuer-die-pfarreien\\\/#breadcrumb\"},\"inLanguage\":\"de\",\"potentialAction\":[{\"@type\":\"ReadAction\",\"target\":[\"https:\\\/\\\/schoenstatt.com\\\/de\\\/februar-fuer-die-pfarreien\\\/\"]}]},{\"@type\":\"ImageObject\",\"inLanguage\":\"de\",\"@id\":\"https:\\\/\\\/schoenstatt.com\\\/de\\\/februar-fuer-die-pfarreien\\\/#primaryimage\",\"url\":\"https:\\\/\\\/schoenstatt.com\\\/wp-content\\\/uploads\\\/2023\\\/02\\\/Papa-en-Parroquia-1.png\",\"contentUrl\":\"https:\\\/\\\/schoenstatt.com\\\/wp-content\\\/uploads\\\/2023\\\/02\\\/Papa-en-Parroquia-1.png\",\"width\":501,\"height\":314,\"caption\":\"L\u00b4osservatore Romano\"},{\"@type\":\"BreadcrumbList\",\"@id\":\"https:\\\/\\\/schoenstatt.com\\\/de\\\/februar-fuer-die-pfarreien\\\/#breadcrumb\",\"itemListElement\":[{\"@type\":\"ListItem\",\"position\":1,\"name\":\"Portada\",\"item\":\"https:\\\/\\\/schoenstatt.com\\\/de\\\/home\\\/\"},{\"@type\":\"ListItem\",\"position\":2,\"name\":\"FEBRUAR | F\u00fcr die Pfarreien\"}]},{\"@type\":\"WebSite\",\"@id\":\"https:\\\/\\\/schoenstatt.com\\\/de\\\/#website\",\"url\":\"https:\\\/\\\/schoenstatt.com\\\/de\\\/\",\"name\":\"Schoenstatt\",\"description\":\"Apostolic Movement\",\"publisher\":{\"@id\":\"https:\\\/\\\/schoenstatt.com\\\/de\\\/#organization\"},\"potentialAction\":[{\"@type\":\"SearchAction\",\"target\":{\"@type\":\"EntryPoint\",\"urlTemplate\":\"https:\\\/\\\/schoenstatt.com\\\/de\\\/?s={search_term_string}\"},\"query-input\":{\"@type\":\"PropertyValueSpecification\",\"valueRequired\":true,\"valueName\":\"search_term_string\"}}],\"inLanguage\":\"de\"},{\"@type\":\"Organization\",\"@id\":\"https:\\\/\\\/schoenstatt.com\\\/de\\\/#organization\",\"name\":\"Schoenstatt\",\"url\":\"https:\\\/\\\/schoenstatt.com\\\/de\\\/\",\"logo\":{\"@type\":\"ImageObject\",\"inLanguage\":\"de\",\"@id\":\"https:\\\/\\\/schoenstatt.com\\\/de\\\/#\\\/schema\\\/logo\\\/image\\\/\",\"url\":\"https:\\\/\\\/schoenstatt.com\\\/wp-content\\\/uploads\\\/2025\\\/04\\\/logo-schoenstatt-white-696x696-1.png\",\"contentUrl\":\"https:\\\/\\\/schoenstatt.com\\\/wp-content\\\/uploads\\\/2025\\\/04\\\/logo-schoenstatt-white-696x696-1.png\",\"width\":696,\"height\":694,\"caption\":\"Schoenstatt\"},\"image\":{\"@id\":\"https:\\\/\\\/schoenstatt.com\\\/de\\\/#\\\/schema\\\/logo\\\/image\\\/\"}},{\"@type\":\"Person\",\"@id\":\"https:\\\/\\\/schoenstatt.com\\\/de\\\/#\\\/schema\\\/person\\\/489465b1850e7b216fe2c10dfc262551\",\"name\":\"admin\",\"image\":{\"@type\":\"ImageObject\",\"inLanguage\":\"de\",\"@id\":\"https:\\\/\\\/secure.gravatar.com\\\/avatar\\\/02e8345e1ec40ab0e0a2a98fdde64a684bbaf994cddcb778b25b8b024ee9dfe6?s=96&d=mm&r=g\",\"url\":\"https:\\\/\\\/secure.gravatar.com\\\/avatar\\\/02e8345e1ec40ab0e0a2a98fdde64a684bbaf994cddcb778b25b8b024ee9dfe6?s=96&d=mm&r=g\",\"contentUrl\":\"https:\\\/\\\/secure.gravatar.com\\\/avatar\\\/02e8345e1ec40ab0e0a2a98fdde64a684bbaf994cddcb778b25b8b024ee9dfe6?s=96&d=mm&r=g\",\"caption\":\"admin\"},\"sameAs\":[\"https:\\\/\\\/schoenstatt.com\"],\"url\":\"https:\\\/\\\/schoenstatt.com\\\/de\\\/author\\\/admin\\\/\"}]}<\/script>\n<!-- \/ Yoast SEO Premium plugin. -->","yoast_head_json":{"title":"FEBRUAR | F\u00fcr die Pfarreien - Schoenstatt","description":"FEBRUAR | F\u00fcr die Pfarreien - Beten wir, dass die Pfarreien das Verbindende miteinander und mit Gott in den Mittelpunkt stellen.","robots":{"index":"index","follow":"follow","max-snippet":"max-snippet:-1","max-image-preview":"max-image-preview:large","max-video-preview":"max-video-preview:-1"},"canonical":"https:\/\/schoenstatt.com\/de\/februar-fuer-die-pfarreien\/","og_locale":"de_DE","og_type":"article","og_title":"FEBRUAR | F\u00fcr die Pfarreien","og_description":"FEBRUAR | F\u00fcr die Pfarreien - Beten wir, dass die Pfarreien das Verbindende miteinander und mit Gott in den Mittelpunkt stellen.","og_url":"https:\/\/schoenstatt.com\/de\/februar-fuer-die-pfarreien\/","og_site_name":"Schoenstatt","article_published_time":"2023-02-01T09:10:32+00:00","article_modified_time":"2025-05-15T18:08:13+00:00","og_image":[{"width":501,"height":314,"url":"https:\/\/schoenstatt.com\/wp-content\/uploads\/2023\/02\/Papa-en-Parroquia-1.png","type":"image\/png"}],"author":"admin","twitter_card":"summary_large_image","twitter_misc":{"Verfasst von":"admin","Gesch\u00e4tzte Lesezeit":"1\u00a0Minute"},"schema":{"@context":"https:\/\/schema.org","@graph":[{"@type":"Article","@id":"https:\/\/schoenstatt.com\/de\/februar-fuer-die-pfarreien\/#article","isPartOf":{"@id":"https:\/\/schoenstatt.com\/de\/februar-fuer-die-pfarreien\/"},"author":{"name":"admin","@id":"https:\/\/schoenstatt.com\/de\/#\/schema\/person\/489465b1850e7b216fe2c10dfc262551"},"headline":"FEBRUAR | F\u00fcr die Pfarreien","datePublished":"2023-02-01T09:10:32+00:00","dateModified":"2025-05-15T18:08:13+00:00","mainEntityOfPage":{"@id":"https:\/\/schoenstatt.com\/de\/februar-fuer-die-pfarreien\/"},"wordCount":155,"publisher":{"@id":"https:\/\/schoenstatt.com\/de\/#organization"},"image":{"@id":"https:\/\/schoenstatt.com\/de\/februar-fuer-die-pfarreien\/#primaryimage"},"thumbnailUrl":"https:\/\/schoenstatt.com\/wp-content\/uploads\/2023\/02\/Papa-en-Parroquia-1.png","articleSection":["Kirche","Papst Franziskus"],"inLanguage":"de"},{"@type":"WebPage","@id":"https:\/\/schoenstatt.com\/de\/februar-fuer-die-pfarreien\/","url":"https:\/\/schoenstatt.com\/de\/februar-fuer-die-pfarreien\/","name":"FEBRUAR | F\u00fcr die Pfarreien - Schoenstatt","isPartOf":{"@id":"https:\/\/schoenstatt.com\/de\/#website"},"primaryImageOfPage":{"@id":"https:\/\/schoenstatt.com\/de\/februar-fuer-die-pfarreien\/#primaryimage"},"image":{"@id":"https:\/\/schoenstatt.com\/de\/februar-fuer-die-pfarreien\/#primaryimage"},"thumbnailUrl":"https:\/\/schoenstatt.com\/wp-content\/uploads\/2023\/02\/Papa-en-Parroquia-1.png","datePublished":"2023-02-01T09:10:32+00:00","dateModified":"2025-05-15T18:08:13+00:00","description":"FEBRUAR | F\u00fcr die Pfarreien - Beten wir, dass die Pfarreien das Verbindende miteinander und mit Gott in den Mittelpunkt stellen.","breadcrumb":{"@id":"https:\/\/schoenstatt.com\/de\/februar-fuer-die-pfarreien\/#breadcrumb"},"inLanguage":"de","potentialAction":[{"@type":"ReadAction","target":["https:\/\/schoenstatt.com\/de\/februar-fuer-die-pfarreien\/"]}]},{"@type":"ImageObject","inLanguage":"de","@id":"https:\/\/schoenstatt.com\/de\/februar-fuer-die-pfarreien\/#primaryimage","url":"https:\/\/schoenstatt.com\/wp-content\/uploads\/2023\/02\/Papa-en-Parroquia-1.png","contentUrl":"https:\/\/schoenstatt.com\/wp-content\/uploads\/2023\/02\/Papa-en-Parroquia-1.png","width":501,"height":314,"caption":"L\u00b4osservatore Romano"},{"@type":"BreadcrumbList","@id":"https:\/\/schoenstatt.com\/de\/februar-fuer-die-pfarreien\/#breadcrumb","itemListElement":[{"@type":"ListItem","position":1,"name":"Portada","item":"https:\/\/schoenstatt.com\/de\/home\/"},{"@type":"ListItem","position":2,"name":"FEBRUAR | F\u00fcr die Pfarreien"}]},{"@type":"WebSite","@id":"https:\/\/schoenstatt.com\/de\/#website","url":"https:\/\/schoenstatt.com\/de\/","name":"Schoenstatt","description":"Apostolic Movement","publisher":{"@id":"https:\/\/schoenstatt.com\/de\/#organization"},"potentialAction":[{"@type":"SearchAction","target":{"@type":"EntryPoint","urlTemplate":"https:\/\/schoenstatt.com\/de\/?s={search_term_string}"},"query-input":{"@type":"PropertyValueSpecification","valueRequired":true,"valueName":"search_term_string"}}],"inLanguage":"de"},{"@type":"Organization","@id":"https:\/\/schoenstatt.com\/de\/#organization","name":"Schoenstatt","url":"https:\/\/schoenstatt.com\/de\/","logo":{"@type":"ImageObject","inLanguage":"de","@id":"https:\/\/schoenstatt.com\/de\/#\/schema\/logo\/image\/","url":"https:\/\/schoenstatt.com\/wp-content\/uploads\/2025\/04\/logo-schoenstatt-white-696x696-1.png","contentUrl":"https:\/\/schoenstatt.com\/wp-content\/uploads\/2025\/04\/logo-schoenstatt-white-696x696-1.png","width":696,"height":694,"caption":"Schoenstatt"},"image":{"@id":"https:\/\/schoenstatt.com\/de\/#\/schema\/logo\/image\/"}},{"@type":"Person","@id":"https:\/\/schoenstatt.com\/de\/#\/schema\/person\/489465b1850e7b216fe2c10dfc262551","name":"admin","image":{"@type":"ImageObject","inLanguage":"de","@id":"https:\/\/secure.gravatar.com\/avatar\/02e8345e1ec40ab0e0a2a98fdde64a684bbaf994cddcb778b25b8b024ee9dfe6?s=96&d=mm&r=g","url":"https:\/\/secure.gravatar.com\/avatar\/02e8345e1ec40ab0e0a2a98fdde64a684bbaf994cddcb778b25b8b024ee9dfe6?s=96&d=mm&r=g","contentUrl":"https:\/\/secure.gravatar.com\/avatar\/02e8345e1ec40ab0e0a2a98fdde64a684bbaf994cddcb778b25b8b024ee9dfe6?s=96&d=mm&r=g","caption":"admin"},"sameAs":["https:\/\/schoenstatt.com"],"url":"https:\/\/schoenstatt.com\/de\/author\/admin\/"}]}},"_links":{"self":[{"href":"https:\/\/schoenstatt.com\/de\/wp-json\/wp\/v2\/posts\/49990","targetHints":{"allow":["GET"]}}],"collection":[{"href":"https:\/\/schoenstatt.com\/de\/wp-json\/wp\/v2\/posts"}],"about":[{"href":"https:\/\/schoenstatt.com\/de\/wp-json\/wp\/v2\/types\/post"}],"author":[{"embeddable":true,"href":"https:\/\/schoenstatt.com\/de\/wp-json\/wp\/v2\/users\/1"}],"replies":[{"embeddable":true,"href":"https:\/\/schoenstatt.com\/de\/wp-json\/wp\/v2\/comments?post=49990"}],"version-history":[{"count":1,"href":"https:\/\/schoenstatt.com\/de\/wp-json\/wp\/v2\/posts\/49990\/revisions"}],"predecessor-version":[{"id":50013,"href":"https:\/\/schoenstatt.com\/de\/wp-json\/wp\/v2\/posts\/49990\/revisions\/50013"}],"wp:featuredmedia":[{"embeddable":true,"href":"https:\/\/schoenstatt.com\/de\/wp-json\/wp\/v2\/media\/29115"}],"wp:attachment":[{"href":"https:\/\/schoenstatt.com\/de\/wp-json\/wp\/v2\/media?parent=49990"}],"wp:term":[{"taxonomy":"category","embeddable":true,"href":"https:\/\/schoenstatt.com\/de\/wp-json\/wp\/v2\/categories?post=49990"},{"taxonomy":"post_tag","embeddable":true,"href":"https:\/\/schoenstatt.com\/de\/wp-json\/wp\/v2\/tags?post=49990"}],"curies":[{"name":"wp","href":"https:\/\/api.w.org\/{rel}","templated":true}]}}