{"id":49800,"date":"2023-03-03T22:24:40","date_gmt":"2023-03-03T21:24:40","guid":{"rendered":"https:\/\/schoenstattdev.wpenginepowered.com\/?p=29432"},"modified":"2025-05-15T22:40:09","modified_gmt":"2025-05-15T20:40:09","slug":"neuer-rektor-des-urheiligtums","status":"publish","type":"post","link":"https:\/\/schoenstatt.com\/de\/neuer-rektor-des-urheiligtums\/","title":{"rendered":"Pater Pablo Pol beendet seine Aufgabe als Rektor des Urheiligtums"},"content":{"rendered":"<p>Am heutigen Sonntag, dem 5. M\u00e4rz 2023, wird der derzeitige Rektor des Urheiligtums nach vierj\u00e4hriger T\u00e4tigkeit sein Amt aufgeben. Pater Pablo Javier Pol stammt aus Argentinien, geh\u00f6rt zum S\u00e4kularinstitut der Sch\u00f6nstattpatres und ist seit 2019 als Rektor f\u00fcr das administrative und pastorale Leben des Urheiligtums verantwortlich.<\/p>\n<figure id=\"attachment_29420\" aria-describedby=\"caption-attachment-29420\" style=\"width: 768px\" class=\"wp-caption alignnone\"><img fetchpriority=\"high\" decoding=\"async\" class=\"wp-image-29420 size-large\" src=\"https:\/\/schoenstatt.com\/wp-content\/uploads\/2023\/03\/P.-Pablo-Pol-Santuario-Original-1.jpg-1-768x1024.jpg\" alt=\"Santu\u00e1rio Original\" width=\"768\" height=\"1024\" srcset=\"https:\/\/schoenstatt.com\/wp-content\/uploads\/2023\/03\/P.-Pablo-Pol-Santuario-Original-1.jpg-1-768x1024.jpg 768w, https:\/\/schoenstatt.com\/wp-content\/uploads\/2023\/03\/P.-Pablo-Pol-Santuario-Original-1.jpg-1-1152x1536.jpg 1152w, https:\/\/schoenstatt.com\/wp-content\/uploads\/2023\/03\/P.-Pablo-Pol-Santuario-Original-1.jpg-1.jpg 1512w\" sizes=\"(max-width: 768px) 100vw, 768px\" \/><figcaption id=\"caption-attachment-29420\" class=\"wp-caption-text\">P. Pablo Pol<\/figcaption><\/figure>\n<p>In den letzten Jahren hat P. Pablo Pol viele Erfahrungen rund um das Heiligtum gemacht. Am Ende seines Einsatzes erz\u00e4hlt er uns, wie seine Erfahrungen waren und was er aus dieser Zeit der Mission mitnimmt.<\/p>\n<h2>Wie war es f\u00fcr Sie, Rektor unseres Internationalen Zentrums zu sein, das das Herzst\u00fcck der Bewegung ist?<\/h2>\n<blockquote><p>Meine Erfahrung war sehr gut. Neben dem Urheiligtum zu sein und zu sehen, was um es herum passiert, ist immer sehr stark, sehr sch\u00f6n. Das Beeindruckendste ist vor allem, zu sehen, wie das Heiligtum das Leben der Menschen pr\u00e4gt. Zum Beispiel die Emotionen derjenigen, die zum ersten Mal kommen, von weit her, aus anderen L\u00e4ndern, die immer vom Heiligtum geh\u00f6rt haben; die Art und Weise, wie sie ankommen, ist sehr bewegend, das Heiligtum macht wirklich einen starken Eindruck. Zu sehen, was das Urheiligtum ganz konkret im Leben so vieler Menschen bedeutet, war f\u00fcr mich das Wichtigste. Das hat einen tiefen Eindruck auf mich hinterlassen.<\/p><\/blockquote>\n<h2>Gibt es ein Erlebnis, das Sie im Laufe der Jahre am meisten bewegt hat? Welches und warum?<\/h2>\n<blockquote><p>Ein starker Moment, der sich vor etwa dreieinhalb Jahren ereignete &#8211; ich erinnere mich mit besonderer Hingabe und Zuneigung daran &#8211; war, als wir das Heiligtum in ein Netz von Heiligt\u00fcmern aufnehmen konnten, die der Papst f\u00fcr das Rosenkranzgebet in der ganzen Welt ausgew\u00e4hlt hatte. Zusammen mit anderen gro\u00dfen Zentren waren wir auch dabei. Ich glaube, das hat dem Urheiligtum eine Dimension gegeben, die vielleicht vorher nicht so pr\u00e4sent war, dass es ein Heiligtum ist, das f\u00fcr alle offen ist, ein internationales Heiligtum.<\/p>\n<p>Diese sch\u00f6ne Erfahrung, als wir den Papst beten sahen und hier [von Sch\u00f6nstatt aus] wir gemeinsam gebetet haben und unsere Mutter in den Bildern im vatikanischen Fernsehen erschien.<\/p>\n<p>Und eine andere sehr sch\u00f6ne Erfahrung bei dieser Arbeit war der Kontakt mit den Leuten, die um das Heiligtum herum sind, das Team der Sakristei, das Team der internationalen Marienschwestern, die mit dem Heiligtum zusammenarbeiten, denen ich sehr dankbar bin.<\/p><\/blockquote>\n<h2>Sie waren in der kritischsten Phase der Pandemie f\u00fcr das Urheiligtum verantwortlich. Wie war diese Zeit und was bedeutete sie f\u00fcr Ihren Auftrag?<\/h2>\n<blockquote><p>Ich glaube, dass die Zeit der Pandemie sicherlich die Wichtigste in diesen Jahren war. Und da Gott aus allem, was geschieht, etwas Gutes macht, glaube ich, dass das Urheiligtum noch mehr in die H\u00e4user der Sch\u00f6nst\u00e4tter auf der ganzen Welt gekommen ist. Eine gro\u00dfe Errungenschaft ist, dass es heute schnell in den H\u00e4usern der Menschen zug\u00e4nglich ist, mit der Messe, die jeden Tag im Internet in verschiedenen Sprachen \u00fcbertragen wird. Fr\u00fcher &#8211; denke ich &#8211; mussten die Menschen hierher kommen, jetzt ist das Heiligtum zu den Menschen gekommen. Und das ist wirklich wunderbar. Das Echo, das wir erhielten, war immer gro\u00dfartig, es war wirklich eine sch\u00f6ne Erfahrung. Es war eine gro\u00dfe Leistung, und ich glaube, es war eine gro\u00dfe F\u00fcgung, wie die Gottesmutter vom Urheiligtum aus die ganze Welt erreicht hat.<\/p><\/blockquote>\n<h2>Was ist das Besondere an Ihrem Leben und Ihrem Auftrag, nachdem Sie diese Aufgabe hinter sich gelassen haben?<\/h2>\n<blockquote><p>Diese Erfahrung, die ich mit gro\u00dfer Freude gemacht habe, hat mich in meiner Liebe zum Heiligtum wachsen lassen, sie hat mich vor allem darin best\u00e4rkt, die Bedeutung und die lebenswichtige <a href=\"https:\/\/schoenstattdev.wpenginepowered.com\/de\/spiritualitat\/urheiligtum-kleine-aenderung-am-altar\/\">Zentralit\u00e4t des Heiligtums<\/a> f\u00fcr uns zu verstehen und an dieser Erfahrung weiter zu wachsen. Und in diesem Sinne, denke ich, gibt es noch viel zu tun. Ich glaube, dass Pater Ignacio [Camacho] als neuer Rektor vielleicht in der Lage sein wird, Dinge zu entwickeln, zu denen ich nicht in der Lage war. Das Heiligtum entwickelt sich weiter und bleibt ein lebendiges Zentrum, eine Quelle des Lebens f\u00fcr die Sch\u00f6nstattfamilie in der ganzen Welt und &#8211; so wollen wir es &#8211; auch f\u00fcr die Kirche. Diese Jahre haben mich gelehrt, dass das Heiligtum der Gottesmutter geh\u00f6rt und dass sie uns wirklich weiterbringt, weit \u00fcber unsere Grenzen hinaus, trotz und mit unseren Grenzen. Deshalb denke ich, dass es eine wunderbare Erfahrung war.<\/p><\/blockquote>\n<figure id=\"attachment_29428\" aria-describedby=\"caption-attachment-29428\" style=\"width: 640px\" class=\"wp-caption alignnone\"><img decoding=\"async\" class=\"wp-image-29428 size-full\" src=\"https:\/\/schoenstatt.com\/wp-content\/uploads\/2023\/03\/P.-Ignacio-Camacho-Santuario-Original-1.jpg\" alt=\"Rektor des Urheiligtums\" width=\"640\" height=\"640\" \/><figcaption id=\"caption-attachment-29428\" class=\"wp-caption-text\">P. Ignacio Camacho<\/figcaption><\/figure>\n<h4><em>*P. Ignacio Camacho aus Chile wird ab dem 5. M\u00e4rz 2023 neuer Rektor sein. <a href=\"https:\/\/schoenstattdev.wpenginepowered.com\/de\/schoenstatt-gemeinschaften\/saekular-instituts-schoenstatt-patres-waehlen-die-neue-general-leitung\/\">Pater Alexandre Awi Mello<\/a> wird der Einweihungsmesse heute um 16:00 Uhr (deutsche Zeit) zelebrieren, die \u00fcber die Webcam des Urheiligtums \u00fcbertragen wird.<\/em><\/h4>\n<p style=\"text-align: center;\"><a href=\"https:\/\/urheiligtum.de\/DE\/10-Service\/99-Webcam.php\" target=\"_blank\" rel=\"noopener\">LIVE! Webcam Urheiligtum<\/a><\/p>\n","protected":false},"excerpt":{"rendered":"<p>Sein Fazit: &#8222;Das Beeindruckendste ist zu sehen, wie das Heiligtum das Leben der Menschen beeinflusst.\u201c<\/p>\n","protected":false},"author":6,"featured_media":18090,"comment_status":"open","ping_status":"closed","sticky":false,"template":"","format":"standard","meta":{"footnotes":""},"categories":[899,660],"tags":[],"class_list":["post-49800","post","type-post","status-publish","format-standard","has-post-thumbnail","hentry","category-urheiligtum-de","category-veranstaltungen-de"],"yoast_head":"<!-- This site is optimized with the Yoast SEO Premium plugin v27.4 (Yoast SEO v27.4) - https:\/\/yoast.com\/product\/yoast-seo-premium-wordpress\/ -->\n<title>Pater Pablo Pol beendet seine Aufgabe als Rektor des Urheiligtums<\/title>\n<meta name=\"description\" content=\"In der heutigen Messe um 16.00 Uhr -zelebriert von Pater Alexandre Awi Mello- \u00fcbergibt Pater Pablo seine Aufgabe an Pater Ignacio Camacho.\" \/>\n<meta name=\"robots\" content=\"index, follow, max-snippet:-1, max-image-preview:large, max-video-preview:-1\" \/>\n<link rel=\"canonical\" href=\"https:\/\/schoenstatt.com\/de\/neuer-rektor-des-urheiligtums\/\" \/>\n<meta property=\"og:locale\" content=\"de_DE\" \/>\n<meta property=\"og:type\" content=\"article\" \/>\n<meta property=\"og:title\" content=\"Pater Pablo Pol beendet seine Aufgabe als Rektor des Urheiligtums\" \/>\n<meta property=\"og:description\" content=\"In der heutigen Messe um 16.00 Uhr -zelebriert von Pater Alexandre Awi Mello- \u00fcbergibt Pater Pablo seine Aufgabe an Pater Ignacio Camacho.\" \/>\n<meta property=\"og:url\" content=\"https:\/\/schoenstatt.com\/de\/neuer-rektor-des-urheiligtums\/\" \/>\n<meta property=\"og:site_name\" content=\"Schoenstatt\" \/>\n<meta property=\"article:published_time\" content=\"2023-03-03T21:24:40+00:00\" \/>\n<meta property=\"article:modified_time\" content=\"2025-05-15T20:40:09+00:00\" \/>\n<meta property=\"og:image\" content=\"https:\/\/schoenstatt.com\/wp-content\/uploads\/2021\/09\/DSC7362-scaled-2.jpg\" \/>\n\t<meta property=\"og:image:width\" content=\"2560\" \/>\n\t<meta property=\"og:image:height\" content=\"1702\" \/>\n\t<meta property=\"og:image:type\" content=\"image\/jpeg\" \/>\n<meta name=\"author\" content=\"Vanessa Franke\" \/>\n<meta name=\"twitter:card\" content=\"summary_large_image\" \/>\n<meta name=\"twitter:label1\" content=\"Verfasst von\" \/>\n\t<meta name=\"twitter:data1\" content=\"Vanessa Franke\" \/>\n\t<meta name=\"twitter:label2\" content=\"Gesch\u00e4tzte Lesezeit\" \/>\n\t<meta name=\"twitter:data2\" content=\"4\u00a0Minuten\" \/>\n<script type=\"application\/ld+json\" class=\"yoast-schema-graph\">{\"@context\":\"https:\\\/\\\/schema.org\",\"@graph\":[{\"@type\":\"Article\",\"@id\":\"https:\\\/\\\/schoenstatt.com\\\/de\\\/neuer-rektor-des-urheiligtums\\\/#article\",\"isPartOf\":{\"@id\":\"https:\\\/\\\/schoenstatt.com\\\/de\\\/neuer-rektor-des-urheiligtums\\\/\"},\"author\":{\"name\":\"Vanessa Franke\",\"@id\":\"https:\\\/\\\/schoenstatt.com\\\/de\\\/#\\\/schema\\\/person\\\/ea97a60c723e21c923e2177f0f3163f7\"},\"headline\":\"Pater Pablo Pol beendet seine Aufgabe als Rektor des Urheiligtums\",\"datePublished\":\"2023-03-03T21:24:40+00:00\",\"dateModified\":\"2025-05-15T20:40:09+00:00\",\"mainEntityOfPage\":{\"@id\":\"https:\\\/\\\/schoenstatt.com\\\/de\\\/neuer-rektor-des-urheiligtums\\\/\"},\"wordCount\":802,\"commentCount\":0,\"publisher\":{\"@id\":\"https:\\\/\\\/schoenstatt.com\\\/de\\\/#organization\"},\"image\":{\"@id\":\"https:\\\/\\\/schoenstatt.com\\\/de\\\/neuer-rektor-des-urheiligtums\\\/#primaryimage\"},\"thumbnailUrl\":\"https:\\\/\\\/schoenstatt.com\\\/wp-content\\\/uploads\\\/2021\\\/09\\\/DSC7362-scaled-2.jpg\",\"articleSection\":[\"Urheiligtum\",\"Veranstaltungen\"],\"inLanguage\":\"de\",\"potentialAction\":[{\"@type\":\"CommentAction\",\"name\":\"Comment\",\"target\":[\"https:\\\/\\\/schoenstatt.com\\\/de\\\/neuer-rektor-des-urheiligtums\\\/#respond\"]}]},{\"@type\":\"WebPage\",\"@id\":\"https:\\\/\\\/schoenstatt.com\\\/de\\\/neuer-rektor-des-urheiligtums\\\/\",\"url\":\"https:\\\/\\\/schoenstatt.com\\\/de\\\/neuer-rektor-des-urheiligtums\\\/\",\"name\":\"Pater Pablo Pol beendet seine Aufgabe als Rektor des Urheiligtums\",\"isPartOf\":{\"@id\":\"https:\\\/\\\/schoenstatt.com\\\/de\\\/#website\"},\"primaryImageOfPage\":{\"@id\":\"https:\\\/\\\/schoenstatt.com\\\/de\\\/neuer-rektor-des-urheiligtums\\\/#primaryimage\"},\"image\":{\"@id\":\"https:\\\/\\\/schoenstatt.com\\\/de\\\/neuer-rektor-des-urheiligtums\\\/#primaryimage\"},\"thumbnailUrl\":\"https:\\\/\\\/schoenstatt.com\\\/wp-content\\\/uploads\\\/2021\\\/09\\\/DSC7362-scaled-2.jpg\",\"datePublished\":\"2023-03-03T21:24:40+00:00\",\"dateModified\":\"2025-05-15T20:40:09+00:00\",\"description\":\"In der heutigen Messe um 16.00 Uhr -zelebriert von Pater Alexandre Awi Mello- \u00fcbergibt Pater Pablo seine Aufgabe an Pater Ignacio Camacho.\",\"breadcrumb\":{\"@id\":\"https:\\\/\\\/schoenstatt.com\\\/de\\\/neuer-rektor-des-urheiligtums\\\/#breadcrumb\"},\"inLanguage\":\"de\",\"potentialAction\":[{\"@type\":\"ReadAction\",\"target\":[\"https:\\\/\\\/schoenstatt.com\\\/de\\\/neuer-rektor-des-urheiligtums\\\/\"]}]},{\"@type\":\"ImageObject\",\"inLanguage\":\"de\",\"@id\":\"https:\\\/\\\/schoenstatt.com\\\/de\\\/neuer-rektor-des-urheiligtums\\\/#primaryimage\",\"url\":\"https:\\\/\\\/schoenstatt.com\\\/wp-content\\\/uploads\\\/2021\\\/09\\\/DSC7362-scaled-2.jpg\",\"contentUrl\":\"https:\\\/\\\/schoenstatt.com\\\/wp-content\\\/uploads\\\/2021\\\/09\\\/DSC7362-scaled-2.jpg\",\"width\":2560,\"height\":1702,\"caption\":\"Rektor des Urheiligtums\"},{\"@type\":\"BreadcrumbList\",\"@id\":\"https:\\\/\\\/schoenstatt.com\\\/de\\\/neuer-rektor-des-urheiligtums\\\/#breadcrumb\",\"itemListElement\":[{\"@type\":\"ListItem\",\"position\":1,\"name\":\"Portada\",\"item\":\"https:\\\/\\\/schoenstatt.com\\\/de\\\/home\\\/\"},{\"@type\":\"ListItem\",\"position\":2,\"name\":\"Pater Pablo Pol beendet seine Aufgabe als Rektor des Urheiligtums\"}]},{\"@type\":\"WebSite\",\"@id\":\"https:\\\/\\\/schoenstatt.com\\\/de\\\/#website\",\"url\":\"https:\\\/\\\/schoenstatt.com\\\/de\\\/\",\"name\":\"Schoenstatt\",\"description\":\"Apostolic Movement\",\"publisher\":{\"@id\":\"https:\\\/\\\/schoenstatt.com\\\/de\\\/#organization\"},\"potentialAction\":[{\"@type\":\"SearchAction\",\"target\":{\"@type\":\"EntryPoint\",\"urlTemplate\":\"https:\\\/\\\/schoenstatt.com\\\/de\\\/?s={search_term_string}\"},\"query-input\":{\"@type\":\"PropertyValueSpecification\",\"valueRequired\":true,\"valueName\":\"search_term_string\"}}],\"inLanguage\":\"de\"},{\"@type\":\"Organization\",\"@id\":\"https:\\\/\\\/schoenstatt.com\\\/de\\\/#organization\",\"name\":\"Schoenstatt\",\"url\":\"https:\\\/\\\/schoenstatt.com\\\/de\\\/\",\"logo\":{\"@type\":\"ImageObject\",\"inLanguage\":\"de\",\"@id\":\"https:\\\/\\\/schoenstatt.com\\\/de\\\/#\\\/schema\\\/logo\\\/image\\\/\",\"url\":\"https:\\\/\\\/schoenstatt.com\\\/wp-content\\\/uploads\\\/2025\\\/04\\\/logo-schoenstatt-white-696x696-1.png\",\"contentUrl\":\"https:\\\/\\\/schoenstatt.com\\\/wp-content\\\/uploads\\\/2025\\\/04\\\/logo-schoenstatt-white-696x696-1.png\",\"width\":696,\"height\":694,\"caption\":\"Schoenstatt\"},\"image\":{\"@id\":\"https:\\\/\\\/schoenstatt.com\\\/de\\\/#\\\/schema\\\/logo\\\/image\\\/\"}},{\"@type\":\"Person\",\"@id\":\"https:\\\/\\\/schoenstatt.com\\\/de\\\/#\\\/schema\\\/person\\\/ea97a60c723e21c923e2177f0f3163f7\",\"name\":\"Vanessa Franke\",\"image\":{\"@type\":\"ImageObject\",\"inLanguage\":\"de\",\"@id\":\"https:\\\/\\\/secure.gravatar.com\\\/avatar\\\/a9bcca3409928ccd3195eca11e2ccbb2e5d7c7912e9a945d4f326f81a0a5cb4a?s=96&d=mm&r=g\",\"url\":\"https:\\\/\\\/secure.gravatar.com\\\/avatar\\\/a9bcca3409928ccd3195eca11e2ccbb2e5d7c7912e9a945d4f326f81a0a5cb4a?s=96&d=mm&r=g\",\"contentUrl\":\"https:\\\/\\\/secure.gravatar.com\\\/avatar\\\/a9bcca3409928ccd3195eca11e2ccbb2e5d7c7912e9a945d4f326f81a0a5cb4a?s=96&d=mm&r=g\",\"caption\":\"Vanessa Franke\"},\"url\":\"https:\\\/\\\/schoenstatt.com\\\/de\\\/author\\\/vanessa-franke\\\/\"}]}<\/script>\n<!-- \/ Yoast SEO Premium plugin. -->","yoast_head_json":{"title":"Pater Pablo Pol beendet seine Aufgabe als Rektor des Urheiligtums","description":"In der heutigen Messe um 16.00 Uhr -zelebriert von Pater Alexandre Awi Mello- \u00fcbergibt Pater Pablo seine Aufgabe an Pater Ignacio Camacho.","robots":{"index":"index","follow":"follow","max-snippet":"max-snippet:-1","max-image-preview":"max-image-preview:large","max-video-preview":"max-video-preview:-1"},"canonical":"https:\/\/schoenstatt.com\/de\/neuer-rektor-des-urheiligtums\/","og_locale":"de_DE","og_type":"article","og_title":"Pater Pablo Pol beendet seine Aufgabe als Rektor des Urheiligtums","og_description":"In der heutigen Messe um 16.00 Uhr -zelebriert von Pater Alexandre Awi Mello- \u00fcbergibt Pater Pablo seine Aufgabe an Pater Ignacio Camacho.","og_url":"https:\/\/schoenstatt.com\/de\/neuer-rektor-des-urheiligtums\/","og_site_name":"Schoenstatt","article_published_time":"2023-03-03T21:24:40+00:00","article_modified_time":"2025-05-15T20:40:09+00:00","og_image":[{"width":2560,"height":1702,"url":"https:\/\/schoenstatt.com\/wp-content\/uploads\/2021\/09\/DSC7362-scaled-2.jpg","type":"image\/jpeg"}],"author":"Vanessa Franke","twitter_card":"summary_large_image","twitter_misc":{"Verfasst von":"Vanessa Franke","Gesch\u00e4tzte Lesezeit":"4\u00a0Minuten"},"schema":{"@context":"https:\/\/schema.org","@graph":[{"@type":"Article","@id":"https:\/\/schoenstatt.com\/de\/neuer-rektor-des-urheiligtums\/#article","isPartOf":{"@id":"https:\/\/schoenstatt.com\/de\/neuer-rektor-des-urheiligtums\/"},"author":{"name":"Vanessa Franke","@id":"https:\/\/schoenstatt.com\/de\/#\/schema\/person\/ea97a60c723e21c923e2177f0f3163f7"},"headline":"Pater Pablo Pol beendet seine Aufgabe als Rektor des Urheiligtums","datePublished":"2023-03-03T21:24:40+00:00","dateModified":"2025-05-15T20:40:09+00:00","mainEntityOfPage":{"@id":"https:\/\/schoenstatt.com\/de\/neuer-rektor-des-urheiligtums\/"},"wordCount":802,"commentCount":0,"publisher":{"@id":"https:\/\/schoenstatt.com\/de\/#organization"},"image":{"@id":"https:\/\/schoenstatt.com\/de\/neuer-rektor-des-urheiligtums\/#primaryimage"},"thumbnailUrl":"https:\/\/schoenstatt.com\/wp-content\/uploads\/2021\/09\/DSC7362-scaled-2.jpg","articleSection":["Urheiligtum","Veranstaltungen"],"inLanguage":"de","potentialAction":[{"@type":"CommentAction","name":"Comment","target":["https:\/\/schoenstatt.com\/de\/neuer-rektor-des-urheiligtums\/#respond"]}]},{"@type":"WebPage","@id":"https:\/\/schoenstatt.com\/de\/neuer-rektor-des-urheiligtums\/","url":"https:\/\/schoenstatt.com\/de\/neuer-rektor-des-urheiligtums\/","name":"Pater Pablo Pol beendet seine Aufgabe als Rektor des Urheiligtums","isPartOf":{"@id":"https:\/\/schoenstatt.com\/de\/#website"},"primaryImageOfPage":{"@id":"https:\/\/schoenstatt.com\/de\/neuer-rektor-des-urheiligtums\/#primaryimage"},"image":{"@id":"https:\/\/schoenstatt.com\/de\/neuer-rektor-des-urheiligtums\/#primaryimage"},"thumbnailUrl":"https:\/\/schoenstatt.com\/wp-content\/uploads\/2021\/09\/DSC7362-scaled-2.jpg","datePublished":"2023-03-03T21:24:40+00:00","dateModified":"2025-05-15T20:40:09+00:00","description":"In der heutigen Messe um 16.00 Uhr -zelebriert von Pater Alexandre Awi Mello- \u00fcbergibt Pater Pablo seine Aufgabe an Pater Ignacio Camacho.","breadcrumb":{"@id":"https:\/\/schoenstatt.com\/de\/neuer-rektor-des-urheiligtums\/#breadcrumb"},"inLanguage":"de","potentialAction":[{"@type":"ReadAction","target":["https:\/\/schoenstatt.com\/de\/neuer-rektor-des-urheiligtums\/"]}]},{"@type":"ImageObject","inLanguage":"de","@id":"https:\/\/schoenstatt.com\/de\/neuer-rektor-des-urheiligtums\/#primaryimage","url":"https:\/\/schoenstatt.com\/wp-content\/uploads\/2021\/09\/DSC7362-scaled-2.jpg","contentUrl":"https:\/\/schoenstatt.com\/wp-content\/uploads\/2021\/09\/DSC7362-scaled-2.jpg","width":2560,"height":1702,"caption":"Rektor des Urheiligtums"},{"@type":"BreadcrumbList","@id":"https:\/\/schoenstatt.com\/de\/neuer-rektor-des-urheiligtums\/#breadcrumb","itemListElement":[{"@type":"ListItem","position":1,"name":"Portada","item":"https:\/\/schoenstatt.com\/de\/home\/"},{"@type":"ListItem","position":2,"name":"Pater Pablo Pol beendet seine Aufgabe als Rektor des Urheiligtums"}]},{"@type":"WebSite","@id":"https:\/\/schoenstatt.com\/de\/#website","url":"https:\/\/schoenstatt.com\/de\/","name":"Schoenstatt","description":"Apostolic Movement","publisher":{"@id":"https:\/\/schoenstatt.com\/de\/#organization"},"potentialAction":[{"@type":"SearchAction","target":{"@type":"EntryPoint","urlTemplate":"https:\/\/schoenstatt.com\/de\/?s={search_term_string}"},"query-input":{"@type":"PropertyValueSpecification","valueRequired":true,"valueName":"search_term_string"}}],"inLanguage":"de"},{"@type":"Organization","@id":"https:\/\/schoenstatt.com\/de\/#organization","name":"Schoenstatt","url":"https:\/\/schoenstatt.com\/de\/","logo":{"@type":"ImageObject","inLanguage":"de","@id":"https:\/\/schoenstatt.com\/de\/#\/schema\/logo\/image\/","url":"https:\/\/schoenstatt.com\/wp-content\/uploads\/2025\/04\/logo-schoenstatt-white-696x696-1.png","contentUrl":"https:\/\/schoenstatt.com\/wp-content\/uploads\/2025\/04\/logo-schoenstatt-white-696x696-1.png","width":696,"height":694,"caption":"Schoenstatt"},"image":{"@id":"https:\/\/schoenstatt.com\/de\/#\/schema\/logo\/image\/"}},{"@type":"Person","@id":"https:\/\/schoenstatt.com\/de\/#\/schema\/person\/ea97a60c723e21c923e2177f0f3163f7","name":"Vanessa Franke","image":{"@type":"ImageObject","inLanguage":"de","@id":"https:\/\/secure.gravatar.com\/avatar\/a9bcca3409928ccd3195eca11e2ccbb2e5d7c7912e9a945d4f326f81a0a5cb4a?s=96&d=mm&r=g","url":"https:\/\/secure.gravatar.com\/avatar\/a9bcca3409928ccd3195eca11e2ccbb2e5d7c7912e9a945d4f326f81a0a5cb4a?s=96&d=mm&r=g","contentUrl":"https:\/\/secure.gravatar.com\/avatar\/a9bcca3409928ccd3195eca11e2ccbb2e5d7c7912e9a945d4f326f81a0a5cb4a?s=96&d=mm&r=g","caption":"Vanessa Franke"},"url":"https:\/\/schoenstatt.com\/de\/author\/vanessa-franke\/"}]}},"_links":{"self":[{"href":"https:\/\/schoenstatt.com\/de\/wp-json\/wp\/v2\/posts\/49800","targetHints":{"allow":["GET"]}}],"collection":[{"href":"https:\/\/schoenstatt.com\/de\/wp-json\/wp\/v2\/posts"}],"about":[{"href":"https:\/\/schoenstatt.com\/de\/wp-json\/wp\/v2\/types\/post"}],"author":[{"embeddable":true,"href":"https:\/\/schoenstatt.com\/de\/wp-json\/wp\/v2\/users\/6"}],"replies":[{"embeddable":true,"href":"https:\/\/schoenstatt.com\/de\/wp-json\/wp\/v2\/comments?post=49800"}],"version-history":[{"count":1,"href":"https:\/\/schoenstatt.com\/de\/wp-json\/wp\/v2\/posts\/49800\/revisions"}],"predecessor-version":[{"id":49846,"href":"https:\/\/schoenstatt.com\/de\/wp-json\/wp\/v2\/posts\/49800\/revisions\/49846"}],"wp:featuredmedia":[{"embeddable":true,"href":"https:\/\/schoenstatt.com\/de\/wp-json\/wp\/v2\/media\/18090"}],"wp:attachment":[{"href":"https:\/\/schoenstatt.com\/de\/wp-json\/wp\/v2\/media?parent=49800"}],"wp:term":[{"taxonomy":"category","embeddable":true,"href":"https:\/\/schoenstatt.com\/de\/wp-json\/wp\/v2\/categories?post=49800"},{"taxonomy":"post_tag","embeddable":true,"href":"https:\/\/schoenstatt.com\/de\/wp-json\/wp\/v2\/tags?post=49800"}],"curies":[{"name":"wp","href":"https:\/\/api.w.org\/{rel}","templated":true}]}}