{"id":49643,"date":"2023-04-27T14:02:38","date_gmt":"2023-04-27T12:02:38","guid":{"rendered":"https:\/\/schoenstattdev.wpenginepowered.com\/?p=30220"},"modified":"2025-05-15T20:38:45","modified_gmt":"2025-05-15T18:38:45","slug":"eroeffnung-des-seligsprechungsprozesses-des-dieners-gottes-p-hernan-alessandri","status":"publish","type":"post","link":"https:\/\/schoenstatt.com\/de\/eroeffnung-des-seligsprechungsprozesses-des-dieners-gottes-p-hernan-alessandri\/","title":{"rendered":"Er\u00f6ffnung des Seligsprechungsprozesses des Dieners Gottes P. Hern\u00e1n Alessandri"},"content":{"rendered":"<p>Die feierliche Zeremonie wurde vom Kardinalerzbischof von Santiago, Monsignore Celestino A\u00f3s, geleitet, der das f\u00fcr den di\u00f6zesanen Prozess verantwortliche Tribunal konstituierte und ernannte (Foto rechts):<\/p>\n<ul>\n<li>Pr\u00e4sident: Pater Jer\u00f3nimo Walker (Di\u00f6zesanpriester)<\/li>\n<li>\u00a0F\u00f6rderer der Gerechtigkeit: Pater Francisco Cruz (Di\u00f6zesanpriester)<\/li>\n<li>\u00a0Notar: Mar\u00eda Marcela Corval\u00e1n (kanonische Juristin)<\/li>\n<\/ul>\n<p><img fetchpriority=\"high\" decoding=\"async\" class=\"aligncenter wp-image-30114 size-full\" src=\"https:\/\/schoenstatt.com\/wp-content\/uploads\/2023\/04\/P.-Hernan-5-1.jpeg\" alt=\"\" width=\"1024\" height=\"768\" srcset=\"https:\/\/schoenstatt.com\/wp-content\/uploads\/2023\/04\/P.-Hernan-5-1.jpeg 1024w, https:\/\/schoenstatt.com\/wp-content\/uploads\/2023\/04\/P.-Hernan-5-1-768x576.jpeg 768w\" sizes=\"(max-width: 1024px) 100vw, 1024px\" \/><\/p>\n<p>In dieser Zeremonie wurden die f\u00fcr die Er\u00f6ffnung des Prozesses relevanten Dokumente verlesen, die Mitglieder des Gerichts vereidigt und das Protokoll der Er\u00f6ffnung des Prozesses in seiner di\u00f6zesanen Phase verlesen.<\/p>\n<p>Die di\u00f6zesane Phase ist die <a href=\"https:\/\/schoenstattdev.wpenginepowered.com\/de\/schoenstatt-helden\/welche-sind-die-phasen-eines-heiligsprechungsprozesses\/\">erste Phase<\/a> eines Heiligsprechungsprozesses in der Kirche, in der eine umfassende Untersuchung des Lebens, der Tugenden und des Rufs der Heiligkeit des Dieners Gottes durchgef\u00fchrt wird. In dieser Phase werden Zeugnisse von Menschen gesammelt, die ihn gekannt haben und die \u00fcber sein Leben und seine Tugenden Auskunft geben. Au\u00dferdem werden seine Schriften erforscht, seine Werke untersucht und die historischen Umst\u00e4nde, unter denen er gelebt hat, \u00fcberpr\u00fcft.<\/p>\n<p><img decoding=\"async\" class=\"aligncenter wp-image-30122 size-full\" src=\"https:\/\/schoenstatt.com\/wp-content\/uploads\/2023\/04\/P.-Hernan-8-1.jpeg\" alt=\"\" width=\"1024\" height=\"768\" srcset=\"https:\/\/schoenstatt.com\/wp-content\/uploads\/2023\/04\/P.-Hernan-8-1.jpeg 1024w, https:\/\/schoenstatt.com\/wp-content\/uploads\/2023\/04\/P.-Hernan-8-1-768x576.jpeg 768w\" sizes=\"(max-width: 1024px) 100vw, 1024px\" \/><\/p>\n<p>F\u00fcr uns alle, die wir miterleben durften, dass Pater Hern\u00e1n Alessandri ein vorbildlicher Priester war, der die evangelischen und christlichen Werte in der heutigen Zeit authentisch gelebt hat, ist dies ein Moment der besonderen Freude und Dankbarkeit. Pater Hern\u00e1n ist ein lebendiges und freudiges Zeugnis eines br\u00fcderlichen Priesters, der sich ganz Christus verschrieben hat, mit einer Liebe zu Maria vom Heiligtum, die ihn dazu brachte, sich in den verschiedensten Initiativen bedingungslos in den Dienst der Bed\u00fcrftigsten zu stellen, vor allem in den Dienst der gef\u00e4hrdeten Kinder.<\/p>\n<p><img decoding=\"async\" class=\"aligncenter wp-image-30126 size-full\" src=\"https:\/\/schoenstatt.com\/wp-content\/uploads\/2023\/04\/P.-Hernan-10-1.jpeg\" alt=\"Er\u00f6ffnung des Seligsprechungprozesses\" width=\"1600\" height=\"1200\" srcset=\"https:\/\/schoenstatt.com\/wp-content\/uploads\/2023\/04\/P.-Hernan-10-1.jpeg 1600w, https:\/\/schoenstatt.com\/wp-content\/uploads\/2023\/04\/P.-Hernan-10-1-768x576.jpeg 768w, https:\/\/schoenstatt.com\/wp-content\/uploads\/2023\/04\/P.-Hernan-10-1-1536x1152.jpeg 1536w\" sizes=\"(max-width: 1600px) 100vw, 1600px\" \/><\/p>\n<p>Ein wichtiges Merkmal seines priesterlichen Lebens war seine gro\u00dfe Liebe und sein unerm\u00fcdlicher Dienst an der Kirche, dem Volk Gottes, den Marianern, den Armen, den Familien und den Pilgern. Viele erinnern sich noch an ihn als den &#8222;Vater auf dem Fahrrad&#8220;. Er fuhr mit seinem zweir\u00e4drigen Gef\u00e4hrt durch die Stra\u00dfen der Stadtteile der beliebten Westzone Santiagos. Dar\u00fcber hinaus verstand er es immer, seine theologischen \u00dcberlegungen klar, p\u00e4dagogisch und im Einklang mit den Zeichen der Zeit zur Verf\u00fcgung zu stellen.<\/p>\n<p>Zweifellos ist es ein Geschenk f\u00fcr die Kirche und die Sch\u00f6nstattfamilie, dass inmitten der Licht- und Schattenseiten der Zeit, in der wir leben, der auferstandene Herr weiterhin in unserer Mitte lebt und uns einl\u00e4dt, diesen Prozess mit unserem Gebet, unserem Gnadenkapital und unserem ernsthaften Streben nach der Heiligkeit des Lebens in der Kraft unseres Liebesb\u00fcndnisses zu begleiten.<\/p>\n<p>&nbsp;<\/p>\n<p><img loading=\"lazy\" decoding=\"async\" class=\"aligncenter wp-image-30138 size-full\" src=\"https:\/\/schoenstatt.com\/wp-content\/uploads\/2023\/04\/P.-Hernan-y-PJK-1.png\" alt=\"Er\u00f6ffnung des Seligsprechungprozesses\" width=\"524\" height=\"515\" \/><br \/>\nQuelle: <a href=\"https:\/\/www.revistavinculo.cl\/\">V\u00ednculo, <\/a><a href=\"http:\/\/www.padresdeschoenstatt.cl\">padresdeschoenstatt<\/a><\/p>\n","protected":false},"excerpt":{"rendered":"<p>Am vergangenen Donnerstag, dem 30. M\u00e4rz, wurde die di\u00f6zesane Phase des Seligsprechungsprozesses f\u00fcr den Diener Gottes, Pater Hern\u00e1n Alessandri, der am 18. Dezember 2007 verstorben ist, offiziell er\u00f6ffnet.<\/p>\n","protected":false},"author":3,"featured_media":30110,"comment_status":"closed","ping_status":"closed","sticky":false,"template":"","format":"standard","meta":{"footnotes":""},"categories":[907,914],"tags":[],"class_list":["post-49643","post","type-post","status-publish","format-standard","has-post-thumbnail","hentry","category-schoenstatt-gemeinschaften-de","category-spiritualitat-de"],"yoast_head":"<!-- This site is optimized with the Yoast SEO Premium plugin v27.4 (Yoast SEO v27.4) - https:\/\/yoast.com\/product\/yoast-seo-premium-wordpress\/ -->\n<title>Er\u00f6ffnung des Seligsprechungsprozesses des Dieners Gottes P. Hern\u00e1n Alessandri<\/title>\n<meta name=\"description\" content=\"Am vergangenen M\u00e4rz, wurde die di\u00f6zesane Phase des Seligsprechungsprozesses f\u00fcr den Diener Gottes, Pater Hern\u00e1n Alessandri, er\u00f6ffnet.\" \/>\n<meta name=\"robots\" content=\"index, follow, max-snippet:-1, max-image-preview:large, max-video-preview:-1\" \/>\n<link rel=\"canonical\" href=\"https:\/\/schoenstatt.com\/de\/eroeffnung-des-seligsprechungsprozesses-des-dieners-gottes-p-hernan-alessandri\/\" \/>\n<meta property=\"og:locale\" content=\"de_DE\" \/>\n<meta property=\"og:type\" content=\"article\" \/>\n<meta property=\"og:title\" content=\"Er\u00f6ffnung des Seligsprechungsprozesses des Dieners Gottes P. Hern\u00e1n Alessandri\" \/>\n<meta property=\"og:description\" content=\"Am vergangenen M\u00e4rz, wurde die di\u00f6zesane Phase des Seligsprechungsprozesses f\u00fcr den Diener Gottes, Pater Hern\u00e1n Alessandri, er\u00f6ffnet.\" \/>\n<meta property=\"og:url\" content=\"https:\/\/schoenstatt.com\/de\/eroeffnung-des-seligsprechungsprozesses-des-dieners-gottes-p-hernan-alessandri\/\" \/>\n<meta property=\"og:site_name\" content=\"Schoenstatt\" \/>\n<meta property=\"article:published_time\" content=\"2023-04-27T12:02:38+00:00\" \/>\n<meta property=\"article:modified_time\" content=\"2025-05-15T18:38:45+00:00\" \/>\n<meta property=\"og:image\" content=\"https:\/\/schoenstatt.com\/wp-content\/uploads\/2023\/04\/P.-Hernan-1-1.jpeg\" \/>\n\t<meta property=\"og:image:width\" content=\"1024\" \/>\n\t<meta property=\"og:image:height\" content=\"768\" \/>\n\t<meta property=\"og:image:type\" content=\"image\/jpeg\" \/>\n<meta name=\"author\" content=\"Karen Bueno\" \/>\n<meta name=\"twitter:card\" content=\"summary_large_image\" \/>\n<meta name=\"twitter:label1\" content=\"Verfasst von\" \/>\n\t<meta name=\"twitter:data1\" content=\"Karen Bueno\" \/>\n\t<meta name=\"twitter:label2\" content=\"Gesch\u00e4tzte Lesezeit\" \/>\n\t<meta name=\"twitter:data2\" content=\"3\u00a0Minuten\" \/>\n<script type=\"application\/ld+json\" class=\"yoast-schema-graph\">{\"@context\":\"https:\\\/\\\/schema.org\",\"@graph\":[{\"@type\":\"Article\",\"@id\":\"https:\\\/\\\/schoenstatt.com\\\/de\\\/eroeffnung-des-seligsprechungsprozesses-des-dieners-gottes-p-hernan-alessandri\\\/#article\",\"isPartOf\":{\"@id\":\"https:\\\/\\\/schoenstatt.com\\\/de\\\/eroeffnung-des-seligsprechungsprozesses-des-dieners-gottes-p-hernan-alessandri\\\/\"},\"author\":{\"name\":\"Karen Bueno\",\"@id\":\"https:\\\/\\\/schoenstatt.com\\\/de\\\/#\\\/schema\\\/person\\\/5158877ad4acae98b34daaeef2a1ce6e\"},\"headline\":\"Er\u00f6ffnung des Seligsprechungsprozesses des Dieners Gottes P. Hern\u00e1n Alessandri\",\"datePublished\":\"2023-04-27T12:02:38+00:00\",\"dateModified\":\"2025-05-15T18:38:45+00:00\",\"mainEntityOfPage\":{\"@id\":\"https:\\\/\\\/schoenstatt.com\\\/de\\\/eroeffnung-des-seligsprechungsprozesses-des-dieners-gottes-p-hernan-alessandri\\\/\"},\"wordCount\":419,\"publisher\":{\"@id\":\"https:\\\/\\\/schoenstatt.com\\\/de\\\/#organization\"},\"image\":{\"@id\":\"https:\\\/\\\/schoenstatt.com\\\/de\\\/eroeffnung-des-seligsprechungsprozesses-des-dieners-gottes-p-hernan-alessandri\\\/#primaryimage\"},\"thumbnailUrl\":\"https:\\\/\\\/schoenstatt.com\\\/wp-content\\\/uploads\\\/2023\\\/04\\\/P.-Hernan-1-1.jpeg\",\"articleSection\":[\"Schoenstatt Gemeinschaften\",\"Spiritualit\u00e4t\"],\"inLanguage\":\"de\"},{\"@type\":\"WebPage\",\"@id\":\"https:\\\/\\\/schoenstatt.com\\\/de\\\/eroeffnung-des-seligsprechungsprozesses-des-dieners-gottes-p-hernan-alessandri\\\/\",\"url\":\"https:\\\/\\\/schoenstatt.com\\\/de\\\/eroeffnung-des-seligsprechungsprozesses-des-dieners-gottes-p-hernan-alessandri\\\/\",\"name\":\"Er\u00f6ffnung des Seligsprechungsprozesses des Dieners Gottes P. Hern\u00e1n Alessandri\",\"isPartOf\":{\"@id\":\"https:\\\/\\\/schoenstatt.com\\\/de\\\/#website\"},\"primaryImageOfPage\":{\"@id\":\"https:\\\/\\\/schoenstatt.com\\\/de\\\/eroeffnung-des-seligsprechungsprozesses-des-dieners-gottes-p-hernan-alessandri\\\/#primaryimage\"},\"image\":{\"@id\":\"https:\\\/\\\/schoenstatt.com\\\/de\\\/eroeffnung-des-seligsprechungsprozesses-des-dieners-gottes-p-hernan-alessandri\\\/#primaryimage\"},\"thumbnailUrl\":\"https:\\\/\\\/schoenstatt.com\\\/wp-content\\\/uploads\\\/2023\\\/04\\\/P.-Hernan-1-1.jpeg\",\"datePublished\":\"2023-04-27T12:02:38+00:00\",\"dateModified\":\"2025-05-15T18:38:45+00:00\",\"description\":\"Am vergangenen M\u00e4rz, wurde die di\u00f6zesane Phase des Seligsprechungsprozesses f\u00fcr den Diener Gottes, Pater Hern\u00e1n Alessandri, er\u00f6ffnet.\",\"breadcrumb\":{\"@id\":\"https:\\\/\\\/schoenstatt.com\\\/de\\\/eroeffnung-des-seligsprechungsprozesses-des-dieners-gottes-p-hernan-alessandri\\\/#breadcrumb\"},\"inLanguage\":\"de\",\"potentialAction\":[{\"@type\":\"ReadAction\",\"target\":[\"https:\\\/\\\/schoenstatt.com\\\/de\\\/eroeffnung-des-seligsprechungsprozesses-des-dieners-gottes-p-hernan-alessandri\\\/\"]}]},{\"@type\":\"ImageObject\",\"inLanguage\":\"de\",\"@id\":\"https:\\\/\\\/schoenstatt.com\\\/de\\\/eroeffnung-des-seligsprechungsprozesses-des-dieners-gottes-p-hernan-alessandri\\\/#primaryimage\",\"url\":\"https:\\\/\\\/schoenstatt.com\\\/wp-content\\\/uploads\\\/2023\\\/04\\\/P.-Hernan-1-1.jpeg\",\"contentUrl\":\"https:\\\/\\\/schoenstatt.com\\\/wp-content\\\/uploads\\\/2023\\\/04\\\/P.-Hernan-1-1.jpeg\",\"width\":1024,\"height\":768,\"caption\":\"Processo de Beatifica\u00e7\u00e3o\"},{\"@type\":\"BreadcrumbList\",\"@id\":\"https:\\\/\\\/schoenstatt.com\\\/de\\\/eroeffnung-des-seligsprechungsprozesses-des-dieners-gottes-p-hernan-alessandri\\\/#breadcrumb\",\"itemListElement\":[{\"@type\":\"ListItem\",\"position\":1,\"name\":\"Portada\",\"item\":\"https:\\\/\\\/schoenstatt.com\\\/de\\\/home\\\/\"},{\"@type\":\"ListItem\",\"position\":2,\"name\":\"Er\u00f6ffnung des Seligsprechungsprozesses des Dieners Gottes P. Hern\u00e1n Alessandri\"}]},{\"@type\":\"WebSite\",\"@id\":\"https:\\\/\\\/schoenstatt.com\\\/de\\\/#website\",\"url\":\"https:\\\/\\\/schoenstatt.com\\\/de\\\/\",\"name\":\"Schoenstatt\",\"description\":\"Apostolic Movement\",\"publisher\":{\"@id\":\"https:\\\/\\\/schoenstatt.com\\\/de\\\/#organization\"},\"potentialAction\":[{\"@type\":\"SearchAction\",\"target\":{\"@type\":\"EntryPoint\",\"urlTemplate\":\"https:\\\/\\\/schoenstatt.com\\\/de\\\/?s={search_term_string}\"},\"query-input\":{\"@type\":\"PropertyValueSpecification\",\"valueRequired\":true,\"valueName\":\"search_term_string\"}}],\"inLanguage\":\"de\"},{\"@type\":\"Organization\",\"@id\":\"https:\\\/\\\/schoenstatt.com\\\/de\\\/#organization\",\"name\":\"Schoenstatt\",\"url\":\"https:\\\/\\\/schoenstatt.com\\\/de\\\/\",\"logo\":{\"@type\":\"ImageObject\",\"inLanguage\":\"de\",\"@id\":\"https:\\\/\\\/schoenstatt.com\\\/de\\\/#\\\/schema\\\/logo\\\/image\\\/\",\"url\":\"https:\\\/\\\/schoenstatt.com\\\/wp-content\\\/uploads\\\/2025\\\/04\\\/logo-schoenstatt-white-696x696-1.png\",\"contentUrl\":\"https:\\\/\\\/schoenstatt.com\\\/wp-content\\\/uploads\\\/2025\\\/04\\\/logo-schoenstatt-white-696x696-1.png\",\"width\":696,\"height\":694,\"caption\":\"Schoenstatt\"},\"image\":{\"@id\":\"https:\\\/\\\/schoenstatt.com\\\/de\\\/#\\\/schema\\\/logo\\\/image\\\/\"}},{\"@type\":\"Person\",\"@id\":\"https:\\\/\\\/schoenstatt.com\\\/de\\\/#\\\/schema\\\/person\\\/5158877ad4acae98b34daaeef2a1ce6e\",\"name\":\"Karen Bueno\",\"image\":{\"@type\":\"ImageObject\",\"inLanguage\":\"de\",\"@id\":\"https:\\\/\\\/secure.gravatar.com\\\/avatar\\\/f9f4b823873154269d2b2130f195f6d41037dd0d7fc5f3cacb5c846bae70d66b?s=96&d=mm&r=g\",\"url\":\"https:\\\/\\\/secure.gravatar.com\\\/avatar\\\/f9f4b823873154269d2b2130f195f6d41037dd0d7fc5f3cacb5c846bae70d66b?s=96&d=mm&r=g\",\"contentUrl\":\"https:\\\/\\\/secure.gravatar.com\\\/avatar\\\/f9f4b823873154269d2b2130f195f6d41037dd0d7fc5f3cacb5c846bae70d66b?s=96&d=mm&r=g\",\"caption\":\"Karen Bueno\"},\"url\":\"https:\\\/\\\/schoenstatt.com\\\/de\\\/author\\\/karen-bueno\\\/\"}]}<\/script>\n<!-- \/ Yoast SEO Premium plugin. -->","yoast_head_json":{"title":"Er\u00f6ffnung des Seligsprechungsprozesses des Dieners Gottes P. Hern\u00e1n Alessandri","description":"Am vergangenen M\u00e4rz, wurde die di\u00f6zesane Phase des Seligsprechungsprozesses f\u00fcr den Diener Gottes, Pater Hern\u00e1n Alessandri, er\u00f6ffnet.","robots":{"index":"index","follow":"follow","max-snippet":"max-snippet:-1","max-image-preview":"max-image-preview:large","max-video-preview":"max-video-preview:-1"},"canonical":"https:\/\/schoenstatt.com\/de\/eroeffnung-des-seligsprechungsprozesses-des-dieners-gottes-p-hernan-alessandri\/","og_locale":"de_DE","og_type":"article","og_title":"Er\u00f6ffnung des Seligsprechungsprozesses des Dieners Gottes P. Hern\u00e1n Alessandri","og_description":"Am vergangenen M\u00e4rz, wurde die di\u00f6zesane Phase des Seligsprechungsprozesses f\u00fcr den Diener Gottes, Pater Hern\u00e1n Alessandri, er\u00f6ffnet.","og_url":"https:\/\/schoenstatt.com\/de\/eroeffnung-des-seligsprechungsprozesses-des-dieners-gottes-p-hernan-alessandri\/","og_site_name":"Schoenstatt","article_published_time":"2023-04-27T12:02:38+00:00","article_modified_time":"2025-05-15T18:38:45+00:00","og_image":[{"width":1024,"height":768,"url":"https:\/\/schoenstatt.com\/wp-content\/uploads\/2023\/04\/P.-Hernan-1-1.jpeg","type":"image\/jpeg"}],"author":"Karen Bueno","twitter_card":"summary_large_image","twitter_misc":{"Verfasst von":"Karen Bueno","Gesch\u00e4tzte Lesezeit":"3\u00a0Minuten"},"schema":{"@context":"https:\/\/schema.org","@graph":[{"@type":"Article","@id":"https:\/\/schoenstatt.com\/de\/eroeffnung-des-seligsprechungsprozesses-des-dieners-gottes-p-hernan-alessandri\/#article","isPartOf":{"@id":"https:\/\/schoenstatt.com\/de\/eroeffnung-des-seligsprechungsprozesses-des-dieners-gottes-p-hernan-alessandri\/"},"author":{"name":"Karen Bueno","@id":"https:\/\/schoenstatt.com\/de\/#\/schema\/person\/5158877ad4acae98b34daaeef2a1ce6e"},"headline":"Er\u00f6ffnung des Seligsprechungsprozesses des Dieners Gottes P. Hern\u00e1n Alessandri","datePublished":"2023-04-27T12:02:38+00:00","dateModified":"2025-05-15T18:38:45+00:00","mainEntityOfPage":{"@id":"https:\/\/schoenstatt.com\/de\/eroeffnung-des-seligsprechungsprozesses-des-dieners-gottes-p-hernan-alessandri\/"},"wordCount":419,"publisher":{"@id":"https:\/\/schoenstatt.com\/de\/#organization"},"image":{"@id":"https:\/\/schoenstatt.com\/de\/eroeffnung-des-seligsprechungsprozesses-des-dieners-gottes-p-hernan-alessandri\/#primaryimage"},"thumbnailUrl":"https:\/\/schoenstatt.com\/wp-content\/uploads\/2023\/04\/P.-Hernan-1-1.jpeg","articleSection":["Schoenstatt Gemeinschaften","Spiritualit\u00e4t"],"inLanguage":"de"},{"@type":"WebPage","@id":"https:\/\/schoenstatt.com\/de\/eroeffnung-des-seligsprechungsprozesses-des-dieners-gottes-p-hernan-alessandri\/","url":"https:\/\/schoenstatt.com\/de\/eroeffnung-des-seligsprechungsprozesses-des-dieners-gottes-p-hernan-alessandri\/","name":"Er\u00f6ffnung des Seligsprechungsprozesses des Dieners Gottes P. Hern\u00e1n Alessandri","isPartOf":{"@id":"https:\/\/schoenstatt.com\/de\/#website"},"primaryImageOfPage":{"@id":"https:\/\/schoenstatt.com\/de\/eroeffnung-des-seligsprechungsprozesses-des-dieners-gottes-p-hernan-alessandri\/#primaryimage"},"image":{"@id":"https:\/\/schoenstatt.com\/de\/eroeffnung-des-seligsprechungsprozesses-des-dieners-gottes-p-hernan-alessandri\/#primaryimage"},"thumbnailUrl":"https:\/\/schoenstatt.com\/wp-content\/uploads\/2023\/04\/P.-Hernan-1-1.jpeg","datePublished":"2023-04-27T12:02:38+00:00","dateModified":"2025-05-15T18:38:45+00:00","description":"Am vergangenen M\u00e4rz, wurde die di\u00f6zesane Phase des Seligsprechungsprozesses f\u00fcr den Diener Gottes, Pater Hern\u00e1n Alessandri, er\u00f6ffnet.","breadcrumb":{"@id":"https:\/\/schoenstatt.com\/de\/eroeffnung-des-seligsprechungsprozesses-des-dieners-gottes-p-hernan-alessandri\/#breadcrumb"},"inLanguage":"de","potentialAction":[{"@type":"ReadAction","target":["https:\/\/schoenstatt.com\/de\/eroeffnung-des-seligsprechungsprozesses-des-dieners-gottes-p-hernan-alessandri\/"]}]},{"@type":"ImageObject","inLanguage":"de","@id":"https:\/\/schoenstatt.com\/de\/eroeffnung-des-seligsprechungsprozesses-des-dieners-gottes-p-hernan-alessandri\/#primaryimage","url":"https:\/\/schoenstatt.com\/wp-content\/uploads\/2023\/04\/P.-Hernan-1-1.jpeg","contentUrl":"https:\/\/schoenstatt.com\/wp-content\/uploads\/2023\/04\/P.-Hernan-1-1.jpeg","width":1024,"height":768,"caption":"Processo de Beatifica\u00e7\u00e3o"},{"@type":"BreadcrumbList","@id":"https:\/\/schoenstatt.com\/de\/eroeffnung-des-seligsprechungsprozesses-des-dieners-gottes-p-hernan-alessandri\/#breadcrumb","itemListElement":[{"@type":"ListItem","position":1,"name":"Portada","item":"https:\/\/schoenstatt.com\/de\/home\/"},{"@type":"ListItem","position":2,"name":"Er\u00f6ffnung des Seligsprechungsprozesses des Dieners Gottes P. Hern\u00e1n Alessandri"}]},{"@type":"WebSite","@id":"https:\/\/schoenstatt.com\/de\/#website","url":"https:\/\/schoenstatt.com\/de\/","name":"Schoenstatt","description":"Apostolic Movement","publisher":{"@id":"https:\/\/schoenstatt.com\/de\/#organization"},"potentialAction":[{"@type":"SearchAction","target":{"@type":"EntryPoint","urlTemplate":"https:\/\/schoenstatt.com\/de\/?s={search_term_string}"},"query-input":{"@type":"PropertyValueSpecification","valueRequired":true,"valueName":"search_term_string"}}],"inLanguage":"de"},{"@type":"Organization","@id":"https:\/\/schoenstatt.com\/de\/#organization","name":"Schoenstatt","url":"https:\/\/schoenstatt.com\/de\/","logo":{"@type":"ImageObject","inLanguage":"de","@id":"https:\/\/schoenstatt.com\/de\/#\/schema\/logo\/image\/","url":"https:\/\/schoenstatt.com\/wp-content\/uploads\/2025\/04\/logo-schoenstatt-white-696x696-1.png","contentUrl":"https:\/\/schoenstatt.com\/wp-content\/uploads\/2025\/04\/logo-schoenstatt-white-696x696-1.png","width":696,"height":694,"caption":"Schoenstatt"},"image":{"@id":"https:\/\/schoenstatt.com\/de\/#\/schema\/logo\/image\/"}},{"@type":"Person","@id":"https:\/\/schoenstatt.com\/de\/#\/schema\/person\/5158877ad4acae98b34daaeef2a1ce6e","name":"Karen Bueno","image":{"@type":"ImageObject","inLanguage":"de","@id":"https:\/\/secure.gravatar.com\/avatar\/f9f4b823873154269d2b2130f195f6d41037dd0d7fc5f3cacb5c846bae70d66b?s=96&d=mm&r=g","url":"https:\/\/secure.gravatar.com\/avatar\/f9f4b823873154269d2b2130f195f6d41037dd0d7fc5f3cacb5c846bae70d66b?s=96&d=mm&r=g","contentUrl":"https:\/\/secure.gravatar.com\/avatar\/f9f4b823873154269d2b2130f195f6d41037dd0d7fc5f3cacb5c846bae70d66b?s=96&d=mm&r=g","caption":"Karen Bueno"},"url":"https:\/\/schoenstatt.com\/de\/author\/karen-bueno\/"}]}},"_links":{"self":[{"href":"https:\/\/schoenstatt.com\/de\/wp-json\/wp\/v2\/posts\/49643","targetHints":{"allow":["GET"]}}],"collection":[{"href":"https:\/\/schoenstatt.com\/de\/wp-json\/wp\/v2\/posts"}],"about":[{"href":"https:\/\/schoenstatt.com\/de\/wp-json\/wp\/v2\/types\/post"}],"author":[{"embeddable":true,"href":"https:\/\/schoenstatt.com\/de\/wp-json\/wp\/v2\/users\/3"}],"replies":[{"embeddable":true,"href":"https:\/\/schoenstatt.com\/de\/wp-json\/wp\/v2\/comments?post=49643"}],"version-history":[{"count":1,"href":"https:\/\/schoenstatt.com\/de\/wp-json\/wp\/v2\/posts\/49643\/revisions"}],"predecessor-version":[{"id":49753,"href":"https:\/\/schoenstatt.com\/de\/wp-json\/wp\/v2\/posts\/49643\/revisions\/49753"}],"wp:featuredmedia":[{"embeddable":true,"href":"https:\/\/schoenstatt.com\/de\/wp-json\/wp\/v2\/media\/30110"}],"wp:attachment":[{"href":"https:\/\/schoenstatt.com\/de\/wp-json\/wp\/v2\/media?parent=49643"}],"wp:term":[{"taxonomy":"category","embeddable":true,"href":"https:\/\/schoenstatt.com\/de\/wp-json\/wp\/v2\/categories?post=49643"},{"taxonomy":"post_tag","embeddable":true,"href":"https:\/\/schoenstatt.com\/de\/wp-json\/wp\/v2\/tags?post=49643"}],"curies":[{"name":"wp","href":"https:\/\/api.w.org\/{rel}","templated":true}]}}